{"id":184332,"date":"2014-09-06T21:47:00","date_gmt":"2014-09-06T19:47:00","guid":{"rendered":"https:\/\/www.webdo.tn\/fr\/actualite\/international\/pret-300-millions-deuros-lunion-europeenne-tunisie\/184332"},"modified":"2014-09-06T21:47:00","modified_gmt":"2014-09-06T19:47:00","slug":"pret-300-millions-deuros-lunion-europeenne-tunisie","status":"publish","type":"post","link":"https:\/\/www.webdo.tn\/fr\/actualite\/international\/pret-300-millions-deuros-lunion-europeenne-tunisie\/184332\/","title":{"rendered":"Un pr\u00eat de 300 millions d\u2019euros de l&rsquo;Union europ\u00e9enne \u00e0 la Tunisie : Les d\u00e9tails"},"content":{"rendered":"<p>\u00ab\u00a0L&rsquo;Union europ\u00e9enne (UE) et les autorit\u00e9s tunisiennes ont finalis\u00e9 [le mercredi 3 septembre] la signature de la Convention de pr\u00eat et du M\u00e9morandum d&rsquo;entente pour une assistance macro-financi\u00e8re \u00e0 la Tunisie (AMF) d&rsquo;un montant total de 300 millionsd&rsquo;euros\u00a0\u00bb, d&rsquo;apr\u00e8s un communiqu\u00e9 de l&rsquo;UE.<br \/>\n\u00ab\u00a0Les documents ont \u00e9t\u00e9 sign\u00e9s au nom de la R\u00e9publique de Tunisie par le ministre tunisien des Finances, M. Hakim Ben Hammouda, et par le gouverneur de la Banque Centrale de Tunisie, le Dr Chadly Ayari, et devront \u00eatre ratifi\u00e9es par le Parlement.\u00a0\u00bb<br \/>\nLe pr\u00eat\u00a0\u00e0 moyen terme sera d\u00e9bours\u00e9 en 2014 et 2015 en trois tranches, chacune de \u00a0100 millions d&rsquo;euros. \u00ab\u00a0L&rsquo;argent est ensuite pr\u00eat\u00e9 \u00e0 des conditions financi\u00e8res similaires au pays b\u00e9n\u00e9ficiaire\u00a0\u00bb, pr\u00e9cise-t-on dans le communiqu\u00e9<\/p>\n<p>Propos\u00e9s par la Commission europ\u00e9enne le 5 d\u00e9cembre 2013, les termes du\u00a0pr\u00eat ont \u00e9t\u00e9 adopt\u00e9s par le Parlement europ\u00e9en et le Conseil le 15 mai 2014.<\/p>\n<p>La Tunisie devra ainsi engager \u00ab\u00a0un programme d&rsquo;action comportant des mesures fortes d&rsquo;ajustement et de r\u00e9forme structurelle\u00a0\u00bb sous peine \u00ab\u00a0de voir le pr\u00eat annul\u00e9\u00a0\u00bb, rapporte le HuffPostMaghreb\u00a0en avril dernier ajoutant que\u00a0\u00ab\u00a0la Tunisie a d\u00e9j\u00e0 rembours\u00e9 \u00e0 ses cr\u00e9anciers 2,5 milliards d&rsquo;euros de plus que le capital pr\u00eat\u00e9; et 85% des emprunts contract\u00e9s par la Tunisie depuis la R\u00e9volution ont servi au remboursement de la dette\u00a0\u00bb.<\/p>\n<p>Sur la page du minist\u00e8re des Affaires \u00e9trang\u00e8res tunisien, le m\u00eame jour, la Tunisie annon\u00e7ait \u00ab\u00a0une promesse pour un pr\u00eat de 500 millions de dollars\u00a0\u00bb, sans mentionner la signature avec l&rsquo;UE.<\/p>\n","protected":false},"excerpt":{"rendered":"<p>\u00ab\u00a0L&rsquo;Union europ\u00e9enne (UE) et les autorit\u00e9s tunisiennes ont finalis\u00e9 [le mercredi 3 septembre] la signature de la Convention de pr\u00eat et du M\u00e9morandum d&rsquo;<\/p>\n","protected":false},"author":3222,"featured_media":373550,"comment_status":"open","ping_status":"open","sticky":false,"template":"","format":"standard","meta":{"footnotes":""},"categories":[2598],"tags":[],"class_list":["post-184332","post","type-post","status-publish","format-standard","has-post-thumbnail","hentry","category-international"],"yoast_head":"<!-- This site is optimized with the Yoast SEO Premium plugin v27.5 (Yoast SEO v27.5) - https:\/\/yoast.com\/product\/yoast-seo-premium-wordpress\/ -->\n<title>Un pr\u00eat de 300 millions d\u2019euros de l&#039;Union europ\u00e9enne \u00e0 la Tunisie : Les d\u00e9tails<\/title>\n<meta name=\"description\" content=\"Un pr\u00eat de 300 millions d\u2019euros de l&#039;Union europ\u00e9enne \u00e0 la Tunisie : Les d\u00e9tails\" \/>\n<link rel=\"canonical\" href=\"https:\/\/www.webdo.tn\/fr\/actualite\/international\/pret-300-millions-deuros-lunion-europeenne-tunisie\/184332\/\" \/>\n<meta property=\"og:locale\" content=\"fr_FR\" \/>\n<meta property=\"og:type\" content=\"article\" \/>\n<meta property=\"og:title\" content=\"Un pr\u00eat de 300 millions d\u2019euros de l&#039;Union europ\u00e9enne \u00e0 la Tunisie : Les d\u00e9tails\" \/>\n<meta property=\"og:description\" content=\"Un pr\u00eat de 300 millions d\u2019euros de l&#039;Union europ\u00e9enne \u00e0 la Tunisie : Les d\u00e9tails\" \/>\n<meta property=\"og:url\" content=\"https:\/\/www.webdo.tn\/fr\/actualite\/international\/pret-300-millions-deuros-lunion-europeenne-tunisie\/184332\/\" \/>\n<meta property=\"og:site_name\" content=\"webdo\" \/>\n<meta property=\"article:publisher\" content=\"https:\/\/www.facebook.com\/webdotn\" \/>\n<meta property=\"article:published_time\" content=\"2014-09-06T19:47:00+00:00\" \/>\n<meta name=\"author\" content=\"webdo.tn\" \/>\n<meta name=\"twitter:card\" content=\"summary_large_image\" \/>\n<meta name=\"twitter:creator\" content=\"@webdo_tn\" \/>\n<meta name=\"twitter:site\" content=\"@webdo_tn\" \/>\n<meta name=\"twitter:label1\" content=\"\u00c9crit par\" \/>\n\t<meta name=\"twitter:data1\" content=\"webdo.tn\" \/>\n\t<meta name=\"twitter:label2\" content=\"Dur\u00e9e de lecture estim\u00e9e\" \/>\n\t<meta name=\"twitter:data2\" content=\"1 minute\" \/>\n<script type=\"application\/ld+json\" class=\"yoast-schema-graph\">{\"@context\":\"https:\\\/\\\/schema.org\",\"@graph\":[{\"@type\":\"NewsArticle\",\"@id\":\"https:\\\/\\\/www.webdo.tn\\\/fr\\\/actualite\\\/international\\\/pret-300-millions-deuros-lunion-europeenne-tunisie\\\/184332\\\/#article\",\"isPartOf\":{\"@id\":\"https:\\\/\\\/www.webdo.tn\\\/fr\\\/actualite\\\/international\\\/pret-300-millions-deuros-lunion-europeenne-tunisie\\\/184332\\\/\"},\"author\":{\"name\":\"webdo.tn\",\"@id\":\"https:\\\/\\\/www.webdo.tn\\\/fr\\\/#\\\/schema\\\/person\\\/9a9c6118d687c117df8ef3cc36a4d175\"},\"headline\":\"Un pr\u00eat de 300 millions d\u2019euros de l&rsquo;Union europ\u00e9enne \u00e0 la Tunisie : Les d\u00e9tails\",\"datePublished\":\"2014-09-06T19:47:00+00:00\",\"mainEntityOfPage\":{\"@id\":\"https:\\\/\\\/www.webdo.tn\\\/fr\\\/actualite\\\/international\\\/pret-300-millions-deuros-lunion-europeenne-tunisie\\\/184332\\\/\"},\"wordCount\":293,\"commentCount\":0,\"publisher\":{\"@id\":\"https:\\\/\\\/www.webdo.tn\\\/fr\\\/#organization\"},\"image\":{\"@id\":\"https:\\\/\\\/www.webdo.tn\\\/fr\\\/actualite\\\/international\\\/pret-300-millions-deuros-lunion-europeenne-tunisie\\\/184332\\\/#primaryimage\"},\"thumbnailUrl\":\"https:\\\/\\\/www.webdo.tn\\\/fr\\\/wp-content\\\/uploads\\\/2025\\\/06\\\/Tunisie-UE_184332.jpg\",\"articleSection\":[\"International\"],\"inLanguage\":\"fr-FR\"},{\"@type\":\"WebPage\",\"@id\":\"https:\\\/\\\/www.webdo.tn\\\/fr\\\/actualite\\\/international\\\/pret-300-millions-deuros-lunion-europeenne-tunisie\\\/184332\\\/\",\"url\":\"https:\\\/\\\/www.webdo.tn\\\/fr\\\/actualite\\\/international\\\/pret-300-millions-deuros-lunion-europeenne-tunisie\\\/184332\\\/\",\"name\":\"Un pr\u00eat de 300 millions d\u2019euros de l'Union europ\u00e9enne \u00e0 la Tunisie : Les d\u00e9tails\",\"isPartOf\":{\"@id\":\"https:\\\/\\\/www.webdo.tn\\\/fr\\\/#website\"},\"primaryImageOfPage\":{\"@id\":\"https:\\\/\\\/www.webdo.tn\\\/fr\\\/actualite\\\/international\\\/pret-300-millions-deuros-lunion-europeenne-tunisie\\\/184332\\\/#primaryimage\"},\"image\":{\"@id\":\"https:\\\/\\\/www.webdo.tn\\\/fr\\\/actualite\\\/international\\\/pret-300-millions-deuros-lunion-europeenne-tunisie\\\/184332\\\/#primaryimage\"},\"thumbnailUrl\":\"https:\\\/\\\/www.webdo.tn\\\/fr\\\/wp-content\\\/uploads\\\/2025\\\/06\\\/Tunisie-UE_184332.jpg\",\"datePublished\":\"2014-09-06T19:47:00+00:00\",\"description\":\"Un pr\u00eat de 300 millions d\u2019euros de l'Union europ\u00e9enne \u00e0 la Tunisie : Les d\u00e9tails\",\"breadcrumb\":{\"@id\":\"https:\\\/\\\/www.webdo.tn\\\/fr\\\/actualite\\\/international\\\/pret-300-millions-deuros-lunion-europeenne-tunisie\\\/184332\\\/#breadcrumb\"},\"inLanguage\":\"fr-FR\",\"potentialAction\":[{\"@type\":\"ReadAction\",\"target\":[\"https:\\\/\\\/www.webdo.tn\\\/fr\\\/actualite\\\/international\\\/pret-300-millions-deuros-lunion-europeenne-tunisie\\\/184332\\\/\"]}]},{\"@type\":\"ImageObject\",\"inLanguage\":\"fr-FR\",\"@id\":\"https:\\\/\\\/www.webdo.tn\\\/fr\\\/actualite\\\/international\\\/pret-300-millions-deuros-lunion-europeenne-tunisie\\\/184332\\\/#primaryimage\",\"url\":\"https:\\\/\\\/www.webdo.tn\\\/fr\\\/wp-content\\\/uploads\\\/2025\\\/06\\\/Tunisie-UE_184332.jpg\",\"contentUrl\":\"https:\\\/\\\/www.webdo.tn\\\/fr\\\/wp-content\\\/uploads\\\/2025\\\/06\\\/Tunisie-UE_184332.jpg\",\"width\":500,\"height\":200,\"caption\":\"Un pr\u00eat de 300 millions d\u2019euros de l'Union europ\u00e9enne \u00e0 la Tunisie : Les d\u00e9tails\"},{\"@type\":\"BreadcrumbList\",\"@id\":\"https:\\\/\\\/www.webdo.tn\\\/fr\\\/actualite\\\/international\\\/pret-300-millions-deuros-lunion-europeenne-tunisie\\\/184332\\\/#breadcrumb\",\"itemListElement\":[{\"@type\":\"ListItem\",\"position\":1,\"name\":\"Accueil\",\"item\":\"https:\\\/\\\/www.webdo.tn\\\/fr\\\/\"},{\"@type\":\"ListItem\",\"position\":2,\"name\":\"Un pr\u00eat de 300 millions d\u2019euros de l&rsquo;Union europ\u00e9enne \u00e0 la Tunisie : Les d\u00e9tails\"}]},{\"@type\":\"WebSite\",\"@id\":\"https:\\\/\\\/www.webdo.tn\\\/fr\\\/#website\",\"url\":\"https:\\\/\\\/www.webdo.tn\\\/fr\\\/\",\"name\":\"webdo\",\"description\":\"Tunisie - News en Tunisie et \u00e0 l&#039;international sur Webdo.tn\",\"publisher\":{\"@id\":\"https:\\\/\\\/www.webdo.tn\\\/fr\\\/#organization\"},\"potentialAction\":[{\"@type\":\"SearchAction\",\"target\":{\"@type\":\"EntryPoint\",\"urlTemplate\":\"https:\\\/\\\/www.webdo.tn\\\/fr\\\/?s={search_term_string}\"},\"query-input\":{\"@type\":\"PropertyValueSpecification\",\"valueRequired\":true,\"valueName\":\"search_term_string\"}}],\"inLanguage\":\"fr-FR\"},{\"@type\":\"Organization\",\"@id\":\"https:\\\/\\\/www.webdo.tn\\\/fr\\\/#organization\",\"name\":\"Webdo\",\"alternateName\":\"Webdo.tn\",\"url\":\"https:\\\/\\\/www.webdo.tn\\\/fr\\\/\",\"logo\":{\"@type\":\"ImageObject\",\"inLanguage\":\"fr-FR\",\"@id\":\"https:\\\/\\\/www.webdo.tn\\\/fr\\\/#\\\/schema\\\/logo\\\/image\\\/\",\"url\":\"https:\\\/\\\/www.webdo.tn\\\/fr\\\/wp-content\\\/uploads\\\/2025\\\/06\\\/Webdo-Tunisie_168377.jpg\",\"contentUrl\":\"https:\\\/\\\/www.webdo.tn\\\/fr\\\/wp-content\\\/uploads\\\/2025\\\/06\\\/Webdo-Tunisie_168377.jpg\",\"width\":301,\"height\":301,\"caption\":\"Webdo\"},\"image\":{\"@id\":\"https:\\\/\\\/www.webdo.tn\\\/fr\\\/#\\\/schema\\\/logo\\\/image\\\/\"},\"sameAs\":[\"https:\\\/\\\/www.facebook.com\\\/webdotn\",\"https:\\\/\\\/x.com\\\/webdo_tn\"],\"description\":\"Webdo est un m\u00e9dia num\u00e9rique tunisien fond\u00e9 en 2010, sp\u00e9cialis\u00e9 dans l\u2019actualit\u00e9 nationale et internationale, l\u2019\u00e9conomie, la soci\u00e9t\u00e9 et les analyses politiques. Le site s\u2019adresse \u00e0 un large public francophone et couvre l\u2019information tunisienne en temps r\u00e9el.\",\"email\":\"redac@webdo.tn\",\"legalName\":\"YNJ SARL\",\"foundingDate\":\"2010-09-06\",\"numberOfEmployees\":{\"@type\":\"QuantitativeValue\",\"minValue\":\"11\",\"maxValue\":\"50\"}},{\"@type\":\"Person\",\"@id\":\"https:\\\/\\\/www.webdo.tn\\\/fr\\\/#\\\/schema\\\/person\\\/9a9c6118d687c117df8ef3cc36a4d175\",\"name\":\"webdo.tn\",\"image\":{\"@type\":\"ImageObject\",\"inLanguage\":\"fr-FR\",\"@id\":\"https:\\\/\\\/secure.gravatar.com\\\/avatar\\\/7ce1f28c0c3bbac99ff550b85ef8e44a6950c6ee24514fb6a5489e51d06f0298?s=96&d=mm&r=g\",\"url\":\"https:\\\/\\\/secure.gravatar.com\\\/avatar\\\/7ce1f28c0c3bbac99ff550b85ef8e44a6950c6ee24514fb6a5489e51d06f0298?s=96&d=mm&r=g\",\"contentUrl\":\"https:\\\/\\\/secure.gravatar.com\\\/avatar\\\/7ce1f28c0c3bbac99ff550b85ef8e44a6950c6ee24514fb6a5489e51d06f0298?s=96&d=mm&r=g\",\"caption\":\"webdo.tn\"},\"url\":\"https:\\\/\\\/www.webdo.tn\\\/fr\\\/actualite\\\/author\\\/webdotn\\\/\"}]}<\/script>\n<!-- \/ Yoast SEO Premium plugin. -->","yoast_head_json":{"title":"Un pr\u00eat de 300 millions d\u2019euros de l'Union europ\u00e9enne \u00e0 la Tunisie : Les d\u00e9tails","description":"Un pr\u00eat de 300 millions d\u2019euros de l'Union europ\u00e9enne \u00e0 la Tunisie : Les d\u00e9tails","canonical":"https:\/\/www.webdo.tn\/fr\/actualite\/international\/pret-300-millions-deuros-lunion-europeenne-tunisie\/184332\/","og_locale":"fr_FR","og_type":"article","og_title":"Un pr\u00eat de 300 millions d\u2019euros de l'Union europ\u00e9enne \u00e0 la Tunisie : Les d\u00e9tails","og_description":"Un pr\u00eat de 300 millions d\u2019euros de l'Union europ\u00e9enne \u00e0 la Tunisie : Les d\u00e9tails","og_url":"https:\/\/www.webdo.tn\/fr\/actualite\/international\/pret-300-millions-deuros-lunion-europeenne-tunisie\/184332\/","og_site_name":"webdo","article_publisher":"https:\/\/www.facebook.com\/webdotn","article_published_time":"2014-09-06T19:47:00+00:00","author":"webdo.tn","twitter_card":"summary_large_image","twitter_creator":"@webdo_tn","twitter_site":"@webdo_tn","twitter_misc":{"\u00c9crit par":"webdo.tn","Dur\u00e9e de lecture estim\u00e9e":"1 minute"},"schema":{"@context":"https:\/\/schema.org","@graph":[{"@type":"NewsArticle","@id":"https:\/\/www.webdo.tn\/fr\/actualite\/international\/pret-300-millions-deuros-lunion-europeenne-tunisie\/184332\/#article","isPartOf":{"@id":"https:\/\/www.webdo.tn\/fr\/actualite\/international\/pret-300-millions-deuros-lunion-europeenne-tunisie\/184332\/"},"author":{"name":"webdo.tn","@id":"https:\/\/www.webdo.tn\/fr\/#\/schema\/person\/9a9c6118d687c117df8ef3cc36a4d175"},"headline":"Un pr\u00eat de 300 millions d\u2019euros de l&rsquo;Union europ\u00e9enne \u00e0 la Tunisie : Les d\u00e9tails","datePublished":"2014-09-06T19:47:00+00:00","mainEntityOfPage":{"@id":"https:\/\/www.webdo.tn\/fr\/actualite\/international\/pret-300-millions-deuros-lunion-europeenne-tunisie\/184332\/"},"wordCount":293,"commentCount":0,"publisher":{"@id":"https:\/\/www.webdo.tn\/fr\/#organization"},"image":{"@id":"https:\/\/www.webdo.tn\/fr\/actualite\/international\/pret-300-millions-deuros-lunion-europeenne-tunisie\/184332\/#primaryimage"},"thumbnailUrl":"https:\/\/www.webdo.tn\/fr\/wp-content\/uploads\/2025\/06\/Tunisie-UE_184332.jpg","articleSection":["International"],"inLanguage":"fr-FR"},{"@type":"WebPage","@id":"https:\/\/www.webdo.tn\/fr\/actualite\/international\/pret-300-millions-deuros-lunion-europeenne-tunisie\/184332\/","url":"https:\/\/www.webdo.tn\/fr\/actualite\/international\/pret-300-millions-deuros-lunion-europeenne-tunisie\/184332\/","name":"Un pr\u00eat de 300 millions d\u2019euros de l'Union europ\u00e9enne \u00e0 la Tunisie : Les d\u00e9tails","isPartOf":{"@id":"https:\/\/www.webdo.tn\/fr\/#website"},"primaryImageOfPage":{"@id":"https:\/\/www.webdo.tn\/fr\/actualite\/international\/pret-300-millions-deuros-lunion-europeenne-tunisie\/184332\/#primaryimage"},"image":{"@id":"https:\/\/www.webdo.tn\/fr\/actualite\/international\/pret-300-millions-deuros-lunion-europeenne-tunisie\/184332\/#primaryimage"},"thumbnailUrl":"https:\/\/www.webdo.tn\/fr\/wp-content\/uploads\/2025\/06\/Tunisie-UE_184332.jpg","datePublished":"2014-09-06T19:47:00+00:00","description":"Un pr\u00eat de 300 millions d\u2019euros de l'Union europ\u00e9enne \u00e0 la Tunisie : Les d\u00e9tails","breadcrumb":{"@id":"https:\/\/www.webdo.tn\/fr\/actualite\/international\/pret-300-millions-deuros-lunion-europeenne-tunisie\/184332\/#breadcrumb"},"inLanguage":"fr-FR","potentialAction":[{"@type":"ReadAction","target":["https:\/\/www.webdo.tn\/fr\/actualite\/international\/pret-300-millions-deuros-lunion-europeenne-tunisie\/184332\/"]}]},{"@type":"ImageObject","inLanguage":"fr-FR","@id":"https:\/\/www.webdo.tn\/fr\/actualite\/international\/pret-300-millions-deuros-lunion-europeenne-tunisie\/184332\/#primaryimage","url":"https:\/\/www.webdo.tn\/fr\/wp-content\/uploads\/2025\/06\/Tunisie-UE_184332.jpg","contentUrl":"https:\/\/www.webdo.tn\/fr\/wp-content\/uploads\/2025\/06\/Tunisie-UE_184332.jpg","width":500,"height":200,"caption":"Un pr\u00eat de 300 millions d\u2019euros de l'Union europ\u00e9enne \u00e0 la Tunisie : Les d\u00e9tails"},{"@type":"BreadcrumbList","@id":"https:\/\/www.webdo.tn\/fr\/actualite\/international\/pret-300-millions-deuros-lunion-europeenne-tunisie\/184332\/#breadcrumb","itemListElement":[{"@type":"ListItem","position":1,"name":"Accueil","item":"https:\/\/www.webdo.tn\/fr\/"},{"@type":"ListItem","position":2,"name":"Un pr\u00eat de 300 millions d\u2019euros de l&rsquo;Union europ\u00e9enne \u00e0 la Tunisie : Les d\u00e9tails"}]},{"@type":"WebSite","@id":"https:\/\/www.webdo.tn\/fr\/#website","url":"https:\/\/www.webdo.tn\/fr\/","name":"webdo","description":"Tunisie - News en Tunisie et \u00e0 l&#039;international sur Webdo.tn","publisher":{"@id":"https:\/\/www.webdo.tn\/fr\/#organization"},"potentialAction":[{"@type":"SearchAction","target":{"@type":"EntryPoint","urlTemplate":"https:\/\/www.webdo.tn\/fr\/?s={search_term_string}"},"query-input":{"@type":"PropertyValueSpecification","valueRequired":true,"valueName":"search_term_string"}}],"inLanguage":"fr-FR"},{"@type":"Organization","@id":"https:\/\/www.webdo.tn\/fr\/#organization","name":"Webdo","alternateName":"Webdo.tn","url":"https:\/\/www.webdo.tn\/fr\/","logo":{"@type":"ImageObject","inLanguage":"fr-FR","@id":"https:\/\/www.webdo.tn\/fr\/#\/schema\/logo\/image\/","url":"https:\/\/www.webdo.tn\/fr\/wp-content\/uploads\/2025\/06\/Webdo-Tunisie_168377.jpg","contentUrl":"https:\/\/www.webdo.tn\/fr\/wp-content\/uploads\/2025\/06\/Webdo-Tunisie_168377.jpg","width":301,"height":301,"caption":"Webdo"},"image":{"@id":"https:\/\/www.webdo.tn\/fr\/#\/schema\/logo\/image\/"},"sameAs":["https:\/\/www.facebook.com\/webdotn","https:\/\/x.com\/webdo_tn"],"description":"Webdo est un m\u00e9dia num\u00e9rique tunisien fond\u00e9 en 2010, sp\u00e9cialis\u00e9 dans l\u2019actualit\u00e9 nationale et internationale, l\u2019\u00e9conomie, la soci\u00e9t\u00e9 et les analyses politiques. Le site s\u2019adresse \u00e0 un large public francophone et couvre l\u2019information tunisienne en temps r\u00e9el.","email":"redac@webdo.tn","legalName":"YNJ SARL","foundingDate":"2010-09-06","numberOfEmployees":{"@type":"QuantitativeValue","minValue":"11","maxValue":"50"}},{"@type":"Person","@id":"https:\/\/www.webdo.tn\/fr\/#\/schema\/person\/9a9c6118d687c117df8ef3cc36a4d175","name":"webdo.tn","image":{"@type":"ImageObject","inLanguage":"fr-FR","@id":"https:\/\/secure.gravatar.com\/avatar\/7ce1f28c0c3bbac99ff550b85ef8e44a6950c6ee24514fb6a5489e51d06f0298?s=96&d=mm&r=g","url":"https:\/\/secure.gravatar.com\/avatar\/7ce1f28c0c3bbac99ff550b85ef8e44a6950c6ee24514fb6a5489e51d06f0298?s=96&d=mm&r=g","contentUrl":"https:\/\/secure.gravatar.com\/avatar\/7ce1f28c0c3bbac99ff550b85ef8e44a6950c6ee24514fb6a5489e51d06f0298?s=96&d=mm&r=g","caption":"webdo.tn"},"url":"https:\/\/www.webdo.tn\/fr\/actualite\/author\/webdotn\/"}]}},"_links":{"self":[{"href":"https:\/\/www.webdo.tn\/fr\/wp-json\/wp\/v2\/posts\/184332","targetHints":{"allow":["GET"]}}],"collection":[{"href":"https:\/\/www.webdo.tn\/fr\/wp-json\/wp\/v2\/posts"}],"about":[{"href":"https:\/\/www.webdo.tn\/fr\/wp-json\/wp\/v2\/types\/post"}],"author":[{"embeddable":true,"href":"https:\/\/www.webdo.tn\/fr\/wp-json\/wp\/v2\/users\/3222"}],"replies":[{"embeddable":true,"href":"https:\/\/www.webdo.tn\/fr\/wp-json\/wp\/v2\/comments?post=184332"}],"version-history":[{"count":0,"href":"https:\/\/www.webdo.tn\/fr\/wp-json\/wp\/v2\/posts\/184332\/revisions"}],"wp:featuredmedia":[{"embeddable":true,"href":"https:\/\/www.webdo.tn\/fr\/wp-json\/wp\/v2\/media\/373550"}],"wp:attachment":[{"href":"https:\/\/www.webdo.tn\/fr\/wp-json\/wp\/v2\/media?parent=184332"}],"wp:term":[{"taxonomy":"category","embeddable":true,"href":"https:\/\/www.webdo.tn\/fr\/wp-json\/wp\/v2\/categories?post=184332"},{"taxonomy":"post_tag","embeddable":true,"href":"https:\/\/www.webdo.tn\/fr\/wp-json\/wp\/v2\/tags?post=184332"}],"curies":[{"name":"wp","href":"https:\/\/api.w.org\/{rel}","templated":true}]}}