{"id":184331,"date":"2014-09-08T16:40:00","date_gmt":"2014-09-08T16:40:00","guid":{"rendered":"https:\/\/www.webdo.tn\/fr\/blog\/ligue-arabe-appelle-ses-pays-membres-combattre-leiil\/184331\/"},"modified":"2025-05-22T13:05:15","modified_gmt":"2025-05-22T13:05:15","slug":"ligue-arabe-appelle-ses-pays-membres-combattre-leiil","status":"publish","type":"post","link":"https:\/\/www.webdo.tn\/fr\/actualite\/international\/ligue-arabe-appelle-ses-pays-membres-combattre-leiil\/184331\/","title":{"rendered":"La Ligue Arabe appelle ses pays membres \u00e0 combattre l\u2019EIIL"},"content":{"rendered":"<p>Nabil Al-Arabi, le Secr\u00e9taire g\u00e9n\u00e9ral de la Ligue Arabe, a annonc\u00e9, ce dimanche 7 septembre, que les pays arabes sont parvenus \u00e0 un accord pour affronter les djihadistes de l&rsquo;Etat Islamique en Irak et au Levant (EIIL) qui s\u00e9vissent en Irak et en Syrie.\u00ab Les ministres des Affaires \u00e9trang\u00e8res des pays arabes se sont mis d&rsquo;accord pour prendre les mesures n\u00e9cessaires pour affronter les groupes terroristes, y compris \u00bb l&rsquo;Etat islamique, a d\u00e9clar\u00e9 Al-Arabi lors d&rsquo;une conf\u00e9rence de presse \u00e0 l&rsquo;issue d&rsquo;une r\u00e9union minist\u00e9rielle de la Ligue.<\/p>\n<p>Mesures pour combattre le terrorisme au niveau politique, s\u00e9curitaire et id\u00e9ologique<\/p>\n<p>Selon le texte final de la session de la Ligue Arabe, les pays membres ont convenu de \u00ab prendre toutes les mesures pour combattre le terrorisme au niveau politique, s\u00e9curitaire et id\u00e9ologique \u00bb. Le texte ne fait aucune r\u00e9f\u00e9rence au projet de coalition internationale initi\u00e9 par les Etats-Unis pour lutter contre l&rsquo;Etat islamique.<\/p>\n<p>Nabil Al-Arabi a m\u00eame appel\u00e9, \u00e0 l\u2019ouverture de la session, les pays arabes \u00e0 faire face militairement aux djihadistes de l&rsquo;EIIL.<\/p>\n<p>\u00ab\u00a0Ces groupes terroristes sont des cr\u00e9ations coloniales qui servent le sionisme\u00a0\u00bb<\/p>\n<p>Ahmed al-Tayeb, cheikh d&rsquo;Al-Azhar en Egypte, l&rsquo;une des plus prestigieuses institutions de l&rsquo;islam sunnite, a \u00e9galement condamn\u00e9, ce lundi 8 septembre, les djihadistes de l\u2019EIIL. \u00ab Ces criminels souillent l&rsquo;image de l&rsquo;Islam et des musulmans dans le monde de mani\u00e8re alarmante \u00bb, rapporte l\u2019AFP. \u00ab\u00a0Ces groupes terroristes, ainsi que leurs soutiens, sont des cr\u00e9ations coloniales qui servent le sionisme dans son complot visant \u00e0 d\u00e9truire le monde arabe\u00a0\u00bb, a-t-il ajout\u00e9.<\/p>\n<p>Ces d\u00e9clarations surviennent apr\u00e8s celles du grand mufti d&rsquo;Arabie Saoudite, Cheikh Abdel Aziz Al-Cheikh, qui a appel\u00e9 lui aussi, ce dimanche 7 septembre, les musulmans \u00e0 combattre l\u2019EIIL qu&rsquo;il qualifie \u00ab d&rsquo;agressif et oppressif \u00bb.<\/p>\n","protected":false},"excerpt":{"rendered":"<p>La Ligue Arabe appelle ses pays membres \u00e0 combattre l\u2019EIIL<\/p>\n","protected":false},"author":3222,"featured_media":331504,"comment_status":"open","ping_status":"closed","sticky":false,"template":"","format":"standard","meta":{"footnotes":""},"categories":[2598],"tags":[],"class_list":["post-184331","post","type-post","status-publish","format-standard","has-post-thumbnail","hentry","category-international"],"yoast_head":"<!-- This site is optimized with the Yoast SEO Premium plugin v27.5 (Yoast SEO v27.5) - https:\/\/yoast.com\/product\/yoast-seo-premium-wordpress\/ -->\n<title>La Ligue Arabe appelle ses pays membres \u00e0 combattre l\u2019EIIL<\/title>\n<meta name=\"description\" content=\"La Ligue Arabe appelle ses pays membres \u00e0 combattre l\u2019EIIL\" \/>\n<link rel=\"canonical\" href=\"https:\/\/www.webdo.tn\/fr\/actualite\/international\/ligue-arabe-appelle-ses-pays-membres-combattre-leiil\/184331\/\" \/>\n<meta property=\"og:locale\" content=\"fr_FR\" \/>\n<meta property=\"og:type\" content=\"article\" \/>\n<meta property=\"og:title\" content=\"La Ligue Arabe appelle ses pays membres \u00e0 combattre l\u2019EIIL\" \/>\n<meta property=\"og:description\" content=\"La Ligue Arabe appelle ses pays membres \u00e0 combattre l\u2019EIIL\" \/>\n<meta property=\"og:url\" content=\"https:\/\/www.webdo.tn\/fr\/actualite\/international\/ligue-arabe-appelle-ses-pays-membres-combattre-leiil\/184331\/\" \/>\n<meta property=\"og:site_name\" content=\"webdo\" \/>\n<meta property=\"article:publisher\" content=\"https:\/\/www.facebook.com\/webdotn\" \/>\n<meta property=\"article:published_time\" content=\"2014-09-08T16:40:00+00:00\" \/>\n<meta property=\"article:modified_time\" content=\"2025-05-22T13:05:15+00:00\" \/>\n<meta property=\"og:image\" content=\"https:\/\/www.webdo.tn\/fr\/wp-content\/uploads\/2014\/09\/Ligue-Arabe-EIIL-07-09-2014-credit-photo-AP.jpg\" \/>\n\t<meta property=\"og:image:width\" content=\"534\" \/>\n\t<meta property=\"og:image:height\" content=\"267\" \/>\n\t<meta property=\"og:image:type\" content=\"image\/jpeg\" \/>\n<meta name=\"author\" content=\"webdo.tn\" \/>\n<meta name=\"twitter:card\" content=\"summary_large_image\" \/>\n<meta name=\"twitter:creator\" content=\"@webdo_tn\" \/>\n<meta name=\"twitter:site\" content=\"@webdo_tn\" \/>\n<meta name=\"twitter:label1\" content=\"\u00c9crit par\" \/>\n\t<meta name=\"twitter:data1\" content=\"webdo.tn\" \/>\n\t<meta name=\"twitter:label2\" content=\"Dur\u00e9e de lecture estim\u00e9e\" \/>\n\t<meta name=\"twitter:data2\" content=\"1 minute\" \/>\n<script type=\"application\/ld+json\" class=\"yoast-schema-graph\">{\"@context\":\"https:\\\/\\\/schema.org\",\"@graph\":[{\"@type\":\"NewsArticle\",\"@id\":\"https:\\\/\\\/www.webdo.tn\\\/fr\\\/actualite\\\/international\\\/ligue-arabe-appelle-ses-pays-membres-combattre-leiil\\\/184331\\\/#article\",\"isPartOf\":{\"@id\":\"https:\\\/\\\/www.webdo.tn\\\/fr\\\/actualite\\\/international\\\/ligue-arabe-appelle-ses-pays-membres-combattre-leiil\\\/184331\\\/\"},\"author\":{\"name\":\"webdo.tn\",\"@id\":\"https:\\\/\\\/www.webdo.tn\\\/fr\\\/#\\\/schema\\\/person\\\/9a9c6118d687c117df8ef3cc36a4d175\"},\"headline\":\"La Ligue Arabe appelle ses pays membres \u00e0 combattre l\u2019EIIL\",\"datePublished\":\"2014-09-08T16:40:00+00:00\",\"dateModified\":\"2025-05-22T13:05:15+00:00\",\"mainEntityOfPage\":{\"@id\":\"https:\\\/\\\/www.webdo.tn\\\/fr\\\/actualite\\\/international\\\/ligue-arabe-appelle-ses-pays-membres-combattre-leiil\\\/184331\\\/\"},\"wordCount\":325,\"commentCount\":0,\"publisher\":{\"@id\":\"https:\\\/\\\/www.webdo.tn\\\/fr\\\/#organization\"},\"image\":{\"@id\":\"https:\\\/\\\/www.webdo.tn\\\/fr\\\/actualite\\\/international\\\/ligue-arabe-appelle-ses-pays-membres-combattre-leiil\\\/184331\\\/#primaryimage\"},\"thumbnailUrl\":\"https:\\\/\\\/www.webdo.tn\\\/fr\\\/wp-content\\\/uploads\\\/2014\\\/09\\\/Ligue-Arabe-EIIL-07-09-2014-credit-photo-AP.jpg\",\"articleSection\":[\"International\"],\"inLanguage\":\"fr-FR\"},{\"@type\":\"WebPage\",\"@id\":\"https:\\\/\\\/www.webdo.tn\\\/fr\\\/actualite\\\/international\\\/ligue-arabe-appelle-ses-pays-membres-combattre-leiil\\\/184331\\\/\",\"url\":\"https:\\\/\\\/www.webdo.tn\\\/fr\\\/actualite\\\/international\\\/ligue-arabe-appelle-ses-pays-membres-combattre-leiil\\\/184331\\\/\",\"name\":\"La Ligue Arabe appelle ses pays membres \u00e0 combattre l\u2019EIIL\",\"isPartOf\":{\"@id\":\"https:\\\/\\\/www.webdo.tn\\\/fr\\\/#website\"},\"primaryImageOfPage\":{\"@id\":\"https:\\\/\\\/www.webdo.tn\\\/fr\\\/actualite\\\/international\\\/ligue-arabe-appelle-ses-pays-membres-combattre-leiil\\\/184331\\\/#primaryimage\"},\"image\":{\"@id\":\"https:\\\/\\\/www.webdo.tn\\\/fr\\\/actualite\\\/international\\\/ligue-arabe-appelle-ses-pays-membres-combattre-leiil\\\/184331\\\/#primaryimage\"},\"thumbnailUrl\":\"https:\\\/\\\/www.webdo.tn\\\/fr\\\/wp-content\\\/uploads\\\/2014\\\/09\\\/Ligue-Arabe-EIIL-07-09-2014-credit-photo-AP.jpg\",\"datePublished\":\"2014-09-08T16:40:00+00:00\",\"dateModified\":\"2025-05-22T13:05:15+00:00\",\"description\":\"La Ligue Arabe appelle ses pays membres \u00e0 combattre l\u2019EIIL\",\"breadcrumb\":{\"@id\":\"https:\\\/\\\/www.webdo.tn\\\/fr\\\/actualite\\\/international\\\/ligue-arabe-appelle-ses-pays-membres-combattre-leiil\\\/184331\\\/#breadcrumb\"},\"inLanguage\":\"fr-FR\",\"potentialAction\":[{\"@type\":\"ReadAction\",\"target\":[\"https:\\\/\\\/www.webdo.tn\\\/fr\\\/actualite\\\/international\\\/ligue-arabe-appelle-ses-pays-membres-combattre-leiil\\\/184331\\\/\"]}]},{\"@type\":\"ImageObject\",\"inLanguage\":\"fr-FR\",\"@id\":\"https:\\\/\\\/www.webdo.tn\\\/fr\\\/actualite\\\/international\\\/ligue-arabe-appelle-ses-pays-membres-combattre-leiil\\\/184331\\\/#primaryimage\",\"url\":\"https:\\\/\\\/www.webdo.tn\\\/fr\\\/wp-content\\\/uploads\\\/2014\\\/09\\\/Ligue-Arabe-EIIL-07-09-2014-credit-photo-AP.jpg\",\"contentUrl\":\"https:\\\/\\\/www.webdo.tn\\\/fr\\\/wp-content\\\/uploads\\\/2014\\\/09\\\/Ligue-Arabe-EIIL-07-09-2014-credit-photo-AP.jpg\",\"width\":534,\"height\":267,\"caption\":\"La Ligue Arabe appelle ses pays membres \u00e0 combattre l\u2019EIIL\"},{\"@type\":\"BreadcrumbList\",\"@id\":\"https:\\\/\\\/www.webdo.tn\\\/fr\\\/actualite\\\/international\\\/ligue-arabe-appelle-ses-pays-membres-combattre-leiil\\\/184331\\\/#breadcrumb\",\"itemListElement\":[{\"@type\":\"ListItem\",\"position\":1,\"name\":\"Accueil\",\"item\":\"https:\\\/\\\/www.webdo.tn\\\/fr\\\/\"},{\"@type\":\"ListItem\",\"position\":2,\"name\":\"La Ligue Arabe appelle ses pays membres \u00e0 combattre l\u2019EIIL\"}]},{\"@type\":\"WebSite\",\"@id\":\"https:\\\/\\\/www.webdo.tn\\\/fr\\\/#website\",\"url\":\"https:\\\/\\\/www.webdo.tn\\\/fr\\\/\",\"name\":\"webdo\",\"description\":\"Tunisie - News en Tunisie et \u00e0 l&#039;international sur Webdo.tn\",\"publisher\":{\"@id\":\"https:\\\/\\\/www.webdo.tn\\\/fr\\\/#organization\"},\"potentialAction\":[{\"@type\":\"SearchAction\",\"target\":{\"@type\":\"EntryPoint\",\"urlTemplate\":\"https:\\\/\\\/www.webdo.tn\\\/fr\\\/?s={search_term_string}\"},\"query-input\":{\"@type\":\"PropertyValueSpecification\",\"valueRequired\":true,\"valueName\":\"search_term_string\"}}],\"inLanguage\":\"fr-FR\"},{\"@type\":\"Organization\",\"@id\":\"https:\\\/\\\/www.webdo.tn\\\/fr\\\/#organization\",\"name\":\"Webdo\",\"alternateName\":\"Webdo.tn\",\"url\":\"https:\\\/\\\/www.webdo.tn\\\/fr\\\/\",\"logo\":{\"@type\":\"ImageObject\",\"inLanguage\":\"fr-FR\",\"@id\":\"https:\\\/\\\/www.webdo.tn\\\/fr\\\/#\\\/schema\\\/logo\\\/image\\\/\",\"url\":\"https:\\\/\\\/www.webdo.tn\\\/fr\\\/wp-content\\\/uploads\\\/2025\\\/06\\\/Webdo-Tunisie_168377.jpg\",\"contentUrl\":\"https:\\\/\\\/www.webdo.tn\\\/fr\\\/wp-content\\\/uploads\\\/2025\\\/06\\\/Webdo-Tunisie_168377.jpg\",\"width\":301,\"height\":301,\"caption\":\"Webdo\"},\"image\":{\"@id\":\"https:\\\/\\\/www.webdo.tn\\\/fr\\\/#\\\/schema\\\/logo\\\/image\\\/\"},\"sameAs\":[\"https:\\\/\\\/www.facebook.com\\\/webdotn\",\"https:\\\/\\\/x.com\\\/webdo_tn\"],\"description\":\"Webdo est un m\u00e9dia num\u00e9rique tunisien fond\u00e9 en 2010, sp\u00e9cialis\u00e9 dans l\u2019actualit\u00e9 nationale et internationale, l\u2019\u00e9conomie, la soci\u00e9t\u00e9 et les analyses politiques. Le site s\u2019adresse \u00e0 un large public francophone et couvre l\u2019information tunisienne en temps r\u00e9el.\",\"email\":\"redac@webdo.tn\",\"legalName\":\"YNJ SARL\",\"foundingDate\":\"2010-09-06\",\"numberOfEmployees\":{\"@type\":\"QuantitativeValue\",\"minValue\":\"11\",\"maxValue\":\"50\"}},{\"@type\":\"Person\",\"@id\":\"https:\\\/\\\/www.webdo.tn\\\/fr\\\/#\\\/schema\\\/person\\\/9a9c6118d687c117df8ef3cc36a4d175\",\"name\":\"webdo.tn\",\"image\":{\"@type\":\"ImageObject\",\"inLanguage\":\"fr-FR\",\"@id\":\"https:\\\/\\\/secure.gravatar.com\\\/avatar\\\/7ce1f28c0c3bbac99ff550b85ef8e44a6950c6ee24514fb6a5489e51d06f0298?s=96&d=mm&r=g\",\"url\":\"https:\\\/\\\/secure.gravatar.com\\\/avatar\\\/7ce1f28c0c3bbac99ff550b85ef8e44a6950c6ee24514fb6a5489e51d06f0298?s=96&d=mm&r=g\",\"contentUrl\":\"https:\\\/\\\/secure.gravatar.com\\\/avatar\\\/7ce1f28c0c3bbac99ff550b85ef8e44a6950c6ee24514fb6a5489e51d06f0298?s=96&d=mm&r=g\",\"caption\":\"webdo.tn\"},\"url\":\"https:\\\/\\\/www.webdo.tn\\\/fr\\\/actualite\\\/author\\\/webdotn\\\/\"}]}<\/script>\n<!-- \/ Yoast SEO Premium plugin. -->","yoast_head_json":{"title":"La Ligue Arabe appelle ses pays membres \u00e0 combattre l\u2019EIIL","description":"La Ligue Arabe appelle ses pays membres \u00e0 combattre l\u2019EIIL","canonical":"https:\/\/www.webdo.tn\/fr\/actualite\/international\/ligue-arabe-appelle-ses-pays-membres-combattre-leiil\/184331\/","og_locale":"fr_FR","og_type":"article","og_title":"La Ligue Arabe appelle ses pays membres \u00e0 combattre l\u2019EIIL","og_description":"La Ligue Arabe appelle ses pays membres \u00e0 combattre l\u2019EIIL","og_url":"https:\/\/www.webdo.tn\/fr\/actualite\/international\/ligue-arabe-appelle-ses-pays-membres-combattre-leiil\/184331\/","og_site_name":"webdo","article_publisher":"https:\/\/www.facebook.com\/webdotn","article_published_time":"2014-09-08T16:40:00+00:00","article_modified_time":"2025-05-22T13:05:15+00:00","og_image":[{"width":534,"height":267,"url":"https:\/\/www.webdo.tn\/fr\/wp-content\/uploads\/2014\/09\/Ligue-Arabe-EIIL-07-09-2014-credit-photo-AP.jpg","type":"image\/jpeg"}],"author":"webdo.tn","twitter_card":"summary_large_image","twitter_creator":"@webdo_tn","twitter_site":"@webdo_tn","twitter_misc":{"\u00c9crit par":"webdo.tn","Dur\u00e9e de lecture estim\u00e9e":"1 minute"},"schema":{"@context":"https:\/\/schema.org","@graph":[{"@type":"NewsArticle","@id":"https:\/\/www.webdo.tn\/fr\/actualite\/international\/ligue-arabe-appelle-ses-pays-membres-combattre-leiil\/184331\/#article","isPartOf":{"@id":"https:\/\/www.webdo.tn\/fr\/actualite\/international\/ligue-arabe-appelle-ses-pays-membres-combattre-leiil\/184331\/"},"author":{"name":"webdo.tn","@id":"https:\/\/www.webdo.tn\/fr\/#\/schema\/person\/9a9c6118d687c117df8ef3cc36a4d175"},"headline":"La Ligue Arabe appelle ses pays membres \u00e0 combattre l\u2019EIIL","datePublished":"2014-09-08T16:40:00+00:00","dateModified":"2025-05-22T13:05:15+00:00","mainEntityOfPage":{"@id":"https:\/\/www.webdo.tn\/fr\/actualite\/international\/ligue-arabe-appelle-ses-pays-membres-combattre-leiil\/184331\/"},"wordCount":325,"commentCount":0,"publisher":{"@id":"https:\/\/www.webdo.tn\/fr\/#organization"},"image":{"@id":"https:\/\/www.webdo.tn\/fr\/actualite\/international\/ligue-arabe-appelle-ses-pays-membres-combattre-leiil\/184331\/#primaryimage"},"thumbnailUrl":"https:\/\/www.webdo.tn\/fr\/wp-content\/uploads\/2014\/09\/Ligue-Arabe-EIIL-07-09-2014-credit-photo-AP.jpg","articleSection":["International"],"inLanguage":"fr-FR"},{"@type":"WebPage","@id":"https:\/\/www.webdo.tn\/fr\/actualite\/international\/ligue-arabe-appelle-ses-pays-membres-combattre-leiil\/184331\/","url":"https:\/\/www.webdo.tn\/fr\/actualite\/international\/ligue-arabe-appelle-ses-pays-membres-combattre-leiil\/184331\/","name":"La Ligue Arabe appelle ses pays membres \u00e0 combattre l\u2019EIIL","isPartOf":{"@id":"https:\/\/www.webdo.tn\/fr\/#website"},"primaryImageOfPage":{"@id":"https:\/\/www.webdo.tn\/fr\/actualite\/international\/ligue-arabe-appelle-ses-pays-membres-combattre-leiil\/184331\/#primaryimage"},"image":{"@id":"https:\/\/www.webdo.tn\/fr\/actualite\/international\/ligue-arabe-appelle-ses-pays-membres-combattre-leiil\/184331\/#primaryimage"},"thumbnailUrl":"https:\/\/www.webdo.tn\/fr\/wp-content\/uploads\/2014\/09\/Ligue-Arabe-EIIL-07-09-2014-credit-photo-AP.jpg","datePublished":"2014-09-08T16:40:00+00:00","dateModified":"2025-05-22T13:05:15+00:00","description":"La Ligue Arabe appelle ses pays membres \u00e0 combattre l\u2019EIIL","breadcrumb":{"@id":"https:\/\/www.webdo.tn\/fr\/actualite\/international\/ligue-arabe-appelle-ses-pays-membres-combattre-leiil\/184331\/#breadcrumb"},"inLanguage":"fr-FR","potentialAction":[{"@type":"ReadAction","target":["https:\/\/www.webdo.tn\/fr\/actualite\/international\/ligue-arabe-appelle-ses-pays-membres-combattre-leiil\/184331\/"]}]},{"@type":"ImageObject","inLanguage":"fr-FR","@id":"https:\/\/www.webdo.tn\/fr\/actualite\/international\/ligue-arabe-appelle-ses-pays-membres-combattre-leiil\/184331\/#primaryimage","url":"https:\/\/www.webdo.tn\/fr\/wp-content\/uploads\/2014\/09\/Ligue-Arabe-EIIL-07-09-2014-credit-photo-AP.jpg","contentUrl":"https:\/\/www.webdo.tn\/fr\/wp-content\/uploads\/2014\/09\/Ligue-Arabe-EIIL-07-09-2014-credit-photo-AP.jpg","width":534,"height":267,"caption":"La Ligue Arabe appelle ses pays membres \u00e0 combattre l\u2019EIIL"},{"@type":"BreadcrumbList","@id":"https:\/\/www.webdo.tn\/fr\/actualite\/international\/ligue-arabe-appelle-ses-pays-membres-combattre-leiil\/184331\/#breadcrumb","itemListElement":[{"@type":"ListItem","position":1,"name":"Accueil","item":"https:\/\/www.webdo.tn\/fr\/"},{"@type":"ListItem","position":2,"name":"La Ligue Arabe appelle ses pays membres \u00e0 combattre l\u2019EIIL"}]},{"@type":"WebSite","@id":"https:\/\/www.webdo.tn\/fr\/#website","url":"https:\/\/www.webdo.tn\/fr\/","name":"webdo","description":"Tunisie - News en Tunisie et \u00e0 l&#039;international sur Webdo.tn","publisher":{"@id":"https:\/\/www.webdo.tn\/fr\/#organization"},"potentialAction":[{"@type":"SearchAction","target":{"@type":"EntryPoint","urlTemplate":"https:\/\/www.webdo.tn\/fr\/?s={search_term_string}"},"query-input":{"@type":"PropertyValueSpecification","valueRequired":true,"valueName":"search_term_string"}}],"inLanguage":"fr-FR"},{"@type":"Organization","@id":"https:\/\/www.webdo.tn\/fr\/#organization","name":"Webdo","alternateName":"Webdo.tn","url":"https:\/\/www.webdo.tn\/fr\/","logo":{"@type":"ImageObject","inLanguage":"fr-FR","@id":"https:\/\/www.webdo.tn\/fr\/#\/schema\/logo\/image\/","url":"https:\/\/www.webdo.tn\/fr\/wp-content\/uploads\/2025\/06\/Webdo-Tunisie_168377.jpg","contentUrl":"https:\/\/www.webdo.tn\/fr\/wp-content\/uploads\/2025\/06\/Webdo-Tunisie_168377.jpg","width":301,"height":301,"caption":"Webdo"},"image":{"@id":"https:\/\/www.webdo.tn\/fr\/#\/schema\/logo\/image\/"},"sameAs":["https:\/\/www.facebook.com\/webdotn","https:\/\/x.com\/webdo_tn"],"description":"Webdo est un m\u00e9dia num\u00e9rique tunisien fond\u00e9 en 2010, sp\u00e9cialis\u00e9 dans l\u2019actualit\u00e9 nationale et internationale, l\u2019\u00e9conomie, la soci\u00e9t\u00e9 et les analyses politiques. Le site s\u2019adresse \u00e0 un large public francophone et couvre l\u2019information tunisienne en temps r\u00e9el.","email":"redac@webdo.tn","legalName":"YNJ SARL","foundingDate":"2010-09-06","numberOfEmployees":{"@type":"QuantitativeValue","minValue":"11","maxValue":"50"}},{"@type":"Person","@id":"https:\/\/www.webdo.tn\/fr\/#\/schema\/person\/9a9c6118d687c117df8ef3cc36a4d175","name":"webdo.tn","image":{"@type":"ImageObject","inLanguage":"fr-FR","@id":"https:\/\/secure.gravatar.com\/avatar\/7ce1f28c0c3bbac99ff550b85ef8e44a6950c6ee24514fb6a5489e51d06f0298?s=96&d=mm&r=g","url":"https:\/\/secure.gravatar.com\/avatar\/7ce1f28c0c3bbac99ff550b85ef8e44a6950c6ee24514fb6a5489e51d06f0298?s=96&d=mm&r=g","contentUrl":"https:\/\/secure.gravatar.com\/avatar\/7ce1f28c0c3bbac99ff550b85ef8e44a6950c6ee24514fb6a5489e51d06f0298?s=96&d=mm&r=g","caption":"webdo.tn"},"url":"https:\/\/www.webdo.tn\/fr\/actualite\/author\/webdotn\/"}]}},"_links":{"self":[{"href":"https:\/\/www.webdo.tn\/fr\/wp-json\/wp\/v2\/posts\/184331","targetHints":{"allow":["GET"]}}],"collection":[{"href":"https:\/\/www.webdo.tn\/fr\/wp-json\/wp\/v2\/posts"}],"about":[{"href":"https:\/\/www.webdo.tn\/fr\/wp-json\/wp\/v2\/types\/post"}],"author":[{"embeddable":true,"href":"https:\/\/www.webdo.tn\/fr\/wp-json\/wp\/v2\/users\/3222"}],"replies":[{"embeddable":true,"href":"https:\/\/www.webdo.tn\/fr\/wp-json\/wp\/v2\/comments?post=184331"}],"version-history":[{"count":0,"href":"https:\/\/www.webdo.tn\/fr\/wp-json\/wp\/v2\/posts\/184331\/revisions"}],"wp:featuredmedia":[{"embeddable":true,"href":"https:\/\/www.webdo.tn\/fr\/wp-json\/wp\/v2\/media\/331504"}],"wp:attachment":[{"href":"https:\/\/www.webdo.tn\/fr\/wp-json\/wp\/v2\/media?parent=184331"}],"wp:term":[{"taxonomy":"category","embeddable":true,"href":"https:\/\/www.webdo.tn\/fr\/wp-json\/wp\/v2\/categories?post=184331"},{"taxonomy":"post_tag","embeddable":true,"href":"https:\/\/www.webdo.tn\/fr\/wp-json\/wp\/v2\/tags?post=184331"}],"curies":[{"name":"wp","href":"https:\/\/api.w.org\/{rel}","templated":true}]}}