{"id":184328,"date":"2014-09-10T16:43:00","date_gmt":"2014-09-10T14:43:00","guid":{"rendered":"https:\/\/www.webdo.tn\/fr\/actualite\/international\/depouille-dafif-chebil-arrive-ce-soir-en-tunisie\/184328"},"modified":"2014-09-10T16:43:00","modified_gmt":"2014-09-10T14:43:00","slug":"depouille-dafif-chebil-arrive-ce-soir-en-tunisie","status":"publish","type":"post","link":"https:\/\/www.webdo.tn\/fr\/actualite\/international\/depouille-dafif-chebil-arrive-ce-soir-en-tunisie\/184328\/","title":{"rendered":"Officiel : La d\u00e9pouille de l&rsquo;\u00e9tudiant assassin\u00e9 Afif Chebil arrive ce soir en Tunisie"},"content":{"rendered":"<p>La d\u00e9pouille d\u2019Afif Chebil, le jeune \u00e9tudiant atrocement assassin\u00e9 \u00e0 Villepinte en Seine-Saint-Denis, dans la banlieue parisienne, est en cours de rapatriement vers la Tunisie, ce mercredi 10 septembre.<\/p>\n<p>C\u2019est ce que nous a confirm\u00e9 M. Mokhtar Chaouchi, le porte-parole du minist\u00e8re des Affaires \u00e9trang\u00e8res sur la base d\u2019une confirmation obtenue par le Consulat de Tunisie \u00e0 Paris.<\/p>\n<p>\u00ab\u00a0La d\u00e9pouille du jeune Afif Chebil est en cours de rapatriement selon notre Consulat \u00e0 Paris, avec lequel nous restons en contact concernant cette affaire. Le corps du d\u00e9funt atterrira \u00e0 Tunis \u00e0 21h15 \u00e0 bord du vol Tunisair 723.\u00a0\u00bb<\/p>\n<p>Le corps mutil\u00e9 d\u2019Afif Chebil a \u00e9t\u00e9 d\u00e9couvert dans des sacs poubelle, mardi 2 septembre. Ce jeune \u00e9tudiant de 19 ans, originaire de M\u2019saken, \u00e9tait \u00e0 Paris o\u00f9 il \u00e9tait inscrit \u00e0 l&rsquo;Universit\u00e9 Paris Diderot-Paris VII.<\/p>\n","protected":false},"excerpt":{"rendered":"<p>La d\u00e9pouille d\u2019Afif Chebil, le jeune \u00e9tudiant atrocement assassin\u00e9 \u00e0 Villepinte en Seine-Saint-Denis, dans la banlieue parisienne, est en cours de ra<\/p>\n","protected":false},"author":3222,"featured_media":373522,"comment_status":"open","ping_status":"open","sticky":false,"template":"","format":"standard","meta":{"footnotes":""},"categories":[2598],"tags":[],"class_list":["post-184328","post","type-post","status-publish","format-standard","has-post-thumbnail","hentry","category-international"],"yoast_head":"<!-- This site is optimized with the Yoast SEO Premium plugin v27.5 (Yoast SEO v27.5) - https:\/\/yoast.com\/product\/yoast-seo-premium-wordpress\/ -->\n<title>Officiel : La d\u00e9pouille de l&#039;\u00e9tudiant assassin\u00e9 Afif Chebil arrive ce soir en Tunisie<\/title>\n<meta name=\"description\" content=\"Officiel : La d\u00e9pouille de l&#039;\u00e9tudiant assassin\u00e9 Afif Chebil arrive ce soir en Tunisie\" \/>\n<link rel=\"canonical\" href=\"https:\/\/www.webdo.tn\/fr\/actualite\/international\/depouille-dafif-chebil-arrive-ce-soir-en-tunisie\/184328\/\" \/>\n<meta property=\"og:locale\" content=\"fr_FR\" \/>\n<meta property=\"og:type\" content=\"article\" \/>\n<meta property=\"og:title\" content=\"Officiel : La d\u00e9pouille de l&#039;\u00e9tudiant assassin\u00e9 Afif Chebil arrive ce soir en Tunisie\" \/>\n<meta property=\"og:description\" content=\"Officiel : La d\u00e9pouille de l&#039;\u00e9tudiant assassin\u00e9 Afif Chebil arrive ce soir en Tunisie\" \/>\n<meta property=\"og:url\" content=\"https:\/\/www.webdo.tn\/fr\/actualite\/international\/depouille-dafif-chebil-arrive-ce-soir-en-tunisie\/184328\/\" \/>\n<meta property=\"og:site_name\" content=\"webdo\" \/>\n<meta property=\"article:publisher\" content=\"https:\/\/www.facebook.com\/webdotn\" \/>\n<meta property=\"article:published_time\" content=\"2014-09-10T14:43:00+00:00\" \/>\n<meta name=\"author\" content=\"webdo.tn\" \/>\n<meta name=\"twitter:card\" content=\"summary_large_image\" \/>\n<meta name=\"twitter:creator\" content=\"@webdo_tn\" \/>\n<meta name=\"twitter:site\" content=\"@webdo_tn\" \/>\n<meta name=\"twitter:label1\" content=\"\u00c9crit par\" \/>\n\t<meta name=\"twitter:data1\" content=\"webdo.tn\" \/>\n\t<meta name=\"twitter:label2\" content=\"Dur\u00e9e de lecture estim\u00e9e\" \/>\n\t<meta name=\"twitter:data2\" content=\"1 minute\" \/>\n<script type=\"application\/ld+json\" class=\"yoast-schema-graph\">{\"@context\":\"https:\\\/\\\/schema.org\",\"@graph\":[{\"@type\":\"NewsArticle\",\"@id\":\"https:\\\/\\\/www.webdo.tn\\\/fr\\\/actualite\\\/international\\\/depouille-dafif-chebil-arrive-ce-soir-en-tunisie\\\/184328\\\/#article\",\"isPartOf\":{\"@id\":\"https:\\\/\\\/www.webdo.tn\\\/fr\\\/actualite\\\/international\\\/depouille-dafif-chebil-arrive-ce-soir-en-tunisie\\\/184328\\\/\"},\"author\":{\"name\":\"webdo.tn\",\"@id\":\"https:\\\/\\\/www.webdo.tn\\\/fr\\\/#\\\/schema\\\/person\\\/9a9c6118d687c117df8ef3cc36a4d175\"},\"headline\":\"Officiel : La d\u00e9pouille de l&rsquo;\u00e9tudiant assassin\u00e9 Afif Chebil arrive ce soir en Tunisie\",\"datePublished\":\"2014-09-10T14:43:00+00:00\",\"mainEntityOfPage\":{\"@id\":\"https:\\\/\\\/www.webdo.tn\\\/fr\\\/actualite\\\/international\\\/depouille-dafif-chebil-arrive-ce-soir-en-tunisie\\\/184328\\\/\"},\"wordCount\":149,\"commentCount\":0,\"publisher\":{\"@id\":\"https:\\\/\\\/www.webdo.tn\\\/fr\\\/#organization\"},\"image\":{\"@id\":\"https:\\\/\\\/www.webdo.tn\\\/fr\\\/actualite\\\/international\\\/depouille-dafif-chebil-arrive-ce-soir-en-tunisie\\\/184328\\\/#primaryimage\"},\"thumbnailUrl\":\"https:\\\/\\\/www.webdo.tn\\\/fr\\\/wp-content\\\/uploads\\\/2025\\\/06\\\/Afif-Chebil_184328.jpg\",\"articleSection\":[\"International\"],\"inLanguage\":\"fr-FR\"},{\"@type\":\"WebPage\",\"@id\":\"https:\\\/\\\/www.webdo.tn\\\/fr\\\/actualite\\\/international\\\/depouille-dafif-chebil-arrive-ce-soir-en-tunisie\\\/184328\\\/\",\"url\":\"https:\\\/\\\/www.webdo.tn\\\/fr\\\/actualite\\\/international\\\/depouille-dafif-chebil-arrive-ce-soir-en-tunisie\\\/184328\\\/\",\"name\":\"Officiel : La d\u00e9pouille de l'\u00e9tudiant assassin\u00e9 Afif Chebil arrive ce soir en Tunisie\",\"isPartOf\":{\"@id\":\"https:\\\/\\\/www.webdo.tn\\\/fr\\\/#website\"},\"primaryImageOfPage\":{\"@id\":\"https:\\\/\\\/www.webdo.tn\\\/fr\\\/actualite\\\/international\\\/depouille-dafif-chebil-arrive-ce-soir-en-tunisie\\\/184328\\\/#primaryimage\"},\"image\":{\"@id\":\"https:\\\/\\\/www.webdo.tn\\\/fr\\\/actualite\\\/international\\\/depouille-dafif-chebil-arrive-ce-soir-en-tunisie\\\/184328\\\/#primaryimage\"},\"thumbnailUrl\":\"https:\\\/\\\/www.webdo.tn\\\/fr\\\/wp-content\\\/uploads\\\/2025\\\/06\\\/Afif-Chebil_184328.jpg\",\"datePublished\":\"2014-09-10T14:43:00+00:00\",\"description\":\"Officiel : La d\u00e9pouille de l'\u00e9tudiant assassin\u00e9 Afif Chebil arrive ce soir en Tunisie\",\"breadcrumb\":{\"@id\":\"https:\\\/\\\/www.webdo.tn\\\/fr\\\/actualite\\\/international\\\/depouille-dafif-chebil-arrive-ce-soir-en-tunisie\\\/184328\\\/#breadcrumb\"},\"inLanguage\":\"fr-FR\",\"potentialAction\":[{\"@type\":\"ReadAction\",\"target\":[\"https:\\\/\\\/www.webdo.tn\\\/fr\\\/actualite\\\/international\\\/depouille-dafif-chebil-arrive-ce-soir-en-tunisie\\\/184328\\\/\"]}]},{\"@type\":\"ImageObject\",\"inLanguage\":\"fr-FR\",\"@id\":\"https:\\\/\\\/www.webdo.tn\\\/fr\\\/actualite\\\/international\\\/depouille-dafif-chebil-arrive-ce-soir-en-tunisie\\\/184328\\\/#primaryimage\",\"url\":\"https:\\\/\\\/www.webdo.tn\\\/fr\\\/wp-content\\\/uploads\\\/2025\\\/06\\\/Afif-Chebil_184328.jpg\",\"contentUrl\":\"https:\\\/\\\/www.webdo.tn\\\/fr\\\/wp-content\\\/uploads\\\/2025\\\/06\\\/Afif-Chebil_184328.jpg\",\"width\":300,\"height\":300,\"caption\":\"Officiel : La d\u00e9pouille de l'\u00e9tudiant assassin\u00e9 Afif Chebil arrive ce soir en Tunisie\"},{\"@type\":\"BreadcrumbList\",\"@id\":\"https:\\\/\\\/www.webdo.tn\\\/fr\\\/actualite\\\/international\\\/depouille-dafif-chebil-arrive-ce-soir-en-tunisie\\\/184328\\\/#breadcrumb\",\"itemListElement\":[{\"@type\":\"ListItem\",\"position\":1,\"name\":\"Accueil\",\"item\":\"https:\\\/\\\/www.webdo.tn\\\/fr\\\/\"},{\"@type\":\"ListItem\",\"position\":2,\"name\":\"Officiel : La d\u00e9pouille de l&rsquo;\u00e9tudiant assassin\u00e9 Afif Chebil arrive ce soir en Tunisie\"}]},{\"@type\":\"WebSite\",\"@id\":\"https:\\\/\\\/www.webdo.tn\\\/fr\\\/#website\",\"url\":\"https:\\\/\\\/www.webdo.tn\\\/fr\\\/\",\"name\":\"webdo\",\"description\":\"Tunisie - News en Tunisie et \u00e0 l&#039;international sur Webdo.tn\",\"publisher\":{\"@id\":\"https:\\\/\\\/www.webdo.tn\\\/fr\\\/#organization\"},\"potentialAction\":[{\"@type\":\"SearchAction\",\"target\":{\"@type\":\"EntryPoint\",\"urlTemplate\":\"https:\\\/\\\/www.webdo.tn\\\/fr\\\/?s={search_term_string}\"},\"query-input\":{\"@type\":\"PropertyValueSpecification\",\"valueRequired\":true,\"valueName\":\"search_term_string\"}}],\"inLanguage\":\"fr-FR\"},{\"@type\":\"Organization\",\"@id\":\"https:\\\/\\\/www.webdo.tn\\\/fr\\\/#organization\",\"name\":\"Webdo\",\"alternateName\":\"Webdo.tn\",\"url\":\"https:\\\/\\\/www.webdo.tn\\\/fr\\\/\",\"logo\":{\"@type\":\"ImageObject\",\"inLanguage\":\"fr-FR\",\"@id\":\"https:\\\/\\\/www.webdo.tn\\\/fr\\\/#\\\/schema\\\/logo\\\/image\\\/\",\"url\":\"https:\\\/\\\/www.webdo.tn\\\/fr\\\/wp-content\\\/uploads\\\/2025\\\/06\\\/Webdo-Tunisie_168377.jpg\",\"contentUrl\":\"https:\\\/\\\/www.webdo.tn\\\/fr\\\/wp-content\\\/uploads\\\/2025\\\/06\\\/Webdo-Tunisie_168377.jpg\",\"width\":301,\"height\":301,\"caption\":\"Webdo\"},\"image\":{\"@id\":\"https:\\\/\\\/www.webdo.tn\\\/fr\\\/#\\\/schema\\\/logo\\\/image\\\/\"},\"sameAs\":[\"https:\\\/\\\/www.facebook.com\\\/webdotn\",\"https:\\\/\\\/x.com\\\/webdo_tn\"],\"description\":\"Webdo est un m\u00e9dia num\u00e9rique tunisien fond\u00e9 en 2010, sp\u00e9cialis\u00e9 dans l\u2019actualit\u00e9 nationale et internationale, l\u2019\u00e9conomie, la soci\u00e9t\u00e9 et les analyses politiques. Le site s\u2019adresse \u00e0 un large public francophone et couvre l\u2019information tunisienne en temps r\u00e9el.\",\"email\":\"redac@webdo.tn\",\"legalName\":\"YNJ SARL\",\"foundingDate\":\"2010-09-06\",\"numberOfEmployees\":{\"@type\":\"QuantitativeValue\",\"minValue\":\"11\",\"maxValue\":\"50\"}},{\"@type\":\"Person\",\"@id\":\"https:\\\/\\\/www.webdo.tn\\\/fr\\\/#\\\/schema\\\/person\\\/9a9c6118d687c117df8ef3cc36a4d175\",\"name\":\"webdo.tn\",\"image\":{\"@type\":\"ImageObject\",\"inLanguage\":\"fr-FR\",\"@id\":\"https:\\\/\\\/secure.gravatar.com\\\/avatar\\\/7ce1f28c0c3bbac99ff550b85ef8e44a6950c6ee24514fb6a5489e51d06f0298?s=96&d=mm&r=g\",\"url\":\"https:\\\/\\\/secure.gravatar.com\\\/avatar\\\/7ce1f28c0c3bbac99ff550b85ef8e44a6950c6ee24514fb6a5489e51d06f0298?s=96&d=mm&r=g\",\"contentUrl\":\"https:\\\/\\\/secure.gravatar.com\\\/avatar\\\/7ce1f28c0c3bbac99ff550b85ef8e44a6950c6ee24514fb6a5489e51d06f0298?s=96&d=mm&r=g\",\"caption\":\"webdo.tn\"},\"url\":\"https:\\\/\\\/www.webdo.tn\\\/fr\\\/actualite\\\/author\\\/webdotn\\\/\"}]}<\/script>\n<!-- \/ Yoast SEO Premium plugin. -->","yoast_head_json":{"title":"Officiel : La d\u00e9pouille de l'\u00e9tudiant assassin\u00e9 Afif Chebil arrive ce soir en Tunisie","description":"Officiel : La d\u00e9pouille de l'\u00e9tudiant assassin\u00e9 Afif Chebil arrive ce soir en Tunisie","canonical":"https:\/\/www.webdo.tn\/fr\/actualite\/international\/depouille-dafif-chebil-arrive-ce-soir-en-tunisie\/184328\/","og_locale":"fr_FR","og_type":"article","og_title":"Officiel : La d\u00e9pouille de l'\u00e9tudiant assassin\u00e9 Afif Chebil arrive ce soir en Tunisie","og_description":"Officiel : La d\u00e9pouille de l'\u00e9tudiant assassin\u00e9 Afif Chebil arrive ce soir en Tunisie","og_url":"https:\/\/www.webdo.tn\/fr\/actualite\/international\/depouille-dafif-chebil-arrive-ce-soir-en-tunisie\/184328\/","og_site_name":"webdo","article_publisher":"https:\/\/www.facebook.com\/webdotn","article_published_time":"2014-09-10T14:43:00+00:00","author":"webdo.tn","twitter_card":"summary_large_image","twitter_creator":"@webdo_tn","twitter_site":"@webdo_tn","twitter_misc":{"\u00c9crit par":"webdo.tn","Dur\u00e9e de lecture estim\u00e9e":"1 minute"},"schema":{"@context":"https:\/\/schema.org","@graph":[{"@type":"NewsArticle","@id":"https:\/\/www.webdo.tn\/fr\/actualite\/international\/depouille-dafif-chebil-arrive-ce-soir-en-tunisie\/184328\/#article","isPartOf":{"@id":"https:\/\/www.webdo.tn\/fr\/actualite\/international\/depouille-dafif-chebil-arrive-ce-soir-en-tunisie\/184328\/"},"author":{"name":"webdo.tn","@id":"https:\/\/www.webdo.tn\/fr\/#\/schema\/person\/9a9c6118d687c117df8ef3cc36a4d175"},"headline":"Officiel : La d\u00e9pouille de l&rsquo;\u00e9tudiant assassin\u00e9 Afif Chebil arrive ce soir en Tunisie","datePublished":"2014-09-10T14:43:00+00:00","mainEntityOfPage":{"@id":"https:\/\/www.webdo.tn\/fr\/actualite\/international\/depouille-dafif-chebil-arrive-ce-soir-en-tunisie\/184328\/"},"wordCount":149,"commentCount":0,"publisher":{"@id":"https:\/\/www.webdo.tn\/fr\/#organization"},"image":{"@id":"https:\/\/www.webdo.tn\/fr\/actualite\/international\/depouille-dafif-chebil-arrive-ce-soir-en-tunisie\/184328\/#primaryimage"},"thumbnailUrl":"https:\/\/www.webdo.tn\/fr\/wp-content\/uploads\/2025\/06\/Afif-Chebil_184328.jpg","articleSection":["International"],"inLanguage":"fr-FR"},{"@type":"WebPage","@id":"https:\/\/www.webdo.tn\/fr\/actualite\/international\/depouille-dafif-chebil-arrive-ce-soir-en-tunisie\/184328\/","url":"https:\/\/www.webdo.tn\/fr\/actualite\/international\/depouille-dafif-chebil-arrive-ce-soir-en-tunisie\/184328\/","name":"Officiel : La d\u00e9pouille de l'\u00e9tudiant assassin\u00e9 Afif Chebil arrive ce soir en Tunisie","isPartOf":{"@id":"https:\/\/www.webdo.tn\/fr\/#website"},"primaryImageOfPage":{"@id":"https:\/\/www.webdo.tn\/fr\/actualite\/international\/depouille-dafif-chebil-arrive-ce-soir-en-tunisie\/184328\/#primaryimage"},"image":{"@id":"https:\/\/www.webdo.tn\/fr\/actualite\/international\/depouille-dafif-chebil-arrive-ce-soir-en-tunisie\/184328\/#primaryimage"},"thumbnailUrl":"https:\/\/www.webdo.tn\/fr\/wp-content\/uploads\/2025\/06\/Afif-Chebil_184328.jpg","datePublished":"2014-09-10T14:43:00+00:00","description":"Officiel : La d\u00e9pouille de l'\u00e9tudiant assassin\u00e9 Afif Chebil arrive ce soir en Tunisie","breadcrumb":{"@id":"https:\/\/www.webdo.tn\/fr\/actualite\/international\/depouille-dafif-chebil-arrive-ce-soir-en-tunisie\/184328\/#breadcrumb"},"inLanguage":"fr-FR","potentialAction":[{"@type":"ReadAction","target":["https:\/\/www.webdo.tn\/fr\/actualite\/international\/depouille-dafif-chebil-arrive-ce-soir-en-tunisie\/184328\/"]}]},{"@type":"ImageObject","inLanguage":"fr-FR","@id":"https:\/\/www.webdo.tn\/fr\/actualite\/international\/depouille-dafif-chebil-arrive-ce-soir-en-tunisie\/184328\/#primaryimage","url":"https:\/\/www.webdo.tn\/fr\/wp-content\/uploads\/2025\/06\/Afif-Chebil_184328.jpg","contentUrl":"https:\/\/www.webdo.tn\/fr\/wp-content\/uploads\/2025\/06\/Afif-Chebil_184328.jpg","width":300,"height":300,"caption":"Officiel : La d\u00e9pouille de l'\u00e9tudiant assassin\u00e9 Afif Chebil arrive ce soir en Tunisie"},{"@type":"BreadcrumbList","@id":"https:\/\/www.webdo.tn\/fr\/actualite\/international\/depouille-dafif-chebil-arrive-ce-soir-en-tunisie\/184328\/#breadcrumb","itemListElement":[{"@type":"ListItem","position":1,"name":"Accueil","item":"https:\/\/www.webdo.tn\/fr\/"},{"@type":"ListItem","position":2,"name":"Officiel : La d\u00e9pouille de l&rsquo;\u00e9tudiant assassin\u00e9 Afif Chebil arrive ce soir en Tunisie"}]},{"@type":"WebSite","@id":"https:\/\/www.webdo.tn\/fr\/#website","url":"https:\/\/www.webdo.tn\/fr\/","name":"webdo","description":"Tunisie - News en Tunisie et \u00e0 l&#039;international sur Webdo.tn","publisher":{"@id":"https:\/\/www.webdo.tn\/fr\/#organization"},"potentialAction":[{"@type":"SearchAction","target":{"@type":"EntryPoint","urlTemplate":"https:\/\/www.webdo.tn\/fr\/?s={search_term_string}"},"query-input":{"@type":"PropertyValueSpecification","valueRequired":true,"valueName":"search_term_string"}}],"inLanguage":"fr-FR"},{"@type":"Organization","@id":"https:\/\/www.webdo.tn\/fr\/#organization","name":"Webdo","alternateName":"Webdo.tn","url":"https:\/\/www.webdo.tn\/fr\/","logo":{"@type":"ImageObject","inLanguage":"fr-FR","@id":"https:\/\/www.webdo.tn\/fr\/#\/schema\/logo\/image\/","url":"https:\/\/www.webdo.tn\/fr\/wp-content\/uploads\/2025\/06\/Webdo-Tunisie_168377.jpg","contentUrl":"https:\/\/www.webdo.tn\/fr\/wp-content\/uploads\/2025\/06\/Webdo-Tunisie_168377.jpg","width":301,"height":301,"caption":"Webdo"},"image":{"@id":"https:\/\/www.webdo.tn\/fr\/#\/schema\/logo\/image\/"},"sameAs":["https:\/\/www.facebook.com\/webdotn","https:\/\/x.com\/webdo_tn"],"description":"Webdo est un m\u00e9dia num\u00e9rique tunisien fond\u00e9 en 2010, sp\u00e9cialis\u00e9 dans l\u2019actualit\u00e9 nationale et internationale, l\u2019\u00e9conomie, la soci\u00e9t\u00e9 et les analyses politiques. Le site s\u2019adresse \u00e0 un large public francophone et couvre l\u2019information tunisienne en temps r\u00e9el.","email":"redac@webdo.tn","legalName":"YNJ SARL","foundingDate":"2010-09-06","numberOfEmployees":{"@type":"QuantitativeValue","minValue":"11","maxValue":"50"}},{"@type":"Person","@id":"https:\/\/www.webdo.tn\/fr\/#\/schema\/person\/9a9c6118d687c117df8ef3cc36a4d175","name":"webdo.tn","image":{"@type":"ImageObject","inLanguage":"fr-FR","@id":"https:\/\/secure.gravatar.com\/avatar\/7ce1f28c0c3bbac99ff550b85ef8e44a6950c6ee24514fb6a5489e51d06f0298?s=96&d=mm&r=g","url":"https:\/\/secure.gravatar.com\/avatar\/7ce1f28c0c3bbac99ff550b85ef8e44a6950c6ee24514fb6a5489e51d06f0298?s=96&d=mm&r=g","contentUrl":"https:\/\/secure.gravatar.com\/avatar\/7ce1f28c0c3bbac99ff550b85ef8e44a6950c6ee24514fb6a5489e51d06f0298?s=96&d=mm&r=g","caption":"webdo.tn"},"url":"https:\/\/www.webdo.tn\/fr\/actualite\/author\/webdotn\/"}]}},"_links":{"self":[{"href":"https:\/\/www.webdo.tn\/fr\/wp-json\/wp\/v2\/posts\/184328","targetHints":{"allow":["GET"]}}],"collection":[{"href":"https:\/\/www.webdo.tn\/fr\/wp-json\/wp\/v2\/posts"}],"about":[{"href":"https:\/\/www.webdo.tn\/fr\/wp-json\/wp\/v2\/types\/post"}],"author":[{"embeddable":true,"href":"https:\/\/www.webdo.tn\/fr\/wp-json\/wp\/v2\/users\/3222"}],"replies":[{"embeddable":true,"href":"https:\/\/www.webdo.tn\/fr\/wp-json\/wp\/v2\/comments?post=184328"}],"version-history":[{"count":0,"href":"https:\/\/www.webdo.tn\/fr\/wp-json\/wp\/v2\/posts\/184328\/revisions"}],"wp:featuredmedia":[{"embeddable":true,"href":"https:\/\/www.webdo.tn\/fr\/wp-json\/wp\/v2\/media\/373522"}],"wp:attachment":[{"href":"https:\/\/www.webdo.tn\/fr\/wp-json\/wp\/v2\/media?parent=184328"}],"wp:term":[{"taxonomy":"category","embeddable":true,"href":"https:\/\/www.webdo.tn\/fr\/wp-json\/wp\/v2\/categories?post=184328"},{"taxonomy":"post_tag","embeddable":true,"href":"https:\/\/www.webdo.tn\/fr\/wp-json\/wp\/v2\/tags?post=184328"}],"curies":[{"name":"wp","href":"https:\/\/api.w.org\/{rel}","templated":true}]}}