{"id":184327,"date":"2014-09-11T15:26:00","date_gmt":"2014-09-11T15:26:00","guid":{"rendered":"https:\/\/www.webdo.tn\/fr\/blog\/orange-tunisie-400-millimes-minute-les-tunisiens-en-pelerinage-mecque\/184327\/"},"modified":"2025-05-22T13:05:00","modified_gmt":"2025-05-22T13:05:00","slug":"orange-tunisie-400-millimes-minute-les-tunisiens-en-pelerinage-mecque","status":"publish","type":"post","link":"https:\/\/www.webdo.tn\/fr\/actualite\/international\/orange-tunisie-400-millimes-minute-les-tunisiens-en-pelerinage-mecque\/184327\/","title":{"rendered":"Orange Tunisie : 400 millimes la minute pour les Tunisiens en p\u00e8lerinage \u00e0 la Mecque"},"content":{"rendered":"<p>La saison du p\u00e8lerinage \u00e0 la Mecque est sur le point de d\u00e9marrer et dans ce cadre bien pr\u00e9cis, Orange Tunisie a d\u00e9cid\u00e9 d\u2019offrir un service aux p\u00e8lerins tunisiens qui se rendront pour le Hadj.<\/p>\n<p>Cette offre consiste \u00e0 offrir aux p\u00e8lerins les tarifs les plus bas du march\u00e9 pour communiquer avec leurs proches depuis l\u2019Arabie Saoudite.<\/p>\n<p>En gardant leurs lignes Orange, ils payeront uniquement 400 millimes\/minute pour tous leurs appels re\u00e7us en Roaming, annonce Orange Tunisie dans un communiqu\u00e9.<\/p>\n<p>Ils pourront aussi appeler vers un fixe ou un mobile en Arabie Saoudite, en Tunisie ou dans le reste du monde \u00e0 900 millimes\/minute.<\/p>\n<p>Ces tarifs sont valables pour tous les abonn\u00e9s mobile Orange Tunisie.<\/p>\n","protected":false},"excerpt":{"rendered":"<p>Orange Tunisie : 400 millimes la minute pour les Tunisiens en p\u00e8lerinage \u00e0 la Mecque<\/p>\n","protected":false},"author":3222,"featured_media":373517,"comment_status":"open","ping_status":"closed","sticky":false,"template":"","format":"standard","meta":{"footnotes":""},"categories":[2598],"tags":[],"class_list":["post-184327","post","type-post","status-publish","format-standard","has-post-thumbnail","hentry","category-international"],"yoast_head":"<!-- This site is optimized with the Yoast SEO Premium plugin v27.5 (Yoast SEO v27.5) - https:\/\/yoast.com\/product\/yoast-seo-premium-wordpress\/ -->\n<title>Orange Tunisie : 400 millimes la minute pour les Tunisiens en p\u00e8lerinage \u00e0 la Mecque<\/title>\n<meta name=\"description\" content=\"Orange Tunisie : 400 millimes la minute pour les Tunisiens en p\u00e8lerinage \u00e0 la Mecque\" \/>\n<link rel=\"canonical\" href=\"https:\/\/www.webdo.tn\/fr\/actualite\/international\/orange-tunisie-400-millimes-minute-les-tunisiens-en-pelerinage-mecque\/184327\/\" \/>\n<meta property=\"og:locale\" content=\"fr_FR\" \/>\n<meta property=\"og:type\" content=\"article\" \/>\n<meta property=\"og:title\" content=\"Orange Tunisie : 400 millimes la minute pour les Tunisiens en p\u00e8lerinage \u00e0 la Mecque\" \/>\n<meta property=\"og:description\" content=\"Orange Tunisie : 400 millimes la minute pour les Tunisiens en p\u00e8lerinage \u00e0 la Mecque\" \/>\n<meta property=\"og:url\" content=\"https:\/\/www.webdo.tn\/fr\/actualite\/international\/orange-tunisie-400-millimes-minute-les-tunisiens-en-pelerinage-mecque\/184327\/\" \/>\n<meta property=\"og:site_name\" content=\"webdo\" \/>\n<meta property=\"article:publisher\" content=\"https:\/\/www.facebook.com\/webdotn\" \/>\n<meta property=\"article:published_time\" content=\"2014-09-11T15:26:00+00:00\" \/>\n<meta property=\"article:modified_time\" content=\"2025-05-22T13:05:00+00:00\" \/>\n<meta name=\"author\" content=\"webdo.tn\" \/>\n<meta name=\"twitter:card\" content=\"summary_large_image\" \/>\n<meta name=\"twitter:creator\" content=\"@webdo_tn\" \/>\n<meta name=\"twitter:site\" content=\"@webdo_tn\" \/>\n<meta name=\"twitter:label1\" content=\"\u00c9crit par\" \/>\n\t<meta name=\"twitter:data1\" content=\"webdo.tn\" \/>\n\t<meta name=\"twitter:label2\" content=\"Dur\u00e9e de lecture estim\u00e9e\" \/>\n\t<meta name=\"twitter:data2\" content=\"1 minute\" \/>\n<script type=\"application\/ld+json\" class=\"yoast-schema-graph\">{\"@context\":\"https:\\\/\\\/schema.org\",\"@graph\":[{\"@type\":\"NewsArticle\",\"@id\":\"https:\\\/\\\/www.webdo.tn\\\/fr\\\/actualite\\\/international\\\/orange-tunisie-400-millimes-minute-les-tunisiens-en-pelerinage-mecque\\\/184327\\\/#article\",\"isPartOf\":{\"@id\":\"https:\\\/\\\/www.webdo.tn\\\/fr\\\/actualite\\\/international\\\/orange-tunisie-400-millimes-minute-les-tunisiens-en-pelerinage-mecque\\\/184327\\\/\"},\"author\":{\"name\":\"webdo.tn\",\"@id\":\"https:\\\/\\\/www.webdo.tn\\\/fr\\\/#\\\/schema\\\/person\\\/9a9c6118d687c117df8ef3cc36a4d175\"},\"headline\":\"Orange Tunisie : 400 millimes la minute pour les Tunisiens en p\u00e8lerinage \u00e0 la Mecque\",\"datePublished\":\"2014-09-11T15:26:00+00:00\",\"dateModified\":\"2025-05-22T13:05:00+00:00\",\"mainEntityOfPage\":{\"@id\":\"https:\\\/\\\/www.webdo.tn\\\/fr\\\/actualite\\\/international\\\/orange-tunisie-400-millimes-minute-les-tunisiens-en-pelerinage-mecque\\\/184327\\\/\"},\"wordCount\":135,\"commentCount\":0,\"publisher\":{\"@id\":\"https:\\\/\\\/www.webdo.tn\\\/fr\\\/#organization\"},\"image\":{\"@id\":\"https:\\\/\\\/www.webdo.tn\\\/fr\\\/actualite\\\/international\\\/orange-tunisie-400-millimes-minute-les-tunisiens-en-pelerinage-mecque\\\/184327\\\/#primaryimage\"},\"thumbnailUrl\":\"https:\\\/\\\/www.webdo.tn\\\/fr\\\/wp-content\\\/uploads\\\/2025\\\/06\\\/Orange-pelerinage_184327.jpg\",\"articleSection\":[\"International\"],\"inLanguage\":\"fr-FR\"},{\"@type\":\"WebPage\",\"@id\":\"https:\\\/\\\/www.webdo.tn\\\/fr\\\/actualite\\\/international\\\/orange-tunisie-400-millimes-minute-les-tunisiens-en-pelerinage-mecque\\\/184327\\\/\",\"url\":\"https:\\\/\\\/www.webdo.tn\\\/fr\\\/actualite\\\/international\\\/orange-tunisie-400-millimes-minute-les-tunisiens-en-pelerinage-mecque\\\/184327\\\/\",\"name\":\"Orange Tunisie : 400 millimes la minute pour les Tunisiens en p\u00e8lerinage \u00e0 la Mecque\",\"isPartOf\":{\"@id\":\"https:\\\/\\\/www.webdo.tn\\\/fr\\\/#website\"},\"primaryImageOfPage\":{\"@id\":\"https:\\\/\\\/www.webdo.tn\\\/fr\\\/actualite\\\/international\\\/orange-tunisie-400-millimes-minute-les-tunisiens-en-pelerinage-mecque\\\/184327\\\/#primaryimage\"},\"image\":{\"@id\":\"https:\\\/\\\/www.webdo.tn\\\/fr\\\/actualite\\\/international\\\/orange-tunisie-400-millimes-minute-les-tunisiens-en-pelerinage-mecque\\\/184327\\\/#primaryimage\"},\"thumbnailUrl\":\"https:\\\/\\\/www.webdo.tn\\\/fr\\\/wp-content\\\/uploads\\\/2025\\\/06\\\/Orange-pelerinage_184327.jpg\",\"datePublished\":\"2014-09-11T15:26:00+00:00\",\"dateModified\":\"2025-05-22T13:05:00+00:00\",\"description\":\"Orange Tunisie : 400 millimes la minute pour les Tunisiens en p\u00e8lerinage \u00e0 la Mecque\",\"breadcrumb\":{\"@id\":\"https:\\\/\\\/www.webdo.tn\\\/fr\\\/actualite\\\/international\\\/orange-tunisie-400-millimes-minute-les-tunisiens-en-pelerinage-mecque\\\/184327\\\/#breadcrumb\"},\"inLanguage\":\"fr-FR\",\"potentialAction\":[{\"@type\":\"ReadAction\",\"target\":[\"https:\\\/\\\/www.webdo.tn\\\/fr\\\/actualite\\\/international\\\/orange-tunisie-400-millimes-minute-les-tunisiens-en-pelerinage-mecque\\\/184327\\\/\"]}]},{\"@type\":\"ImageObject\",\"inLanguage\":\"fr-FR\",\"@id\":\"https:\\\/\\\/www.webdo.tn\\\/fr\\\/actualite\\\/international\\\/orange-tunisie-400-millimes-minute-les-tunisiens-en-pelerinage-mecque\\\/184327\\\/#primaryimage\",\"url\":\"https:\\\/\\\/www.webdo.tn\\\/fr\\\/wp-content\\\/uploads\\\/2025\\\/06\\\/Orange-pelerinage_184327.jpg\",\"contentUrl\":\"https:\\\/\\\/www.webdo.tn\\\/fr\\\/wp-content\\\/uploads\\\/2025\\\/06\\\/Orange-pelerinage_184327.jpg\",\"width\":550,\"height\":217,\"caption\":\"Orange Tunisie : 400 millimes la minute pour les Tunisiens en p\u00e8lerinage \u00e0 la Mecque\"},{\"@type\":\"BreadcrumbList\",\"@id\":\"https:\\\/\\\/www.webdo.tn\\\/fr\\\/actualite\\\/international\\\/orange-tunisie-400-millimes-minute-les-tunisiens-en-pelerinage-mecque\\\/184327\\\/#breadcrumb\",\"itemListElement\":[{\"@type\":\"ListItem\",\"position\":1,\"name\":\"Accueil\",\"item\":\"https:\\\/\\\/www.webdo.tn\\\/fr\\\/\"},{\"@type\":\"ListItem\",\"position\":2,\"name\":\"Orange Tunisie : 400 millimes la minute pour les Tunisiens en p\u00e8lerinage \u00e0 la Mecque\"}]},{\"@type\":\"WebSite\",\"@id\":\"https:\\\/\\\/www.webdo.tn\\\/fr\\\/#website\",\"url\":\"https:\\\/\\\/www.webdo.tn\\\/fr\\\/\",\"name\":\"webdo\",\"description\":\"Tunisie - News en Tunisie et \u00e0 l&#039;international sur Webdo.tn\",\"publisher\":{\"@id\":\"https:\\\/\\\/www.webdo.tn\\\/fr\\\/#organization\"},\"potentialAction\":[{\"@type\":\"SearchAction\",\"target\":{\"@type\":\"EntryPoint\",\"urlTemplate\":\"https:\\\/\\\/www.webdo.tn\\\/fr\\\/?s={search_term_string}\"},\"query-input\":{\"@type\":\"PropertyValueSpecification\",\"valueRequired\":true,\"valueName\":\"search_term_string\"}}],\"inLanguage\":\"fr-FR\"},{\"@type\":\"Organization\",\"@id\":\"https:\\\/\\\/www.webdo.tn\\\/fr\\\/#organization\",\"name\":\"Webdo\",\"alternateName\":\"Webdo.tn\",\"url\":\"https:\\\/\\\/www.webdo.tn\\\/fr\\\/\",\"logo\":{\"@type\":\"ImageObject\",\"inLanguage\":\"fr-FR\",\"@id\":\"https:\\\/\\\/www.webdo.tn\\\/fr\\\/#\\\/schema\\\/logo\\\/image\\\/\",\"url\":\"https:\\\/\\\/www.webdo.tn\\\/fr\\\/wp-content\\\/uploads\\\/2025\\\/06\\\/Webdo-Tunisie_168377.jpg\",\"contentUrl\":\"https:\\\/\\\/www.webdo.tn\\\/fr\\\/wp-content\\\/uploads\\\/2025\\\/06\\\/Webdo-Tunisie_168377.jpg\",\"width\":301,\"height\":301,\"caption\":\"Webdo\"},\"image\":{\"@id\":\"https:\\\/\\\/www.webdo.tn\\\/fr\\\/#\\\/schema\\\/logo\\\/image\\\/\"},\"sameAs\":[\"https:\\\/\\\/www.facebook.com\\\/webdotn\",\"https:\\\/\\\/x.com\\\/webdo_tn\"],\"description\":\"Webdo est un m\u00e9dia num\u00e9rique tunisien fond\u00e9 en 2010, sp\u00e9cialis\u00e9 dans l\u2019actualit\u00e9 nationale et internationale, l\u2019\u00e9conomie, la soci\u00e9t\u00e9 et les analyses politiques. Le site s\u2019adresse \u00e0 un large public francophone et couvre l\u2019information tunisienne en temps r\u00e9el.\",\"email\":\"redac@webdo.tn\",\"legalName\":\"YNJ SARL\",\"foundingDate\":\"2010-09-06\",\"numberOfEmployees\":{\"@type\":\"QuantitativeValue\",\"minValue\":\"11\",\"maxValue\":\"50\"}},{\"@type\":\"Person\",\"@id\":\"https:\\\/\\\/www.webdo.tn\\\/fr\\\/#\\\/schema\\\/person\\\/9a9c6118d687c117df8ef3cc36a4d175\",\"name\":\"webdo.tn\",\"image\":{\"@type\":\"ImageObject\",\"inLanguage\":\"fr-FR\",\"@id\":\"https:\\\/\\\/secure.gravatar.com\\\/avatar\\\/7ce1f28c0c3bbac99ff550b85ef8e44a6950c6ee24514fb6a5489e51d06f0298?s=96&d=mm&r=g\",\"url\":\"https:\\\/\\\/secure.gravatar.com\\\/avatar\\\/7ce1f28c0c3bbac99ff550b85ef8e44a6950c6ee24514fb6a5489e51d06f0298?s=96&d=mm&r=g\",\"contentUrl\":\"https:\\\/\\\/secure.gravatar.com\\\/avatar\\\/7ce1f28c0c3bbac99ff550b85ef8e44a6950c6ee24514fb6a5489e51d06f0298?s=96&d=mm&r=g\",\"caption\":\"webdo.tn\"},\"url\":\"https:\\\/\\\/www.webdo.tn\\\/fr\\\/actualite\\\/author\\\/webdotn\\\/\"}]}<\/script>\n<!-- \/ Yoast SEO Premium plugin. -->","yoast_head_json":{"title":"Orange Tunisie : 400 millimes la minute pour les Tunisiens en p\u00e8lerinage \u00e0 la Mecque","description":"Orange Tunisie : 400 millimes la minute pour les Tunisiens en p\u00e8lerinage \u00e0 la Mecque","canonical":"https:\/\/www.webdo.tn\/fr\/actualite\/international\/orange-tunisie-400-millimes-minute-les-tunisiens-en-pelerinage-mecque\/184327\/","og_locale":"fr_FR","og_type":"article","og_title":"Orange Tunisie : 400 millimes la minute pour les Tunisiens en p\u00e8lerinage \u00e0 la Mecque","og_description":"Orange Tunisie : 400 millimes la minute pour les Tunisiens en p\u00e8lerinage \u00e0 la Mecque","og_url":"https:\/\/www.webdo.tn\/fr\/actualite\/international\/orange-tunisie-400-millimes-minute-les-tunisiens-en-pelerinage-mecque\/184327\/","og_site_name":"webdo","article_publisher":"https:\/\/www.facebook.com\/webdotn","article_published_time":"2014-09-11T15:26:00+00:00","article_modified_time":"2025-05-22T13:05:00+00:00","author":"webdo.tn","twitter_card":"summary_large_image","twitter_creator":"@webdo_tn","twitter_site":"@webdo_tn","twitter_misc":{"\u00c9crit par":"webdo.tn","Dur\u00e9e de lecture estim\u00e9e":"1 minute"},"schema":{"@context":"https:\/\/schema.org","@graph":[{"@type":"NewsArticle","@id":"https:\/\/www.webdo.tn\/fr\/actualite\/international\/orange-tunisie-400-millimes-minute-les-tunisiens-en-pelerinage-mecque\/184327\/#article","isPartOf":{"@id":"https:\/\/www.webdo.tn\/fr\/actualite\/international\/orange-tunisie-400-millimes-minute-les-tunisiens-en-pelerinage-mecque\/184327\/"},"author":{"name":"webdo.tn","@id":"https:\/\/www.webdo.tn\/fr\/#\/schema\/person\/9a9c6118d687c117df8ef3cc36a4d175"},"headline":"Orange Tunisie : 400 millimes la minute pour les Tunisiens en p\u00e8lerinage \u00e0 la Mecque","datePublished":"2014-09-11T15:26:00+00:00","dateModified":"2025-05-22T13:05:00+00:00","mainEntityOfPage":{"@id":"https:\/\/www.webdo.tn\/fr\/actualite\/international\/orange-tunisie-400-millimes-minute-les-tunisiens-en-pelerinage-mecque\/184327\/"},"wordCount":135,"commentCount":0,"publisher":{"@id":"https:\/\/www.webdo.tn\/fr\/#organization"},"image":{"@id":"https:\/\/www.webdo.tn\/fr\/actualite\/international\/orange-tunisie-400-millimes-minute-les-tunisiens-en-pelerinage-mecque\/184327\/#primaryimage"},"thumbnailUrl":"https:\/\/www.webdo.tn\/fr\/wp-content\/uploads\/2025\/06\/Orange-pelerinage_184327.jpg","articleSection":["International"],"inLanguage":"fr-FR"},{"@type":"WebPage","@id":"https:\/\/www.webdo.tn\/fr\/actualite\/international\/orange-tunisie-400-millimes-minute-les-tunisiens-en-pelerinage-mecque\/184327\/","url":"https:\/\/www.webdo.tn\/fr\/actualite\/international\/orange-tunisie-400-millimes-minute-les-tunisiens-en-pelerinage-mecque\/184327\/","name":"Orange Tunisie : 400 millimes la minute pour les Tunisiens en p\u00e8lerinage \u00e0 la Mecque","isPartOf":{"@id":"https:\/\/www.webdo.tn\/fr\/#website"},"primaryImageOfPage":{"@id":"https:\/\/www.webdo.tn\/fr\/actualite\/international\/orange-tunisie-400-millimes-minute-les-tunisiens-en-pelerinage-mecque\/184327\/#primaryimage"},"image":{"@id":"https:\/\/www.webdo.tn\/fr\/actualite\/international\/orange-tunisie-400-millimes-minute-les-tunisiens-en-pelerinage-mecque\/184327\/#primaryimage"},"thumbnailUrl":"https:\/\/www.webdo.tn\/fr\/wp-content\/uploads\/2025\/06\/Orange-pelerinage_184327.jpg","datePublished":"2014-09-11T15:26:00+00:00","dateModified":"2025-05-22T13:05:00+00:00","description":"Orange Tunisie : 400 millimes la minute pour les Tunisiens en p\u00e8lerinage \u00e0 la Mecque","breadcrumb":{"@id":"https:\/\/www.webdo.tn\/fr\/actualite\/international\/orange-tunisie-400-millimes-minute-les-tunisiens-en-pelerinage-mecque\/184327\/#breadcrumb"},"inLanguage":"fr-FR","potentialAction":[{"@type":"ReadAction","target":["https:\/\/www.webdo.tn\/fr\/actualite\/international\/orange-tunisie-400-millimes-minute-les-tunisiens-en-pelerinage-mecque\/184327\/"]}]},{"@type":"ImageObject","inLanguage":"fr-FR","@id":"https:\/\/www.webdo.tn\/fr\/actualite\/international\/orange-tunisie-400-millimes-minute-les-tunisiens-en-pelerinage-mecque\/184327\/#primaryimage","url":"https:\/\/www.webdo.tn\/fr\/wp-content\/uploads\/2025\/06\/Orange-pelerinage_184327.jpg","contentUrl":"https:\/\/www.webdo.tn\/fr\/wp-content\/uploads\/2025\/06\/Orange-pelerinage_184327.jpg","width":550,"height":217,"caption":"Orange Tunisie : 400 millimes la minute pour les Tunisiens en p\u00e8lerinage \u00e0 la Mecque"},{"@type":"BreadcrumbList","@id":"https:\/\/www.webdo.tn\/fr\/actualite\/international\/orange-tunisie-400-millimes-minute-les-tunisiens-en-pelerinage-mecque\/184327\/#breadcrumb","itemListElement":[{"@type":"ListItem","position":1,"name":"Accueil","item":"https:\/\/www.webdo.tn\/fr\/"},{"@type":"ListItem","position":2,"name":"Orange Tunisie : 400 millimes la minute pour les Tunisiens en p\u00e8lerinage \u00e0 la Mecque"}]},{"@type":"WebSite","@id":"https:\/\/www.webdo.tn\/fr\/#website","url":"https:\/\/www.webdo.tn\/fr\/","name":"webdo","description":"Tunisie - News en Tunisie et \u00e0 l&#039;international sur Webdo.tn","publisher":{"@id":"https:\/\/www.webdo.tn\/fr\/#organization"},"potentialAction":[{"@type":"SearchAction","target":{"@type":"EntryPoint","urlTemplate":"https:\/\/www.webdo.tn\/fr\/?s={search_term_string}"},"query-input":{"@type":"PropertyValueSpecification","valueRequired":true,"valueName":"search_term_string"}}],"inLanguage":"fr-FR"},{"@type":"Organization","@id":"https:\/\/www.webdo.tn\/fr\/#organization","name":"Webdo","alternateName":"Webdo.tn","url":"https:\/\/www.webdo.tn\/fr\/","logo":{"@type":"ImageObject","inLanguage":"fr-FR","@id":"https:\/\/www.webdo.tn\/fr\/#\/schema\/logo\/image\/","url":"https:\/\/www.webdo.tn\/fr\/wp-content\/uploads\/2025\/06\/Webdo-Tunisie_168377.jpg","contentUrl":"https:\/\/www.webdo.tn\/fr\/wp-content\/uploads\/2025\/06\/Webdo-Tunisie_168377.jpg","width":301,"height":301,"caption":"Webdo"},"image":{"@id":"https:\/\/www.webdo.tn\/fr\/#\/schema\/logo\/image\/"},"sameAs":["https:\/\/www.facebook.com\/webdotn","https:\/\/x.com\/webdo_tn"],"description":"Webdo est un m\u00e9dia num\u00e9rique tunisien fond\u00e9 en 2010, sp\u00e9cialis\u00e9 dans l\u2019actualit\u00e9 nationale et internationale, l\u2019\u00e9conomie, la soci\u00e9t\u00e9 et les analyses politiques. Le site s\u2019adresse \u00e0 un large public francophone et couvre l\u2019information tunisienne en temps r\u00e9el.","email":"redac@webdo.tn","legalName":"YNJ SARL","foundingDate":"2010-09-06","numberOfEmployees":{"@type":"QuantitativeValue","minValue":"11","maxValue":"50"}},{"@type":"Person","@id":"https:\/\/www.webdo.tn\/fr\/#\/schema\/person\/9a9c6118d687c117df8ef3cc36a4d175","name":"webdo.tn","image":{"@type":"ImageObject","inLanguage":"fr-FR","@id":"https:\/\/secure.gravatar.com\/avatar\/7ce1f28c0c3bbac99ff550b85ef8e44a6950c6ee24514fb6a5489e51d06f0298?s=96&d=mm&r=g","url":"https:\/\/secure.gravatar.com\/avatar\/7ce1f28c0c3bbac99ff550b85ef8e44a6950c6ee24514fb6a5489e51d06f0298?s=96&d=mm&r=g","contentUrl":"https:\/\/secure.gravatar.com\/avatar\/7ce1f28c0c3bbac99ff550b85ef8e44a6950c6ee24514fb6a5489e51d06f0298?s=96&d=mm&r=g","caption":"webdo.tn"},"url":"https:\/\/www.webdo.tn\/fr\/actualite\/author\/webdotn\/"}]}},"_links":{"self":[{"href":"https:\/\/www.webdo.tn\/fr\/wp-json\/wp\/v2\/posts\/184327","targetHints":{"allow":["GET"]}}],"collection":[{"href":"https:\/\/www.webdo.tn\/fr\/wp-json\/wp\/v2\/posts"}],"about":[{"href":"https:\/\/www.webdo.tn\/fr\/wp-json\/wp\/v2\/types\/post"}],"author":[{"embeddable":true,"href":"https:\/\/www.webdo.tn\/fr\/wp-json\/wp\/v2\/users\/3222"}],"replies":[{"embeddable":true,"href":"https:\/\/www.webdo.tn\/fr\/wp-json\/wp\/v2\/comments?post=184327"}],"version-history":[{"count":0,"href":"https:\/\/www.webdo.tn\/fr\/wp-json\/wp\/v2\/posts\/184327\/revisions"}],"wp:featuredmedia":[{"embeddable":true,"href":"https:\/\/www.webdo.tn\/fr\/wp-json\/wp\/v2\/media\/373517"}],"wp:attachment":[{"href":"https:\/\/www.webdo.tn\/fr\/wp-json\/wp\/v2\/media?parent=184327"}],"wp:term":[{"taxonomy":"category","embeddable":true,"href":"https:\/\/www.webdo.tn\/fr\/wp-json\/wp\/v2\/categories?post=184327"},{"taxonomy":"post_tag","embeddable":true,"href":"https:\/\/www.webdo.tn\/fr\/wp-json\/wp\/v2\/tags?post=184327"}],"curies":[{"name":"wp","href":"https:\/\/api.w.org\/{rel}","templated":true}]}}