{"id":184325,"date":"2014-09-14T08:39:00","date_gmt":"2014-09-14T08:39:00","guid":{"rendered":"https:\/\/www.webdo.tn\/fr\/blog\/david-cameron-lassassinat-david-haines-acte-pur-mal\/184325\/"},"modified":"2025-05-22T13:04:59","modified_gmt":"2025-05-22T13:04:59","slug":"david-cameron-lassassinat-david-haines-acte-pur-mal","status":"publish","type":"post","link":"https:\/\/www.webdo.tn\/fr\/actualite\/international\/david-cameron-lassassinat-david-haines-acte-pur-mal\/184325\/","title":{"rendered":"David Cameron : \u00ab\u00a0L&rsquo;assassinat de David Haines est un acte de pur mal\u00a0\u00bb"},"content":{"rendered":"<p>Une troisi\u00e8me vid\u00e9o a \u00e9t\u00e9 diffus\u00e9e, ce samedi 13 septembre, dans laquelle David Haines, un citoyen britannique s&rsquo;adresse au premier ministre David Cameron \u00e0 c\u00f4t\u00e9 d&rsquo;un homme cagoul\u00e9 qui serait un terroriste de Daech.\u00a0La vid\u00e9o est introuvable sur internet. <\/p>\n<p>L&rsquo;information a \u00e9t\u00e9 rapport\u00e9e principalement par le centre am\u00e9ricain de surveillance des sites islamistes SITE et reprise par les m\u00e9dias.\u00a0<\/p>\n<p>D&rsquo;apr\u00e8s SITE, dans la vid\u00e9o,\u00a0un homme en noir, cagoul\u00e9, \u00a0a reproch\u00e9 au Royaume-Uni le fait qu&rsquo;il s&rsquo;est alli\u00e9 aux \u00c9tats-Unis pour mener des bombardements contre l&rsquo;EI en Irak. \u00ab\u00a0Ce citoyen britannique va payer ta promesse, toi Cameron, \u00e0 la Bachmarka pour l&rsquo;armer contre l&rsquo;Etat islamique,\u00a0\u00bb dit-il dans la s\u00e9quence. \u00a0<\/p>\n<p>Al Bachmarka repr\u00e9sentent les combattants kurdes et signifient litt\u00e9ralement \u00ab\u00a0ceux qui font fassent \u00e0 la mort\u00a0\u00bb.<\/p>\n<p>A c\u00f4t\u00e9 de son bourreau, David Haines d\u00e9clare coupable David Cameron responsable de son ex\u00e9cution.\u00a0<\/p>\n<p>Haines \u00e9tait responsable logistique dans le camp de r\u00e9fugi\u00e9s d&rsquo;Atmeh, un village syrien pr\u00e8s de la fronti\u00e8re turque pour l&rsquo;ONG fran\u00e7aise Acted.\u00a0<br \/>\n\u00ab\u00a0David travaille depuis 1999 dans l\u2019humanitaire aupr\u00e8s des victimes de conflits, dans les Balkans, en Afrique ou au Moyen-Orient. Il a \u00e9t\u00e9 enlev\u00e9 en mars 2013 alors qu\u2019il travaillait dans le cadre d\u2019une intervention humanitaire d\u2019ACTED en Syrie en soutien \u00e0 des dizaines de milliers de Syriens victimes du conflit.\u00a0\u00bb<br \/>\nVers une heure du matin, le premier ministre David Cameron a r\u00e9agit sur twitter<br \/>\nThe murder of David Haines is an act of pure evil. My heart goes out to his family who have shown extraordinary courage and fortitude. \u2014 David Cameron (@David_Cameron) 13 Septembre 2014<br \/>\nLe Royaume uni, alli\u00e9 des Etats-Unis contre Daech, devient la cible des terroristes int\u00e9gristes du dit \u00ab\u00a0Etat islamique\u00a0\u00bb.<\/p>\n<p>We will do everything in our power to hunt down these murderers and ensure they face justice, however long it takes. \u2014 David Cameron (@David_Cameron) 13 Septembre 2014<\/p>\n<p>\u00ab\u00a0Nous ferons tout ce qui est en notre pouvoir pour traquer ces tueurs et veiller \u00e0 ce qu&rsquo;ils soient traduits en justice, le temps qu&rsquo;il faudra.\u00a0\u00bb<\/p>\n<p>\u00a0<\/p>\n<p>La prochaine victime \u00ab\u00a0Alan Henning\u00a0\u00bb<\/p>\n<p>La quatri\u00e8me victime, apr\u00e8s James Foley et Steven Sotloff et Haines, serait un certain Allan Henning.<br \/>\nA la fin de la vid\u00e9o de la d\u00e9capitation de David Haines, le bourreau de l&rsquo;#EI menace de tuer Allan Henning, un autre otage britannique. \u2014 Romain Caillet (@RomainCaillet) 13 Septembre 2014<\/p>\n","protected":false},"excerpt":{"rendered":"<p>David Cameron :  L&rsquo;assassinat de David Haines est un acte de pur mal <\/p>\n","protected":false},"author":3222,"featured_media":320360,"comment_status":"open","ping_status":"closed","sticky":false,"template":"","format":"standard","meta":{"footnotes":""},"categories":[2598],"tags":[],"class_list":["post-184325","post","type-post","status-publish","format-standard","has-post-thumbnail","hentry","category-international"],"yoast_head":"<!-- This site is optimized with the Yoast SEO Premium plugin v27.5 (Yoast SEO v27.5) - https:\/\/yoast.com\/product\/yoast-seo-premium-wordpress\/ -->\n<title>David Cameron : L&#039;assassinat de David Haines est un acte de pur mal<\/title>\n<meta name=\"description\" content=\"David Cameron : L&#039;assassinat de David Haines est un acte de pur mal\" \/>\n<link rel=\"canonical\" href=\"https:\/\/www.webdo.tn\/fr\/actualite\/international\/david-cameron-lassassinat-david-haines-acte-pur-mal\/184325\/\" \/>\n<meta property=\"og:locale\" content=\"fr_FR\" \/>\n<meta property=\"og:type\" content=\"article\" \/>\n<meta property=\"og:title\" content=\"David Cameron : &quot;L&#039;assassinat de David Haines est un acte de pur mal&quot;\" \/>\n<meta property=\"og:description\" content=\"David Cameron : L&#039;assassinat de David Haines est un acte de pur mal\" \/>\n<meta property=\"og:url\" content=\"https:\/\/www.webdo.tn\/fr\/actualite\/international\/david-cameron-lassassinat-david-haines-acte-pur-mal\/184325\/\" \/>\n<meta property=\"og:site_name\" content=\"webdo\" \/>\n<meta property=\"article:publisher\" content=\"https:\/\/www.facebook.com\/webdotn\" \/>\n<meta property=\"article:published_time\" content=\"2014-09-14T08:39:00+00:00\" \/>\n<meta property=\"article:modified_time\" content=\"2025-05-22T13:04:59+00:00\" \/>\n<meta property=\"og:image\" content=\"https:\/\/www.webdo.tn\/fr\/wp-content\/uploads\/2014\/09\/Etat-islamique.jpg\" \/>\n\t<meta property=\"og:image:width\" content=\"400\" \/>\n\t<meta property=\"og:image:height\" content=\"224\" \/>\n\t<meta property=\"og:image:type\" content=\"image\/jpeg\" \/>\n<meta name=\"author\" content=\"webdo.tn\" \/>\n<meta name=\"twitter:card\" content=\"summary_large_image\" \/>\n<meta name=\"twitter:creator\" content=\"@webdo_tn\" \/>\n<meta name=\"twitter:site\" content=\"@webdo_tn\" \/>\n<meta name=\"twitter:label1\" content=\"\u00c9crit par\" \/>\n\t<meta name=\"twitter:data1\" content=\"webdo.tn\" \/>\n\t<meta name=\"twitter:label2\" content=\"Dur\u00e9e de lecture estim\u00e9e\" \/>\n\t<meta name=\"twitter:data2\" content=\"2 minutes\" \/>\n<script type=\"application\/ld+json\" class=\"yoast-schema-graph\">{\"@context\":\"https:\\\/\\\/schema.org\",\"@graph\":[{\"@type\":\"NewsArticle\",\"@id\":\"https:\\\/\\\/www.webdo.tn\\\/fr\\\/actualite\\\/international\\\/david-cameron-lassassinat-david-haines-acte-pur-mal\\\/184325\\\/#article\",\"isPartOf\":{\"@id\":\"https:\\\/\\\/www.webdo.tn\\\/fr\\\/actualite\\\/international\\\/david-cameron-lassassinat-david-haines-acte-pur-mal\\\/184325\\\/\"},\"author\":{\"name\":\"webdo.tn\",\"@id\":\"https:\\\/\\\/www.webdo.tn\\\/fr\\\/#\\\/schema\\\/person\\\/9a9c6118d687c117df8ef3cc36a4d175\"},\"headline\":\"David Cameron : \u00ab\u00a0L&rsquo;assassinat de David Haines est un acte de pur mal\u00a0\u00bb\",\"datePublished\":\"2014-09-14T08:39:00+00:00\",\"dateModified\":\"2025-05-22T13:04:59+00:00\",\"mainEntityOfPage\":{\"@id\":\"https:\\\/\\\/www.webdo.tn\\\/fr\\\/actualite\\\/international\\\/david-cameron-lassassinat-david-haines-acte-pur-mal\\\/184325\\\/\"},\"wordCount\":428,\"commentCount\":0,\"publisher\":{\"@id\":\"https:\\\/\\\/www.webdo.tn\\\/fr\\\/#organization\"},\"image\":{\"@id\":\"https:\\\/\\\/www.webdo.tn\\\/fr\\\/actualite\\\/international\\\/david-cameron-lassassinat-david-haines-acte-pur-mal\\\/184325\\\/#primaryimage\"},\"thumbnailUrl\":\"https:\\\/\\\/www.webdo.tn\\\/fr\\\/wp-content\\\/uploads\\\/2014\\\/09\\\/Etat-islamique.jpg\",\"articleSection\":[\"International\"],\"inLanguage\":\"fr-FR\"},{\"@type\":\"WebPage\",\"@id\":\"https:\\\/\\\/www.webdo.tn\\\/fr\\\/actualite\\\/international\\\/david-cameron-lassassinat-david-haines-acte-pur-mal\\\/184325\\\/\",\"url\":\"https:\\\/\\\/www.webdo.tn\\\/fr\\\/actualite\\\/international\\\/david-cameron-lassassinat-david-haines-acte-pur-mal\\\/184325\\\/\",\"name\":\"David Cameron : L'assassinat de David Haines est un acte de pur mal\",\"isPartOf\":{\"@id\":\"https:\\\/\\\/www.webdo.tn\\\/fr\\\/#website\"},\"primaryImageOfPage\":{\"@id\":\"https:\\\/\\\/www.webdo.tn\\\/fr\\\/actualite\\\/international\\\/david-cameron-lassassinat-david-haines-acte-pur-mal\\\/184325\\\/#primaryimage\"},\"image\":{\"@id\":\"https:\\\/\\\/www.webdo.tn\\\/fr\\\/actualite\\\/international\\\/david-cameron-lassassinat-david-haines-acte-pur-mal\\\/184325\\\/#primaryimage\"},\"thumbnailUrl\":\"https:\\\/\\\/www.webdo.tn\\\/fr\\\/wp-content\\\/uploads\\\/2014\\\/09\\\/Etat-islamique.jpg\",\"datePublished\":\"2014-09-14T08:39:00+00:00\",\"dateModified\":\"2025-05-22T13:04:59+00:00\",\"description\":\"David Cameron : L'assassinat de David Haines est un acte de pur mal\",\"breadcrumb\":{\"@id\":\"https:\\\/\\\/www.webdo.tn\\\/fr\\\/actualite\\\/international\\\/david-cameron-lassassinat-david-haines-acte-pur-mal\\\/184325\\\/#breadcrumb\"},\"inLanguage\":\"fr-FR\",\"potentialAction\":[{\"@type\":\"ReadAction\",\"target\":[\"https:\\\/\\\/www.webdo.tn\\\/fr\\\/actualite\\\/international\\\/david-cameron-lassassinat-david-haines-acte-pur-mal\\\/184325\\\/\"]}]},{\"@type\":\"ImageObject\",\"inLanguage\":\"fr-FR\",\"@id\":\"https:\\\/\\\/www.webdo.tn\\\/fr\\\/actualite\\\/international\\\/david-cameron-lassassinat-david-haines-acte-pur-mal\\\/184325\\\/#primaryimage\",\"url\":\"https:\\\/\\\/www.webdo.tn\\\/fr\\\/wp-content\\\/uploads\\\/2014\\\/09\\\/Etat-islamique.jpg\",\"contentUrl\":\"https:\\\/\\\/www.webdo.tn\\\/fr\\\/wp-content\\\/uploads\\\/2014\\\/09\\\/Etat-islamique.jpg\",\"width\":400,\"height\":224,\"caption\":\"David Cameron : \\\"L'assassinat de David Haines est un acte de pur mal\\\"\"},{\"@type\":\"BreadcrumbList\",\"@id\":\"https:\\\/\\\/www.webdo.tn\\\/fr\\\/actualite\\\/international\\\/david-cameron-lassassinat-david-haines-acte-pur-mal\\\/184325\\\/#breadcrumb\",\"itemListElement\":[{\"@type\":\"ListItem\",\"position\":1,\"name\":\"Accueil\",\"item\":\"https:\\\/\\\/www.webdo.tn\\\/fr\\\/\"},{\"@type\":\"ListItem\",\"position\":2,\"name\":\"David Cameron : \u00ab\u00a0L&rsquo;assassinat de David Haines est un acte de pur mal\u00a0\u00bb\"}]},{\"@type\":\"WebSite\",\"@id\":\"https:\\\/\\\/www.webdo.tn\\\/fr\\\/#website\",\"url\":\"https:\\\/\\\/www.webdo.tn\\\/fr\\\/\",\"name\":\"webdo\",\"description\":\"Tunisie - News en Tunisie et \u00e0 l&#039;international sur Webdo.tn\",\"publisher\":{\"@id\":\"https:\\\/\\\/www.webdo.tn\\\/fr\\\/#organization\"},\"potentialAction\":[{\"@type\":\"SearchAction\",\"target\":{\"@type\":\"EntryPoint\",\"urlTemplate\":\"https:\\\/\\\/www.webdo.tn\\\/fr\\\/?s={search_term_string}\"},\"query-input\":{\"@type\":\"PropertyValueSpecification\",\"valueRequired\":true,\"valueName\":\"search_term_string\"}}],\"inLanguage\":\"fr-FR\"},{\"@type\":\"Organization\",\"@id\":\"https:\\\/\\\/www.webdo.tn\\\/fr\\\/#organization\",\"name\":\"Webdo\",\"alternateName\":\"Webdo.tn\",\"url\":\"https:\\\/\\\/www.webdo.tn\\\/fr\\\/\",\"logo\":{\"@type\":\"ImageObject\",\"inLanguage\":\"fr-FR\",\"@id\":\"https:\\\/\\\/www.webdo.tn\\\/fr\\\/#\\\/schema\\\/logo\\\/image\\\/\",\"url\":\"https:\\\/\\\/www.webdo.tn\\\/fr\\\/wp-content\\\/uploads\\\/2025\\\/06\\\/Webdo-Tunisie_168377.jpg\",\"contentUrl\":\"https:\\\/\\\/www.webdo.tn\\\/fr\\\/wp-content\\\/uploads\\\/2025\\\/06\\\/Webdo-Tunisie_168377.jpg\",\"width\":301,\"height\":301,\"caption\":\"Webdo\"},\"image\":{\"@id\":\"https:\\\/\\\/www.webdo.tn\\\/fr\\\/#\\\/schema\\\/logo\\\/image\\\/\"},\"sameAs\":[\"https:\\\/\\\/www.facebook.com\\\/webdotn\",\"https:\\\/\\\/x.com\\\/webdo_tn\"],\"description\":\"Webdo est un m\u00e9dia num\u00e9rique tunisien fond\u00e9 en 2010, sp\u00e9cialis\u00e9 dans l\u2019actualit\u00e9 nationale et internationale, l\u2019\u00e9conomie, la soci\u00e9t\u00e9 et les analyses politiques. Le site s\u2019adresse \u00e0 un large public francophone et couvre l\u2019information tunisienne en temps r\u00e9el.\",\"email\":\"redac@webdo.tn\",\"legalName\":\"YNJ SARL\",\"foundingDate\":\"2010-09-06\",\"numberOfEmployees\":{\"@type\":\"QuantitativeValue\",\"minValue\":\"11\",\"maxValue\":\"50\"}},{\"@type\":\"Person\",\"@id\":\"https:\\\/\\\/www.webdo.tn\\\/fr\\\/#\\\/schema\\\/person\\\/9a9c6118d687c117df8ef3cc36a4d175\",\"name\":\"webdo.tn\",\"image\":{\"@type\":\"ImageObject\",\"inLanguage\":\"fr-FR\",\"@id\":\"https:\\\/\\\/secure.gravatar.com\\\/avatar\\\/7ce1f28c0c3bbac99ff550b85ef8e44a6950c6ee24514fb6a5489e51d06f0298?s=96&d=mm&r=g\",\"url\":\"https:\\\/\\\/secure.gravatar.com\\\/avatar\\\/7ce1f28c0c3bbac99ff550b85ef8e44a6950c6ee24514fb6a5489e51d06f0298?s=96&d=mm&r=g\",\"contentUrl\":\"https:\\\/\\\/secure.gravatar.com\\\/avatar\\\/7ce1f28c0c3bbac99ff550b85ef8e44a6950c6ee24514fb6a5489e51d06f0298?s=96&d=mm&r=g\",\"caption\":\"webdo.tn\"},\"url\":\"https:\\\/\\\/www.webdo.tn\\\/fr\\\/actualite\\\/author\\\/webdotn\\\/\"}]}<\/script>\n<!-- \/ Yoast SEO Premium plugin. -->","yoast_head_json":{"title":"David Cameron : L'assassinat de David Haines est un acte de pur mal","description":"David Cameron : L'assassinat de David Haines est un acte de pur mal","canonical":"https:\/\/www.webdo.tn\/fr\/actualite\/international\/david-cameron-lassassinat-david-haines-acte-pur-mal\/184325\/","og_locale":"fr_FR","og_type":"article","og_title":"David Cameron : \"L'assassinat de David Haines est un acte de pur mal\"","og_description":"David Cameron : L'assassinat de David Haines est un acte de pur mal","og_url":"https:\/\/www.webdo.tn\/fr\/actualite\/international\/david-cameron-lassassinat-david-haines-acte-pur-mal\/184325\/","og_site_name":"webdo","article_publisher":"https:\/\/www.facebook.com\/webdotn","article_published_time":"2014-09-14T08:39:00+00:00","article_modified_time":"2025-05-22T13:04:59+00:00","og_image":[{"width":400,"height":224,"url":"https:\/\/www.webdo.tn\/fr\/wp-content\/uploads\/2014\/09\/Etat-islamique.jpg","type":"image\/jpeg"}],"author":"webdo.tn","twitter_card":"summary_large_image","twitter_creator":"@webdo_tn","twitter_site":"@webdo_tn","twitter_misc":{"\u00c9crit par":"webdo.tn","Dur\u00e9e de lecture estim\u00e9e":"2 minutes"},"schema":{"@context":"https:\/\/schema.org","@graph":[{"@type":"NewsArticle","@id":"https:\/\/www.webdo.tn\/fr\/actualite\/international\/david-cameron-lassassinat-david-haines-acte-pur-mal\/184325\/#article","isPartOf":{"@id":"https:\/\/www.webdo.tn\/fr\/actualite\/international\/david-cameron-lassassinat-david-haines-acte-pur-mal\/184325\/"},"author":{"name":"webdo.tn","@id":"https:\/\/www.webdo.tn\/fr\/#\/schema\/person\/9a9c6118d687c117df8ef3cc36a4d175"},"headline":"David Cameron : \u00ab\u00a0L&rsquo;assassinat de David Haines est un acte de pur mal\u00a0\u00bb","datePublished":"2014-09-14T08:39:00+00:00","dateModified":"2025-05-22T13:04:59+00:00","mainEntityOfPage":{"@id":"https:\/\/www.webdo.tn\/fr\/actualite\/international\/david-cameron-lassassinat-david-haines-acte-pur-mal\/184325\/"},"wordCount":428,"commentCount":0,"publisher":{"@id":"https:\/\/www.webdo.tn\/fr\/#organization"},"image":{"@id":"https:\/\/www.webdo.tn\/fr\/actualite\/international\/david-cameron-lassassinat-david-haines-acte-pur-mal\/184325\/#primaryimage"},"thumbnailUrl":"https:\/\/www.webdo.tn\/fr\/wp-content\/uploads\/2014\/09\/Etat-islamique.jpg","articleSection":["International"],"inLanguage":"fr-FR"},{"@type":"WebPage","@id":"https:\/\/www.webdo.tn\/fr\/actualite\/international\/david-cameron-lassassinat-david-haines-acte-pur-mal\/184325\/","url":"https:\/\/www.webdo.tn\/fr\/actualite\/international\/david-cameron-lassassinat-david-haines-acte-pur-mal\/184325\/","name":"David Cameron : L'assassinat de David Haines est un acte de pur mal","isPartOf":{"@id":"https:\/\/www.webdo.tn\/fr\/#website"},"primaryImageOfPage":{"@id":"https:\/\/www.webdo.tn\/fr\/actualite\/international\/david-cameron-lassassinat-david-haines-acte-pur-mal\/184325\/#primaryimage"},"image":{"@id":"https:\/\/www.webdo.tn\/fr\/actualite\/international\/david-cameron-lassassinat-david-haines-acte-pur-mal\/184325\/#primaryimage"},"thumbnailUrl":"https:\/\/www.webdo.tn\/fr\/wp-content\/uploads\/2014\/09\/Etat-islamique.jpg","datePublished":"2014-09-14T08:39:00+00:00","dateModified":"2025-05-22T13:04:59+00:00","description":"David Cameron : L'assassinat de David Haines est un acte de pur mal","breadcrumb":{"@id":"https:\/\/www.webdo.tn\/fr\/actualite\/international\/david-cameron-lassassinat-david-haines-acte-pur-mal\/184325\/#breadcrumb"},"inLanguage":"fr-FR","potentialAction":[{"@type":"ReadAction","target":["https:\/\/www.webdo.tn\/fr\/actualite\/international\/david-cameron-lassassinat-david-haines-acte-pur-mal\/184325\/"]}]},{"@type":"ImageObject","inLanguage":"fr-FR","@id":"https:\/\/www.webdo.tn\/fr\/actualite\/international\/david-cameron-lassassinat-david-haines-acte-pur-mal\/184325\/#primaryimage","url":"https:\/\/www.webdo.tn\/fr\/wp-content\/uploads\/2014\/09\/Etat-islamique.jpg","contentUrl":"https:\/\/www.webdo.tn\/fr\/wp-content\/uploads\/2014\/09\/Etat-islamique.jpg","width":400,"height":224,"caption":"David Cameron : \"L'assassinat de David Haines est un acte de pur mal\""},{"@type":"BreadcrumbList","@id":"https:\/\/www.webdo.tn\/fr\/actualite\/international\/david-cameron-lassassinat-david-haines-acte-pur-mal\/184325\/#breadcrumb","itemListElement":[{"@type":"ListItem","position":1,"name":"Accueil","item":"https:\/\/www.webdo.tn\/fr\/"},{"@type":"ListItem","position":2,"name":"David Cameron : \u00ab\u00a0L&rsquo;assassinat de David Haines est un acte de pur mal\u00a0\u00bb"}]},{"@type":"WebSite","@id":"https:\/\/www.webdo.tn\/fr\/#website","url":"https:\/\/www.webdo.tn\/fr\/","name":"webdo","description":"Tunisie - News en Tunisie et \u00e0 l&#039;international sur Webdo.tn","publisher":{"@id":"https:\/\/www.webdo.tn\/fr\/#organization"},"potentialAction":[{"@type":"SearchAction","target":{"@type":"EntryPoint","urlTemplate":"https:\/\/www.webdo.tn\/fr\/?s={search_term_string}"},"query-input":{"@type":"PropertyValueSpecification","valueRequired":true,"valueName":"search_term_string"}}],"inLanguage":"fr-FR"},{"@type":"Organization","@id":"https:\/\/www.webdo.tn\/fr\/#organization","name":"Webdo","alternateName":"Webdo.tn","url":"https:\/\/www.webdo.tn\/fr\/","logo":{"@type":"ImageObject","inLanguage":"fr-FR","@id":"https:\/\/www.webdo.tn\/fr\/#\/schema\/logo\/image\/","url":"https:\/\/www.webdo.tn\/fr\/wp-content\/uploads\/2025\/06\/Webdo-Tunisie_168377.jpg","contentUrl":"https:\/\/www.webdo.tn\/fr\/wp-content\/uploads\/2025\/06\/Webdo-Tunisie_168377.jpg","width":301,"height":301,"caption":"Webdo"},"image":{"@id":"https:\/\/www.webdo.tn\/fr\/#\/schema\/logo\/image\/"},"sameAs":["https:\/\/www.facebook.com\/webdotn","https:\/\/x.com\/webdo_tn"],"description":"Webdo est un m\u00e9dia num\u00e9rique tunisien fond\u00e9 en 2010, sp\u00e9cialis\u00e9 dans l\u2019actualit\u00e9 nationale et internationale, l\u2019\u00e9conomie, la soci\u00e9t\u00e9 et les analyses politiques. Le site s\u2019adresse \u00e0 un large public francophone et couvre l\u2019information tunisienne en temps r\u00e9el.","email":"redac@webdo.tn","legalName":"YNJ SARL","foundingDate":"2010-09-06","numberOfEmployees":{"@type":"QuantitativeValue","minValue":"11","maxValue":"50"}},{"@type":"Person","@id":"https:\/\/www.webdo.tn\/fr\/#\/schema\/person\/9a9c6118d687c117df8ef3cc36a4d175","name":"webdo.tn","image":{"@type":"ImageObject","inLanguage":"fr-FR","@id":"https:\/\/secure.gravatar.com\/avatar\/7ce1f28c0c3bbac99ff550b85ef8e44a6950c6ee24514fb6a5489e51d06f0298?s=96&d=mm&r=g","url":"https:\/\/secure.gravatar.com\/avatar\/7ce1f28c0c3bbac99ff550b85ef8e44a6950c6ee24514fb6a5489e51d06f0298?s=96&d=mm&r=g","contentUrl":"https:\/\/secure.gravatar.com\/avatar\/7ce1f28c0c3bbac99ff550b85ef8e44a6950c6ee24514fb6a5489e51d06f0298?s=96&d=mm&r=g","caption":"webdo.tn"},"url":"https:\/\/www.webdo.tn\/fr\/actualite\/author\/webdotn\/"}]}},"_links":{"self":[{"href":"https:\/\/www.webdo.tn\/fr\/wp-json\/wp\/v2\/posts\/184325","targetHints":{"allow":["GET"]}}],"collection":[{"href":"https:\/\/www.webdo.tn\/fr\/wp-json\/wp\/v2\/posts"}],"about":[{"href":"https:\/\/www.webdo.tn\/fr\/wp-json\/wp\/v2\/types\/post"}],"author":[{"embeddable":true,"href":"https:\/\/www.webdo.tn\/fr\/wp-json\/wp\/v2\/users\/3222"}],"replies":[{"embeddable":true,"href":"https:\/\/www.webdo.tn\/fr\/wp-json\/wp\/v2\/comments?post=184325"}],"version-history":[{"count":0,"href":"https:\/\/www.webdo.tn\/fr\/wp-json\/wp\/v2\/posts\/184325\/revisions"}],"wp:featuredmedia":[{"embeddable":true,"href":"https:\/\/www.webdo.tn\/fr\/wp-json\/wp\/v2\/media\/320360"}],"wp:attachment":[{"href":"https:\/\/www.webdo.tn\/fr\/wp-json\/wp\/v2\/media?parent=184325"}],"wp:term":[{"taxonomy":"category","embeddable":true,"href":"https:\/\/www.webdo.tn\/fr\/wp-json\/wp\/v2\/categories?post=184325"},{"taxonomy":"post_tag","embeddable":true,"href":"https:\/\/www.webdo.tn\/fr\/wp-json\/wp\/v2\/tags?post=184325"}],"curies":[{"name":"wp","href":"https:\/\/api.w.org\/{rel}","templated":true}]}}