{"id":184323,"date":"2014-09-19T10:21:00","date_gmt":"2014-09-19T10:21:00","guid":{"rendered":"https:\/\/www.webdo.tn\/fr\/blog\/larmee-francaise-mene-ce-matin-ses-premiers-bombardements-en-irak\/184323\/"},"modified":"2025-05-19T10:40:48","modified_gmt":"2025-05-19T10:40:48","slug":"larmee-francaise-mene-ce-matin-ses-premiers-bombardements-en-irak","status":"publish","type":"post","link":"https:\/\/www.webdo.tn\/fr\/actualite\/international\/larmee-francaise-mene-ce-matin-ses-premiers-bombardements-en-irak\/184323\/","title":{"rendered":"L&rsquo;arm\u00e9e fran\u00e7aise a men\u00e9 ce matin ses premiers bombardements en Irak"},"content":{"rendered":"<p>D&rsquo;apr\u00e8s iT\u00e9l\u00e9, l&rsquo;arm\u00e9e fran\u00e7aise a men\u00e9 ce matin, vendredi 19 septembre, les premiers bombardements en Irak.\u00a0Le pr\u00e9sident am\u00e9ricain Barack Obama a salu\u00e9 dans son\u00a0discours, hier,\u00a0le soutien accord\u00e9 par la France, \u00ab\u00a0partenaire solide\u00a0\u00bb des Etats-Unis, contre le dit \u00ab\u00a0Etat islamique\u00a0\u00bb.\u00a0<\/p>\n<p>\u00ab\u00a0Ce groupe terroriste, \u00ab\u00a0Daesh\u00a0\u00bb, attire, en plus, des combattants du monde entier. En France, pr\u00e8s de 1\u00a0000 Fran\u00e7ais ou r\u00e9sidents en France ont rejoint ce groupe en Syrie et en Irak. Des jeunes endoctrin\u00e9s, embrigad\u00e9s, souvent m\u00eame mineurs, risquent leur vie &#8211; 36 sont morts \u2013 et peuvent revenir avec les pires projets dans la t\u00eate. Chacun a en m\u00e9moire ce qui s\u2019est produit au mus\u00e9e Juif de Bruxelles avec ces assassinats. Ce n\u2019est pas seulement l\u2019Irak qui est menac\u00e9, pas seulement le Moyen-Orient, c\u2019est l\u2019Europe, c\u2019est le monde\u00a0!\u00a0\u00bb, a d\u00e9clar\u00e9 Fran\u00e7ois Hollande lors de la conf\u00e9rence de presse de jeudi.<\/p>\n<p>Il a aussi affirm\u00e9 qu&rsquo;au mois d&rsquo;ao\u00fbt, la France a livr\u00e9 des armes aux Irakiens. \u00ab\u00a0Laurent FABIUS s\u2019est rendu sur place pour que ces combattants, courageux, puissent endiguer le terrorisme,\u00a0\u00bb a-t-il pr\u00e9cis\u00e9.<\/p>\n","protected":false},"excerpt":{"rendered":"<p>L&rsquo;arm\u00e9e fran\u00e7aise a men\u00e9 ce matin ses premiers bombardements en Irak<\/p>\n","protected":false},"author":3222,"featured_media":320336,"comment_status":"open","ping_status":"closed","sticky":false,"template":"","format":"standard","meta":{"footnotes":""},"categories":[2598],"tags":[2600],"class_list":["post-184323","post","type-post","status-publish","format-standard","has-post-thumbnail","hentry","category-international","tag-guerre"],"yoast_head":"<!-- This site is optimized with the Yoast SEO Premium plugin v27.5 (Yoast SEO v27.5) - https:\/\/yoast.com\/product\/yoast-seo-premium-wordpress\/ -->\n<title>L&#039;arm\u00e9e fran\u00e7aise a men\u00e9 ce matin ses premiers bombardements en Irak<\/title>\n<meta name=\"description\" content=\"L&#039;arm\u00e9e fran\u00e7aise a men\u00e9 ce matin ses premiers bombardements en Irak\" \/>\n<link rel=\"canonical\" href=\"https:\/\/www.webdo.tn\/fr\/actualite\/international\/larmee-francaise-mene-ce-matin-ses-premiers-bombardements-en-irak\/184323\/\" \/>\n<meta property=\"og:locale\" content=\"fr_FR\" \/>\n<meta property=\"og:type\" content=\"article\" \/>\n<meta property=\"og:title\" content=\"L&#039;arm\u00e9e fran\u00e7aise a men\u00e9 ce matin ses premiers bombardements en Irak\" \/>\n<meta property=\"og:description\" content=\"L&#039;arm\u00e9e fran\u00e7aise a men\u00e9 ce matin ses premiers bombardements en Irak\" \/>\n<meta property=\"og:url\" content=\"https:\/\/www.webdo.tn\/fr\/actualite\/international\/larmee-francaise-mene-ce-matin-ses-premiers-bombardements-en-irak\/184323\/\" \/>\n<meta property=\"og:site_name\" content=\"webdo\" \/>\n<meta property=\"article:publisher\" content=\"https:\/\/www.facebook.com\/webdotn\" \/>\n<meta property=\"article:published_time\" content=\"2014-09-19T10:21:00+00:00\" \/>\n<meta property=\"article:modified_time\" content=\"2025-05-19T10:40:48+00:00\" \/>\n<meta property=\"og:image\" content=\"https:\/\/www.webdo.tn\/fr\/wp-content\/uploads\/2014\/09\/Irak-e1411118205785.jpg\" \/>\n\t<meta property=\"og:image:width\" content=\"212\" \/>\n\t<meta property=\"og:image:height\" content=\"250\" \/>\n\t<meta property=\"og:image:type\" content=\"image\/jpeg\" \/>\n<meta name=\"author\" content=\"webdo.tn\" \/>\n<meta name=\"twitter:card\" content=\"summary_large_image\" \/>\n<meta name=\"twitter:creator\" content=\"@webdo_tn\" \/>\n<meta name=\"twitter:site\" content=\"@webdo_tn\" \/>\n<meta name=\"twitter:label1\" content=\"\u00c9crit par\" \/>\n\t<meta name=\"twitter:data1\" content=\"webdo.tn\" \/>\n\t<meta name=\"twitter:label2\" content=\"Dur\u00e9e de lecture estim\u00e9e\" \/>\n\t<meta name=\"twitter:data2\" content=\"1 minute\" \/>\n<script type=\"application\/ld+json\" class=\"yoast-schema-graph\">{\"@context\":\"https:\\\/\\\/schema.org\",\"@graph\":[{\"@type\":\"NewsArticle\",\"@id\":\"https:\\\/\\\/www.webdo.tn\\\/fr\\\/actualite\\\/international\\\/larmee-francaise-mene-ce-matin-ses-premiers-bombardements-en-irak\\\/184323\\\/#article\",\"isPartOf\":{\"@id\":\"https:\\\/\\\/www.webdo.tn\\\/fr\\\/actualite\\\/international\\\/larmee-francaise-mene-ce-matin-ses-premiers-bombardements-en-irak\\\/184323\\\/\"},\"author\":{\"name\":\"webdo.tn\",\"@id\":\"https:\\\/\\\/www.webdo.tn\\\/fr\\\/#\\\/schema\\\/person\\\/9a9c6118d687c117df8ef3cc36a4d175\"},\"headline\":\"L&rsquo;arm\u00e9e fran\u00e7aise a men\u00e9 ce matin ses premiers bombardements en Irak\",\"datePublished\":\"2014-09-19T10:21:00+00:00\",\"dateModified\":\"2025-05-19T10:40:48+00:00\",\"mainEntityOfPage\":{\"@id\":\"https:\\\/\\\/www.webdo.tn\\\/fr\\\/actualite\\\/international\\\/larmee-francaise-mene-ce-matin-ses-premiers-bombardements-en-irak\\\/184323\\\/\"},\"wordCount\":216,\"commentCount\":0,\"publisher\":{\"@id\":\"https:\\\/\\\/www.webdo.tn\\\/fr\\\/#organization\"},\"image\":{\"@id\":\"https:\\\/\\\/www.webdo.tn\\\/fr\\\/actualite\\\/international\\\/larmee-francaise-mene-ce-matin-ses-premiers-bombardements-en-irak\\\/184323\\\/#primaryimage\"},\"thumbnailUrl\":\"https:\\\/\\\/www.webdo.tn\\\/fr\\\/wp-content\\\/uploads\\\/2014\\\/09\\\/Irak-e1411118205785.jpg\",\"keywords\":[\"guerre\"],\"articleSection\":[\"International\"],\"inLanguage\":\"fr-FR\"},{\"@type\":\"WebPage\",\"@id\":\"https:\\\/\\\/www.webdo.tn\\\/fr\\\/actualite\\\/international\\\/larmee-francaise-mene-ce-matin-ses-premiers-bombardements-en-irak\\\/184323\\\/\",\"url\":\"https:\\\/\\\/www.webdo.tn\\\/fr\\\/actualite\\\/international\\\/larmee-francaise-mene-ce-matin-ses-premiers-bombardements-en-irak\\\/184323\\\/\",\"name\":\"L'arm\u00e9e fran\u00e7aise a men\u00e9 ce matin ses premiers bombardements en Irak\",\"isPartOf\":{\"@id\":\"https:\\\/\\\/www.webdo.tn\\\/fr\\\/#website\"},\"primaryImageOfPage\":{\"@id\":\"https:\\\/\\\/www.webdo.tn\\\/fr\\\/actualite\\\/international\\\/larmee-francaise-mene-ce-matin-ses-premiers-bombardements-en-irak\\\/184323\\\/#primaryimage\"},\"image\":{\"@id\":\"https:\\\/\\\/www.webdo.tn\\\/fr\\\/actualite\\\/international\\\/larmee-francaise-mene-ce-matin-ses-premiers-bombardements-en-irak\\\/184323\\\/#primaryimage\"},\"thumbnailUrl\":\"https:\\\/\\\/www.webdo.tn\\\/fr\\\/wp-content\\\/uploads\\\/2014\\\/09\\\/Irak-e1411118205785.jpg\",\"datePublished\":\"2014-09-19T10:21:00+00:00\",\"dateModified\":\"2025-05-19T10:40:48+00:00\",\"description\":\"L'arm\u00e9e fran\u00e7aise a men\u00e9 ce matin ses premiers bombardements en Irak\",\"breadcrumb\":{\"@id\":\"https:\\\/\\\/www.webdo.tn\\\/fr\\\/actualite\\\/international\\\/larmee-francaise-mene-ce-matin-ses-premiers-bombardements-en-irak\\\/184323\\\/#breadcrumb\"},\"inLanguage\":\"fr-FR\",\"potentialAction\":[{\"@type\":\"ReadAction\",\"target\":[\"https:\\\/\\\/www.webdo.tn\\\/fr\\\/actualite\\\/international\\\/larmee-francaise-mene-ce-matin-ses-premiers-bombardements-en-irak\\\/184323\\\/\"]}]},{\"@type\":\"ImageObject\",\"inLanguage\":\"fr-FR\",\"@id\":\"https:\\\/\\\/www.webdo.tn\\\/fr\\\/actualite\\\/international\\\/larmee-francaise-mene-ce-matin-ses-premiers-bombardements-en-irak\\\/184323\\\/#primaryimage\",\"url\":\"https:\\\/\\\/www.webdo.tn\\\/fr\\\/wp-content\\\/uploads\\\/2014\\\/09\\\/Irak-e1411118205785.jpg\",\"contentUrl\":\"https:\\\/\\\/www.webdo.tn\\\/fr\\\/wp-content\\\/uploads\\\/2014\\\/09\\\/Irak-e1411118205785.jpg\",\"width\":212,\"height\":250,\"caption\":\"L'arm\u00e9e fran\u00e7aise a men\u00e9 ce matin ses premiers bombardements en Irak\"},{\"@type\":\"BreadcrumbList\",\"@id\":\"https:\\\/\\\/www.webdo.tn\\\/fr\\\/actualite\\\/international\\\/larmee-francaise-mene-ce-matin-ses-premiers-bombardements-en-irak\\\/184323\\\/#breadcrumb\",\"itemListElement\":[{\"@type\":\"ListItem\",\"position\":1,\"name\":\"Accueil\",\"item\":\"https:\\\/\\\/www.webdo.tn\\\/fr\\\/\"},{\"@type\":\"ListItem\",\"position\":2,\"name\":\"L&rsquo;arm\u00e9e fran\u00e7aise a men\u00e9 ce matin ses premiers bombardements en Irak\"}]},{\"@type\":\"WebSite\",\"@id\":\"https:\\\/\\\/www.webdo.tn\\\/fr\\\/#website\",\"url\":\"https:\\\/\\\/www.webdo.tn\\\/fr\\\/\",\"name\":\"webdo\",\"description\":\"Tunisie - News en Tunisie et \u00e0 l&#039;international sur Webdo.tn\",\"publisher\":{\"@id\":\"https:\\\/\\\/www.webdo.tn\\\/fr\\\/#organization\"},\"potentialAction\":[{\"@type\":\"SearchAction\",\"target\":{\"@type\":\"EntryPoint\",\"urlTemplate\":\"https:\\\/\\\/www.webdo.tn\\\/fr\\\/?s={search_term_string}\"},\"query-input\":{\"@type\":\"PropertyValueSpecification\",\"valueRequired\":true,\"valueName\":\"search_term_string\"}}],\"inLanguage\":\"fr-FR\"},{\"@type\":\"Organization\",\"@id\":\"https:\\\/\\\/www.webdo.tn\\\/fr\\\/#organization\",\"name\":\"Webdo\",\"alternateName\":\"Webdo.tn\",\"url\":\"https:\\\/\\\/www.webdo.tn\\\/fr\\\/\",\"logo\":{\"@type\":\"ImageObject\",\"inLanguage\":\"fr-FR\",\"@id\":\"https:\\\/\\\/www.webdo.tn\\\/fr\\\/#\\\/schema\\\/logo\\\/image\\\/\",\"url\":\"https:\\\/\\\/www.webdo.tn\\\/fr\\\/wp-content\\\/uploads\\\/2025\\\/06\\\/Webdo-Tunisie_168377.jpg\",\"contentUrl\":\"https:\\\/\\\/www.webdo.tn\\\/fr\\\/wp-content\\\/uploads\\\/2025\\\/06\\\/Webdo-Tunisie_168377.jpg\",\"width\":301,\"height\":301,\"caption\":\"Webdo\"},\"image\":{\"@id\":\"https:\\\/\\\/www.webdo.tn\\\/fr\\\/#\\\/schema\\\/logo\\\/image\\\/\"},\"sameAs\":[\"https:\\\/\\\/www.facebook.com\\\/webdotn\",\"https:\\\/\\\/x.com\\\/webdo_tn\"],\"description\":\"Webdo est un m\u00e9dia num\u00e9rique tunisien fond\u00e9 en 2010, sp\u00e9cialis\u00e9 dans l\u2019actualit\u00e9 nationale et internationale, l\u2019\u00e9conomie, la soci\u00e9t\u00e9 et les analyses politiques. Le site s\u2019adresse \u00e0 un large public francophone et couvre l\u2019information tunisienne en temps r\u00e9el.\",\"email\":\"redac@webdo.tn\",\"legalName\":\"YNJ SARL\",\"foundingDate\":\"2010-09-06\",\"numberOfEmployees\":{\"@type\":\"QuantitativeValue\",\"minValue\":\"11\",\"maxValue\":\"50\"}},{\"@type\":\"Person\",\"@id\":\"https:\\\/\\\/www.webdo.tn\\\/fr\\\/#\\\/schema\\\/person\\\/9a9c6118d687c117df8ef3cc36a4d175\",\"name\":\"webdo.tn\",\"image\":{\"@type\":\"ImageObject\",\"inLanguage\":\"fr-FR\",\"@id\":\"https:\\\/\\\/secure.gravatar.com\\\/avatar\\\/7ce1f28c0c3bbac99ff550b85ef8e44a6950c6ee24514fb6a5489e51d06f0298?s=96&d=mm&r=g\",\"url\":\"https:\\\/\\\/secure.gravatar.com\\\/avatar\\\/7ce1f28c0c3bbac99ff550b85ef8e44a6950c6ee24514fb6a5489e51d06f0298?s=96&d=mm&r=g\",\"contentUrl\":\"https:\\\/\\\/secure.gravatar.com\\\/avatar\\\/7ce1f28c0c3bbac99ff550b85ef8e44a6950c6ee24514fb6a5489e51d06f0298?s=96&d=mm&r=g\",\"caption\":\"webdo.tn\"},\"url\":\"https:\\\/\\\/www.webdo.tn\\\/fr\\\/actualite\\\/author\\\/webdotn\\\/\"}]}<\/script>\n<!-- \/ Yoast SEO Premium plugin. -->","yoast_head_json":{"title":"L'arm\u00e9e fran\u00e7aise a men\u00e9 ce matin ses premiers bombardements en Irak","description":"L'arm\u00e9e fran\u00e7aise a men\u00e9 ce matin ses premiers bombardements en Irak","canonical":"https:\/\/www.webdo.tn\/fr\/actualite\/international\/larmee-francaise-mene-ce-matin-ses-premiers-bombardements-en-irak\/184323\/","og_locale":"fr_FR","og_type":"article","og_title":"L'arm\u00e9e fran\u00e7aise a men\u00e9 ce matin ses premiers bombardements en Irak","og_description":"L'arm\u00e9e fran\u00e7aise a men\u00e9 ce matin ses premiers bombardements en Irak","og_url":"https:\/\/www.webdo.tn\/fr\/actualite\/international\/larmee-francaise-mene-ce-matin-ses-premiers-bombardements-en-irak\/184323\/","og_site_name":"webdo","article_publisher":"https:\/\/www.facebook.com\/webdotn","article_published_time":"2014-09-19T10:21:00+00:00","article_modified_time":"2025-05-19T10:40:48+00:00","og_image":[{"width":212,"height":250,"url":"https:\/\/www.webdo.tn\/fr\/wp-content\/uploads\/2014\/09\/Irak-e1411118205785.jpg","type":"image\/jpeg"}],"author":"webdo.tn","twitter_card":"summary_large_image","twitter_creator":"@webdo_tn","twitter_site":"@webdo_tn","twitter_misc":{"\u00c9crit par":"webdo.tn","Dur\u00e9e de lecture estim\u00e9e":"1 minute"},"schema":{"@context":"https:\/\/schema.org","@graph":[{"@type":"NewsArticle","@id":"https:\/\/www.webdo.tn\/fr\/actualite\/international\/larmee-francaise-mene-ce-matin-ses-premiers-bombardements-en-irak\/184323\/#article","isPartOf":{"@id":"https:\/\/www.webdo.tn\/fr\/actualite\/international\/larmee-francaise-mene-ce-matin-ses-premiers-bombardements-en-irak\/184323\/"},"author":{"name":"webdo.tn","@id":"https:\/\/www.webdo.tn\/fr\/#\/schema\/person\/9a9c6118d687c117df8ef3cc36a4d175"},"headline":"L&rsquo;arm\u00e9e fran\u00e7aise a men\u00e9 ce matin ses premiers bombardements en Irak","datePublished":"2014-09-19T10:21:00+00:00","dateModified":"2025-05-19T10:40:48+00:00","mainEntityOfPage":{"@id":"https:\/\/www.webdo.tn\/fr\/actualite\/international\/larmee-francaise-mene-ce-matin-ses-premiers-bombardements-en-irak\/184323\/"},"wordCount":216,"commentCount":0,"publisher":{"@id":"https:\/\/www.webdo.tn\/fr\/#organization"},"image":{"@id":"https:\/\/www.webdo.tn\/fr\/actualite\/international\/larmee-francaise-mene-ce-matin-ses-premiers-bombardements-en-irak\/184323\/#primaryimage"},"thumbnailUrl":"https:\/\/www.webdo.tn\/fr\/wp-content\/uploads\/2014\/09\/Irak-e1411118205785.jpg","keywords":["guerre"],"articleSection":["International"],"inLanguage":"fr-FR"},{"@type":"WebPage","@id":"https:\/\/www.webdo.tn\/fr\/actualite\/international\/larmee-francaise-mene-ce-matin-ses-premiers-bombardements-en-irak\/184323\/","url":"https:\/\/www.webdo.tn\/fr\/actualite\/international\/larmee-francaise-mene-ce-matin-ses-premiers-bombardements-en-irak\/184323\/","name":"L'arm\u00e9e fran\u00e7aise a men\u00e9 ce matin ses premiers bombardements en Irak","isPartOf":{"@id":"https:\/\/www.webdo.tn\/fr\/#website"},"primaryImageOfPage":{"@id":"https:\/\/www.webdo.tn\/fr\/actualite\/international\/larmee-francaise-mene-ce-matin-ses-premiers-bombardements-en-irak\/184323\/#primaryimage"},"image":{"@id":"https:\/\/www.webdo.tn\/fr\/actualite\/international\/larmee-francaise-mene-ce-matin-ses-premiers-bombardements-en-irak\/184323\/#primaryimage"},"thumbnailUrl":"https:\/\/www.webdo.tn\/fr\/wp-content\/uploads\/2014\/09\/Irak-e1411118205785.jpg","datePublished":"2014-09-19T10:21:00+00:00","dateModified":"2025-05-19T10:40:48+00:00","description":"L'arm\u00e9e fran\u00e7aise a men\u00e9 ce matin ses premiers bombardements en Irak","breadcrumb":{"@id":"https:\/\/www.webdo.tn\/fr\/actualite\/international\/larmee-francaise-mene-ce-matin-ses-premiers-bombardements-en-irak\/184323\/#breadcrumb"},"inLanguage":"fr-FR","potentialAction":[{"@type":"ReadAction","target":["https:\/\/www.webdo.tn\/fr\/actualite\/international\/larmee-francaise-mene-ce-matin-ses-premiers-bombardements-en-irak\/184323\/"]}]},{"@type":"ImageObject","inLanguage":"fr-FR","@id":"https:\/\/www.webdo.tn\/fr\/actualite\/international\/larmee-francaise-mene-ce-matin-ses-premiers-bombardements-en-irak\/184323\/#primaryimage","url":"https:\/\/www.webdo.tn\/fr\/wp-content\/uploads\/2014\/09\/Irak-e1411118205785.jpg","contentUrl":"https:\/\/www.webdo.tn\/fr\/wp-content\/uploads\/2014\/09\/Irak-e1411118205785.jpg","width":212,"height":250,"caption":"L'arm\u00e9e fran\u00e7aise a men\u00e9 ce matin ses premiers bombardements en Irak"},{"@type":"BreadcrumbList","@id":"https:\/\/www.webdo.tn\/fr\/actualite\/international\/larmee-francaise-mene-ce-matin-ses-premiers-bombardements-en-irak\/184323\/#breadcrumb","itemListElement":[{"@type":"ListItem","position":1,"name":"Accueil","item":"https:\/\/www.webdo.tn\/fr\/"},{"@type":"ListItem","position":2,"name":"L&rsquo;arm\u00e9e fran\u00e7aise a men\u00e9 ce matin ses premiers bombardements en Irak"}]},{"@type":"WebSite","@id":"https:\/\/www.webdo.tn\/fr\/#website","url":"https:\/\/www.webdo.tn\/fr\/","name":"webdo","description":"Tunisie - News en Tunisie et \u00e0 l&#039;international sur Webdo.tn","publisher":{"@id":"https:\/\/www.webdo.tn\/fr\/#organization"},"potentialAction":[{"@type":"SearchAction","target":{"@type":"EntryPoint","urlTemplate":"https:\/\/www.webdo.tn\/fr\/?s={search_term_string}"},"query-input":{"@type":"PropertyValueSpecification","valueRequired":true,"valueName":"search_term_string"}}],"inLanguage":"fr-FR"},{"@type":"Organization","@id":"https:\/\/www.webdo.tn\/fr\/#organization","name":"Webdo","alternateName":"Webdo.tn","url":"https:\/\/www.webdo.tn\/fr\/","logo":{"@type":"ImageObject","inLanguage":"fr-FR","@id":"https:\/\/www.webdo.tn\/fr\/#\/schema\/logo\/image\/","url":"https:\/\/www.webdo.tn\/fr\/wp-content\/uploads\/2025\/06\/Webdo-Tunisie_168377.jpg","contentUrl":"https:\/\/www.webdo.tn\/fr\/wp-content\/uploads\/2025\/06\/Webdo-Tunisie_168377.jpg","width":301,"height":301,"caption":"Webdo"},"image":{"@id":"https:\/\/www.webdo.tn\/fr\/#\/schema\/logo\/image\/"},"sameAs":["https:\/\/www.facebook.com\/webdotn","https:\/\/x.com\/webdo_tn"],"description":"Webdo est un m\u00e9dia num\u00e9rique tunisien fond\u00e9 en 2010, sp\u00e9cialis\u00e9 dans l\u2019actualit\u00e9 nationale et internationale, l\u2019\u00e9conomie, la soci\u00e9t\u00e9 et les analyses politiques. Le site s\u2019adresse \u00e0 un large public francophone et couvre l\u2019information tunisienne en temps r\u00e9el.","email":"redac@webdo.tn","legalName":"YNJ SARL","foundingDate":"2010-09-06","numberOfEmployees":{"@type":"QuantitativeValue","minValue":"11","maxValue":"50"}},{"@type":"Person","@id":"https:\/\/www.webdo.tn\/fr\/#\/schema\/person\/9a9c6118d687c117df8ef3cc36a4d175","name":"webdo.tn","image":{"@type":"ImageObject","inLanguage":"fr-FR","@id":"https:\/\/secure.gravatar.com\/avatar\/7ce1f28c0c3bbac99ff550b85ef8e44a6950c6ee24514fb6a5489e51d06f0298?s=96&d=mm&r=g","url":"https:\/\/secure.gravatar.com\/avatar\/7ce1f28c0c3bbac99ff550b85ef8e44a6950c6ee24514fb6a5489e51d06f0298?s=96&d=mm&r=g","contentUrl":"https:\/\/secure.gravatar.com\/avatar\/7ce1f28c0c3bbac99ff550b85ef8e44a6950c6ee24514fb6a5489e51d06f0298?s=96&d=mm&r=g","caption":"webdo.tn"},"url":"https:\/\/www.webdo.tn\/fr\/actualite\/author\/webdotn\/"}]}},"_links":{"self":[{"href":"https:\/\/www.webdo.tn\/fr\/wp-json\/wp\/v2\/posts\/184323","targetHints":{"allow":["GET"]}}],"collection":[{"href":"https:\/\/www.webdo.tn\/fr\/wp-json\/wp\/v2\/posts"}],"about":[{"href":"https:\/\/www.webdo.tn\/fr\/wp-json\/wp\/v2\/types\/post"}],"author":[{"embeddable":true,"href":"https:\/\/www.webdo.tn\/fr\/wp-json\/wp\/v2\/users\/3222"}],"replies":[{"embeddable":true,"href":"https:\/\/www.webdo.tn\/fr\/wp-json\/wp\/v2\/comments?post=184323"}],"version-history":[{"count":0,"href":"https:\/\/www.webdo.tn\/fr\/wp-json\/wp\/v2\/posts\/184323\/revisions"}],"wp:featuredmedia":[{"embeddable":true,"href":"https:\/\/www.webdo.tn\/fr\/wp-json\/wp\/v2\/media\/320336"}],"wp:attachment":[{"href":"https:\/\/www.webdo.tn\/fr\/wp-json\/wp\/v2\/media?parent=184323"}],"wp:term":[{"taxonomy":"category","embeddable":true,"href":"https:\/\/www.webdo.tn\/fr\/wp-json\/wp\/v2\/categories?post=184323"},{"taxonomy":"post_tag","embeddable":true,"href":"https:\/\/www.webdo.tn\/fr\/wp-json\/wp\/v2\/tags?post=184323"}],"curies":[{"name":"wp","href":"https:\/\/api.w.org\/{rel}","templated":true}]}}