{"id":184322,"date":"2014-09-20T18:14:00","date_gmt":"2014-09-20T16:14:00","guid":{"rendered":"https:\/\/www.webdo.tn\/fr\/actualite\/international\/tunisie-kabibat-okba-ibn-nafaa-pro-aqmi-aurait-fait-allegeance-letat-islamique\/184322"},"modified":"2014-09-20T18:14:00","modified_gmt":"2014-09-20T16:14:00","slug":"tunisie-kabibat-okba-ibn-nafaa-pro-aqmi-aurait-fait-allegeance-letat-islamique","status":"publish","type":"post","link":"https:\/\/www.webdo.tn\/fr\/actualite\/international\/tunisie-kabibat-okba-ibn-nafaa-pro-aqmi-aurait-fait-allegeance-letat-islamique\/184322\/","title":{"rendered":"Tunisie : Kabibat Okba Ibn Nafaa, pro-Aqmi, aurait d\u00e9clar\u00e9 son soutien \u00e0 l&rsquo;Etat islamique"},"content":{"rendered":"<p>Le groupe terroriste Katibat Okba Ibn Nafaa aurait annonc\u00e9, de la ville de Kairouan, son \u00a0soutien\u00a0\u00e0 l&rsquo;organisation djihadiste Etat islamique (EI), le dimanche\u00a014 septembre, sur la page facebok Fajr Al-Quairaouen. Le\u00a0site am\u00e9ricain SITE \u00a0a repris l&rsquo;information ainsi que plusieurs comptes \u00ab\u00a0islamistes\u00a0\u00bb sur les r\u00e9seaux sociaux notamment sur Facebook \u00ab\u00a0Akhbar Al Jihad\u00a0\u00bb (les nouvelles du djihad).<br \/>\nStatement Attributed to Uqba bin Nafi Battalion in Tunisia Pledges Support to IS http:\/\/t.co\/NGIT2WPlXc<\/p>\n<p>\u2014 SITE Intel Group (@siteintelgroup) 19 Septembre 2014<br \/>\n\u00ab\u00a0Les fr\u00e8res moudjahidin de Okba Ibn Nafa\u00e2 [&#8230;] soutiennent fortement et aident\u00a0l&rsquo;Etat islamique et l&rsquo;appellent \u00e0 avancer en passant les fronti\u00e8res et en \u00e9crasant partout les tr\u00f4nes des tyrans\u00a0\u00bb, peut-on lire dans le document.L&rsquo;authentification du document devrait \u00eatre faite pour \u00eatre certain qu&rsquo;il s&rsquo;agit d&rsquo;un vrai compte reli\u00e9 \u00e0 la kabibat, dont les membres sont bas\u00e9s \u00e0 Kasserine selon Lotfi Ben Jedou, ministre de l&rsquo;Int\u00e9rieur.<\/p>\n<p>Katibat Oqba Ibn Nafaa, peut-elle \u00eatre pro-Aqmi et pro-Daech ?\u00a0<\/p>\n<p>Il est important de rappeler que ce groupe terroriste est reli\u00e9 \u00e0 l&rsquo;AQMI. Cependant, le dirigeant d&rsquo;Al-Qa\u00efda, Aymen Al Dhawahiri, a reni\u00e9 l&rsquo;EI car son chef Abou Bakr Al Baghdadi ne s&rsquo;est pas concert\u00e9 avec Al-Qaida.<br \/>\nLe 3 ao\u00fbt 2013, le ministre de l\u2019Int\u00e9rieur Lotfi Ben Jeddou\u00a0a pr\u00e9cis\u00e9, \u00a0lors d&rsquo;\u00a0une interview accord\u00e9e \u00e0 radio Kalima, qu&rsquo;outre les Tunisiens,\u00a0\u201c50 % des terroristes au mont Chambi sont Alg\u00e9riens\u201d.<\/p>\n<p>La moiti\u00e9 du groupe qui est \u00e0 Chambi est compos\u00e9e d\u2019Alg\u00e9riens qui ont rejoint des Tunisiens d\u00e9j\u00e0 recherch\u00e9s et affili\u00e9s \u00e0 Katibat [bataillon] Oqba Ibn Nafaa.<br \/>\n\u00ab\u00a0Ce bataillon cherche a \u00eatre affili\u00e9 \u00e0 l\u2019organisation terroriste Al-Qaida, mais rien ne prouve encore qu\u2019elle a adopt\u00e9 les membres se trouvant dans le massif montagneux\u00a0\u00bb, a expliqu\u00e9 Ben Jeddou\u00a0dans la\u00a0conf\u00e9rence de presse du 4 ao\u00fbt\u00a0de l&rsquo;ann\u00e9e derni\u00e8re.<br \/>\nAl-Qa\u00efda contre l&rsquo;Etat islamique d&rsquo;Al Baghdadi\u00a0<br \/>\n\u00a0L&rsquo;Etat Islamique en Irak et au Levant (\u00a0ISIL :\u00a0Islamic State of Iraq and the Levant)\u00a0a \u00e9t\u00e9 proclam\u00e9 en\u00a0avril 2013. Le groupe sunnite est une\u00a0fusion de l&rsquo;Etat islamique en Irak, organisation li\u00e9e \u00e0 Al-Qa\u00efda, et des islamistes\u00a0syriens de Jabhat (front) Al Nosra.<br \/>\nJabhat Al Nosra s&rsquo;est dissoci\u00e9 de l&rsquo;EI et a \u00e9t\u00e9 contre la proclamation, le 29 juin dernier, du califat guid\u00e9 par Abou Bakr Al Baghdadi.<br \/>\nZahran Allouch, leader d&rsquo;Al Nosra, a compar\u00e9\u00a0\u00ab\u00a0Daech\u00a0\u00bb (ad-dawla al-isl\u0101miyya en Irak et au Chem\/EIIL), au mois de juillet 2013,\u00a0aux\u00a0\u00ab\u00a0khawarej\u00a0\u00bb\u00a0qui veulent attaquer le djihad du front et dont les \u00ab\u00a0actes sont contraires \u00e0 la religion islamique\u00a0\u00bb.\u00a0(Voir\u00a0sa vid\u00e9o\u00a0en arabe).\u00a0<br \/>\nL&rsquo;Union internationale des savants musulmans avait aussi publi\u00e9\u00a0un communiqu\u00e9\u00a0le 5 juillet indiquant qu&rsquo;elle \u00e9tait ravie, au d\u00e9but de l&rsquo;\u00e9tablissement de l&rsquo;EIIL, mais qu&rsquo;elle condamnait l&rsquo;organisation, notamment avec la proclamation du\u00a0califat, d\u00e9clar\u00e9 \u00a0\u00bb\u00a0contraire \u00e0 la charia\u00a0\u00bb et ses r\u00e8gles d&rsquo;apr\u00e8s\u00a0\u00a0la d\u00e9claration des savants musulmans. Le site de\u00a0l&rsquo;Union a \u00e9t\u00e9 de suite pirat\u00e9.<br \/>\n\u00a0Al-Qa\u00efda, qui ne reconna\u00eet que Al Nosra en Syrie, s&rsquo;est \u00e9galement d\u00e9solidaris\u00e9 d&rsquo;EIIL et ce depuis le 8 novembre 2013. Son leader, Ayman Al Dhawahiri, a consid\u00e9r\u00e9,\u00a0dans une vid\u00e9o pass\u00e9e sur Al Jazeera, que Al Baghdadi avait fait une erreur en proclamant l&rsquo;EIIL\u00a0sans le consentement d&rsquo;Al Qa\u00efda.<\/p>\n","protected":false},"excerpt":{"rendered":"<p>Le groupe terroriste Katibat Okba Ibn Nafaa aurait annonc\u00e9, de la ville de Kairouan, son \u00a0soutien\u00a0\u00e0 l&rsquo;organisation djihadiste Etat islamique (EI), le d<\/p>\n","protected":false},"author":3222,"featured_media":373483,"comment_status":"open","ping_status":"open","sticky":false,"template":"","format":"standard","meta":{"footnotes":""},"categories":[2598],"tags":[2600],"class_list":["post-184322","post","type-post","status-publish","format-standard","has-post-thumbnail","hentry","category-international","tag-guerre"],"yoast_head":"<!-- This site is optimized with the Yoast SEO Premium plugin v27.5 (Yoast SEO v27.5) - https:\/\/yoast.com\/product\/yoast-seo-premium-wordpress\/ -->\n<title>Tunisie : Kabibat Okba Ibn Nafaa, pro-Aqmi, aurait d\u00e9clar\u00e9 son soutien \u00e0 l&#039;Etat islamique<\/title>\n<meta name=\"description\" content=\"Tunisie : Kabibat Okba Ibn Nafaa, pro-Aqmi, aurait d\u00e9clar\u00e9 son soutien \u00e0 l&#039;Etat islamique\" \/>\n<link rel=\"canonical\" href=\"https:\/\/www.webdo.tn\/fr\/actualite\/international\/tunisie-kabibat-okba-ibn-nafaa-pro-aqmi-aurait-fait-allegeance-letat-islamique\/184322\/\" \/>\n<meta property=\"og:locale\" content=\"fr_FR\" \/>\n<meta property=\"og:type\" content=\"article\" \/>\n<meta property=\"og:title\" content=\"Tunisie : Kabibat Okba Ibn Nafaa, pro-Aqmi, aurait d\u00e9clar\u00e9 son soutien \u00e0 l&#039;Etat islamique\" \/>\n<meta property=\"og:description\" content=\"Tunisie : Kabibat Okba Ibn Nafaa, pro-Aqmi, aurait d\u00e9clar\u00e9 son soutien \u00e0 l&#039;Etat islamique\" \/>\n<meta property=\"og:url\" content=\"https:\/\/www.webdo.tn\/fr\/actualite\/international\/tunisie-kabibat-okba-ibn-nafaa-pro-aqmi-aurait-fait-allegeance-letat-islamique\/184322\/\" \/>\n<meta property=\"og:site_name\" content=\"webdo\" \/>\n<meta property=\"article:publisher\" content=\"https:\/\/www.facebook.com\/webdotn\" \/>\n<meta property=\"article:published_time\" content=\"2014-09-20T16:14:00+00:00\" \/>\n<meta name=\"author\" content=\"webdo.tn\" \/>\n<meta name=\"twitter:card\" content=\"summary_large_image\" \/>\n<meta name=\"twitter:creator\" content=\"@webdo_tn\" \/>\n<meta name=\"twitter:site\" content=\"@webdo_tn\" \/>\n<meta name=\"twitter:label1\" content=\"\u00c9crit par\" \/>\n\t<meta name=\"twitter:data1\" content=\"webdo.tn\" \/>\n\t<meta name=\"twitter:label2\" content=\"Dur\u00e9e de lecture estim\u00e9e\" \/>\n\t<meta name=\"twitter:data2\" content=\"3 minutes\" \/>\n<script type=\"application\/ld+json\" class=\"yoast-schema-graph\">{\"@context\":\"https:\\\/\\\/schema.org\",\"@graph\":[{\"@type\":\"NewsArticle\",\"@id\":\"https:\\\/\\\/www.webdo.tn\\\/fr\\\/actualite\\\/international\\\/tunisie-kabibat-okba-ibn-nafaa-pro-aqmi-aurait-fait-allegeance-letat-islamique\\\/184322\\\/#article\",\"isPartOf\":{\"@id\":\"https:\\\/\\\/www.webdo.tn\\\/fr\\\/actualite\\\/international\\\/tunisie-kabibat-okba-ibn-nafaa-pro-aqmi-aurait-fait-allegeance-letat-islamique\\\/184322\\\/\"},\"author\":{\"name\":\"webdo.tn\",\"@id\":\"https:\\\/\\\/www.webdo.tn\\\/fr\\\/#\\\/schema\\\/person\\\/9a9c6118d687c117df8ef3cc36a4d175\"},\"headline\":\"Tunisie : Kabibat Okba Ibn Nafaa, pro-Aqmi, aurait d\u00e9clar\u00e9 son soutien \u00e0 l&rsquo;Etat islamique\",\"datePublished\":\"2014-09-20T16:14:00+00:00\",\"mainEntityOfPage\":{\"@id\":\"https:\\\/\\\/www.webdo.tn\\\/fr\\\/actualite\\\/international\\\/tunisie-kabibat-okba-ibn-nafaa-pro-aqmi-aurait-fait-allegeance-letat-islamique\\\/184322\\\/\"},\"wordCount\":585,\"commentCount\":0,\"publisher\":{\"@id\":\"https:\\\/\\\/www.webdo.tn\\\/fr\\\/#organization\"},\"image\":{\"@id\":\"https:\\\/\\\/www.webdo.tn\\\/fr\\\/actualite\\\/international\\\/tunisie-kabibat-okba-ibn-nafaa-pro-aqmi-aurait-fait-allegeance-letat-islamique\\\/184322\\\/#primaryimage\"},\"thumbnailUrl\":\"https:\\\/\\\/www.webdo.tn\\\/fr\\\/wp-content\\\/uploads\\\/2025\\\/06\\\/Capture-decran-2014-09-20-a-19.51.28_184322.png\",\"keywords\":[\"guerre\"],\"articleSection\":[\"International\"],\"inLanguage\":\"fr-FR\"},{\"@type\":\"WebPage\",\"@id\":\"https:\\\/\\\/www.webdo.tn\\\/fr\\\/actualite\\\/international\\\/tunisie-kabibat-okba-ibn-nafaa-pro-aqmi-aurait-fait-allegeance-letat-islamique\\\/184322\\\/\",\"url\":\"https:\\\/\\\/www.webdo.tn\\\/fr\\\/actualite\\\/international\\\/tunisie-kabibat-okba-ibn-nafaa-pro-aqmi-aurait-fait-allegeance-letat-islamique\\\/184322\\\/\",\"name\":\"Tunisie : Kabibat Okba Ibn Nafaa, pro-Aqmi, aurait d\u00e9clar\u00e9 son soutien \u00e0 l'Etat islamique\",\"isPartOf\":{\"@id\":\"https:\\\/\\\/www.webdo.tn\\\/fr\\\/#website\"},\"primaryImageOfPage\":{\"@id\":\"https:\\\/\\\/www.webdo.tn\\\/fr\\\/actualite\\\/international\\\/tunisie-kabibat-okba-ibn-nafaa-pro-aqmi-aurait-fait-allegeance-letat-islamique\\\/184322\\\/#primaryimage\"},\"image\":{\"@id\":\"https:\\\/\\\/www.webdo.tn\\\/fr\\\/actualite\\\/international\\\/tunisie-kabibat-okba-ibn-nafaa-pro-aqmi-aurait-fait-allegeance-letat-islamique\\\/184322\\\/#primaryimage\"},\"thumbnailUrl\":\"https:\\\/\\\/www.webdo.tn\\\/fr\\\/wp-content\\\/uploads\\\/2025\\\/06\\\/Capture-decran-2014-09-20-a-19.51.28_184322.png\",\"datePublished\":\"2014-09-20T16:14:00+00:00\",\"description\":\"Tunisie : Kabibat Okba Ibn Nafaa, pro-Aqmi, aurait d\u00e9clar\u00e9 son soutien \u00e0 l'Etat islamique\",\"breadcrumb\":{\"@id\":\"https:\\\/\\\/www.webdo.tn\\\/fr\\\/actualite\\\/international\\\/tunisie-kabibat-okba-ibn-nafaa-pro-aqmi-aurait-fait-allegeance-letat-islamique\\\/184322\\\/#breadcrumb\"},\"inLanguage\":\"fr-FR\",\"potentialAction\":[{\"@type\":\"ReadAction\",\"target\":[\"https:\\\/\\\/www.webdo.tn\\\/fr\\\/actualite\\\/international\\\/tunisie-kabibat-okba-ibn-nafaa-pro-aqmi-aurait-fait-allegeance-letat-islamique\\\/184322\\\/\"]}]},{\"@type\":\"ImageObject\",\"inLanguage\":\"fr-FR\",\"@id\":\"https:\\\/\\\/www.webdo.tn\\\/fr\\\/actualite\\\/international\\\/tunisie-kabibat-okba-ibn-nafaa-pro-aqmi-aurait-fait-allegeance-letat-islamique\\\/184322\\\/#primaryimage\",\"url\":\"https:\\\/\\\/www.webdo.tn\\\/fr\\\/wp-content\\\/uploads\\\/2025\\\/06\\\/Capture-decran-2014-09-20-a-19.51.28_184322.png\",\"contentUrl\":\"https:\\\/\\\/www.webdo.tn\\\/fr\\\/wp-content\\\/uploads\\\/2025\\\/06\\\/Capture-decran-2014-09-20-a-19.51.28_184322.png\",\"width\":584,\"height\":529,\"caption\":\"Tunisie : Kabibat Okba Ibn Nafaa, pro-Aqmi, aurait d\u00e9clar\u00e9 son soutien \u00e0 l'Etat islamique\"},{\"@type\":\"BreadcrumbList\",\"@id\":\"https:\\\/\\\/www.webdo.tn\\\/fr\\\/actualite\\\/international\\\/tunisie-kabibat-okba-ibn-nafaa-pro-aqmi-aurait-fait-allegeance-letat-islamique\\\/184322\\\/#breadcrumb\",\"itemListElement\":[{\"@type\":\"ListItem\",\"position\":1,\"name\":\"Accueil\",\"item\":\"https:\\\/\\\/www.webdo.tn\\\/fr\\\/\"},{\"@type\":\"ListItem\",\"position\":2,\"name\":\"Tunisie : Kabibat Okba Ibn Nafaa, pro-Aqmi, aurait d\u00e9clar\u00e9 son soutien \u00e0 l&rsquo;Etat islamique\"}]},{\"@type\":\"WebSite\",\"@id\":\"https:\\\/\\\/www.webdo.tn\\\/fr\\\/#website\",\"url\":\"https:\\\/\\\/www.webdo.tn\\\/fr\\\/\",\"name\":\"webdo\",\"description\":\"Tunisie - News en Tunisie et \u00e0 l&#039;international sur Webdo.tn\",\"publisher\":{\"@id\":\"https:\\\/\\\/www.webdo.tn\\\/fr\\\/#organization\"},\"potentialAction\":[{\"@type\":\"SearchAction\",\"target\":{\"@type\":\"EntryPoint\",\"urlTemplate\":\"https:\\\/\\\/www.webdo.tn\\\/fr\\\/?s={search_term_string}\"},\"query-input\":{\"@type\":\"PropertyValueSpecification\",\"valueRequired\":true,\"valueName\":\"search_term_string\"}}],\"inLanguage\":\"fr-FR\"},{\"@type\":\"Organization\",\"@id\":\"https:\\\/\\\/www.webdo.tn\\\/fr\\\/#organization\",\"name\":\"Webdo\",\"alternateName\":\"Webdo.tn\",\"url\":\"https:\\\/\\\/www.webdo.tn\\\/fr\\\/\",\"logo\":{\"@type\":\"ImageObject\",\"inLanguage\":\"fr-FR\",\"@id\":\"https:\\\/\\\/www.webdo.tn\\\/fr\\\/#\\\/schema\\\/logo\\\/image\\\/\",\"url\":\"https:\\\/\\\/www.webdo.tn\\\/fr\\\/wp-content\\\/uploads\\\/2025\\\/06\\\/Webdo-Tunisie_168377.jpg\",\"contentUrl\":\"https:\\\/\\\/www.webdo.tn\\\/fr\\\/wp-content\\\/uploads\\\/2025\\\/06\\\/Webdo-Tunisie_168377.jpg\",\"width\":301,\"height\":301,\"caption\":\"Webdo\"},\"image\":{\"@id\":\"https:\\\/\\\/www.webdo.tn\\\/fr\\\/#\\\/schema\\\/logo\\\/image\\\/\"},\"sameAs\":[\"https:\\\/\\\/www.facebook.com\\\/webdotn\",\"https:\\\/\\\/x.com\\\/webdo_tn\"],\"description\":\"Webdo est un m\u00e9dia num\u00e9rique tunisien fond\u00e9 en 2010, sp\u00e9cialis\u00e9 dans l\u2019actualit\u00e9 nationale et internationale, l\u2019\u00e9conomie, la soci\u00e9t\u00e9 et les analyses politiques. Le site s\u2019adresse \u00e0 un large public francophone et couvre l\u2019information tunisienne en temps r\u00e9el.\",\"email\":\"redac@webdo.tn\",\"legalName\":\"YNJ SARL\",\"foundingDate\":\"2010-09-06\",\"numberOfEmployees\":{\"@type\":\"QuantitativeValue\",\"minValue\":\"11\",\"maxValue\":\"50\"}},{\"@type\":\"Person\",\"@id\":\"https:\\\/\\\/www.webdo.tn\\\/fr\\\/#\\\/schema\\\/person\\\/9a9c6118d687c117df8ef3cc36a4d175\",\"name\":\"webdo.tn\",\"image\":{\"@type\":\"ImageObject\",\"inLanguage\":\"fr-FR\",\"@id\":\"https:\\\/\\\/secure.gravatar.com\\\/avatar\\\/7ce1f28c0c3bbac99ff550b85ef8e44a6950c6ee24514fb6a5489e51d06f0298?s=96&d=mm&r=g\",\"url\":\"https:\\\/\\\/secure.gravatar.com\\\/avatar\\\/7ce1f28c0c3bbac99ff550b85ef8e44a6950c6ee24514fb6a5489e51d06f0298?s=96&d=mm&r=g\",\"contentUrl\":\"https:\\\/\\\/secure.gravatar.com\\\/avatar\\\/7ce1f28c0c3bbac99ff550b85ef8e44a6950c6ee24514fb6a5489e51d06f0298?s=96&d=mm&r=g\",\"caption\":\"webdo.tn\"},\"url\":\"https:\\\/\\\/www.webdo.tn\\\/fr\\\/actualite\\\/author\\\/webdotn\\\/\"}]}<\/script>\n<!-- \/ Yoast SEO Premium plugin. -->","yoast_head_json":{"title":"Tunisie : Kabibat Okba Ibn Nafaa, pro-Aqmi, aurait d\u00e9clar\u00e9 son soutien \u00e0 l'Etat islamique","description":"Tunisie : Kabibat Okba Ibn Nafaa, pro-Aqmi, aurait d\u00e9clar\u00e9 son soutien \u00e0 l'Etat islamique","canonical":"https:\/\/www.webdo.tn\/fr\/actualite\/international\/tunisie-kabibat-okba-ibn-nafaa-pro-aqmi-aurait-fait-allegeance-letat-islamique\/184322\/","og_locale":"fr_FR","og_type":"article","og_title":"Tunisie : Kabibat Okba Ibn Nafaa, pro-Aqmi, aurait d\u00e9clar\u00e9 son soutien \u00e0 l'Etat islamique","og_description":"Tunisie : Kabibat Okba Ibn Nafaa, pro-Aqmi, aurait d\u00e9clar\u00e9 son soutien \u00e0 l'Etat islamique","og_url":"https:\/\/www.webdo.tn\/fr\/actualite\/international\/tunisie-kabibat-okba-ibn-nafaa-pro-aqmi-aurait-fait-allegeance-letat-islamique\/184322\/","og_site_name":"webdo","article_publisher":"https:\/\/www.facebook.com\/webdotn","article_published_time":"2014-09-20T16:14:00+00:00","author":"webdo.tn","twitter_card":"summary_large_image","twitter_creator":"@webdo_tn","twitter_site":"@webdo_tn","twitter_misc":{"\u00c9crit par":"webdo.tn","Dur\u00e9e de lecture estim\u00e9e":"3 minutes"},"schema":{"@context":"https:\/\/schema.org","@graph":[{"@type":"NewsArticle","@id":"https:\/\/www.webdo.tn\/fr\/actualite\/international\/tunisie-kabibat-okba-ibn-nafaa-pro-aqmi-aurait-fait-allegeance-letat-islamique\/184322\/#article","isPartOf":{"@id":"https:\/\/www.webdo.tn\/fr\/actualite\/international\/tunisie-kabibat-okba-ibn-nafaa-pro-aqmi-aurait-fait-allegeance-letat-islamique\/184322\/"},"author":{"name":"webdo.tn","@id":"https:\/\/www.webdo.tn\/fr\/#\/schema\/person\/9a9c6118d687c117df8ef3cc36a4d175"},"headline":"Tunisie : Kabibat Okba Ibn Nafaa, pro-Aqmi, aurait d\u00e9clar\u00e9 son soutien \u00e0 l&rsquo;Etat islamique","datePublished":"2014-09-20T16:14:00+00:00","mainEntityOfPage":{"@id":"https:\/\/www.webdo.tn\/fr\/actualite\/international\/tunisie-kabibat-okba-ibn-nafaa-pro-aqmi-aurait-fait-allegeance-letat-islamique\/184322\/"},"wordCount":585,"commentCount":0,"publisher":{"@id":"https:\/\/www.webdo.tn\/fr\/#organization"},"image":{"@id":"https:\/\/www.webdo.tn\/fr\/actualite\/international\/tunisie-kabibat-okba-ibn-nafaa-pro-aqmi-aurait-fait-allegeance-letat-islamique\/184322\/#primaryimage"},"thumbnailUrl":"https:\/\/www.webdo.tn\/fr\/wp-content\/uploads\/2025\/06\/Capture-decran-2014-09-20-a-19.51.28_184322.png","keywords":["guerre"],"articleSection":["International"],"inLanguage":"fr-FR"},{"@type":"WebPage","@id":"https:\/\/www.webdo.tn\/fr\/actualite\/international\/tunisie-kabibat-okba-ibn-nafaa-pro-aqmi-aurait-fait-allegeance-letat-islamique\/184322\/","url":"https:\/\/www.webdo.tn\/fr\/actualite\/international\/tunisie-kabibat-okba-ibn-nafaa-pro-aqmi-aurait-fait-allegeance-letat-islamique\/184322\/","name":"Tunisie : Kabibat Okba Ibn Nafaa, pro-Aqmi, aurait d\u00e9clar\u00e9 son soutien \u00e0 l'Etat islamique","isPartOf":{"@id":"https:\/\/www.webdo.tn\/fr\/#website"},"primaryImageOfPage":{"@id":"https:\/\/www.webdo.tn\/fr\/actualite\/international\/tunisie-kabibat-okba-ibn-nafaa-pro-aqmi-aurait-fait-allegeance-letat-islamique\/184322\/#primaryimage"},"image":{"@id":"https:\/\/www.webdo.tn\/fr\/actualite\/international\/tunisie-kabibat-okba-ibn-nafaa-pro-aqmi-aurait-fait-allegeance-letat-islamique\/184322\/#primaryimage"},"thumbnailUrl":"https:\/\/www.webdo.tn\/fr\/wp-content\/uploads\/2025\/06\/Capture-decran-2014-09-20-a-19.51.28_184322.png","datePublished":"2014-09-20T16:14:00+00:00","description":"Tunisie : Kabibat Okba Ibn Nafaa, pro-Aqmi, aurait d\u00e9clar\u00e9 son soutien \u00e0 l'Etat islamique","breadcrumb":{"@id":"https:\/\/www.webdo.tn\/fr\/actualite\/international\/tunisie-kabibat-okba-ibn-nafaa-pro-aqmi-aurait-fait-allegeance-letat-islamique\/184322\/#breadcrumb"},"inLanguage":"fr-FR","potentialAction":[{"@type":"ReadAction","target":["https:\/\/www.webdo.tn\/fr\/actualite\/international\/tunisie-kabibat-okba-ibn-nafaa-pro-aqmi-aurait-fait-allegeance-letat-islamique\/184322\/"]}]},{"@type":"ImageObject","inLanguage":"fr-FR","@id":"https:\/\/www.webdo.tn\/fr\/actualite\/international\/tunisie-kabibat-okba-ibn-nafaa-pro-aqmi-aurait-fait-allegeance-letat-islamique\/184322\/#primaryimage","url":"https:\/\/www.webdo.tn\/fr\/wp-content\/uploads\/2025\/06\/Capture-decran-2014-09-20-a-19.51.28_184322.png","contentUrl":"https:\/\/www.webdo.tn\/fr\/wp-content\/uploads\/2025\/06\/Capture-decran-2014-09-20-a-19.51.28_184322.png","width":584,"height":529,"caption":"Tunisie : Kabibat Okba Ibn Nafaa, pro-Aqmi, aurait d\u00e9clar\u00e9 son soutien \u00e0 l'Etat islamique"},{"@type":"BreadcrumbList","@id":"https:\/\/www.webdo.tn\/fr\/actualite\/international\/tunisie-kabibat-okba-ibn-nafaa-pro-aqmi-aurait-fait-allegeance-letat-islamique\/184322\/#breadcrumb","itemListElement":[{"@type":"ListItem","position":1,"name":"Accueil","item":"https:\/\/www.webdo.tn\/fr\/"},{"@type":"ListItem","position":2,"name":"Tunisie : Kabibat Okba Ibn Nafaa, pro-Aqmi, aurait d\u00e9clar\u00e9 son soutien \u00e0 l&rsquo;Etat islamique"}]},{"@type":"WebSite","@id":"https:\/\/www.webdo.tn\/fr\/#website","url":"https:\/\/www.webdo.tn\/fr\/","name":"webdo","description":"Tunisie - News en Tunisie et \u00e0 l&#039;international sur Webdo.tn","publisher":{"@id":"https:\/\/www.webdo.tn\/fr\/#organization"},"potentialAction":[{"@type":"SearchAction","target":{"@type":"EntryPoint","urlTemplate":"https:\/\/www.webdo.tn\/fr\/?s={search_term_string}"},"query-input":{"@type":"PropertyValueSpecification","valueRequired":true,"valueName":"search_term_string"}}],"inLanguage":"fr-FR"},{"@type":"Organization","@id":"https:\/\/www.webdo.tn\/fr\/#organization","name":"Webdo","alternateName":"Webdo.tn","url":"https:\/\/www.webdo.tn\/fr\/","logo":{"@type":"ImageObject","inLanguage":"fr-FR","@id":"https:\/\/www.webdo.tn\/fr\/#\/schema\/logo\/image\/","url":"https:\/\/www.webdo.tn\/fr\/wp-content\/uploads\/2025\/06\/Webdo-Tunisie_168377.jpg","contentUrl":"https:\/\/www.webdo.tn\/fr\/wp-content\/uploads\/2025\/06\/Webdo-Tunisie_168377.jpg","width":301,"height":301,"caption":"Webdo"},"image":{"@id":"https:\/\/www.webdo.tn\/fr\/#\/schema\/logo\/image\/"},"sameAs":["https:\/\/www.facebook.com\/webdotn","https:\/\/x.com\/webdo_tn"],"description":"Webdo est un m\u00e9dia num\u00e9rique tunisien fond\u00e9 en 2010, sp\u00e9cialis\u00e9 dans l\u2019actualit\u00e9 nationale et internationale, l\u2019\u00e9conomie, la soci\u00e9t\u00e9 et les analyses politiques. Le site s\u2019adresse \u00e0 un large public francophone et couvre l\u2019information tunisienne en temps r\u00e9el.","email":"redac@webdo.tn","legalName":"YNJ SARL","foundingDate":"2010-09-06","numberOfEmployees":{"@type":"QuantitativeValue","minValue":"11","maxValue":"50"}},{"@type":"Person","@id":"https:\/\/www.webdo.tn\/fr\/#\/schema\/person\/9a9c6118d687c117df8ef3cc36a4d175","name":"webdo.tn","image":{"@type":"ImageObject","inLanguage":"fr-FR","@id":"https:\/\/secure.gravatar.com\/avatar\/7ce1f28c0c3bbac99ff550b85ef8e44a6950c6ee24514fb6a5489e51d06f0298?s=96&d=mm&r=g","url":"https:\/\/secure.gravatar.com\/avatar\/7ce1f28c0c3bbac99ff550b85ef8e44a6950c6ee24514fb6a5489e51d06f0298?s=96&d=mm&r=g","contentUrl":"https:\/\/secure.gravatar.com\/avatar\/7ce1f28c0c3bbac99ff550b85ef8e44a6950c6ee24514fb6a5489e51d06f0298?s=96&d=mm&r=g","caption":"webdo.tn"},"url":"https:\/\/www.webdo.tn\/fr\/actualite\/author\/webdotn\/"}]}},"_links":{"self":[{"href":"https:\/\/www.webdo.tn\/fr\/wp-json\/wp\/v2\/posts\/184322","targetHints":{"allow":["GET"]}}],"collection":[{"href":"https:\/\/www.webdo.tn\/fr\/wp-json\/wp\/v2\/posts"}],"about":[{"href":"https:\/\/www.webdo.tn\/fr\/wp-json\/wp\/v2\/types\/post"}],"author":[{"embeddable":true,"href":"https:\/\/www.webdo.tn\/fr\/wp-json\/wp\/v2\/users\/3222"}],"replies":[{"embeddable":true,"href":"https:\/\/www.webdo.tn\/fr\/wp-json\/wp\/v2\/comments?post=184322"}],"version-history":[{"count":0,"href":"https:\/\/www.webdo.tn\/fr\/wp-json\/wp\/v2\/posts\/184322\/revisions"}],"wp:featuredmedia":[{"embeddable":true,"href":"https:\/\/www.webdo.tn\/fr\/wp-json\/wp\/v2\/media\/373483"}],"wp:attachment":[{"href":"https:\/\/www.webdo.tn\/fr\/wp-json\/wp\/v2\/media?parent=184322"}],"wp:term":[{"taxonomy":"category","embeddable":true,"href":"https:\/\/www.webdo.tn\/fr\/wp-json\/wp\/v2\/categories?post=184322"},{"taxonomy":"post_tag","embeddable":true,"href":"https:\/\/www.webdo.tn\/fr\/wp-json\/wp\/v2\/tags?post=184322"}],"curies":[{"name":"wp","href":"https:\/\/api.w.org\/{rel}","templated":true}]}}