{"id":184321,"date":"2014-09-21T17:17:00","date_gmt":"2014-09-21T17:17:00","guid":{"rendered":"https:\/\/www.webdo.tn\/fr\/blog\/quest-ce-daech-comment-contrer\/184321\/"},"modified":"2025-05-19T10:40:42","modified_gmt":"2025-05-19T10:40:42","slug":"quest-ce-daech-comment-contrer","status":"publish","type":"post","link":"https:\/\/www.webdo.tn\/fr\/actualite\/international\/quest-ce-daech-comment-contrer\/184321\/","title":{"rendered":"Qu&rsquo;est-ce que Daech &#8230; Et comment le contrer ?"},"content":{"rendered":"<p>ANALYSE\u00a0| Par Farhat OTHMAN<\/p>\n<p>[dropcap]D[\/dropcap]aech, c&rsquo;est l&rsquo;acronyme arabe qu&rsquo;on propose pour le soi-disant Etat islamique d&rsquo;Irak et du Levant (EIIL ou ISIS) ; et c&rsquo;est un cauchemar. Or, comme tout cauchemar, il existe d&rsquo;abord dans les t\u00eates. Il tient donc juste \u00e0 celui qui vit ce cauchemar de croire \u00e0 sa r\u00e9alit\u00e9 ou de ne pas y croire.<\/p>\n<p>Il est ainsi inadmissible que l&rsquo;on puisse trouver quiconque \u00ab\u00a0chez nous\u00a0\u00bb au nom de l&rsquo;Islam justifier ses horreurs et encore moins lui apporter son soutien. Or, c&rsquo;est le cas; nombreux sont ceux qui ne se g\u00eanent pas pour le faire, y compris sur la sc\u00e8ne politique tunisienne, franchement ou par circonlocutions.<\/p>\n<p>Aussi, si Daech a le succ\u00e8s qu&rsquo;on conna\u00eet sur le terrain, c&rsquo;est qu&rsquo;il contr\u00f4le pas mal de cerveaux, nombreux jeunes et moins jeunes \u00e9tant fascin\u00e9s, \u00e0 tort ou \u00e0 raison, par cette monstruosit\u00e9. Comment expliquer ce cauchemar et encore mieux, comment agir pour le faire dispara\u00eetre ?Aux origines de la terreur<br \/>\nD&rsquo;abord, en quelques points, comprendre Daech, ce mythe dans les t\u00eates, en tant que r\u00e9alit\u00e9 de terrain. On r\u00e9alisera alors que Daech peut n&rsquo;\u00eatre qu&rsquo;un mirage grand-guignolesque, sanglant aussi, mais potentiellement \u00e9ph\u00e9m\u00e8re et m\u00eame irr\u00e9m\u00e9diablement si l&rsquo;on se fait violence pour agir d&rsquo;une mani\u00e8re cr\u00e9dible, forc\u00e9ment efficace.<br \/>\nDe la s\u00e9duction<br \/>\nDaech utilise les ingr\u00e9dients des grands spectacles du cin\u00e9ma et de la fiction, notamment la terreur, pour fasciner les plus influen\u00e7ables et terroriser les plus sensibles. Cet effet de cin\u00e9ma joue chez les jeunes qui se sentent l&rsquo;objet d&rsquo;exclusion aussi bien dans leur pays qu&rsquo;\u00e0 l&rsquo;\u00e9tranger o\u00f9 ils n&rsquo;ont gu\u00e8re le droit d&rsquo;aller faute de visa.<\/p>\n<p>Eux, mais aussi ceux qui se solidarisent avec eux en Europe, supportent mal le stigmate dont ils font l&rsquo;objet et nourrissent un sentiment de revanche que les exactions de Daech entretiennent. En effet, les horreurs de Daech se diluent chez ceux qui les supportent dans les horreurs de ses adversaires, les turpitudes des uns \u00e9tant jug\u00e9es comme la r\u00e9ponse \u00e0 celles des autres.<\/p>\n<p>Peu importe pour eux que ni le contexte ni l&rsquo;\u00e9chelle et les motivations ne soient pas les m\u00eames; la nuit tous les chats sont noirs entend-on dire. Daech se pr\u00e9tend un mouvement de lib\u00e9ration, usurpant de l&rsquo;aur\u00e9ole de la cause en guerre contre l&rsquo;injustice.<\/p>\n<p>Et s&rsquo;il est encore plus injuste dans sa lutte que l&rsquo;injustice qu&rsquo;il pr\u00e9tend combattre, il tire malgr\u00e9 tout de la l\u00e9gitimit\u00e9 de l&rsquo;injustice premi\u00e8re, celle-ci ne sachant ou ne voulant se r\u00e9v\u00e9ler une justice \u00e9quitable.<br \/>\nCe qui nourrit \u00ab\u00a0sa l\u00e9gitimit\u00e9\u00a0\u00bb aux yeux de ceux qui y croient<br \/>\nC&rsquo;est l&rsquo;invasion de l&rsquo;Irak qui a donn\u00e9 naissance \u00e0 Daech en 2006 et qui nourrit sa l\u00e9gitimit\u00e9. Cela se fait en parall\u00e8le avec les divisions politiques sur fond d&rsquo;inimiti\u00e9 religieuse entre sunnites, minoritaires en Irak mais majoritaires en Syrie et les chiites, majoritaires en Irak et minoritaires.<\/p>\n<p>En Syrie, le gouvernement appartient m\u00eame \u00e0 une secte extr\u00e9miste, les Noussayri. Or, le radicalisme du r\u00e9gime syrien est particuli\u00e8rement honni par les sunnites et il draine leurs faveurs pour Daceh tout autant que le rejet du ch\u00ee`isme\u00a0d&rsquo;Irak, bien moins int\u00e9griste pourtant. Toutefois, Daech ne peut se targuer de constituer une union parfaite entre ses membres ni d&rsquo;avoir une entente totale avec ses pourvoyeurs financiers.<br \/>\nScission entre groupuscules int\u00e9gristes<br \/>\nAinsi, le front Nosra (Jabhat an-Nu\u1e63rah li-Ahl ash-Sh\u0101m), actif en Syrie, n&rsquo;est pas totalement en phase avec Daech tout en autant non moins extr\u00e9miste, relevant de la mouvance Al-Qa\u00efda de laquelle Daech se serait \u00e9mancip\u00e9. Ces divisions sont des l\u00e9zardes qui peuvent \u00e0 tout moment en fissurer les fondations.<\/p>\n<p>On l&rsquo;a vu d&rsquo;ailleurs d\u00e9but 2014 lors d&rsquo;affrontements sanglants entre eux qui tourn\u00e8rent \u00e0 l&rsquo;avantage de Daech l&rsquo;amenant \u00e0 oser proclamer, en juin, la naissance du califat fantoche sur les parties incontr\u00f4l\u00e9es par les gouvernements de la Syrie et de l&rsquo;Irak. http:\/\/www.webdo.tn\/2014\/09\/20\/tunisie-kabibat-okba-ibn-nafaa-pro-aqmi-aurait-fait-allegeance-letat-islamique\/<br \/>\nLes mercenaires de Daech<br \/>\nLa ma\u00eetrise apparente de Daech des territoires qu&rsquo;il contr\u00f4le (on l&rsquo;estime \u00e0 215.000 km2 dont 45.000 en Syrie et 170.000 en Irak) est assur\u00e9e gr\u00e2ce \u00e0 des mercenaires qu&rsquo;il a r\u00e9ussi \u00e0 enr\u00f4ler, venant du monde entier et qu&rsquo;on estime \u00e0 une trentaine de mille environ (31.000 selon la CIA et 50.00 selon l&rsquo;OSDH, l&rsquo;Observatoire syrien des droits de l&rsquo;Homme).<\/p>\n<p>Ils ne sont pas que des jeunes musulmans cherchant l&rsquo;aventure pour remplir le vide existentiel; ils sont aussi des anciens cadres de l&rsquo;arm\u00e9e du dictateur irakien, des professionnels de la guerre.<\/p>\n<p>En plus des vis\u00e9es politiques poursuivies, nombre de combattants sont plut\u00f4t int\u00e9ress\u00e9s par les r\u00e9tributions financi\u00e8res qu&rsquo;ils trouvent; pour tous, l&rsquo;Islam n&rsquo;est que la paravent d&rsquo;une voracit\u00e9 pour le pouvoir ou les choses de la vie. La majorit\u00e9 du territoire que revendique Daech (25% de la Syrie et 40% de l&rsquo;Irak) fait partie du d\u00e9sert, s&rsquo;\u00e9tendant en Syrie d&rsquo;Alep, au nord vers l&rsquo;est, incluant la province de Raqqa et une partie de Hassaka et Dei Zor.<\/p>\n<p>En Irak, il impose sa loi sur le territoire du nord et de l&rsquo;ouest, habit\u00e9 par les tribus sunnites, avec notamment la ville de Mossoul.<br \/>\n\u00ab\u00a0Un Etat\u00a0\u00bb \/ \u00ab\u00a0Dawla\u00a0\u00bb ?<br \/>\nLa seule p\u00e9rennit\u00e9 de Daech qui se pr\u00e9tend un \u00c9tat, se dotant de ses attributs et de ses structures, repose sur l&rsquo;adh\u00e9sion qu&rsquo;il suscite aupr\u00e8s des tribus de la r\u00e9gion, outre la sympathie des jeunes du monde musulman qui forment une r\u00e9serve arm\u00e9e in\u00e9puisable.<\/p>\n<p>Aussi, c&rsquo;est sur une telle cinqui\u00e8me colonne qu&rsquo;il faudra agir pour ass\u00e9cher Daech en munitions humaines. Certes, si Deach n&rsquo;avait que les exalt\u00e9s parmi ses combattants, il s&rsquo;\u00e9croulerait rapidement.<\/p>\n<p>Outre l&rsquo;arme de la terreur dont il use \u00e0 l&rsquo;exc\u00e8s, il ne tient que gr\u00e2ce aux aides de toutes sortes, mat\u00e9rielles surtout, qu&rsquo;il re\u00e7oit de certains riches du Golfe.<\/p>\n<p>D&rsquo;aucuns minimisent cependant cet apport financier, estimant que l&rsquo;essentiel des ressources vient des territoires contr\u00f4l\u00e9s. Outre les r\u00e9serves des banques de la grande ville de Mossoul tomb\u00e9e entre leurs mains en juin (on a estim\u00e9 la r\u00e9serve bancaire d&rsquo;au moins 400 millions de dollars), il y a bien s\u00fbr les extorsions des populations, les contrebandes diverses, dont celle du p\u00e9trole et les ran\u00e7ons pour certains otages.<\/p>\n<p>La pr\u00e9tention de Daech de renouer avec l&rsquo;islam des origines est une affabulation; mais elle marche aupr\u00e8s des jeunes musulmans na\u00effs qui aspirent \u00e0 un plus de spiritualit\u00e9. Ils voient m\u00eame en Daech une \u00e9pop\u00e9e islamique contre le mat\u00e9rialisme dominant du monde.<\/p>\n<p>C&rsquo;est cette faim de puret\u00e9 qui justifierait leur acception de la sauvagerie de Daech comme la fin justifierait les moyens, toute \u00e9pop\u00e9e supposant un prix \u00e0 payer. Mais Daech sait aussi user, aupr\u00e8s des populations contr\u00f4l\u00e9es, d&rsquo;une politique sociale destin\u00e9e \u00e0 gagner leur soutien avec quelques services sociaux vitaux pour certains.<br \/>\nProtocole de soins<br \/>\nCes points de rappel mettent l&rsquo;accent sur la n\u00e9cessit\u00e9 de changer de politique, aussi bien \u00e0 l&rsquo;int\u00e9rieur des pays musulmans que chez leurs partenaires occidentaux. En effet, quand le \u00ab\u00a0mal\u00a0\u00bb est av\u00e9r\u00e9, ses causes diagnostiqu\u00e9es et ses effets ind\u00e9niables, il importe de dresser le protocole de soins se r\u00e9solvant en un rem\u00e8de de cheval.<br \/>\nR\u00e9forme<br \/>\nD&rsquo;abord, \u00e0 l&rsquo;int\u00e9rieur des pays musulmans, \u00e0 l&rsquo;\u00e9gard de l&rsquo;islam qu&rsquo;il importe de cesser d&rsquo;interpr\u00e9ter comme on le fait actuellement, en un corps de textes liberticides. Il urge d&rsquo;abolir toutes les lois suppos\u00e9es inspir\u00e9es par l&rsquo;islam et qui limitent les libert\u00e9s individuelles.<\/p>\n<p>Elles le font \u00e0 tort, l&rsquo;Islam comme je le d\u00e9montre par ailleurs \u00e9tant innocent de nombre de lois suppos\u00e9es ne tenir qu&rsquo;en son nom. Parmi elles, toutes celles tenant aux moeurs, puisqu&rsquo;on sait \u00e0 quel point une libido brim\u00e9e est un terreau fertile pour la plus cruelle monstruosit\u00e9.<\/p>\n<p>Cela est imp\u00e9ratif pour agir en profondeur sur la mentalit\u00e9 des gens en pleine confusion de sentiments tout autant que sur la nature v\u00e9ritable de l&rsquo;islam qui a toujours, \u00e0 l&rsquo;origine, la religion la plus lib\u00e9rale en mati\u00e8re de m\u0153urs. Dans ce m\u00eame cadre, il est imp\u00e9ratif de rouvrir d&rsquo;urgence et officiellement l&rsquo;effort d&rsquo;interpr\u00e9tation des pr\u00e9ceptes du Coran.<\/p>\n<p>Il est inadmissible de continuer de relever d&rsquo;une ex\u00e9g\u00e8se qui n&rsquo;est plus en symbiose avec les contingences du moment. Et ce ne sera qu&rsquo;une application stricte du Coran qui commande l&rsquo;ijtih\u0101d (l&rsquo;une des m\u00e9thodes de l&rsquo;ex\u00e9g\u00e8se coranique), allant jusqu&rsquo;\u00e0 r\u00e9tribuer l&rsquo;effort sinc\u00e8re m\u00eame s&rsquo;il est erron\u00e9. Que demander de plus ?<br \/>\nR\u00e9pudier l&rsquo;arrogance id\u00e9ologique<br \/>\nEnsuite, chez les pays dits occidentaux, il est n\u00e9cessaire de r\u00e9pudier enfin leur id\u00e9ologie arrogante \u00e0 l&rsquo;\u00e9gard du Sud et ses ressortissants. La politique europ\u00e9enne, notamment en M\u00e9diterran\u00e9e, doit devenir plus soucieuse de la n\u00e9cessaire solidarit\u00e9 internationale, les pays du Sud de devant plus \u00eatre trait\u00e9s en march\u00e9s juste bons pour \u00e9couler de la marchandise.<\/p>\n<p>Pareillement, les ressortissants de ces pays ne peuvent plus \u00eatre trait\u00e9s moins bien que les marchandises en et ce en osant assumer pour les humains la m\u00eame r\u00e8gle du lib\u00e9ralisme revendiqu\u00e9e pour les biens.<br \/>\nD\u00e9construire les fronti\u00e8res<br \/>\nEn prolongement \u00e0 un tel lib\u00e9ralisme int\u00e9gral, le libre mouvement est une arme efficace pour d\u00e9samorcer les bombes \u00e0 retardement que l&rsquo;immobilit\u00e9 cr\u00e9e dans les t\u00eates de jeunes priv\u00e9s de tout espoir de mener une vie normale, se laissant ainsi plus facilement manipuler par les sir\u00e8nes int\u00e9gristes.<\/p>\n<p>Aussi, on ne doit plus contrarier la circulation des jeunes, car il n&rsquo;y a plus d&rsquo;immigr\u00e9s clandestins, il n&rsquo;y a que des expatri\u00e9s et une r\u00e9pression clandestine de l&rsquo;expatriation, constante humaine depuis la nuit des temps. Enfin, comme une seule main n&rsquo;applaudit pas, une telle libert\u00e9 de circulation \u2014 que je crois tout \u00e0 fait possible et nullement utopique \u2014 doit \u00eatre revendiqu\u00e9e par les pays du Sud, en faire une condition sine qua non pour coop\u00e9rer avec les pays du Nord dans leur politique migratoire.<\/p>\n<p>J&rsquo;ai, en la mati\u00e8re, propos\u00e9 l&rsquo;outil ad\u00e9quat sous forme de visa biom\u00e9trique de circulation, respectueux \u00e0 la fois du droit \u00e0 la libert\u00e9 de circulation tout autant que des in\u00e9vitables r\u00e9quisits s\u00e9curitaires.<\/p>\n<p>Ce type de visa est m\u00eame d\u00e9sormais incontournable en droit international, l&rsquo;actuel visa le violant d&rsquo;une mani\u00e8re caract\u00e9ris\u00e9e. Ainsi agira-t-on sur l&rsquo;imaginaire des gens, contribuant \u00e0 changer leur mental pollu\u00e9 aujourd&rsquo;hui par une arrogance occidentale qui non seulement n&rsquo;a plus raison d&rsquo;\u00eatre, mais doit \u00eatre incontinent stopp\u00e9e, car elle est criminog\u00e8ne,\u00a0 mena\u00e7ant la paix et la s\u00e9curit\u00e9 du monde entier.<\/p>\n<p>AUTEUR : Farhat Othman, ancien diplomate (Consul-Adjoint au Consulat \u00e0 Strasbourg : 1983-1984, Consul au Consulat G\u00e9n\u00e9ral \u00e0 Paris : 1984-1992, Conseiller social de l&rsquo;Ambassade \u00e0 Paris : 1992-1996). Il a \u00e9t\u00e9 \u00e9cart\u00e9 injustement du cadre diplomatique en 1996 par l&rsquo;administration de l&rsquo;ancien r\u00e9gime. Chercheur. Auteur de :\u00a0Les Accords franco-arabes. Des origines des relations bilat\u00e9rales \u00e0 nos jours, L&rsquo;Harmattan 2001, et de\u00a0Gu\u00e9rir l&rsquo;Alzheimer ! Manifeste hors poncifs, L&rsquo;Harmattan 2012. Webmestre du site :\u00a0FFrance-\u00c9tats arabes,\u00a0Spiritisme arabe<\/p>\n","protected":false},"excerpt":{"rendered":"<p>Qu&rsquo;est-ce que Daech &#8230; Et comment le contrer ?<\/p>\n","protected":false},"author":3222,"featured_media":373482,"comment_status":"open","ping_status":"closed","sticky":false,"template":"","format":"standard","meta":{"footnotes":""},"categories":[2598],"tags":[2600],"class_list":["post-184321","post","type-post","status-publish","format-standard","has-post-thumbnail","hentry","category-international","tag-guerre"],"yoast_head":"<!-- This site is optimized with the Yoast SEO Premium plugin v27.5 (Yoast SEO v27.5) - https:\/\/yoast.com\/product\/yoast-seo-premium-wordpress\/ -->\n<title>Qu&#039;est-ce que Daech ... Et comment le contrer ?<\/title>\n<meta name=\"description\" content=\"Qu&#039;est-ce que Daech ... Et comment le contrer ?\" \/>\n<link rel=\"canonical\" href=\"https:\/\/www.webdo.tn\/fr\/actualite\/international\/quest-ce-daech-comment-contrer\/184321\/\" \/>\n<meta property=\"og:locale\" content=\"fr_FR\" \/>\n<meta property=\"og:type\" content=\"article\" \/>\n<meta property=\"og:title\" content=\"Qu&#039;est-ce que Daech ... Et comment le contrer ?\" \/>\n<meta property=\"og:description\" content=\"Qu&#039;est-ce que Daech ... Et comment le contrer ?\" \/>\n<meta property=\"og:url\" content=\"https:\/\/www.webdo.tn\/fr\/actualite\/international\/quest-ce-daech-comment-contrer\/184321\/\" \/>\n<meta property=\"og:site_name\" content=\"webdo\" \/>\n<meta property=\"article:publisher\" content=\"https:\/\/www.facebook.com\/webdotn\" \/>\n<meta property=\"article:published_time\" content=\"2014-09-21T17:17:00+00:00\" \/>\n<meta property=\"article:modified_time\" content=\"2025-05-19T10:40:42+00:00\" \/>\n<meta name=\"author\" content=\"webdo.tn\" \/>\n<meta name=\"twitter:card\" content=\"summary_large_image\" \/>\n<meta name=\"twitter:creator\" content=\"@webdo_tn\" \/>\n<meta name=\"twitter:site\" content=\"@webdo_tn\" \/>\n<meta name=\"twitter:label1\" content=\"\u00c9crit par\" \/>\n\t<meta name=\"twitter:data1\" content=\"webdo.tn\" \/>\n\t<meta name=\"twitter:label2\" content=\"Dur\u00e9e de lecture estim\u00e9e\" \/>\n\t<meta name=\"twitter:data2\" content=\"9 minutes\" \/>\n<script type=\"application\/ld+json\" class=\"yoast-schema-graph\">{\"@context\":\"https:\\\/\\\/schema.org\",\"@graph\":[{\"@type\":\"NewsArticle\",\"@id\":\"https:\\\/\\\/www.webdo.tn\\\/fr\\\/actualite\\\/international\\\/quest-ce-daech-comment-contrer\\\/184321\\\/#article\",\"isPartOf\":{\"@id\":\"https:\\\/\\\/www.webdo.tn\\\/fr\\\/actualite\\\/international\\\/quest-ce-daech-comment-contrer\\\/184321\\\/\"},\"author\":{\"name\":\"webdo.tn\",\"@id\":\"https:\\\/\\\/www.webdo.tn\\\/fr\\\/#\\\/schema\\\/person\\\/9a9c6118d687c117df8ef3cc36a4d175\"},\"headline\":\"Qu&rsquo;est-ce que Daech &#8230; Et comment le contrer ?\",\"datePublished\":\"2014-09-21T17:17:00+00:00\",\"dateModified\":\"2025-05-19T10:40:42+00:00\",\"mainEntityOfPage\":{\"@id\":\"https:\\\/\\\/www.webdo.tn\\\/fr\\\/actualite\\\/international\\\/quest-ce-daech-comment-contrer\\\/184321\\\/\"},\"wordCount\":2014,\"commentCount\":0,\"publisher\":{\"@id\":\"https:\\\/\\\/www.webdo.tn\\\/fr\\\/#organization\"},\"image\":{\"@id\":\"https:\\\/\\\/www.webdo.tn\\\/fr\\\/actualite\\\/international\\\/quest-ce-daech-comment-contrer\\\/184321\\\/#primaryimage\"},\"thumbnailUrl\":\"https:\\\/\\\/www.webdo.tn\\\/fr\\\/wp-content\\\/uploads\\\/2025\\\/06\\\/Capture-decran-2014-09-21-a-16.44.56-e1411314928187_184321.png\",\"keywords\":[\"guerre\"],\"articleSection\":[\"International\"],\"inLanguage\":\"fr-FR\"},{\"@type\":\"WebPage\",\"@id\":\"https:\\\/\\\/www.webdo.tn\\\/fr\\\/actualite\\\/international\\\/quest-ce-daech-comment-contrer\\\/184321\\\/\",\"url\":\"https:\\\/\\\/www.webdo.tn\\\/fr\\\/actualite\\\/international\\\/quest-ce-daech-comment-contrer\\\/184321\\\/\",\"name\":\"Qu'est-ce que Daech ... Et comment le contrer ?\",\"isPartOf\":{\"@id\":\"https:\\\/\\\/www.webdo.tn\\\/fr\\\/#website\"},\"primaryImageOfPage\":{\"@id\":\"https:\\\/\\\/www.webdo.tn\\\/fr\\\/actualite\\\/international\\\/quest-ce-daech-comment-contrer\\\/184321\\\/#primaryimage\"},\"image\":{\"@id\":\"https:\\\/\\\/www.webdo.tn\\\/fr\\\/actualite\\\/international\\\/quest-ce-daech-comment-contrer\\\/184321\\\/#primaryimage\"},\"thumbnailUrl\":\"https:\\\/\\\/www.webdo.tn\\\/fr\\\/wp-content\\\/uploads\\\/2025\\\/06\\\/Capture-decran-2014-09-21-a-16.44.56-e1411314928187_184321.png\",\"datePublished\":\"2014-09-21T17:17:00+00:00\",\"dateModified\":\"2025-05-19T10:40:42+00:00\",\"description\":\"Qu'est-ce que Daech ... Et comment le contrer ?\",\"breadcrumb\":{\"@id\":\"https:\\\/\\\/www.webdo.tn\\\/fr\\\/actualite\\\/international\\\/quest-ce-daech-comment-contrer\\\/184321\\\/#breadcrumb\"},\"inLanguage\":\"fr-FR\",\"potentialAction\":[{\"@type\":\"ReadAction\",\"target\":[\"https:\\\/\\\/www.webdo.tn\\\/fr\\\/actualite\\\/international\\\/quest-ce-daech-comment-contrer\\\/184321\\\/\"]}]},{\"@type\":\"ImageObject\",\"inLanguage\":\"fr-FR\",\"@id\":\"https:\\\/\\\/www.webdo.tn\\\/fr\\\/actualite\\\/international\\\/quest-ce-daech-comment-contrer\\\/184321\\\/#primaryimage\",\"url\":\"https:\\\/\\\/www.webdo.tn\\\/fr\\\/wp-content\\\/uploads\\\/2025\\\/06\\\/Capture-decran-2014-09-21-a-16.44.56-e1411314928187_184321.png\",\"contentUrl\":\"https:\\\/\\\/www.webdo.tn\\\/fr\\\/wp-content\\\/uploads\\\/2025\\\/06\\\/Capture-decran-2014-09-21-a-16.44.56-e1411314928187_184321.png\",\"width\":567,\"height\":301,\"caption\":\"Qu'est-ce que Daech ... Et comment le contrer ?\"},{\"@type\":\"BreadcrumbList\",\"@id\":\"https:\\\/\\\/www.webdo.tn\\\/fr\\\/actualite\\\/international\\\/quest-ce-daech-comment-contrer\\\/184321\\\/#breadcrumb\",\"itemListElement\":[{\"@type\":\"ListItem\",\"position\":1,\"name\":\"Accueil\",\"item\":\"https:\\\/\\\/www.webdo.tn\\\/fr\\\/\"},{\"@type\":\"ListItem\",\"position\":2,\"name\":\"Qu&rsquo;est-ce que Daech &#8230; Et comment le contrer ?\"}]},{\"@type\":\"WebSite\",\"@id\":\"https:\\\/\\\/www.webdo.tn\\\/fr\\\/#website\",\"url\":\"https:\\\/\\\/www.webdo.tn\\\/fr\\\/\",\"name\":\"webdo\",\"description\":\"Tunisie - News en Tunisie et \u00e0 l&#039;international sur Webdo.tn\",\"publisher\":{\"@id\":\"https:\\\/\\\/www.webdo.tn\\\/fr\\\/#organization\"},\"potentialAction\":[{\"@type\":\"SearchAction\",\"target\":{\"@type\":\"EntryPoint\",\"urlTemplate\":\"https:\\\/\\\/www.webdo.tn\\\/fr\\\/?s={search_term_string}\"},\"query-input\":{\"@type\":\"PropertyValueSpecification\",\"valueRequired\":true,\"valueName\":\"search_term_string\"}}],\"inLanguage\":\"fr-FR\"},{\"@type\":\"Organization\",\"@id\":\"https:\\\/\\\/www.webdo.tn\\\/fr\\\/#organization\",\"name\":\"Webdo\",\"alternateName\":\"Webdo.tn\",\"url\":\"https:\\\/\\\/www.webdo.tn\\\/fr\\\/\",\"logo\":{\"@type\":\"ImageObject\",\"inLanguage\":\"fr-FR\",\"@id\":\"https:\\\/\\\/www.webdo.tn\\\/fr\\\/#\\\/schema\\\/logo\\\/image\\\/\",\"url\":\"https:\\\/\\\/www.webdo.tn\\\/fr\\\/wp-content\\\/uploads\\\/2025\\\/06\\\/Webdo-Tunisie_168377.jpg\",\"contentUrl\":\"https:\\\/\\\/www.webdo.tn\\\/fr\\\/wp-content\\\/uploads\\\/2025\\\/06\\\/Webdo-Tunisie_168377.jpg\",\"width\":301,\"height\":301,\"caption\":\"Webdo\"},\"image\":{\"@id\":\"https:\\\/\\\/www.webdo.tn\\\/fr\\\/#\\\/schema\\\/logo\\\/image\\\/\"},\"sameAs\":[\"https:\\\/\\\/www.facebook.com\\\/webdotn\",\"https:\\\/\\\/x.com\\\/webdo_tn\"],\"description\":\"Webdo est un m\u00e9dia num\u00e9rique tunisien fond\u00e9 en 2010, sp\u00e9cialis\u00e9 dans l\u2019actualit\u00e9 nationale et internationale, l\u2019\u00e9conomie, la soci\u00e9t\u00e9 et les analyses politiques. Le site s\u2019adresse \u00e0 un large public francophone et couvre l\u2019information tunisienne en temps r\u00e9el.\",\"email\":\"redac@webdo.tn\",\"legalName\":\"YNJ SARL\",\"foundingDate\":\"2010-09-06\",\"numberOfEmployees\":{\"@type\":\"QuantitativeValue\",\"minValue\":\"11\",\"maxValue\":\"50\"}},{\"@type\":\"Person\",\"@id\":\"https:\\\/\\\/www.webdo.tn\\\/fr\\\/#\\\/schema\\\/person\\\/9a9c6118d687c117df8ef3cc36a4d175\",\"name\":\"webdo.tn\",\"image\":{\"@type\":\"ImageObject\",\"inLanguage\":\"fr-FR\",\"@id\":\"https:\\\/\\\/secure.gravatar.com\\\/avatar\\\/7ce1f28c0c3bbac99ff550b85ef8e44a6950c6ee24514fb6a5489e51d06f0298?s=96&d=mm&r=g\",\"url\":\"https:\\\/\\\/secure.gravatar.com\\\/avatar\\\/7ce1f28c0c3bbac99ff550b85ef8e44a6950c6ee24514fb6a5489e51d06f0298?s=96&d=mm&r=g\",\"contentUrl\":\"https:\\\/\\\/secure.gravatar.com\\\/avatar\\\/7ce1f28c0c3bbac99ff550b85ef8e44a6950c6ee24514fb6a5489e51d06f0298?s=96&d=mm&r=g\",\"caption\":\"webdo.tn\"},\"url\":\"https:\\\/\\\/www.webdo.tn\\\/fr\\\/actualite\\\/author\\\/webdotn\\\/\"}]}<\/script>\n<!-- \/ Yoast SEO Premium plugin. -->","yoast_head_json":{"title":"Qu'est-ce que Daech ... Et comment le contrer ?","description":"Qu'est-ce que Daech ... Et comment le contrer ?","canonical":"https:\/\/www.webdo.tn\/fr\/actualite\/international\/quest-ce-daech-comment-contrer\/184321\/","og_locale":"fr_FR","og_type":"article","og_title":"Qu'est-ce que Daech ... Et comment le contrer ?","og_description":"Qu'est-ce que Daech ... Et comment le contrer ?","og_url":"https:\/\/www.webdo.tn\/fr\/actualite\/international\/quest-ce-daech-comment-contrer\/184321\/","og_site_name":"webdo","article_publisher":"https:\/\/www.facebook.com\/webdotn","article_published_time":"2014-09-21T17:17:00+00:00","article_modified_time":"2025-05-19T10:40:42+00:00","author":"webdo.tn","twitter_card":"summary_large_image","twitter_creator":"@webdo_tn","twitter_site":"@webdo_tn","twitter_misc":{"\u00c9crit par":"webdo.tn","Dur\u00e9e de lecture estim\u00e9e":"9 minutes"},"schema":{"@context":"https:\/\/schema.org","@graph":[{"@type":"NewsArticle","@id":"https:\/\/www.webdo.tn\/fr\/actualite\/international\/quest-ce-daech-comment-contrer\/184321\/#article","isPartOf":{"@id":"https:\/\/www.webdo.tn\/fr\/actualite\/international\/quest-ce-daech-comment-contrer\/184321\/"},"author":{"name":"webdo.tn","@id":"https:\/\/www.webdo.tn\/fr\/#\/schema\/person\/9a9c6118d687c117df8ef3cc36a4d175"},"headline":"Qu&rsquo;est-ce que Daech &#8230; Et comment le contrer ?","datePublished":"2014-09-21T17:17:00+00:00","dateModified":"2025-05-19T10:40:42+00:00","mainEntityOfPage":{"@id":"https:\/\/www.webdo.tn\/fr\/actualite\/international\/quest-ce-daech-comment-contrer\/184321\/"},"wordCount":2014,"commentCount":0,"publisher":{"@id":"https:\/\/www.webdo.tn\/fr\/#organization"},"image":{"@id":"https:\/\/www.webdo.tn\/fr\/actualite\/international\/quest-ce-daech-comment-contrer\/184321\/#primaryimage"},"thumbnailUrl":"https:\/\/www.webdo.tn\/fr\/wp-content\/uploads\/2025\/06\/Capture-decran-2014-09-21-a-16.44.56-e1411314928187_184321.png","keywords":["guerre"],"articleSection":["International"],"inLanguage":"fr-FR"},{"@type":"WebPage","@id":"https:\/\/www.webdo.tn\/fr\/actualite\/international\/quest-ce-daech-comment-contrer\/184321\/","url":"https:\/\/www.webdo.tn\/fr\/actualite\/international\/quest-ce-daech-comment-contrer\/184321\/","name":"Qu'est-ce que Daech ... Et comment le contrer ?","isPartOf":{"@id":"https:\/\/www.webdo.tn\/fr\/#website"},"primaryImageOfPage":{"@id":"https:\/\/www.webdo.tn\/fr\/actualite\/international\/quest-ce-daech-comment-contrer\/184321\/#primaryimage"},"image":{"@id":"https:\/\/www.webdo.tn\/fr\/actualite\/international\/quest-ce-daech-comment-contrer\/184321\/#primaryimage"},"thumbnailUrl":"https:\/\/www.webdo.tn\/fr\/wp-content\/uploads\/2025\/06\/Capture-decran-2014-09-21-a-16.44.56-e1411314928187_184321.png","datePublished":"2014-09-21T17:17:00+00:00","dateModified":"2025-05-19T10:40:42+00:00","description":"Qu'est-ce que Daech ... Et comment le contrer ?","breadcrumb":{"@id":"https:\/\/www.webdo.tn\/fr\/actualite\/international\/quest-ce-daech-comment-contrer\/184321\/#breadcrumb"},"inLanguage":"fr-FR","potentialAction":[{"@type":"ReadAction","target":["https:\/\/www.webdo.tn\/fr\/actualite\/international\/quest-ce-daech-comment-contrer\/184321\/"]}]},{"@type":"ImageObject","inLanguage":"fr-FR","@id":"https:\/\/www.webdo.tn\/fr\/actualite\/international\/quest-ce-daech-comment-contrer\/184321\/#primaryimage","url":"https:\/\/www.webdo.tn\/fr\/wp-content\/uploads\/2025\/06\/Capture-decran-2014-09-21-a-16.44.56-e1411314928187_184321.png","contentUrl":"https:\/\/www.webdo.tn\/fr\/wp-content\/uploads\/2025\/06\/Capture-decran-2014-09-21-a-16.44.56-e1411314928187_184321.png","width":567,"height":301,"caption":"Qu'est-ce que Daech ... Et comment le contrer ?"},{"@type":"BreadcrumbList","@id":"https:\/\/www.webdo.tn\/fr\/actualite\/international\/quest-ce-daech-comment-contrer\/184321\/#breadcrumb","itemListElement":[{"@type":"ListItem","position":1,"name":"Accueil","item":"https:\/\/www.webdo.tn\/fr\/"},{"@type":"ListItem","position":2,"name":"Qu&rsquo;est-ce que Daech &#8230; Et comment le contrer ?"}]},{"@type":"WebSite","@id":"https:\/\/www.webdo.tn\/fr\/#website","url":"https:\/\/www.webdo.tn\/fr\/","name":"webdo","description":"Tunisie - News en Tunisie et \u00e0 l&#039;international sur Webdo.tn","publisher":{"@id":"https:\/\/www.webdo.tn\/fr\/#organization"},"potentialAction":[{"@type":"SearchAction","target":{"@type":"EntryPoint","urlTemplate":"https:\/\/www.webdo.tn\/fr\/?s={search_term_string}"},"query-input":{"@type":"PropertyValueSpecification","valueRequired":true,"valueName":"search_term_string"}}],"inLanguage":"fr-FR"},{"@type":"Organization","@id":"https:\/\/www.webdo.tn\/fr\/#organization","name":"Webdo","alternateName":"Webdo.tn","url":"https:\/\/www.webdo.tn\/fr\/","logo":{"@type":"ImageObject","inLanguage":"fr-FR","@id":"https:\/\/www.webdo.tn\/fr\/#\/schema\/logo\/image\/","url":"https:\/\/www.webdo.tn\/fr\/wp-content\/uploads\/2025\/06\/Webdo-Tunisie_168377.jpg","contentUrl":"https:\/\/www.webdo.tn\/fr\/wp-content\/uploads\/2025\/06\/Webdo-Tunisie_168377.jpg","width":301,"height":301,"caption":"Webdo"},"image":{"@id":"https:\/\/www.webdo.tn\/fr\/#\/schema\/logo\/image\/"},"sameAs":["https:\/\/www.facebook.com\/webdotn","https:\/\/x.com\/webdo_tn"],"description":"Webdo est un m\u00e9dia num\u00e9rique tunisien fond\u00e9 en 2010, sp\u00e9cialis\u00e9 dans l\u2019actualit\u00e9 nationale et internationale, l\u2019\u00e9conomie, la soci\u00e9t\u00e9 et les analyses politiques. Le site s\u2019adresse \u00e0 un large public francophone et couvre l\u2019information tunisienne en temps r\u00e9el.","email":"redac@webdo.tn","legalName":"YNJ SARL","foundingDate":"2010-09-06","numberOfEmployees":{"@type":"QuantitativeValue","minValue":"11","maxValue":"50"}},{"@type":"Person","@id":"https:\/\/www.webdo.tn\/fr\/#\/schema\/person\/9a9c6118d687c117df8ef3cc36a4d175","name":"webdo.tn","image":{"@type":"ImageObject","inLanguage":"fr-FR","@id":"https:\/\/secure.gravatar.com\/avatar\/7ce1f28c0c3bbac99ff550b85ef8e44a6950c6ee24514fb6a5489e51d06f0298?s=96&d=mm&r=g","url":"https:\/\/secure.gravatar.com\/avatar\/7ce1f28c0c3bbac99ff550b85ef8e44a6950c6ee24514fb6a5489e51d06f0298?s=96&d=mm&r=g","contentUrl":"https:\/\/secure.gravatar.com\/avatar\/7ce1f28c0c3bbac99ff550b85ef8e44a6950c6ee24514fb6a5489e51d06f0298?s=96&d=mm&r=g","caption":"webdo.tn"},"url":"https:\/\/www.webdo.tn\/fr\/actualite\/author\/webdotn\/"}]}},"_links":{"self":[{"href":"https:\/\/www.webdo.tn\/fr\/wp-json\/wp\/v2\/posts\/184321","targetHints":{"allow":["GET"]}}],"collection":[{"href":"https:\/\/www.webdo.tn\/fr\/wp-json\/wp\/v2\/posts"}],"about":[{"href":"https:\/\/www.webdo.tn\/fr\/wp-json\/wp\/v2\/types\/post"}],"author":[{"embeddable":true,"href":"https:\/\/www.webdo.tn\/fr\/wp-json\/wp\/v2\/users\/3222"}],"replies":[{"embeddable":true,"href":"https:\/\/www.webdo.tn\/fr\/wp-json\/wp\/v2\/comments?post=184321"}],"version-history":[{"count":0,"href":"https:\/\/www.webdo.tn\/fr\/wp-json\/wp\/v2\/posts\/184321\/revisions"}],"wp:featuredmedia":[{"embeddable":true,"href":"https:\/\/www.webdo.tn\/fr\/wp-json\/wp\/v2\/media\/373482"}],"wp:attachment":[{"href":"https:\/\/www.webdo.tn\/fr\/wp-json\/wp\/v2\/media?parent=184321"}],"wp:term":[{"taxonomy":"category","embeddable":true,"href":"https:\/\/www.webdo.tn\/fr\/wp-json\/wp\/v2\/categories?post=184321"},{"taxonomy":"post_tag","embeddable":true,"href":"https:\/\/www.webdo.tn\/fr\/wp-json\/wp\/v2\/tags?post=184321"}],"curies":[{"name":"wp","href":"https:\/\/api.w.org\/{rel}","templated":true}]}}