{"id":184320,"date":"2014-09-22T15:38:00","date_gmt":"2014-09-22T15:38:00","guid":{"rendered":"https:\/\/www.webdo.tn\/fr\/blog\/la-coupe-du-monde-2022-naura-pas-lieu-au-qatar-selon-un-membre-du-comite-executif-de-la-fifa\/184320\/"},"modified":"2014-09-22T15:38:00","modified_gmt":"2014-09-22T15:38:00","slug":"la-coupe-du-monde-2022-naura-pas-lieu-au-qatar-selon-un-membre-du-comite-executif-de-la-fifa","status":"publish","type":"post","link":"https:\/\/www.webdo.tn\/fr\/actualite\/international\/la-coupe-du-monde-2022-naura-pas-lieu-au-qatar-selon-un-membre-du-comite-executif-de-la-fifa\/184320\/","title":{"rendered":"La Coupe du Monde 2022 n&rsquo;aura pas lieu au Qatar, selon un membre du comit\u00e9 ex\u00e9cutif de la FIFA"},"content":{"rendered":"<p>Theo Zwanziger, membre allemand du Comit\u00e9 ex\u00e9cutif de la F\u00e9d\u00e9ration Internationale de Football (FIFA), vient de jeter un pav\u00e9 dans la marre en d\u00e9clarant dans une interview accord\u00e9e au quotidien allemand Bild, ce lundi, que \u00ab la Coupe du monde 2022 n&rsquo;aura pas lieu au Qatar \u00bb.<\/p>\n<p>\u00ab Je crois qu&rsquo;au final la Coupe du monde 2022 n&rsquo;aura pas lieu au Qatar \u00bb, a lanc\u00e9 l\u2019ancien pr\u00e9sident de la F\u00e9d\u00e9ration allemande (DFB), \u00e9voquant des conditions climatiques difficiles qui emp\u00eacheraient, au final, le Qatar d&rsquo;accueillir le Mondial.<\/p>\n<p>Le Qatar va-t-il perdre l&rsquo;organisation du Mondial 2022 ?<\/p>\n<p>\u00ab Les m\u00e9decins disent, et j&rsquo;avais insist\u00e9 sur ce point dans le protocole, qu&rsquo;ils ne peuvent pas garantir qu&rsquo;une Coupe du monde puisse se tenir en \u00e9t\u00e9 dans ces conditions. La Coupe du monde ne concerne pas seulement les stades. Il y a aussi des supporters qui viennent des quatre coins du monde et qui seront concern\u00e9s par la chaleur. Le premier incident mettant la vie en danger ferait l&rsquo;objet d&rsquo;une enqu\u00eate. Et \u00e7a, personne au comit\u00e9 ex\u00e9cutif de la FIFA ne voudrait y r\u00e9pondre \u00bb.<\/p>\n<p>La d\u00e9claration choc de M. Theo Zwanziger survient alors que des accusations de corruption p\u00e8sent sur l\u2019attribution de la Coupe du Monde 2022 au Qatar par la FIFA.<br \/>\nLes r\u00e9sultats de l&rsquo;enqu\u00eate de la Commission d&rsquo;\u00e9thique de la FIFA concernant les conditions d&rsquo;attribution des Mondiaux 2018 et 2022 seront connus d\u00e9but 2015.<\/p>\n<p>Mais, le Qatar est \u00e9galement sous le feu des critiques des organisations de d\u00e9fense des droits de l&rsquo;Homme \u00e0 cause des conditions de travail extr\u00eames des ouvriers sur les chantiers des stades.<\/p>\n","protected":false},"excerpt":{"rendered":"<p>La Coupe du Monde 2022 n&rsquo;aura pas lieu au Qatar, selon un membre du comit\u00e9 ex\u00e9cutif de la FIFA<\/p>\n","protected":false},"author":3222,"featured_media":335020,"comment_status":"open","ping_status":"closed","sticky":false,"template":"","format":"standard","meta":{"footnotes":""},"categories":[2598],"tags":[2600],"class_list":["post-184320","post","type-post","status-publish","format-standard","has-post-thumbnail","hentry","category-international","tag-guerre"],"yoast_head":"<!-- This site is optimized with the Yoast SEO Premium plugin v27.5 (Yoast SEO v27.5) - https:\/\/yoast.com\/product\/yoast-seo-premium-wordpress\/ -->\n<title>La Coupe du Monde 2022 n&#039;aura pas lieu au Qatar, selon un membre du comit\u00e9 ex\u00e9cutif de la FIFA<\/title>\n<meta name=\"description\" content=\"La Coupe du Monde 2022 n&#039;aura pas lieu au Qatar, selon un membre du comit\u00e9 ex\u00e9cutif de la FIFA\" \/>\n<link rel=\"canonical\" href=\"https:\/\/www.webdo.tn\/fr\/actualite\/international\/la-coupe-du-monde-2022-naura-pas-lieu-au-qatar-selon-un-membre-du-comite-executif-de-la-fifa\/184320\/\" \/>\n<meta property=\"og:locale\" content=\"fr_FR\" \/>\n<meta property=\"og:type\" content=\"article\" \/>\n<meta property=\"og:title\" content=\"La Coupe du Monde 2022 n&#039;aura pas lieu au Qatar, selon un membre du comit\u00e9 ex\u00e9cutif de la FIFA\" \/>\n<meta property=\"og:description\" content=\"La Coupe du Monde 2022 n&#039;aura pas lieu au Qatar, selon un membre du comit\u00e9 ex\u00e9cutif de la FIFA\" \/>\n<meta property=\"og:url\" content=\"https:\/\/www.webdo.tn\/fr\/actualite\/international\/la-coupe-du-monde-2022-naura-pas-lieu-au-qatar-selon-un-membre-du-comite-executif-de-la-fifa\/184320\/\" \/>\n<meta property=\"og:site_name\" content=\"webdo\" \/>\n<meta property=\"article:publisher\" content=\"https:\/\/www.facebook.com\/webdotn\" \/>\n<meta property=\"article:published_time\" content=\"2014-09-22T15:38:00+00:00\" \/>\n<meta property=\"og:image\" content=\"https:\/\/www.webdo.tn\/fr\/wp-content\/uploads\/2014\/09\/Theo-Zwanziger-credit-photo-FIFA.jpg\" \/>\n\t<meta property=\"og:image:width\" content=\"355\" \/>\n\t<meta property=\"og:image:height\" content=\"250\" \/>\n\t<meta property=\"og:image:type\" content=\"image\/jpeg\" \/>\n<meta name=\"author\" content=\"webdo.tn\" \/>\n<meta name=\"twitter:card\" content=\"summary_large_image\" \/>\n<meta name=\"twitter:creator\" content=\"@webdo_tn\" \/>\n<meta name=\"twitter:site\" content=\"@webdo_tn\" \/>\n<meta name=\"twitter:label1\" content=\"\u00c9crit par\" \/>\n\t<meta name=\"twitter:data1\" content=\"webdo.tn\" \/>\n\t<meta name=\"twitter:label2\" content=\"Dur\u00e9e de lecture estim\u00e9e\" \/>\n\t<meta name=\"twitter:data2\" content=\"1 minute\" \/>\n<script type=\"application\/ld+json\" class=\"yoast-schema-graph\">{\"@context\":\"https:\\\/\\\/schema.org\",\"@graph\":[{\"@type\":\"NewsArticle\",\"@id\":\"https:\\\/\\\/www.webdo.tn\\\/fr\\\/actualite\\\/international\\\/la-coupe-du-monde-2022-naura-pas-lieu-au-qatar-selon-un-membre-du-comite-executif-de-la-fifa\\\/184320\\\/#article\",\"isPartOf\":{\"@id\":\"https:\\\/\\\/www.webdo.tn\\\/fr\\\/actualite\\\/international\\\/la-coupe-du-monde-2022-naura-pas-lieu-au-qatar-selon-un-membre-du-comite-executif-de-la-fifa\\\/184320\\\/\"},\"author\":{\"name\":\"webdo.tn\",\"@id\":\"https:\\\/\\\/www.webdo.tn\\\/fr\\\/#\\\/schema\\\/person\\\/9a9c6118d687c117df8ef3cc36a4d175\"},\"headline\":\"La Coupe du Monde 2022 n&rsquo;aura pas lieu au Qatar, selon un membre du comit\u00e9 ex\u00e9cutif de la FIFA\",\"datePublished\":\"2014-09-22T15:38:00+00:00\",\"mainEntityOfPage\":{\"@id\":\"https:\\\/\\\/www.webdo.tn\\\/fr\\\/actualite\\\/international\\\/la-coupe-du-monde-2022-naura-pas-lieu-au-qatar-selon-un-membre-du-comite-executif-de-la-fifa\\\/184320\\\/\"},\"wordCount\":307,\"commentCount\":0,\"publisher\":{\"@id\":\"https:\\\/\\\/www.webdo.tn\\\/fr\\\/#organization\"},\"image\":{\"@id\":\"https:\\\/\\\/www.webdo.tn\\\/fr\\\/actualite\\\/international\\\/la-coupe-du-monde-2022-naura-pas-lieu-au-qatar-selon-un-membre-du-comite-executif-de-la-fifa\\\/184320\\\/#primaryimage\"},\"thumbnailUrl\":\"https:\\\/\\\/www.webdo.tn\\\/fr\\\/wp-content\\\/uploads\\\/2014\\\/09\\\/Theo-Zwanziger-credit-photo-FIFA.jpg\",\"keywords\":[\"guerre\"],\"articleSection\":[\"International\"],\"inLanguage\":\"fr-FR\"},{\"@type\":\"WebPage\",\"@id\":\"https:\\\/\\\/www.webdo.tn\\\/fr\\\/actualite\\\/international\\\/la-coupe-du-monde-2022-naura-pas-lieu-au-qatar-selon-un-membre-du-comite-executif-de-la-fifa\\\/184320\\\/\",\"url\":\"https:\\\/\\\/www.webdo.tn\\\/fr\\\/actualite\\\/international\\\/la-coupe-du-monde-2022-naura-pas-lieu-au-qatar-selon-un-membre-du-comite-executif-de-la-fifa\\\/184320\\\/\",\"name\":\"La Coupe du Monde 2022 n'aura pas lieu au Qatar, selon un membre du comit\u00e9 ex\u00e9cutif de la FIFA\",\"isPartOf\":{\"@id\":\"https:\\\/\\\/www.webdo.tn\\\/fr\\\/#website\"},\"primaryImageOfPage\":{\"@id\":\"https:\\\/\\\/www.webdo.tn\\\/fr\\\/actualite\\\/international\\\/la-coupe-du-monde-2022-naura-pas-lieu-au-qatar-selon-un-membre-du-comite-executif-de-la-fifa\\\/184320\\\/#primaryimage\"},\"image\":{\"@id\":\"https:\\\/\\\/www.webdo.tn\\\/fr\\\/actualite\\\/international\\\/la-coupe-du-monde-2022-naura-pas-lieu-au-qatar-selon-un-membre-du-comite-executif-de-la-fifa\\\/184320\\\/#primaryimage\"},\"thumbnailUrl\":\"https:\\\/\\\/www.webdo.tn\\\/fr\\\/wp-content\\\/uploads\\\/2014\\\/09\\\/Theo-Zwanziger-credit-photo-FIFA.jpg\",\"datePublished\":\"2014-09-22T15:38:00+00:00\",\"description\":\"La Coupe du Monde 2022 n'aura pas lieu au Qatar, selon un membre du comit\u00e9 ex\u00e9cutif de la FIFA\",\"breadcrumb\":{\"@id\":\"https:\\\/\\\/www.webdo.tn\\\/fr\\\/actualite\\\/international\\\/la-coupe-du-monde-2022-naura-pas-lieu-au-qatar-selon-un-membre-du-comite-executif-de-la-fifa\\\/184320\\\/#breadcrumb\"},\"inLanguage\":\"fr-FR\",\"potentialAction\":[{\"@type\":\"ReadAction\",\"target\":[\"https:\\\/\\\/www.webdo.tn\\\/fr\\\/actualite\\\/international\\\/la-coupe-du-monde-2022-naura-pas-lieu-au-qatar-selon-un-membre-du-comite-executif-de-la-fifa\\\/184320\\\/\"]}]},{\"@type\":\"ImageObject\",\"inLanguage\":\"fr-FR\",\"@id\":\"https:\\\/\\\/www.webdo.tn\\\/fr\\\/actualite\\\/international\\\/la-coupe-du-monde-2022-naura-pas-lieu-au-qatar-selon-un-membre-du-comite-executif-de-la-fifa\\\/184320\\\/#primaryimage\",\"url\":\"https:\\\/\\\/www.webdo.tn\\\/fr\\\/wp-content\\\/uploads\\\/2014\\\/09\\\/Theo-Zwanziger-credit-photo-FIFA.jpg\",\"contentUrl\":\"https:\\\/\\\/www.webdo.tn\\\/fr\\\/wp-content\\\/uploads\\\/2014\\\/09\\\/Theo-Zwanziger-credit-photo-FIFA.jpg\",\"width\":355,\"height\":250,\"caption\":\"La Coupe du Monde 2022 n'aura pas lieu au Qatar, selon un membre du comit\u00e9 ex\u00e9cutif de la FIFA\"},{\"@type\":\"BreadcrumbList\",\"@id\":\"https:\\\/\\\/www.webdo.tn\\\/fr\\\/actualite\\\/international\\\/la-coupe-du-monde-2022-naura-pas-lieu-au-qatar-selon-un-membre-du-comite-executif-de-la-fifa\\\/184320\\\/#breadcrumb\",\"itemListElement\":[{\"@type\":\"ListItem\",\"position\":1,\"name\":\"Accueil\",\"item\":\"https:\\\/\\\/www.webdo.tn\\\/fr\\\/\"},{\"@type\":\"ListItem\",\"position\":2,\"name\":\"La Coupe du Monde 2022 n&rsquo;aura pas lieu au Qatar, selon un membre du comit\u00e9 ex\u00e9cutif de la FIFA\"}]},{\"@type\":\"WebSite\",\"@id\":\"https:\\\/\\\/www.webdo.tn\\\/fr\\\/#website\",\"url\":\"https:\\\/\\\/www.webdo.tn\\\/fr\\\/\",\"name\":\"webdo\",\"description\":\"Tunisie - News en Tunisie et \u00e0 l&#039;international sur Webdo.tn\",\"publisher\":{\"@id\":\"https:\\\/\\\/www.webdo.tn\\\/fr\\\/#organization\"},\"potentialAction\":[{\"@type\":\"SearchAction\",\"target\":{\"@type\":\"EntryPoint\",\"urlTemplate\":\"https:\\\/\\\/www.webdo.tn\\\/fr\\\/?s={search_term_string}\"},\"query-input\":{\"@type\":\"PropertyValueSpecification\",\"valueRequired\":true,\"valueName\":\"search_term_string\"}}],\"inLanguage\":\"fr-FR\"},{\"@type\":\"Organization\",\"@id\":\"https:\\\/\\\/www.webdo.tn\\\/fr\\\/#organization\",\"name\":\"Webdo\",\"alternateName\":\"Webdo.tn\",\"url\":\"https:\\\/\\\/www.webdo.tn\\\/fr\\\/\",\"logo\":{\"@type\":\"ImageObject\",\"inLanguage\":\"fr-FR\",\"@id\":\"https:\\\/\\\/www.webdo.tn\\\/fr\\\/#\\\/schema\\\/logo\\\/image\\\/\",\"url\":\"https:\\\/\\\/www.webdo.tn\\\/fr\\\/wp-content\\\/uploads\\\/2025\\\/06\\\/Webdo-Tunisie_168377.jpg\",\"contentUrl\":\"https:\\\/\\\/www.webdo.tn\\\/fr\\\/wp-content\\\/uploads\\\/2025\\\/06\\\/Webdo-Tunisie_168377.jpg\",\"width\":301,\"height\":301,\"caption\":\"Webdo\"},\"image\":{\"@id\":\"https:\\\/\\\/www.webdo.tn\\\/fr\\\/#\\\/schema\\\/logo\\\/image\\\/\"},\"sameAs\":[\"https:\\\/\\\/www.facebook.com\\\/webdotn\",\"https:\\\/\\\/x.com\\\/webdo_tn\"],\"description\":\"Webdo est un m\u00e9dia num\u00e9rique tunisien fond\u00e9 en 2010, sp\u00e9cialis\u00e9 dans l\u2019actualit\u00e9 nationale et internationale, l\u2019\u00e9conomie, la soci\u00e9t\u00e9 et les analyses politiques. Le site s\u2019adresse \u00e0 un large public francophone et couvre l\u2019information tunisienne en temps r\u00e9el.\",\"email\":\"redac@webdo.tn\",\"legalName\":\"YNJ SARL\",\"foundingDate\":\"2010-09-06\",\"numberOfEmployees\":{\"@type\":\"QuantitativeValue\",\"minValue\":\"11\",\"maxValue\":\"50\"}},{\"@type\":\"Person\",\"@id\":\"https:\\\/\\\/www.webdo.tn\\\/fr\\\/#\\\/schema\\\/person\\\/9a9c6118d687c117df8ef3cc36a4d175\",\"name\":\"webdo.tn\",\"image\":{\"@type\":\"ImageObject\",\"inLanguage\":\"fr-FR\",\"@id\":\"https:\\\/\\\/secure.gravatar.com\\\/avatar\\\/7ce1f28c0c3bbac99ff550b85ef8e44a6950c6ee24514fb6a5489e51d06f0298?s=96&d=mm&r=g\",\"url\":\"https:\\\/\\\/secure.gravatar.com\\\/avatar\\\/7ce1f28c0c3bbac99ff550b85ef8e44a6950c6ee24514fb6a5489e51d06f0298?s=96&d=mm&r=g\",\"contentUrl\":\"https:\\\/\\\/secure.gravatar.com\\\/avatar\\\/7ce1f28c0c3bbac99ff550b85ef8e44a6950c6ee24514fb6a5489e51d06f0298?s=96&d=mm&r=g\",\"caption\":\"webdo.tn\"},\"url\":\"https:\\\/\\\/www.webdo.tn\\\/fr\\\/actualite\\\/author\\\/webdotn\\\/\"}]}<\/script>\n<!-- \/ Yoast SEO Premium plugin. -->","yoast_head_json":{"title":"La Coupe du Monde 2022 n'aura pas lieu au Qatar, selon un membre du comit\u00e9 ex\u00e9cutif de la FIFA","description":"La Coupe du Monde 2022 n'aura pas lieu au Qatar, selon un membre du comit\u00e9 ex\u00e9cutif de la FIFA","canonical":"https:\/\/www.webdo.tn\/fr\/actualite\/international\/la-coupe-du-monde-2022-naura-pas-lieu-au-qatar-selon-un-membre-du-comite-executif-de-la-fifa\/184320\/","og_locale":"fr_FR","og_type":"article","og_title":"La Coupe du Monde 2022 n'aura pas lieu au Qatar, selon un membre du comit\u00e9 ex\u00e9cutif de la FIFA","og_description":"La Coupe du Monde 2022 n'aura pas lieu au Qatar, selon un membre du comit\u00e9 ex\u00e9cutif de la FIFA","og_url":"https:\/\/www.webdo.tn\/fr\/actualite\/international\/la-coupe-du-monde-2022-naura-pas-lieu-au-qatar-selon-un-membre-du-comite-executif-de-la-fifa\/184320\/","og_site_name":"webdo","article_publisher":"https:\/\/www.facebook.com\/webdotn","article_published_time":"2014-09-22T15:38:00+00:00","og_image":[{"width":355,"height":250,"url":"https:\/\/www.webdo.tn\/fr\/wp-content\/uploads\/2014\/09\/Theo-Zwanziger-credit-photo-FIFA.jpg","type":"image\/jpeg"}],"author":"webdo.tn","twitter_card":"summary_large_image","twitter_creator":"@webdo_tn","twitter_site":"@webdo_tn","twitter_misc":{"\u00c9crit par":"webdo.tn","Dur\u00e9e de lecture estim\u00e9e":"1 minute"},"schema":{"@context":"https:\/\/schema.org","@graph":[{"@type":"NewsArticle","@id":"https:\/\/www.webdo.tn\/fr\/actualite\/international\/la-coupe-du-monde-2022-naura-pas-lieu-au-qatar-selon-un-membre-du-comite-executif-de-la-fifa\/184320\/#article","isPartOf":{"@id":"https:\/\/www.webdo.tn\/fr\/actualite\/international\/la-coupe-du-monde-2022-naura-pas-lieu-au-qatar-selon-un-membre-du-comite-executif-de-la-fifa\/184320\/"},"author":{"name":"webdo.tn","@id":"https:\/\/www.webdo.tn\/fr\/#\/schema\/person\/9a9c6118d687c117df8ef3cc36a4d175"},"headline":"La Coupe du Monde 2022 n&rsquo;aura pas lieu au Qatar, selon un membre du comit\u00e9 ex\u00e9cutif de la FIFA","datePublished":"2014-09-22T15:38:00+00:00","mainEntityOfPage":{"@id":"https:\/\/www.webdo.tn\/fr\/actualite\/international\/la-coupe-du-monde-2022-naura-pas-lieu-au-qatar-selon-un-membre-du-comite-executif-de-la-fifa\/184320\/"},"wordCount":307,"commentCount":0,"publisher":{"@id":"https:\/\/www.webdo.tn\/fr\/#organization"},"image":{"@id":"https:\/\/www.webdo.tn\/fr\/actualite\/international\/la-coupe-du-monde-2022-naura-pas-lieu-au-qatar-selon-un-membre-du-comite-executif-de-la-fifa\/184320\/#primaryimage"},"thumbnailUrl":"https:\/\/www.webdo.tn\/fr\/wp-content\/uploads\/2014\/09\/Theo-Zwanziger-credit-photo-FIFA.jpg","keywords":["guerre"],"articleSection":["International"],"inLanguage":"fr-FR"},{"@type":"WebPage","@id":"https:\/\/www.webdo.tn\/fr\/actualite\/international\/la-coupe-du-monde-2022-naura-pas-lieu-au-qatar-selon-un-membre-du-comite-executif-de-la-fifa\/184320\/","url":"https:\/\/www.webdo.tn\/fr\/actualite\/international\/la-coupe-du-monde-2022-naura-pas-lieu-au-qatar-selon-un-membre-du-comite-executif-de-la-fifa\/184320\/","name":"La Coupe du Monde 2022 n'aura pas lieu au Qatar, selon un membre du comit\u00e9 ex\u00e9cutif de la FIFA","isPartOf":{"@id":"https:\/\/www.webdo.tn\/fr\/#website"},"primaryImageOfPage":{"@id":"https:\/\/www.webdo.tn\/fr\/actualite\/international\/la-coupe-du-monde-2022-naura-pas-lieu-au-qatar-selon-un-membre-du-comite-executif-de-la-fifa\/184320\/#primaryimage"},"image":{"@id":"https:\/\/www.webdo.tn\/fr\/actualite\/international\/la-coupe-du-monde-2022-naura-pas-lieu-au-qatar-selon-un-membre-du-comite-executif-de-la-fifa\/184320\/#primaryimage"},"thumbnailUrl":"https:\/\/www.webdo.tn\/fr\/wp-content\/uploads\/2014\/09\/Theo-Zwanziger-credit-photo-FIFA.jpg","datePublished":"2014-09-22T15:38:00+00:00","description":"La Coupe du Monde 2022 n'aura pas lieu au Qatar, selon un membre du comit\u00e9 ex\u00e9cutif de la FIFA","breadcrumb":{"@id":"https:\/\/www.webdo.tn\/fr\/actualite\/international\/la-coupe-du-monde-2022-naura-pas-lieu-au-qatar-selon-un-membre-du-comite-executif-de-la-fifa\/184320\/#breadcrumb"},"inLanguage":"fr-FR","potentialAction":[{"@type":"ReadAction","target":["https:\/\/www.webdo.tn\/fr\/actualite\/international\/la-coupe-du-monde-2022-naura-pas-lieu-au-qatar-selon-un-membre-du-comite-executif-de-la-fifa\/184320\/"]}]},{"@type":"ImageObject","inLanguage":"fr-FR","@id":"https:\/\/www.webdo.tn\/fr\/actualite\/international\/la-coupe-du-monde-2022-naura-pas-lieu-au-qatar-selon-un-membre-du-comite-executif-de-la-fifa\/184320\/#primaryimage","url":"https:\/\/www.webdo.tn\/fr\/wp-content\/uploads\/2014\/09\/Theo-Zwanziger-credit-photo-FIFA.jpg","contentUrl":"https:\/\/www.webdo.tn\/fr\/wp-content\/uploads\/2014\/09\/Theo-Zwanziger-credit-photo-FIFA.jpg","width":355,"height":250,"caption":"La Coupe du Monde 2022 n'aura pas lieu au Qatar, selon un membre du comit\u00e9 ex\u00e9cutif de la FIFA"},{"@type":"BreadcrumbList","@id":"https:\/\/www.webdo.tn\/fr\/actualite\/international\/la-coupe-du-monde-2022-naura-pas-lieu-au-qatar-selon-un-membre-du-comite-executif-de-la-fifa\/184320\/#breadcrumb","itemListElement":[{"@type":"ListItem","position":1,"name":"Accueil","item":"https:\/\/www.webdo.tn\/fr\/"},{"@type":"ListItem","position":2,"name":"La Coupe du Monde 2022 n&rsquo;aura pas lieu au Qatar, selon un membre du comit\u00e9 ex\u00e9cutif de la FIFA"}]},{"@type":"WebSite","@id":"https:\/\/www.webdo.tn\/fr\/#website","url":"https:\/\/www.webdo.tn\/fr\/","name":"webdo","description":"Tunisie - News en Tunisie et \u00e0 l&#039;international sur Webdo.tn","publisher":{"@id":"https:\/\/www.webdo.tn\/fr\/#organization"},"potentialAction":[{"@type":"SearchAction","target":{"@type":"EntryPoint","urlTemplate":"https:\/\/www.webdo.tn\/fr\/?s={search_term_string}"},"query-input":{"@type":"PropertyValueSpecification","valueRequired":true,"valueName":"search_term_string"}}],"inLanguage":"fr-FR"},{"@type":"Organization","@id":"https:\/\/www.webdo.tn\/fr\/#organization","name":"Webdo","alternateName":"Webdo.tn","url":"https:\/\/www.webdo.tn\/fr\/","logo":{"@type":"ImageObject","inLanguage":"fr-FR","@id":"https:\/\/www.webdo.tn\/fr\/#\/schema\/logo\/image\/","url":"https:\/\/www.webdo.tn\/fr\/wp-content\/uploads\/2025\/06\/Webdo-Tunisie_168377.jpg","contentUrl":"https:\/\/www.webdo.tn\/fr\/wp-content\/uploads\/2025\/06\/Webdo-Tunisie_168377.jpg","width":301,"height":301,"caption":"Webdo"},"image":{"@id":"https:\/\/www.webdo.tn\/fr\/#\/schema\/logo\/image\/"},"sameAs":["https:\/\/www.facebook.com\/webdotn","https:\/\/x.com\/webdo_tn"],"description":"Webdo est un m\u00e9dia num\u00e9rique tunisien fond\u00e9 en 2010, sp\u00e9cialis\u00e9 dans l\u2019actualit\u00e9 nationale et internationale, l\u2019\u00e9conomie, la soci\u00e9t\u00e9 et les analyses politiques. Le site s\u2019adresse \u00e0 un large public francophone et couvre l\u2019information tunisienne en temps r\u00e9el.","email":"redac@webdo.tn","legalName":"YNJ SARL","foundingDate":"2010-09-06","numberOfEmployees":{"@type":"QuantitativeValue","minValue":"11","maxValue":"50"}},{"@type":"Person","@id":"https:\/\/www.webdo.tn\/fr\/#\/schema\/person\/9a9c6118d687c117df8ef3cc36a4d175","name":"webdo.tn","image":{"@type":"ImageObject","inLanguage":"fr-FR","@id":"https:\/\/secure.gravatar.com\/avatar\/7ce1f28c0c3bbac99ff550b85ef8e44a6950c6ee24514fb6a5489e51d06f0298?s=96&d=mm&r=g","url":"https:\/\/secure.gravatar.com\/avatar\/7ce1f28c0c3bbac99ff550b85ef8e44a6950c6ee24514fb6a5489e51d06f0298?s=96&d=mm&r=g","contentUrl":"https:\/\/secure.gravatar.com\/avatar\/7ce1f28c0c3bbac99ff550b85ef8e44a6950c6ee24514fb6a5489e51d06f0298?s=96&d=mm&r=g","caption":"webdo.tn"},"url":"https:\/\/www.webdo.tn\/fr\/actualite\/author\/webdotn\/"}]}},"_links":{"self":[{"href":"https:\/\/www.webdo.tn\/fr\/wp-json\/wp\/v2\/posts\/184320","targetHints":{"allow":["GET"]}}],"collection":[{"href":"https:\/\/www.webdo.tn\/fr\/wp-json\/wp\/v2\/posts"}],"about":[{"href":"https:\/\/www.webdo.tn\/fr\/wp-json\/wp\/v2\/types\/post"}],"author":[{"embeddable":true,"href":"https:\/\/www.webdo.tn\/fr\/wp-json\/wp\/v2\/users\/3222"}],"replies":[{"embeddable":true,"href":"https:\/\/www.webdo.tn\/fr\/wp-json\/wp\/v2\/comments?post=184320"}],"version-history":[{"count":0,"href":"https:\/\/www.webdo.tn\/fr\/wp-json\/wp\/v2\/posts\/184320\/revisions"}],"wp:featuredmedia":[{"embeddable":true,"href":"https:\/\/www.webdo.tn\/fr\/wp-json\/wp\/v2\/media\/335020"}],"wp:attachment":[{"href":"https:\/\/www.webdo.tn\/fr\/wp-json\/wp\/v2\/media?parent=184320"}],"wp:term":[{"taxonomy":"category","embeddable":true,"href":"https:\/\/www.webdo.tn\/fr\/wp-json\/wp\/v2\/categories?post=184320"},{"taxonomy":"post_tag","embeddable":true,"href":"https:\/\/www.webdo.tn\/fr\/wp-json\/wp\/v2\/tags?post=184320"}],"curies":[{"name":"wp","href":"https:\/\/api.w.org\/{rel}","templated":true}]}}