{"id":184319,"date":"2014-09-22T17:18:00","date_gmt":"2014-09-22T15:18:00","guid":{"rendered":"https:\/\/www.webdo.tn\/fr\/actualite\/international\/suite-aux-menaces-de-daech-lambassade-de-france-en-tunisie-appelle-ses-concitoyens-a-renforcer-leur-vigilance\/184319"},"modified":"2014-09-22T17:18:00","modified_gmt":"2014-09-22T15:18:00","slug":"suite-aux-menaces-de-daech-lambassade-de-france-en-tunisie-appelle-ses-concitoyens-a-renforcer-leur-vigilance","status":"publish","type":"post","link":"https:\/\/www.webdo.tn\/fr\/actualite\/international\/suite-aux-menaces-de-daech-lambassade-de-france-en-tunisie-appelle-ses-concitoyens-a-renforcer-leur-vigilance\/184319\/","title":{"rendered":"Suite aux menaces de Daech, l&rsquo;ambassade de France en Tunisie appelle ses concitoyens \u00e0 renforcer leur vigilance"},"content":{"rendered":"<p>\u00ab\u00a0Suite aux derni\u00e8res menaces visant les Fran\u00e7ais, l&rsquo;ambassade de France en Tunisie appelle les Fran\u00e7ais r\u00e9sidant ou de passage en Tunisie \u00e0 la plus grande prudence et \u00e0 une vigilance renforc\u00e9e\u00a0\u00bb. C&rsquo;est le message qu&rsquo;a envoy\u00e9 l&rsquo;ambassade de France, ce lundi 22 septembre, \u00e0 tous les membres de sa communaut\u00e9 en Tunisie.<br \/>\nUne alerte qui intervient dans le contexte de l\u2019intervention de la coalition internationale contre Daech, pr\u00e9cise la note de l&rsquo;ambassade, sachant que l\u2019\u00c9tat Islamique en Irak et au levant (EIIL) a appel\u00e9 ses partisans \u00e0 tuer des citoyens appartenant aux pays formant la coalition internationale mise en place pour combattre Daech en Irak et en Syrie.<\/p>\n<p>Dans un message de l\u2019EIIL, rapport\u00e9 par le centre am\u00e9ricain de surveillance des sites islamistes (SITE), le porte-parole de Daech Abou Mohammed al-Adnani d\u00e9clarait, ce dimanche :<\/p>\n<p>\u00ab\u00a0La meilleure chose que vous puissiez faire est de vous efforcer de tuer tout infid\u00e8le, qu&rsquo;il soit Fran\u00e7ais, Am\u00e9ricain ou d&rsquo;un de leurs pays alli\u00e9s\u00a0\u00bb (&#8230;) Si vous ne pouvez pas trouver d&rsquo;engin explosif ou de munition, alors isolez l&rsquo;Am\u00e9ricain infid\u00e8le, le Fran\u00e7ais infid\u00e8le, ou n&rsquo;importe lequel de ses alli\u00e9s. Ecrasez-lui la t\u00eate \u00e0 coup de pierre, tuez-le avec un couteau, renversez-le avec votre voiture, jetez-le dans le vide, \u00e9touffez-le ou empoisonnez-le\u00a0\u00bb.<\/p>\n<p>Les Etats-Unis et la France sont les deux seuls pays qui ont jusqu\u2019\u00e0 pr\u00e9sent men\u00e9 des frappes a\u00e9riennes en Irak sur des positions de l\u2019EIIL.<\/p>\n","protected":false},"excerpt":{"rendered":"<p>\u00ab\u00a0Suite aux derni\u00e8res menaces visant les Fran\u00e7ais, l&rsquo;ambassade de France en Tunisie appelle les Fran\u00e7ais r\u00e9sidant ou de passage en Tunisie \u00e0 la plus gr<\/p>\n","protected":false},"author":3222,"featured_media":375098,"comment_status":"open","ping_status":"open","sticky":false,"template":"","format":"standard","meta":{"footnotes":""},"categories":[2598],"tags":[],"class_list":["post-184319","post","type-post","status-publish","format-standard","has-post-thumbnail","hentry","category-international"],"yoast_head":"<!-- This site is optimized with the Yoast SEO Premium plugin v27.5 (Yoast SEO v27.5) - https:\/\/yoast.com\/product\/yoast-seo-premium-wordpress\/ -->\n<title>Suite aux menaces de Daech, l&#039;ambassade de France en Tunisie appelle ses concitoyens \u00e0 renforcer leur vigilance<\/title>\n<meta name=\"description\" content=\"Suite aux menaces de Daech, l&#039;ambassade de France en Tunisie appelle ses concitoyens \u00e0 renforcer leur vigilance\" \/>\n<link rel=\"canonical\" href=\"https:\/\/www.webdo.tn\/fr\/actualite\/international\/suite-aux-menaces-de-daech-lambassade-de-france-en-tunisie-appelle-ses-concitoyens-a-renforcer-leur-vigilance\/184319\/\" \/>\n<meta property=\"og:locale\" content=\"fr_FR\" \/>\n<meta property=\"og:type\" content=\"article\" \/>\n<meta property=\"og:title\" content=\"Suite aux menaces de Daech, l&#039;ambassade de France en Tunisie appelle ses concitoyens \u00e0 renforcer leur vigilance\" \/>\n<meta property=\"og:description\" content=\"Suite aux menaces de Daech, l&#039;ambassade de France en Tunisie appelle ses concitoyens \u00e0 renforcer leur vigilance\" \/>\n<meta property=\"og:url\" content=\"https:\/\/www.webdo.tn\/fr\/actualite\/international\/suite-aux-menaces-de-daech-lambassade-de-france-en-tunisie-appelle-ses-concitoyens-a-renforcer-leur-vigilance\/184319\/\" \/>\n<meta property=\"og:site_name\" content=\"webdo\" \/>\n<meta property=\"article:publisher\" content=\"https:\/\/www.facebook.com\/webdotn\" \/>\n<meta property=\"article:published_time\" content=\"2014-09-22T15:18:00+00:00\" \/>\n<meta name=\"author\" content=\"webdo.tn\" \/>\n<meta name=\"twitter:card\" content=\"summary_large_image\" \/>\n<meta name=\"twitter:creator\" content=\"@webdo_tn\" \/>\n<meta name=\"twitter:site\" content=\"@webdo_tn\" \/>\n<meta name=\"twitter:label1\" content=\"\u00c9crit par\" \/>\n\t<meta name=\"twitter:data1\" content=\"webdo.tn\" \/>\n\t<meta name=\"twitter:label2\" content=\"Dur\u00e9e de lecture estim\u00e9e\" \/>\n\t<meta name=\"twitter:data2\" content=\"1 minute\" \/>\n<script type=\"application\/ld+json\" class=\"yoast-schema-graph\">{\"@context\":\"https:\\\/\\\/schema.org\",\"@graph\":[{\"@type\":\"NewsArticle\",\"@id\":\"https:\\\/\\\/www.webdo.tn\\\/fr\\\/actualite\\\/international\\\/suite-aux-menaces-de-daech-lambassade-de-france-en-tunisie-appelle-ses-concitoyens-a-renforcer-leur-vigilance\\\/184319\\\/#article\",\"isPartOf\":{\"@id\":\"https:\\\/\\\/www.webdo.tn\\\/fr\\\/actualite\\\/international\\\/suite-aux-menaces-de-daech-lambassade-de-france-en-tunisie-appelle-ses-concitoyens-a-renforcer-leur-vigilance\\\/184319\\\/\"},\"author\":{\"name\":\"webdo.tn\",\"@id\":\"https:\\\/\\\/www.webdo.tn\\\/fr\\\/#\\\/schema\\\/person\\\/9a9c6118d687c117df8ef3cc36a4d175\"},\"headline\":\"Suite aux menaces de Daech, l&rsquo;ambassade de France en Tunisie appelle ses concitoyens \u00e0 renforcer leur vigilance\",\"datePublished\":\"2014-09-22T15:18:00+00:00\",\"mainEntityOfPage\":{\"@id\":\"https:\\\/\\\/www.webdo.tn\\\/fr\\\/actualite\\\/international\\\/suite-aux-menaces-de-daech-lambassade-de-france-en-tunisie-appelle-ses-concitoyens-a-renforcer-leur-vigilance\\\/184319\\\/\"},\"wordCount\":275,\"commentCount\":0,\"publisher\":{\"@id\":\"https:\\\/\\\/www.webdo.tn\\\/fr\\\/#organization\"},\"image\":{\"@id\":\"https:\\\/\\\/www.webdo.tn\\\/fr\\\/actualite\\\/international\\\/suite-aux-menaces-de-daech-lambassade-de-france-en-tunisie-appelle-ses-concitoyens-a-renforcer-leur-vigilance\\\/184319\\\/#primaryimage\"},\"thumbnailUrl\":\"https:\\\/\\\/www.webdo.tn\\\/fr\\\/wp-content\\\/uploads\\\/2025\\\/06\\\/conseil-aux-voyageurs-2_184319.jpg\",\"articleSection\":[\"International\"],\"inLanguage\":\"fr-FR\"},{\"@type\":\"WebPage\",\"@id\":\"https:\\\/\\\/www.webdo.tn\\\/fr\\\/actualite\\\/international\\\/suite-aux-menaces-de-daech-lambassade-de-france-en-tunisie-appelle-ses-concitoyens-a-renforcer-leur-vigilance\\\/184319\\\/\",\"url\":\"https:\\\/\\\/www.webdo.tn\\\/fr\\\/actualite\\\/international\\\/suite-aux-menaces-de-daech-lambassade-de-france-en-tunisie-appelle-ses-concitoyens-a-renforcer-leur-vigilance\\\/184319\\\/\",\"name\":\"Suite aux menaces de Daech, l'ambassade de France en Tunisie appelle ses concitoyens \u00e0 renforcer leur vigilance\",\"isPartOf\":{\"@id\":\"https:\\\/\\\/www.webdo.tn\\\/fr\\\/#website\"},\"primaryImageOfPage\":{\"@id\":\"https:\\\/\\\/www.webdo.tn\\\/fr\\\/actualite\\\/international\\\/suite-aux-menaces-de-daech-lambassade-de-france-en-tunisie-appelle-ses-concitoyens-a-renforcer-leur-vigilance\\\/184319\\\/#primaryimage\"},\"image\":{\"@id\":\"https:\\\/\\\/www.webdo.tn\\\/fr\\\/actualite\\\/international\\\/suite-aux-menaces-de-daech-lambassade-de-france-en-tunisie-appelle-ses-concitoyens-a-renforcer-leur-vigilance\\\/184319\\\/#primaryimage\"},\"thumbnailUrl\":\"https:\\\/\\\/www.webdo.tn\\\/fr\\\/wp-content\\\/uploads\\\/2025\\\/06\\\/conseil-aux-voyageurs-2_184319.jpg\",\"datePublished\":\"2014-09-22T15:18:00+00:00\",\"description\":\"Suite aux menaces de Daech, l'ambassade de France en Tunisie appelle ses concitoyens \u00e0 renforcer leur vigilance\",\"breadcrumb\":{\"@id\":\"https:\\\/\\\/www.webdo.tn\\\/fr\\\/actualite\\\/international\\\/suite-aux-menaces-de-daech-lambassade-de-france-en-tunisie-appelle-ses-concitoyens-a-renforcer-leur-vigilance\\\/184319\\\/#breadcrumb\"},\"inLanguage\":\"fr-FR\",\"potentialAction\":[{\"@type\":\"ReadAction\",\"target\":[\"https:\\\/\\\/www.webdo.tn\\\/fr\\\/actualite\\\/international\\\/suite-aux-menaces-de-daech-lambassade-de-france-en-tunisie-appelle-ses-concitoyens-a-renforcer-leur-vigilance\\\/184319\\\/\"]}]},{\"@type\":\"ImageObject\",\"inLanguage\":\"fr-FR\",\"@id\":\"https:\\\/\\\/www.webdo.tn\\\/fr\\\/actualite\\\/international\\\/suite-aux-menaces-de-daech-lambassade-de-france-en-tunisie-appelle-ses-concitoyens-a-renforcer-leur-vigilance\\\/184319\\\/#primaryimage\",\"url\":\"https:\\\/\\\/www.webdo.tn\\\/fr\\\/wp-content\\\/uploads\\\/2025\\\/06\\\/conseil-aux-voyageurs-2_184319.jpg\",\"contentUrl\":\"https:\\\/\\\/www.webdo.tn\\\/fr\\\/wp-content\\\/uploads\\\/2025\\\/06\\\/conseil-aux-voyageurs-2_184319.jpg\",\"width\":486,\"height\":202,\"caption\":\"Suite aux menaces de Daech, l'ambassade de France en Tunisie appelle ses concitoyens \u00e0 renforcer leur vigilance\"},{\"@type\":\"BreadcrumbList\",\"@id\":\"https:\\\/\\\/www.webdo.tn\\\/fr\\\/actualite\\\/international\\\/suite-aux-menaces-de-daech-lambassade-de-france-en-tunisie-appelle-ses-concitoyens-a-renforcer-leur-vigilance\\\/184319\\\/#breadcrumb\",\"itemListElement\":[{\"@type\":\"ListItem\",\"position\":1,\"name\":\"Accueil\",\"item\":\"https:\\\/\\\/www.webdo.tn\\\/fr\\\/\"},{\"@type\":\"ListItem\",\"position\":2,\"name\":\"Suite aux menaces de Daech, l&rsquo;ambassade de France en Tunisie appelle ses concitoyens \u00e0 renforcer leur vigilance\"}]},{\"@type\":\"WebSite\",\"@id\":\"https:\\\/\\\/www.webdo.tn\\\/fr\\\/#website\",\"url\":\"https:\\\/\\\/www.webdo.tn\\\/fr\\\/\",\"name\":\"webdo\",\"description\":\"Tunisie - News en Tunisie et \u00e0 l&#039;international sur Webdo.tn\",\"publisher\":{\"@id\":\"https:\\\/\\\/www.webdo.tn\\\/fr\\\/#organization\"},\"potentialAction\":[{\"@type\":\"SearchAction\",\"target\":{\"@type\":\"EntryPoint\",\"urlTemplate\":\"https:\\\/\\\/www.webdo.tn\\\/fr\\\/?s={search_term_string}\"},\"query-input\":{\"@type\":\"PropertyValueSpecification\",\"valueRequired\":true,\"valueName\":\"search_term_string\"}}],\"inLanguage\":\"fr-FR\"},{\"@type\":\"Organization\",\"@id\":\"https:\\\/\\\/www.webdo.tn\\\/fr\\\/#organization\",\"name\":\"Webdo\",\"alternateName\":\"Webdo.tn\",\"url\":\"https:\\\/\\\/www.webdo.tn\\\/fr\\\/\",\"logo\":{\"@type\":\"ImageObject\",\"inLanguage\":\"fr-FR\",\"@id\":\"https:\\\/\\\/www.webdo.tn\\\/fr\\\/#\\\/schema\\\/logo\\\/image\\\/\",\"url\":\"https:\\\/\\\/www.webdo.tn\\\/fr\\\/wp-content\\\/uploads\\\/2025\\\/06\\\/Webdo-Tunisie_168377.jpg\",\"contentUrl\":\"https:\\\/\\\/www.webdo.tn\\\/fr\\\/wp-content\\\/uploads\\\/2025\\\/06\\\/Webdo-Tunisie_168377.jpg\",\"width\":301,\"height\":301,\"caption\":\"Webdo\"},\"image\":{\"@id\":\"https:\\\/\\\/www.webdo.tn\\\/fr\\\/#\\\/schema\\\/logo\\\/image\\\/\"},\"sameAs\":[\"https:\\\/\\\/www.facebook.com\\\/webdotn\",\"https:\\\/\\\/x.com\\\/webdo_tn\"],\"description\":\"Webdo est un m\u00e9dia num\u00e9rique tunisien fond\u00e9 en 2010, sp\u00e9cialis\u00e9 dans l\u2019actualit\u00e9 nationale et internationale, l\u2019\u00e9conomie, la soci\u00e9t\u00e9 et les analyses politiques. Le site s\u2019adresse \u00e0 un large public francophone et couvre l\u2019information tunisienne en temps r\u00e9el.\",\"email\":\"redac@webdo.tn\",\"legalName\":\"YNJ SARL\",\"foundingDate\":\"2010-09-06\",\"numberOfEmployees\":{\"@type\":\"QuantitativeValue\",\"minValue\":\"11\",\"maxValue\":\"50\"}},{\"@type\":\"Person\",\"@id\":\"https:\\\/\\\/www.webdo.tn\\\/fr\\\/#\\\/schema\\\/person\\\/9a9c6118d687c117df8ef3cc36a4d175\",\"name\":\"webdo.tn\",\"image\":{\"@type\":\"ImageObject\",\"inLanguage\":\"fr-FR\",\"@id\":\"https:\\\/\\\/secure.gravatar.com\\\/avatar\\\/7ce1f28c0c3bbac99ff550b85ef8e44a6950c6ee24514fb6a5489e51d06f0298?s=96&d=mm&r=g\",\"url\":\"https:\\\/\\\/secure.gravatar.com\\\/avatar\\\/7ce1f28c0c3bbac99ff550b85ef8e44a6950c6ee24514fb6a5489e51d06f0298?s=96&d=mm&r=g\",\"contentUrl\":\"https:\\\/\\\/secure.gravatar.com\\\/avatar\\\/7ce1f28c0c3bbac99ff550b85ef8e44a6950c6ee24514fb6a5489e51d06f0298?s=96&d=mm&r=g\",\"caption\":\"webdo.tn\"},\"url\":\"https:\\\/\\\/www.webdo.tn\\\/fr\\\/actualite\\\/author\\\/webdotn\\\/\"}]}<\/script>\n<!-- \/ Yoast SEO Premium plugin. -->","yoast_head_json":{"title":"Suite aux menaces de Daech, l'ambassade de France en Tunisie appelle ses concitoyens \u00e0 renforcer leur vigilance","description":"Suite aux menaces de Daech, l'ambassade de France en Tunisie appelle ses concitoyens \u00e0 renforcer leur vigilance","canonical":"https:\/\/www.webdo.tn\/fr\/actualite\/international\/suite-aux-menaces-de-daech-lambassade-de-france-en-tunisie-appelle-ses-concitoyens-a-renforcer-leur-vigilance\/184319\/","og_locale":"fr_FR","og_type":"article","og_title":"Suite aux menaces de Daech, l'ambassade de France en Tunisie appelle ses concitoyens \u00e0 renforcer leur vigilance","og_description":"Suite aux menaces de Daech, l'ambassade de France en Tunisie appelle ses concitoyens \u00e0 renforcer leur vigilance","og_url":"https:\/\/www.webdo.tn\/fr\/actualite\/international\/suite-aux-menaces-de-daech-lambassade-de-france-en-tunisie-appelle-ses-concitoyens-a-renforcer-leur-vigilance\/184319\/","og_site_name":"webdo","article_publisher":"https:\/\/www.facebook.com\/webdotn","article_published_time":"2014-09-22T15:18:00+00:00","author":"webdo.tn","twitter_card":"summary_large_image","twitter_creator":"@webdo_tn","twitter_site":"@webdo_tn","twitter_misc":{"\u00c9crit par":"webdo.tn","Dur\u00e9e de lecture estim\u00e9e":"1 minute"},"schema":{"@context":"https:\/\/schema.org","@graph":[{"@type":"NewsArticle","@id":"https:\/\/www.webdo.tn\/fr\/actualite\/international\/suite-aux-menaces-de-daech-lambassade-de-france-en-tunisie-appelle-ses-concitoyens-a-renforcer-leur-vigilance\/184319\/#article","isPartOf":{"@id":"https:\/\/www.webdo.tn\/fr\/actualite\/international\/suite-aux-menaces-de-daech-lambassade-de-france-en-tunisie-appelle-ses-concitoyens-a-renforcer-leur-vigilance\/184319\/"},"author":{"name":"webdo.tn","@id":"https:\/\/www.webdo.tn\/fr\/#\/schema\/person\/9a9c6118d687c117df8ef3cc36a4d175"},"headline":"Suite aux menaces de Daech, l&rsquo;ambassade de France en Tunisie appelle ses concitoyens \u00e0 renforcer leur vigilance","datePublished":"2014-09-22T15:18:00+00:00","mainEntityOfPage":{"@id":"https:\/\/www.webdo.tn\/fr\/actualite\/international\/suite-aux-menaces-de-daech-lambassade-de-france-en-tunisie-appelle-ses-concitoyens-a-renforcer-leur-vigilance\/184319\/"},"wordCount":275,"commentCount":0,"publisher":{"@id":"https:\/\/www.webdo.tn\/fr\/#organization"},"image":{"@id":"https:\/\/www.webdo.tn\/fr\/actualite\/international\/suite-aux-menaces-de-daech-lambassade-de-france-en-tunisie-appelle-ses-concitoyens-a-renforcer-leur-vigilance\/184319\/#primaryimage"},"thumbnailUrl":"https:\/\/www.webdo.tn\/fr\/wp-content\/uploads\/2025\/06\/conseil-aux-voyageurs-2_184319.jpg","articleSection":["International"],"inLanguage":"fr-FR"},{"@type":"WebPage","@id":"https:\/\/www.webdo.tn\/fr\/actualite\/international\/suite-aux-menaces-de-daech-lambassade-de-france-en-tunisie-appelle-ses-concitoyens-a-renforcer-leur-vigilance\/184319\/","url":"https:\/\/www.webdo.tn\/fr\/actualite\/international\/suite-aux-menaces-de-daech-lambassade-de-france-en-tunisie-appelle-ses-concitoyens-a-renforcer-leur-vigilance\/184319\/","name":"Suite aux menaces de Daech, l'ambassade de France en Tunisie appelle ses concitoyens \u00e0 renforcer leur vigilance","isPartOf":{"@id":"https:\/\/www.webdo.tn\/fr\/#website"},"primaryImageOfPage":{"@id":"https:\/\/www.webdo.tn\/fr\/actualite\/international\/suite-aux-menaces-de-daech-lambassade-de-france-en-tunisie-appelle-ses-concitoyens-a-renforcer-leur-vigilance\/184319\/#primaryimage"},"image":{"@id":"https:\/\/www.webdo.tn\/fr\/actualite\/international\/suite-aux-menaces-de-daech-lambassade-de-france-en-tunisie-appelle-ses-concitoyens-a-renforcer-leur-vigilance\/184319\/#primaryimage"},"thumbnailUrl":"https:\/\/www.webdo.tn\/fr\/wp-content\/uploads\/2025\/06\/conseil-aux-voyageurs-2_184319.jpg","datePublished":"2014-09-22T15:18:00+00:00","description":"Suite aux menaces de Daech, l'ambassade de France en Tunisie appelle ses concitoyens \u00e0 renforcer leur vigilance","breadcrumb":{"@id":"https:\/\/www.webdo.tn\/fr\/actualite\/international\/suite-aux-menaces-de-daech-lambassade-de-france-en-tunisie-appelle-ses-concitoyens-a-renforcer-leur-vigilance\/184319\/#breadcrumb"},"inLanguage":"fr-FR","potentialAction":[{"@type":"ReadAction","target":["https:\/\/www.webdo.tn\/fr\/actualite\/international\/suite-aux-menaces-de-daech-lambassade-de-france-en-tunisie-appelle-ses-concitoyens-a-renforcer-leur-vigilance\/184319\/"]}]},{"@type":"ImageObject","inLanguage":"fr-FR","@id":"https:\/\/www.webdo.tn\/fr\/actualite\/international\/suite-aux-menaces-de-daech-lambassade-de-france-en-tunisie-appelle-ses-concitoyens-a-renforcer-leur-vigilance\/184319\/#primaryimage","url":"https:\/\/www.webdo.tn\/fr\/wp-content\/uploads\/2025\/06\/conseil-aux-voyageurs-2_184319.jpg","contentUrl":"https:\/\/www.webdo.tn\/fr\/wp-content\/uploads\/2025\/06\/conseil-aux-voyageurs-2_184319.jpg","width":486,"height":202,"caption":"Suite aux menaces de Daech, l'ambassade de France en Tunisie appelle ses concitoyens \u00e0 renforcer leur vigilance"},{"@type":"BreadcrumbList","@id":"https:\/\/www.webdo.tn\/fr\/actualite\/international\/suite-aux-menaces-de-daech-lambassade-de-france-en-tunisie-appelle-ses-concitoyens-a-renforcer-leur-vigilance\/184319\/#breadcrumb","itemListElement":[{"@type":"ListItem","position":1,"name":"Accueil","item":"https:\/\/www.webdo.tn\/fr\/"},{"@type":"ListItem","position":2,"name":"Suite aux menaces de Daech, l&rsquo;ambassade de France en Tunisie appelle ses concitoyens \u00e0 renforcer leur vigilance"}]},{"@type":"WebSite","@id":"https:\/\/www.webdo.tn\/fr\/#website","url":"https:\/\/www.webdo.tn\/fr\/","name":"webdo","description":"Tunisie - News en Tunisie et \u00e0 l&#039;international sur Webdo.tn","publisher":{"@id":"https:\/\/www.webdo.tn\/fr\/#organization"},"potentialAction":[{"@type":"SearchAction","target":{"@type":"EntryPoint","urlTemplate":"https:\/\/www.webdo.tn\/fr\/?s={search_term_string}"},"query-input":{"@type":"PropertyValueSpecification","valueRequired":true,"valueName":"search_term_string"}}],"inLanguage":"fr-FR"},{"@type":"Organization","@id":"https:\/\/www.webdo.tn\/fr\/#organization","name":"Webdo","alternateName":"Webdo.tn","url":"https:\/\/www.webdo.tn\/fr\/","logo":{"@type":"ImageObject","inLanguage":"fr-FR","@id":"https:\/\/www.webdo.tn\/fr\/#\/schema\/logo\/image\/","url":"https:\/\/www.webdo.tn\/fr\/wp-content\/uploads\/2025\/06\/Webdo-Tunisie_168377.jpg","contentUrl":"https:\/\/www.webdo.tn\/fr\/wp-content\/uploads\/2025\/06\/Webdo-Tunisie_168377.jpg","width":301,"height":301,"caption":"Webdo"},"image":{"@id":"https:\/\/www.webdo.tn\/fr\/#\/schema\/logo\/image\/"},"sameAs":["https:\/\/www.facebook.com\/webdotn","https:\/\/x.com\/webdo_tn"],"description":"Webdo est un m\u00e9dia num\u00e9rique tunisien fond\u00e9 en 2010, sp\u00e9cialis\u00e9 dans l\u2019actualit\u00e9 nationale et internationale, l\u2019\u00e9conomie, la soci\u00e9t\u00e9 et les analyses politiques. Le site s\u2019adresse \u00e0 un large public francophone et couvre l\u2019information tunisienne en temps r\u00e9el.","email":"redac@webdo.tn","legalName":"YNJ SARL","foundingDate":"2010-09-06","numberOfEmployees":{"@type":"QuantitativeValue","minValue":"11","maxValue":"50"}},{"@type":"Person","@id":"https:\/\/www.webdo.tn\/fr\/#\/schema\/person\/9a9c6118d687c117df8ef3cc36a4d175","name":"webdo.tn","image":{"@type":"ImageObject","inLanguage":"fr-FR","@id":"https:\/\/secure.gravatar.com\/avatar\/7ce1f28c0c3bbac99ff550b85ef8e44a6950c6ee24514fb6a5489e51d06f0298?s=96&d=mm&r=g","url":"https:\/\/secure.gravatar.com\/avatar\/7ce1f28c0c3bbac99ff550b85ef8e44a6950c6ee24514fb6a5489e51d06f0298?s=96&d=mm&r=g","contentUrl":"https:\/\/secure.gravatar.com\/avatar\/7ce1f28c0c3bbac99ff550b85ef8e44a6950c6ee24514fb6a5489e51d06f0298?s=96&d=mm&r=g","caption":"webdo.tn"},"url":"https:\/\/www.webdo.tn\/fr\/actualite\/author\/webdotn\/"}]}},"_links":{"self":[{"href":"https:\/\/www.webdo.tn\/fr\/wp-json\/wp\/v2\/posts\/184319","targetHints":{"allow":["GET"]}}],"collection":[{"href":"https:\/\/www.webdo.tn\/fr\/wp-json\/wp\/v2\/posts"}],"about":[{"href":"https:\/\/www.webdo.tn\/fr\/wp-json\/wp\/v2\/types\/post"}],"author":[{"embeddable":true,"href":"https:\/\/www.webdo.tn\/fr\/wp-json\/wp\/v2\/users\/3222"}],"replies":[{"embeddable":true,"href":"https:\/\/www.webdo.tn\/fr\/wp-json\/wp\/v2\/comments?post=184319"}],"version-history":[{"count":0,"href":"https:\/\/www.webdo.tn\/fr\/wp-json\/wp\/v2\/posts\/184319\/revisions"}],"wp:featuredmedia":[{"embeddable":true,"href":"https:\/\/www.webdo.tn\/fr\/wp-json\/wp\/v2\/media\/375098"}],"wp:attachment":[{"href":"https:\/\/www.webdo.tn\/fr\/wp-json\/wp\/v2\/media?parent=184319"}],"wp:term":[{"taxonomy":"category","embeddable":true,"href":"https:\/\/www.webdo.tn\/fr\/wp-json\/wp\/v2\/categories?post=184319"},{"taxonomy":"post_tag","embeddable":true,"href":"https:\/\/www.webdo.tn\/fr\/wp-json\/wp\/v2\/tags?post=184319"}],"curies":[{"name":"wp","href":"https:\/\/api.w.org\/{rel}","templated":true}]}}