{"id":184318,"date":"2014-09-23T10:44:00","date_gmt":"2014-09-23T08:44:00","guid":{"rendered":"https:\/\/www.webdo.tn\/fr\/actualite\/international\/obama-reaffirme-mehdi-jomaa-soutien-us-tunisie-les-plans-economique-securitaire\/184318"},"modified":"2014-09-23T10:44:00","modified_gmt":"2014-09-23T08:44:00","slug":"obama-reaffirme-mehdi-jomaa-soutien-us-tunisie-les-plans-economique-securitaire","status":"publish","type":"post","link":"https:\/\/www.webdo.tn\/fr\/actualite\/international\/obama-reaffirme-mehdi-jomaa-soutien-us-tunisie-les-plans-economique-securitaire\/184318\/","title":{"rendered":"Obama r\u00e9affirme \u00e0 Mehdi Joma\u00e2 le soutien US \u00e0 la Tunisie sur les plans \u00e9conomique et s\u00e9curitaire"},"content":{"rendered":"<p>Le Chef du gouvernement Mehdi Jom\u00e2a a re\u00e7u, ce lundi 22 septembre, au palais du gouvernement, l\u2019ambassadeur des Etats-Unis en Tunisie, Jacob Walles.<\/p>\n<p>Ce dernier lui a remis en mains propres une lettre du pr\u00e9sident am\u00e9ricain dans laquelle Barack Obama r\u00e9affirme le soutien des Etats-Unis \u00e0 la Tunisie, aussi bien sur les plans \u00e9conomique que s\u00e9curitaire, annonce un communiqu\u00e9 de la Pr\u00e9sidence du Gouvernement.<\/p>\n<p>Par ailleurs, cette lettre vient en r\u00e9ponse \u00e0 une lettre similaire d\u00e9j\u00e0 adress\u00e9e \u00e0 Barack Obama par le Chef du gouvernement, par l&rsquo;interm\u00e9diaire du ministre des Affaires \u00e9trang\u00e8res, Mongi Hamdi, lors de sa derni\u00e8re visite \u00e0 Washington, le 5 ao\u00fbt dernier.<br \/>\nN.D.<br \/>\n[Br\u00e8ve]<\/p>\n","protected":false},"excerpt":{"rendered":"<p>Le Chef du gouvernement Mehdi Jom\u00e2a a re\u00e7u, ce lundi 22 septembre, au palais du gouvernement, l\u2019ambassadeur des Etats-Unis en Tunisie, Jacob Walles.<\/p>\n","protected":false},"author":3222,"featured_media":373469,"comment_status":"open","ping_status":"open","sticky":false,"template":"","format":"standard","meta":{"footnotes":""},"categories":[2598],"tags":[],"class_list":["post-184318","post","type-post","status-publish","format-standard","has-post-thumbnail","hentry","category-international"],"yoast_head":"<!-- This site is optimized with the Yoast SEO Premium plugin v27.5 (Yoast SEO v27.5) - https:\/\/yoast.com\/product\/yoast-seo-premium-wordpress\/ -->\n<title>Obama r\u00e9affirme \u00e0 Mehdi Joma\u00e2 le soutien US \u00e0 la Tunisie sur les plans \u00e9conomique et s\u00e9curitaire<\/title>\n<meta name=\"description\" content=\"Obama r\u00e9affirme \u00e0 Mehdi Joma\u00e2 le soutien US \u00e0 la Tunisie sur les plans \u00e9conomique et s\u00e9curitaire\" \/>\n<link rel=\"canonical\" href=\"https:\/\/www.webdo.tn\/fr\/actualite\/international\/obama-reaffirme-mehdi-jomaa-soutien-us-tunisie-les-plans-economique-securitaire\/184318\/\" \/>\n<meta property=\"og:locale\" content=\"fr_FR\" \/>\n<meta property=\"og:type\" content=\"article\" \/>\n<meta property=\"og:title\" content=\"Obama r\u00e9affirme \u00e0 Mehdi Joma\u00e2 le soutien US \u00e0 la Tunisie sur les plans \u00e9conomique et s\u00e9curitaire\" \/>\n<meta property=\"og:description\" content=\"Obama r\u00e9affirme \u00e0 Mehdi Joma\u00e2 le soutien US \u00e0 la Tunisie sur les plans \u00e9conomique et s\u00e9curitaire\" \/>\n<meta property=\"og:url\" content=\"https:\/\/www.webdo.tn\/fr\/actualite\/international\/obama-reaffirme-mehdi-jomaa-soutien-us-tunisie-les-plans-economique-securitaire\/184318\/\" \/>\n<meta property=\"og:site_name\" content=\"webdo\" \/>\n<meta property=\"article:publisher\" content=\"https:\/\/www.facebook.com\/webdotn\" \/>\n<meta property=\"article:published_time\" content=\"2014-09-23T08:44:00+00:00\" \/>\n<meta name=\"author\" content=\"webdo.tn\" \/>\n<meta name=\"twitter:card\" content=\"summary_large_image\" \/>\n<meta name=\"twitter:creator\" content=\"@webdo_tn\" \/>\n<meta name=\"twitter:site\" content=\"@webdo_tn\" \/>\n<meta name=\"twitter:label1\" content=\"\u00c9crit par\" \/>\n\t<meta name=\"twitter:data1\" content=\"webdo.tn\" \/>\n\t<meta name=\"twitter:label2\" content=\"Dur\u00e9e de lecture estim\u00e9e\" \/>\n\t<meta name=\"twitter:data2\" content=\"1 minute\" \/>\n<script type=\"application\/ld+json\" class=\"yoast-schema-graph\">{\"@context\":\"https:\\\/\\\/schema.org\",\"@graph\":[{\"@type\":\"NewsArticle\",\"@id\":\"https:\\\/\\\/www.webdo.tn\\\/fr\\\/actualite\\\/international\\\/obama-reaffirme-mehdi-jomaa-soutien-us-tunisie-les-plans-economique-securitaire\\\/184318\\\/#article\",\"isPartOf\":{\"@id\":\"https:\\\/\\\/www.webdo.tn\\\/fr\\\/actualite\\\/international\\\/obama-reaffirme-mehdi-jomaa-soutien-us-tunisie-les-plans-economique-securitaire\\\/184318\\\/\"},\"author\":{\"name\":\"webdo.tn\",\"@id\":\"https:\\\/\\\/www.webdo.tn\\\/fr\\\/#\\\/schema\\\/person\\\/9a9c6118d687c117df8ef3cc36a4d175\"},\"headline\":\"Obama r\u00e9affirme \u00e0 Mehdi Joma\u00e2 le soutien US \u00e0 la Tunisie sur les plans \u00e9conomique et s\u00e9curitaire\",\"datePublished\":\"2014-09-23T08:44:00+00:00\",\"mainEntityOfPage\":{\"@id\":\"https:\\\/\\\/www.webdo.tn\\\/fr\\\/actualite\\\/international\\\/obama-reaffirme-mehdi-jomaa-soutien-us-tunisie-les-plans-economique-securitaire\\\/184318\\\/\"},\"wordCount\":136,\"commentCount\":0,\"publisher\":{\"@id\":\"https:\\\/\\\/www.webdo.tn\\\/fr\\\/#organization\"},\"image\":{\"@id\":\"https:\\\/\\\/www.webdo.tn\\\/fr\\\/actualite\\\/international\\\/obama-reaffirme-mehdi-jomaa-soutien-us-tunisie-les-plans-economique-securitaire\\\/184318\\\/#primaryimage\"},\"thumbnailUrl\":\"https:\\\/\\\/www.webdo.tn\\\/fr\\\/wp-content\\\/uploads\\\/2025\\\/06\\\/Jomaa-Walles-22-09-2014-credit-photo-FB-presidence-du-Gvt_184318.jpg\",\"articleSection\":[\"International\"],\"inLanguage\":\"fr-FR\"},{\"@type\":\"WebPage\",\"@id\":\"https:\\\/\\\/www.webdo.tn\\\/fr\\\/actualite\\\/international\\\/obama-reaffirme-mehdi-jomaa-soutien-us-tunisie-les-plans-economique-securitaire\\\/184318\\\/\",\"url\":\"https:\\\/\\\/www.webdo.tn\\\/fr\\\/actualite\\\/international\\\/obama-reaffirme-mehdi-jomaa-soutien-us-tunisie-les-plans-economique-securitaire\\\/184318\\\/\",\"name\":\"Obama r\u00e9affirme \u00e0 Mehdi Joma\u00e2 le soutien US \u00e0 la Tunisie sur les plans \u00e9conomique et s\u00e9curitaire\",\"isPartOf\":{\"@id\":\"https:\\\/\\\/www.webdo.tn\\\/fr\\\/#website\"},\"primaryImageOfPage\":{\"@id\":\"https:\\\/\\\/www.webdo.tn\\\/fr\\\/actualite\\\/international\\\/obama-reaffirme-mehdi-jomaa-soutien-us-tunisie-les-plans-economique-securitaire\\\/184318\\\/#primaryimage\"},\"image\":{\"@id\":\"https:\\\/\\\/www.webdo.tn\\\/fr\\\/actualite\\\/international\\\/obama-reaffirme-mehdi-jomaa-soutien-us-tunisie-les-plans-economique-securitaire\\\/184318\\\/#primaryimage\"},\"thumbnailUrl\":\"https:\\\/\\\/www.webdo.tn\\\/fr\\\/wp-content\\\/uploads\\\/2025\\\/06\\\/Jomaa-Walles-22-09-2014-credit-photo-FB-presidence-du-Gvt_184318.jpg\",\"datePublished\":\"2014-09-23T08:44:00+00:00\",\"description\":\"Obama r\u00e9affirme \u00e0 Mehdi Joma\u00e2 le soutien US \u00e0 la Tunisie sur les plans \u00e9conomique et s\u00e9curitaire\",\"breadcrumb\":{\"@id\":\"https:\\\/\\\/www.webdo.tn\\\/fr\\\/actualite\\\/international\\\/obama-reaffirme-mehdi-jomaa-soutien-us-tunisie-les-plans-economique-securitaire\\\/184318\\\/#breadcrumb\"},\"inLanguage\":\"fr-FR\",\"potentialAction\":[{\"@type\":\"ReadAction\",\"target\":[\"https:\\\/\\\/www.webdo.tn\\\/fr\\\/actualite\\\/international\\\/obama-reaffirme-mehdi-jomaa-soutien-us-tunisie-les-plans-economique-securitaire\\\/184318\\\/\"]}]},{\"@type\":\"ImageObject\",\"inLanguage\":\"fr-FR\",\"@id\":\"https:\\\/\\\/www.webdo.tn\\\/fr\\\/actualite\\\/international\\\/obama-reaffirme-mehdi-jomaa-soutien-us-tunisie-les-plans-economique-securitaire\\\/184318\\\/#primaryimage\",\"url\":\"https:\\\/\\\/www.webdo.tn\\\/fr\\\/wp-content\\\/uploads\\\/2025\\\/06\\\/Jomaa-Walles-22-09-2014-credit-photo-FB-presidence-du-Gvt_184318.jpg\",\"contentUrl\":\"https:\\\/\\\/www.webdo.tn\\\/fr\\\/wp-content\\\/uploads\\\/2025\\\/06\\\/Jomaa-Walles-22-09-2014-credit-photo-FB-presidence-du-Gvt_184318.jpg\",\"width\":648,\"height\":435,\"caption\":\"Obama r\u00e9affirme \u00e0 Mehdi Joma\u00e2 le soutien US \u00e0 la Tunisie sur les plans \u00e9conomique et s\u00e9curitaire\"},{\"@type\":\"BreadcrumbList\",\"@id\":\"https:\\\/\\\/www.webdo.tn\\\/fr\\\/actualite\\\/international\\\/obama-reaffirme-mehdi-jomaa-soutien-us-tunisie-les-plans-economique-securitaire\\\/184318\\\/#breadcrumb\",\"itemListElement\":[{\"@type\":\"ListItem\",\"position\":1,\"name\":\"Accueil\",\"item\":\"https:\\\/\\\/www.webdo.tn\\\/fr\\\/\"},{\"@type\":\"ListItem\",\"position\":2,\"name\":\"Obama r\u00e9affirme \u00e0 Mehdi Joma\u00e2 le soutien US \u00e0 la Tunisie sur les plans \u00e9conomique et s\u00e9curitaire\"}]},{\"@type\":\"WebSite\",\"@id\":\"https:\\\/\\\/www.webdo.tn\\\/fr\\\/#website\",\"url\":\"https:\\\/\\\/www.webdo.tn\\\/fr\\\/\",\"name\":\"webdo\",\"description\":\"Tunisie - News en Tunisie et \u00e0 l&#039;international sur Webdo.tn\",\"publisher\":{\"@id\":\"https:\\\/\\\/www.webdo.tn\\\/fr\\\/#organization\"},\"potentialAction\":[{\"@type\":\"SearchAction\",\"target\":{\"@type\":\"EntryPoint\",\"urlTemplate\":\"https:\\\/\\\/www.webdo.tn\\\/fr\\\/?s={search_term_string}\"},\"query-input\":{\"@type\":\"PropertyValueSpecification\",\"valueRequired\":true,\"valueName\":\"search_term_string\"}}],\"inLanguage\":\"fr-FR\"},{\"@type\":\"Organization\",\"@id\":\"https:\\\/\\\/www.webdo.tn\\\/fr\\\/#organization\",\"name\":\"Webdo\",\"alternateName\":\"Webdo.tn\",\"url\":\"https:\\\/\\\/www.webdo.tn\\\/fr\\\/\",\"logo\":{\"@type\":\"ImageObject\",\"inLanguage\":\"fr-FR\",\"@id\":\"https:\\\/\\\/www.webdo.tn\\\/fr\\\/#\\\/schema\\\/logo\\\/image\\\/\",\"url\":\"https:\\\/\\\/www.webdo.tn\\\/fr\\\/wp-content\\\/uploads\\\/2025\\\/06\\\/Webdo-Tunisie_168377.jpg\",\"contentUrl\":\"https:\\\/\\\/www.webdo.tn\\\/fr\\\/wp-content\\\/uploads\\\/2025\\\/06\\\/Webdo-Tunisie_168377.jpg\",\"width\":301,\"height\":301,\"caption\":\"Webdo\"},\"image\":{\"@id\":\"https:\\\/\\\/www.webdo.tn\\\/fr\\\/#\\\/schema\\\/logo\\\/image\\\/\"},\"sameAs\":[\"https:\\\/\\\/www.facebook.com\\\/webdotn\",\"https:\\\/\\\/x.com\\\/webdo_tn\"],\"description\":\"Webdo est un m\u00e9dia num\u00e9rique tunisien fond\u00e9 en 2010, sp\u00e9cialis\u00e9 dans l\u2019actualit\u00e9 nationale et internationale, l\u2019\u00e9conomie, la soci\u00e9t\u00e9 et les analyses politiques. Le site s\u2019adresse \u00e0 un large public francophone et couvre l\u2019information tunisienne en temps r\u00e9el.\",\"email\":\"redac@webdo.tn\",\"legalName\":\"YNJ SARL\",\"foundingDate\":\"2010-09-06\",\"numberOfEmployees\":{\"@type\":\"QuantitativeValue\",\"minValue\":\"11\",\"maxValue\":\"50\"}},{\"@type\":\"Person\",\"@id\":\"https:\\\/\\\/www.webdo.tn\\\/fr\\\/#\\\/schema\\\/person\\\/9a9c6118d687c117df8ef3cc36a4d175\",\"name\":\"webdo.tn\",\"image\":{\"@type\":\"ImageObject\",\"inLanguage\":\"fr-FR\",\"@id\":\"https:\\\/\\\/secure.gravatar.com\\\/avatar\\\/7ce1f28c0c3bbac99ff550b85ef8e44a6950c6ee24514fb6a5489e51d06f0298?s=96&d=mm&r=g\",\"url\":\"https:\\\/\\\/secure.gravatar.com\\\/avatar\\\/7ce1f28c0c3bbac99ff550b85ef8e44a6950c6ee24514fb6a5489e51d06f0298?s=96&d=mm&r=g\",\"contentUrl\":\"https:\\\/\\\/secure.gravatar.com\\\/avatar\\\/7ce1f28c0c3bbac99ff550b85ef8e44a6950c6ee24514fb6a5489e51d06f0298?s=96&d=mm&r=g\",\"caption\":\"webdo.tn\"},\"url\":\"https:\\\/\\\/www.webdo.tn\\\/fr\\\/actualite\\\/author\\\/webdotn\\\/\"}]}<\/script>\n<!-- \/ Yoast SEO Premium plugin. -->","yoast_head_json":{"title":"Obama r\u00e9affirme \u00e0 Mehdi Joma\u00e2 le soutien US \u00e0 la Tunisie sur les plans \u00e9conomique et s\u00e9curitaire","description":"Obama r\u00e9affirme \u00e0 Mehdi Joma\u00e2 le soutien US \u00e0 la Tunisie sur les plans \u00e9conomique et s\u00e9curitaire","canonical":"https:\/\/www.webdo.tn\/fr\/actualite\/international\/obama-reaffirme-mehdi-jomaa-soutien-us-tunisie-les-plans-economique-securitaire\/184318\/","og_locale":"fr_FR","og_type":"article","og_title":"Obama r\u00e9affirme \u00e0 Mehdi Joma\u00e2 le soutien US \u00e0 la Tunisie sur les plans \u00e9conomique et s\u00e9curitaire","og_description":"Obama r\u00e9affirme \u00e0 Mehdi Joma\u00e2 le soutien US \u00e0 la Tunisie sur les plans \u00e9conomique et s\u00e9curitaire","og_url":"https:\/\/www.webdo.tn\/fr\/actualite\/international\/obama-reaffirme-mehdi-jomaa-soutien-us-tunisie-les-plans-economique-securitaire\/184318\/","og_site_name":"webdo","article_publisher":"https:\/\/www.facebook.com\/webdotn","article_published_time":"2014-09-23T08:44:00+00:00","author":"webdo.tn","twitter_card":"summary_large_image","twitter_creator":"@webdo_tn","twitter_site":"@webdo_tn","twitter_misc":{"\u00c9crit par":"webdo.tn","Dur\u00e9e de lecture estim\u00e9e":"1 minute"},"schema":{"@context":"https:\/\/schema.org","@graph":[{"@type":"NewsArticle","@id":"https:\/\/www.webdo.tn\/fr\/actualite\/international\/obama-reaffirme-mehdi-jomaa-soutien-us-tunisie-les-plans-economique-securitaire\/184318\/#article","isPartOf":{"@id":"https:\/\/www.webdo.tn\/fr\/actualite\/international\/obama-reaffirme-mehdi-jomaa-soutien-us-tunisie-les-plans-economique-securitaire\/184318\/"},"author":{"name":"webdo.tn","@id":"https:\/\/www.webdo.tn\/fr\/#\/schema\/person\/9a9c6118d687c117df8ef3cc36a4d175"},"headline":"Obama r\u00e9affirme \u00e0 Mehdi Joma\u00e2 le soutien US \u00e0 la Tunisie sur les plans \u00e9conomique et s\u00e9curitaire","datePublished":"2014-09-23T08:44:00+00:00","mainEntityOfPage":{"@id":"https:\/\/www.webdo.tn\/fr\/actualite\/international\/obama-reaffirme-mehdi-jomaa-soutien-us-tunisie-les-plans-economique-securitaire\/184318\/"},"wordCount":136,"commentCount":0,"publisher":{"@id":"https:\/\/www.webdo.tn\/fr\/#organization"},"image":{"@id":"https:\/\/www.webdo.tn\/fr\/actualite\/international\/obama-reaffirme-mehdi-jomaa-soutien-us-tunisie-les-plans-economique-securitaire\/184318\/#primaryimage"},"thumbnailUrl":"https:\/\/www.webdo.tn\/fr\/wp-content\/uploads\/2025\/06\/Jomaa-Walles-22-09-2014-credit-photo-FB-presidence-du-Gvt_184318.jpg","articleSection":["International"],"inLanguage":"fr-FR"},{"@type":"WebPage","@id":"https:\/\/www.webdo.tn\/fr\/actualite\/international\/obama-reaffirme-mehdi-jomaa-soutien-us-tunisie-les-plans-economique-securitaire\/184318\/","url":"https:\/\/www.webdo.tn\/fr\/actualite\/international\/obama-reaffirme-mehdi-jomaa-soutien-us-tunisie-les-plans-economique-securitaire\/184318\/","name":"Obama r\u00e9affirme \u00e0 Mehdi Joma\u00e2 le soutien US \u00e0 la Tunisie sur les plans \u00e9conomique et s\u00e9curitaire","isPartOf":{"@id":"https:\/\/www.webdo.tn\/fr\/#website"},"primaryImageOfPage":{"@id":"https:\/\/www.webdo.tn\/fr\/actualite\/international\/obama-reaffirme-mehdi-jomaa-soutien-us-tunisie-les-plans-economique-securitaire\/184318\/#primaryimage"},"image":{"@id":"https:\/\/www.webdo.tn\/fr\/actualite\/international\/obama-reaffirme-mehdi-jomaa-soutien-us-tunisie-les-plans-economique-securitaire\/184318\/#primaryimage"},"thumbnailUrl":"https:\/\/www.webdo.tn\/fr\/wp-content\/uploads\/2025\/06\/Jomaa-Walles-22-09-2014-credit-photo-FB-presidence-du-Gvt_184318.jpg","datePublished":"2014-09-23T08:44:00+00:00","description":"Obama r\u00e9affirme \u00e0 Mehdi Joma\u00e2 le soutien US \u00e0 la Tunisie sur les plans \u00e9conomique et s\u00e9curitaire","breadcrumb":{"@id":"https:\/\/www.webdo.tn\/fr\/actualite\/international\/obama-reaffirme-mehdi-jomaa-soutien-us-tunisie-les-plans-economique-securitaire\/184318\/#breadcrumb"},"inLanguage":"fr-FR","potentialAction":[{"@type":"ReadAction","target":["https:\/\/www.webdo.tn\/fr\/actualite\/international\/obama-reaffirme-mehdi-jomaa-soutien-us-tunisie-les-plans-economique-securitaire\/184318\/"]}]},{"@type":"ImageObject","inLanguage":"fr-FR","@id":"https:\/\/www.webdo.tn\/fr\/actualite\/international\/obama-reaffirme-mehdi-jomaa-soutien-us-tunisie-les-plans-economique-securitaire\/184318\/#primaryimage","url":"https:\/\/www.webdo.tn\/fr\/wp-content\/uploads\/2025\/06\/Jomaa-Walles-22-09-2014-credit-photo-FB-presidence-du-Gvt_184318.jpg","contentUrl":"https:\/\/www.webdo.tn\/fr\/wp-content\/uploads\/2025\/06\/Jomaa-Walles-22-09-2014-credit-photo-FB-presidence-du-Gvt_184318.jpg","width":648,"height":435,"caption":"Obama r\u00e9affirme \u00e0 Mehdi Joma\u00e2 le soutien US \u00e0 la Tunisie sur les plans \u00e9conomique et s\u00e9curitaire"},{"@type":"BreadcrumbList","@id":"https:\/\/www.webdo.tn\/fr\/actualite\/international\/obama-reaffirme-mehdi-jomaa-soutien-us-tunisie-les-plans-economique-securitaire\/184318\/#breadcrumb","itemListElement":[{"@type":"ListItem","position":1,"name":"Accueil","item":"https:\/\/www.webdo.tn\/fr\/"},{"@type":"ListItem","position":2,"name":"Obama r\u00e9affirme \u00e0 Mehdi Joma\u00e2 le soutien US \u00e0 la Tunisie sur les plans \u00e9conomique et s\u00e9curitaire"}]},{"@type":"WebSite","@id":"https:\/\/www.webdo.tn\/fr\/#website","url":"https:\/\/www.webdo.tn\/fr\/","name":"webdo","description":"Tunisie - News en Tunisie et \u00e0 l&#039;international sur Webdo.tn","publisher":{"@id":"https:\/\/www.webdo.tn\/fr\/#organization"},"potentialAction":[{"@type":"SearchAction","target":{"@type":"EntryPoint","urlTemplate":"https:\/\/www.webdo.tn\/fr\/?s={search_term_string}"},"query-input":{"@type":"PropertyValueSpecification","valueRequired":true,"valueName":"search_term_string"}}],"inLanguage":"fr-FR"},{"@type":"Organization","@id":"https:\/\/www.webdo.tn\/fr\/#organization","name":"Webdo","alternateName":"Webdo.tn","url":"https:\/\/www.webdo.tn\/fr\/","logo":{"@type":"ImageObject","inLanguage":"fr-FR","@id":"https:\/\/www.webdo.tn\/fr\/#\/schema\/logo\/image\/","url":"https:\/\/www.webdo.tn\/fr\/wp-content\/uploads\/2025\/06\/Webdo-Tunisie_168377.jpg","contentUrl":"https:\/\/www.webdo.tn\/fr\/wp-content\/uploads\/2025\/06\/Webdo-Tunisie_168377.jpg","width":301,"height":301,"caption":"Webdo"},"image":{"@id":"https:\/\/www.webdo.tn\/fr\/#\/schema\/logo\/image\/"},"sameAs":["https:\/\/www.facebook.com\/webdotn","https:\/\/x.com\/webdo_tn"],"description":"Webdo est un m\u00e9dia num\u00e9rique tunisien fond\u00e9 en 2010, sp\u00e9cialis\u00e9 dans l\u2019actualit\u00e9 nationale et internationale, l\u2019\u00e9conomie, la soci\u00e9t\u00e9 et les analyses politiques. Le site s\u2019adresse \u00e0 un large public francophone et couvre l\u2019information tunisienne en temps r\u00e9el.","email":"redac@webdo.tn","legalName":"YNJ SARL","foundingDate":"2010-09-06","numberOfEmployees":{"@type":"QuantitativeValue","minValue":"11","maxValue":"50"}},{"@type":"Person","@id":"https:\/\/www.webdo.tn\/fr\/#\/schema\/person\/9a9c6118d687c117df8ef3cc36a4d175","name":"webdo.tn","image":{"@type":"ImageObject","inLanguage":"fr-FR","@id":"https:\/\/secure.gravatar.com\/avatar\/7ce1f28c0c3bbac99ff550b85ef8e44a6950c6ee24514fb6a5489e51d06f0298?s=96&d=mm&r=g","url":"https:\/\/secure.gravatar.com\/avatar\/7ce1f28c0c3bbac99ff550b85ef8e44a6950c6ee24514fb6a5489e51d06f0298?s=96&d=mm&r=g","contentUrl":"https:\/\/secure.gravatar.com\/avatar\/7ce1f28c0c3bbac99ff550b85ef8e44a6950c6ee24514fb6a5489e51d06f0298?s=96&d=mm&r=g","caption":"webdo.tn"},"url":"https:\/\/www.webdo.tn\/fr\/actualite\/author\/webdotn\/"}]}},"_links":{"self":[{"href":"https:\/\/www.webdo.tn\/fr\/wp-json\/wp\/v2\/posts\/184318","targetHints":{"allow":["GET"]}}],"collection":[{"href":"https:\/\/www.webdo.tn\/fr\/wp-json\/wp\/v2\/posts"}],"about":[{"href":"https:\/\/www.webdo.tn\/fr\/wp-json\/wp\/v2\/types\/post"}],"author":[{"embeddable":true,"href":"https:\/\/www.webdo.tn\/fr\/wp-json\/wp\/v2\/users\/3222"}],"replies":[{"embeddable":true,"href":"https:\/\/www.webdo.tn\/fr\/wp-json\/wp\/v2\/comments?post=184318"}],"version-history":[{"count":0,"href":"https:\/\/www.webdo.tn\/fr\/wp-json\/wp\/v2\/posts\/184318\/revisions"}],"wp:featuredmedia":[{"embeddable":true,"href":"https:\/\/www.webdo.tn\/fr\/wp-json\/wp\/v2\/media\/373469"}],"wp:attachment":[{"href":"https:\/\/www.webdo.tn\/fr\/wp-json\/wp\/v2\/media?parent=184318"}],"wp:term":[{"taxonomy":"category","embeddable":true,"href":"https:\/\/www.webdo.tn\/fr\/wp-json\/wp\/v2\/categories?post=184318"},{"taxonomy":"post_tag","embeddable":true,"href":"https:\/\/www.webdo.tn\/fr\/wp-json\/wp\/v2\/tags?post=184318"}],"curies":[{"name":"wp","href":"https:\/\/api.w.org\/{rel}","templated":true}]}}