{"id":184316,"date":"2014-09-24T01:03:00","date_gmt":"2014-09-24T01:03:00","guid":{"rendered":"https:\/\/www.webdo.tn\/fr\/blog\/tunisie-le-rappeur-weld-el-15-candidat-au-prix-sakharov-2014\/178466\/"},"modified":"2025-05-22T13:04:18","modified_gmt":"2025-05-22T13:04:18","slug":"tunisie-le-rappeur-weld-el-15-candidat-au-prix-sakharov-2014","status":"publish","type":"post","link":"https:\/\/www.webdo.tn\/fr\/actualite\/international\/tunisie-le-rappeur-weld-el-15-candidat-au-prix-sakharov-2014\/184316\/","title":{"rendered":"Le rappeur Weld El 15 candidat au Prix Sakharov 2014"},"content":{"rendered":"<p>Le rappeur Weld El 15 est candidat au Prix Sakharov 2014. Le Parlement europ\u00e9en a pr\u00e9sent\u00e9, mardi 23 septembre, le jeune Aladin Ya\u00e2coubi lors d\u2019une r\u00e9union conjointe des commissions des affaires \u00e9trang\u00e8res et du d\u00e9veloppement ainsi que de la sous-commission des droits de l\u2019homme.<\/p>\n<p> Weld El 15 est accompagn\u00e9, pour ce prix, par le rappeur marocain Mouad Belghouate (\u00e9galement connu sous le nom de El Haqed) ainsi que le blogueur \u00e9gyptien et activiste politique Alaa Abdel Fattah. Ils ont \u00e9t\u00e9 nomin\u00e9s par le groupe de la Gauche unitaire europ\u00e9enne \/ Gauche verte.<\/p>\n<p>Les six autres candidats au Prix Sakharov 2014 sont :<\/p>\n<p> Mahmoud Al\u2019Asali, professeur de droit \u00e0 l\u2019Universit\u00e9 de Mossoul qui a d\u00e9fendu les droits des chr\u00e9tiens et a \u00e9t\u00e9 tu\u00e9 en juillet dernier et Louis Raphael Sako, n\u00e9 en Irak et patriarche de l\u2019\u00c9glise catholique chald\u00e9enne. Tous deux ont \u00e9t\u00e9 nomin\u00e9s pour leur d\u00e9fense de la libert\u00e9 religieuse dans le pays par le groupe des Conservateurs et R\u00e9formistes europ\u00e9ens, Anna Z\u00e1borsk\u00e1 et 66 autres d\u00e9put\u00e9s.<\/p>\n<p> Les organisations pour la protection des minorit\u00e9s chr\u00e9tiennes dans diff\u00e9rentes parties du monde CHREDO, Portes Ouvertes, \u0152uvre d\u2019Orient et Aide \u00e0 l\u2019\u00c9glise en d\u00e9tresse, nomin\u00e9es par Philippe Juvin et 60 autres d\u00e9put\u00e9s.<\/p>\n<p> Le mouvement ukrainien favorable \u00e0 l\u2019Union europ\u00e9enne EuroMaidan, repr\u00e9sent\u00e9 par le journaliste Mustafa Nayem, ainsi que la musicienne et gagnante de l\u2019Eurovision Ruslana Lyshychko, l\u2019activiste Yelyzaveta Schepetylnykova et la journaliste Tetiana Chornovol, nomin\u00e9s par Jacek Saryusz-Wolski et 52 autres d\u00e9put\u00e9s.<\/p>\n<p> L\u2019activiste am\u00e9ricaine Ayaan Hirsi Ali, n\u00e9e en Somalie, d\u00e9fenseuse des droits des femmes dans les soci\u00e9t\u00e9s islamiques et connue pour son opposition aux mutilations g\u00e9nitales f\u00e9minines, nomin\u00e9e par le groupe Europe de la libert\u00e9 et de la d\u00e9mocratie directe.<\/p>\n<p> Denis Mulwege, un gyn\u00e9cologue congolais sp\u00e9cialis\u00e9 dans le traitement des victimes de viol et fondateur de l\u2019h\u00f4pital Panzi \u00e0 Bukavu (RDC), d\u00e9sign\u00e9 par le groupe de l\u2019Alliance Progressiste des Socialistes et D\u00e9mocrates (S&amp;D) et le groupe Alliance des d\u00e9mocrates et des lib\u00e9raux pour l\u2019Europe ainsi que par Barbara Lochbihler.<\/p>\n<p> Leyla Yunus, activiste des droits de l\u2019homme et directrice l\u2019Institut de la paix et de la d\u00e9mocratie emprisonn\u00e9e en Azerba\u00efdjan, nomin\u00e9e par le groupe des Verts\/Alliance libre europ\u00e9enne ainsi qu\u2019Alexander Graf Lambsdorff, Marietke Schaake et Ramon Tremosa.<\/p>\n<p>Tous ces candidats ont \u00e9t\u00e9 propos\u00e9es par les groupes politiques ou au moins 40 d\u00e9put\u00e9s europ\u00e9ens. Le Prix Sakharov pour la libert\u00e9 de l\u2019esprit est d\u00e9cern\u00e9 chaque ann\u00e9e par le Parlement europ\u00e9en.<\/p>\n<p>Il a \u00e9t\u00e9 cr\u00e9\u00e9 en 1988 pour honorer des personnalit\u00e9s collectives ou individuelles qui s\u2019efforcent de d\u00e9fendre les droits de l\u2019homme et des libert\u00e9s fondamentales.<\/p>\n<p>Le Parlement europ\u00e9en d\u00e9signera les trois finalistes pour son Prix r\u00e9compensant la libert\u00e9 de penser le 7 octobre, puis le laur\u00e9at sera connu le 16. Malala Yousafzai a remport\u00e9 le prix l\u2019ann\u00e9e derni\u00e8re pour son combat pour l\u2019\u00e9ducation des filles au Pakistan.<\/p>\n","protected":false},"excerpt":{"rendered":"<p>Le rappeur Weld El 15 candidat au Prix Sakharov 2014<\/p>\n","protected":false},"author":3222,"featured_media":331423,"comment_status":"open","ping_status":"closed","sticky":false,"template":"","format":"standard","meta":{"footnotes":""},"categories":[2598],"tags":[],"class_list":["post-184316","post","type-post","status-publish","format-standard","has-post-thumbnail","hentry","category-international"],"yoast_head":"<!-- This site is optimized with the Yoast SEO Premium plugin v27.5 (Yoast SEO v27.5) - https:\/\/yoast.com\/product\/yoast-seo-premium-wordpress\/ -->\n<title>Le rappeur Weld El 15 candidat au Prix Sakharov 2014<\/title>\n<meta name=\"description\" content=\"Le rappeur Weld El 15 candidat au Prix Sakharov 2014\" \/>\n<link rel=\"canonical\" href=\"https:\/\/www.webdo.tn\/fr\/actualite\/international\/tunisie-le-rappeur-weld-el-15-candidat-au-prix-sakharov-2014\/184316\/\" \/>\n<meta property=\"og:locale\" content=\"fr_FR\" \/>\n<meta property=\"og:type\" content=\"article\" \/>\n<meta property=\"og:title\" content=\"Le rappeur Weld El 15 candidat au Prix Sakharov 2014\" \/>\n<meta property=\"og:description\" content=\"Le rappeur Weld El 15 candidat au Prix Sakharov 2014\" \/>\n<meta property=\"og:url\" content=\"https:\/\/www.webdo.tn\/fr\/actualite\/international\/tunisie-le-rappeur-weld-el-15-candidat-au-prix-sakharov-2014\/184316\/\" \/>\n<meta property=\"og:site_name\" content=\"webdo\" \/>\n<meta property=\"article:publisher\" content=\"https:\/\/www.facebook.com\/webdotn\" \/>\n<meta property=\"article:published_time\" content=\"2014-09-24T01:03:00+00:00\" \/>\n<meta property=\"article:modified_time\" content=\"2025-05-22T13:04:18+00:00\" \/>\n<meta property=\"og:image\" content=\"https:\/\/www.webdo.tn\/fr\/wp-content\/uploads\/2014\/09\/Weld-El-15-photo-directmatin.fr_.jpg\" \/>\n\t<meta property=\"og:image:width\" content=\"292\" \/>\n\t<meta property=\"og:image:height\" content=\"250\" \/>\n\t<meta property=\"og:image:type\" content=\"image\/jpeg\" \/>\n<meta name=\"author\" content=\"webdo.tn\" \/>\n<meta name=\"twitter:card\" content=\"summary_large_image\" \/>\n<meta name=\"twitter:creator\" content=\"@webdo_tn\" \/>\n<meta name=\"twitter:site\" content=\"@webdo_tn\" \/>\n<meta name=\"twitter:label1\" content=\"\u00c9crit par\" \/>\n\t<meta name=\"twitter:data1\" content=\"webdo.tn\" \/>\n\t<meta name=\"twitter:label2\" content=\"Dur\u00e9e de lecture estim\u00e9e\" \/>\n\t<meta name=\"twitter:data2\" content=\"3 minutes\" \/>\n<script type=\"application\/ld+json\" class=\"yoast-schema-graph\">{\"@context\":\"https:\\\/\\\/schema.org\",\"@graph\":[{\"@type\":\"NewsArticle\",\"@id\":\"https:\\\/\\\/www.webdo.tn\\\/fr\\\/actualite\\\/international\\\/tunisie-le-rappeur-weld-el-15-candidat-au-prix-sakharov-2014\\\/184316\\\/#article\",\"isPartOf\":{\"@id\":\"https:\\\/\\\/www.webdo.tn\\\/fr\\\/actualite\\\/international\\\/tunisie-le-rappeur-weld-el-15-candidat-au-prix-sakharov-2014\\\/184316\\\/\"},\"author\":{\"name\":\"webdo.tn\",\"@id\":\"https:\\\/\\\/www.webdo.tn\\\/fr\\\/#\\\/schema\\\/person\\\/9a9c6118d687c117df8ef3cc36a4d175\"},\"headline\":\"Le rappeur Weld El 15 candidat au Prix Sakharov 2014\",\"datePublished\":\"2014-09-24T01:03:00+00:00\",\"dateModified\":\"2025-05-22T13:04:18+00:00\",\"mainEntityOfPage\":{\"@id\":\"https:\\\/\\\/www.webdo.tn\\\/fr\\\/actualite\\\/international\\\/tunisie-le-rappeur-weld-el-15-candidat-au-prix-sakharov-2014\\\/184316\\\/\"},\"wordCount\":545,\"commentCount\":0,\"publisher\":{\"@id\":\"https:\\\/\\\/www.webdo.tn\\\/fr\\\/#organization\"},\"image\":{\"@id\":\"https:\\\/\\\/www.webdo.tn\\\/fr\\\/actualite\\\/international\\\/tunisie-le-rappeur-weld-el-15-candidat-au-prix-sakharov-2014\\\/184316\\\/#primaryimage\"},\"thumbnailUrl\":\"https:\\\/\\\/www.webdo.tn\\\/fr\\\/wp-content\\\/uploads\\\/2014\\\/09\\\/Weld-El-15-photo-directmatin.fr_.jpg\",\"articleSection\":[\"International\"],\"inLanguage\":\"fr-FR\"},{\"@type\":\"WebPage\",\"@id\":\"https:\\\/\\\/www.webdo.tn\\\/fr\\\/actualite\\\/international\\\/tunisie-le-rappeur-weld-el-15-candidat-au-prix-sakharov-2014\\\/184316\\\/\",\"url\":\"https:\\\/\\\/www.webdo.tn\\\/fr\\\/actualite\\\/international\\\/tunisie-le-rappeur-weld-el-15-candidat-au-prix-sakharov-2014\\\/184316\\\/\",\"name\":\"Le rappeur Weld El 15 candidat au Prix Sakharov 2014\",\"isPartOf\":{\"@id\":\"https:\\\/\\\/www.webdo.tn\\\/fr\\\/#website\"},\"primaryImageOfPage\":{\"@id\":\"https:\\\/\\\/www.webdo.tn\\\/fr\\\/actualite\\\/international\\\/tunisie-le-rappeur-weld-el-15-candidat-au-prix-sakharov-2014\\\/184316\\\/#primaryimage\"},\"image\":{\"@id\":\"https:\\\/\\\/www.webdo.tn\\\/fr\\\/actualite\\\/international\\\/tunisie-le-rappeur-weld-el-15-candidat-au-prix-sakharov-2014\\\/184316\\\/#primaryimage\"},\"thumbnailUrl\":\"https:\\\/\\\/www.webdo.tn\\\/fr\\\/wp-content\\\/uploads\\\/2014\\\/09\\\/Weld-El-15-photo-directmatin.fr_.jpg\",\"datePublished\":\"2014-09-24T01:03:00+00:00\",\"dateModified\":\"2025-05-22T13:04:18+00:00\",\"description\":\"Le rappeur Weld El 15 candidat au Prix Sakharov 2014\",\"breadcrumb\":{\"@id\":\"https:\\\/\\\/www.webdo.tn\\\/fr\\\/actualite\\\/international\\\/tunisie-le-rappeur-weld-el-15-candidat-au-prix-sakharov-2014\\\/184316\\\/#breadcrumb\"},\"inLanguage\":\"fr-FR\",\"potentialAction\":[{\"@type\":\"ReadAction\",\"target\":[\"https:\\\/\\\/www.webdo.tn\\\/fr\\\/actualite\\\/international\\\/tunisie-le-rappeur-weld-el-15-candidat-au-prix-sakharov-2014\\\/184316\\\/\"]}]},{\"@type\":\"ImageObject\",\"inLanguage\":\"fr-FR\",\"@id\":\"https:\\\/\\\/www.webdo.tn\\\/fr\\\/actualite\\\/international\\\/tunisie-le-rappeur-weld-el-15-candidat-au-prix-sakharov-2014\\\/184316\\\/#primaryimage\",\"url\":\"https:\\\/\\\/www.webdo.tn\\\/fr\\\/wp-content\\\/uploads\\\/2014\\\/09\\\/Weld-El-15-photo-directmatin.fr_.jpg\",\"contentUrl\":\"https:\\\/\\\/www.webdo.tn\\\/fr\\\/wp-content\\\/uploads\\\/2014\\\/09\\\/Weld-El-15-photo-directmatin.fr_.jpg\",\"width\":292,\"height\":250,\"caption\":\"Le rappeur Weld El 15 candidat au Prix Sakharov 2014\"},{\"@type\":\"BreadcrumbList\",\"@id\":\"https:\\\/\\\/www.webdo.tn\\\/fr\\\/actualite\\\/international\\\/tunisie-le-rappeur-weld-el-15-candidat-au-prix-sakharov-2014\\\/184316\\\/#breadcrumb\",\"itemListElement\":[{\"@type\":\"ListItem\",\"position\":1,\"name\":\"Accueil\",\"item\":\"https:\\\/\\\/www.webdo.tn\\\/fr\\\/\"},{\"@type\":\"ListItem\",\"position\":2,\"name\":\"Le rappeur Weld El 15 candidat au Prix Sakharov 2014\"}]},{\"@type\":\"WebSite\",\"@id\":\"https:\\\/\\\/www.webdo.tn\\\/fr\\\/#website\",\"url\":\"https:\\\/\\\/www.webdo.tn\\\/fr\\\/\",\"name\":\"webdo\",\"description\":\"Tunisie - News en Tunisie et \u00e0 l&#039;international sur Webdo.tn\",\"publisher\":{\"@id\":\"https:\\\/\\\/www.webdo.tn\\\/fr\\\/#organization\"},\"potentialAction\":[{\"@type\":\"SearchAction\",\"target\":{\"@type\":\"EntryPoint\",\"urlTemplate\":\"https:\\\/\\\/www.webdo.tn\\\/fr\\\/?s={search_term_string}\"},\"query-input\":{\"@type\":\"PropertyValueSpecification\",\"valueRequired\":true,\"valueName\":\"search_term_string\"}}],\"inLanguage\":\"fr-FR\"},{\"@type\":\"Organization\",\"@id\":\"https:\\\/\\\/www.webdo.tn\\\/fr\\\/#organization\",\"name\":\"Webdo\",\"alternateName\":\"Webdo.tn\",\"url\":\"https:\\\/\\\/www.webdo.tn\\\/fr\\\/\",\"logo\":{\"@type\":\"ImageObject\",\"inLanguage\":\"fr-FR\",\"@id\":\"https:\\\/\\\/www.webdo.tn\\\/fr\\\/#\\\/schema\\\/logo\\\/image\\\/\",\"url\":\"https:\\\/\\\/www.webdo.tn\\\/fr\\\/wp-content\\\/uploads\\\/2025\\\/06\\\/Webdo-Tunisie_168377.jpg\",\"contentUrl\":\"https:\\\/\\\/www.webdo.tn\\\/fr\\\/wp-content\\\/uploads\\\/2025\\\/06\\\/Webdo-Tunisie_168377.jpg\",\"width\":301,\"height\":301,\"caption\":\"Webdo\"},\"image\":{\"@id\":\"https:\\\/\\\/www.webdo.tn\\\/fr\\\/#\\\/schema\\\/logo\\\/image\\\/\"},\"sameAs\":[\"https:\\\/\\\/www.facebook.com\\\/webdotn\",\"https:\\\/\\\/x.com\\\/webdo_tn\"],\"description\":\"Webdo est un m\u00e9dia num\u00e9rique tunisien fond\u00e9 en 2010, sp\u00e9cialis\u00e9 dans l\u2019actualit\u00e9 nationale et internationale, l\u2019\u00e9conomie, la soci\u00e9t\u00e9 et les analyses politiques. Le site s\u2019adresse \u00e0 un large public francophone et couvre l\u2019information tunisienne en temps r\u00e9el.\",\"email\":\"redac@webdo.tn\",\"legalName\":\"YNJ SARL\",\"foundingDate\":\"2010-09-06\",\"numberOfEmployees\":{\"@type\":\"QuantitativeValue\",\"minValue\":\"11\",\"maxValue\":\"50\"}},{\"@type\":\"Person\",\"@id\":\"https:\\\/\\\/www.webdo.tn\\\/fr\\\/#\\\/schema\\\/person\\\/9a9c6118d687c117df8ef3cc36a4d175\",\"name\":\"webdo.tn\",\"image\":{\"@type\":\"ImageObject\",\"inLanguage\":\"fr-FR\",\"@id\":\"https:\\\/\\\/secure.gravatar.com\\\/avatar\\\/7ce1f28c0c3bbac99ff550b85ef8e44a6950c6ee24514fb6a5489e51d06f0298?s=96&d=mm&r=g\",\"url\":\"https:\\\/\\\/secure.gravatar.com\\\/avatar\\\/7ce1f28c0c3bbac99ff550b85ef8e44a6950c6ee24514fb6a5489e51d06f0298?s=96&d=mm&r=g\",\"contentUrl\":\"https:\\\/\\\/secure.gravatar.com\\\/avatar\\\/7ce1f28c0c3bbac99ff550b85ef8e44a6950c6ee24514fb6a5489e51d06f0298?s=96&d=mm&r=g\",\"caption\":\"webdo.tn\"},\"url\":\"https:\\\/\\\/www.webdo.tn\\\/fr\\\/actualite\\\/author\\\/webdotn\\\/\"}]}<\/script>\n<!-- \/ Yoast SEO Premium plugin. -->","yoast_head_json":{"title":"Le rappeur Weld El 15 candidat au Prix Sakharov 2014","description":"Le rappeur Weld El 15 candidat au Prix Sakharov 2014","canonical":"https:\/\/www.webdo.tn\/fr\/actualite\/international\/tunisie-le-rappeur-weld-el-15-candidat-au-prix-sakharov-2014\/184316\/","og_locale":"fr_FR","og_type":"article","og_title":"Le rappeur Weld El 15 candidat au Prix Sakharov 2014","og_description":"Le rappeur Weld El 15 candidat au Prix Sakharov 2014","og_url":"https:\/\/www.webdo.tn\/fr\/actualite\/international\/tunisie-le-rappeur-weld-el-15-candidat-au-prix-sakharov-2014\/184316\/","og_site_name":"webdo","article_publisher":"https:\/\/www.facebook.com\/webdotn","article_published_time":"2014-09-24T01:03:00+00:00","article_modified_time":"2025-05-22T13:04:18+00:00","og_image":[{"width":292,"height":250,"url":"https:\/\/www.webdo.tn\/fr\/wp-content\/uploads\/2014\/09\/Weld-El-15-photo-directmatin.fr_.jpg","type":"image\/jpeg"}],"author":"webdo.tn","twitter_card":"summary_large_image","twitter_creator":"@webdo_tn","twitter_site":"@webdo_tn","twitter_misc":{"\u00c9crit par":"webdo.tn","Dur\u00e9e de lecture estim\u00e9e":"3 minutes"},"schema":{"@context":"https:\/\/schema.org","@graph":[{"@type":"NewsArticle","@id":"https:\/\/www.webdo.tn\/fr\/actualite\/international\/tunisie-le-rappeur-weld-el-15-candidat-au-prix-sakharov-2014\/184316\/#article","isPartOf":{"@id":"https:\/\/www.webdo.tn\/fr\/actualite\/international\/tunisie-le-rappeur-weld-el-15-candidat-au-prix-sakharov-2014\/184316\/"},"author":{"name":"webdo.tn","@id":"https:\/\/www.webdo.tn\/fr\/#\/schema\/person\/9a9c6118d687c117df8ef3cc36a4d175"},"headline":"Le rappeur Weld El 15 candidat au Prix Sakharov 2014","datePublished":"2014-09-24T01:03:00+00:00","dateModified":"2025-05-22T13:04:18+00:00","mainEntityOfPage":{"@id":"https:\/\/www.webdo.tn\/fr\/actualite\/international\/tunisie-le-rappeur-weld-el-15-candidat-au-prix-sakharov-2014\/184316\/"},"wordCount":545,"commentCount":0,"publisher":{"@id":"https:\/\/www.webdo.tn\/fr\/#organization"},"image":{"@id":"https:\/\/www.webdo.tn\/fr\/actualite\/international\/tunisie-le-rappeur-weld-el-15-candidat-au-prix-sakharov-2014\/184316\/#primaryimage"},"thumbnailUrl":"https:\/\/www.webdo.tn\/fr\/wp-content\/uploads\/2014\/09\/Weld-El-15-photo-directmatin.fr_.jpg","articleSection":["International"],"inLanguage":"fr-FR"},{"@type":"WebPage","@id":"https:\/\/www.webdo.tn\/fr\/actualite\/international\/tunisie-le-rappeur-weld-el-15-candidat-au-prix-sakharov-2014\/184316\/","url":"https:\/\/www.webdo.tn\/fr\/actualite\/international\/tunisie-le-rappeur-weld-el-15-candidat-au-prix-sakharov-2014\/184316\/","name":"Le rappeur Weld El 15 candidat au Prix Sakharov 2014","isPartOf":{"@id":"https:\/\/www.webdo.tn\/fr\/#website"},"primaryImageOfPage":{"@id":"https:\/\/www.webdo.tn\/fr\/actualite\/international\/tunisie-le-rappeur-weld-el-15-candidat-au-prix-sakharov-2014\/184316\/#primaryimage"},"image":{"@id":"https:\/\/www.webdo.tn\/fr\/actualite\/international\/tunisie-le-rappeur-weld-el-15-candidat-au-prix-sakharov-2014\/184316\/#primaryimage"},"thumbnailUrl":"https:\/\/www.webdo.tn\/fr\/wp-content\/uploads\/2014\/09\/Weld-El-15-photo-directmatin.fr_.jpg","datePublished":"2014-09-24T01:03:00+00:00","dateModified":"2025-05-22T13:04:18+00:00","description":"Le rappeur Weld El 15 candidat au Prix Sakharov 2014","breadcrumb":{"@id":"https:\/\/www.webdo.tn\/fr\/actualite\/international\/tunisie-le-rappeur-weld-el-15-candidat-au-prix-sakharov-2014\/184316\/#breadcrumb"},"inLanguage":"fr-FR","potentialAction":[{"@type":"ReadAction","target":["https:\/\/www.webdo.tn\/fr\/actualite\/international\/tunisie-le-rappeur-weld-el-15-candidat-au-prix-sakharov-2014\/184316\/"]}]},{"@type":"ImageObject","inLanguage":"fr-FR","@id":"https:\/\/www.webdo.tn\/fr\/actualite\/international\/tunisie-le-rappeur-weld-el-15-candidat-au-prix-sakharov-2014\/184316\/#primaryimage","url":"https:\/\/www.webdo.tn\/fr\/wp-content\/uploads\/2014\/09\/Weld-El-15-photo-directmatin.fr_.jpg","contentUrl":"https:\/\/www.webdo.tn\/fr\/wp-content\/uploads\/2014\/09\/Weld-El-15-photo-directmatin.fr_.jpg","width":292,"height":250,"caption":"Le rappeur Weld El 15 candidat au Prix Sakharov 2014"},{"@type":"BreadcrumbList","@id":"https:\/\/www.webdo.tn\/fr\/actualite\/international\/tunisie-le-rappeur-weld-el-15-candidat-au-prix-sakharov-2014\/184316\/#breadcrumb","itemListElement":[{"@type":"ListItem","position":1,"name":"Accueil","item":"https:\/\/www.webdo.tn\/fr\/"},{"@type":"ListItem","position":2,"name":"Le rappeur Weld El 15 candidat au Prix Sakharov 2014"}]},{"@type":"WebSite","@id":"https:\/\/www.webdo.tn\/fr\/#website","url":"https:\/\/www.webdo.tn\/fr\/","name":"webdo","description":"Tunisie - News en Tunisie et \u00e0 l&#039;international sur Webdo.tn","publisher":{"@id":"https:\/\/www.webdo.tn\/fr\/#organization"},"potentialAction":[{"@type":"SearchAction","target":{"@type":"EntryPoint","urlTemplate":"https:\/\/www.webdo.tn\/fr\/?s={search_term_string}"},"query-input":{"@type":"PropertyValueSpecification","valueRequired":true,"valueName":"search_term_string"}}],"inLanguage":"fr-FR"},{"@type":"Organization","@id":"https:\/\/www.webdo.tn\/fr\/#organization","name":"Webdo","alternateName":"Webdo.tn","url":"https:\/\/www.webdo.tn\/fr\/","logo":{"@type":"ImageObject","inLanguage":"fr-FR","@id":"https:\/\/www.webdo.tn\/fr\/#\/schema\/logo\/image\/","url":"https:\/\/www.webdo.tn\/fr\/wp-content\/uploads\/2025\/06\/Webdo-Tunisie_168377.jpg","contentUrl":"https:\/\/www.webdo.tn\/fr\/wp-content\/uploads\/2025\/06\/Webdo-Tunisie_168377.jpg","width":301,"height":301,"caption":"Webdo"},"image":{"@id":"https:\/\/www.webdo.tn\/fr\/#\/schema\/logo\/image\/"},"sameAs":["https:\/\/www.facebook.com\/webdotn","https:\/\/x.com\/webdo_tn"],"description":"Webdo est un m\u00e9dia num\u00e9rique tunisien fond\u00e9 en 2010, sp\u00e9cialis\u00e9 dans l\u2019actualit\u00e9 nationale et internationale, l\u2019\u00e9conomie, la soci\u00e9t\u00e9 et les analyses politiques. Le site s\u2019adresse \u00e0 un large public francophone et couvre l\u2019information tunisienne en temps r\u00e9el.","email":"redac@webdo.tn","legalName":"YNJ SARL","foundingDate":"2010-09-06","numberOfEmployees":{"@type":"QuantitativeValue","minValue":"11","maxValue":"50"}},{"@type":"Person","@id":"https:\/\/www.webdo.tn\/fr\/#\/schema\/person\/9a9c6118d687c117df8ef3cc36a4d175","name":"webdo.tn","image":{"@type":"ImageObject","inLanguage":"fr-FR","@id":"https:\/\/secure.gravatar.com\/avatar\/7ce1f28c0c3bbac99ff550b85ef8e44a6950c6ee24514fb6a5489e51d06f0298?s=96&d=mm&r=g","url":"https:\/\/secure.gravatar.com\/avatar\/7ce1f28c0c3bbac99ff550b85ef8e44a6950c6ee24514fb6a5489e51d06f0298?s=96&d=mm&r=g","contentUrl":"https:\/\/secure.gravatar.com\/avatar\/7ce1f28c0c3bbac99ff550b85ef8e44a6950c6ee24514fb6a5489e51d06f0298?s=96&d=mm&r=g","caption":"webdo.tn"},"url":"https:\/\/www.webdo.tn\/fr\/actualite\/author\/webdotn\/"}]}},"_links":{"self":[{"href":"https:\/\/www.webdo.tn\/fr\/wp-json\/wp\/v2\/posts\/184316","targetHints":{"allow":["GET"]}}],"collection":[{"href":"https:\/\/www.webdo.tn\/fr\/wp-json\/wp\/v2\/posts"}],"about":[{"href":"https:\/\/www.webdo.tn\/fr\/wp-json\/wp\/v2\/types\/post"}],"author":[{"embeddable":true,"href":"https:\/\/www.webdo.tn\/fr\/wp-json\/wp\/v2\/users\/3222"}],"replies":[{"embeddable":true,"href":"https:\/\/www.webdo.tn\/fr\/wp-json\/wp\/v2\/comments?post=184316"}],"version-history":[{"count":0,"href":"https:\/\/www.webdo.tn\/fr\/wp-json\/wp\/v2\/posts\/184316\/revisions"}],"wp:featuredmedia":[{"embeddable":true,"href":"https:\/\/www.webdo.tn\/fr\/wp-json\/wp\/v2\/media\/331423"}],"wp:attachment":[{"href":"https:\/\/www.webdo.tn\/fr\/wp-json\/wp\/v2\/media?parent=184316"}],"wp:term":[{"taxonomy":"category","embeddable":true,"href":"https:\/\/www.webdo.tn\/fr\/wp-json\/wp\/v2\/categories?post=184316"},{"taxonomy":"post_tag","embeddable":true,"href":"https:\/\/www.webdo.tn\/fr\/wp-json\/wp\/v2\/tags?post=184316"}],"curies":[{"name":"wp","href":"https:\/\/api.w.org\/{rel}","templated":true}]}}