{"id":184315,"date":"2014-09-24T13:18:00","date_gmt":"2014-09-24T11:18:00","guid":{"rendered":"https:\/\/www.webdo.tn\/fr\/actualite\/international\/jeune-tunisien-ecope-3-mois-prison-ferme-avoir-insulte-prince-monaco\/184315"},"modified":"2014-09-24T13:18:00","modified_gmt":"2014-09-24T11:18:00","slug":"jeune-tunisien-ecope-3-mois-prison-ferme-avoir-insulte-prince-monaco","status":"publish","type":"post","link":"https:\/\/www.webdo.tn\/fr\/actualite\/international\/jeune-tunisien-ecope-3-mois-prison-ferme-avoir-insulte-prince-monaco\/184315\/","title":{"rendered":"Un jeune Tunisien \u00e9cope de 3 mois de prison ferme pour avoir insult\u00e9 le Prince de Monaco"},"content":{"rendered":"<p>Un Tunisien de 28 ans a \u00e9t\u00e9 condamn\u00e9, ce mercredi 24 septembre par un tribunal mon\u00e9gasque, \u00e0 3 mois de prison ferme pour avoir insult\u00e9 le prince Albert de Monaco et la famille princi\u00e8re.<\/p>\n<p>Il a comparu \u00e0 l\u2019audience correctionnelle pour des faits qui se sont pass\u00e9s le 17 septembre dans l\u2019annexe du palais de justice au service des accidents du travail.<\/p>\n<p>Poursuivi pour injures publiques au souverain et \u00e0 la famille princi\u00e8re, il risquait huit jours de prison et 1 000 euros d&rsquo;amende, mais le tribunal est all\u00e9 au-del\u00e0 des r\u00e9quisitions du parquet.<\/p>\n<p>Selon le journal \u00ab Monaco matin \u00bb, le jeune Tunisien, r\u00e9sidant \u00e0 Nice (France), venait signaler un changement d\u2019adresse, ce 17 septembre lorsqu\u2019il a commenc\u00e9 \u00e0 insulter le prince de Monaco et la famille princi\u00e8re.<\/p>\n<p>\u00ab Je veux mon argent. Je suis musulman. J\u2019applique la charia et j\u2019\u00e9gorge tout le monde comme des moutons \u00bb, aurait-il lanc\u00e9. Alors qu\u2019on cherchait \u00e0 le calmer, il aurait ajout\u00e9 : \u00ab Je pisse sur le prince et sur la famille princi\u00e8re\u2026 \u00bb, rapporte le journal mon\u00e9gasque.<\/p>\n<p>Une fois la police alert\u00e9e, il est interpell\u00e9 sur le champ et plac\u00e9 en garde \u00e0 vue.<\/p>\n<p>Au cours de l\u2019audience, ce Tunisien, \u00ab d\u00e9j\u00e0 condamn\u00e9 plusieurs fois en France \u00bb, selon Ouest-France aurait contest\u00e9 les faits, parlant de \u00ab malentendu \u00bb et assurant n\u2019avoir pas lanc\u00e9 de menaces \u00e0 l\u2019encontre du prince.<br \/>\nN.D.<\/p>\n","protected":false},"excerpt":{"rendered":"<p>Un Tunisien de 28 ans a \u00e9t\u00e9 condamn\u00e9, ce mercredi 24 septembre par un tribunal mon\u00e9gasque, \u00e0 3 mois de prison ferme pour avoir insult\u00e9 le prince Albe<\/p>\n","protected":false},"author":3222,"featured_media":375109,"comment_status":"open","ping_status":"open","sticky":false,"template":"","format":"standard","meta":{"footnotes":""},"categories":[2598],"tags":[],"class_list":["post-184315","post","type-post","status-publish","format-standard","has-post-thumbnail","hentry","category-international"],"yoast_head":"<!-- This site is optimized with the Yoast SEO Premium plugin v27.5 (Yoast SEO v27.5) - https:\/\/yoast.com\/product\/yoast-seo-premium-wordpress\/ -->\n<title>Un jeune Tunisien \u00e9cope de 3 mois de prison ferme pour avoir insult\u00e9 le Prince de Monaco<\/title>\n<meta name=\"description\" content=\"Un jeune Tunisien \u00e9cope de 3 mois de prison ferme pour avoir insult\u00e9 le Prince de Monaco\" \/>\n<link rel=\"canonical\" href=\"https:\/\/www.webdo.tn\/fr\/actualite\/international\/jeune-tunisien-ecope-3-mois-prison-ferme-avoir-insulte-prince-monaco\/184315\/\" \/>\n<meta property=\"og:locale\" content=\"fr_FR\" \/>\n<meta property=\"og:type\" content=\"article\" \/>\n<meta property=\"og:title\" content=\"Un jeune Tunisien \u00e9cope de 3 mois de prison ferme pour avoir insult\u00e9 le Prince de Monaco\" \/>\n<meta property=\"og:description\" content=\"Un jeune Tunisien \u00e9cope de 3 mois de prison ferme pour avoir insult\u00e9 le Prince de Monaco\" \/>\n<meta property=\"og:url\" content=\"https:\/\/www.webdo.tn\/fr\/actualite\/international\/jeune-tunisien-ecope-3-mois-prison-ferme-avoir-insulte-prince-monaco\/184315\/\" \/>\n<meta property=\"og:site_name\" content=\"webdo\" \/>\n<meta property=\"article:publisher\" content=\"https:\/\/www.facebook.com\/webdotn\" \/>\n<meta property=\"article:published_time\" content=\"2014-09-24T11:18:00+00:00\" \/>\n<meta name=\"author\" content=\"webdo.tn\" \/>\n<meta name=\"twitter:card\" content=\"summary_large_image\" \/>\n<meta name=\"twitter:creator\" content=\"@webdo_tn\" \/>\n<meta name=\"twitter:site\" content=\"@webdo_tn\" \/>\n<meta name=\"twitter:label1\" content=\"\u00c9crit par\" \/>\n\t<meta name=\"twitter:data1\" content=\"webdo.tn\" \/>\n\t<meta name=\"twitter:label2\" content=\"Dur\u00e9e de lecture estim\u00e9e\" \/>\n\t<meta name=\"twitter:data2\" content=\"1 minute\" \/>\n<script type=\"application\/ld+json\" class=\"yoast-schema-graph\">{\"@context\":\"https:\\\/\\\/schema.org\",\"@graph\":[{\"@type\":\"NewsArticle\",\"@id\":\"https:\\\/\\\/www.webdo.tn\\\/fr\\\/actualite\\\/international\\\/jeune-tunisien-ecope-3-mois-prison-ferme-avoir-insulte-prince-monaco\\\/184315\\\/#article\",\"isPartOf\":{\"@id\":\"https:\\\/\\\/www.webdo.tn\\\/fr\\\/actualite\\\/international\\\/jeune-tunisien-ecope-3-mois-prison-ferme-avoir-insulte-prince-monaco\\\/184315\\\/\"},\"author\":{\"name\":\"webdo.tn\",\"@id\":\"https:\\\/\\\/www.webdo.tn\\\/fr\\\/#\\\/schema\\\/person\\\/9a9c6118d687c117df8ef3cc36a4d175\"},\"headline\":\"Un jeune Tunisien \u00e9cope de 3 mois de prison ferme pour avoir insult\u00e9 le Prince de Monaco\",\"datePublished\":\"2014-09-24T11:18:00+00:00\",\"mainEntityOfPage\":{\"@id\":\"https:\\\/\\\/www.webdo.tn\\\/fr\\\/actualite\\\/international\\\/jeune-tunisien-ecope-3-mois-prison-ferme-avoir-insulte-prince-monaco\\\/184315\\\/\"},\"wordCount\":244,\"commentCount\":0,\"publisher\":{\"@id\":\"https:\\\/\\\/www.webdo.tn\\\/fr\\\/#organization\"},\"image\":{\"@id\":\"https:\\\/\\\/www.webdo.tn\\\/fr\\\/actualite\\\/international\\\/jeune-tunisien-ecope-3-mois-prison-ferme-avoir-insulte-prince-monaco\\\/184315\\\/#primaryimage\"},\"thumbnailUrl\":\"https:\\\/\\\/www.webdo.tn\\\/fr\\\/wp-content\\\/uploads\\\/2025\\\/06\\\/prince-albert-de-monaco-et-les-princesse-caroline-et-ste-phanie-credit-voici.fr__184315.jpg\",\"articleSection\":[\"International\"],\"inLanguage\":\"fr-FR\"},{\"@type\":\"WebPage\",\"@id\":\"https:\\\/\\\/www.webdo.tn\\\/fr\\\/actualite\\\/international\\\/jeune-tunisien-ecope-3-mois-prison-ferme-avoir-insulte-prince-monaco\\\/184315\\\/\",\"url\":\"https:\\\/\\\/www.webdo.tn\\\/fr\\\/actualite\\\/international\\\/jeune-tunisien-ecope-3-mois-prison-ferme-avoir-insulte-prince-monaco\\\/184315\\\/\",\"name\":\"Un jeune Tunisien \u00e9cope de 3 mois de prison ferme pour avoir insult\u00e9 le Prince de Monaco\",\"isPartOf\":{\"@id\":\"https:\\\/\\\/www.webdo.tn\\\/fr\\\/#website\"},\"primaryImageOfPage\":{\"@id\":\"https:\\\/\\\/www.webdo.tn\\\/fr\\\/actualite\\\/international\\\/jeune-tunisien-ecope-3-mois-prison-ferme-avoir-insulte-prince-monaco\\\/184315\\\/#primaryimage\"},\"image\":{\"@id\":\"https:\\\/\\\/www.webdo.tn\\\/fr\\\/actualite\\\/international\\\/jeune-tunisien-ecope-3-mois-prison-ferme-avoir-insulte-prince-monaco\\\/184315\\\/#primaryimage\"},\"thumbnailUrl\":\"https:\\\/\\\/www.webdo.tn\\\/fr\\\/wp-content\\\/uploads\\\/2025\\\/06\\\/prince-albert-de-monaco-et-les-princesse-caroline-et-ste-phanie-credit-voici.fr__184315.jpg\",\"datePublished\":\"2014-09-24T11:18:00+00:00\",\"description\":\"Un jeune Tunisien \u00e9cope de 3 mois de prison ferme pour avoir insult\u00e9 le Prince de Monaco\",\"breadcrumb\":{\"@id\":\"https:\\\/\\\/www.webdo.tn\\\/fr\\\/actualite\\\/international\\\/jeune-tunisien-ecope-3-mois-prison-ferme-avoir-insulte-prince-monaco\\\/184315\\\/#breadcrumb\"},\"inLanguage\":\"fr-FR\",\"potentialAction\":[{\"@type\":\"ReadAction\",\"target\":[\"https:\\\/\\\/www.webdo.tn\\\/fr\\\/actualite\\\/international\\\/jeune-tunisien-ecope-3-mois-prison-ferme-avoir-insulte-prince-monaco\\\/184315\\\/\"]}]},{\"@type\":\"ImageObject\",\"inLanguage\":\"fr-FR\",\"@id\":\"https:\\\/\\\/www.webdo.tn\\\/fr\\\/actualite\\\/international\\\/jeune-tunisien-ecope-3-mois-prison-ferme-avoir-insulte-prince-monaco\\\/184315\\\/#primaryimage\",\"url\":\"https:\\\/\\\/www.webdo.tn\\\/fr\\\/wp-content\\\/uploads\\\/2025\\\/06\\\/prince-albert-de-monaco-et-les-princesse-caroline-et-ste-phanie-credit-voici.fr__184315.jpg\",\"contentUrl\":\"https:\\\/\\\/www.webdo.tn\\\/fr\\\/wp-content\\\/uploads\\\/2025\\\/06\\\/prince-albert-de-monaco-et-les-princesse-caroline-et-ste-phanie-credit-voici.fr__184315.jpg\",\"width\":404,\"height\":300,\"caption\":\"Un jeune Tunisien \u00e9cope de 3 mois de prison ferme pour avoir insult\u00e9 le Prince de Monaco\"},{\"@type\":\"BreadcrumbList\",\"@id\":\"https:\\\/\\\/www.webdo.tn\\\/fr\\\/actualite\\\/international\\\/jeune-tunisien-ecope-3-mois-prison-ferme-avoir-insulte-prince-monaco\\\/184315\\\/#breadcrumb\",\"itemListElement\":[{\"@type\":\"ListItem\",\"position\":1,\"name\":\"Accueil\",\"item\":\"https:\\\/\\\/www.webdo.tn\\\/fr\\\/\"},{\"@type\":\"ListItem\",\"position\":2,\"name\":\"Un jeune Tunisien \u00e9cope de 3 mois de prison ferme pour avoir insult\u00e9 le Prince de Monaco\"}]},{\"@type\":\"WebSite\",\"@id\":\"https:\\\/\\\/www.webdo.tn\\\/fr\\\/#website\",\"url\":\"https:\\\/\\\/www.webdo.tn\\\/fr\\\/\",\"name\":\"webdo\",\"description\":\"Tunisie - News en Tunisie et \u00e0 l&#039;international sur Webdo.tn\",\"publisher\":{\"@id\":\"https:\\\/\\\/www.webdo.tn\\\/fr\\\/#organization\"},\"potentialAction\":[{\"@type\":\"SearchAction\",\"target\":{\"@type\":\"EntryPoint\",\"urlTemplate\":\"https:\\\/\\\/www.webdo.tn\\\/fr\\\/?s={search_term_string}\"},\"query-input\":{\"@type\":\"PropertyValueSpecification\",\"valueRequired\":true,\"valueName\":\"search_term_string\"}}],\"inLanguage\":\"fr-FR\"},{\"@type\":\"Organization\",\"@id\":\"https:\\\/\\\/www.webdo.tn\\\/fr\\\/#organization\",\"name\":\"Webdo\",\"alternateName\":\"Webdo.tn\",\"url\":\"https:\\\/\\\/www.webdo.tn\\\/fr\\\/\",\"logo\":{\"@type\":\"ImageObject\",\"inLanguage\":\"fr-FR\",\"@id\":\"https:\\\/\\\/www.webdo.tn\\\/fr\\\/#\\\/schema\\\/logo\\\/image\\\/\",\"url\":\"https:\\\/\\\/www.webdo.tn\\\/fr\\\/wp-content\\\/uploads\\\/2025\\\/06\\\/Webdo-Tunisie_168377.jpg\",\"contentUrl\":\"https:\\\/\\\/www.webdo.tn\\\/fr\\\/wp-content\\\/uploads\\\/2025\\\/06\\\/Webdo-Tunisie_168377.jpg\",\"width\":301,\"height\":301,\"caption\":\"Webdo\"},\"image\":{\"@id\":\"https:\\\/\\\/www.webdo.tn\\\/fr\\\/#\\\/schema\\\/logo\\\/image\\\/\"},\"sameAs\":[\"https:\\\/\\\/www.facebook.com\\\/webdotn\",\"https:\\\/\\\/x.com\\\/webdo_tn\"],\"description\":\"Webdo est un m\u00e9dia num\u00e9rique tunisien fond\u00e9 en 2010, sp\u00e9cialis\u00e9 dans l\u2019actualit\u00e9 nationale et internationale, l\u2019\u00e9conomie, la soci\u00e9t\u00e9 et les analyses politiques. Le site s\u2019adresse \u00e0 un large public francophone et couvre l\u2019information tunisienne en temps r\u00e9el.\",\"email\":\"redac@webdo.tn\",\"legalName\":\"YNJ SARL\",\"foundingDate\":\"2010-09-06\",\"numberOfEmployees\":{\"@type\":\"QuantitativeValue\",\"minValue\":\"11\",\"maxValue\":\"50\"}},{\"@type\":\"Person\",\"@id\":\"https:\\\/\\\/www.webdo.tn\\\/fr\\\/#\\\/schema\\\/person\\\/9a9c6118d687c117df8ef3cc36a4d175\",\"name\":\"webdo.tn\",\"image\":{\"@type\":\"ImageObject\",\"inLanguage\":\"fr-FR\",\"@id\":\"https:\\\/\\\/secure.gravatar.com\\\/avatar\\\/7ce1f28c0c3bbac99ff550b85ef8e44a6950c6ee24514fb6a5489e51d06f0298?s=96&d=mm&r=g\",\"url\":\"https:\\\/\\\/secure.gravatar.com\\\/avatar\\\/7ce1f28c0c3bbac99ff550b85ef8e44a6950c6ee24514fb6a5489e51d06f0298?s=96&d=mm&r=g\",\"contentUrl\":\"https:\\\/\\\/secure.gravatar.com\\\/avatar\\\/7ce1f28c0c3bbac99ff550b85ef8e44a6950c6ee24514fb6a5489e51d06f0298?s=96&d=mm&r=g\",\"caption\":\"webdo.tn\"},\"url\":\"https:\\\/\\\/www.webdo.tn\\\/fr\\\/actualite\\\/author\\\/webdotn\\\/\"}]}<\/script>\n<!-- \/ Yoast SEO Premium plugin. -->","yoast_head_json":{"title":"Un jeune Tunisien \u00e9cope de 3 mois de prison ferme pour avoir insult\u00e9 le Prince de Monaco","description":"Un jeune Tunisien \u00e9cope de 3 mois de prison ferme pour avoir insult\u00e9 le Prince de Monaco","canonical":"https:\/\/www.webdo.tn\/fr\/actualite\/international\/jeune-tunisien-ecope-3-mois-prison-ferme-avoir-insulte-prince-monaco\/184315\/","og_locale":"fr_FR","og_type":"article","og_title":"Un jeune Tunisien \u00e9cope de 3 mois de prison ferme pour avoir insult\u00e9 le Prince de Monaco","og_description":"Un jeune Tunisien \u00e9cope de 3 mois de prison ferme pour avoir insult\u00e9 le Prince de Monaco","og_url":"https:\/\/www.webdo.tn\/fr\/actualite\/international\/jeune-tunisien-ecope-3-mois-prison-ferme-avoir-insulte-prince-monaco\/184315\/","og_site_name":"webdo","article_publisher":"https:\/\/www.facebook.com\/webdotn","article_published_time":"2014-09-24T11:18:00+00:00","author":"webdo.tn","twitter_card":"summary_large_image","twitter_creator":"@webdo_tn","twitter_site":"@webdo_tn","twitter_misc":{"\u00c9crit par":"webdo.tn","Dur\u00e9e de lecture estim\u00e9e":"1 minute"},"schema":{"@context":"https:\/\/schema.org","@graph":[{"@type":"NewsArticle","@id":"https:\/\/www.webdo.tn\/fr\/actualite\/international\/jeune-tunisien-ecope-3-mois-prison-ferme-avoir-insulte-prince-monaco\/184315\/#article","isPartOf":{"@id":"https:\/\/www.webdo.tn\/fr\/actualite\/international\/jeune-tunisien-ecope-3-mois-prison-ferme-avoir-insulte-prince-monaco\/184315\/"},"author":{"name":"webdo.tn","@id":"https:\/\/www.webdo.tn\/fr\/#\/schema\/person\/9a9c6118d687c117df8ef3cc36a4d175"},"headline":"Un jeune Tunisien \u00e9cope de 3 mois de prison ferme pour avoir insult\u00e9 le Prince de Monaco","datePublished":"2014-09-24T11:18:00+00:00","mainEntityOfPage":{"@id":"https:\/\/www.webdo.tn\/fr\/actualite\/international\/jeune-tunisien-ecope-3-mois-prison-ferme-avoir-insulte-prince-monaco\/184315\/"},"wordCount":244,"commentCount":0,"publisher":{"@id":"https:\/\/www.webdo.tn\/fr\/#organization"},"image":{"@id":"https:\/\/www.webdo.tn\/fr\/actualite\/international\/jeune-tunisien-ecope-3-mois-prison-ferme-avoir-insulte-prince-monaco\/184315\/#primaryimage"},"thumbnailUrl":"https:\/\/www.webdo.tn\/fr\/wp-content\/uploads\/2025\/06\/prince-albert-de-monaco-et-les-princesse-caroline-et-ste-phanie-credit-voici.fr__184315.jpg","articleSection":["International"],"inLanguage":"fr-FR"},{"@type":"WebPage","@id":"https:\/\/www.webdo.tn\/fr\/actualite\/international\/jeune-tunisien-ecope-3-mois-prison-ferme-avoir-insulte-prince-monaco\/184315\/","url":"https:\/\/www.webdo.tn\/fr\/actualite\/international\/jeune-tunisien-ecope-3-mois-prison-ferme-avoir-insulte-prince-monaco\/184315\/","name":"Un jeune Tunisien \u00e9cope de 3 mois de prison ferme pour avoir insult\u00e9 le Prince de Monaco","isPartOf":{"@id":"https:\/\/www.webdo.tn\/fr\/#website"},"primaryImageOfPage":{"@id":"https:\/\/www.webdo.tn\/fr\/actualite\/international\/jeune-tunisien-ecope-3-mois-prison-ferme-avoir-insulte-prince-monaco\/184315\/#primaryimage"},"image":{"@id":"https:\/\/www.webdo.tn\/fr\/actualite\/international\/jeune-tunisien-ecope-3-mois-prison-ferme-avoir-insulte-prince-monaco\/184315\/#primaryimage"},"thumbnailUrl":"https:\/\/www.webdo.tn\/fr\/wp-content\/uploads\/2025\/06\/prince-albert-de-monaco-et-les-princesse-caroline-et-ste-phanie-credit-voici.fr__184315.jpg","datePublished":"2014-09-24T11:18:00+00:00","description":"Un jeune Tunisien \u00e9cope de 3 mois de prison ferme pour avoir insult\u00e9 le Prince de Monaco","breadcrumb":{"@id":"https:\/\/www.webdo.tn\/fr\/actualite\/international\/jeune-tunisien-ecope-3-mois-prison-ferme-avoir-insulte-prince-monaco\/184315\/#breadcrumb"},"inLanguage":"fr-FR","potentialAction":[{"@type":"ReadAction","target":["https:\/\/www.webdo.tn\/fr\/actualite\/international\/jeune-tunisien-ecope-3-mois-prison-ferme-avoir-insulte-prince-monaco\/184315\/"]}]},{"@type":"ImageObject","inLanguage":"fr-FR","@id":"https:\/\/www.webdo.tn\/fr\/actualite\/international\/jeune-tunisien-ecope-3-mois-prison-ferme-avoir-insulte-prince-monaco\/184315\/#primaryimage","url":"https:\/\/www.webdo.tn\/fr\/wp-content\/uploads\/2025\/06\/prince-albert-de-monaco-et-les-princesse-caroline-et-ste-phanie-credit-voici.fr__184315.jpg","contentUrl":"https:\/\/www.webdo.tn\/fr\/wp-content\/uploads\/2025\/06\/prince-albert-de-monaco-et-les-princesse-caroline-et-ste-phanie-credit-voici.fr__184315.jpg","width":404,"height":300,"caption":"Un jeune Tunisien \u00e9cope de 3 mois de prison ferme pour avoir insult\u00e9 le Prince de Monaco"},{"@type":"BreadcrumbList","@id":"https:\/\/www.webdo.tn\/fr\/actualite\/international\/jeune-tunisien-ecope-3-mois-prison-ferme-avoir-insulte-prince-monaco\/184315\/#breadcrumb","itemListElement":[{"@type":"ListItem","position":1,"name":"Accueil","item":"https:\/\/www.webdo.tn\/fr\/"},{"@type":"ListItem","position":2,"name":"Un jeune Tunisien \u00e9cope de 3 mois de prison ferme pour avoir insult\u00e9 le Prince de Monaco"}]},{"@type":"WebSite","@id":"https:\/\/www.webdo.tn\/fr\/#website","url":"https:\/\/www.webdo.tn\/fr\/","name":"webdo","description":"Tunisie - News en Tunisie et \u00e0 l&#039;international sur Webdo.tn","publisher":{"@id":"https:\/\/www.webdo.tn\/fr\/#organization"},"potentialAction":[{"@type":"SearchAction","target":{"@type":"EntryPoint","urlTemplate":"https:\/\/www.webdo.tn\/fr\/?s={search_term_string}"},"query-input":{"@type":"PropertyValueSpecification","valueRequired":true,"valueName":"search_term_string"}}],"inLanguage":"fr-FR"},{"@type":"Organization","@id":"https:\/\/www.webdo.tn\/fr\/#organization","name":"Webdo","alternateName":"Webdo.tn","url":"https:\/\/www.webdo.tn\/fr\/","logo":{"@type":"ImageObject","inLanguage":"fr-FR","@id":"https:\/\/www.webdo.tn\/fr\/#\/schema\/logo\/image\/","url":"https:\/\/www.webdo.tn\/fr\/wp-content\/uploads\/2025\/06\/Webdo-Tunisie_168377.jpg","contentUrl":"https:\/\/www.webdo.tn\/fr\/wp-content\/uploads\/2025\/06\/Webdo-Tunisie_168377.jpg","width":301,"height":301,"caption":"Webdo"},"image":{"@id":"https:\/\/www.webdo.tn\/fr\/#\/schema\/logo\/image\/"},"sameAs":["https:\/\/www.facebook.com\/webdotn","https:\/\/x.com\/webdo_tn"],"description":"Webdo est un m\u00e9dia num\u00e9rique tunisien fond\u00e9 en 2010, sp\u00e9cialis\u00e9 dans l\u2019actualit\u00e9 nationale et internationale, l\u2019\u00e9conomie, la soci\u00e9t\u00e9 et les analyses politiques. Le site s\u2019adresse \u00e0 un large public francophone et couvre l\u2019information tunisienne en temps r\u00e9el.","email":"redac@webdo.tn","legalName":"YNJ SARL","foundingDate":"2010-09-06","numberOfEmployees":{"@type":"QuantitativeValue","minValue":"11","maxValue":"50"}},{"@type":"Person","@id":"https:\/\/www.webdo.tn\/fr\/#\/schema\/person\/9a9c6118d687c117df8ef3cc36a4d175","name":"webdo.tn","image":{"@type":"ImageObject","inLanguage":"fr-FR","@id":"https:\/\/secure.gravatar.com\/avatar\/7ce1f28c0c3bbac99ff550b85ef8e44a6950c6ee24514fb6a5489e51d06f0298?s=96&d=mm&r=g","url":"https:\/\/secure.gravatar.com\/avatar\/7ce1f28c0c3bbac99ff550b85ef8e44a6950c6ee24514fb6a5489e51d06f0298?s=96&d=mm&r=g","contentUrl":"https:\/\/secure.gravatar.com\/avatar\/7ce1f28c0c3bbac99ff550b85ef8e44a6950c6ee24514fb6a5489e51d06f0298?s=96&d=mm&r=g","caption":"webdo.tn"},"url":"https:\/\/www.webdo.tn\/fr\/actualite\/author\/webdotn\/"}]}},"_links":{"self":[{"href":"https:\/\/www.webdo.tn\/fr\/wp-json\/wp\/v2\/posts\/184315","targetHints":{"allow":["GET"]}}],"collection":[{"href":"https:\/\/www.webdo.tn\/fr\/wp-json\/wp\/v2\/posts"}],"about":[{"href":"https:\/\/www.webdo.tn\/fr\/wp-json\/wp\/v2\/types\/post"}],"author":[{"embeddable":true,"href":"https:\/\/www.webdo.tn\/fr\/wp-json\/wp\/v2\/users\/3222"}],"replies":[{"embeddable":true,"href":"https:\/\/www.webdo.tn\/fr\/wp-json\/wp\/v2\/comments?post=184315"}],"version-history":[{"count":0,"href":"https:\/\/www.webdo.tn\/fr\/wp-json\/wp\/v2\/posts\/184315\/revisions"}],"wp:featuredmedia":[{"embeddable":true,"href":"https:\/\/www.webdo.tn\/fr\/wp-json\/wp\/v2\/media\/375109"}],"wp:attachment":[{"href":"https:\/\/www.webdo.tn\/fr\/wp-json\/wp\/v2\/media?parent=184315"}],"wp:term":[{"taxonomy":"category","embeddable":true,"href":"https:\/\/www.webdo.tn\/fr\/wp-json\/wp\/v2\/categories?post=184315"},{"taxonomy":"post_tag","embeddable":true,"href":"https:\/\/www.webdo.tn\/fr\/wp-json\/wp\/v2\/tags?post=184315"}],"curies":[{"name":"wp","href":"https:\/\/api.w.org\/{rel}","templated":true}]}}