{"id":184313,"date":"2014-09-26T14:19:00","date_gmt":"2014-09-26T14:19:00","guid":{"rendered":"https:\/\/www.webdo.tn\/fr\/blog\/tunisie-le-parti-ettakatol-condamne-lassassinat-dherve-gourdel\/184313\/"},"modified":"2025-05-22T13:04:01","modified_gmt":"2025-05-22T13:04:01","slug":"tunisie-le-parti-ettakatol-condamne-lassassinat-dherve-gourdel","status":"publish","type":"post","link":"https:\/\/www.webdo.tn\/fr\/actualite\/international\/tunisie-le-parti-ettakatol-condamne-lassassinat-dherve-gourdel\/184313\/","title":{"rendered":"Le parti Ettakatol condamne l&rsquo;assassinat d&rsquo;Herv\u00e9 Gourdel"},"content":{"rendered":"<p>Le parti Ettakatol a condamn\u00e9, jeudi 25 septembre dans un communiqu\u00e9 rendu public, la d\u00e9capitation du Fran\u00e7ais Herv\u00e9 Gourdel en Alg\u00e9rie qui a suscit\u00e9 l\u2019indignation dans le monde.<\/p>\n<p>\u00ab Un acte odieux et criminel commis par un groupe de terroristes \u00bb, a soulign\u00e9 le communiqu\u00e9. \u00ab La monstruosit\u00e9 de cette op\u00e9ration montre une fois de plus que la lutte contre le terrorisme demeure l\u2019unique bataille qui relie le Maghreb et les pays occidentaux. \u00bb<\/p>\n<p>\u00ab Cependant, les circonstances dangereuses que rencontrent les r\u00e9gions du Maghreb, exigent du gouvernement, de plus de responsabilit\u00e9 et \u00e0 apprendre les dispositions n\u00e9cessaires, en insistant sur la collaboration \u00e9troite entre les services de renseignement, pour faire face aux groupes arm\u00e9s qui terrorisent les r\u00e9gions \u00bb, a conclu le communiqu\u00e9.<\/p>\n<p>Pour rappel, Herv\u00e9 Gourdel, \u00e2g\u00e9 de 55 ans, a \u00e9t\u00e9 assassin\u00e9 mercredi 24 septembre dans la ville de Tizi Ouzou, situ\u00e9e \u00e0 88 km \u00e0 l\u2019est de la capitale Alger. Herv\u00e9 Gourdel \u00e9tait un guide de montagne, qui \u00e9tait venu en Alg\u00e9rie le dimanche 21 septembre, pour une randonn\u00e9e p\u00e9destre.<\/p>\n<p>Sa capture a \u00e9t\u00e9 revendiqu\u00e9e par un groupe nomm\u00e9 Jund al-Khalifa, qui a exig\u00e9 l\u2019interruption des actions militaires de la France, en Irak contre l\u2019\u00c9tat islamique.<br \/>\nN.D.<\/p>\n","protected":false},"excerpt":{"rendered":"<p>Le parti Ettakatol condamne l&rsquo;assassinat d&rsquo;Herv\u00e9 Gourdel<\/p>\n","protected":false},"author":3222,"featured_media":373445,"comment_status":"open","ping_status":"closed","sticky":false,"template":"","format":"standard","meta":{"footnotes":""},"categories":[2598],"tags":[],"class_list":["post-184313","post","type-post","status-publish","format-standard","has-post-thumbnail","hentry","category-international"],"yoast_head":"<!-- This site is optimized with the Yoast SEO Premium plugin v27.5 (Yoast SEO v27.5) - https:\/\/yoast.com\/product\/yoast-seo-premium-wordpress\/ -->\n<title>Le parti Ettakatol condamne l&#039;assassinat d&#039;Herv\u00e9 Gourdel<\/title>\n<meta name=\"description\" content=\"Le parti Ettakatol condamne l&#039;assassinat d&#039;Herv\u00e9 Gourdel\" \/>\n<link rel=\"canonical\" href=\"https:\/\/www.webdo.tn\/fr\/actualite\/international\/tunisie-le-parti-ettakatol-condamne-lassassinat-dherve-gourdel\/184313\/\" \/>\n<meta property=\"og:locale\" content=\"fr_FR\" \/>\n<meta property=\"og:type\" content=\"article\" \/>\n<meta property=\"og:title\" content=\"Le parti Ettakatol condamne l&#039;assassinat d&#039;Herv\u00e9 Gourdel\" \/>\n<meta property=\"og:description\" content=\"Le parti Ettakatol condamne l&#039;assassinat d&#039;Herv\u00e9 Gourdel\" \/>\n<meta property=\"og:url\" content=\"https:\/\/www.webdo.tn\/fr\/actualite\/international\/tunisie-le-parti-ettakatol-condamne-lassassinat-dherve-gourdel\/184313\/\" \/>\n<meta property=\"og:site_name\" content=\"webdo\" \/>\n<meta property=\"article:publisher\" content=\"https:\/\/www.facebook.com\/webdotn\" \/>\n<meta property=\"article:published_time\" content=\"2014-09-26T14:19:00+00:00\" \/>\n<meta property=\"article:modified_time\" content=\"2025-05-22T13:04:01+00:00\" \/>\n<meta name=\"author\" content=\"webdo.tn\" \/>\n<meta name=\"twitter:card\" content=\"summary_large_image\" \/>\n<meta name=\"twitter:creator\" content=\"@webdo_tn\" \/>\n<meta name=\"twitter:site\" content=\"@webdo_tn\" \/>\n<meta name=\"twitter:label1\" content=\"\u00c9crit par\" \/>\n\t<meta name=\"twitter:data1\" content=\"webdo.tn\" \/>\n\t<meta name=\"twitter:label2\" content=\"Dur\u00e9e de lecture estim\u00e9e\" \/>\n\t<meta name=\"twitter:data2\" content=\"1 minute\" \/>\n<script type=\"application\/ld+json\" class=\"yoast-schema-graph\">{\"@context\":\"https:\\\/\\\/schema.org\",\"@graph\":[{\"@type\":\"NewsArticle\",\"@id\":\"https:\\\/\\\/www.webdo.tn\\\/fr\\\/actualite\\\/international\\\/tunisie-le-parti-ettakatol-condamne-lassassinat-dherve-gourdel\\\/184313\\\/#article\",\"isPartOf\":{\"@id\":\"https:\\\/\\\/www.webdo.tn\\\/fr\\\/actualite\\\/international\\\/tunisie-le-parti-ettakatol-condamne-lassassinat-dherve-gourdel\\\/184313\\\/\"},\"author\":{\"name\":\"webdo.tn\",\"@id\":\"https:\\\/\\\/www.webdo.tn\\\/fr\\\/#\\\/schema\\\/person\\\/9a9c6118d687c117df8ef3cc36a4d175\"},\"headline\":\"Le parti Ettakatol condamne l&rsquo;assassinat d&rsquo;Herv\u00e9 Gourdel\",\"datePublished\":\"2014-09-26T14:19:00+00:00\",\"dateModified\":\"2025-05-22T13:04:01+00:00\",\"mainEntityOfPage\":{\"@id\":\"https:\\\/\\\/www.webdo.tn\\\/fr\\\/actualite\\\/international\\\/tunisie-le-parti-ettakatol-condamne-lassassinat-dherve-gourdel\\\/184313\\\/\"},\"wordCount\":215,\"commentCount\":0,\"publisher\":{\"@id\":\"https:\\\/\\\/www.webdo.tn\\\/fr\\\/#organization\"},\"image\":{\"@id\":\"https:\\\/\\\/www.webdo.tn\\\/fr\\\/actualite\\\/international\\\/tunisie-le-parti-ettakatol-condamne-lassassinat-dherve-gourdel\\\/184313\\\/#primaryimage\"},\"thumbnailUrl\":\"https:\\\/\\\/www.webdo.tn\\\/fr\\\/wp-content\\\/uploads\\\/2025\\\/06\\\/Herve-Gourdel_184313.jpg\",\"articleSection\":[\"International\"],\"inLanguage\":\"fr-FR\"},{\"@type\":\"WebPage\",\"@id\":\"https:\\\/\\\/www.webdo.tn\\\/fr\\\/actualite\\\/international\\\/tunisie-le-parti-ettakatol-condamne-lassassinat-dherve-gourdel\\\/184313\\\/\",\"url\":\"https:\\\/\\\/www.webdo.tn\\\/fr\\\/actualite\\\/international\\\/tunisie-le-parti-ettakatol-condamne-lassassinat-dherve-gourdel\\\/184313\\\/\",\"name\":\"Le parti Ettakatol condamne l'assassinat d'Herv\u00e9 Gourdel\",\"isPartOf\":{\"@id\":\"https:\\\/\\\/www.webdo.tn\\\/fr\\\/#website\"},\"primaryImageOfPage\":{\"@id\":\"https:\\\/\\\/www.webdo.tn\\\/fr\\\/actualite\\\/international\\\/tunisie-le-parti-ettakatol-condamne-lassassinat-dherve-gourdel\\\/184313\\\/#primaryimage\"},\"image\":{\"@id\":\"https:\\\/\\\/www.webdo.tn\\\/fr\\\/actualite\\\/international\\\/tunisie-le-parti-ettakatol-condamne-lassassinat-dherve-gourdel\\\/184313\\\/#primaryimage\"},\"thumbnailUrl\":\"https:\\\/\\\/www.webdo.tn\\\/fr\\\/wp-content\\\/uploads\\\/2025\\\/06\\\/Herve-Gourdel_184313.jpg\",\"datePublished\":\"2014-09-26T14:19:00+00:00\",\"dateModified\":\"2025-05-22T13:04:01+00:00\",\"description\":\"Le parti Ettakatol condamne l'assassinat d'Herv\u00e9 Gourdel\",\"breadcrumb\":{\"@id\":\"https:\\\/\\\/www.webdo.tn\\\/fr\\\/actualite\\\/international\\\/tunisie-le-parti-ettakatol-condamne-lassassinat-dherve-gourdel\\\/184313\\\/#breadcrumb\"},\"inLanguage\":\"fr-FR\",\"potentialAction\":[{\"@type\":\"ReadAction\",\"target\":[\"https:\\\/\\\/www.webdo.tn\\\/fr\\\/actualite\\\/international\\\/tunisie-le-parti-ettakatol-condamne-lassassinat-dherve-gourdel\\\/184313\\\/\"]}]},{\"@type\":\"ImageObject\",\"inLanguage\":\"fr-FR\",\"@id\":\"https:\\\/\\\/www.webdo.tn\\\/fr\\\/actualite\\\/international\\\/tunisie-le-parti-ettakatol-condamne-lassassinat-dherve-gourdel\\\/184313\\\/#primaryimage\",\"url\":\"https:\\\/\\\/www.webdo.tn\\\/fr\\\/wp-content\\\/uploads\\\/2025\\\/06\\\/Herve-Gourdel_184313.jpg\",\"contentUrl\":\"https:\\\/\\\/www.webdo.tn\\\/fr\\\/wp-content\\\/uploads\\\/2025\\\/06\\\/Herve-Gourdel_184313.jpg\",\"width\":250,\"height\":263,\"caption\":\"Le parti Ettakatol condamne l'assassinat d'Herv\u00e9 Gourdel\"},{\"@type\":\"BreadcrumbList\",\"@id\":\"https:\\\/\\\/www.webdo.tn\\\/fr\\\/actualite\\\/international\\\/tunisie-le-parti-ettakatol-condamne-lassassinat-dherve-gourdel\\\/184313\\\/#breadcrumb\",\"itemListElement\":[{\"@type\":\"ListItem\",\"position\":1,\"name\":\"Accueil\",\"item\":\"https:\\\/\\\/www.webdo.tn\\\/fr\\\/\"},{\"@type\":\"ListItem\",\"position\":2,\"name\":\"Le parti Ettakatol condamne l&rsquo;assassinat d&rsquo;Herv\u00e9 Gourdel\"}]},{\"@type\":\"WebSite\",\"@id\":\"https:\\\/\\\/www.webdo.tn\\\/fr\\\/#website\",\"url\":\"https:\\\/\\\/www.webdo.tn\\\/fr\\\/\",\"name\":\"webdo\",\"description\":\"Tunisie - News en Tunisie et \u00e0 l&#039;international sur Webdo.tn\",\"publisher\":{\"@id\":\"https:\\\/\\\/www.webdo.tn\\\/fr\\\/#organization\"},\"potentialAction\":[{\"@type\":\"SearchAction\",\"target\":{\"@type\":\"EntryPoint\",\"urlTemplate\":\"https:\\\/\\\/www.webdo.tn\\\/fr\\\/?s={search_term_string}\"},\"query-input\":{\"@type\":\"PropertyValueSpecification\",\"valueRequired\":true,\"valueName\":\"search_term_string\"}}],\"inLanguage\":\"fr-FR\"},{\"@type\":\"Organization\",\"@id\":\"https:\\\/\\\/www.webdo.tn\\\/fr\\\/#organization\",\"name\":\"Webdo\",\"alternateName\":\"Webdo.tn\",\"url\":\"https:\\\/\\\/www.webdo.tn\\\/fr\\\/\",\"logo\":{\"@type\":\"ImageObject\",\"inLanguage\":\"fr-FR\",\"@id\":\"https:\\\/\\\/www.webdo.tn\\\/fr\\\/#\\\/schema\\\/logo\\\/image\\\/\",\"url\":\"https:\\\/\\\/www.webdo.tn\\\/fr\\\/wp-content\\\/uploads\\\/2025\\\/06\\\/Webdo-Tunisie_168377.jpg\",\"contentUrl\":\"https:\\\/\\\/www.webdo.tn\\\/fr\\\/wp-content\\\/uploads\\\/2025\\\/06\\\/Webdo-Tunisie_168377.jpg\",\"width\":301,\"height\":301,\"caption\":\"Webdo\"},\"image\":{\"@id\":\"https:\\\/\\\/www.webdo.tn\\\/fr\\\/#\\\/schema\\\/logo\\\/image\\\/\"},\"sameAs\":[\"https:\\\/\\\/www.facebook.com\\\/webdotn\",\"https:\\\/\\\/x.com\\\/webdo_tn\"],\"description\":\"Webdo est un m\u00e9dia num\u00e9rique tunisien fond\u00e9 en 2010, sp\u00e9cialis\u00e9 dans l\u2019actualit\u00e9 nationale et internationale, l\u2019\u00e9conomie, la soci\u00e9t\u00e9 et les analyses politiques. Le site s\u2019adresse \u00e0 un large public francophone et couvre l\u2019information tunisienne en temps r\u00e9el.\",\"email\":\"redac@webdo.tn\",\"legalName\":\"YNJ SARL\",\"foundingDate\":\"2010-09-06\",\"numberOfEmployees\":{\"@type\":\"QuantitativeValue\",\"minValue\":\"11\",\"maxValue\":\"50\"}},{\"@type\":\"Person\",\"@id\":\"https:\\\/\\\/www.webdo.tn\\\/fr\\\/#\\\/schema\\\/person\\\/9a9c6118d687c117df8ef3cc36a4d175\",\"name\":\"webdo.tn\",\"image\":{\"@type\":\"ImageObject\",\"inLanguage\":\"fr-FR\",\"@id\":\"https:\\\/\\\/secure.gravatar.com\\\/avatar\\\/7ce1f28c0c3bbac99ff550b85ef8e44a6950c6ee24514fb6a5489e51d06f0298?s=96&d=mm&r=g\",\"url\":\"https:\\\/\\\/secure.gravatar.com\\\/avatar\\\/7ce1f28c0c3bbac99ff550b85ef8e44a6950c6ee24514fb6a5489e51d06f0298?s=96&d=mm&r=g\",\"contentUrl\":\"https:\\\/\\\/secure.gravatar.com\\\/avatar\\\/7ce1f28c0c3bbac99ff550b85ef8e44a6950c6ee24514fb6a5489e51d06f0298?s=96&d=mm&r=g\",\"caption\":\"webdo.tn\"},\"url\":\"https:\\\/\\\/www.webdo.tn\\\/fr\\\/actualite\\\/author\\\/webdotn\\\/\"}]}<\/script>\n<!-- \/ Yoast SEO Premium plugin. -->","yoast_head_json":{"title":"Le parti Ettakatol condamne l'assassinat d'Herv\u00e9 Gourdel","description":"Le parti Ettakatol condamne l'assassinat d'Herv\u00e9 Gourdel","canonical":"https:\/\/www.webdo.tn\/fr\/actualite\/international\/tunisie-le-parti-ettakatol-condamne-lassassinat-dherve-gourdel\/184313\/","og_locale":"fr_FR","og_type":"article","og_title":"Le parti Ettakatol condamne l'assassinat d'Herv\u00e9 Gourdel","og_description":"Le parti Ettakatol condamne l'assassinat d'Herv\u00e9 Gourdel","og_url":"https:\/\/www.webdo.tn\/fr\/actualite\/international\/tunisie-le-parti-ettakatol-condamne-lassassinat-dherve-gourdel\/184313\/","og_site_name":"webdo","article_publisher":"https:\/\/www.facebook.com\/webdotn","article_published_time":"2014-09-26T14:19:00+00:00","article_modified_time":"2025-05-22T13:04:01+00:00","author":"webdo.tn","twitter_card":"summary_large_image","twitter_creator":"@webdo_tn","twitter_site":"@webdo_tn","twitter_misc":{"\u00c9crit par":"webdo.tn","Dur\u00e9e de lecture estim\u00e9e":"1 minute"},"schema":{"@context":"https:\/\/schema.org","@graph":[{"@type":"NewsArticle","@id":"https:\/\/www.webdo.tn\/fr\/actualite\/international\/tunisie-le-parti-ettakatol-condamne-lassassinat-dherve-gourdel\/184313\/#article","isPartOf":{"@id":"https:\/\/www.webdo.tn\/fr\/actualite\/international\/tunisie-le-parti-ettakatol-condamne-lassassinat-dherve-gourdel\/184313\/"},"author":{"name":"webdo.tn","@id":"https:\/\/www.webdo.tn\/fr\/#\/schema\/person\/9a9c6118d687c117df8ef3cc36a4d175"},"headline":"Le parti Ettakatol condamne l&rsquo;assassinat d&rsquo;Herv\u00e9 Gourdel","datePublished":"2014-09-26T14:19:00+00:00","dateModified":"2025-05-22T13:04:01+00:00","mainEntityOfPage":{"@id":"https:\/\/www.webdo.tn\/fr\/actualite\/international\/tunisie-le-parti-ettakatol-condamne-lassassinat-dherve-gourdel\/184313\/"},"wordCount":215,"commentCount":0,"publisher":{"@id":"https:\/\/www.webdo.tn\/fr\/#organization"},"image":{"@id":"https:\/\/www.webdo.tn\/fr\/actualite\/international\/tunisie-le-parti-ettakatol-condamne-lassassinat-dherve-gourdel\/184313\/#primaryimage"},"thumbnailUrl":"https:\/\/www.webdo.tn\/fr\/wp-content\/uploads\/2025\/06\/Herve-Gourdel_184313.jpg","articleSection":["International"],"inLanguage":"fr-FR"},{"@type":"WebPage","@id":"https:\/\/www.webdo.tn\/fr\/actualite\/international\/tunisie-le-parti-ettakatol-condamne-lassassinat-dherve-gourdel\/184313\/","url":"https:\/\/www.webdo.tn\/fr\/actualite\/international\/tunisie-le-parti-ettakatol-condamne-lassassinat-dherve-gourdel\/184313\/","name":"Le parti Ettakatol condamne l'assassinat d'Herv\u00e9 Gourdel","isPartOf":{"@id":"https:\/\/www.webdo.tn\/fr\/#website"},"primaryImageOfPage":{"@id":"https:\/\/www.webdo.tn\/fr\/actualite\/international\/tunisie-le-parti-ettakatol-condamne-lassassinat-dherve-gourdel\/184313\/#primaryimage"},"image":{"@id":"https:\/\/www.webdo.tn\/fr\/actualite\/international\/tunisie-le-parti-ettakatol-condamne-lassassinat-dherve-gourdel\/184313\/#primaryimage"},"thumbnailUrl":"https:\/\/www.webdo.tn\/fr\/wp-content\/uploads\/2025\/06\/Herve-Gourdel_184313.jpg","datePublished":"2014-09-26T14:19:00+00:00","dateModified":"2025-05-22T13:04:01+00:00","description":"Le parti Ettakatol condamne l'assassinat d'Herv\u00e9 Gourdel","breadcrumb":{"@id":"https:\/\/www.webdo.tn\/fr\/actualite\/international\/tunisie-le-parti-ettakatol-condamne-lassassinat-dherve-gourdel\/184313\/#breadcrumb"},"inLanguage":"fr-FR","potentialAction":[{"@type":"ReadAction","target":["https:\/\/www.webdo.tn\/fr\/actualite\/international\/tunisie-le-parti-ettakatol-condamne-lassassinat-dherve-gourdel\/184313\/"]}]},{"@type":"ImageObject","inLanguage":"fr-FR","@id":"https:\/\/www.webdo.tn\/fr\/actualite\/international\/tunisie-le-parti-ettakatol-condamne-lassassinat-dherve-gourdel\/184313\/#primaryimage","url":"https:\/\/www.webdo.tn\/fr\/wp-content\/uploads\/2025\/06\/Herve-Gourdel_184313.jpg","contentUrl":"https:\/\/www.webdo.tn\/fr\/wp-content\/uploads\/2025\/06\/Herve-Gourdel_184313.jpg","width":250,"height":263,"caption":"Le parti Ettakatol condamne l'assassinat d'Herv\u00e9 Gourdel"},{"@type":"BreadcrumbList","@id":"https:\/\/www.webdo.tn\/fr\/actualite\/international\/tunisie-le-parti-ettakatol-condamne-lassassinat-dherve-gourdel\/184313\/#breadcrumb","itemListElement":[{"@type":"ListItem","position":1,"name":"Accueil","item":"https:\/\/www.webdo.tn\/fr\/"},{"@type":"ListItem","position":2,"name":"Le parti Ettakatol condamne l&rsquo;assassinat d&rsquo;Herv\u00e9 Gourdel"}]},{"@type":"WebSite","@id":"https:\/\/www.webdo.tn\/fr\/#website","url":"https:\/\/www.webdo.tn\/fr\/","name":"webdo","description":"Tunisie - News en Tunisie et \u00e0 l&#039;international sur Webdo.tn","publisher":{"@id":"https:\/\/www.webdo.tn\/fr\/#organization"},"potentialAction":[{"@type":"SearchAction","target":{"@type":"EntryPoint","urlTemplate":"https:\/\/www.webdo.tn\/fr\/?s={search_term_string}"},"query-input":{"@type":"PropertyValueSpecification","valueRequired":true,"valueName":"search_term_string"}}],"inLanguage":"fr-FR"},{"@type":"Organization","@id":"https:\/\/www.webdo.tn\/fr\/#organization","name":"Webdo","alternateName":"Webdo.tn","url":"https:\/\/www.webdo.tn\/fr\/","logo":{"@type":"ImageObject","inLanguage":"fr-FR","@id":"https:\/\/www.webdo.tn\/fr\/#\/schema\/logo\/image\/","url":"https:\/\/www.webdo.tn\/fr\/wp-content\/uploads\/2025\/06\/Webdo-Tunisie_168377.jpg","contentUrl":"https:\/\/www.webdo.tn\/fr\/wp-content\/uploads\/2025\/06\/Webdo-Tunisie_168377.jpg","width":301,"height":301,"caption":"Webdo"},"image":{"@id":"https:\/\/www.webdo.tn\/fr\/#\/schema\/logo\/image\/"},"sameAs":["https:\/\/www.facebook.com\/webdotn","https:\/\/x.com\/webdo_tn"],"description":"Webdo est un m\u00e9dia num\u00e9rique tunisien fond\u00e9 en 2010, sp\u00e9cialis\u00e9 dans l\u2019actualit\u00e9 nationale et internationale, l\u2019\u00e9conomie, la soci\u00e9t\u00e9 et les analyses politiques. Le site s\u2019adresse \u00e0 un large public francophone et couvre l\u2019information tunisienne en temps r\u00e9el.","email":"redac@webdo.tn","legalName":"YNJ SARL","foundingDate":"2010-09-06","numberOfEmployees":{"@type":"QuantitativeValue","minValue":"11","maxValue":"50"}},{"@type":"Person","@id":"https:\/\/www.webdo.tn\/fr\/#\/schema\/person\/9a9c6118d687c117df8ef3cc36a4d175","name":"webdo.tn","image":{"@type":"ImageObject","inLanguage":"fr-FR","@id":"https:\/\/secure.gravatar.com\/avatar\/7ce1f28c0c3bbac99ff550b85ef8e44a6950c6ee24514fb6a5489e51d06f0298?s=96&d=mm&r=g","url":"https:\/\/secure.gravatar.com\/avatar\/7ce1f28c0c3bbac99ff550b85ef8e44a6950c6ee24514fb6a5489e51d06f0298?s=96&d=mm&r=g","contentUrl":"https:\/\/secure.gravatar.com\/avatar\/7ce1f28c0c3bbac99ff550b85ef8e44a6950c6ee24514fb6a5489e51d06f0298?s=96&d=mm&r=g","caption":"webdo.tn"},"url":"https:\/\/www.webdo.tn\/fr\/actualite\/author\/webdotn\/"}]}},"_links":{"self":[{"href":"https:\/\/www.webdo.tn\/fr\/wp-json\/wp\/v2\/posts\/184313","targetHints":{"allow":["GET"]}}],"collection":[{"href":"https:\/\/www.webdo.tn\/fr\/wp-json\/wp\/v2\/posts"}],"about":[{"href":"https:\/\/www.webdo.tn\/fr\/wp-json\/wp\/v2\/types\/post"}],"author":[{"embeddable":true,"href":"https:\/\/www.webdo.tn\/fr\/wp-json\/wp\/v2\/users\/3222"}],"replies":[{"embeddable":true,"href":"https:\/\/www.webdo.tn\/fr\/wp-json\/wp\/v2\/comments?post=184313"}],"version-history":[{"count":0,"href":"https:\/\/www.webdo.tn\/fr\/wp-json\/wp\/v2\/posts\/184313\/revisions"}],"wp:featuredmedia":[{"embeddable":true,"href":"https:\/\/www.webdo.tn\/fr\/wp-json\/wp\/v2\/media\/373445"}],"wp:attachment":[{"href":"https:\/\/www.webdo.tn\/fr\/wp-json\/wp\/v2\/media?parent=184313"}],"wp:term":[{"taxonomy":"category","embeddable":true,"href":"https:\/\/www.webdo.tn\/fr\/wp-json\/wp\/v2\/categories?post=184313"},{"taxonomy":"post_tag","embeddable":true,"href":"https:\/\/www.webdo.tn\/fr\/wp-json\/wp\/v2\/tags?post=184313"}],"curies":[{"name":"wp","href":"https:\/\/api.w.org\/{rel}","templated":true}]}}