{"id":184311,"date":"2014-09-30T13:08:00","date_gmt":"2014-09-30T13:08:00","guid":{"rendered":"https:\/\/www.webdo.tn\/fr\/blog\/daech-israel-meme-chose-selon-othman-jarandi-lex-ministre-affaires-etrangeres\/184634\/"},"modified":"2025-05-22T13:22:03","modified_gmt":"2025-05-22T13:22:03","slug":"daech-israel-meme-chose-selon-othman-jarandi-lex-ministre-affaires-etrangeres","status":"publish","type":"post","link":"https:\/\/www.webdo.tn\/fr\/actualite\/international\/daech-israel-meme-chose-selon-othman-jarandi-lex-ministre-affaires-etrangeres\/184311\/","title":{"rendered":"\u00ab\u00a0Daech et Isra\u00ebl sont la m\u00eame chose\u00a0\u00bb selon Othman Jarandi, l&rsquo;ex-ministre des Affaires \u00e9trang\u00e8res"},"content":{"rendered":"<p>\u00ab\u00a0Daech et Isra\u00ebl sont la m\u00eame chose\u00a0\u00bb \u00a0a d\u00e9clar\u00e9, ce mardi 30 septembre, Othman Jarandi, l&rsquo;ex-ministre des Affaires \u00e9trang\u00e8res, lors de la\u00a0conf\u00e9rence internationale sur le suivi de la situation politique et juridique palestinienne, \u00e0 la lumi\u00e8re de l\u2019agression isra\u00e9lienne,\u00a0organis\u00e9e par le\u00a0Centre d\u2019\u00e9tudes strat\u00e9giques sur le Maghreb.\u00a0<\/p>\n<p>Reprenant les propos de \u00a0l&rsquo;ex-SG du parti socialiste marocain, Mohamed Yazighi, M. Jarandi a confirm\u00e9 la comparaison entre l&rsquo;organisation terroriste d&rsquo;Al Baghdadi et l&rsquo;Etat isra\u00eblien.<\/p>\n","protected":false},"excerpt":{"rendered":"<p> Daech et Isra\u00ebl sont la m\u00eame chose  selon Othman Jarandi, l&rsquo;ex-ministre des Affaires \u00e9trang\u00e8res <\/p>\n","protected":false},"author":3222,"featured_media":335056,"comment_status":"open","ping_status":"closed","sticky":false,"template":"","format":"standard","meta":{"footnotes":""},"categories":[2598],"tags":[],"class_list":["post-184311","post","type-post","status-publish","format-standard","has-post-thumbnail","hentry","category-international"],"yoast_head":"<!-- This site is optimized with the Yoast SEO Premium plugin v27.5 (Yoast SEO v27.5) - https:\/\/yoast.com\/product\/yoast-seo-premium-wordpress\/ -->\n<title>Daech et Isra\u00ebl sont la m\u00eame chose selon Othman Jarandi, l&#039;ex-ministre des Affaires \u00e9trang\u00e8res<\/title>\n<meta name=\"description\" content=\"Daech et Isra\u00ebl sont la m\u00eame chose selon Othman Jarandi, l&#039;ex-ministre des Affaires \u00e9trang\u00e8res\" \/>\n<link rel=\"canonical\" href=\"https:\/\/www.webdo.tn\/fr\/actualite\/international\/daech-israel-meme-chose-selon-othman-jarandi-lex-ministre-affaires-etrangeres\/184311\/\" \/>\n<meta property=\"og:locale\" content=\"fr_FR\" \/>\n<meta property=\"og:type\" content=\"article\" \/>\n<meta property=\"og:title\" content=\"&quot;Daech et Isra\u00ebl sont la m\u00eame chose&quot; selon Othman Jarandi, l&#039;ex-ministre des Affaires \u00e9trang\u00e8res\" \/>\n<meta property=\"og:description\" content=\"Daech et Isra\u00ebl sont la m\u00eame chose selon Othman Jarandi, l&#039;ex-ministre des Affaires \u00e9trang\u00e8res\" \/>\n<meta property=\"og:url\" content=\"https:\/\/www.webdo.tn\/fr\/actualite\/international\/daech-israel-meme-chose-selon-othman-jarandi-lex-ministre-affaires-etrangeres\/184311\/\" \/>\n<meta property=\"og:site_name\" content=\"webdo\" \/>\n<meta property=\"article:publisher\" content=\"https:\/\/www.facebook.com\/webdotn\" \/>\n<meta property=\"article:published_time\" content=\"2014-09-30T13:08:00+00:00\" \/>\n<meta property=\"article:modified_time\" content=\"2025-05-22T13:22:03+00:00\" \/>\n<meta property=\"og:image\" content=\"https:\/\/www.webdo.tn\/fr\/wp-content\/uploads\/2014\/09\/Conf.jpg\" \/>\n\t<meta property=\"og:image:width\" content=\"486\" \/>\n\t<meta property=\"og:image:height\" content=\"317\" \/>\n\t<meta property=\"og:image:type\" content=\"image\/jpeg\" \/>\n<meta name=\"author\" content=\"webdo.tn\" \/>\n<meta name=\"twitter:card\" content=\"summary_large_image\" \/>\n<meta name=\"twitter:creator\" content=\"@webdo_tn\" \/>\n<meta name=\"twitter:site\" content=\"@webdo_tn\" \/>\n<meta name=\"twitter:label1\" content=\"\u00c9crit par\" \/>\n\t<meta name=\"twitter:data1\" content=\"webdo.tn\" \/>\n<script type=\"application\/ld+json\" class=\"yoast-schema-graph\">{\"@context\":\"https:\\\/\\\/schema.org\",\"@graph\":[{\"@type\":\"NewsArticle\",\"@id\":\"https:\\\/\\\/www.webdo.tn\\\/fr\\\/actualite\\\/international\\\/daech-israel-meme-chose-selon-othman-jarandi-lex-ministre-affaires-etrangeres\\\/184311\\\/#article\",\"isPartOf\":{\"@id\":\"https:\\\/\\\/www.webdo.tn\\\/fr\\\/actualite\\\/international\\\/daech-israel-meme-chose-selon-othman-jarandi-lex-ministre-affaires-etrangeres\\\/184311\\\/\"},\"author\":{\"name\":\"webdo.tn\",\"@id\":\"https:\\\/\\\/www.webdo.tn\\\/fr\\\/#\\\/schema\\\/person\\\/9a9c6118d687c117df8ef3cc36a4d175\"},\"headline\":\"\u00ab\u00a0Daech et Isra\u00ebl sont la m\u00eame chose\u00a0\u00bb selon Othman Jarandi, l&rsquo;ex-ministre des Affaires \u00e9trang\u00e8res\",\"datePublished\":\"2014-09-30T13:08:00+00:00\",\"dateModified\":\"2025-05-22T13:22:03+00:00\",\"mainEntityOfPage\":{\"@id\":\"https:\\\/\\\/www.webdo.tn\\\/fr\\\/actualite\\\/international\\\/daech-israel-meme-chose-selon-othman-jarandi-lex-ministre-affaires-etrangeres\\\/184311\\\/\"},\"wordCount\":107,\"commentCount\":0,\"publisher\":{\"@id\":\"https:\\\/\\\/www.webdo.tn\\\/fr\\\/#organization\"},\"image\":{\"@id\":\"https:\\\/\\\/www.webdo.tn\\\/fr\\\/actualite\\\/international\\\/daech-israel-meme-chose-selon-othman-jarandi-lex-ministre-affaires-etrangeres\\\/184311\\\/#primaryimage\"},\"thumbnailUrl\":\"https:\\\/\\\/www.webdo.tn\\\/fr\\\/wp-content\\\/uploads\\\/2014\\\/09\\\/Conf.jpg\",\"articleSection\":[\"International\"],\"inLanguage\":\"fr-FR\"},{\"@type\":\"WebPage\",\"@id\":\"https:\\\/\\\/www.webdo.tn\\\/fr\\\/actualite\\\/international\\\/daech-israel-meme-chose-selon-othman-jarandi-lex-ministre-affaires-etrangeres\\\/184311\\\/\",\"url\":\"https:\\\/\\\/www.webdo.tn\\\/fr\\\/actualite\\\/international\\\/daech-israel-meme-chose-selon-othman-jarandi-lex-ministre-affaires-etrangeres\\\/184311\\\/\",\"name\":\"Daech et Isra\u00ebl sont la m\u00eame chose selon Othman Jarandi, l'ex-ministre des Affaires \u00e9trang\u00e8res\",\"isPartOf\":{\"@id\":\"https:\\\/\\\/www.webdo.tn\\\/fr\\\/#website\"},\"primaryImageOfPage\":{\"@id\":\"https:\\\/\\\/www.webdo.tn\\\/fr\\\/actualite\\\/international\\\/daech-israel-meme-chose-selon-othman-jarandi-lex-ministre-affaires-etrangeres\\\/184311\\\/#primaryimage\"},\"image\":{\"@id\":\"https:\\\/\\\/www.webdo.tn\\\/fr\\\/actualite\\\/international\\\/daech-israel-meme-chose-selon-othman-jarandi-lex-ministre-affaires-etrangeres\\\/184311\\\/#primaryimage\"},\"thumbnailUrl\":\"https:\\\/\\\/www.webdo.tn\\\/fr\\\/wp-content\\\/uploads\\\/2014\\\/09\\\/Conf.jpg\",\"datePublished\":\"2014-09-30T13:08:00+00:00\",\"dateModified\":\"2025-05-22T13:22:03+00:00\",\"description\":\"Daech et Isra\u00ebl sont la m\u00eame chose selon Othman Jarandi, l'ex-ministre des Affaires \u00e9trang\u00e8res\",\"breadcrumb\":{\"@id\":\"https:\\\/\\\/www.webdo.tn\\\/fr\\\/actualite\\\/international\\\/daech-israel-meme-chose-selon-othman-jarandi-lex-ministre-affaires-etrangeres\\\/184311\\\/#breadcrumb\"},\"inLanguage\":\"fr-FR\",\"potentialAction\":[{\"@type\":\"ReadAction\",\"target\":[\"https:\\\/\\\/www.webdo.tn\\\/fr\\\/actualite\\\/international\\\/daech-israel-meme-chose-selon-othman-jarandi-lex-ministre-affaires-etrangeres\\\/184311\\\/\"]}]},{\"@type\":\"ImageObject\",\"inLanguage\":\"fr-FR\",\"@id\":\"https:\\\/\\\/www.webdo.tn\\\/fr\\\/actualite\\\/international\\\/daech-israel-meme-chose-selon-othman-jarandi-lex-ministre-affaires-etrangeres\\\/184311\\\/#primaryimage\",\"url\":\"https:\\\/\\\/www.webdo.tn\\\/fr\\\/wp-content\\\/uploads\\\/2014\\\/09\\\/Conf.jpg\",\"contentUrl\":\"https:\\\/\\\/www.webdo.tn\\\/fr\\\/wp-content\\\/uploads\\\/2014\\\/09\\\/Conf.jpg\",\"width\":486,\"height\":317,\"caption\":\"\\\"Daech et Isra\u00ebl sont la m\u00eame chose\\\" selon Othman Jarandi, l'ex-ministre des Affaires \u00e9trang\u00e8res\"},{\"@type\":\"BreadcrumbList\",\"@id\":\"https:\\\/\\\/www.webdo.tn\\\/fr\\\/actualite\\\/international\\\/daech-israel-meme-chose-selon-othman-jarandi-lex-ministre-affaires-etrangeres\\\/184311\\\/#breadcrumb\",\"itemListElement\":[{\"@type\":\"ListItem\",\"position\":1,\"name\":\"Accueil\",\"item\":\"https:\\\/\\\/www.webdo.tn\\\/fr\\\/\"},{\"@type\":\"ListItem\",\"position\":2,\"name\":\"\u00ab\u00a0Daech et Isra\u00ebl sont la m\u00eame chose\u00a0\u00bb selon Othman Jarandi, l&rsquo;ex-ministre des Affaires \u00e9trang\u00e8res\"}]},{\"@type\":\"WebSite\",\"@id\":\"https:\\\/\\\/www.webdo.tn\\\/fr\\\/#website\",\"url\":\"https:\\\/\\\/www.webdo.tn\\\/fr\\\/\",\"name\":\"webdo\",\"description\":\"Tunisie - News en Tunisie et \u00e0 l&#039;international sur Webdo.tn\",\"publisher\":{\"@id\":\"https:\\\/\\\/www.webdo.tn\\\/fr\\\/#organization\"},\"potentialAction\":[{\"@type\":\"SearchAction\",\"target\":{\"@type\":\"EntryPoint\",\"urlTemplate\":\"https:\\\/\\\/www.webdo.tn\\\/fr\\\/?s={search_term_string}\"},\"query-input\":{\"@type\":\"PropertyValueSpecification\",\"valueRequired\":true,\"valueName\":\"search_term_string\"}}],\"inLanguage\":\"fr-FR\"},{\"@type\":\"Organization\",\"@id\":\"https:\\\/\\\/www.webdo.tn\\\/fr\\\/#organization\",\"name\":\"Webdo\",\"alternateName\":\"Webdo.tn\",\"url\":\"https:\\\/\\\/www.webdo.tn\\\/fr\\\/\",\"logo\":{\"@type\":\"ImageObject\",\"inLanguage\":\"fr-FR\",\"@id\":\"https:\\\/\\\/www.webdo.tn\\\/fr\\\/#\\\/schema\\\/logo\\\/image\\\/\",\"url\":\"https:\\\/\\\/www.webdo.tn\\\/fr\\\/wp-content\\\/uploads\\\/2025\\\/06\\\/Webdo-Tunisie_168377.jpg\",\"contentUrl\":\"https:\\\/\\\/www.webdo.tn\\\/fr\\\/wp-content\\\/uploads\\\/2025\\\/06\\\/Webdo-Tunisie_168377.jpg\",\"width\":301,\"height\":301,\"caption\":\"Webdo\"},\"image\":{\"@id\":\"https:\\\/\\\/www.webdo.tn\\\/fr\\\/#\\\/schema\\\/logo\\\/image\\\/\"},\"sameAs\":[\"https:\\\/\\\/www.facebook.com\\\/webdotn\",\"https:\\\/\\\/x.com\\\/webdo_tn\"],\"description\":\"Webdo est un m\u00e9dia num\u00e9rique tunisien fond\u00e9 en 2010, sp\u00e9cialis\u00e9 dans l\u2019actualit\u00e9 nationale et internationale, l\u2019\u00e9conomie, la soci\u00e9t\u00e9 et les analyses politiques. Le site s\u2019adresse \u00e0 un large public francophone et couvre l\u2019information tunisienne en temps r\u00e9el.\",\"email\":\"redac@webdo.tn\",\"legalName\":\"YNJ SARL\",\"foundingDate\":\"2010-09-06\",\"numberOfEmployees\":{\"@type\":\"QuantitativeValue\",\"minValue\":\"11\",\"maxValue\":\"50\"}},{\"@type\":\"Person\",\"@id\":\"https:\\\/\\\/www.webdo.tn\\\/fr\\\/#\\\/schema\\\/person\\\/9a9c6118d687c117df8ef3cc36a4d175\",\"name\":\"webdo.tn\",\"image\":{\"@type\":\"ImageObject\",\"inLanguage\":\"fr-FR\",\"@id\":\"https:\\\/\\\/secure.gravatar.com\\\/avatar\\\/7ce1f28c0c3bbac99ff550b85ef8e44a6950c6ee24514fb6a5489e51d06f0298?s=96&d=mm&r=g\",\"url\":\"https:\\\/\\\/secure.gravatar.com\\\/avatar\\\/7ce1f28c0c3bbac99ff550b85ef8e44a6950c6ee24514fb6a5489e51d06f0298?s=96&d=mm&r=g\",\"contentUrl\":\"https:\\\/\\\/secure.gravatar.com\\\/avatar\\\/7ce1f28c0c3bbac99ff550b85ef8e44a6950c6ee24514fb6a5489e51d06f0298?s=96&d=mm&r=g\",\"caption\":\"webdo.tn\"},\"url\":\"https:\\\/\\\/www.webdo.tn\\\/fr\\\/actualite\\\/author\\\/webdotn\\\/\"}]}<\/script>\n<!-- \/ Yoast SEO Premium plugin. -->","yoast_head_json":{"title":"Daech et Isra\u00ebl sont la m\u00eame chose selon Othman Jarandi, l'ex-ministre des Affaires \u00e9trang\u00e8res","description":"Daech et Isra\u00ebl sont la m\u00eame chose selon Othman Jarandi, l'ex-ministre des Affaires \u00e9trang\u00e8res","canonical":"https:\/\/www.webdo.tn\/fr\/actualite\/international\/daech-israel-meme-chose-selon-othman-jarandi-lex-ministre-affaires-etrangeres\/184311\/","og_locale":"fr_FR","og_type":"article","og_title":"\"Daech et Isra\u00ebl sont la m\u00eame chose\" selon Othman Jarandi, l'ex-ministre des Affaires \u00e9trang\u00e8res","og_description":"Daech et Isra\u00ebl sont la m\u00eame chose selon Othman Jarandi, l'ex-ministre des Affaires \u00e9trang\u00e8res","og_url":"https:\/\/www.webdo.tn\/fr\/actualite\/international\/daech-israel-meme-chose-selon-othman-jarandi-lex-ministre-affaires-etrangeres\/184311\/","og_site_name":"webdo","article_publisher":"https:\/\/www.facebook.com\/webdotn","article_published_time":"2014-09-30T13:08:00+00:00","article_modified_time":"2025-05-22T13:22:03+00:00","og_image":[{"width":486,"height":317,"url":"https:\/\/www.webdo.tn\/fr\/wp-content\/uploads\/2014\/09\/Conf.jpg","type":"image\/jpeg"}],"author":"webdo.tn","twitter_card":"summary_large_image","twitter_creator":"@webdo_tn","twitter_site":"@webdo_tn","twitter_misc":{"\u00c9crit par":"webdo.tn"},"schema":{"@context":"https:\/\/schema.org","@graph":[{"@type":"NewsArticle","@id":"https:\/\/www.webdo.tn\/fr\/actualite\/international\/daech-israel-meme-chose-selon-othman-jarandi-lex-ministre-affaires-etrangeres\/184311\/#article","isPartOf":{"@id":"https:\/\/www.webdo.tn\/fr\/actualite\/international\/daech-israel-meme-chose-selon-othman-jarandi-lex-ministre-affaires-etrangeres\/184311\/"},"author":{"name":"webdo.tn","@id":"https:\/\/www.webdo.tn\/fr\/#\/schema\/person\/9a9c6118d687c117df8ef3cc36a4d175"},"headline":"\u00ab\u00a0Daech et Isra\u00ebl sont la m\u00eame chose\u00a0\u00bb selon Othman Jarandi, l&rsquo;ex-ministre des Affaires \u00e9trang\u00e8res","datePublished":"2014-09-30T13:08:00+00:00","dateModified":"2025-05-22T13:22:03+00:00","mainEntityOfPage":{"@id":"https:\/\/www.webdo.tn\/fr\/actualite\/international\/daech-israel-meme-chose-selon-othman-jarandi-lex-ministre-affaires-etrangeres\/184311\/"},"wordCount":107,"commentCount":0,"publisher":{"@id":"https:\/\/www.webdo.tn\/fr\/#organization"},"image":{"@id":"https:\/\/www.webdo.tn\/fr\/actualite\/international\/daech-israel-meme-chose-selon-othman-jarandi-lex-ministre-affaires-etrangeres\/184311\/#primaryimage"},"thumbnailUrl":"https:\/\/www.webdo.tn\/fr\/wp-content\/uploads\/2014\/09\/Conf.jpg","articleSection":["International"],"inLanguage":"fr-FR"},{"@type":"WebPage","@id":"https:\/\/www.webdo.tn\/fr\/actualite\/international\/daech-israel-meme-chose-selon-othman-jarandi-lex-ministre-affaires-etrangeres\/184311\/","url":"https:\/\/www.webdo.tn\/fr\/actualite\/international\/daech-israel-meme-chose-selon-othman-jarandi-lex-ministre-affaires-etrangeres\/184311\/","name":"Daech et Isra\u00ebl sont la m\u00eame chose selon Othman Jarandi, l'ex-ministre des Affaires \u00e9trang\u00e8res","isPartOf":{"@id":"https:\/\/www.webdo.tn\/fr\/#website"},"primaryImageOfPage":{"@id":"https:\/\/www.webdo.tn\/fr\/actualite\/international\/daech-israel-meme-chose-selon-othman-jarandi-lex-ministre-affaires-etrangeres\/184311\/#primaryimage"},"image":{"@id":"https:\/\/www.webdo.tn\/fr\/actualite\/international\/daech-israel-meme-chose-selon-othman-jarandi-lex-ministre-affaires-etrangeres\/184311\/#primaryimage"},"thumbnailUrl":"https:\/\/www.webdo.tn\/fr\/wp-content\/uploads\/2014\/09\/Conf.jpg","datePublished":"2014-09-30T13:08:00+00:00","dateModified":"2025-05-22T13:22:03+00:00","description":"Daech et Isra\u00ebl sont la m\u00eame chose selon Othman Jarandi, l'ex-ministre des Affaires \u00e9trang\u00e8res","breadcrumb":{"@id":"https:\/\/www.webdo.tn\/fr\/actualite\/international\/daech-israel-meme-chose-selon-othman-jarandi-lex-ministre-affaires-etrangeres\/184311\/#breadcrumb"},"inLanguage":"fr-FR","potentialAction":[{"@type":"ReadAction","target":["https:\/\/www.webdo.tn\/fr\/actualite\/international\/daech-israel-meme-chose-selon-othman-jarandi-lex-ministre-affaires-etrangeres\/184311\/"]}]},{"@type":"ImageObject","inLanguage":"fr-FR","@id":"https:\/\/www.webdo.tn\/fr\/actualite\/international\/daech-israel-meme-chose-selon-othman-jarandi-lex-ministre-affaires-etrangeres\/184311\/#primaryimage","url":"https:\/\/www.webdo.tn\/fr\/wp-content\/uploads\/2014\/09\/Conf.jpg","contentUrl":"https:\/\/www.webdo.tn\/fr\/wp-content\/uploads\/2014\/09\/Conf.jpg","width":486,"height":317,"caption":"\"Daech et Isra\u00ebl sont la m\u00eame chose\" selon Othman Jarandi, l'ex-ministre des Affaires \u00e9trang\u00e8res"},{"@type":"BreadcrumbList","@id":"https:\/\/www.webdo.tn\/fr\/actualite\/international\/daech-israel-meme-chose-selon-othman-jarandi-lex-ministre-affaires-etrangeres\/184311\/#breadcrumb","itemListElement":[{"@type":"ListItem","position":1,"name":"Accueil","item":"https:\/\/www.webdo.tn\/fr\/"},{"@type":"ListItem","position":2,"name":"\u00ab\u00a0Daech et Isra\u00ebl sont la m\u00eame chose\u00a0\u00bb selon Othman Jarandi, l&rsquo;ex-ministre des Affaires \u00e9trang\u00e8res"}]},{"@type":"WebSite","@id":"https:\/\/www.webdo.tn\/fr\/#website","url":"https:\/\/www.webdo.tn\/fr\/","name":"webdo","description":"Tunisie - News en Tunisie et \u00e0 l&#039;international sur Webdo.tn","publisher":{"@id":"https:\/\/www.webdo.tn\/fr\/#organization"},"potentialAction":[{"@type":"SearchAction","target":{"@type":"EntryPoint","urlTemplate":"https:\/\/www.webdo.tn\/fr\/?s={search_term_string}"},"query-input":{"@type":"PropertyValueSpecification","valueRequired":true,"valueName":"search_term_string"}}],"inLanguage":"fr-FR"},{"@type":"Organization","@id":"https:\/\/www.webdo.tn\/fr\/#organization","name":"Webdo","alternateName":"Webdo.tn","url":"https:\/\/www.webdo.tn\/fr\/","logo":{"@type":"ImageObject","inLanguage":"fr-FR","@id":"https:\/\/www.webdo.tn\/fr\/#\/schema\/logo\/image\/","url":"https:\/\/www.webdo.tn\/fr\/wp-content\/uploads\/2025\/06\/Webdo-Tunisie_168377.jpg","contentUrl":"https:\/\/www.webdo.tn\/fr\/wp-content\/uploads\/2025\/06\/Webdo-Tunisie_168377.jpg","width":301,"height":301,"caption":"Webdo"},"image":{"@id":"https:\/\/www.webdo.tn\/fr\/#\/schema\/logo\/image\/"},"sameAs":["https:\/\/www.facebook.com\/webdotn","https:\/\/x.com\/webdo_tn"],"description":"Webdo est un m\u00e9dia num\u00e9rique tunisien fond\u00e9 en 2010, sp\u00e9cialis\u00e9 dans l\u2019actualit\u00e9 nationale et internationale, l\u2019\u00e9conomie, la soci\u00e9t\u00e9 et les analyses politiques. Le site s\u2019adresse \u00e0 un large public francophone et couvre l\u2019information tunisienne en temps r\u00e9el.","email":"redac@webdo.tn","legalName":"YNJ SARL","foundingDate":"2010-09-06","numberOfEmployees":{"@type":"QuantitativeValue","minValue":"11","maxValue":"50"}},{"@type":"Person","@id":"https:\/\/www.webdo.tn\/fr\/#\/schema\/person\/9a9c6118d687c117df8ef3cc36a4d175","name":"webdo.tn","image":{"@type":"ImageObject","inLanguage":"fr-FR","@id":"https:\/\/secure.gravatar.com\/avatar\/7ce1f28c0c3bbac99ff550b85ef8e44a6950c6ee24514fb6a5489e51d06f0298?s=96&d=mm&r=g","url":"https:\/\/secure.gravatar.com\/avatar\/7ce1f28c0c3bbac99ff550b85ef8e44a6950c6ee24514fb6a5489e51d06f0298?s=96&d=mm&r=g","contentUrl":"https:\/\/secure.gravatar.com\/avatar\/7ce1f28c0c3bbac99ff550b85ef8e44a6950c6ee24514fb6a5489e51d06f0298?s=96&d=mm&r=g","caption":"webdo.tn"},"url":"https:\/\/www.webdo.tn\/fr\/actualite\/author\/webdotn\/"}]}},"_links":{"self":[{"href":"https:\/\/www.webdo.tn\/fr\/wp-json\/wp\/v2\/posts\/184311","targetHints":{"allow":["GET"]}}],"collection":[{"href":"https:\/\/www.webdo.tn\/fr\/wp-json\/wp\/v2\/posts"}],"about":[{"href":"https:\/\/www.webdo.tn\/fr\/wp-json\/wp\/v2\/types\/post"}],"author":[{"embeddable":true,"href":"https:\/\/www.webdo.tn\/fr\/wp-json\/wp\/v2\/users\/3222"}],"replies":[{"embeddable":true,"href":"https:\/\/www.webdo.tn\/fr\/wp-json\/wp\/v2\/comments?post=184311"}],"version-history":[{"count":0,"href":"https:\/\/www.webdo.tn\/fr\/wp-json\/wp\/v2\/posts\/184311\/revisions"}],"wp:featuredmedia":[{"embeddable":true,"href":"https:\/\/www.webdo.tn\/fr\/wp-json\/wp\/v2\/media\/335056"}],"wp:attachment":[{"href":"https:\/\/www.webdo.tn\/fr\/wp-json\/wp\/v2\/media?parent=184311"}],"wp:term":[{"taxonomy":"category","embeddable":true,"href":"https:\/\/www.webdo.tn\/fr\/wp-json\/wp\/v2\/categories?post=184311"},{"taxonomy":"post_tag","embeddable":true,"href":"https:\/\/www.webdo.tn\/fr\/wp-json\/wp\/v2\/tags?post=184311"}],"curies":[{"name":"wp","href":"https:\/\/api.w.org\/{rel}","templated":true}]}}