{"id":184310,"date":"2014-10-01T14:09:00","date_gmt":"2014-10-01T14:09:00","guid":{"rendered":"https:\/\/www.webdo.tn\/fr\/blog\/tunis-leader-hamas-oussama-hamdane-appelle-ladhesion-cour-penale-internationale-en-signant-statut-rome\/168224\/"},"modified":"2025-05-22T13:22:05","modified_gmt":"2025-05-22T13:22:05","slug":"tunis-leader-hamas-oussama-hamdane-appelle-ladhesion-cour-penale-internationale-en-signant-statut-rome","status":"publish","type":"post","link":"https:\/\/www.webdo.tn\/fr\/actualite\/international\/tunis-leader-hamas-oussama-hamdane-appelle-ladhesion-cour-penale-internationale-en-signant-statut-rome\/184310\/","title":{"rendered":"De Tunis : Le leader du Hamas, Oussama Hamdane appelle \u00e0 l&rsquo;adh\u00e9sion \u00e0 la Cour p\u00e9nale internationale en signant le Statut de Rome"},"content":{"rendered":"<p>Oussama Hamdane, responsable du Hamas charg\u00e9 des\u00a0Affaires \u00e9trang\u00e8res, a \u00e9t\u00e9 l&rsquo;invit\u00e9 de la \u00ab Conf\u00e9rence internationale sur le suivi de la situation politique et juridique palestinienne, \u00e0 la lumi\u00e8re de l\u2019agression isra\u00e9lienne \u00bb, tenue ce mardi 30 septembre \u00e0 Gammarth, en Tunisie, et organis\u00e9e par le Centre d\u2019Etudes Strat\u00e9giques sur le Maghreb sous le patronage du pr\u00e9sident de la R\u00e9publique Moncef Marzouki.<\/p>\n<p>Devant 200 politiciens, avocats et experts en relations internationales et en droits de l\u2019Homme, venus du monde entier, Oussama Hamdane a pr\u00e9sent\u00e9 sa vision en quatre points pour lutter contre la colonisation isra\u00e9lienne, en renfor\u00e7ant la r\u00e9conciliation entre Fatah et Hamas, en cr\u00e9ant de nouvelles formes de r\u00e9sistance, juridique, urbanistique et institutionnelle.<br \/>\n\u00a0 \u00a0 \u00a0 \u00a0 \u00a0 \u00a01. La r\u00e9conciliation entre Fatah et Hamas<br \/>\nOssama Hamdane a mis l&rsquo;accent sur un renforcement de la r\u00e9conciliation palestinienne \u00ab\u00a0pour qu&rsquo;elle devienne une r\u00e9alit\u00e9\u00a0\u00bb. \u00ab\u00a0Il faut d\u00e9passer ce terme de r\u00e9conciliation et parler d&rsquo;un seul peuple, d&rsquo;un seul chef et d&rsquo;une seule administration. Car le terme r\u00e9conciliation d\u00e9note qu&rsquo;il y a encore des probl\u00e9matiques en suspend. Nous avons fait un grand pas vers cette r\u00e9conciliation et d\u00e9pass\u00e9 beaucoup d&rsquo;accrocs. Les 51 jours d&rsquo;agressions sionistes ont \u00e9t\u00e9 un v\u00e9ritable examen pour cette r\u00e9conciliation,\u00a0\u00bb a-t-il d\u00e9clar\u00e9.<\/p>\n<p>D&rsquo;apr\u00e8s le leader du Hamas, la division entre Hamas et Fatah est \u00a0\u00bb le but de l&rsquo;ennemi\u00a0\u00bb pour \u00a0faire \u00e9chouer la\u00a0r\u00e9conciliation et diviser les Palestiniens. \u00ab\u00a0Nous avons r\u00e9ussi \u00e0 d\u00e9passer cela et nous avons fait marche arri\u00e8re sur certaines choses pour l&rsquo;int\u00e9r\u00eat de la Palestine qui reste prioritaire face aux int\u00e9r\u00eats partisans\u00a0\u00bb, a-t-il d\u00e9clar\u00e9.<br \/>\nLe\u00a025 septembre dernier, \u00a0des repr\u00e9sentants des deux camps\u00a0politiques\u00a0ont annonc\u00e9\u00a0un consensus, lors de leur rencontre au Caire, en Egypte.<br \/>\n\u00ab\u00a0Fatah et Hamas sont parvenus \u00e0 un accord complet pour un retour du gouvernement d&rsquo;union dans la bande de Gaza\u00a0\u00bb,\u00a0a indiqu\u00e9 un membre de la d\u00e9l\u00e9gation du Fatah au\u00a0Caire, Jibril Rajoub \u00e0 AFP. L&rsquo;information a \u00e9t\u00e9 confirm\u00e9e par Azzam Al-Ahmad, le chef de la d\u00e9l\u00e9gation du Fatah, et par Moussa Abou Marzouk, un haut responsable du Hamas<\/p>\n<p>\u00a0 \u00a0 \u00a0 \u00a0 \u00a0 \u00a0 \u00a02. Poursuivre la r\u00e9sistance sous d&rsquo;autres formes<br \/>\nMalgr\u00e9 les 2 131 palestiniens tu\u00e9s, dont 1473 civils (501 enfants et 257 femmes), avec l&rsquo;acceptation de la deuxi\u00e8me initiative \u00e9gyptienne, M. Hamdane, qui vit au Liban, a fait l&rsquo;\u00e9loge d&rsquo;une \u00ab\u00a0r\u00e9ussite\u00a0\u00bb : \u00ab\u00a0Ce qui est arriv\u00e9 \u00e0 Gaza, comme r\u00e9alisation, o\u00f9 il y a eu des efforts communs entre les r\u00e9sistants sur terrain d&rsquo;une mani\u00e8re magnifique, avec ce peuple qui a embrass\u00e9 cette r\u00e9sistance, cette coh\u00e9sion palestinienne politique, ceci n&rsquo;a pas mis fin au conflit, ceci est un \u00ab\u00a0round\u00a0\u00bb que nous avons r\u00e9ussi, peut-\u00eatre n&rsquo;avons-nous pas eu une r\u00e9ussite esp\u00e9r\u00e9e pour en profiter politiquement, nous avons r\u00e9alis\u00e9 une grande r\u00e9ussite sur les plans militaire et national.\u00a0\u00bb<\/p>\n<p>Pour lui, il est essentiel de \u00ab\u00a0ne pas se restreindre \u00e0 la r\u00e9sistance arm\u00e9e mais passer aussi \u00e0 la r\u00e9sistance populaire qui doit se poursuivre sous d&rsquo;autres formes, comme revenir \u00e0 la question des r\u00e9fugi\u00e9s palestiniens, en dehors de la Palestine et dans la diaspora, et l&rsquo;appuyer pour que \u00e7a soit un point de pression sur l&rsquo;entit\u00e9 sioniste qui essaye de la d\u00e9passer avec des proc\u00e9dures, comme ce qu&rsquo;on voit comme \u00e9migration que nous estimons organis\u00e9e.\u00a0\u00bb<\/p>\n<p>L&rsquo;autre point concerne la reconstruction de ce que l&rsquo;occupation d\u00e9truit, \u00ab\u00a0aux niveaux g\u00e9n\u00e9ral et priv\u00e9,\u00a0\u00bb que ce soit des institutions nationales ou priv\u00e9es car \u00ab\u00a0notre r\u00e9sistance est une volont\u00e9 de vie\u00a0\u00bb, affirme M. Hamdane : \u00ab\u00a0Nous refusons la mort et et la capitulation face \u00e0 l&rsquo;occupation, en mettant ces principes en application. ., poursuivre la construction en Palestine\u00a0\u00bb.<br \/>\n\u00a0 \u00a0 \u00a0 \u00a0 \u00a0 \u00a0 \u00a0 \u00a0 3. La bataille juridique contre Isra\u00ebl<br \/>\nS&rsquo;adressant \u00e0 son auditoire, M. Hamdane a d\u00e9clar\u00e9 qu&rsquo; \u00a0\u00bb il faut \u00eatre cr\u00e9atif avec de nouveaux modes de r\u00e9sistance et cela concerne la question juridique\u00a0\u00bb. \u00a0\u00bb L&rsquo;occupation tente de se cacher derri\u00e8re des lois contrefaites. Notre vraie chance est de confronter Isra\u00ebl avec ces outils juridiques et de le poursuivre. Et nous constatons qu&rsquo;Isra\u00ebl est tr\u00e8s inquiet de cela\u00a0\u00bb, a-t-il poursuivi.<\/p>\n<p>Le responsable du Hamas a affirm\u00e9 qu&rsquo; \u00ab\u00a0il faut adh\u00e9rer \u00e0 la Cour p\u00e9nale internationale en signant l&rsquo;accord (Statut de Rome) et entrer dans une confrontation juridique avec l&rsquo;occupation, afin de poursuivre ses leaders politiques et militaires pour comparaitre en tant que criminels de guerre devant les tribunaux internationaux, chose tr\u00e8s importante.\u00a0\u00bb<\/p>\n<p>M. Hamdane a rappel\u00e9 que la priorit\u00e9 apr\u00e8s la tr\u00eave du 26 ao\u00fbt dernier, c&rsquo;est de revenir \u00e0 une vision approfondie de la cause palestinienne, \u00ab\u00a0comme cause nationale, d&rsquo;un point de vue arabe, islamique et humaniste\u00a0\u00bb.<br \/>\n\u00ab\u00a0Il n&rsquo;y a pas de doute que lors des ann\u00e9es pr\u00e9c\u00e9dentes, dans le cadre des Accords d&rsquo;Oslo [&#8230;], que l&rsquo;occupation continue et que les colonies, la spoliation des terres palestiniennes, la judaisation d&rsquo;Al Qods occup\u00e9, la spoliation des \u00ab\u00a0choses sacr\u00e9es\u00a0\u00bb continuent.\u00a0\u00bb<br \/>\nIl a \u00e9galement mis l&rsquo;accent sur le soutien de l&rsquo;Europe qui \u00a0\u00ab\u00a0s&rsquo;est enflamm\u00e9e par des manifestations et des boycotts, contre l&rsquo;entit\u00e9 sioniste\u00a0\u00bb : \u00ab\u00a0Nous remarquons le r\u00f4le essentiel, humaniste, du soutien de la cause palestinienne, le soutien dans l&rsquo;environnement arabo-musulman condamnant l&rsquo;occupation, qui a influenc\u00e9 non seulement l&rsquo;entit\u00e9 sioniste mais aussi ses alli\u00e9s.\u00a0\u00bb<br \/>\n\u00a0 \u00a0 \u00a0 \u00a0 \u00a0 4. Reconstruire les institutions nationales<br \/>\n\u00ab\u00a0Il faut reconstruire les institutions nationales palestiniennes\u00a0\u00bb, souligne M. Hamdane, pr\u00e9cisant que c&rsquo;\u00e9tait l&rsquo;un des points cruciaux des rencontres avec le Fatah. \u00ab\u00a0Un challenge national r\u00e9el\u00a0\u00bb, pour un Etat qui n&rsquo;est toujours pas ind\u00e9pendant, souligne le leader de Hamas. \u00ab\u00a0Il est facile de dire : &lsquo;nous r\u00e9alisons les \u00e9lections pour que \u00e7a finisse&rsquo;&#8230;\u00a0\u00bb. Il a \u00e9galement rappel\u00e9 que la moiti\u00e9 de la population palestinienne vit \u00e0 l&rsquo;ext\u00e9rieur de la Palestine, depuis 1948.<\/p>\n<p>\u00a0<\/p>\n<p>\/\/ <\/p>\n<p>Post by Lilia Lilia Liliopatra.<\/p>\n","protected":false},"excerpt":{"rendered":"<p>De Tunis : Le leader du Hamas, Oussama Hamdane appelle \u00e0 l&rsquo;adh\u00e9sion \u00e0 la Cour p\u00e9nale internationale en signant le Statut de Rome<\/p>\n","protected":false},"author":3222,"featured_media":320212,"comment_status":"open","ping_status":"closed","sticky":false,"template":"","format":"standard","meta":{"footnotes":""},"categories":[2598],"tags":[],"class_list":["post-184310","post","type-post","status-publish","format-standard","has-post-thumbnail","hentry","category-international"],"yoast_head":"<!-- This site is optimized with the Yoast SEO Premium plugin v27.5 (Yoast SEO v27.5) - https:\/\/yoast.com\/product\/yoast-seo-premium-wordpress\/ -->\n<title>De Tunis : Le leader du Hamas, Oussama Hamdane appelle \u00e0 l&#039;adh\u00e9sion \u00e0 la Cour p\u00e9nale internationale en signant le Statut de Rome<\/title>\n<meta name=\"description\" content=\"De Tunis : Le leader du Hamas, Oussama Hamdane appelle \u00e0 l&#039;adh\u00e9sion \u00e0 la Cour p\u00e9nale internationale en signant le Statut de Rome\" \/>\n<link rel=\"canonical\" href=\"https:\/\/www.webdo.tn\/fr\/actualite\/international\/tunis-leader-hamas-oussama-hamdane-appelle-ladhesion-cour-penale-internationale-en-signant-statut-rome\/184310\/\" \/>\n<meta property=\"og:locale\" content=\"fr_FR\" \/>\n<meta property=\"og:type\" content=\"article\" \/>\n<meta property=\"og:title\" content=\"De Tunis : Le leader du Hamas, Oussama Hamdane appelle \u00e0 l&#039;adh\u00e9sion \u00e0 la Cour p\u00e9nale internationale en signant le Statut de Rome\" \/>\n<meta property=\"og:description\" content=\"De Tunis : Le leader du Hamas, Oussama Hamdane appelle \u00e0 l&#039;adh\u00e9sion \u00e0 la Cour p\u00e9nale internationale en signant le Statut de Rome\" \/>\n<meta property=\"og:url\" content=\"https:\/\/www.webdo.tn\/fr\/actualite\/international\/tunis-leader-hamas-oussama-hamdane-appelle-ladhesion-cour-penale-internationale-en-signant-statut-rome\/184310\/\" \/>\n<meta property=\"og:site_name\" content=\"webdo\" \/>\n<meta property=\"article:publisher\" content=\"https:\/\/www.facebook.com\/webdotn\" \/>\n<meta property=\"article:published_time\" content=\"2014-10-01T14:09:00+00:00\" \/>\n<meta property=\"article:modified_time\" content=\"2025-05-22T13:22:05+00:00\" \/>\n<meta property=\"og:image\" content=\"https:\/\/www.webdo.tn\/fr\/wp-content\/uploads\/2014\/10\/Oussama-Hamdane1.jpg\" \/>\n\t<meta property=\"og:image:width\" content=\"390\" \/>\n\t<meta property=\"og:image:height\" content=\"310\" \/>\n\t<meta property=\"og:image:type\" content=\"image\/jpeg\" \/>\n<meta name=\"author\" content=\"webdo.tn\" \/>\n<meta name=\"twitter:card\" content=\"summary_large_image\" \/>\n<meta name=\"twitter:creator\" content=\"@webdo_tn\" \/>\n<meta name=\"twitter:site\" content=\"@webdo_tn\" \/>\n<meta name=\"twitter:label1\" content=\"\u00c9crit par\" \/>\n\t<meta name=\"twitter:data1\" content=\"webdo.tn\" \/>\n\t<meta name=\"twitter:label2\" content=\"Dur\u00e9e de lecture estim\u00e9e\" \/>\n\t<meta name=\"twitter:data2\" content=\"5 minutes\" \/>\n<script type=\"application\/ld+json\" class=\"yoast-schema-graph\">{\"@context\":\"https:\\\/\\\/schema.org\",\"@graph\":[{\"@type\":\"NewsArticle\",\"@id\":\"https:\\\/\\\/www.webdo.tn\\\/fr\\\/actualite\\\/international\\\/tunis-leader-hamas-oussama-hamdane-appelle-ladhesion-cour-penale-internationale-en-signant-statut-rome\\\/184310\\\/#article\",\"isPartOf\":{\"@id\":\"https:\\\/\\\/www.webdo.tn\\\/fr\\\/actualite\\\/international\\\/tunis-leader-hamas-oussama-hamdane-appelle-ladhesion-cour-penale-internationale-en-signant-statut-rome\\\/184310\\\/\"},\"author\":{\"name\":\"webdo.tn\",\"@id\":\"https:\\\/\\\/www.webdo.tn\\\/fr\\\/#\\\/schema\\\/person\\\/9a9c6118d687c117df8ef3cc36a4d175\"},\"headline\":\"De Tunis : Le leader du Hamas, Oussama Hamdane appelle \u00e0 l&rsquo;adh\u00e9sion \u00e0 la Cour p\u00e9nale internationale en signant le Statut de Rome\",\"datePublished\":\"2014-10-01T14:09:00+00:00\",\"dateModified\":\"2025-05-22T13:22:05+00:00\",\"mainEntityOfPage\":{\"@id\":\"https:\\\/\\\/www.webdo.tn\\\/fr\\\/actualite\\\/international\\\/tunis-leader-hamas-oussama-hamdane-appelle-ladhesion-cour-penale-internationale-en-signant-statut-rome\\\/184310\\\/\"},\"wordCount\":1049,\"commentCount\":0,\"publisher\":{\"@id\":\"https:\\\/\\\/www.webdo.tn\\\/fr\\\/#organization\"},\"image\":{\"@id\":\"https:\\\/\\\/www.webdo.tn\\\/fr\\\/actualite\\\/international\\\/tunis-leader-hamas-oussama-hamdane-appelle-ladhesion-cour-penale-internationale-en-signant-statut-rome\\\/184310\\\/#primaryimage\"},\"thumbnailUrl\":\"https:\\\/\\\/www.webdo.tn\\\/fr\\\/wp-content\\\/uploads\\\/2014\\\/10\\\/Oussama-Hamdane1.jpg\",\"articleSection\":[\"International\"],\"inLanguage\":\"fr-FR\"},{\"@type\":\"WebPage\",\"@id\":\"https:\\\/\\\/www.webdo.tn\\\/fr\\\/actualite\\\/international\\\/tunis-leader-hamas-oussama-hamdane-appelle-ladhesion-cour-penale-internationale-en-signant-statut-rome\\\/184310\\\/\",\"url\":\"https:\\\/\\\/www.webdo.tn\\\/fr\\\/actualite\\\/international\\\/tunis-leader-hamas-oussama-hamdane-appelle-ladhesion-cour-penale-internationale-en-signant-statut-rome\\\/184310\\\/\",\"name\":\"De Tunis : Le leader du Hamas, Oussama Hamdane appelle \u00e0 l'adh\u00e9sion \u00e0 la Cour p\u00e9nale internationale en signant le Statut de Rome\",\"isPartOf\":{\"@id\":\"https:\\\/\\\/www.webdo.tn\\\/fr\\\/#website\"},\"primaryImageOfPage\":{\"@id\":\"https:\\\/\\\/www.webdo.tn\\\/fr\\\/actualite\\\/international\\\/tunis-leader-hamas-oussama-hamdane-appelle-ladhesion-cour-penale-internationale-en-signant-statut-rome\\\/184310\\\/#primaryimage\"},\"image\":{\"@id\":\"https:\\\/\\\/www.webdo.tn\\\/fr\\\/actualite\\\/international\\\/tunis-leader-hamas-oussama-hamdane-appelle-ladhesion-cour-penale-internationale-en-signant-statut-rome\\\/184310\\\/#primaryimage\"},\"thumbnailUrl\":\"https:\\\/\\\/www.webdo.tn\\\/fr\\\/wp-content\\\/uploads\\\/2014\\\/10\\\/Oussama-Hamdane1.jpg\",\"datePublished\":\"2014-10-01T14:09:00+00:00\",\"dateModified\":\"2025-05-22T13:22:05+00:00\",\"description\":\"De Tunis : Le leader du Hamas, Oussama Hamdane appelle \u00e0 l'adh\u00e9sion \u00e0 la Cour p\u00e9nale internationale en signant le Statut de Rome\",\"breadcrumb\":{\"@id\":\"https:\\\/\\\/www.webdo.tn\\\/fr\\\/actualite\\\/international\\\/tunis-leader-hamas-oussama-hamdane-appelle-ladhesion-cour-penale-internationale-en-signant-statut-rome\\\/184310\\\/#breadcrumb\"},\"inLanguage\":\"fr-FR\",\"potentialAction\":[{\"@type\":\"ReadAction\",\"target\":[\"https:\\\/\\\/www.webdo.tn\\\/fr\\\/actualite\\\/international\\\/tunis-leader-hamas-oussama-hamdane-appelle-ladhesion-cour-penale-internationale-en-signant-statut-rome\\\/184310\\\/\"]}]},{\"@type\":\"ImageObject\",\"inLanguage\":\"fr-FR\",\"@id\":\"https:\\\/\\\/www.webdo.tn\\\/fr\\\/actualite\\\/international\\\/tunis-leader-hamas-oussama-hamdane-appelle-ladhesion-cour-penale-internationale-en-signant-statut-rome\\\/184310\\\/#primaryimage\",\"url\":\"https:\\\/\\\/www.webdo.tn\\\/fr\\\/wp-content\\\/uploads\\\/2014\\\/10\\\/Oussama-Hamdane1.jpg\",\"contentUrl\":\"https:\\\/\\\/www.webdo.tn\\\/fr\\\/wp-content\\\/uploads\\\/2014\\\/10\\\/Oussama-Hamdane1.jpg\",\"width\":390,\"height\":310,\"caption\":\"De Tunis : Le leader du Hamas, Oussama Hamdane appelle \u00e0 l'adh\u00e9sion \u00e0 la Cour p\u00e9nale internationale en signant le Statut de Rome\"},{\"@type\":\"BreadcrumbList\",\"@id\":\"https:\\\/\\\/www.webdo.tn\\\/fr\\\/actualite\\\/international\\\/tunis-leader-hamas-oussama-hamdane-appelle-ladhesion-cour-penale-internationale-en-signant-statut-rome\\\/184310\\\/#breadcrumb\",\"itemListElement\":[{\"@type\":\"ListItem\",\"position\":1,\"name\":\"Accueil\",\"item\":\"https:\\\/\\\/www.webdo.tn\\\/fr\\\/\"},{\"@type\":\"ListItem\",\"position\":2,\"name\":\"De Tunis : Le leader du Hamas, Oussama Hamdane appelle \u00e0 l&rsquo;adh\u00e9sion \u00e0 la Cour p\u00e9nale internationale en signant le Statut de Rome\"}]},{\"@type\":\"WebSite\",\"@id\":\"https:\\\/\\\/www.webdo.tn\\\/fr\\\/#website\",\"url\":\"https:\\\/\\\/www.webdo.tn\\\/fr\\\/\",\"name\":\"webdo\",\"description\":\"Tunisie - News en Tunisie et \u00e0 l&#039;international sur Webdo.tn\",\"publisher\":{\"@id\":\"https:\\\/\\\/www.webdo.tn\\\/fr\\\/#organization\"},\"potentialAction\":[{\"@type\":\"SearchAction\",\"target\":{\"@type\":\"EntryPoint\",\"urlTemplate\":\"https:\\\/\\\/www.webdo.tn\\\/fr\\\/?s={search_term_string}\"},\"query-input\":{\"@type\":\"PropertyValueSpecification\",\"valueRequired\":true,\"valueName\":\"search_term_string\"}}],\"inLanguage\":\"fr-FR\"},{\"@type\":\"Organization\",\"@id\":\"https:\\\/\\\/www.webdo.tn\\\/fr\\\/#organization\",\"name\":\"Webdo\",\"alternateName\":\"Webdo.tn\",\"url\":\"https:\\\/\\\/www.webdo.tn\\\/fr\\\/\",\"logo\":{\"@type\":\"ImageObject\",\"inLanguage\":\"fr-FR\",\"@id\":\"https:\\\/\\\/www.webdo.tn\\\/fr\\\/#\\\/schema\\\/logo\\\/image\\\/\",\"url\":\"https:\\\/\\\/www.webdo.tn\\\/fr\\\/wp-content\\\/uploads\\\/2025\\\/06\\\/Webdo-Tunisie_168377.jpg\",\"contentUrl\":\"https:\\\/\\\/www.webdo.tn\\\/fr\\\/wp-content\\\/uploads\\\/2025\\\/06\\\/Webdo-Tunisie_168377.jpg\",\"width\":301,\"height\":301,\"caption\":\"Webdo\"},\"image\":{\"@id\":\"https:\\\/\\\/www.webdo.tn\\\/fr\\\/#\\\/schema\\\/logo\\\/image\\\/\"},\"sameAs\":[\"https:\\\/\\\/www.facebook.com\\\/webdotn\",\"https:\\\/\\\/x.com\\\/webdo_tn\"],\"description\":\"Webdo est un m\u00e9dia num\u00e9rique tunisien fond\u00e9 en 2010, sp\u00e9cialis\u00e9 dans l\u2019actualit\u00e9 nationale et internationale, l\u2019\u00e9conomie, la soci\u00e9t\u00e9 et les analyses politiques. Le site s\u2019adresse \u00e0 un large public francophone et couvre l\u2019information tunisienne en temps r\u00e9el.\",\"email\":\"redac@webdo.tn\",\"legalName\":\"YNJ SARL\",\"foundingDate\":\"2010-09-06\",\"numberOfEmployees\":{\"@type\":\"QuantitativeValue\",\"minValue\":\"11\",\"maxValue\":\"50\"}},{\"@type\":\"Person\",\"@id\":\"https:\\\/\\\/www.webdo.tn\\\/fr\\\/#\\\/schema\\\/person\\\/9a9c6118d687c117df8ef3cc36a4d175\",\"name\":\"webdo.tn\",\"image\":{\"@type\":\"ImageObject\",\"inLanguage\":\"fr-FR\",\"@id\":\"https:\\\/\\\/secure.gravatar.com\\\/avatar\\\/7ce1f28c0c3bbac99ff550b85ef8e44a6950c6ee24514fb6a5489e51d06f0298?s=96&d=mm&r=g\",\"url\":\"https:\\\/\\\/secure.gravatar.com\\\/avatar\\\/7ce1f28c0c3bbac99ff550b85ef8e44a6950c6ee24514fb6a5489e51d06f0298?s=96&d=mm&r=g\",\"contentUrl\":\"https:\\\/\\\/secure.gravatar.com\\\/avatar\\\/7ce1f28c0c3bbac99ff550b85ef8e44a6950c6ee24514fb6a5489e51d06f0298?s=96&d=mm&r=g\",\"caption\":\"webdo.tn\"},\"url\":\"https:\\\/\\\/www.webdo.tn\\\/fr\\\/actualite\\\/author\\\/webdotn\\\/\"}]}<\/script>\n<!-- \/ Yoast SEO Premium plugin. -->","yoast_head_json":{"title":"De Tunis : Le leader du Hamas, Oussama Hamdane appelle \u00e0 l'adh\u00e9sion \u00e0 la Cour p\u00e9nale internationale en signant le Statut de Rome","description":"De Tunis : Le leader du Hamas, Oussama Hamdane appelle \u00e0 l'adh\u00e9sion \u00e0 la Cour p\u00e9nale internationale en signant le Statut de Rome","canonical":"https:\/\/www.webdo.tn\/fr\/actualite\/international\/tunis-leader-hamas-oussama-hamdane-appelle-ladhesion-cour-penale-internationale-en-signant-statut-rome\/184310\/","og_locale":"fr_FR","og_type":"article","og_title":"De Tunis : Le leader du Hamas, Oussama Hamdane appelle \u00e0 l'adh\u00e9sion \u00e0 la Cour p\u00e9nale internationale en signant le Statut de Rome","og_description":"De Tunis : Le leader du Hamas, Oussama Hamdane appelle \u00e0 l'adh\u00e9sion \u00e0 la Cour p\u00e9nale internationale en signant le Statut de Rome","og_url":"https:\/\/www.webdo.tn\/fr\/actualite\/international\/tunis-leader-hamas-oussama-hamdane-appelle-ladhesion-cour-penale-internationale-en-signant-statut-rome\/184310\/","og_site_name":"webdo","article_publisher":"https:\/\/www.facebook.com\/webdotn","article_published_time":"2014-10-01T14:09:00+00:00","article_modified_time":"2025-05-22T13:22:05+00:00","og_image":[{"width":390,"height":310,"url":"https:\/\/www.webdo.tn\/fr\/wp-content\/uploads\/2014\/10\/Oussama-Hamdane1.jpg","type":"image\/jpeg"}],"author":"webdo.tn","twitter_card":"summary_large_image","twitter_creator":"@webdo_tn","twitter_site":"@webdo_tn","twitter_misc":{"\u00c9crit par":"webdo.tn","Dur\u00e9e de lecture estim\u00e9e":"5 minutes"},"schema":{"@context":"https:\/\/schema.org","@graph":[{"@type":"NewsArticle","@id":"https:\/\/www.webdo.tn\/fr\/actualite\/international\/tunis-leader-hamas-oussama-hamdane-appelle-ladhesion-cour-penale-internationale-en-signant-statut-rome\/184310\/#article","isPartOf":{"@id":"https:\/\/www.webdo.tn\/fr\/actualite\/international\/tunis-leader-hamas-oussama-hamdane-appelle-ladhesion-cour-penale-internationale-en-signant-statut-rome\/184310\/"},"author":{"name":"webdo.tn","@id":"https:\/\/www.webdo.tn\/fr\/#\/schema\/person\/9a9c6118d687c117df8ef3cc36a4d175"},"headline":"De Tunis : Le leader du Hamas, Oussama Hamdane appelle \u00e0 l&rsquo;adh\u00e9sion \u00e0 la Cour p\u00e9nale internationale en signant le Statut de Rome","datePublished":"2014-10-01T14:09:00+00:00","dateModified":"2025-05-22T13:22:05+00:00","mainEntityOfPage":{"@id":"https:\/\/www.webdo.tn\/fr\/actualite\/international\/tunis-leader-hamas-oussama-hamdane-appelle-ladhesion-cour-penale-internationale-en-signant-statut-rome\/184310\/"},"wordCount":1049,"commentCount":0,"publisher":{"@id":"https:\/\/www.webdo.tn\/fr\/#organization"},"image":{"@id":"https:\/\/www.webdo.tn\/fr\/actualite\/international\/tunis-leader-hamas-oussama-hamdane-appelle-ladhesion-cour-penale-internationale-en-signant-statut-rome\/184310\/#primaryimage"},"thumbnailUrl":"https:\/\/www.webdo.tn\/fr\/wp-content\/uploads\/2014\/10\/Oussama-Hamdane1.jpg","articleSection":["International"],"inLanguage":"fr-FR"},{"@type":"WebPage","@id":"https:\/\/www.webdo.tn\/fr\/actualite\/international\/tunis-leader-hamas-oussama-hamdane-appelle-ladhesion-cour-penale-internationale-en-signant-statut-rome\/184310\/","url":"https:\/\/www.webdo.tn\/fr\/actualite\/international\/tunis-leader-hamas-oussama-hamdane-appelle-ladhesion-cour-penale-internationale-en-signant-statut-rome\/184310\/","name":"De Tunis : Le leader du Hamas, Oussama Hamdane appelle \u00e0 l'adh\u00e9sion \u00e0 la Cour p\u00e9nale internationale en signant le Statut de Rome","isPartOf":{"@id":"https:\/\/www.webdo.tn\/fr\/#website"},"primaryImageOfPage":{"@id":"https:\/\/www.webdo.tn\/fr\/actualite\/international\/tunis-leader-hamas-oussama-hamdane-appelle-ladhesion-cour-penale-internationale-en-signant-statut-rome\/184310\/#primaryimage"},"image":{"@id":"https:\/\/www.webdo.tn\/fr\/actualite\/international\/tunis-leader-hamas-oussama-hamdane-appelle-ladhesion-cour-penale-internationale-en-signant-statut-rome\/184310\/#primaryimage"},"thumbnailUrl":"https:\/\/www.webdo.tn\/fr\/wp-content\/uploads\/2014\/10\/Oussama-Hamdane1.jpg","datePublished":"2014-10-01T14:09:00+00:00","dateModified":"2025-05-22T13:22:05+00:00","description":"De Tunis : Le leader du Hamas, Oussama Hamdane appelle \u00e0 l'adh\u00e9sion \u00e0 la Cour p\u00e9nale internationale en signant le Statut de Rome","breadcrumb":{"@id":"https:\/\/www.webdo.tn\/fr\/actualite\/international\/tunis-leader-hamas-oussama-hamdane-appelle-ladhesion-cour-penale-internationale-en-signant-statut-rome\/184310\/#breadcrumb"},"inLanguage":"fr-FR","potentialAction":[{"@type":"ReadAction","target":["https:\/\/www.webdo.tn\/fr\/actualite\/international\/tunis-leader-hamas-oussama-hamdane-appelle-ladhesion-cour-penale-internationale-en-signant-statut-rome\/184310\/"]}]},{"@type":"ImageObject","inLanguage":"fr-FR","@id":"https:\/\/www.webdo.tn\/fr\/actualite\/international\/tunis-leader-hamas-oussama-hamdane-appelle-ladhesion-cour-penale-internationale-en-signant-statut-rome\/184310\/#primaryimage","url":"https:\/\/www.webdo.tn\/fr\/wp-content\/uploads\/2014\/10\/Oussama-Hamdane1.jpg","contentUrl":"https:\/\/www.webdo.tn\/fr\/wp-content\/uploads\/2014\/10\/Oussama-Hamdane1.jpg","width":390,"height":310,"caption":"De Tunis : Le leader du Hamas, Oussama Hamdane appelle \u00e0 l'adh\u00e9sion \u00e0 la Cour p\u00e9nale internationale en signant le Statut de Rome"},{"@type":"BreadcrumbList","@id":"https:\/\/www.webdo.tn\/fr\/actualite\/international\/tunis-leader-hamas-oussama-hamdane-appelle-ladhesion-cour-penale-internationale-en-signant-statut-rome\/184310\/#breadcrumb","itemListElement":[{"@type":"ListItem","position":1,"name":"Accueil","item":"https:\/\/www.webdo.tn\/fr\/"},{"@type":"ListItem","position":2,"name":"De Tunis : Le leader du Hamas, Oussama Hamdane appelle \u00e0 l&rsquo;adh\u00e9sion \u00e0 la Cour p\u00e9nale internationale en signant le Statut de Rome"}]},{"@type":"WebSite","@id":"https:\/\/www.webdo.tn\/fr\/#website","url":"https:\/\/www.webdo.tn\/fr\/","name":"webdo","description":"Tunisie - News en Tunisie et \u00e0 l&#039;international sur Webdo.tn","publisher":{"@id":"https:\/\/www.webdo.tn\/fr\/#organization"},"potentialAction":[{"@type":"SearchAction","target":{"@type":"EntryPoint","urlTemplate":"https:\/\/www.webdo.tn\/fr\/?s={search_term_string}"},"query-input":{"@type":"PropertyValueSpecification","valueRequired":true,"valueName":"search_term_string"}}],"inLanguage":"fr-FR"},{"@type":"Organization","@id":"https:\/\/www.webdo.tn\/fr\/#organization","name":"Webdo","alternateName":"Webdo.tn","url":"https:\/\/www.webdo.tn\/fr\/","logo":{"@type":"ImageObject","inLanguage":"fr-FR","@id":"https:\/\/www.webdo.tn\/fr\/#\/schema\/logo\/image\/","url":"https:\/\/www.webdo.tn\/fr\/wp-content\/uploads\/2025\/06\/Webdo-Tunisie_168377.jpg","contentUrl":"https:\/\/www.webdo.tn\/fr\/wp-content\/uploads\/2025\/06\/Webdo-Tunisie_168377.jpg","width":301,"height":301,"caption":"Webdo"},"image":{"@id":"https:\/\/www.webdo.tn\/fr\/#\/schema\/logo\/image\/"},"sameAs":["https:\/\/www.facebook.com\/webdotn","https:\/\/x.com\/webdo_tn"],"description":"Webdo est un m\u00e9dia num\u00e9rique tunisien fond\u00e9 en 2010, sp\u00e9cialis\u00e9 dans l\u2019actualit\u00e9 nationale et internationale, l\u2019\u00e9conomie, la soci\u00e9t\u00e9 et les analyses politiques. Le site s\u2019adresse \u00e0 un large public francophone et couvre l\u2019information tunisienne en temps r\u00e9el.","email":"redac@webdo.tn","legalName":"YNJ SARL","foundingDate":"2010-09-06","numberOfEmployees":{"@type":"QuantitativeValue","minValue":"11","maxValue":"50"}},{"@type":"Person","@id":"https:\/\/www.webdo.tn\/fr\/#\/schema\/person\/9a9c6118d687c117df8ef3cc36a4d175","name":"webdo.tn","image":{"@type":"ImageObject","inLanguage":"fr-FR","@id":"https:\/\/secure.gravatar.com\/avatar\/7ce1f28c0c3bbac99ff550b85ef8e44a6950c6ee24514fb6a5489e51d06f0298?s=96&d=mm&r=g","url":"https:\/\/secure.gravatar.com\/avatar\/7ce1f28c0c3bbac99ff550b85ef8e44a6950c6ee24514fb6a5489e51d06f0298?s=96&d=mm&r=g","contentUrl":"https:\/\/secure.gravatar.com\/avatar\/7ce1f28c0c3bbac99ff550b85ef8e44a6950c6ee24514fb6a5489e51d06f0298?s=96&d=mm&r=g","caption":"webdo.tn"},"url":"https:\/\/www.webdo.tn\/fr\/actualite\/author\/webdotn\/"}]}},"_links":{"self":[{"href":"https:\/\/www.webdo.tn\/fr\/wp-json\/wp\/v2\/posts\/184310","targetHints":{"allow":["GET"]}}],"collection":[{"href":"https:\/\/www.webdo.tn\/fr\/wp-json\/wp\/v2\/posts"}],"about":[{"href":"https:\/\/www.webdo.tn\/fr\/wp-json\/wp\/v2\/types\/post"}],"author":[{"embeddable":true,"href":"https:\/\/www.webdo.tn\/fr\/wp-json\/wp\/v2\/users\/3222"}],"replies":[{"embeddable":true,"href":"https:\/\/www.webdo.tn\/fr\/wp-json\/wp\/v2\/comments?post=184310"}],"version-history":[{"count":0,"href":"https:\/\/www.webdo.tn\/fr\/wp-json\/wp\/v2\/posts\/184310\/revisions"}],"wp:featuredmedia":[{"embeddable":true,"href":"https:\/\/www.webdo.tn\/fr\/wp-json\/wp\/v2\/media\/320212"}],"wp:attachment":[{"href":"https:\/\/www.webdo.tn\/fr\/wp-json\/wp\/v2\/media?parent=184310"}],"wp:term":[{"taxonomy":"category","embeddable":true,"href":"https:\/\/www.webdo.tn\/fr\/wp-json\/wp\/v2\/categories?post=184310"},{"taxonomy":"post_tag","embeddable":true,"href":"https:\/\/www.webdo.tn\/fr\/wp-json\/wp\/v2\/tags?post=184310"}],"curies":[{"name":"wp","href":"https:\/\/api.w.org\/{rel}","templated":true}]}}