{"id":184308,"date":"2014-10-02T20:16:00","date_gmt":"2014-10-02T18:16:00","guid":{"rendered":"https:\/\/www.webdo.tn\/fr\/actualite\/international\/elections-en-tunisie-lancement-officiel-mission-dobservation-electorale-lunion-europeenne\/184308"},"modified":"2014-10-02T20:16:00","modified_gmt":"2014-10-02T18:16:00","slug":"elections-en-tunisie-lancement-officiel-mission-dobservation-electorale-lunion-europeenne","status":"publish","type":"post","link":"https:\/\/www.webdo.tn\/fr\/actualite\/international\/elections-en-tunisie-lancement-officiel-mission-dobservation-electorale-lunion-europeenne\/184308\/","title":{"rendered":"Elections en Tunisie : Lancement officiel de la Mission d\u2019observation \u00e9lectorale de l&rsquo;Union europ\u00e9enne"},"content":{"rendered":"<p>A l\u2019occasion du lancement officiel de la Mission d\u2019observation \u00e9lectorale (MOE), une conf\u00e9rence de presse a \u00e9t\u00e9 donn\u00e9e jeudi 2 septembre, au quartier nord de Tunis. La mission est dirig\u00e9e par Mme Annemie Neyts-Uyttebroeck, Chef Observatrice et membre du Parlement europ\u00e9en de nationalit\u00e9 belge.<\/p>\n<p>Selon le communiqu\u00e9 de presse de la MOE, 28 observateurs de courte dur\u00e9e seront d\u00e9ploy\u00e9s dans les 27 circonscriptions. Leur arriv\u00e9e est pr\u00e9vue pour le 21 octobre. Depuis le 17 septembre, la MOE de l\u2019Union europ\u00e9enne est pr\u00e9sente en Tunisie avec une \u00e9quipe de huit experts dans des domaines \u00e9lectoraux diff\u00e9rents.<\/p>\n<p>La MOE sera compos\u00e9e d\u2019environ une centaine d\u2019observateurs en provenance des 28 \u00c9tats membre de l\u2019Union europ\u00e9enne, et comme d\u2019autres pays, la Norv\u00e8ge, la Suisse et le Canada.<\/p>\n<p>Cette mission portera essentiellement sur une analyse de l\u2019ensemble du processus \u00e9lectoral bas\u00e9e sur \u00a0une observation \u00e0 long terme, en conformit\u00e9 avec le droit national, tout comme les normes r\u00e9gionales et internationales.<\/p>\n<p>L\u2019analyse traitera \u00e9galement les diff\u00e9rents domaines, tels que le cadre juridique, la performance de l\u2019administration \u00e9lectorale, les activit\u00e9s de campagne des candidats et des partis politiques, le respect des libert\u00e9s fondamentales, la conduite des m\u00e9dias, le vote et le d\u00e9pouillement, les plaintes et les proc\u00e9dures d\u2019appel, et au final l\u2019annonce des r\u00e9sultats d\u00e9finitifs.<\/p>\n<p>Par Nadia D\u00e9joui<\/p>\n","protected":false},"excerpt":{"rendered":"<p>A l\u2019occasion du lancement officiel de la Mission d\u2019observation \u00e9lectorale (MOE), une conf\u00e9rence de presse a \u00e9t\u00e9 donn\u00e9e jeudi 2 septembre, au quart<\/p>\n","protected":false},"author":3222,"featured_media":373419,"comment_status":"open","ping_status":"open","sticky":false,"template":"","format":"standard","meta":{"footnotes":""},"categories":[2598],"tags":[],"class_list":["post-184308","post","type-post","status-publish","format-standard","has-post-thumbnail","hentry","category-international"],"yoast_head":"<!-- This site is optimized with the Yoast SEO Premium plugin v27.5 (Yoast SEO v27.5) - https:\/\/yoast.com\/product\/yoast-seo-premium-wordpress\/ -->\n<title>Elections en Tunisie : Lancement officiel de la Mission d\u2019observation \u00e9lectorale de l&#039;Union europ\u00e9enne<\/title>\n<meta name=\"description\" content=\"Elections en Tunisie : Lancement officiel de la Mission d\u2019observation \u00e9lectorale de l&#039;Union europ\u00e9enne\" \/>\n<link rel=\"canonical\" href=\"https:\/\/www.webdo.tn\/fr\/actualite\/international\/elections-en-tunisie-lancement-officiel-mission-dobservation-electorale-lunion-europeenne\/184308\/\" \/>\n<meta property=\"og:locale\" content=\"fr_FR\" \/>\n<meta property=\"og:type\" content=\"article\" \/>\n<meta property=\"og:title\" content=\"Elections en Tunisie : Lancement officiel de la Mission d\u2019observation \u00e9lectorale de l&#039;Union europ\u00e9enne\" \/>\n<meta property=\"og:description\" content=\"Elections en Tunisie : Lancement officiel de la Mission d\u2019observation \u00e9lectorale de l&#039;Union europ\u00e9enne\" \/>\n<meta property=\"og:url\" content=\"https:\/\/www.webdo.tn\/fr\/actualite\/international\/elections-en-tunisie-lancement-officiel-mission-dobservation-electorale-lunion-europeenne\/184308\/\" \/>\n<meta property=\"og:site_name\" content=\"webdo\" \/>\n<meta property=\"article:publisher\" content=\"https:\/\/www.facebook.com\/webdotn\" \/>\n<meta property=\"article:published_time\" content=\"2014-10-02T18:16:00+00:00\" \/>\n<meta name=\"author\" content=\"webdo.tn\" \/>\n<meta name=\"twitter:card\" content=\"summary_large_image\" \/>\n<meta name=\"twitter:creator\" content=\"@webdo_tn\" \/>\n<meta name=\"twitter:site\" content=\"@webdo_tn\" \/>\n<meta name=\"twitter:label1\" content=\"\u00c9crit par\" \/>\n\t<meta name=\"twitter:data1\" content=\"webdo.tn\" \/>\n\t<meta name=\"twitter:label2\" content=\"Dur\u00e9e de lecture estim\u00e9e\" \/>\n\t<meta name=\"twitter:data2\" content=\"1 minute\" \/>\n<script type=\"application\/ld+json\" class=\"yoast-schema-graph\">{\"@context\":\"https:\\\/\\\/schema.org\",\"@graph\":[{\"@type\":\"NewsArticle\",\"@id\":\"https:\\\/\\\/www.webdo.tn\\\/fr\\\/actualite\\\/international\\\/elections-en-tunisie-lancement-officiel-mission-dobservation-electorale-lunion-europeenne\\\/184308\\\/#article\",\"isPartOf\":{\"@id\":\"https:\\\/\\\/www.webdo.tn\\\/fr\\\/actualite\\\/international\\\/elections-en-tunisie-lancement-officiel-mission-dobservation-electorale-lunion-europeenne\\\/184308\\\/\"},\"author\":{\"name\":\"webdo.tn\",\"@id\":\"https:\\\/\\\/www.webdo.tn\\\/fr\\\/#\\\/schema\\\/person\\\/9a9c6118d687c117df8ef3cc36a4d175\"},\"headline\":\"Elections en Tunisie : Lancement officiel de la Mission d\u2019observation \u00e9lectorale de l&rsquo;Union europ\u00e9enne\",\"datePublished\":\"2014-10-02T18:16:00+00:00\",\"mainEntityOfPage\":{\"@id\":\"https:\\\/\\\/www.webdo.tn\\\/fr\\\/actualite\\\/international\\\/elections-en-tunisie-lancement-officiel-mission-dobservation-electorale-lunion-europeenne\\\/184308\\\/\"},\"wordCount\":258,\"commentCount\":0,\"publisher\":{\"@id\":\"https:\\\/\\\/www.webdo.tn\\\/fr\\\/#organization\"},\"image\":{\"@id\":\"https:\\\/\\\/www.webdo.tn\\\/fr\\\/actualite\\\/international\\\/elections-en-tunisie-lancement-officiel-mission-dobservation-electorale-lunion-europeenne\\\/184308\\\/#primaryimage\"},\"thumbnailUrl\":\"https:\\\/\\\/www.webdo.tn\\\/fr\\\/wp-content\\\/uploads\\\/2025\\\/06\\\/Capture-decran-2014-10-02-a-20.05.49_184308.png\",\"articleSection\":[\"International\"],\"inLanguage\":\"fr-FR\"},{\"@type\":\"WebPage\",\"@id\":\"https:\\\/\\\/www.webdo.tn\\\/fr\\\/actualite\\\/international\\\/elections-en-tunisie-lancement-officiel-mission-dobservation-electorale-lunion-europeenne\\\/184308\\\/\",\"url\":\"https:\\\/\\\/www.webdo.tn\\\/fr\\\/actualite\\\/international\\\/elections-en-tunisie-lancement-officiel-mission-dobservation-electorale-lunion-europeenne\\\/184308\\\/\",\"name\":\"Elections en Tunisie : Lancement officiel de la Mission d\u2019observation \u00e9lectorale de l'Union europ\u00e9enne\",\"isPartOf\":{\"@id\":\"https:\\\/\\\/www.webdo.tn\\\/fr\\\/#website\"},\"primaryImageOfPage\":{\"@id\":\"https:\\\/\\\/www.webdo.tn\\\/fr\\\/actualite\\\/international\\\/elections-en-tunisie-lancement-officiel-mission-dobservation-electorale-lunion-europeenne\\\/184308\\\/#primaryimage\"},\"image\":{\"@id\":\"https:\\\/\\\/www.webdo.tn\\\/fr\\\/actualite\\\/international\\\/elections-en-tunisie-lancement-officiel-mission-dobservation-electorale-lunion-europeenne\\\/184308\\\/#primaryimage\"},\"thumbnailUrl\":\"https:\\\/\\\/www.webdo.tn\\\/fr\\\/wp-content\\\/uploads\\\/2025\\\/06\\\/Capture-decran-2014-10-02-a-20.05.49_184308.png\",\"datePublished\":\"2014-10-02T18:16:00+00:00\",\"description\":\"Elections en Tunisie : Lancement officiel de la Mission d\u2019observation \u00e9lectorale de l'Union europ\u00e9enne\",\"breadcrumb\":{\"@id\":\"https:\\\/\\\/www.webdo.tn\\\/fr\\\/actualite\\\/international\\\/elections-en-tunisie-lancement-officiel-mission-dobservation-electorale-lunion-europeenne\\\/184308\\\/#breadcrumb\"},\"inLanguage\":\"fr-FR\",\"potentialAction\":[{\"@type\":\"ReadAction\",\"target\":[\"https:\\\/\\\/www.webdo.tn\\\/fr\\\/actualite\\\/international\\\/elections-en-tunisie-lancement-officiel-mission-dobservation-electorale-lunion-europeenne\\\/184308\\\/\"]}]},{\"@type\":\"ImageObject\",\"inLanguage\":\"fr-FR\",\"@id\":\"https:\\\/\\\/www.webdo.tn\\\/fr\\\/actualite\\\/international\\\/elections-en-tunisie-lancement-officiel-mission-dobservation-electorale-lunion-europeenne\\\/184308\\\/#primaryimage\",\"url\":\"https:\\\/\\\/www.webdo.tn\\\/fr\\\/wp-content\\\/uploads\\\/2025\\\/06\\\/Capture-decran-2014-10-02-a-20.05.49_184308.png\",\"contentUrl\":\"https:\\\/\\\/www.webdo.tn\\\/fr\\\/wp-content\\\/uploads\\\/2025\\\/06\\\/Capture-decran-2014-10-02-a-20.05.49_184308.png\",\"width\":567,\"height\":144,\"caption\":\"Elections en Tunisie : Lancement officiel de la Mission d\u2019observation \u00e9lectorale de l'Union europ\u00e9enne\"},{\"@type\":\"BreadcrumbList\",\"@id\":\"https:\\\/\\\/www.webdo.tn\\\/fr\\\/actualite\\\/international\\\/elections-en-tunisie-lancement-officiel-mission-dobservation-electorale-lunion-europeenne\\\/184308\\\/#breadcrumb\",\"itemListElement\":[{\"@type\":\"ListItem\",\"position\":1,\"name\":\"Accueil\",\"item\":\"https:\\\/\\\/www.webdo.tn\\\/fr\\\/\"},{\"@type\":\"ListItem\",\"position\":2,\"name\":\"Elections en Tunisie : Lancement officiel de la Mission d\u2019observation \u00e9lectorale de l&rsquo;Union europ\u00e9enne\"}]},{\"@type\":\"WebSite\",\"@id\":\"https:\\\/\\\/www.webdo.tn\\\/fr\\\/#website\",\"url\":\"https:\\\/\\\/www.webdo.tn\\\/fr\\\/\",\"name\":\"webdo\",\"description\":\"Tunisie - News en Tunisie et \u00e0 l&#039;international sur Webdo.tn\",\"publisher\":{\"@id\":\"https:\\\/\\\/www.webdo.tn\\\/fr\\\/#organization\"},\"potentialAction\":[{\"@type\":\"SearchAction\",\"target\":{\"@type\":\"EntryPoint\",\"urlTemplate\":\"https:\\\/\\\/www.webdo.tn\\\/fr\\\/?s={search_term_string}\"},\"query-input\":{\"@type\":\"PropertyValueSpecification\",\"valueRequired\":true,\"valueName\":\"search_term_string\"}}],\"inLanguage\":\"fr-FR\"},{\"@type\":\"Organization\",\"@id\":\"https:\\\/\\\/www.webdo.tn\\\/fr\\\/#organization\",\"name\":\"Webdo\",\"alternateName\":\"Webdo.tn\",\"url\":\"https:\\\/\\\/www.webdo.tn\\\/fr\\\/\",\"logo\":{\"@type\":\"ImageObject\",\"inLanguage\":\"fr-FR\",\"@id\":\"https:\\\/\\\/www.webdo.tn\\\/fr\\\/#\\\/schema\\\/logo\\\/image\\\/\",\"url\":\"https:\\\/\\\/www.webdo.tn\\\/fr\\\/wp-content\\\/uploads\\\/2025\\\/06\\\/Webdo-Tunisie_168377.jpg\",\"contentUrl\":\"https:\\\/\\\/www.webdo.tn\\\/fr\\\/wp-content\\\/uploads\\\/2025\\\/06\\\/Webdo-Tunisie_168377.jpg\",\"width\":301,\"height\":301,\"caption\":\"Webdo\"},\"image\":{\"@id\":\"https:\\\/\\\/www.webdo.tn\\\/fr\\\/#\\\/schema\\\/logo\\\/image\\\/\"},\"sameAs\":[\"https:\\\/\\\/www.facebook.com\\\/webdotn\",\"https:\\\/\\\/x.com\\\/webdo_tn\"],\"description\":\"Webdo est un m\u00e9dia num\u00e9rique tunisien fond\u00e9 en 2010, sp\u00e9cialis\u00e9 dans l\u2019actualit\u00e9 nationale et internationale, l\u2019\u00e9conomie, la soci\u00e9t\u00e9 et les analyses politiques. Le site s\u2019adresse \u00e0 un large public francophone et couvre l\u2019information tunisienne en temps r\u00e9el.\",\"email\":\"redac@webdo.tn\",\"legalName\":\"YNJ SARL\",\"foundingDate\":\"2010-09-06\",\"numberOfEmployees\":{\"@type\":\"QuantitativeValue\",\"minValue\":\"11\",\"maxValue\":\"50\"}},{\"@type\":\"Person\",\"@id\":\"https:\\\/\\\/www.webdo.tn\\\/fr\\\/#\\\/schema\\\/person\\\/9a9c6118d687c117df8ef3cc36a4d175\",\"name\":\"webdo.tn\",\"image\":{\"@type\":\"ImageObject\",\"inLanguage\":\"fr-FR\",\"@id\":\"https:\\\/\\\/secure.gravatar.com\\\/avatar\\\/7ce1f28c0c3bbac99ff550b85ef8e44a6950c6ee24514fb6a5489e51d06f0298?s=96&d=mm&r=g\",\"url\":\"https:\\\/\\\/secure.gravatar.com\\\/avatar\\\/7ce1f28c0c3bbac99ff550b85ef8e44a6950c6ee24514fb6a5489e51d06f0298?s=96&d=mm&r=g\",\"contentUrl\":\"https:\\\/\\\/secure.gravatar.com\\\/avatar\\\/7ce1f28c0c3bbac99ff550b85ef8e44a6950c6ee24514fb6a5489e51d06f0298?s=96&d=mm&r=g\",\"caption\":\"webdo.tn\"},\"url\":\"https:\\\/\\\/www.webdo.tn\\\/fr\\\/actualite\\\/author\\\/webdotn\\\/\"}]}<\/script>\n<!-- \/ Yoast SEO Premium plugin. -->","yoast_head_json":{"title":"Elections en Tunisie : Lancement officiel de la Mission d\u2019observation \u00e9lectorale de l'Union europ\u00e9enne","description":"Elections en Tunisie : Lancement officiel de la Mission d\u2019observation \u00e9lectorale de l'Union europ\u00e9enne","canonical":"https:\/\/www.webdo.tn\/fr\/actualite\/international\/elections-en-tunisie-lancement-officiel-mission-dobservation-electorale-lunion-europeenne\/184308\/","og_locale":"fr_FR","og_type":"article","og_title":"Elections en Tunisie : Lancement officiel de la Mission d\u2019observation \u00e9lectorale de l'Union europ\u00e9enne","og_description":"Elections en Tunisie : Lancement officiel de la Mission d\u2019observation \u00e9lectorale de l'Union europ\u00e9enne","og_url":"https:\/\/www.webdo.tn\/fr\/actualite\/international\/elections-en-tunisie-lancement-officiel-mission-dobservation-electorale-lunion-europeenne\/184308\/","og_site_name":"webdo","article_publisher":"https:\/\/www.facebook.com\/webdotn","article_published_time":"2014-10-02T18:16:00+00:00","author":"webdo.tn","twitter_card":"summary_large_image","twitter_creator":"@webdo_tn","twitter_site":"@webdo_tn","twitter_misc":{"\u00c9crit par":"webdo.tn","Dur\u00e9e de lecture estim\u00e9e":"1 minute"},"schema":{"@context":"https:\/\/schema.org","@graph":[{"@type":"NewsArticle","@id":"https:\/\/www.webdo.tn\/fr\/actualite\/international\/elections-en-tunisie-lancement-officiel-mission-dobservation-electorale-lunion-europeenne\/184308\/#article","isPartOf":{"@id":"https:\/\/www.webdo.tn\/fr\/actualite\/international\/elections-en-tunisie-lancement-officiel-mission-dobservation-electorale-lunion-europeenne\/184308\/"},"author":{"name":"webdo.tn","@id":"https:\/\/www.webdo.tn\/fr\/#\/schema\/person\/9a9c6118d687c117df8ef3cc36a4d175"},"headline":"Elections en Tunisie : Lancement officiel de la Mission d\u2019observation \u00e9lectorale de l&rsquo;Union europ\u00e9enne","datePublished":"2014-10-02T18:16:00+00:00","mainEntityOfPage":{"@id":"https:\/\/www.webdo.tn\/fr\/actualite\/international\/elections-en-tunisie-lancement-officiel-mission-dobservation-electorale-lunion-europeenne\/184308\/"},"wordCount":258,"commentCount":0,"publisher":{"@id":"https:\/\/www.webdo.tn\/fr\/#organization"},"image":{"@id":"https:\/\/www.webdo.tn\/fr\/actualite\/international\/elections-en-tunisie-lancement-officiel-mission-dobservation-electorale-lunion-europeenne\/184308\/#primaryimage"},"thumbnailUrl":"https:\/\/www.webdo.tn\/fr\/wp-content\/uploads\/2025\/06\/Capture-decran-2014-10-02-a-20.05.49_184308.png","articleSection":["International"],"inLanguage":"fr-FR"},{"@type":"WebPage","@id":"https:\/\/www.webdo.tn\/fr\/actualite\/international\/elections-en-tunisie-lancement-officiel-mission-dobservation-electorale-lunion-europeenne\/184308\/","url":"https:\/\/www.webdo.tn\/fr\/actualite\/international\/elections-en-tunisie-lancement-officiel-mission-dobservation-electorale-lunion-europeenne\/184308\/","name":"Elections en Tunisie : Lancement officiel de la Mission d\u2019observation \u00e9lectorale de l'Union europ\u00e9enne","isPartOf":{"@id":"https:\/\/www.webdo.tn\/fr\/#website"},"primaryImageOfPage":{"@id":"https:\/\/www.webdo.tn\/fr\/actualite\/international\/elections-en-tunisie-lancement-officiel-mission-dobservation-electorale-lunion-europeenne\/184308\/#primaryimage"},"image":{"@id":"https:\/\/www.webdo.tn\/fr\/actualite\/international\/elections-en-tunisie-lancement-officiel-mission-dobservation-electorale-lunion-europeenne\/184308\/#primaryimage"},"thumbnailUrl":"https:\/\/www.webdo.tn\/fr\/wp-content\/uploads\/2025\/06\/Capture-decran-2014-10-02-a-20.05.49_184308.png","datePublished":"2014-10-02T18:16:00+00:00","description":"Elections en Tunisie : Lancement officiel de la Mission d\u2019observation \u00e9lectorale de l'Union europ\u00e9enne","breadcrumb":{"@id":"https:\/\/www.webdo.tn\/fr\/actualite\/international\/elections-en-tunisie-lancement-officiel-mission-dobservation-electorale-lunion-europeenne\/184308\/#breadcrumb"},"inLanguage":"fr-FR","potentialAction":[{"@type":"ReadAction","target":["https:\/\/www.webdo.tn\/fr\/actualite\/international\/elections-en-tunisie-lancement-officiel-mission-dobservation-electorale-lunion-europeenne\/184308\/"]}]},{"@type":"ImageObject","inLanguage":"fr-FR","@id":"https:\/\/www.webdo.tn\/fr\/actualite\/international\/elections-en-tunisie-lancement-officiel-mission-dobservation-electorale-lunion-europeenne\/184308\/#primaryimage","url":"https:\/\/www.webdo.tn\/fr\/wp-content\/uploads\/2025\/06\/Capture-decran-2014-10-02-a-20.05.49_184308.png","contentUrl":"https:\/\/www.webdo.tn\/fr\/wp-content\/uploads\/2025\/06\/Capture-decran-2014-10-02-a-20.05.49_184308.png","width":567,"height":144,"caption":"Elections en Tunisie : Lancement officiel de la Mission d\u2019observation \u00e9lectorale de l'Union europ\u00e9enne"},{"@type":"BreadcrumbList","@id":"https:\/\/www.webdo.tn\/fr\/actualite\/international\/elections-en-tunisie-lancement-officiel-mission-dobservation-electorale-lunion-europeenne\/184308\/#breadcrumb","itemListElement":[{"@type":"ListItem","position":1,"name":"Accueil","item":"https:\/\/www.webdo.tn\/fr\/"},{"@type":"ListItem","position":2,"name":"Elections en Tunisie : Lancement officiel de la Mission d\u2019observation \u00e9lectorale de l&rsquo;Union europ\u00e9enne"}]},{"@type":"WebSite","@id":"https:\/\/www.webdo.tn\/fr\/#website","url":"https:\/\/www.webdo.tn\/fr\/","name":"webdo","description":"Tunisie - News en Tunisie et \u00e0 l&#039;international sur Webdo.tn","publisher":{"@id":"https:\/\/www.webdo.tn\/fr\/#organization"},"potentialAction":[{"@type":"SearchAction","target":{"@type":"EntryPoint","urlTemplate":"https:\/\/www.webdo.tn\/fr\/?s={search_term_string}"},"query-input":{"@type":"PropertyValueSpecification","valueRequired":true,"valueName":"search_term_string"}}],"inLanguage":"fr-FR"},{"@type":"Organization","@id":"https:\/\/www.webdo.tn\/fr\/#organization","name":"Webdo","alternateName":"Webdo.tn","url":"https:\/\/www.webdo.tn\/fr\/","logo":{"@type":"ImageObject","inLanguage":"fr-FR","@id":"https:\/\/www.webdo.tn\/fr\/#\/schema\/logo\/image\/","url":"https:\/\/www.webdo.tn\/fr\/wp-content\/uploads\/2025\/06\/Webdo-Tunisie_168377.jpg","contentUrl":"https:\/\/www.webdo.tn\/fr\/wp-content\/uploads\/2025\/06\/Webdo-Tunisie_168377.jpg","width":301,"height":301,"caption":"Webdo"},"image":{"@id":"https:\/\/www.webdo.tn\/fr\/#\/schema\/logo\/image\/"},"sameAs":["https:\/\/www.facebook.com\/webdotn","https:\/\/x.com\/webdo_tn"],"description":"Webdo est un m\u00e9dia num\u00e9rique tunisien fond\u00e9 en 2010, sp\u00e9cialis\u00e9 dans l\u2019actualit\u00e9 nationale et internationale, l\u2019\u00e9conomie, la soci\u00e9t\u00e9 et les analyses politiques. Le site s\u2019adresse \u00e0 un large public francophone et couvre l\u2019information tunisienne en temps r\u00e9el.","email":"redac@webdo.tn","legalName":"YNJ SARL","foundingDate":"2010-09-06","numberOfEmployees":{"@type":"QuantitativeValue","minValue":"11","maxValue":"50"}},{"@type":"Person","@id":"https:\/\/www.webdo.tn\/fr\/#\/schema\/person\/9a9c6118d687c117df8ef3cc36a4d175","name":"webdo.tn","image":{"@type":"ImageObject","inLanguage":"fr-FR","@id":"https:\/\/secure.gravatar.com\/avatar\/7ce1f28c0c3bbac99ff550b85ef8e44a6950c6ee24514fb6a5489e51d06f0298?s=96&d=mm&r=g","url":"https:\/\/secure.gravatar.com\/avatar\/7ce1f28c0c3bbac99ff550b85ef8e44a6950c6ee24514fb6a5489e51d06f0298?s=96&d=mm&r=g","contentUrl":"https:\/\/secure.gravatar.com\/avatar\/7ce1f28c0c3bbac99ff550b85ef8e44a6950c6ee24514fb6a5489e51d06f0298?s=96&d=mm&r=g","caption":"webdo.tn"},"url":"https:\/\/www.webdo.tn\/fr\/actualite\/author\/webdotn\/"}]}},"_links":{"self":[{"href":"https:\/\/www.webdo.tn\/fr\/wp-json\/wp\/v2\/posts\/184308","targetHints":{"allow":["GET"]}}],"collection":[{"href":"https:\/\/www.webdo.tn\/fr\/wp-json\/wp\/v2\/posts"}],"about":[{"href":"https:\/\/www.webdo.tn\/fr\/wp-json\/wp\/v2\/types\/post"}],"author":[{"embeddable":true,"href":"https:\/\/www.webdo.tn\/fr\/wp-json\/wp\/v2\/users\/3222"}],"replies":[{"embeddable":true,"href":"https:\/\/www.webdo.tn\/fr\/wp-json\/wp\/v2\/comments?post=184308"}],"version-history":[{"count":0,"href":"https:\/\/www.webdo.tn\/fr\/wp-json\/wp\/v2\/posts\/184308\/revisions"}],"wp:featuredmedia":[{"embeddable":true,"href":"https:\/\/www.webdo.tn\/fr\/wp-json\/wp\/v2\/media\/373419"}],"wp:attachment":[{"href":"https:\/\/www.webdo.tn\/fr\/wp-json\/wp\/v2\/media?parent=184308"}],"wp:term":[{"taxonomy":"category","embeddable":true,"href":"https:\/\/www.webdo.tn\/fr\/wp-json\/wp\/v2\/categories?post=184308"},{"taxonomy":"post_tag","embeddable":true,"href":"https:\/\/www.webdo.tn\/fr\/wp-json\/wp\/v2\/tags?post=184308"}],"curies":[{"name":"wp","href":"https:\/\/api.w.org\/{rel}","templated":true}]}}