{"id":184307,"date":"2014-10-03T09:59:00","date_gmt":"2014-10-03T09:59:00","guid":{"rendered":"https:\/\/www.webdo.tn\/fr\/blog\/houcine-abassi-abdessalem-jerad-au-congres-federation-syndicats-arabes-amman\/184307\/"},"modified":"2025-05-22T13:03:45","modified_gmt":"2025-05-22T13:03:45","slug":"houcine-abassi-abdessalem-jerad-au-congres-federation-syndicats-arabes-amman","status":"publish","type":"post","link":"https:\/\/www.webdo.tn\/fr\/actualite\/international\/houcine-abassi-abdessalem-jerad-au-congres-federation-syndicats-arabes-amman\/184307\/","title":{"rendered":"Houcine Abassi et Abdessalem Jerad au congr\u00e8s de la F\u00e9d\u00e9ration des syndicats arabes \u00e0 Amman"},"content":{"rendered":"<p>Houcine Abassi, Secr\u00e9taire g\u00e9n\u00e9ral de l\u2019Union g\u00e9n\u00e9rale des travailleurs tunisiens (UGTT), a \u00e9t\u00e9 \u00e9lu pr\u00e9sident de la nouvelle F\u00e9d\u00e9ration des syndicats arabes, lanc\u00e9e \u00e0 l\u2019occasion d\u2019un congr\u00e8s fondateur qui a eu lieu les 1er et 2 octobre \u00e0 Amman, capitale de la Jordanie.<\/p>\n<p>Mustapha Tlili, fils du syndicaliste Ahmed Tlili, a \u00e9t\u00e9 \u00e9lu secr\u00e9taire ex\u00e9cutif et Kacem Affia, membre du bureau ex\u00e9cutif de la nouvelle F\u00e9d\u00e9ration des syndicats arabes.Abassi et Jerad : les \u00a0SG de l&rsquo;avant et de l&rsquo;apr\u00e8s r\u00e9volution <\/p>\n<p>Abdessalem Jerad,\u00a0l\u2019ancien Secr\u00e9taire g\u00e9n\u00e9ral de l\u2019UGTT, \u00e9tait pr\u00e9sent \u00e9galement lors de ce congr\u00e8s d&rsquo;apr\u00e8s une photo publi\u00e9e sur la page facebook officielle m\u00eame de l&rsquo;UGTT, chose qui aurait \u00e9t\u00e9 impossible \u00e0 faire en 2011.<\/p>\n<p>Connu pour \u00eatre un thurif\u00e9raire du pr\u00e9sident d\u00e9chu Zine El Abidine Ben Ali, il a \u00e9t\u00e9 mis \u00e0 l&rsquo;\u00e9cart apr\u00e8s la r\u00e9volution en 2011 pour reprendre, petit \u00e0 petit, ses activit\u00e9s.<\/p>\n<p>Dans l&rsquo;un de ses discours, le 1er mai 2010, alors que le pays \u00e9tait sur le point de s&#8217;embraser, il parlait d\u00e9j\u00e0 de \u00ab\u00a0stabilit\u00e9 et des r\u00e9alisations dans tous les domaines\u00a0\u00bb, louant \u00ab\u00a0la sagesse et la vision\u00a0\u00bb de Ben Ali qui a \u00ab\u00a0permis \u00e0 la Tunisie d&rsquo;atteindre les plus grands niveaux de progr\u00e8s\u00a0\u00bb.<\/p>\n<p>Le 30 avril dernier il a particip\u00e9 \u00e0 l&rsquo;inauguration, au Lac 1 \u00e0 Tunis, \u00a0de l&rsquo;avenue Habib Achour, \u00a0l&rsquo;un des fondateurs de l&rsquo;UGTT.\u00a0Sharan Burrow, secr\u00e9taire g\u00e9n\u00e9rale de la Conf\u00e9d\u00e9ration syndicale internationale (CSI), a \u00e9t\u00e9 aussi invit\u00e9e.<\/p>\n","protected":false},"excerpt":{"rendered":"<p>Houcine Abassi et Abdessalem Jerad au congr\u00e8s de la F\u00e9d\u00e9ration des syndicats arabes \u00e0 Amman<\/p>\n","protected":false},"author":3222,"featured_media":320206,"comment_status":"open","ping_status":"closed","sticky":false,"template":"","format":"standard","meta":{"footnotes":""},"categories":[2598],"tags":[],"class_list":["post-184307","post","type-post","status-publish","format-standard","has-post-thumbnail","hentry","category-international"],"yoast_head":"<!-- This site is optimized with the Yoast SEO Premium plugin v27.5 (Yoast SEO v27.5) - https:\/\/yoast.com\/product\/yoast-seo-premium-wordpress\/ -->\n<title>Houcine Abassi et Abdessalem Jerad au congr\u00e8s de la F\u00e9d\u00e9ration des syndicats arabes \u00e0 Amman<\/title>\n<meta name=\"description\" content=\"Houcine Abassi et Abdessalem Jerad au congr\u00e8s de la F\u00e9d\u00e9ration des syndicats arabes \u00e0 Amman\" \/>\n<link rel=\"canonical\" href=\"https:\/\/www.webdo.tn\/fr\/actualite\/international\/houcine-abassi-abdessalem-jerad-au-congres-federation-syndicats-arabes-amman\/184307\/\" \/>\n<meta property=\"og:locale\" content=\"fr_FR\" \/>\n<meta property=\"og:type\" content=\"article\" \/>\n<meta property=\"og:title\" content=\"Houcine Abassi et Abdessalem Jerad au congr\u00e8s de la F\u00e9d\u00e9ration des syndicats arabes \u00e0 Amman\" \/>\n<meta property=\"og:description\" content=\"Houcine Abassi et Abdessalem Jerad au congr\u00e8s de la F\u00e9d\u00e9ration des syndicats arabes \u00e0 Amman\" \/>\n<meta property=\"og:url\" content=\"https:\/\/www.webdo.tn\/fr\/actualite\/international\/houcine-abassi-abdessalem-jerad-au-congres-federation-syndicats-arabes-amman\/184307\/\" \/>\n<meta property=\"og:site_name\" content=\"webdo\" \/>\n<meta property=\"article:publisher\" content=\"https:\/\/www.facebook.com\/webdotn\" \/>\n<meta property=\"article:published_time\" content=\"2014-10-03T09:59:00+00:00\" \/>\n<meta property=\"article:modified_time\" content=\"2025-05-22T13:03:45+00:00\" \/>\n<meta property=\"og:image\" content=\"https:\/\/www.webdo.tn\/fr\/wp-content\/uploads\/2014\/10\/H.-Abassi-pdt-federation-des-syndicats-arabes-credit-photo-UGTT.jpg\" \/>\n\t<meta property=\"og:image:width\" content=\"580\" \/>\n\t<meta property=\"og:image:height\" content=\"380\" \/>\n\t<meta property=\"og:image:type\" content=\"image\/jpeg\" \/>\n<meta name=\"author\" content=\"webdo.tn\" \/>\n<meta name=\"twitter:card\" content=\"summary_large_image\" \/>\n<meta name=\"twitter:creator\" content=\"@webdo_tn\" \/>\n<meta name=\"twitter:site\" content=\"@webdo_tn\" \/>\n<meta name=\"twitter:label1\" content=\"\u00c9crit par\" \/>\n\t<meta name=\"twitter:data1\" content=\"webdo.tn\" \/>\n\t<meta name=\"twitter:label2\" content=\"Dur\u00e9e de lecture estim\u00e9e\" \/>\n\t<meta name=\"twitter:data2\" content=\"1 minute\" \/>\n<script type=\"application\/ld+json\" class=\"yoast-schema-graph\">{\"@context\":\"https:\\\/\\\/schema.org\",\"@graph\":[{\"@type\":\"NewsArticle\",\"@id\":\"https:\\\/\\\/www.webdo.tn\\\/fr\\\/actualite\\\/international\\\/houcine-abassi-abdessalem-jerad-au-congres-federation-syndicats-arabes-amman\\\/184307\\\/#article\",\"isPartOf\":{\"@id\":\"https:\\\/\\\/www.webdo.tn\\\/fr\\\/actualite\\\/international\\\/houcine-abassi-abdessalem-jerad-au-congres-federation-syndicats-arabes-amman\\\/184307\\\/\"},\"author\":{\"name\":\"webdo.tn\",\"@id\":\"https:\\\/\\\/www.webdo.tn\\\/fr\\\/#\\\/schema\\\/person\\\/9a9c6118d687c117df8ef3cc36a4d175\"},\"headline\":\"Houcine Abassi et Abdessalem Jerad au congr\u00e8s de la F\u00e9d\u00e9ration des syndicats arabes \u00e0 Amman\",\"datePublished\":\"2014-10-03T09:59:00+00:00\",\"dateModified\":\"2025-05-22T13:03:45+00:00\",\"mainEntityOfPage\":{\"@id\":\"https:\\\/\\\/www.webdo.tn\\\/fr\\\/actualite\\\/international\\\/houcine-abassi-abdessalem-jerad-au-congres-federation-syndicats-arabes-amman\\\/184307\\\/\"},\"wordCount\":296,\"commentCount\":0,\"publisher\":{\"@id\":\"https:\\\/\\\/www.webdo.tn\\\/fr\\\/#organization\"},\"image\":{\"@id\":\"https:\\\/\\\/www.webdo.tn\\\/fr\\\/actualite\\\/international\\\/houcine-abassi-abdessalem-jerad-au-congres-federation-syndicats-arabes-amman\\\/184307\\\/#primaryimage\"},\"thumbnailUrl\":\"https:\\\/\\\/www.webdo.tn\\\/fr\\\/wp-content\\\/uploads\\\/2014\\\/10\\\/H.-Abassi-pdt-federation-des-syndicats-arabes-credit-photo-UGTT.jpg\",\"articleSection\":[\"International\"],\"inLanguage\":\"fr-FR\"},{\"@type\":\"WebPage\",\"@id\":\"https:\\\/\\\/www.webdo.tn\\\/fr\\\/actualite\\\/international\\\/houcine-abassi-abdessalem-jerad-au-congres-federation-syndicats-arabes-amman\\\/184307\\\/\",\"url\":\"https:\\\/\\\/www.webdo.tn\\\/fr\\\/actualite\\\/international\\\/houcine-abassi-abdessalem-jerad-au-congres-federation-syndicats-arabes-amman\\\/184307\\\/\",\"name\":\"Houcine Abassi et Abdessalem Jerad au congr\u00e8s de la F\u00e9d\u00e9ration des syndicats arabes \u00e0 Amman\",\"isPartOf\":{\"@id\":\"https:\\\/\\\/www.webdo.tn\\\/fr\\\/#website\"},\"primaryImageOfPage\":{\"@id\":\"https:\\\/\\\/www.webdo.tn\\\/fr\\\/actualite\\\/international\\\/houcine-abassi-abdessalem-jerad-au-congres-federation-syndicats-arabes-amman\\\/184307\\\/#primaryimage\"},\"image\":{\"@id\":\"https:\\\/\\\/www.webdo.tn\\\/fr\\\/actualite\\\/international\\\/houcine-abassi-abdessalem-jerad-au-congres-federation-syndicats-arabes-amman\\\/184307\\\/#primaryimage\"},\"thumbnailUrl\":\"https:\\\/\\\/www.webdo.tn\\\/fr\\\/wp-content\\\/uploads\\\/2014\\\/10\\\/H.-Abassi-pdt-federation-des-syndicats-arabes-credit-photo-UGTT.jpg\",\"datePublished\":\"2014-10-03T09:59:00+00:00\",\"dateModified\":\"2025-05-22T13:03:45+00:00\",\"description\":\"Houcine Abassi et Abdessalem Jerad au congr\u00e8s de la F\u00e9d\u00e9ration des syndicats arabes \u00e0 Amman\",\"breadcrumb\":{\"@id\":\"https:\\\/\\\/www.webdo.tn\\\/fr\\\/actualite\\\/international\\\/houcine-abassi-abdessalem-jerad-au-congres-federation-syndicats-arabes-amman\\\/184307\\\/#breadcrumb\"},\"inLanguage\":\"fr-FR\",\"potentialAction\":[{\"@type\":\"ReadAction\",\"target\":[\"https:\\\/\\\/www.webdo.tn\\\/fr\\\/actualite\\\/international\\\/houcine-abassi-abdessalem-jerad-au-congres-federation-syndicats-arabes-amman\\\/184307\\\/\"]}]},{\"@type\":\"ImageObject\",\"inLanguage\":\"fr-FR\",\"@id\":\"https:\\\/\\\/www.webdo.tn\\\/fr\\\/actualite\\\/international\\\/houcine-abassi-abdessalem-jerad-au-congres-federation-syndicats-arabes-amman\\\/184307\\\/#primaryimage\",\"url\":\"https:\\\/\\\/www.webdo.tn\\\/fr\\\/wp-content\\\/uploads\\\/2014\\\/10\\\/H.-Abassi-pdt-federation-des-syndicats-arabes-credit-photo-UGTT.jpg\",\"contentUrl\":\"https:\\\/\\\/www.webdo.tn\\\/fr\\\/wp-content\\\/uploads\\\/2014\\\/10\\\/H.-Abassi-pdt-federation-des-syndicats-arabes-credit-photo-UGTT.jpg\",\"width\":580,\"height\":380,\"caption\":\"Houcine Abassi et Abdessalem Jerad au congr\u00e8s de la F\u00e9d\u00e9ration des syndicats arabes \u00e0 Amman\"},{\"@type\":\"BreadcrumbList\",\"@id\":\"https:\\\/\\\/www.webdo.tn\\\/fr\\\/actualite\\\/international\\\/houcine-abassi-abdessalem-jerad-au-congres-federation-syndicats-arabes-amman\\\/184307\\\/#breadcrumb\",\"itemListElement\":[{\"@type\":\"ListItem\",\"position\":1,\"name\":\"Accueil\",\"item\":\"https:\\\/\\\/www.webdo.tn\\\/fr\\\/\"},{\"@type\":\"ListItem\",\"position\":2,\"name\":\"Houcine Abassi et Abdessalem Jerad au congr\u00e8s de la F\u00e9d\u00e9ration des syndicats arabes \u00e0 Amman\"}]},{\"@type\":\"WebSite\",\"@id\":\"https:\\\/\\\/www.webdo.tn\\\/fr\\\/#website\",\"url\":\"https:\\\/\\\/www.webdo.tn\\\/fr\\\/\",\"name\":\"webdo\",\"description\":\"Tunisie - News en Tunisie et \u00e0 l&#039;international sur Webdo.tn\",\"publisher\":{\"@id\":\"https:\\\/\\\/www.webdo.tn\\\/fr\\\/#organization\"},\"potentialAction\":[{\"@type\":\"SearchAction\",\"target\":{\"@type\":\"EntryPoint\",\"urlTemplate\":\"https:\\\/\\\/www.webdo.tn\\\/fr\\\/?s={search_term_string}\"},\"query-input\":{\"@type\":\"PropertyValueSpecification\",\"valueRequired\":true,\"valueName\":\"search_term_string\"}}],\"inLanguage\":\"fr-FR\"},{\"@type\":\"Organization\",\"@id\":\"https:\\\/\\\/www.webdo.tn\\\/fr\\\/#organization\",\"name\":\"Webdo\",\"alternateName\":\"Webdo.tn\",\"url\":\"https:\\\/\\\/www.webdo.tn\\\/fr\\\/\",\"logo\":{\"@type\":\"ImageObject\",\"inLanguage\":\"fr-FR\",\"@id\":\"https:\\\/\\\/www.webdo.tn\\\/fr\\\/#\\\/schema\\\/logo\\\/image\\\/\",\"url\":\"https:\\\/\\\/www.webdo.tn\\\/fr\\\/wp-content\\\/uploads\\\/2025\\\/06\\\/Webdo-Tunisie_168377.jpg\",\"contentUrl\":\"https:\\\/\\\/www.webdo.tn\\\/fr\\\/wp-content\\\/uploads\\\/2025\\\/06\\\/Webdo-Tunisie_168377.jpg\",\"width\":301,\"height\":301,\"caption\":\"Webdo\"},\"image\":{\"@id\":\"https:\\\/\\\/www.webdo.tn\\\/fr\\\/#\\\/schema\\\/logo\\\/image\\\/\"},\"sameAs\":[\"https:\\\/\\\/www.facebook.com\\\/webdotn\",\"https:\\\/\\\/x.com\\\/webdo_tn\"],\"description\":\"Webdo est un m\u00e9dia num\u00e9rique tunisien fond\u00e9 en 2010, sp\u00e9cialis\u00e9 dans l\u2019actualit\u00e9 nationale et internationale, l\u2019\u00e9conomie, la soci\u00e9t\u00e9 et les analyses politiques. Le site s\u2019adresse \u00e0 un large public francophone et couvre l\u2019information tunisienne en temps r\u00e9el.\",\"email\":\"redac@webdo.tn\",\"legalName\":\"YNJ SARL\",\"foundingDate\":\"2010-09-06\",\"numberOfEmployees\":{\"@type\":\"QuantitativeValue\",\"minValue\":\"11\",\"maxValue\":\"50\"}},{\"@type\":\"Person\",\"@id\":\"https:\\\/\\\/www.webdo.tn\\\/fr\\\/#\\\/schema\\\/person\\\/9a9c6118d687c117df8ef3cc36a4d175\",\"name\":\"webdo.tn\",\"image\":{\"@type\":\"ImageObject\",\"inLanguage\":\"fr-FR\",\"@id\":\"https:\\\/\\\/secure.gravatar.com\\\/avatar\\\/7ce1f28c0c3bbac99ff550b85ef8e44a6950c6ee24514fb6a5489e51d06f0298?s=96&d=mm&r=g\",\"url\":\"https:\\\/\\\/secure.gravatar.com\\\/avatar\\\/7ce1f28c0c3bbac99ff550b85ef8e44a6950c6ee24514fb6a5489e51d06f0298?s=96&d=mm&r=g\",\"contentUrl\":\"https:\\\/\\\/secure.gravatar.com\\\/avatar\\\/7ce1f28c0c3bbac99ff550b85ef8e44a6950c6ee24514fb6a5489e51d06f0298?s=96&d=mm&r=g\",\"caption\":\"webdo.tn\"},\"url\":\"https:\\\/\\\/www.webdo.tn\\\/fr\\\/actualite\\\/author\\\/webdotn\\\/\"}]}<\/script>\n<!-- \/ Yoast SEO Premium plugin. -->","yoast_head_json":{"title":"Houcine Abassi et Abdessalem Jerad au congr\u00e8s de la F\u00e9d\u00e9ration des syndicats arabes \u00e0 Amman","description":"Houcine Abassi et Abdessalem Jerad au congr\u00e8s de la F\u00e9d\u00e9ration des syndicats arabes \u00e0 Amman","canonical":"https:\/\/www.webdo.tn\/fr\/actualite\/international\/houcine-abassi-abdessalem-jerad-au-congres-federation-syndicats-arabes-amman\/184307\/","og_locale":"fr_FR","og_type":"article","og_title":"Houcine Abassi et Abdessalem Jerad au congr\u00e8s de la F\u00e9d\u00e9ration des syndicats arabes \u00e0 Amman","og_description":"Houcine Abassi et Abdessalem Jerad au congr\u00e8s de la F\u00e9d\u00e9ration des syndicats arabes \u00e0 Amman","og_url":"https:\/\/www.webdo.tn\/fr\/actualite\/international\/houcine-abassi-abdessalem-jerad-au-congres-federation-syndicats-arabes-amman\/184307\/","og_site_name":"webdo","article_publisher":"https:\/\/www.facebook.com\/webdotn","article_published_time":"2014-10-03T09:59:00+00:00","article_modified_time":"2025-05-22T13:03:45+00:00","og_image":[{"width":580,"height":380,"url":"https:\/\/www.webdo.tn\/fr\/wp-content\/uploads\/2014\/10\/H.-Abassi-pdt-federation-des-syndicats-arabes-credit-photo-UGTT.jpg","type":"image\/jpeg"}],"author":"webdo.tn","twitter_card":"summary_large_image","twitter_creator":"@webdo_tn","twitter_site":"@webdo_tn","twitter_misc":{"\u00c9crit par":"webdo.tn","Dur\u00e9e de lecture estim\u00e9e":"1 minute"},"schema":{"@context":"https:\/\/schema.org","@graph":[{"@type":"NewsArticle","@id":"https:\/\/www.webdo.tn\/fr\/actualite\/international\/houcine-abassi-abdessalem-jerad-au-congres-federation-syndicats-arabes-amman\/184307\/#article","isPartOf":{"@id":"https:\/\/www.webdo.tn\/fr\/actualite\/international\/houcine-abassi-abdessalem-jerad-au-congres-federation-syndicats-arabes-amman\/184307\/"},"author":{"name":"webdo.tn","@id":"https:\/\/www.webdo.tn\/fr\/#\/schema\/person\/9a9c6118d687c117df8ef3cc36a4d175"},"headline":"Houcine Abassi et Abdessalem Jerad au congr\u00e8s de la F\u00e9d\u00e9ration des syndicats arabes \u00e0 Amman","datePublished":"2014-10-03T09:59:00+00:00","dateModified":"2025-05-22T13:03:45+00:00","mainEntityOfPage":{"@id":"https:\/\/www.webdo.tn\/fr\/actualite\/international\/houcine-abassi-abdessalem-jerad-au-congres-federation-syndicats-arabes-amman\/184307\/"},"wordCount":296,"commentCount":0,"publisher":{"@id":"https:\/\/www.webdo.tn\/fr\/#organization"},"image":{"@id":"https:\/\/www.webdo.tn\/fr\/actualite\/international\/houcine-abassi-abdessalem-jerad-au-congres-federation-syndicats-arabes-amman\/184307\/#primaryimage"},"thumbnailUrl":"https:\/\/www.webdo.tn\/fr\/wp-content\/uploads\/2014\/10\/H.-Abassi-pdt-federation-des-syndicats-arabes-credit-photo-UGTT.jpg","articleSection":["International"],"inLanguage":"fr-FR"},{"@type":"WebPage","@id":"https:\/\/www.webdo.tn\/fr\/actualite\/international\/houcine-abassi-abdessalem-jerad-au-congres-federation-syndicats-arabes-amman\/184307\/","url":"https:\/\/www.webdo.tn\/fr\/actualite\/international\/houcine-abassi-abdessalem-jerad-au-congres-federation-syndicats-arabes-amman\/184307\/","name":"Houcine Abassi et Abdessalem Jerad au congr\u00e8s de la F\u00e9d\u00e9ration des syndicats arabes \u00e0 Amman","isPartOf":{"@id":"https:\/\/www.webdo.tn\/fr\/#website"},"primaryImageOfPage":{"@id":"https:\/\/www.webdo.tn\/fr\/actualite\/international\/houcine-abassi-abdessalem-jerad-au-congres-federation-syndicats-arabes-amman\/184307\/#primaryimage"},"image":{"@id":"https:\/\/www.webdo.tn\/fr\/actualite\/international\/houcine-abassi-abdessalem-jerad-au-congres-federation-syndicats-arabes-amman\/184307\/#primaryimage"},"thumbnailUrl":"https:\/\/www.webdo.tn\/fr\/wp-content\/uploads\/2014\/10\/H.-Abassi-pdt-federation-des-syndicats-arabes-credit-photo-UGTT.jpg","datePublished":"2014-10-03T09:59:00+00:00","dateModified":"2025-05-22T13:03:45+00:00","description":"Houcine Abassi et Abdessalem Jerad au congr\u00e8s de la F\u00e9d\u00e9ration des syndicats arabes \u00e0 Amman","breadcrumb":{"@id":"https:\/\/www.webdo.tn\/fr\/actualite\/international\/houcine-abassi-abdessalem-jerad-au-congres-federation-syndicats-arabes-amman\/184307\/#breadcrumb"},"inLanguage":"fr-FR","potentialAction":[{"@type":"ReadAction","target":["https:\/\/www.webdo.tn\/fr\/actualite\/international\/houcine-abassi-abdessalem-jerad-au-congres-federation-syndicats-arabes-amman\/184307\/"]}]},{"@type":"ImageObject","inLanguage":"fr-FR","@id":"https:\/\/www.webdo.tn\/fr\/actualite\/international\/houcine-abassi-abdessalem-jerad-au-congres-federation-syndicats-arabes-amman\/184307\/#primaryimage","url":"https:\/\/www.webdo.tn\/fr\/wp-content\/uploads\/2014\/10\/H.-Abassi-pdt-federation-des-syndicats-arabes-credit-photo-UGTT.jpg","contentUrl":"https:\/\/www.webdo.tn\/fr\/wp-content\/uploads\/2014\/10\/H.-Abassi-pdt-federation-des-syndicats-arabes-credit-photo-UGTT.jpg","width":580,"height":380,"caption":"Houcine Abassi et Abdessalem Jerad au congr\u00e8s de la F\u00e9d\u00e9ration des syndicats arabes \u00e0 Amman"},{"@type":"BreadcrumbList","@id":"https:\/\/www.webdo.tn\/fr\/actualite\/international\/houcine-abassi-abdessalem-jerad-au-congres-federation-syndicats-arabes-amman\/184307\/#breadcrumb","itemListElement":[{"@type":"ListItem","position":1,"name":"Accueil","item":"https:\/\/www.webdo.tn\/fr\/"},{"@type":"ListItem","position":2,"name":"Houcine Abassi et Abdessalem Jerad au congr\u00e8s de la F\u00e9d\u00e9ration des syndicats arabes \u00e0 Amman"}]},{"@type":"WebSite","@id":"https:\/\/www.webdo.tn\/fr\/#website","url":"https:\/\/www.webdo.tn\/fr\/","name":"webdo","description":"Tunisie - News en Tunisie et \u00e0 l&#039;international sur Webdo.tn","publisher":{"@id":"https:\/\/www.webdo.tn\/fr\/#organization"},"potentialAction":[{"@type":"SearchAction","target":{"@type":"EntryPoint","urlTemplate":"https:\/\/www.webdo.tn\/fr\/?s={search_term_string}"},"query-input":{"@type":"PropertyValueSpecification","valueRequired":true,"valueName":"search_term_string"}}],"inLanguage":"fr-FR"},{"@type":"Organization","@id":"https:\/\/www.webdo.tn\/fr\/#organization","name":"Webdo","alternateName":"Webdo.tn","url":"https:\/\/www.webdo.tn\/fr\/","logo":{"@type":"ImageObject","inLanguage":"fr-FR","@id":"https:\/\/www.webdo.tn\/fr\/#\/schema\/logo\/image\/","url":"https:\/\/www.webdo.tn\/fr\/wp-content\/uploads\/2025\/06\/Webdo-Tunisie_168377.jpg","contentUrl":"https:\/\/www.webdo.tn\/fr\/wp-content\/uploads\/2025\/06\/Webdo-Tunisie_168377.jpg","width":301,"height":301,"caption":"Webdo"},"image":{"@id":"https:\/\/www.webdo.tn\/fr\/#\/schema\/logo\/image\/"},"sameAs":["https:\/\/www.facebook.com\/webdotn","https:\/\/x.com\/webdo_tn"],"description":"Webdo est un m\u00e9dia num\u00e9rique tunisien fond\u00e9 en 2010, sp\u00e9cialis\u00e9 dans l\u2019actualit\u00e9 nationale et internationale, l\u2019\u00e9conomie, la soci\u00e9t\u00e9 et les analyses politiques. Le site s\u2019adresse \u00e0 un large public francophone et couvre l\u2019information tunisienne en temps r\u00e9el.","email":"redac@webdo.tn","legalName":"YNJ SARL","foundingDate":"2010-09-06","numberOfEmployees":{"@type":"QuantitativeValue","minValue":"11","maxValue":"50"}},{"@type":"Person","@id":"https:\/\/www.webdo.tn\/fr\/#\/schema\/person\/9a9c6118d687c117df8ef3cc36a4d175","name":"webdo.tn","image":{"@type":"ImageObject","inLanguage":"fr-FR","@id":"https:\/\/secure.gravatar.com\/avatar\/7ce1f28c0c3bbac99ff550b85ef8e44a6950c6ee24514fb6a5489e51d06f0298?s=96&d=mm&r=g","url":"https:\/\/secure.gravatar.com\/avatar\/7ce1f28c0c3bbac99ff550b85ef8e44a6950c6ee24514fb6a5489e51d06f0298?s=96&d=mm&r=g","contentUrl":"https:\/\/secure.gravatar.com\/avatar\/7ce1f28c0c3bbac99ff550b85ef8e44a6950c6ee24514fb6a5489e51d06f0298?s=96&d=mm&r=g","caption":"webdo.tn"},"url":"https:\/\/www.webdo.tn\/fr\/actualite\/author\/webdotn\/"}]}},"_links":{"self":[{"href":"https:\/\/www.webdo.tn\/fr\/wp-json\/wp\/v2\/posts\/184307","targetHints":{"allow":["GET"]}}],"collection":[{"href":"https:\/\/www.webdo.tn\/fr\/wp-json\/wp\/v2\/posts"}],"about":[{"href":"https:\/\/www.webdo.tn\/fr\/wp-json\/wp\/v2\/types\/post"}],"author":[{"embeddable":true,"href":"https:\/\/www.webdo.tn\/fr\/wp-json\/wp\/v2\/users\/3222"}],"replies":[{"embeddable":true,"href":"https:\/\/www.webdo.tn\/fr\/wp-json\/wp\/v2\/comments?post=184307"}],"version-history":[{"count":0,"href":"https:\/\/www.webdo.tn\/fr\/wp-json\/wp\/v2\/posts\/184307\/revisions"}],"wp:featuredmedia":[{"embeddable":true,"href":"https:\/\/www.webdo.tn\/fr\/wp-json\/wp\/v2\/media\/320206"}],"wp:attachment":[{"href":"https:\/\/www.webdo.tn\/fr\/wp-json\/wp\/v2\/media?parent=184307"}],"wp:term":[{"taxonomy":"category","embeddable":true,"href":"https:\/\/www.webdo.tn\/fr\/wp-json\/wp\/v2\/categories?post=184307"},{"taxonomy":"post_tag","embeddable":true,"href":"https:\/\/www.webdo.tn\/fr\/wp-json\/wp\/v2\/tags?post=184307"}],"curies":[{"name":"wp","href":"https:\/\/api.w.org\/{rel}","templated":true}]}}