{"id":184306,"date":"2014-10-06T12:49:00","date_gmt":"2014-10-06T10:49:00","guid":{"rendered":"https:\/\/www.webdo.tn\/fr\/actualite\/international\/lorganisation-action-chretiens-labolition-torture-zyed-younes-nouvelle-victime-lutte-antiterroriste-en-tunisie\/184306"},"modified":"2014-10-06T12:49:00","modified_gmt":"2014-10-06T10:49:00","slug":"lorganisation-action-chretiens-labolition-torture-zyed-younes-nouvelle-victime-lutte-antiterroriste-en-tunisie","status":"publish","type":"post","link":"https:\/\/www.webdo.tn\/fr\/actualite\/international\/lorganisation-action-chretiens-labolition-torture-zyed-younes-nouvelle-victime-lutte-antiterroriste-en-tunisie\/184306\/","title":{"rendered":"L&rsquo;organisation \u00ab\u00a0Action des chr\u00e9tiens pour l&rsquo;abolition de la torture\u00a0\u00bb : Zyed Younes, nouvelle victime de la lutte antiterroriste en Tunisie"},"content":{"rendered":"<p>Apr\u00e8s l&rsquo;annonce de\u00a0l&rsquo;Organisation Tunisienne Contre la Torture\u00a0de la mort de deux d\u00e9tenus, avec fortes pr\u00e9somptions de torture, l&rsquo;ACAT,\u00a0Action des chr\u00e9tiens pour l&rsquo;abolition de la torture, a publi\u00e9 sur son site ce lundi 6 octobre une nouvelle alerte au sujet de Zyed Younes, nouvelle victime de la lutte antiterroriste en Tunisie.\u00a0<\/p>\n<p>\u00ab\u00a0Zyed Younes, \u00e9tudiant de 25\u00a0ans, a \u00e9t\u00e9 interpell\u00e9 le 20\u00a0septembre\u00a02014, dans le cadre d\u2019une nouvelle vague d\u2019arrestations men\u00e9es par la brigade antiterroriste de Gorjani. Comme beaucoup d\u2019autres jeunes hommes arr\u00eat\u00e9s dans le m\u00eame contexte, il dit avoir \u00e9t\u00e9 tortur\u00e9 pendant sa garde \u00e0 vue afin de lui faire signer des aveux.<br \/>\nTorture \u00e0 Kasserine\u00a0<br \/>\nApr\u00e8s une arrestation muscl\u00e9e au domicile de ses parents, pr\u00e8s de Sousse, Zyed\u00a0Younes a \u00e9t\u00e9 conduit \u00e0 Monastir puis \u00e0 Kasserine o\u00f9 les policiers ont proc\u00e9d\u00e9 \u00e0 d\u2019autres interpellations. Ses cod\u00e9tenus et lui ont d\u2019abord \u00e9t\u00e9 d\u00e9tenus pendant quelques heures dans un b\u00e2timent \u00e0 Kasserine. L\u00e0-bas, Zyed\u00a0Younes a \u00e9t\u00e9 tortur\u00e9 dans la m\u00eame pi\u00e8ce qu\u2019un de ses camarades. Tous deux ont notamment \u00e9t\u00e9 d\u00e9nud\u00e9s, mis dans la position du \u00ab\u00a0poulet r\u00f4ti\u00a0\u00bb et rou\u00e9s de coups de poing, de pied, de barre de fer et de tuyau.<\/p>\n<p>Puis le jeune homme a \u00e9t\u00e9 conduit \u00e0 Tunis, parqu\u00e9 dans une voiture avec de nombreux autres d\u00e9tenus, dans une chaleur insupportable au point qu\u2019il a vomi. Il a ensuite pass\u00e9 la nuit dans des conditions inhumaines au centre de garde \u00e0 vue de Bouchoucha.<br \/>\nApr\u00e8s la torture, \u00e0 nouveau \u00e0 Gorjeni, le juge refuse\u00a0d\u2019ordonner une expertise m\u00e9dicale<br \/>\nSelon le r\u00e9cit qu\u2019il a fait \u00e0 son avocate, Me Ines Harrath, le lendemain, il a \u00e9t\u00e9 emmen\u00e9 au sein des locaux de la brigade antiterroriste de\u00a0Gorjani et a de nouveau \u00e9t\u00e9 tortur\u00e9 pendant tout le reste de sa garde \u00e0 vue. Tabass\u00e9 \u00e0 plusieurs reprises, avec ses cod\u00e9tenus, dans une ge\u00f4le surpeupl\u00e9e, priv\u00e9 de sommeil et de nourriture, \u00e9lectrocut\u00e9, il a fini par \u00eatre conduit \u00e0 l\u2019h\u00f4pital le cinqui\u00e8me jour de sa d\u00e9tention, apr\u00e8s avoir sign\u00e9 des aveux sous la contrainte. Le m\u00e9decin s\u2019est content\u00e9 de lui administrer un m\u00e9dicament et Zyed\u00a0Younes a \u00e9t\u00e9 reconduit \u00e0\u00a0Gorjani pour la nuit avant d\u2019\u00eatre pr\u00e9sent\u00e9 devant le juge d\u2019instruction le lendemain, avec ses 22\u00a0cod\u00e9tenus.<br \/>\nSur l\u2019insistance des avocats, le juge d\u2019instruction a accept\u00e9 de consigner les traces et les all\u00e9gations de torture de Zyed\u00a0Younes dans le proc\u00e8s-verbal, mais a refus\u00e9 d\u2019ordonner une expertise m\u00e9dicale et a d\u00e9cid\u00e9 son placement en d\u00e9tention provisoire.<br \/>\nImpunit\u00e9 et instabilit\u00e9 politique<br \/>\nLa r\u00e9volution tunisienne n\u2019a pas eu raison des pratiques tortionnaires h\u00e9rit\u00e9es de l\u2019ancien r\u00e9gime et de l\u2019impunit\u00e9 de ceux qui les commettent. La torture est certes moins syst\u00e9matique qu\u2019\u00e0 l\u2019\u00e9poque de Ben\u00a0Ali, mais elle continue d\u2019\u00eatre exerc\u00e9e, non seulement \u00e0 des fins punitives, mais aussi dans le but d\u2019extorquer des aveux. Les personnes arr\u00eat\u00e9es dans le cadre de la lutte antiterroriste demeurent aujourd\u2019hui les principales victimes de la torture. Toutefois, celles suspect\u00e9es de crimes de droit commun, notamment de trafic ou de consommation de stup\u00e9fiants, sont fr\u00e9quemment victimes de mauvais traitements pouvant aller jusqu\u2019\u00e0 la torture.<br \/>\nLe ph\u00e9nom\u00e8ne tortionnaire est encourag\u00e9 par une impunit\u00e9 g\u00e9n\u00e9ralis\u00e9e. En effet, bien que la situation se soit quelque peu am\u00e9lior\u00e9e depuis la r\u00e9volution, les plaintes enregistr\u00e9es sont encore trop rarement instruites et, lorsqu\u2019elles le sont, l\u2019instruction est souvent entach\u00e9e d\u2019irr\u00e9gularit\u00e9s.<br \/>\nRecours \u00e0 la torture<br \/>\nDepuis septembre\u00a02012, l\u2019ACAT et son partenaire suisse, TRIAL, ont d\u00e9velopp\u00e9 un grand nombre d\u2019actions pour aider les victimes de torture \u00e0 obtenir justice en mettant en \u0153uvre un programme de renforcement des capacit\u00e9s de travail des avocats travaillant sur les dossiers de torture.<br \/>\nEn novembre\u00a02012, dans le cadre de ce projet, l\u2019ACAT et TRIAL ont form\u00e9 une vingtaine d\u2019avocats tunisiens, puis engag\u00e9 plusieurs d\u2019entre eux pour travailler sur 14\u00a0dossiers de victimes ayant \u00e9t\u00e9 tortur\u00e9es en Tunisie avant ou apr\u00e8s la r\u00e9volution.<br \/>\nLe 14\u00a0janvier\u00a02014, l\u2019ACAT et TRIAL ont publi\u00e9 un rapport,\u00a0Tunisie, un printemps inachev\u00e9\u00a0: dix cas de torture pass\u00e9s au crible, qui dresse le bilan de leur travail et formule des recommandations \u00e0 l\u2019attention des autorit\u00e9s tunisiennes pour am\u00e9liorer la lutte contre l\u2019impunit\u00e9.\u00a0\u00bb<\/p>\n","protected":false},"excerpt":{"rendered":"<p>Apr\u00e8s l&rsquo;annonce de\u00a0l&rsquo;Organisation Tunisienne Contre la Torture\u00a0de la mort de deux d\u00e9tenus, avec fortes pr\u00e9somptions de torture, l&rsquo;ACAT,\u00a0Action des ch<\/p>\n","protected":false},"author":3222,"featured_media":375133,"comment_status":"open","ping_status":"open","sticky":false,"template":"","format":"standard","meta":{"footnotes":""},"categories":[2598],"tags":[],"class_list":["post-184306","post","type-post","status-publish","format-standard","has-post-thumbnail","hentry","category-international"],"yoast_head":"<!-- This site is optimized with the Yoast SEO Premium plugin v27.5 (Yoast SEO v27.5) - https:\/\/yoast.com\/product\/yoast-seo-premium-wordpress\/ -->\n<title>L&#039;organisation Action des chr\u00e9tiens pour l&#039;abolition de la torture : Zyed Younes, nouvelle victime de la lutte antiterroriste en Tunisie<\/title>\n<meta name=\"description\" content=\"L&#039;organisation Action des chr\u00e9tiens pour l&#039;abolition de la torture : Zyed Younes, nouvelle victime de la lutte antiterroriste en Tunisie\" \/>\n<link rel=\"canonical\" href=\"https:\/\/www.webdo.tn\/fr\/actualite\/international\/lorganisation-action-chretiens-labolition-torture-zyed-younes-nouvelle-victime-lutte-antiterroriste-en-tunisie\/184306\/\" \/>\n<meta property=\"og:locale\" content=\"fr_FR\" \/>\n<meta property=\"og:type\" content=\"article\" \/>\n<meta property=\"og:title\" content=\"L&#039;organisation &quot;Action des chr\u00e9tiens pour l&#039;abolition de la torture&quot; : Zyed Younes, nouvelle victime de la lutte antiterroriste en Tunisie\" \/>\n<meta property=\"og:description\" content=\"L&#039;organisation Action des chr\u00e9tiens pour l&#039;abolition de la torture : Zyed Younes, nouvelle victime de la lutte antiterroriste en Tunisie\" \/>\n<meta property=\"og:url\" content=\"https:\/\/www.webdo.tn\/fr\/actualite\/international\/lorganisation-action-chretiens-labolition-torture-zyed-younes-nouvelle-victime-lutte-antiterroriste-en-tunisie\/184306\/\" \/>\n<meta property=\"og:site_name\" content=\"webdo\" \/>\n<meta property=\"article:publisher\" content=\"https:\/\/www.facebook.com\/webdotn\" \/>\n<meta property=\"article:published_time\" content=\"2014-10-06T10:49:00+00:00\" \/>\n<meta name=\"author\" content=\"webdo.tn\" \/>\n<meta name=\"twitter:card\" content=\"summary_large_image\" \/>\n<meta name=\"twitter:creator\" content=\"@webdo_tn\" \/>\n<meta name=\"twitter:site\" content=\"@webdo_tn\" \/>\n<meta name=\"twitter:label1\" content=\"\u00c9crit par\" \/>\n\t<meta name=\"twitter:data1\" content=\"webdo.tn\" \/>\n\t<meta name=\"twitter:label2\" content=\"Dur\u00e9e de lecture estim\u00e9e\" \/>\n\t<meta name=\"twitter:data2\" content=\"4 minutes\" \/>\n<script type=\"application\/ld+json\" class=\"yoast-schema-graph\">{\"@context\":\"https:\\\/\\\/schema.org\",\"@graph\":[{\"@type\":\"NewsArticle\",\"@id\":\"https:\\\/\\\/www.webdo.tn\\\/fr\\\/actualite\\\/international\\\/lorganisation-action-chretiens-labolition-torture-zyed-younes-nouvelle-victime-lutte-antiterroriste-en-tunisie\\\/184306\\\/#article\",\"isPartOf\":{\"@id\":\"https:\\\/\\\/www.webdo.tn\\\/fr\\\/actualite\\\/international\\\/lorganisation-action-chretiens-labolition-torture-zyed-younes-nouvelle-victime-lutte-antiterroriste-en-tunisie\\\/184306\\\/\"},\"author\":{\"name\":\"webdo.tn\",\"@id\":\"https:\\\/\\\/www.webdo.tn\\\/fr\\\/#\\\/schema\\\/person\\\/9a9c6118d687c117df8ef3cc36a4d175\"},\"headline\":\"L&rsquo;organisation \u00ab\u00a0Action des chr\u00e9tiens pour l&rsquo;abolition de la torture\u00a0\u00bb : Zyed Younes, nouvelle victime de la lutte antiterroriste en Tunisie\",\"datePublished\":\"2014-10-06T10:49:00+00:00\",\"mainEntityOfPage\":{\"@id\":\"https:\\\/\\\/www.webdo.tn\\\/fr\\\/actualite\\\/international\\\/lorganisation-action-chretiens-labolition-torture-zyed-younes-nouvelle-victime-lutte-antiterroriste-en-tunisie\\\/184306\\\/\"},\"wordCount\":789,\"commentCount\":0,\"publisher\":{\"@id\":\"https:\\\/\\\/www.webdo.tn\\\/fr\\\/#organization\"},\"image\":{\"@id\":\"https:\\\/\\\/www.webdo.tn\\\/fr\\\/actualite\\\/international\\\/lorganisation-action-chretiens-labolition-torture-zyed-younes-nouvelle-victime-lutte-antiterroriste-en-tunisie\\\/184306\\\/#primaryimage\"},\"thumbnailUrl\":\"https:\\\/\\\/www.webdo.tn\\\/fr\\\/wp-content\\\/uploads\\\/2025\\\/06\\\/zyed_younes3_184306.jpg\",\"articleSection\":[\"International\"],\"inLanguage\":\"fr-FR\"},{\"@type\":\"WebPage\",\"@id\":\"https:\\\/\\\/www.webdo.tn\\\/fr\\\/actualite\\\/international\\\/lorganisation-action-chretiens-labolition-torture-zyed-younes-nouvelle-victime-lutte-antiterroriste-en-tunisie\\\/184306\\\/\",\"url\":\"https:\\\/\\\/www.webdo.tn\\\/fr\\\/actualite\\\/international\\\/lorganisation-action-chretiens-labolition-torture-zyed-younes-nouvelle-victime-lutte-antiterroriste-en-tunisie\\\/184306\\\/\",\"name\":\"L'organisation Action des chr\u00e9tiens pour l'abolition de la torture : Zyed Younes, nouvelle victime de la lutte antiterroriste en Tunisie\",\"isPartOf\":{\"@id\":\"https:\\\/\\\/www.webdo.tn\\\/fr\\\/#website\"},\"primaryImageOfPage\":{\"@id\":\"https:\\\/\\\/www.webdo.tn\\\/fr\\\/actualite\\\/international\\\/lorganisation-action-chretiens-labolition-torture-zyed-younes-nouvelle-victime-lutte-antiterroriste-en-tunisie\\\/184306\\\/#primaryimage\"},\"image\":{\"@id\":\"https:\\\/\\\/www.webdo.tn\\\/fr\\\/actualite\\\/international\\\/lorganisation-action-chretiens-labolition-torture-zyed-younes-nouvelle-victime-lutte-antiterroriste-en-tunisie\\\/184306\\\/#primaryimage\"},\"thumbnailUrl\":\"https:\\\/\\\/www.webdo.tn\\\/fr\\\/wp-content\\\/uploads\\\/2025\\\/06\\\/zyed_younes3_184306.jpg\",\"datePublished\":\"2014-10-06T10:49:00+00:00\",\"description\":\"L'organisation Action des chr\u00e9tiens pour l'abolition de la torture : Zyed Younes, nouvelle victime de la lutte antiterroriste en Tunisie\",\"breadcrumb\":{\"@id\":\"https:\\\/\\\/www.webdo.tn\\\/fr\\\/actualite\\\/international\\\/lorganisation-action-chretiens-labolition-torture-zyed-younes-nouvelle-victime-lutte-antiterroriste-en-tunisie\\\/184306\\\/#breadcrumb\"},\"inLanguage\":\"fr-FR\",\"potentialAction\":[{\"@type\":\"ReadAction\",\"target\":[\"https:\\\/\\\/www.webdo.tn\\\/fr\\\/actualite\\\/international\\\/lorganisation-action-chretiens-labolition-torture-zyed-younes-nouvelle-victime-lutte-antiterroriste-en-tunisie\\\/184306\\\/\"]}]},{\"@type\":\"ImageObject\",\"inLanguage\":\"fr-FR\",\"@id\":\"https:\\\/\\\/www.webdo.tn\\\/fr\\\/actualite\\\/international\\\/lorganisation-action-chretiens-labolition-torture-zyed-younes-nouvelle-victime-lutte-antiterroriste-en-tunisie\\\/184306\\\/#primaryimage\",\"url\":\"https:\\\/\\\/www.webdo.tn\\\/fr\\\/wp-content\\\/uploads\\\/2025\\\/06\\\/zyed_younes3_184306.jpg\",\"contentUrl\":\"https:\\\/\\\/www.webdo.tn\\\/fr\\\/wp-content\\\/uploads\\\/2025\\\/06\\\/zyed_younes3_184306.jpg\",\"width\":298,\"height\":221,\"caption\":\"L'organisation \\\"Action des chr\u00e9tiens pour l'abolition de la torture\\\" : Zyed Younes, nouvelle victime de la lutte antiterroriste en Tunisie\"},{\"@type\":\"BreadcrumbList\",\"@id\":\"https:\\\/\\\/www.webdo.tn\\\/fr\\\/actualite\\\/international\\\/lorganisation-action-chretiens-labolition-torture-zyed-younes-nouvelle-victime-lutte-antiterroriste-en-tunisie\\\/184306\\\/#breadcrumb\",\"itemListElement\":[{\"@type\":\"ListItem\",\"position\":1,\"name\":\"Accueil\",\"item\":\"https:\\\/\\\/www.webdo.tn\\\/fr\\\/\"},{\"@type\":\"ListItem\",\"position\":2,\"name\":\"L&rsquo;organisation \u00ab\u00a0Action des chr\u00e9tiens pour l&rsquo;abolition de la torture\u00a0\u00bb : Zyed Younes, nouvelle victime de la lutte antiterroriste en Tunisie\"}]},{\"@type\":\"WebSite\",\"@id\":\"https:\\\/\\\/www.webdo.tn\\\/fr\\\/#website\",\"url\":\"https:\\\/\\\/www.webdo.tn\\\/fr\\\/\",\"name\":\"webdo\",\"description\":\"Tunisie - News en Tunisie et \u00e0 l&#039;international sur Webdo.tn\",\"publisher\":{\"@id\":\"https:\\\/\\\/www.webdo.tn\\\/fr\\\/#organization\"},\"potentialAction\":[{\"@type\":\"SearchAction\",\"target\":{\"@type\":\"EntryPoint\",\"urlTemplate\":\"https:\\\/\\\/www.webdo.tn\\\/fr\\\/?s={search_term_string}\"},\"query-input\":{\"@type\":\"PropertyValueSpecification\",\"valueRequired\":true,\"valueName\":\"search_term_string\"}}],\"inLanguage\":\"fr-FR\"},{\"@type\":\"Organization\",\"@id\":\"https:\\\/\\\/www.webdo.tn\\\/fr\\\/#organization\",\"name\":\"Webdo\",\"alternateName\":\"Webdo.tn\",\"url\":\"https:\\\/\\\/www.webdo.tn\\\/fr\\\/\",\"logo\":{\"@type\":\"ImageObject\",\"inLanguage\":\"fr-FR\",\"@id\":\"https:\\\/\\\/www.webdo.tn\\\/fr\\\/#\\\/schema\\\/logo\\\/image\\\/\",\"url\":\"https:\\\/\\\/www.webdo.tn\\\/fr\\\/wp-content\\\/uploads\\\/2025\\\/06\\\/Webdo-Tunisie_168377.jpg\",\"contentUrl\":\"https:\\\/\\\/www.webdo.tn\\\/fr\\\/wp-content\\\/uploads\\\/2025\\\/06\\\/Webdo-Tunisie_168377.jpg\",\"width\":301,\"height\":301,\"caption\":\"Webdo\"},\"image\":{\"@id\":\"https:\\\/\\\/www.webdo.tn\\\/fr\\\/#\\\/schema\\\/logo\\\/image\\\/\"},\"sameAs\":[\"https:\\\/\\\/www.facebook.com\\\/webdotn\",\"https:\\\/\\\/x.com\\\/webdo_tn\"],\"description\":\"Webdo est un m\u00e9dia num\u00e9rique tunisien fond\u00e9 en 2010, sp\u00e9cialis\u00e9 dans l\u2019actualit\u00e9 nationale et internationale, l\u2019\u00e9conomie, la soci\u00e9t\u00e9 et les analyses politiques. Le site s\u2019adresse \u00e0 un large public francophone et couvre l\u2019information tunisienne en temps r\u00e9el.\",\"email\":\"redac@webdo.tn\",\"legalName\":\"YNJ SARL\",\"foundingDate\":\"2010-09-06\",\"numberOfEmployees\":{\"@type\":\"QuantitativeValue\",\"minValue\":\"11\",\"maxValue\":\"50\"}},{\"@type\":\"Person\",\"@id\":\"https:\\\/\\\/www.webdo.tn\\\/fr\\\/#\\\/schema\\\/person\\\/9a9c6118d687c117df8ef3cc36a4d175\",\"name\":\"webdo.tn\",\"image\":{\"@type\":\"ImageObject\",\"inLanguage\":\"fr-FR\",\"@id\":\"https:\\\/\\\/secure.gravatar.com\\\/avatar\\\/7ce1f28c0c3bbac99ff550b85ef8e44a6950c6ee24514fb6a5489e51d06f0298?s=96&d=mm&r=g\",\"url\":\"https:\\\/\\\/secure.gravatar.com\\\/avatar\\\/7ce1f28c0c3bbac99ff550b85ef8e44a6950c6ee24514fb6a5489e51d06f0298?s=96&d=mm&r=g\",\"contentUrl\":\"https:\\\/\\\/secure.gravatar.com\\\/avatar\\\/7ce1f28c0c3bbac99ff550b85ef8e44a6950c6ee24514fb6a5489e51d06f0298?s=96&d=mm&r=g\",\"caption\":\"webdo.tn\"},\"url\":\"https:\\\/\\\/www.webdo.tn\\\/fr\\\/actualite\\\/author\\\/webdotn\\\/\"}]}<\/script>\n<!-- \/ Yoast SEO Premium plugin. -->","yoast_head_json":{"title":"L'organisation Action des chr\u00e9tiens pour l'abolition de la torture : Zyed Younes, nouvelle victime de la lutte antiterroriste en Tunisie","description":"L'organisation Action des chr\u00e9tiens pour l'abolition de la torture : Zyed Younes, nouvelle victime de la lutte antiterroriste en Tunisie","canonical":"https:\/\/www.webdo.tn\/fr\/actualite\/international\/lorganisation-action-chretiens-labolition-torture-zyed-younes-nouvelle-victime-lutte-antiterroriste-en-tunisie\/184306\/","og_locale":"fr_FR","og_type":"article","og_title":"L'organisation \"Action des chr\u00e9tiens pour l'abolition de la torture\" : Zyed Younes, nouvelle victime de la lutte antiterroriste en Tunisie","og_description":"L'organisation Action des chr\u00e9tiens pour l'abolition de la torture : Zyed Younes, nouvelle victime de la lutte antiterroriste en Tunisie","og_url":"https:\/\/www.webdo.tn\/fr\/actualite\/international\/lorganisation-action-chretiens-labolition-torture-zyed-younes-nouvelle-victime-lutte-antiterroriste-en-tunisie\/184306\/","og_site_name":"webdo","article_publisher":"https:\/\/www.facebook.com\/webdotn","article_published_time":"2014-10-06T10:49:00+00:00","author":"webdo.tn","twitter_card":"summary_large_image","twitter_creator":"@webdo_tn","twitter_site":"@webdo_tn","twitter_misc":{"\u00c9crit par":"webdo.tn","Dur\u00e9e de lecture estim\u00e9e":"4 minutes"},"schema":{"@context":"https:\/\/schema.org","@graph":[{"@type":"NewsArticle","@id":"https:\/\/www.webdo.tn\/fr\/actualite\/international\/lorganisation-action-chretiens-labolition-torture-zyed-younes-nouvelle-victime-lutte-antiterroriste-en-tunisie\/184306\/#article","isPartOf":{"@id":"https:\/\/www.webdo.tn\/fr\/actualite\/international\/lorganisation-action-chretiens-labolition-torture-zyed-younes-nouvelle-victime-lutte-antiterroriste-en-tunisie\/184306\/"},"author":{"name":"webdo.tn","@id":"https:\/\/www.webdo.tn\/fr\/#\/schema\/person\/9a9c6118d687c117df8ef3cc36a4d175"},"headline":"L&rsquo;organisation \u00ab\u00a0Action des chr\u00e9tiens pour l&rsquo;abolition de la torture\u00a0\u00bb : Zyed Younes, nouvelle victime de la lutte antiterroriste en Tunisie","datePublished":"2014-10-06T10:49:00+00:00","mainEntityOfPage":{"@id":"https:\/\/www.webdo.tn\/fr\/actualite\/international\/lorganisation-action-chretiens-labolition-torture-zyed-younes-nouvelle-victime-lutte-antiterroriste-en-tunisie\/184306\/"},"wordCount":789,"commentCount":0,"publisher":{"@id":"https:\/\/www.webdo.tn\/fr\/#organization"},"image":{"@id":"https:\/\/www.webdo.tn\/fr\/actualite\/international\/lorganisation-action-chretiens-labolition-torture-zyed-younes-nouvelle-victime-lutte-antiterroriste-en-tunisie\/184306\/#primaryimage"},"thumbnailUrl":"https:\/\/www.webdo.tn\/fr\/wp-content\/uploads\/2025\/06\/zyed_younes3_184306.jpg","articleSection":["International"],"inLanguage":"fr-FR"},{"@type":"WebPage","@id":"https:\/\/www.webdo.tn\/fr\/actualite\/international\/lorganisation-action-chretiens-labolition-torture-zyed-younes-nouvelle-victime-lutte-antiterroriste-en-tunisie\/184306\/","url":"https:\/\/www.webdo.tn\/fr\/actualite\/international\/lorganisation-action-chretiens-labolition-torture-zyed-younes-nouvelle-victime-lutte-antiterroriste-en-tunisie\/184306\/","name":"L'organisation Action des chr\u00e9tiens pour l'abolition de la torture : Zyed Younes, nouvelle victime de la lutte antiterroriste en Tunisie","isPartOf":{"@id":"https:\/\/www.webdo.tn\/fr\/#website"},"primaryImageOfPage":{"@id":"https:\/\/www.webdo.tn\/fr\/actualite\/international\/lorganisation-action-chretiens-labolition-torture-zyed-younes-nouvelle-victime-lutte-antiterroriste-en-tunisie\/184306\/#primaryimage"},"image":{"@id":"https:\/\/www.webdo.tn\/fr\/actualite\/international\/lorganisation-action-chretiens-labolition-torture-zyed-younes-nouvelle-victime-lutte-antiterroriste-en-tunisie\/184306\/#primaryimage"},"thumbnailUrl":"https:\/\/www.webdo.tn\/fr\/wp-content\/uploads\/2025\/06\/zyed_younes3_184306.jpg","datePublished":"2014-10-06T10:49:00+00:00","description":"L'organisation Action des chr\u00e9tiens pour l'abolition de la torture : Zyed Younes, nouvelle victime de la lutte antiterroriste en Tunisie","breadcrumb":{"@id":"https:\/\/www.webdo.tn\/fr\/actualite\/international\/lorganisation-action-chretiens-labolition-torture-zyed-younes-nouvelle-victime-lutte-antiterroriste-en-tunisie\/184306\/#breadcrumb"},"inLanguage":"fr-FR","potentialAction":[{"@type":"ReadAction","target":["https:\/\/www.webdo.tn\/fr\/actualite\/international\/lorganisation-action-chretiens-labolition-torture-zyed-younes-nouvelle-victime-lutte-antiterroriste-en-tunisie\/184306\/"]}]},{"@type":"ImageObject","inLanguage":"fr-FR","@id":"https:\/\/www.webdo.tn\/fr\/actualite\/international\/lorganisation-action-chretiens-labolition-torture-zyed-younes-nouvelle-victime-lutte-antiterroriste-en-tunisie\/184306\/#primaryimage","url":"https:\/\/www.webdo.tn\/fr\/wp-content\/uploads\/2025\/06\/zyed_younes3_184306.jpg","contentUrl":"https:\/\/www.webdo.tn\/fr\/wp-content\/uploads\/2025\/06\/zyed_younes3_184306.jpg","width":298,"height":221,"caption":"L'organisation \"Action des chr\u00e9tiens pour l'abolition de la torture\" : Zyed Younes, nouvelle victime de la lutte antiterroriste en Tunisie"},{"@type":"BreadcrumbList","@id":"https:\/\/www.webdo.tn\/fr\/actualite\/international\/lorganisation-action-chretiens-labolition-torture-zyed-younes-nouvelle-victime-lutte-antiterroriste-en-tunisie\/184306\/#breadcrumb","itemListElement":[{"@type":"ListItem","position":1,"name":"Accueil","item":"https:\/\/www.webdo.tn\/fr\/"},{"@type":"ListItem","position":2,"name":"L&rsquo;organisation \u00ab\u00a0Action des chr\u00e9tiens pour l&rsquo;abolition de la torture\u00a0\u00bb : Zyed Younes, nouvelle victime de la lutte antiterroriste en Tunisie"}]},{"@type":"WebSite","@id":"https:\/\/www.webdo.tn\/fr\/#website","url":"https:\/\/www.webdo.tn\/fr\/","name":"webdo","description":"Tunisie - News en Tunisie et \u00e0 l&#039;international sur Webdo.tn","publisher":{"@id":"https:\/\/www.webdo.tn\/fr\/#organization"},"potentialAction":[{"@type":"SearchAction","target":{"@type":"EntryPoint","urlTemplate":"https:\/\/www.webdo.tn\/fr\/?s={search_term_string}"},"query-input":{"@type":"PropertyValueSpecification","valueRequired":true,"valueName":"search_term_string"}}],"inLanguage":"fr-FR"},{"@type":"Organization","@id":"https:\/\/www.webdo.tn\/fr\/#organization","name":"Webdo","alternateName":"Webdo.tn","url":"https:\/\/www.webdo.tn\/fr\/","logo":{"@type":"ImageObject","inLanguage":"fr-FR","@id":"https:\/\/www.webdo.tn\/fr\/#\/schema\/logo\/image\/","url":"https:\/\/www.webdo.tn\/fr\/wp-content\/uploads\/2025\/06\/Webdo-Tunisie_168377.jpg","contentUrl":"https:\/\/www.webdo.tn\/fr\/wp-content\/uploads\/2025\/06\/Webdo-Tunisie_168377.jpg","width":301,"height":301,"caption":"Webdo"},"image":{"@id":"https:\/\/www.webdo.tn\/fr\/#\/schema\/logo\/image\/"},"sameAs":["https:\/\/www.facebook.com\/webdotn","https:\/\/x.com\/webdo_tn"],"description":"Webdo est un m\u00e9dia num\u00e9rique tunisien fond\u00e9 en 2010, sp\u00e9cialis\u00e9 dans l\u2019actualit\u00e9 nationale et internationale, l\u2019\u00e9conomie, la soci\u00e9t\u00e9 et les analyses politiques. Le site s\u2019adresse \u00e0 un large public francophone et couvre l\u2019information tunisienne en temps r\u00e9el.","email":"redac@webdo.tn","legalName":"YNJ SARL","foundingDate":"2010-09-06","numberOfEmployees":{"@type":"QuantitativeValue","minValue":"11","maxValue":"50"}},{"@type":"Person","@id":"https:\/\/www.webdo.tn\/fr\/#\/schema\/person\/9a9c6118d687c117df8ef3cc36a4d175","name":"webdo.tn","image":{"@type":"ImageObject","inLanguage":"fr-FR","@id":"https:\/\/secure.gravatar.com\/avatar\/7ce1f28c0c3bbac99ff550b85ef8e44a6950c6ee24514fb6a5489e51d06f0298?s=96&d=mm&r=g","url":"https:\/\/secure.gravatar.com\/avatar\/7ce1f28c0c3bbac99ff550b85ef8e44a6950c6ee24514fb6a5489e51d06f0298?s=96&d=mm&r=g","contentUrl":"https:\/\/secure.gravatar.com\/avatar\/7ce1f28c0c3bbac99ff550b85ef8e44a6950c6ee24514fb6a5489e51d06f0298?s=96&d=mm&r=g","caption":"webdo.tn"},"url":"https:\/\/www.webdo.tn\/fr\/actualite\/author\/webdotn\/"}]}},"_links":{"self":[{"href":"https:\/\/www.webdo.tn\/fr\/wp-json\/wp\/v2\/posts\/184306","targetHints":{"allow":["GET"]}}],"collection":[{"href":"https:\/\/www.webdo.tn\/fr\/wp-json\/wp\/v2\/posts"}],"about":[{"href":"https:\/\/www.webdo.tn\/fr\/wp-json\/wp\/v2\/types\/post"}],"author":[{"embeddable":true,"href":"https:\/\/www.webdo.tn\/fr\/wp-json\/wp\/v2\/users\/3222"}],"replies":[{"embeddable":true,"href":"https:\/\/www.webdo.tn\/fr\/wp-json\/wp\/v2\/comments?post=184306"}],"version-history":[{"count":0,"href":"https:\/\/www.webdo.tn\/fr\/wp-json\/wp\/v2\/posts\/184306\/revisions"}],"wp:featuredmedia":[{"embeddable":true,"href":"https:\/\/www.webdo.tn\/fr\/wp-json\/wp\/v2\/media\/375133"}],"wp:attachment":[{"href":"https:\/\/www.webdo.tn\/fr\/wp-json\/wp\/v2\/media?parent=184306"}],"wp:term":[{"taxonomy":"category","embeddable":true,"href":"https:\/\/www.webdo.tn\/fr\/wp-json\/wp\/v2\/categories?post=184306"},{"taxonomy":"post_tag","embeddable":true,"href":"https:\/\/www.webdo.tn\/fr\/wp-json\/wp\/v2\/tags?post=184306"}],"curies":[{"name":"wp","href":"https:\/\/api.w.org\/{rel}","templated":true}]}}