{"id":184305,"date":"2014-10-07T13:13:00","date_gmt":"2014-10-07T11:13:00","guid":{"rendered":"https:\/\/www.webdo.tn\/fr\/actualite\/international\/tunisie-can-2015-senegal-tunisie-choc-de-la-3eme-journee\/184305"},"modified":"2014-10-07T13:13:00","modified_gmt":"2014-10-07T11:13:00","slug":"tunisie-can-2015-senegal-tunisie-choc-de-la-3eme-journee","status":"publish","type":"post","link":"https:\/\/www.webdo.tn\/fr\/actualite\/international\/tunisie-can-2015-senegal-tunisie-choc-de-la-3eme-journee\/184305\/","title":{"rendered":"CAN 2015 : S\u00e9n\u00e9gal &#8211; Tunisie, choc de la 3\u00e8me journ\u00e9e"},"content":{"rendered":"<p>SPORT | On aborde, ce week-end, la 3\u00e8me journ\u00e9e des \u00e9liminatoires de la 30\u00e8me \u00e9dition de la Coupe d\u2019Afrique des Nations, qui aura lieu au Maroc en 2015. Une journ\u00e9e domin\u00e9e par le choc du groupe G entre le S\u00e9n\u00e9gal et la Tunisie.<\/p>\n<p>Les deux \u00e9quipes ont fait le plein lors des deux premi\u00e8res journ\u00e9es. Occupant toutes les deux la premi\u00e8re place au classement, elles se retrouvent, ce vendredi 10 octobre (21H00 HT) au stade L\u00e9opold S\u00e9dar Senghor de Dakar pour une question de supr\u00e9matie, cinq jours avant des retrouvailles qui auront lieu \u00e0 Monastir (4\u00e8me journ\u00e9e).<\/p>\n<p>Les Tunisiens pourront compter sur une coh\u00e9sion retrouv\u00e9e au sein de la S\u00e9lection nationale malgr\u00e9 les absences du d\u00e9fenseur Bilel Mohsni, de Jamel Saihi et Sami Allagui. Le camp s\u00e9n\u00e9galais vit \u00e9galement le m\u00eame genre de probl\u00e8mes le s\u00e9lectionneur du S\u00e9n\u00e9gal Alain Giresse devra se passer de quatre joueurs, Cheikhou Kouyat\u00e9 (West Ham), Lamine San\u00e9 (Bordeaux), Mame Birame Diouf (Stoke City) et Pape Ndiaye Souar\u00e9 (Lille) qui ont du d\u00e9clarer forfait pour blessures dans le cadre de cette double confrontation.<\/p>\n<p>Dans les autres groupes, Congo-Afrique du Sud (Gr A) ; Malawi-Alg\u00e9rie (Gr B) ; RD Congo &#8211; C\u00f4te d&rsquo;Ivoire (Gr D) ; Guin\u00e9e-Ghana (Gr E) et Botswana-Egypte (Gr G), seront particuli\u00e8rement int\u00e9ressants \u00e0 suivre.<\/p>\n<p>\u00a0<br \/>\nLe programme de la 3\u00e8me journ\u00e9e<\/p>\n<p>\tGroupe A : Nigeria, Afrique du Sud, Soudan, Congo<\/p>\n<p>11-10-2014 Congo &#8211; Afrique du Sud<br \/>\n11-10-2014 Soudan &#8211; Nigeria<\/p>\n<p>D\u00e9j\u00e0 jou\u00e9s<br \/>\nNigeria &#8211; Congo 2-3<br \/>\nSoudan &#8211; Afrique du Sud 0-3<br \/>\nAfrique du Sud &#8211; Nigeria 0-0<br \/>\nCongo &#8211; Soudan 2-0<\/p>\n<p>Classement : Congo 6 pts, Afrique du Sud 4 pts, Nigeria 1 pt, Soudan 0 pt<\/p>\n<p>\u00a0<\/p>\n<p>\tGroupe B : Mali, Alg\u00e9rie, \u00c9thiopie, Malawi<\/p>\n<p>11-10-2014 Malawi &#8211; Alg\u00e9rie<br \/>\n11-10-2014 \u00c9thiopie &#8211; Mali<\/p>\n<p>D\u00e9j\u00e0 jou\u00e9s<br \/>\nMali &#8211; Malawi 2-0<br \/>\n\u00c9thiopie &#8211; Alg\u00e9rie 1-2<br \/>\nAlg\u00e9rie &#8211; Mali 1-0<br \/>\nMalawi &#8211; \u00c9thiopie 3-2<\/p>\n<p>Classement : Alg\u00e9rie 6 pts, Mali 3 pts, Malawi 3 pts, \u00c9thiopie 0 pt<\/p>\n<p>\u00a0<\/p>\n<p>\tGroupe C : Burkina Faso, Gabon, Angola, Lesotho<\/p>\n<p>10-10-2014 Lesotho &#8211; Angola<br \/>\n11-10-2014 Gabon &#8211; Burkina Faso<\/p>\n<p>D\u00e9j\u00e0 jou\u00e9s<br \/>\nBurkina Faso &#8211; Lesotho 2-0<br \/>\nGabon &#8211; Angola 1-0<br \/>\nAngola &#8211; Burkina Faso 0-3<br \/>\nLesotho &#8211; Gabon 1-1<\/p>\n<p>Classement : Burkina Faso 6 pts, Gabon 4 pts, Lesotho 1 pt, Angola 0 pt<\/p>\n<p>\u00a0<\/p>\n<p>\tGroupe D : C\u00f4te d&rsquo;Ivoire, Cameroun, RD Congo, Sierra Leone<\/p>\n<p>11-10-2014 Sierra Leone &#8211; Cameroun<br \/>\n11-10-2014 RD Congo &#8211; C\u00f4te d&rsquo;Ivoire<\/p>\n<p>D\u00e9j\u00e0 jou\u00e9s<br \/>\nC\u00f4te d&rsquo;Ivoire &#8211; Sierra Leone 2-1<br \/>\nRD Congo &#8211; Cameroun 0-2<br \/>\nCameroun &#8211; C\u00f4te d&rsquo;Ivoire 4-1<br \/>\nSierra Leone &#8211; RD Congo 0-2<\/p>\n<p>Classement : Cameroun 6 pts, RD Congo 3 pts, C\u00f4te d&rsquo;Ivoire 3 pts, Sierra Leone 0 pt<\/p>\n<p>\u00a0<\/p>\n<p>\tGroupe E : Ghana, Togo, Guin\u00e9e, Ouganda<\/p>\n<p>11-10-2014 Ouganda &#8211; Togo<br \/>\n11-10-2014 Guin\u00e9e &#8211; Ghana<\/p>\n<p>D\u00e9j\u00e0 jou\u00e9s<br \/>\nGhana &#8211; Ouganda 1-1<br \/>\nGuin\u00e9e &#8211; Togo 2-1<br \/>\nTogo &#8211; Ghana 2-3<br \/>\nOuganda &#8211; Guin\u00e9e 2-0<\/p>\n<p>Classement : Ouganda 4 pts, Ghana 4 pts, Guin\u00e9e 3 pts, Togo 0 pt<\/p>\n<p>\u00a0<\/p>\n<p>\tGroupe F : Zambie, Cap-Vert, Niger, Mozambique<\/p>\n<p>11-10-2014 Niger &#8211; Zambie<br \/>\n11-10-2014 Mozambique &#8211; Cap-Vert<\/p>\n<p>D\u00e9j\u00e0 jou\u00e9s<br \/>\nZambie &#8211; Mozambique 0-0<br \/>\nNiger &#8211; Cap-Vert 1-3<br \/>\nCap-Vert &#8211; Zambie 2-1<br \/>\nMozambique &#8211; Niger 1-1<\/p>\n<p>Classement : Cap-Vert 6 pts, Mozambique 2 pts, Zambie 1 pt, Niger 1 pt<\/p>\n<p>\u00a0<\/p>\n<p>\tGroupe G : Tunisie, \u00c9gypte, S\u00e9n\u00e9gal, Botswana<\/p>\n<p>10-10-2014 Botswana &#8211; \u00c9gypte<br \/>\n10-10-2014 S\u00e9n\u00e9gal &#8211; Tunisie (21H00)<\/p>\n<p>D\u00e9j\u00e0 jou\u00e9s<br \/>\nTunisie &#8211; Botswana 2-1<br \/>\nS\u00e9n\u00e9gal &#8211; \u00c9gypte 2-0<br \/>\n\u00c9gypte &#8211; Tunisie 0-1<br \/>\nBotswana &#8211; S\u00e9n\u00e9gal 0-2<\/p>\n<p>Classement : S\u00e9n\u00e9gal 6 pts, Tunisie 6 pts, Botswana 0 pt, \u00c9gypte 0 pt<\/p>\n","protected":false},"excerpt":{"rendered":"<p>SPORT | On aborde, ce week-end, la 3\u00e8me journ\u00e9e des \u00e9liminatoires de la 30\u00e8me \u00e9dition de la Coupe d\u2019Afrique des Nations, qui aura lieu au Maroc en 2<\/p>\n","protected":false},"author":3222,"featured_media":373395,"comment_status":"open","ping_status":"open","sticky":false,"template":"","format":"standard","meta":{"footnotes":""},"categories":[2598],"tags":[],"class_list":["post-184305","post","type-post","status-publish","format-standard","has-post-thumbnail","hentry","category-international"],"yoast_head":"<!-- This site is optimized with the Yoast SEO Premium plugin v27.5 (Yoast SEO v27.5) - https:\/\/yoast.com\/product\/yoast-seo-premium-wordpress\/ -->\n<title>CAN 2015 : S\u00e9n\u00e9gal - Tunisie, choc de la 3\u00e8me journ\u00e9e<\/title>\n<meta name=\"description\" content=\"CAN 2015 : S\u00e9n\u00e9gal - Tunisie, choc de la 3\u00e8me journ\u00e9e\" \/>\n<link rel=\"canonical\" href=\"https:\/\/www.webdo.tn\/fr\/actualite\/international\/tunisie-can-2015-senegal-tunisie-choc-de-la-3eme-journee\/184305\/\" \/>\n<meta property=\"og:locale\" content=\"fr_FR\" \/>\n<meta property=\"og:type\" content=\"article\" \/>\n<meta property=\"og:title\" content=\"CAN 2015 : S\u00e9n\u00e9gal - Tunisie, choc de la 3\u00e8me journ\u00e9e\" \/>\n<meta property=\"og:description\" content=\"CAN 2015 : S\u00e9n\u00e9gal - Tunisie, choc de la 3\u00e8me journ\u00e9e\" \/>\n<meta property=\"og:url\" content=\"https:\/\/www.webdo.tn\/fr\/actualite\/international\/tunisie-can-2015-senegal-tunisie-choc-de-la-3eme-journee\/184305\/\" \/>\n<meta property=\"og:site_name\" content=\"webdo\" \/>\n<meta property=\"article:publisher\" content=\"https:\/\/www.facebook.com\/webdotn\" \/>\n<meta property=\"article:published_time\" content=\"2014-10-07T11:13:00+00:00\" \/>\n<meta name=\"author\" content=\"webdo.tn\" \/>\n<meta name=\"twitter:card\" content=\"summary_large_image\" \/>\n<meta name=\"twitter:creator\" content=\"@webdo_tn\" \/>\n<meta name=\"twitter:site\" content=\"@webdo_tn\" \/>\n<meta name=\"twitter:label1\" content=\"\u00c9crit par\" \/>\n\t<meta name=\"twitter:data1\" content=\"webdo.tn\" \/>\n\t<meta name=\"twitter:label2\" content=\"Dur\u00e9e de lecture estim\u00e9e\" \/>\n\t<meta name=\"twitter:data2\" content=\"3 minutes\" \/>\n<script type=\"application\/ld+json\" class=\"yoast-schema-graph\">{\"@context\":\"https:\\\/\\\/schema.org\",\"@graph\":[{\"@type\":\"NewsArticle\",\"@id\":\"https:\\\/\\\/www.webdo.tn\\\/fr\\\/actualite\\\/international\\\/tunisie-can-2015-senegal-tunisie-choc-de-la-3eme-journee\\\/184305\\\/#article\",\"isPartOf\":{\"@id\":\"https:\\\/\\\/www.webdo.tn\\\/fr\\\/actualite\\\/international\\\/tunisie-can-2015-senegal-tunisie-choc-de-la-3eme-journee\\\/184305\\\/\"},\"author\":{\"name\":\"webdo.tn\",\"@id\":\"https:\\\/\\\/www.webdo.tn\\\/fr\\\/#\\\/schema\\\/person\\\/9a9c6118d687c117df8ef3cc36a4d175\"},\"headline\":\"CAN 2015 : S\u00e9n\u00e9gal &#8211; Tunisie, choc de la 3\u00e8me journ\u00e9e\",\"datePublished\":\"2014-10-07T11:13:00+00:00\",\"mainEntityOfPage\":{\"@id\":\"https:\\\/\\\/www.webdo.tn\\\/fr\\\/actualite\\\/international\\\/tunisie-can-2015-senegal-tunisie-choc-de-la-3eme-journee\\\/184305\\\/\"},\"wordCount\":629,\"commentCount\":0,\"publisher\":{\"@id\":\"https:\\\/\\\/www.webdo.tn\\\/fr\\\/#organization\"},\"image\":{\"@id\":\"https:\\\/\\\/www.webdo.tn\\\/fr\\\/actualite\\\/international\\\/tunisie-can-2015-senegal-tunisie-choc-de-la-3eme-journee\\\/184305\\\/#primaryimage\"},\"thumbnailUrl\":\"https:\\\/\\\/www.webdo.tn\\\/fr\\\/wp-content\\\/uploads\\\/2025\\\/06\\\/Trophy-CAN_184305.jpg\",\"articleSection\":[\"International\"],\"inLanguage\":\"fr-FR\"},{\"@type\":\"WebPage\",\"@id\":\"https:\\\/\\\/www.webdo.tn\\\/fr\\\/actualite\\\/international\\\/tunisie-can-2015-senegal-tunisie-choc-de-la-3eme-journee\\\/184305\\\/\",\"url\":\"https:\\\/\\\/www.webdo.tn\\\/fr\\\/actualite\\\/international\\\/tunisie-can-2015-senegal-tunisie-choc-de-la-3eme-journee\\\/184305\\\/\",\"name\":\"CAN 2015 : S\u00e9n\u00e9gal - Tunisie, choc de la 3\u00e8me journ\u00e9e\",\"isPartOf\":{\"@id\":\"https:\\\/\\\/www.webdo.tn\\\/fr\\\/#website\"},\"primaryImageOfPage\":{\"@id\":\"https:\\\/\\\/www.webdo.tn\\\/fr\\\/actualite\\\/international\\\/tunisie-can-2015-senegal-tunisie-choc-de-la-3eme-journee\\\/184305\\\/#primaryimage\"},\"image\":{\"@id\":\"https:\\\/\\\/www.webdo.tn\\\/fr\\\/actualite\\\/international\\\/tunisie-can-2015-senegal-tunisie-choc-de-la-3eme-journee\\\/184305\\\/#primaryimage\"},\"thumbnailUrl\":\"https:\\\/\\\/www.webdo.tn\\\/fr\\\/wp-content\\\/uploads\\\/2025\\\/06\\\/Trophy-CAN_184305.jpg\",\"datePublished\":\"2014-10-07T11:13:00+00:00\",\"description\":\"CAN 2015 : S\u00e9n\u00e9gal - Tunisie, choc de la 3\u00e8me journ\u00e9e\",\"breadcrumb\":{\"@id\":\"https:\\\/\\\/www.webdo.tn\\\/fr\\\/actualite\\\/international\\\/tunisie-can-2015-senegal-tunisie-choc-de-la-3eme-journee\\\/184305\\\/#breadcrumb\"},\"inLanguage\":\"fr-FR\",\"potentialAction\":[{\"@type\":\"ReadAction\",\"target\":[\"https:\\\/\\\/www.webdo.tn\\\/fr\\\/actualite\\\/international\\\/tunisie-can-2015-senegal-tunisie-choc-de-la-3eme-journee\\\/184305\\\/\"]}]},{\"@type\":\"ImageObject\",\"inLanguage\":\"fr-FR\",\"@id\":\"https:\\\/\\\/www.webdo.tn\\\/fr\\\/actualite\\\/international\\\/tunisie-can-2015-senegal-tunisie-choc-de-la-3eme-journee\\\/184305\\\/#primaryimage\",\"url\":\"https:\\\/\\\/www.webdo.tn\\\/fr\\\/wp-content\\\/uploads\\\/2025\\\/06\\\/Trophy-CAN_184305.jpg\",\"contentUrl\":\"https:\\\/\\\/www.webdo.tn\\\/fr\\\/wp-content\\\/uploads\\\/2025\\\/06\\\/Trophy-CAN_184305.jpg\",\"width\":330,\"height\":250,\"caption\":\"CAN 2015 : S\u00e9n\u00e9gal - Tunisie, choc de la 3\u00e8me journ\u00e9e\"},{\"@type\":\"BreadcrumbList\",\"@id\":\"https:\\\/\\\/www.webdo.tn\\\/fr\\\/actualite\\\/international\\\/tunisie-can-2015-senegal-tunisie-choc-de-la-3eme-journee\\\/184305\\\/#breadcrumb\",\"itemListElement\":[{\"@type\":\"ListItem\",\"position\":1,\"name\":\"Accueil\",\"item\":\"https:\\\/\\\/www.webdo.tn\\\/fr\\\/\"},{\"@type\":\"ListItem\",\"position\":2,\"name\":\"CAN 2015 : S\u00e9n\u00e9gal &#8211; Tunisie, choc de la 3\u00e8me journ\u00e9e\"}]},{\"@type\":\"WebSite\",\"@id\":\"https:\\\/\\\/www.webdo.tn\\\/fr\\\/#website\",\"url\":\"https:\\\/\\\/www.webdo.tn\\\/fr\\\/\",\"name\":\"webdo\",\"description\":\"Tunisie - News en Tunisie et \u00e0 l&#039;international sur Webdo.tn\",\"publisher\":{\"@id\":\"https:\\\/\\\/www.webdo.tn\\\/fr\\\/#organization\"},\"potentialAction\":[{\"@type\":\"SearchAction\",\"target\":{\"@type\":\"EntryPoint\",\"urlTemplate\":\"https:\\\/\\\/www.webdo.tn\\\/fr\\\/?s={search_term_string}\"},\"query-input\":{\"@type\":\"PropertyValueSpecification\",\"valueRequired\":true,\"valueName\":\"search_term_string\"}}],\"inLanguage\":\"fr-FR\"},{\"@type\":\"Organization\",\"@id\":\"https:\\\/\\\/www.webdo.tn\\\/fr\\\/#organization\",\"name\":\"Webdo\",\"alternateName\":\"Webdo.tn\",\"url\":\"https:\\\/\\\/www.webdo.tn\\\/fr\\\/\",\"logo\":{\"@type\":\"ImageObject\",\"inLanguage\":\"fr-FR\",\"@id\":\"https:\\\/\\\/www.webdo.tn\\\/fr\\\/#\\\/schema\\\/logo\\\/image\\\/\",\"url\":\"https:\\\/\\\/www.webdo.tn\\\/fr\\\/wp-content\\\/uploads\\\/2025\\\/06\\\/Webdo-Tunisie_168377.jpg\",\"contentUrl\":\"https:\\\/\\\/www.webdo.tn\\\/fr\\\/wp-content\\\/uploads\\\/2025\\\/06\\\/Webdo-Tunisie_168377.jpg\",\"width\":301,\"height\":301,\"caption\":\"Webdo\"},\"image\":{\"@id\":\"https:\\\/\\\/www.webdo.tn\\\/fr\\\/#\\\/schema\\\/logo\\\/image\\\/\"},\"sameAs\":[\"https:\\\/\\\/www.facebook.com\\\/webdotn\",\"https:\\\/\\\/x.com\\\/webdo_tn\"],\"description\":\"Webdo est un m\u00e9dia num\u00e9rique tunisien fond\u00e9 en 2010, sp\u00e9cialis\u00e9 dans l\u2019actualit\u00e9 nationale et internationale, l\u2019\u00e9conomie, la soci\u00e9t\u00e9 et les analyses politiques. Le site s\u2019adresse \u00e0 un large public francophone et couvre l\u2019information tunisienne en temps r\u00e9el.\",\"email\":\"redac@webdo.tn\",\"legalName\":\"YNJ SARL\",\"foundingDate\":\"2010-09-06\",\"numberOfEmployees\":{\"@type\":\"QuantitativeValue\",\"minValue\":\"11\",\"maxValue\":\"50\"}},{\"@type\":\"Person\",\"@id\":\"https:\\\/\\\/www.webdo.tn\\\/fr\\\/#\\\/schema\\\/person\\\/9a9c6118d687c117df8ef3cc36a4d175\",\"name\":\"webdo.tn\",\"image\":{\"@type\":\"ImageObject\",\"inLanguage\":\"fr-FR\",\"@id\":\"https:\\\/\\\/secure.gravatar.com\\\/avatar\\\/7ce1f28c0c3bbac99ff550b85ef8e44a6950c6ee24514fb6a5489e51d06f0298?s=96&d=mm&r=g\",\"url\":\"https:\\\/\\\/secure.gravatar.com\\\/avatar\\\/7ce1f28c0c3bbac99ff550b85ef8e44a6950c6ee24514fb6a5489e51d06f0298?s=96&d=mm&r=g\",\"contentUrl\":\"https:\\\/\\\/secure.gravatar.com\\\/avatar\\\/7ce1f28c0c3bbac99ff550b85ef8e44a6950c6ee24514fb6a5489e51d06f0298?s=96&d=mm&r=g\",\"caption\":\"webdo.tn\"},\"url\":\"https:\\\/\\\/www.webdo.tn\\\/fr\\\/actualite\\\/author\\\/webdotn\\\/\"}]}<\/script>\n<!-- \/ Yoast SEO Premium plugin. -->","yoast_head_json":{"title":"CAN 2015 : S\u00e9n\u00e9gal - Tunisie, choc de la 3\u00e8me journ\u00e9e","description":"CAN 2015 : S\u00e9n\u00e9gal - Tunisie, choc de la 3\u00e8me journ\u00e9e","canonical":"https:\/\/www.webdo.tn\/fr\/actualite\/international\/tunisie-can-2015-senegal-tunisie-choc-de-la-3eme-journee\/184305\/","og_locale":"fr_FR","og_type":"article","og_title":"CAN 2015 : S\u00e9n\u00e9gal - Tunisie, choc de la 3\u00e8me journ\u00e9e","og_description":"CAN 2015 : S\u00e9n\u00e9gal - Tunisie, choc de la 3\u00e8me journ\u00e9e","og_url":"https:\/\/www.webdo.tn\/fr\/actualite\/international\/tunisie-can-2015-senegal-tunisie-choc-de-la-3eme-journee\/184305\/","og_site_name":"webdo","article_publisher":"https:\/\/www.facebook.com\/webdotn","article_published_time":"2014-10-07T11:13:00+00:00","author":"webdo.tn","twitter_card":"summary_large_image","twitter_creator":"@webdo_tn","twitter_site":"@webdo_tn","twitter_misc":{"\u00c9crit par":"webdo.tn","Dur\u00e9e de lecture estim\u00e9e":"3 minutes"},"schema":{"@context":"https:\/\/schema.org","@graph":[{"@type":"NewsArticle","@id":"https:\/\/www.webdo.tn\/fr\/actualite\/international\/tunisie-can-2015-senegal-tunisie-choc-de-la-3eme-journee\/184305\/#article","isPartOf":{"@id":"https:\/\/www.webdo.tn\/fr\/actualite\/international\/tunisie-can-2015-senegal-tunisie-choc-de-la-3eme-journee\/184305\/"},"author":{"name":"webdo.tn","@id":"https:\/\/www.webdo.tn\/fr\/#\/schema\/person\/9a9c6118d687c117df8ef3cc36a4d175"},"headline":"CAN 2015 : S\u00e9n\u00e9gal &#8211; Tunisie, choc de la 3\u00e8me journ\u00e9e","datePublished":"2014-10-07T11:13:00+00:00","mainEntityOfPage":{"@id":"https:\/\/www.webdo.tn\/fr\/actualite\/international\/tunisie-can-2015-senegal-tunisie-choc-de-la-3eme-journee\/184305\/"},"wordCount":629,"commentCount":0,"publisher":{"@id":"https:\/\/www.webdo.tn\/fr\/#organization"},"image":{"@id":"https:\/\/www.webdo.tn\/fr\/actualite\/international\/tunisie-can-2015-senegal-tunisie-choc-de-la-3eme-journee\/184305\/#primaryimage"},"thumbnailUrl":"https:\/\/www.webdo.tn\/fr\/wp-content\/uploads\/2025\/06\/Trophy-CAN_184305.jpg","articleSection":["International"],"inLanguage":"fr-FR"},{"@type":"WebPage","@id":"https:\/\/www.webdo.tn\/fr\/actualite\/international\/tunisie-can-2015-senegal-tunisie-choc-de-la-3eme-journee\/184305\/","url":"https:\/\/www.webdo.tn\/fr\/actualite\/international\/tunisie-can-2015-senegal-tunisie-choc-de-la-3eme-journee\/184305\/","name":"CAN 2015 : S\u00e9n\u00e9gal - Tunisie, choc de la 3\u00e8me journ\u00e9e","isPartOf":{"@id":"https:\/\/www.webdo.tn\/fr\/#website"},"primaryImageOfPage":{"@id":"https:\/\/www.webdo.tn\/fr\/actualite\/international\/tunisie-can-2015-senegal-tunisie-choc-de-la-3eme-journee\/184305\/#primaryimage"},"image":{"@id":"https:\/\/www.webdo.tn\/fr\/actualite\/international\/tunisie-can-2015-senegal-tunisie-choc-de-la-3eme-journee\/184305\/#primaryimage"},"thumbnailUrl":"https:\/\/www.webdo.tn\/fr\/wp-content\/uploads\/2025\/06\/Trophy-CAN_184305.jpg","datePublished":"2014-10-07T11:13:00+00:00","description":"CAN 2015 : S\u00e9n\u00e9gal - Tunisie, choc de la 3\u00e8me journ\u00e9e","breadcrumb":{"@id":"https:\/\/www.webdo.tn\/fr\/actualite\/international\/tunisie-can-2015-senegal-tunisie-choc-de-la-3eme-journee\/184305\/#breadcrumb"},"inLanguage":"fr-FR","potentialAction":[{"@type":"ReadAction","target":["https:\/\/www.webdo.tn\/fr\/actualite\/international\/tunisie-can-2015-senegal-tunisie-choc-de-la-3eme-journee\/184305\/"]}]},{"@type":"ImageObject","inLanguage":"fr-FR","@id":"https:\/\/www.webdo.tn\/fr\/actualite\/international\/tunisie-can-2015-senegal-tunisie-choc-de-la-3eme-journee\/184305\/#primaryimage","url":"https:\/\/www.webdo.tn\/fr\/wp-content\/uploads\/2025\/06\/Trophy-CAN_184305.jpg","contentUrl":"https:\/\/www.webdo.tn\/fr\/wp-content\/uploads\/2025\/06\/Trophy-CAN_184305.jpg","width":330,"height":250,"caption":"CAN 2015 : S\u00e9n\u00e9gal - Tunisie, choc de la 3\u00e8me journ\u00e9e"},{"@type":"BreadcrumbList","@id":"https:\/\/www.webdo.tn\/fr\/actualite\/international\/tunisie-can-2015-senegal-tunisie-choc-de-la-3eme-journee\/184305\/#breadcrumb","itemListElement":[{"@type":"ListItem","position":1,"name":"Accueil","item":"https:\/\/www.webdo.tn\/fr\/"},{"@type":"ListItem","position":2,"name":"CAN 2015 : S\u00e9n\u00e9gal &#8211; Tunisie, choc de la 3\u00e8me journ\u00e9e"}]},{"@type":"WebSite","@id":"https:\/\/www.webdo.tn\/fr\/#website","url":"https:\/\/www.webdo.tn\/fr\/","name":"webdo","description":"Tunisie - News en Tunisie et \u00e0 l&#039;international sur Webdo.tn","publisher":{"@id":"https:\/\/www.webdo.tn\/fr\/#organization"},"potentialAction":[{"@type":"SearchAction","target":{"@type":"EntryPoint","urlTemplate":"https:\/\/www.webdo.tn\/fr\/?s={search_term_string}"},"query-input":{"@type":"PropertyValueSpecification","valueRequired":true,"valueName":"search_term_string"}}],"inLanguage":"fr-FR"},{"@type":"Organization","@id":"https:\/\/www.webdo.tn\/fr\/#organization","name":"Webdo","alternateName":"Webdo.tn","url":"https:\/\/www.webdo.tn\/fr\/","logo":{"@type":"ImageObject","inLanguage":"fr-FR","@id":"https:\/\/www.webdo.tn\/fr\/#\/schema\/logo\/image\/","url":"https:\/\/www.webdo.tn\/fr\/wp-content\/uploads\/2025\/06\/Webdo-Tunisie_168377.jpg","contentUrl":"https:\/\/www.webdo.tn\/fr\/wp-content\/uploads\/2025\/06\/Webdo-Tunisie_168377.jpg","width":301,"height":301,"caption":"Webdo"},"image":{"@id":"https:\/\/www.webdo.tn\/fr\/#\/schema\/logo\/image\/"},"sameAs":["https:\/\/www.facebook.com\/webdotn","https:\/\/x.com\/webdo_tn"],"description":"Webdo est un m\u00e9dia num\u00e9rique tunisien fond\u00e9 en 2010, sp\u00e9cialis\u00e9 dans l\u2019actualit\u00e9 nationale et internationale, l\u2019\u00e9conomie, la soci\u00e9t\u00e9 et les analyses politiques. Le site s\u2019adresse \u00e0 un large public francophone et couvre l\u2019information tunisienne en temps r\u00e9el.","email":"redac@webdo.tn","legalName":"YNJ SARL","foundingDate":"2010-09-06","numberOfEmployees":{"@type":"QuantitativeValue","minValue":"11","maxValue":"50"}},{"@type":"Person","@id":"https:\/\/www.webdo.tn\/fr\/#\/schema\/person\/9a9c6118d687c117df8ef3cc36a4d175","name":"webdo.tn","image":{"@type":"ImageObject","inLanguage":"fr-FR","@id":"https:\/\/secure.gravatar.com\/avatar\/7ce1f28c0c3bbac99ff550b85ef8e44a6950c6ee24514fb6a5489e51d06f0298?s=96&d=mm&r=g","url":"https:\/\/secure.gravatar.com\/avatar\/7ce1f28c0c3bbac99ff550b85ef8e44a6950c6ee24514fb6a5489e51d06f0298?s=96&d=mm&r=g","contentUrl":"https:\/\/secure.gravatar.com\/avatar\/7ce1f28c0c3bbac99ff550b85ef8e44a6950c6ee24514fb6a5489e51d06f0298?s=96&d=mm&r=g","caption":"webdo.tn"},"url":"https:\/\/www.webdo.tn\/fr\/actualite\/author\/webdotn\/"}]}},"_links":{"self":[{"href":"https:\/\/www.webdo.tn\/fr\/wp-json\/wp\/v2\/posts\/184305","targetHints":{"allow":["GET"]}}],"collection":[{"href":"https:\/\/www.webdo.tn\/fr\/wp-json\/wp\/v2\/posts"}],"about":[{"href":"https:\/\/www.webdo.tn\/fr\/wp-json\/wp\/v2\/types\/post"}],"author":[{"embeddable":true,"href":"https:\/\/www.webdo.tn\/fr\/wp-json\/wp\/v2\/users\/3222"}],"replies":[{"embeddable":true,"href":"https:\/\/www.webdo.tn\/fr\/wp-json\/wp\/v2\/comments?post=184305"}],"version-history":[{"count":0,"href":"https:\/\/www.webdo.tn\/fr\/wp-json\/wp\/v2\/posts\/184305\/revisions"}],"wp:featuredmedia":[{"embeddable":true,"href":"https:\/\/www.webdo.tn\/fr\/wp-json\/wp\/v2\/media\/373395"}],"wp:attachment":[{"href":"https:\/\/www.webdo.tn\/fr\/wp-json\/wp\/v2\/media?parent=184305"}],"wp:term":[{"taxonomy":"category","embeddable":true,"href":"https:\/\/www.webdo.tn\/fr\/wp-json\/wp\/v2\/categories?post=184305"},{"taxonomy":"post_tag","embeddable":true,"href":"https:\/\/www.webdo.tn\/fr\/wp-json\/wp\/v2\/tags?post=184305"}],"curies":[{"name":"wp","href":"https:\/\/api.w.org\/{rel}","templated":true}]}}