{"id":184304,"date":"2014-10-07T13:30:00","date_gmt":"2014-10-07T13:30:00","guid":{"rendered":"https:\/\/www.webdo.tn\/fr\/blog\/tunisie-can-2015-senegal-tunisie-en-direct-sur-bein-sports-en-differe-sur-canal-sport\/184304\/"},"modified":"2025-05-22T13:03:30","modified_gmt":"2025-05-22T13:03:30","slug":"tunisie-can-2015-senegal-tunisie-en-direct-sur-bein-sports-en-differe-sur-canal-sport","status":"publish","type":"post","link":"https:\/\/www.webdo.tn\/fr\/actualite\/international\/tunisie-can-2015-senegal-tunisie-en-direct-sur-bein-sports-en-differe-sur-canal-sport\/184304\/","title":{"rendered":"CAN 2015 : S\u00e9n\u00e9gal &#8211; Tunisie, en direct sur beIN Sports, en diff\u00e9r\u00e9 sur Canal+ Sport"},"content":{"rendered":"<p>SPORT | La rencontre S\u00e9n\u00e9gal &#8211; Tunisie comptant pour la 3\u00e8me journ\u00e9e des \u00e9liminatoires de la CAN 2015 et qui aura lieu, ce vendredi 10 octobre au stade L\u00e9opold S\u00e9dar Senghor de Dakar \u00e0 21h00 HT, sera diffus\u00e9e en direct par BeIN Sports (Ar 1), et en diff\u00e9r\u00e9 par la cha\u00eene fran\u00e7aise Canal+ Sport \u00e0 21H45.<\/p>\n","protected":false},"excerpt":{"rendered":"<p>CAN 2015 : S\u00e9n\u00e9gal &#8211; Tunisie, en direct sur beIN Sports, en diff\u00e9r\u00e9 sur Canal+ Sport<\/p>\n","protected":false},"author":3222,"featured_media":331343,"comment_status":"open","ping_status":"closed","sticky":false,"template":"","format":"standard","meta":{"footnotes":""},"categories":[2598],"tags":[],"class_list":["post-184304","post","type-post","status-publish","format-standard","has-post-thumbnail","hentry","category-international"],"yoast_head":"<!-- This site is optimized with the Yoast SEO Premium plugin v27.5 (Yoast SEO v27.5) - https:\/\/yoast.com\/product\/yoast-seo-premium-wordpress\/ -->\n<title>CAN 2015 : S\u00e9n\u00e9gal - Tunisie, en direct sur beIN Sports, en diff\u00e9r\u00e9 sur Canal+ Sport<\/title>\n<meta name=\"description\" content=\"CAN 2015 : S\u00e9n\u00e9gal - Tunisie, en direct sur beIN Sports, en diff\u00e9r\u00e9 sur Canal+ Sport\" \/>\n<link rel=\"canonical\" href=\"https:\/\/www.webdo.tn\/fr\/actualite\/international\/tunisie-can-2015-senegal-tunisie-en-direct-sur-bein-sports-en-differe-sur-canal-sport\/184304\/\" \/>\n<meta property=\"og:locale\" content=\"fr_FR\" \/>\n<meta property=\"og:type\" content=\"article\" \/>\n<meta property=\"og:title\" content=\"CAN 2015 : S\u00e9n\u00e9gal - Tunisie, en direct sur beIN Sports, en diff\u00e9r\u00e9 sur Canal+ Sport\" \/>\n<meta property=\"og:description\" content=\"CAN 2015 : S\u00e9n\u00e9gal - Tunisie, en direct sur beIN Sports, en diff\u00e9r\u00e9 sur Canal+ Sport\" \/>\n<meta property=\"og:url\" content=\"https:\/\/www.webdo.tn\/fr\/actualite\/international\/tunisie-can-2015-senegal-tunisie-en-direct-sur-bein-sports-en-differe-sur-canal-sport\/184304\/\" \/>\n<meta property=\"og:site_name\" content=\"webdo\" \/>\n<meta property=\"article:publisher\" content=\"https:\/\/www.facebook.com\/webdotn\" \/>\n<meta property=\"article:published_time\" content=\"2014-10-07T13:30:00+00:00\" \/>\n<meta property=\"article:modified_time\" content=\"2025-05-22T13:03:30+00:00\" \/>\n<meta property=\"og:image\" content=\"https:\/\/www.webdo.tn\/fr\/wp-content\/uploads\/2014\/10\/TV-Ligue-1-photo-koora-1.jpg\" \/>\n\t<meta property=\"og:image:width\" content=\"308\" \/>\n\t<meta property=\"og:image:height\" content=\"200\" \/>\n\t<meta property=\"og:image:type\" content=\"image\/jpeg\" \/>\n<meta name=\"author\" content=\"webdo.tn\" \/>\n<meta name=\"twitter:card\" content=\"summary_large_image\" \/>\n<meta name=\"twitter:creator\" content=\"@webdo_tn\" \/>\n<meta name=\"twitter:site\" content=\"@webdo_tn\" \/>\n<meta name=\"twitter:label1\" content=\"\u00c9crit par\" \/>\n\t<meta name=\"twitter:data1\" content=\"webdo.tn\" \/>\n<script type=\"application\/ld+json\" class=\"yoast-schema-graph\">{\"@context\":\"https:\\\/\\\/schema.org\",\"@graph\":[{\"@type\":\"NewsArticle\",\"@id\":\"https:\\\/\\\/www.webdo.tn\\\/fr\\\/actualite\\\/international\\\/tunisie-can-2015-senegal-tunisie-en-direct-sur-bein-sports-en-differe-sur-canal-sport\\\/184304\\\/#article\",\"isPartOf\":{\"@id\":\"https:\\\/\\\/www.webdo.tn\\\/fr\\\/actualite\\\/international\\\/tunisie-can-2015-senegal-tunisie-en-direct-sur-bein-sports-en-differe-sur-canal-sport\\\/184304\\\/\"},\"author\":{\"name\":\"webdo.tn\",\"@id\":\"https:\\\/\\\/www.webdo.tn\\\/fr\\\/#\\\/schema\\\/person\\\/9a9c6118d687c117df8ef3cc36a4d175\"},\"headline\":\"CAN 2015 : S\u00e9n\u00e9gal &#8211; Tunisie, en direct sur beIN Sports, en diff\u00e9r\u00e9 sur Canal+ Sport\",\"datePublished\":\"2014-10-07T13:30:00+00:00\",\"dateModified\":\"2025-05-22T13:03:30+00:00\",\"mainEntityOfPage\":{\"@id\":\"https:\\\/\\\/www.webdo.tn\\\/fr\\\/actualite\\\/international\\\/tunisie-can-2015-senegal-tunisie-en-direct-sur-bein-sports-en-differe-sur-canal-sport\\\/184304\\\/\"},\"wordCount\":76,\"commentCount\":0,\"publisher\":{\"@id\":\"https:\\\/\\\/www.webdo.tn\\\/fr\\\/#organization\"},\"image\":{\"@id\":\"https:\\\/\\\/www.webdo.tn\\\/fr\\\/actualite\\\/international\\\/tunisie-can-2015-senegal-tunisie-en-direct-sur-bein-sports-en-differe-sur-canal-sport\\\/184304\\\/#primaryimage\"},\"thumbnailUrl\":\"https:\\\/\\\/www.webdo.tn\\\/fr\\\/wp-content\\\/uploads\\\/2014\\\/10\\\/TV-Ligue-1-photo-koora-1.jpg\",\"articleSection\":[\"International\"],\"inLanguage\":\"fr-FR\"},{\"@type\":\"WebPage\",\"@id\":\"https:\\\/\\\/www.webdo.tn\\\/fr\\\/actualite\\\/international\\\/tunisie-can-2015-senegal-tunisie-en-direct-sur-bein-sports-en-differe-sur-canal-sport\\\/184304\\\/\",\"url\":\"https:\\\/\\\/www.webdo.tn\\\/fr\\\/actualite\\\/international\\\/tunisie-can-2015-senegal-tunisie-en-direct-sur-bein-sports-en-differe-sur-canal-sport\\\/184304\\\/\",\"name\":\"CAN 2015 : S\u00e9n\u00e9gal - Tunisie, en direct sur beIN Sports, en diff\u00e9r\u00e9 sur Canal+ Sport\",\"isPartOf\":{\"@id\":\"https:\\\/\\\/www.webdo.tn\\\/fr\\\/#website\"},\"primaryImageOfPage\":{\"@id\":\"https:\\\/\\\/www.webdo.tn\\\/fr\\\/actualite\\\/international\\\/tunisie-can-2015-senegal-tunisie-en-direct-sur-bein-sports-en-differe-sur-canal-sport\\\/184304\\\/#primaryimage\"},\"image\":{\"@id\":\"https:\\\/\\\/www.webdo.tn\\\/fr\\\/actualite\\\/international\\\/tunisie-can-2015-senegal-tunisie-en-direct-sur-bein-sports-en-differe-sur-canal-sport\\\/184304\\\/#primaryimage\"},\"thumbnailUrl\":\"https:\\\/\\\/www.webdo.tn\\\/fr\\\/wp-content\\\/uploads\\\/2014\\\/10\\\/TV-Ligue-1-photo-koora-1.jpg\",\"datePublished\":\"2014-10-07T13:30:00+00:00\",\"dateModified\":\"2025-05-22T13:03:30+00:00\",\"description\":\"CAN 2015 : S\u00e9n\u00e9gal - Tunisie, en direct sur beIN Sports, en diff\u00e9r\u00e9 sur Canal+ Sport\",\"breadcrumb\":{\"@id\":\"https:\\\/\\\/www.webdo.tn\\\/fr\\\/actualite\\\/international\\\/tunisie-can-2015-senegal-tunisie-en-direct-sur-bein-sports-en-differe-sur-canal-sport\\\/184304\\\/#breadcrumb\"},\"inLanguage\":\"fr-FR\",\"potentialAction\":[{\"@type\":\"ReadAction\",\"target\":[\"https:\\\/\\\/www.webdo.tn\\\/fr\\\/actualite\\\/international\\\/tunisie-can-2015-senegal-tunisie-en-direct-sur-bein-sports-en-differe-sur-canal-sport\\\/184304\\\/\"]}]},{\"@type\":\"ImageObject\",\"inLanguage\":\"fr-FR\",\"@id\":\"https:\\\/\\\/www.webdo.tn\\\/fr\\\/actualite\\\/international\\\/tunisie-can-2015-senegal-tunisie-en-direct-sur-bein-sports-en-differe-sur-canal-sport\\\/184304\\\/#primaryimage\",\"url\":\"https:\\\/\\\/www.webdo.tn\\\/fr\\\/wp-content\\\/uploads\\\/2014\\\/10\\\/TV-Ligue-1-photo-koora-1.jpg\",\"contentUrl\":\"https:\\\/\\\/www.webdo.tn\\\/fr\\\/wp-content\\\/uploads\\\/2014\\\/10\\\/TV-Ligue-1-photo-koora-1.jpg\",\"width\":308,\"height\":200,\"caption\":\"CAN 2015 : S\u00e9n\u00e9gal - Tunisie, en direct sur beIN Sports, en diff\u00e9r\u00e9 sur Canal+ Sport\"},{\"@type\":\"BreadcrumbList\",\"@id\":\"https:\\\/\\\/www.webdo.tn\\\/fr\\\/actualite\\\/international\\\/tunisie-can-2015-senegal-tunisie-en-direct-sur-bein-sports-en-differe-sur-canal-sport\\\/184304\\\/#breadcrumb\",\"itemListElement\":[{\"@type\":\"ListItem\",\"position\":1,\"name\":\"Accueil\",\"item\":\"https:\\\/\\\/www.webdo.tn\\\/fr\\\/\"},{\"@type\":\"ListItem\",\"position\":2,\"name\":\"CAN 2015 : S\u00e9n\u00e9gal &#8211; Tunisie, en direct sur beIN Sports, en diff\u00e9r\u00e9 sur Canal+ Sport\"}]},{\"@type\":\"WebSite\",\"@id\":\"https:\\\/\\\/www.webdo.tn\\\/fr\\\/#website\",\"url\":\"https:\\\/\\\/www.webdo.tn\\\/fr\\\/\",\"name\":\"webdo\",\"description\":\"Tunisie - News en Tunisie et \u00e0 l&#039;international sur Webdo.tn\",\"publisher\":{\"@id\":\"https:\\\/\\\/www.webdo.tn\\\/fr\\\/#organization\"},\"potentialAction\":[{\"@type\":\"SearchAction\",\"target\":{\"@type\":\"EntryPoint\",\"urlTemplate\":\"https:\\\/\\\/www.webdo.tn\\\/fr\\\/?s={search_term_string}\"},\"query-input\":{\"@type\":\"PropertyValueSpecification\",\"valueRequired\":true,\"valueName\":\"search_term_string\"}}],\"inLanguage\":\"fr-FR\"},{\"@type\":\"Organization\",\"@id\":\"https:\\\/\\\/www.webdo.tn\\\/fr\\\/#organization\",\"name\":\"Webdo\",\"alternateName\":\"Webdo.tn\",\"url\":\"https:\\\/\\\/www.webdo.tn\\\/fr\\\/\",\"logo\":{\"@type\":\"ImageObject\",\"inLanguage\":\"fr-FR\",\"@id\":\"https:\\\/\\\/www.webdo.tn\\\/fr\\\/#\\\/schema\\\/logo\\\/image\\\/\",\"url\":\"https:\\\/\\\/www.webdo.tn\\\/fr\\\/wp-content\\\/uploads\\\/2025\\\/06\\\/Webdo-Tunisie_168377.jpg\",\"contentUrl\":\"https:\\\/\\\/www.webdo.tn\\\/fr\\\/wp-content\\\/uploads\\\/2025\\\/06\\\/Webdo-Tunisie_168377.jpg\",\"width\":301,\"height\":301,\"caption\":\"Webdo\"},\"image\":{\"@id\":\"https:\\\/\\\/www.webdo.tn\\\/fr\\\/#\\\/schema\\\/logo\\\/image\\\/\"},\"sameAs\":[\"https:\\\/\\\/www.facebook.com\\\/webdotn\",\"https:\\\/\\\/x.com\\\/webdo_tn\"],\"description\":\"Webdo est un m\u00e9dia num\u00e9rique tunisien fond\u00e9 en 2010, sp\u00e9cialis\u00e9 dans l\u2019actualit\u00e9 nationale et internationale, l\u2019\u00e9conomie, la soci\u00e9t\u00e9 et les analyses politiques. Le site s\u2019adresse \u00e0 un large public francophone et couvre l\u2019information tunisienne en temps r\u00e9el.\",\"email\":\"redac@webdo.tn\",\"legalName\":\"YNJ SARL\",\"foundingDate\":\"2010-09-06\",\"numberOfEmployees\":{\"@type\":\"QuantitativeValue\",\"minValue\":\"11\",\"maxValue\":\"50\"}},{\"@type\":\"Person\",\"@id\":\"https:\\\/\\\/www.webdo.tn\\\/fr\\\/#\\\/schema\\\/person\\\/9a9c6118d687c117df8ef3cc36a4d175\",\"name\":\"webdo.tn\",\"image\":{\"@type\":\"ImageObject\",\"inLanguage\":\"fr-FR\",\"@id\":\"https:\\\/\\\/secure.gravatar.com\\\/avatar\\\/7ce1f28c0c3bbac99ff550b85ef8e44a6950c6ee24514fb6a5489e51d06f0298?s=96&d=mm&r=g\",\"url\":\"https:\\\/\\\/secure.gravatar.com\\\/avatar\\\/7ce1f28c0c3bbac99ff550b85ef8e44a6950c6ee24514fb6a5489e51d06f0298?s=96&d=mm&r=g\",\"contentUrl\":\"https:\\\/\\\/secure.gravatar.com\\\/avatar\\\/7ce1f28c0c3bbac99ff550b85ef8e44a6950c6ee24514fb6a5489e51d06f0298?s=96&d=mm&r=g\",\"caption\":\"webdo.tn\"},\"url\":\"https:\\\/\\\/www.webdo.tn\\\/fr\\\/actualite\\\/author\\\/webdotn\\\/\"}]}<\/script>\n<!-- \/ Yoast SEO Premium plugin. -->","yoast_head_json":{"title":"CAN 2015 : S\u00e9n\u00e9gal - Tunisie, en direct sur beIN Sports, en diff\u00e9r\u00e9 sur Canal+ Sport","description":"CAN 2015 : S\u00e9n\u00e9gal - Tunisie, en direct sur beIN Sports, en diff\u00e9r\u00e9 sur Canal+ Sport","canonical":"https:\/\/www.webdo.tn\/fr\/actualite\/international\/tunisie-can-2015-senegal-tunisie-en-direct-sur-bein-sports-en-differe-sur-canal-sport\/184304\/","og_locale":"fr_FR","og_type":"article","og_title":"CAN 2015 : S\u00e9n\u00e9gal - Tunisie, en direct sur beIN Sports, en diff\u00e9r\u00e9 sur Canal+ Sport","og_description":"CAN 2015 : S\u00e9n\u00e9gal - Tunisie, en direct sur beIN Sports, en diff\u00e9r\u00e9 sur Canal+ Sport","og_url":"https:\/\/www.webdo.tn\/fr\/actualite\/international\/tunisie-can-2015-senegal-tunisie-en-direct-sur-bein-sports-en-differe-sur-canal-sport\/184304\/","og_site_name":"webdo","article_publisher":"https:\/\/www.facebook.com\/webdotn","article_published_time":"2014-10-07T13:30:00+00:00","article_modified_time":"2025-05-22T13:03:30+00:00","og_image":[{"width":308,"height":200,"url":"https:\/\/www.webdo.tn\/fr\/wp-content\/uploads\/2014\/10\/TV-Ligue-1-photo-koora-1.jpg","type":"image\/jpeg"}],"author":"webdo.tn","twitter_card":"summary_large_image","twitter_creator":"@webdo_tn","twitter_site":"@webdo_tn","twitter_misc":{"\u00c9crit par":"webdo.tn"},"schema":{"@context":"https:\/\/schema.org","@graph":[{"@type":"NewsArticle","@id":"https:\/\/www.webdo.tn\/fr\/actualite\/international\/tunisie-can-2015-senegal-tunisie-en-direct-sur-bein-sports-en-differe-sur-canal-sport\/184304\/#article","isPartOf":{"@id":"https:\/\/www.webdo.tn\/fr\/actualite\/international\/tunisie-can-2015-senegal-tunisie-en-direct-sur-bein-sports-en-differe-sur-canal-sport\/184304\/"},"author":{"name":"webdo.tn","@id":"https:\/\/www.webdo.tn\/fr\/#\/schema\/person\/9a9c6118d687c117df8ef3cc36a4d175"},"headline":"CAN 2015 : S\u00e9n\u00e9gal &#8211; Tunisie, en direct sur beIN Sports, en diff\u00e9r\u00e9 sur Canal+ Sport","datePublished":"2014-10-07T13:30:00+00:00","dateModified":"2025-05-22T13:03:30+00:00","mainEntityOfPage":{"@id":"https:\/\/www.webdo.tn\/fr\/actualite\/international\/tunisie-can-2015-senegal-tunisie-en-direct-sur-bein-sports-en-differe-sur-canal-sport\/184304\/"},"wordCount":76,"commentCount":0,"publisher":{"@id":"https:\/\/www.webdo.tn\/fr\/#organization"},"image":{"@id":"https:\/\/www.webdo.tn\/fr\/actualite\/international\/tunisie-can-2015-senegal-tunisie-en-direct-sur-bein-sports-en-differe-sur-canal-sport\/184304\/#primaryimage"},"thumbnailUrl":"https:\/\/www.webdo.tn\/fr\/wp-content\/uploads\/2014\/10\/TV-Ligue-1-photo-koora-1.jpg","articleSection":["International"],"inLanguage":"fr-FR"},{"@type":"WebPage","@id":"https:\/\/www.webdo.tn\/fr\/actualite\/international\/tunisie-can-2015-senegal-tunisie-en-direct-sur-bein-sports-en-differe-sur-canal-sport\/184304\/","url":"https:\/\/www.webdo.tn\/fr\/actualite\/international\/tunisie-can-2015-senegal-tunisie-en-direct-sur-bein-sports-en-differe-sur-canal-sport\/184304\/","name":"CAN 2015 : S\u00e9n\u00e9gal - Tunisie, en direct sur beIN Sports, en diff\u00e9r\u00e9 sur Canal+ Sport","isPartOf":{"@id":"https:\/\/www.webdo.tn\/fr\/#website"},"primaryImageOfPage":{"@id":"https:\/\/www.webdo.tn\/fr\/actualite\/international\/tunisie-can-2015-senegal-tunisie-en-direct-sur-bein-sports-en-differe-sur-canal-sport\/184304\/#primaryimage"},"image":{"@id":"https:\/\/www.webdo.tn\/fr\/actualite\/international\/tunisie-can-2015-senegal-tunisie-en-direct-sur-bein-sports-en-differe-sur-canal-sport\/184304\/#primaryimage"},"thumbnailUrl":"https:\/\/www.webdo.tn\/fr\/wp-content\/uploads\/2014\/10\/TV-Ligue-1-photo-koora-1.jpg","datePublished":"2014-10-07T13:30:00+00:00","dateModified":"2025-05-22T13:03:30+00:00","description":"CAN 2015 : S\u00e9n\u00e9gal - Tunisie, en direct sur beIN Sports, en diff\u00e9r\u00e9 sur Canal+ Sport","breadcrumb":{"@id":"https:\/\/www.webdo.tn\/fr\/actualite\/international\/tunisie-can-2015-senegal-tunisie-en-direct-sur-bein-sports-en-differe-sur-canal-sport\/184304\/#breadcrumb"},"inLanguage":"fr-FR","potentialAction":[{"@type":"ReadAction","target":["https:\/\/www.webdo.tn\/fr\/actualite\/international\/tunisie-can-2015-senegal-tunisie-en-direct-sur-bein-sports-en-differe-sur-canal-sport\/184304\/"]}]},{"@type":"ImageObject","inLanguage":"fr-FR","@id":"https:\/\/www.webdo.tn\/fr\/actualite\/international\/tunisie-can-2015-senegal-tunisie-en-direct-sur-bein-sports-en-differe-sur-canal-sport\/184304\/#primaryimage","url":"https:\/\/www.webdo.tn\/fr\/wp-content\/uploads\/2014\/10\/TV-Ligue-1-photo-koora-1.jpg","contentUrl":"https:\/\/www.webdo.tn\/fr\/wp-content\/uploads\/2014\/10\/TV-Ligue-1-photo-koora-1.jpg","width":308,"height":200,"caption":"CAN 2015 : S\u00e9n\u00e9gal - Tunisie, en direct sur beIN Sports, en diff\u00e9r\u00e9 sur Canal+ Sport"},{"@type":"BreadcrumbList","@id":"https:\/\/www.webdo.tn\/fr\/actualite\/international\/tunisie-can-2015-senegal-tunisie-en-direct-sur-bein-sports-en-differe-sur-canal-sport\/184304\/#breadcrumb","itemListElement":[{"@type":"ListItem","position":1,"name":"Accueil","item":"https:\/\/www.webdo.tn\/fr\/"},{"@type":"ListItem","position":2,"name":"CAN 2015 : S\u00e9n\u00e9gal &#8211; Tunisie, en direct sur beIN Sports, en diff\u00e9r\u00e9 sur Canal+ Sport"}]},{"@type":"WebSite","@id":"https:\/\/www.webdo.tn\/fr\/#website","url":"https:\/\/www.webdo.tn\/fr\/","name":"webdo","description":"Tunisie - News en Tunisie et \u00e0 l&#039;international sur Webdo.tn","publisher":{"@id":"https:\/\/www.webdo.tn\/fr\/#organization"},"potentialAction":[{"@type":"SearchAction","target":{"@type":"EntryPoint","urlTemplate":"https:\/\/www.webdo.tn\/fr\/?s={search_term_string}"},"query-input":{"@type":"PropertyValueSpecification","valueRequired":true,"valueName":"search_term_string"}}],"inLanguage":"fr-FR"},{"@type":"Organization","@id":"https:\/\/www.webdo.tn\/fr\/#organization","name":"Webdo","alternateName":"Webdo.tn","url":"https:\/\/www.webdo.tn\/fr\/","logo":{"@type":"ImageObject","inLanguage":"fr-FR","@id":"https:\/\/www.webdo.tn\/fr\/#\/schema\/logo\/image\/","url":"https:\/\/www.webdo.tn\/fr\/wp-content\/uploads\/2025\/06\/Webdo-Tunisie_168377.jpg","contentUrl":"https:\/\/www.webdo.tn\/fr\/wp-content\/uploads\/2025\/06\/Webdo-Tunisie_168377.jpg","width":301,"height":301,"caption":"Webdo"},"image":{"@id":"https:\/\/www.webdo.tn\/fr\/#\/schema\/logo\/image\/"},"sameAs":["https:\/\/www.facebook.com\/webdotn","https:\/\/x.com\/webdo_tn"],"description":"Webdo est un m\u00e9dia num\u00e9rique tunisien fond\u00e9 en 2010, sp\u00e9cialis\u00e9 dans l\u2019actualit\u00e9 nationale et internationale, l\u2019\u00e9conomie, la soci\u00e9t\u00e9 et les analyses politiques. Le site s\u2019adresse \u00e0 un large public francophone et couvre l\u2019information tunisienne en temps r\u00e9el.","email":"redac@webdo.tn","legalName":"YNJ SARL","foundingDate":"2010-09-06","numberOfEmployees":{"@type":"QuantitativeValue","minValue":"11","maxValue":"50"}},{"@type":"Person","@id":"https:\/\/www.webdo.tn\/fr\/#\/schema\/person\/9a9c6118d687c117df8ef3cc36a4d175","name":"webdo.tn","image":{"@type":"ImageObject","inLanguage":"fr-FR","@id":"https:\/\/secure.gravatar.com\/avatar\/7ce1f28c0c3bbac99ff550b85ef8e44a6950c6ee24514fb6a5489e51d06f0298?s=96&d=mm&r=g","url":"https:\/\/secure.gravatar.com\/avatar\/7ce1f28c0c3bbac99ff550b85ef8e44a6950c6ee24514fb6a5489e51d06f0298?s=96&d=mm&r=g","contentUrl":"https:\/\/secure.gravatar.com\/avatar\/7ce1f28c0c3bbac99ff550b85ef8e44a6950c6ee24514fb6a5489e51d06f0298?s=96&d=mm&r=g","caption":"webdo.tn"},"url":"https:\/\/www.webdo.tn\/fr\/actualite\/author\/webdotn\/"}]}},"_links":{"self":[{"href":"https:\/\/www.webdo.tn\/fr\/wp-json\/wp\/v2\/posts\/184304","targetHints":{"allow":["GET"]}}],"collection":[{"href":"https:\/\/www.webdo.tn\/fr\/wp-json\/wp\/v2\/posts"}],"about":[{"href":"https:\/\/www.webdo.tn\/fr\/wp-json\/wp\/v2\/types\/post"}],"author":[{"embeddable":true,"href":"https:\/\/www.webdo.tn\/fr\/wp-json\/wp\/v2\/users\/3222"}],"replies":[{"embeddable":true,"href":"https:\/\/www.webdo.tn\/fr\/wp-json\/wp\/v2\/comments?post=184304"}],"version-history":[{"count":0,"href":"https:\/\/www.webdo.tn\/fr\/wp-json\/wp\/v2\/posts\/184304\/revisions"}],"wp:featuredmedia":[{"embeddable":true,"href":"https:\/\/www.webdo.tn\/fr\/wp-json\/wp\/v2\/media\/331343"}],"wp:attachment":[{"href":"https:\/\/www.webdo.tn\/fr\/wp-json\/wp\/v2\/media?parent=184304"}],"wp:term":[{"taxonomy":"category","embeddable":true,"href":"https:\/\/www.webdo.tn\/fr\/wp-json\/wp\/v2\/categories?post=184304"},{"taxonomy":"post_tag","embeddable":true,"href":"https:\/\/www.webdo.tn\/fr\/wp-json\/wp\/v2\/tags?post=184304"}],"curies":[{"name":"wp","href":"https:\/\/api.w.org\/{rel}","templated":true}]}}