{"id":184303,"date":"2014-10-10T09:29:00","date_gmt":"2014-10-10T07:29:00","guid":{"rendered":"https:\/\/www.webdo.tn\/fr\/actualite\/international\/tunisie-can-2015-senegal-tunisie-abdennour-et-nater-des-le-depart\/184303"},"modified":"2014-10-10T09:29:00","modified_gmt":"2014-10-10T07:29:00","slug":"tunisie-can-2015-senegal-tunisie-abdennour-et-nater-des-le-depart","status":"publish","type":"post","link":"https:\/\/www.webdo.tn\/fr\/actualite\/international\/tunisie-can-2015-senegal-tunisie-abdennour-et-nater-des-le-depart\/184303\/","title":{"rendered":"CAN 2015 &#8211; S\u00e9n\u00e9gal &#8211; Tunisie : Abdennour et Nater d\u00e8s le d\u00e9part"},"content":{"rendered":"<p>SPORT | A quelques heures du choc S\u00e9n\u00e9gal-Tunisie comptant pour la 3e journ\u00e9e des \u00e9liminatoires de la CAN 2015, les pr\u00e9paratifs vont bon train au sein du groupe convoqu\u00e9 par le s\u00e9lectionneur George Leekens, d\u2019autant que la d\u00e9l\u00e9gation est sur place, \u00e0 Dakar, depuis avant-hier. Et, d\u00e9j\u00e0, l\u2019attente est f\u00e9brile parmi le public sportif concernant le sch\u00e9ma tactique \u00e0 pr\u00e9coniser par le staff et, surtout, le onze type qui sera titularis\u00e9 aujourd\u2019hui, \u00e0 partir de 21H00 (HT).<\/p>\n<p>Les informations nous parvenant de la capitale s\u00e9n\u00e9galaise laissent croire que Leekens h\u00e9site encore quant \u00e0 la formule \u00e0 adopter, entre le 4-4-2, choix privil\u00e9gi\u00e9 du technicien belge, ou alors le 3-5-2, qui sied plut\u00f4t mieux au contexte actuel de la confrontation, sachant que les Lions de la T\u00e9renga affectionnent le jeu direct.<\/p>\n<p>Dans le premier choix on verra pratiquement la m\u00eame formation align\u00e9e d\u2019entr\u00e9e face \u00e0 l\u2019Egypte, Bilel Mohsni en moins, toutefois, puisqu\u2019il est indisponible pour ce rendez-vous. C\u2019est probablement Aymen Abdennour qui le rel\u00e8vera, bien qu\u2019\u00e0 court de comp\u00e9tition. Ce qui est s\u00fbr, c\u2019est qu\u2019on retrouvera Aymen Mathlouthi pour garder la cage, alors que Rami Bedoui et Ali Maaloul tiendront leur r\u00f4le sur les deux flancs de la d\u00e9fense.<\/p>\n<p>L\u2019axe sera de ce fait constitu\u00e9 de Syam Ben Youssef et Aymen Abdennour, cependant que l\u2019entrejeu sera anim\u00e9 par les deux \u00ab Houcine \u00bb, Ragued et Nater, pour la r\u00e9cup\u00e9ration, ainsi que Yassine Chikhaoui, pour l\u2019animation offensive ; il \u00e9voluera juste derri\u00e8re Wahbi Khazri et Youssef Msakni, les deux joueurs de couloir, et pour terminer Fakhreddine Ben Youssef, d\u00e9sormais r\u00e9cup\u00e9rable, ou Saber Khlifa, en net regain de forme.<\/p>\n<p>Au cas, cependant, o\u00f9 le staff penchera pour la prudence, il sacrifiera Youssef Msakni, pour lancer Mohamed Ali Yaacoubi qui sera associ\u00e9, en tant que libero, \u00e0 la paire axiale Syam-Abdennour.<\/p>\n<p>Voici, en tout cas, la formation probable : Aymen Mathlouthi, Rami Bedoui, Syam Ben Youssef, Aymen Abdennour, Ali Maaloul, Houcine Ragued, Houcine Nater, Yassine Chikhaoui, Wahbi Khazri, Youssef Msakni (ou Mohamed Ali Yaacoubi), Fakhreddine Ben Youssef (ou Saber Khlifa)\u2026<\/p>\n","protected":false},"excerpt":{"rendered":"<p>SPORT | A quelques heures du choc S\u00e9n\u00e9gal-Tunisie comptant pour la 3e journ\u00e9e des \u00e9liminatoires de la CAN 2015, les pr\u00e9paratifs vont bon train au sein<\/p>\n","protected":false},"author":3222,"featured_media":373377,"comment_status":"open","ping_status":"open","sticky":false,"template":"","format":"standard","meta":{"footnotes":""},"categories":[2598],"tags":[],"class_list":["post-184303","post","type-post","status-publish","format-standard","has-post-thumbnail","hentry","category-international"],"yoast_head":"<!-- This site is optimized with the Yoast SEO Premium plugin v27.5 (Yoast SEO v27.5) - https:\/\/yoast.com\/product\/yoast-seo-premium-wordpress\/ -->\n<title>CAN 2015 - S\u00e9n\u00e9gal - Tunisie : Abdennour et Nater d\u00e8s le d\u00e9part<\/title>\n<meta name=\"description\" content=\"CAN 2015 - S\u00e9n\u00e9gal - Tunisie : Abdennour et Nater d\u00e8s le d\u00e9part\" \/>\n<link rel=\"canonical\" href=\"https:\/\/www.webdo.tn\/fr\/actualite\/international\/tunisie-can-2015-senegal-tunisie-abdennour-et-nater-des-le-depart\/184303\/\" \/>\n<meta property=\"og:locale\" content=\"fr_FR\" \/>\n<meta property=\"og:type\" content=\"article\" \/>\n<meta property=\"og:title\" content=\"CAN 2015 - S\u00e9n\u00e9gal - Tunisie : Abdennour et Nater d\u00e8s le d\u00e9part\" \/>\n<meta property=\"og:description\" content=\"CAN 2015 - S\u00e9n\u00e9gal - Tunisie : Abdennour et Nater d\u00e8s le d\u00e9part\" \/>\n<meta property=\"og:url\" content=\"https:\/\/www.webdo.tn\/fr\/actualite\/international\/tunisie-can-2015-senegal-tunisie-abdennour-et-nater-des-le-depart\/184303\/\" \/>\n<meta property=\"og:site_name\" content=\"webdo\" \/>\n<meta property=\"article:publisher\" content=\"https:\/\/www.facebook.com\/webdotn\" \/>\n<meta property=\"article:published_time\" content=\"2014-10-10T07:29:00+00:00\" \/>\n<meta name=\"author\" content=\"webdo.tn\" \/>\n<meta name=\"twitter:card\" content=\"summary_large_image\" \/>\n<meta name=\"twitter:creator\" content=\"@webdo_tn\" \/>\n<meta name=\"twitter:site\" content=\"@webdo_tn\" \/>\n<meta name=\"twitter:label1\" content=\"\u00c9crit par\" \/>\n\t<meta name=\"twitter:data1\" content=\"webdo.tn\" \/>\n\t<meta name=\"twitter:label2\" content=\"Dur\u00e9e de lecture estim\u00e9e\" \/>\n\t<meta name=\"twitter:data2\" content=\"2 minutes\" \/>\n<script type=\"application\/ld+json\" class=\"yoast-schema-graph\">{\"@context\":\"https:\\\/\\\/schema.org\",\"@graph\":[{\"@type\":\"NewsArticle\",\"@id\":\"https:\\\/\\\/www.webdo.tn\\\/fr\\\/actualite\\\/international\\\/tunisie-can-2015-senegal-tunisie-abdennour-et-nater-des-le-depart\\\/184303\\\/#article\",\"isPartOf\":{\"@id\":\"https:\\\/\\\/www.webdo.tn\\\/fr\\\/actualite\\\/international\\\/tunisie-can-2015-senegal-tunisie-abdennour-et-nater-des-le-depart\\\/184303\\\/\"},\"author\":{\"name\":\"webdo.tn\",\"@id\":\"https:\\\/\\\/www.webdo.tn\\\/fr\\\/#\\\/schema\\\/person\\\/9a9c6118d687c117df8ef3cc36a4d175\"},\"headline\":\"CAN 2015 &#8211; S\u00e9n\u00e9gal &#8211; Tunisie : Abdennour et Nater d\u00e8s le d\u00e9part\",\"datePublished\":\"2014-10-10T07:29:00+00:00\",\"mainEntityOfPage\":{\"@id\":\"https:\\\/\\\/www.webdo.tn\\\/fr\\\/actualite\\\/international\\\/tunisie-can-2015-senegal-tunisie-abdennour-et-nater-des-le-depart\\\/184303\\\/\"},\"wordCount\":383,\"commentCount\":0,\"publisher\":{\"@id\":\"https:\\\/\\\/www.webdo.tn\\\/fr\\\/#organization\"},\"image\":{\"@id\":\"https:\\\/\\\/www.webdo.tn\\\/fr\\\/actualite\\\/international\\\/tunisie-can-2015-senegal-tunisie-abdennour-et-nater-des-le-depart\\\/184303\\\/#primaryimage\"},\"thumbnailUrl\":\"https:\\\/\\\/www.webdo.tn\\\/fr\\\/wp-content\\\/uploads\\\/2025\\\/06\\\/selection-Tunisie-credit-photo-FIFA.com__184303.jpg\",\"articleSection\":[\"International\"],\"inLanguage\":\"fr-FR\"},{\"@type\":\"WebPage\",\"@id\":\"https:\\\/\\\/www.webdo.tn\\\/fr\\\/actualite\\\/international\\\/tunisie-can-2015-senegal-tunisie-abdennour-et-nater-des-le-depart\\\/184303\\\/\",\"url\":\"https:\\\/\\\/www.webdo.tn\\\/fr\\\/actualite\\\/international\\\/tunisie-can-2015-senegal-tunisie-abdennour-et-nater-des-le-depart\\\/184303\\\/\",\"name\":\"CAN 2015 - S\u00e9n\u00e9gal - Tunisie : Abdennour et Nater d\u00e8s le d\u00e9part\",\"isPartOf\":{\"@id\":\"https:\\\/\\\/www.webdo.tn\\\/fr\\\/#website\"},\"primaryImageOfPage\":{\"@id\":\"https:\\\/\\\/www.webdo.tn\\\/fr\\\/actualite\\\/international\\\/tunisie-can-2015-senegal-tunisie-abdennour-et-nater-des-le-depart\\\/184303\\\/#primaryimage\"},\"image\":{\"@id\":\"https:\\\/\\\/www.webdo.tn\\\/fr\\\/actualite\\\/international\\\/tunisie-can-2015-senegal-tunisie-abdennour-et-nater-des-le-depart\\\/184303\\\/#primaryimage\"},\"thumbnailUrl\":\"https:\\\/\\\/www.webdo.tn\\\/fr\\\/wp-content\\\/uploads\\\/2025\\\/06\\\/selection-Tunisie-credit-photo-FIFA.com__184303.jpg\",\"datePublished\":\"2014-10-10T07:29:00+00:00\",\"description\":\"CAN 2015 - S\u00e9n\u00e9gal - Tunisie : Abdennour et Nater d\u00e8s le d\u00e9part\",\"breadcrumb\":{\"@id\":\"https:\\\/\\\/www.webdo.tn\\\/fr\\\/actualite\\\/international\\\/tunisie-can-2015-senegal-tunisie-abdennour-et-nater-des-le-depart\\\/184303\\\/#breadcrumb\"},\"inLanguage\":\"fr-FR\",\"potentialAction\":[{\"@type\":\"ReadAction\",\"target\":[\"https:\\\/\\\/www.webdo.tn\\\/fr\\\/actualite\\\/international\\\/tunisie-can-2015-senegal-tunisie-abdennour-et-nater-des-le-depart\\\/184303\\\/\"]}]},{\"@type\":\"ImageObject\",\"inLanguage\":\"fr-FR\",\"@id\":\"https:\\\/\\\/www.webdo.tn\\\/fr\\\/actualite\\\/international\\\/tunisie-can-2015-senegal-tunisie-abdennour-et-nater-des-le-depart\\\/184303\\\/#primaryimage\",\"url\":\"https:\\\/\\\/www.webdo.tn\\\/fr\\\/wp-content\\\/uploads\\\/2025\\\/06\\\/selection-Tunisie-credit-photo-FIFA.com__184303.jpg\",\"contentUrl\":\"https:\\\/\\\/www.webdo.tn\\\/fr\\\/wp-content\\\/uploads\\\/2025\\\/06\\\/selection-Tunisie-credit-photo-FIFA.com__184303.jpg\",\"width\":500,\"height\":283,\"caption\":\"CAN 2015 - S\u00e9n\u00e9gal - Tunisie : Abdennour et Nater d\u00e8s le d\u00e9part\"},{\"@type\":\"BreadcrumbList\",\"@id\":\"https:\\\/\\\/www.webdo.tn\\\/fr\\\/actualite\\\/international\\\/tunisie-can-2015-senegal-tunisie-abdennour-et-nater-des-le-depart\\\/184303\\\/#breadcrumb\",\"itemListElement\":[{\"@type\":\"ListItem\",\"position\":1,\"name\":\"Accueil\",\"item\":\"https:\\\/\\\/www.webdo.tn\\\/fr\\\/\"},{\"@type\":\"ListItem\",\"position\":2,\"name\":\"CAN 2015 &#8211; S\u00e9n\u00e9gal &#8211; Tunisie : Abdennour et Nater d\u00e8s le d\u00e9part\"}]},{\"@type\":\"WebSite\",\"@id\":\"https:\\\/\\\/www.webdo.tn\\\/fr\\\/#website\",\"url\":\"https:\\\/\\\/www.webdo.tn\\\/fr\\\/\",\"name\":\"webdo\",\"description\":\"Tunisie - News en Tunisie et \u00e0 l&#039;international sur Webdo.tn\",\"publisher\":{\"@id\":\"https:\\\/\\\/www.webdo.tn\\\/fr\\\/#organization\"},\"potentialAction\":[{\"@type\":\"SearchAction\",\"target\":{\"@type\":\"EntryPoint\",\"urlTemplate\":\"https:\\\/\\\/www.webdo.tn\\\/fr\\\/?s={search_term_string}\"},\"query-input\":{\"@type\":\"PropertyValueSpecification\",\"valueRequired\":true,\"valueName\":\"search_term_string\"}}],\"inLanguage\":\"fr-FR\"},{\"@type\":\"Organization\",\"@id\":\"https:\\\/\\\/www.webdo.tn\\\/fr\\\/#organization\",\"name\":\"Webdo\",\"alternateName\":\"Webdo.tn\",\"url\":\"https:\\\/\\\/www.webdo.tn\\\/fr\\\/\",\"logo\":{\"@type\":\"ImageObject\",\"inLanguage\":\"fr-FR\",\"@id\":\"https:\\\/\\\/www.webdo.tn\\\/fr\\\/#\\\/schema\\\/logo\\\/image\\\/\",\"url\":\"https:\\\/\\\/www.webdo.tn\\\/fr\\\/wp-content\\\/uploads\\\/2025\\\/06\\\/Webdo-Tunisie_168377.jpg\",\"contentUrl\":\"https:\\\/\\\/www.webdo.tn\\\/fr\\\/wp-content\\\/uploads\\\/2025\\\/06\\\/Webdo-Tunisie_168377.jpg\",\"width\":301,\"height\":301,\"caption\":\"Webdo\"},\"image\":{\"@id\":\"https:\\\/\\\/www.webdo.tn\\\/fr\\\/#\\\/schema\\\/logo\\\/image\\\/\"},\"sameAs\":[\"https:\\\/\\\/www.facebook.com\\\/webdotn\",\"https:\\\/\\\/x.com\\\/webdo_tn\"],\"description\":\"Webdo est un m\u00e9dia num\u00e9rique tunisien fond\u00e9 en 2010, sp\u00e9cialis\u00e9 dans l\u2019actualit\u00e9 nationale et internationale, l\u2019\u00e9conomie, la soci\u00e9t\u00e9 et les analyses politiques. Le site s\u2019adresse \u00e0 un large public francophone et couvre l\u2019information tunisienne en temps r\u00e9el.\",\"email\":\"redac@webdo.tn\",\"legalName\":\"YNJ SARL\",\"foundingDate\":\"2010-09-06\",\"numberOfEmployees\":{\"@type\":\"QuantitativeValue\",\"minValue\":\"11\",\"maxValue\":\"50\"}},{\"@type\":\"Person\",\"@id\":\"https:\\\/\\\/www.webdo.tn\\\/fr\\\/#\\\/schema\\\/person\\\/9a9c6118d687c117df8ef3cc36a4d175\",\"name\":\"webdo.tn\",\"image\":{\"@type\":\"ImageObject\",\"inLanguage\":\"fr-FR\",\"@id\":\"https:\\\/\\\/secure.gravatar.com\\\/avatar\\\/7ce1f28c0c3bbac99ff550b85ef8e44a6950c6ee24514fb6a5489e51d06f0298?s=96&d=mm&r=g\",\"url\":\"https:\\\/\\\/secure.gravatar.com\\\/avatar\\\/7ce1f28c0c3bbac99ff550b85ef8e44a6950c6ee24514fb6a5489e51d06f0298?s=96&d=mm&r=g\",\"contentUrl\":\"https:\\\/\\\/secure.gravatar.com\\\/avatar\\\/7ce1f28c0c3bbac99ff550b85ef8e44a6950c6ee24514fb6a5489e51d06f0298?s=96&d=mm&r=g\",\"caption\":\"webdo.tn\"},\"url\":\"https:\\\/\\\/www.webdo.tn\\\/fr\\\/actualite\\\/author\\\/webdotn\\\/\"}]}<\/script>\n<!-- \/ Yoast SEO Premium plugin. -->","yoast_head_json":{"title":"CAN 2015 - S\u00e9n\u00e9gal - Tunisie : Abdennour et Nater d\u00e8s le d\u00e9part","description":"CAN 2015 - S\u00e9n\u00e9gal - Tunisie : Abdennour et Nater d\u00e8s le d\u00e9part","canonical":"https:\/\/www.webdo.tn\/fr\/actualite\/international\/tunisie-can-2015-senegal-tunisie-abdennour-et-nater-des-le-depart\/184303\/","og_locale":"fr_FR","og_type":"article","og_title":"CAN 2015 - S\u00e9n\u00e9gal - Tunisie : Abdennour et Nater d\u00e8s le d\u00e9part","og_description":"CAN 2015 - S\u00e9n\u00e9gal - Tunisie : Abdennour et Nater d\u00e8s le d\u00e9part","og_url":"https:\/\/www.webdo.tn\/fr\/actualite\/international\/tunisie-can-2015-senegal-tunisie-abdennour-et-nater-des-le-depart\/184303\/","og_site_name":"webdo","article_publisher":"https:\/\/www.facebook.com\/webdotn","article_published_time":"2014-10-10T07:29:00+00:00","author":"webdo.tn","twitter_card":"summary_large_image","twitter_creator":"@webdo_tn","twitter_site":"@webdo_tn","twitter_misc":{"\u00c9crit par":"webdo.tn","Dur\u00e9e de lecture estim\u00e9e":"2 minutes"},"schema":{"@context":"https:\/\/schema.org","@graph":[{"@type":"NewsArticle","@id":"https:\/\/www.webdo.tn\/fr\/actualite\/international\/tunisie-can-2015-senegal-tunisie-abdennour-et-nater-des-le-depart\/184303\/#article","isPartOf":{"@id":"https:\/\/www.webdo.tn\/fr\/actualite\/international\/tunisie-can-2015-senegal-tunisie-abdennour-et-nater-des-le-depart\/184303\/"},"author":{"name":"webdo.tn","@id":"https:\/\/www.webdo.tn\/fr\/#\/schema\/person\/9a9c6118d687c117df8ef3cc36a4d175"},"headline":"CAN 2015 &#8211; S\u00e9n\u00e9gal &#8211; Tunisie : Abdennour et Nater d\u00e8s le d\u00e9part","datePublished":"2014-10-10T07:29:00+00:00","mainEntityOfPage":{"@id":"https:\/\/www.webdo.tn\/fr\/actualite\/international\/tunisie-can-2015-senegal-tunisie-abdennour-et-nater-des-le-depart\/184303\/"},"wordCount":383,"commentCount":0,"publisher":{"@id":"https:\/\/www.webdo.tn\/fr\/#organization"},"image":{"@id":"https:\/\/www.webdo.tn\/fr\/actualite\/international\/tunisie-can-2015-senegal-tunisie-abdennour-et-nater-des-le-depart\/184303\/#primaryimage"},"thumbnailUrl":"https:\/\/www.webdo.tn\/fr\/wp-content\/uploads\/2025\/06\/selection-Tunisie-credit-photo-FIFA.com__184303.jpg","articleSection":["International"],"inLanguage":"fr-FR"},{"@type":"WebPage","@id":"https:\/\/www.webdo.tn\/fr\/actualite\/international\/tunisie-can-2015-senegal-tunisie-abdennour-et-nater-des-le-depart\/184303\/","url":"https:\/\/www.webdo.tn\/fr\/actualite\/international\/tunisie-can-2015-senegal-tunisie-abdennour-et-nater-des-le-depart\/184303\/","name":"CAN 2015 - S\u00e9n\u00e9gal - Tunisie : Abdennour et Nater d\u00e8s le d\u00e9part","isPartOf":{"@id":"https:\/\/www.webdo.tn\/fr\/#website"},"primaryImageOfPage":{"@id":"https:\/\/www.webdo.tn\/fr\/actualite\/international\/tunisie-can-2015-senegal-tunisie-abdennour-et-nater-des-le-depart\/184303\/#primaryimage"},"image":{"@id":"https:\/\/www.webdo.tn\/fr\/actualite\/international\/tunisie-can-2015-senegal-tunisie-abdennour-et-nater-des-le-depart\/184303\/#primaryimage"},"thumbnailUrl":"https:\/\/www.webdo.tn\/fr\/wp-content\/uploads\/2025\/06\/selection-Tunisie-credit-photo-FIFA.com__184303.jpg","datePublished":"2014-10-10T07:29:00+00:00","description":"CAN 2015 - S\u00e9n\u00e9gal - Tunisie : Abdennour et Nater d\u00e8s le d\u00e9part","breadcrumb":{"@id":"https:\/\/www.webdo.tn\/fr\/actualite\/international\/tunisie-can-2015-senegal-tunisie-abdennour-et-nater-des-le-depart\/184303\/#breadcrumb"},"inLanguage":"fr-FR","potentialAction":[{"@type":"ReadAction","target":["https:\/\/www.webdo.tn\/fr\/actualite\/international\/tunisie-can-2015-senegal-tunisie-abdennour-et-nater-des-le-depart\/184303\/"]}]},{"@type":"ImageObject","inLanguage":"fr-FR","@id":"https:\/\/www.webdo.tn\/fr\/actualite\/international\/tunisie-can-2015-senegal-tunisie-abdennour-et-nater-des-le-depart\/184303\/#primaryimage","url":"https:\/\/www.webdo.tn\/fr\/wp-content\/uploads\/2025\/06\/selection-Tunisie-credit-photo-FIFA.com__184303.jpg","contentUrl":"https:\/\/www.webdo.tn\/fr\/wp-content\/uploads\/2025\/06\/selection-Tunisie-credit-photo-FIFA.com__184303.jpg","width":500,"height":283,"caption":"CAN 2015 - S\u00e9n\u00e9gal - Tunisie : Abdennour et Nater d\u00e8s le d\u00e9part"},{"@type":"BreadcrumbList","@id":"https:\/\/www.webdo.tn\/fr\/actualite\/international\/tunisie-can-2015-senegal-tunisie-abdennour-et-nater-des-le-depart\/184303\/#breadcrumb","itemListElement":[{"@type":"ListItem","position":1,"name":"Accueil","item":"https:\/\/www.webdo.tn\/fr\/"},{"@type":"ListItem","position":2,"name":"CAN 2015 &#8211; S\u00e9n\u00e9gal &#8211; Tunisie : Abdennour et Nater d\u00e8s le d\u00e9part"}]},{"@type":"WebSite","@id":"https:\/\/www.webdo.tn\/fr\/#website","url":"https:\/\/www.webdo.tn\/fr\/","name":"webdo","description":"Tunisie - News en Tunisie et \u00e0 l&#039;international sur Webdo.tn","publisher":{"@id":"https:\/\/www.webdo.tn\/fr\/#organization"},"potentialAction":[{"@type":"SearchAction","target":{"@type":"EntryPoint","urlTemplate":"https:\/\/www.webdo.tn\/fr\/?s={search_term_string}"},"query-input":{"@type":"PropertyValueSpecification","valueRequired":true,"valueName":"search_term_string"}}],"inLanguage":"fr-FR"},{"@type":"Organization","@id":"https:\/\/www.webdo.tn\/fr\/#organization","name":"Webdo","alternateName":"Webdo.tn","url":"https:\/\/www.webdo.tn\/fr\/","logo":{"@type":"ImageObject","inLanguage":"fr-FR","@id":"https:\/\/www.webdo.tn\/fr\/#\/schema\/logo\/image\/","url":"https:\/\/www.webdo.tn\/fr\/wp-content\/uploads\/2025\/06\/Webdo-Tunisie_168377.jpg","contentUrl":"https:\/\/www.webdo.tn\/fr\/wp-content\/uploads\/2025\/06\/Webdo-Tunisie_168377.jpg","width":301,"height":301,"caption":"Webdo"},"image":{"@id":"https:\/\/www.webdo.tn\/fr\/#\/schema\/logo\/image\/"},"sameAs":["https:\/\/www.facebook.com\/webdotn","https:\/\/x.com\/webdo_tn"],"description":"Webdo est un m\u00e9dia num\u00e9rique tunisien fond\u00e9 en 2010, sp\u00e9cialis\u00e9 dans l\u2019actualit\u00e9 nationale et internationale, l\u2019\u00e9conomie, la soci\u00e9t\u00e9 et les analyses politiques. Le site s\u2019adresse \u00e0 un large public francophone et couvre l\u2019information tunisienne en temps r\u00e9el.","email":"redac@webdo.tn","legalName":"YNJ SARL","foundingDate":"2010-09-06","numberOfEmployees":{"@type":"QuantitativeValue","minValue":"11","maxValue":"50"}},{"@type":"Person","@id":"https:\/\/www.webdo.tn\/fr\/#\/schema\/person\/9a9c6118d687c117df8ef3cc36a4d175","name":"webdo.tn","image":{"@type":"ImageObject","inLanguage":"fr-FR","@id":"https:\/\/secure.gravatar.com\/avatar\/7ce1f28c0c3bbac99ff550b85ef8e44a6950c6ee24514fb6a5489e51d06f0298?s=96&d=mm&r=g","url":"https:\/\/secure.gravatar.com\/avatar\/7ce1f28c0c3bbac99ff550b85ef8e44a6950c6ee24514fb6a5489e51d06f0298?s=96&d=mm&r=g","contentUrl":"https:\/\/secure.gravatar.com\/avatar\/7ce1f28c0c3bbac99ff550b85ef8e44a6950c6ee24514fb6a5489e51d06f0298?s=96&d=mm&r=g","caption":"webdo.tn"},"url":"https:\/\/www.webdo.tn\/fr\/actualite\/author\/webdotn\/"}]}},"_links":{"self":[{"href":"https:\/\/www.webdo.tn\/fr\/wp-json\/wp\/v2\/posts\/184303","targetHints":{"allow":["GET"]}}],"collection":[{"href":"https:\/\/www.webdo.tn\/fr\/wp-json\/wp\/v2\/posts"}],"about":[{"href":"https:\/\/www.webdo.tn\/fr\/wp-json\/wp\/v2\/types\/post"}],"author":[{"embeddable":true,"href":"https:\/\/www.webdo.tn\/fr\/wp-json\/wp\/v2\/users\/3222"}],"replies":[{"embeddable":true,"href":"https:\/\/www.webdo.tn\/fr\/wp-json\/wp\/v2\/comments?post=184303"}],"version-history":[{"count":0,"href":"https:\/\/www.webdo.tn\/fr\/wp-json\/wp\/v2\/posts\/184303\/revisions"}],"wp:featuredmedia":[{"embeddable":true,"href":"https:\/\/www.webdo.tn\/fr\/wp-json\/wp\/v2\/media\/373377"}],"wp:attachment":[{"href":"https:\/\/www.webdo.tn\/fr\/wp-json\/wp\/v2\/media?parent=184303"}],"wp:term":[{"taxonomy":"category","embeddable":true,"href":"https:\/\/www.webdo.tn\/fr\/wp-json\/wp\/v2\/categories?post=184303"},{"taxonomy":"post_tag","embeddable":true,"href":"https:\/\/www.webdo.tn\/fr\/wp-json\/wp\/v2\/tags?post=184303"}],"curies":[{"name":"wp","href":"https:\/\/api.w.org\/{rel}","templated":true}]}}