{"id":184302,"date":"2014-10-10T10:41:00","date_gmt":"2014-10-10T08:41:00","guid":{"rendered":"https:\/\/www.webdo.tn\/fr\/actualite\/international\/pakistanaise-malala-lindien-satyarthi-prix-nobel-paix\/184302"},"modified":"2014-10-10T10:41:00","modified_gmt":"2014-10-10T08:41:00","slug":"pakistanaise-malala-lindien-satyarthi-prix-nobel-paix","status":"publish","type":"post","link":"https:\/\/www.webdo.tn\/fr\/actualite\/international\/pakistanaise-malala-lindien-satyarthi-prix-nobel-paix\/184302\/","title":{"rendered":"La Pakistanaise Malala et l&rsquo;Indien Satyarthi, prix Nobel de la paix"},"content":{"rendered":"<p>Le prix Nobel de la paix a \u00e9t\u00e9 conjointement attribu\u00e9, ce vendredi 10 octobre, \u00e0 l&rsquo;adolescente pakistanaise Malala Yousafzay (17 ans) et \u00e0 l&rsquo;Indien Kailash Satyarthi (60 ans), activiste indien pour les droits des enfants, \u00ab\u00a0pour leur combat contre l&rsquo;oppression des enfants et des jeunes et pour le droit de tous les enfants \u00e0 l&rsquo;\u00e9ducation\u00a0\u00bb.<\/p>\n<p>Un nombre record de candidatures a \u00e9t\u00e9 enregistr\u00e9, cette ann\u00e9e avec quelque 278 personnes et organisations \u00e9taient en lice cette ann\u00e9e, dont le pr\u00e9sident de la r\u00e9publique Moncef Marzouki et l&rsquo;Union G\u00e9n\u00e9rale tunisienne du Travail (UGTT). La Centrale syndicale faisait d&rsquo;ailleurs partie des favoris au m\u00eame titre que les laur\u00e9ats, le journal russe Nova\u00efa Gazeta et le pape Fran\u00e7ois.<\/p>\n<p>Malala Yousafzay est la premi\u00e8re Nobel n\u00e9e au Pakistan. Elle est aussi la plus jeune prix Nobel de l&rsquo;histoire. Jusqu&rsquo;ici le record \u00e9tait d\u00e9tenu par le Britannique Lawrence Bragg, qui re\u00e7ut le Nobel de physique \u00e0 l&rsquo;\u00e2ge de 25 ans, en 1915. Kailash Satyarthi, 60 ans, est quant \u00e0 lui le 8e Nobel n\u00e9 en Inde.<\/p>\n","protected":false},"excerpt":{"rendered":"<p>Le prix Nobel de la paix a \u00e9t\u00e9 conjointement attribu\u00e9, ce vendredi 10 octobre, \u00e0 l&rsquo;adolescente pakistanaise Malala Yousafzay (17 ans) et \u00e0 l&rsquo;Indien Ka<\/p>\n","protected":false},"author":3222,"featured_media":373382,"comment_status":"open","ping_status":"open","sticky":false,"template":"","format":"standard","meta":{"footnotes":""},"categories":[2598],"tags":[],"class_list":["post-184302","post","type-post","status-publish","format-standard","has-post-thumbnail","hentry","category-international"],"yoast_head":"<!-- This site is optimized with the Yoast SEO Premium plugin v27.5 (Yoast SEO v27.5) - https:\/\/yoast.com\/product\/yoast-seo-premium-wordpress\/ -->\n<title>La Pakistanaise Malala et l&#039;Indien Satyarthi, prix Nobel de la paix<\/title>\n<meta name=\"description\" content=\"La Pakistanaise Malala et l&#039;Indien Satyarthi, prix Nobel de la paix\" \/>\n<link rel=\"canonical\" href=\"https:\/\/www.webdo.tn\/fr\/actualite\/international\/pakistanaise-malala-lindien-satyarthi-prix-nobel-paix\/184302\/\" \/>\n<meta property=\"og:locale\" content=\"fr_FR\" \/>\n<meta property=\"og:type\" content=\"article\" \/>\n<meta property=\"og:title\" content=\"La Pakistanaise Malala et l&#039;Indien Satyarthi, prix Nobel de la paix\" \/>\n<meta property=\"og:description\" content=\"La Pakistanaise Malala et l&#039;Indien Satyarthi, prix Nobel de la paix\" \/>\n<meta property=\"og:url\" content=\"https:\/\/www.webdo.tn\/fr\/actualite\/international\/pakistanaise-malala-lindien-satyarthi-prix-nobel-paix\/184302\/\" \/>\n<meta property=\"og:site_name\" content=\"webdo\" \/>\n<meta property=\"article:publisher\" content=\"https:\/\/www.facebook.com\/webdotn\" \/>\n<meta property=\"article:published_time\" content=\"2014-10-10T08:41:00+00:00\" \/>\n<meta name=\"author\" content=\"webdo.tn\" \/>\n<meta name=\"twitter:card\" content=\"summary_large_image\" \/>\n<meta name=\"twitter:creator\" content=\"@webdo_tn\" \/>\n<meta name=\"twitter:site\" content=\"@webdo_tn\" \/>\n<meta name=\"twitter:label1\" content=\"\u00c9crit par\" \/>\n\t<meta name=\"twitter:data1\" content=\"webdo.tn\" \/>\n\t<meta name=\"twitter:label2\" content=\"Dur\u00e9e de lecture estim\u00e9e\" \/>\n\t<meta name=\"twitter:data2\" content=\"1 minute\" \/>\n<script type=\"application\/ld+json\" class=\"yoast-schema-graph\">{\"@context\":\"https:\\\/\\\/schema.org\",\"@graph\":[{\"@type\":\"NewsArticle\",\"@id\":\"https:\\\/\\\/www.webdo.tn\\\/fr\\\/actualite\\\/international\\\/pakistanaise-malala-lindien-satyarthi-prix-nobel-paix\\\/184302\\\/#article\",\"isPartOf\":{\"@id\":\"https:\\\/\\\/www.webdo.tn\\\/fr\\\/actualite\\\/international\\\/pakistanaise-malala-lindien-satyarthi-prix-nobel-paix\\\/184302\\\/\"},\"author\":{\"name\":\"webdo.tn\",\"@id\":\"https:\\\/\\\/www.webdo.tn\\\/fr\\\/#\\\/schema\\\/person\\\/9a9c6118d687c117df8ef3cc36a4d175\"},\"headline\":\"La Pakistanaise Malala et l&rsquo;Indien Satyarthi, prix Nobel de la paix\",\"datePublished\":\"2014-10-10T08:41:00+00:00\",\"mainEntityOfPage\":{\"@id\":\"https:\\\/\\\/www.webdo.tn\\\/fr\\\/actualite\\\/international\\\/pakistanaise-malala-lindien-satyarthi-prix-nobel-paix\\\/184302\\\/\"},\"wordCount\":193,\"commentCount\":0,\"publisher\":{\"@id\":\"https:\\\/\\\/www.webdo.tn\\\/fr\\\/#organization\"},\"image\":{\"@id\":\"https:\\\/\\\/www.webdo.tn\\\/fr\\\/actualite\\\/international\\\/pakistanaise-malala-lindien-satyarthi-prix-nobel-paix\\\/184302\\\/#primaryimage\"},\"thumbnailUrl\":\"https:\\\/\\\/www.webdo.tn\\\/fr\\\/wp-content\\\/uploads\\\/2025\\\/06\\\/Malala-Yousafzai-Kailash-Satyarthi-credit-photo-AFP_184302.jpg\",\"articleSection\":[\"International\"],\"inLanguage\":\"fr-FR\"},{\"@type\":\"WebPage\",\"@id\":\"https:\\\/\\\/www.webdo.tn\\\/fr\\\/actualite\\\/international\\\/pakistanaise-malala-lindien-satyarthi-prix-nobel-paix\\\/184302\\\/\",\"url\":\"https:\\\/\\\/www.webdo.tn\\\/fr\\\/actualite\\\/international\\\/pakistanaise-malala-lindien-satyarthi-prix-nobel-paix\\\/184302\\\/\",\"name\":\"La Pakistanaise Malala et l'Indien Satyarthi, prix Nobel de la paix\",\"isPartOf\":{\"@id\":\"https:\\\/\\\/www.webdo.tn\\\/fr\\\/#website\"},\"primaryImageOfPage\":{\"@id\":\"https:\\\/\\\/www.webdo.tn\\\/fr\\\/actualite\\\/international\\\/pakistanaise-malala-lindien-satyarthi-prix-nobel-paix\\\/184302\\\/#primaryimage\"},\"image\":{\"@id\":\"https:\\\/\\\/www.webdo.tn\\\/fr\\\/actualite\\\/international\\\/pakistanaise-malala-lindien-satyarthi-prix-nobel-paix\\\/184302\\\/#primaryimage\"},\"thumbnailUrl\":\"https:\\\/\\\/www.webdo.tn\\\/fr\\\/wp-content\\\/uploads\\\/2025\\\/06\\\/Malala-Yousafzai-Kailash-Satyarthi-credit-photo-AFP_184302.jpg\",\"datePublished\":\"2014-10-10T08:41:00+00:00\",\"description\":\"La Pakistanaise Malala et l'Indien Satyarthi, prix Nobel de la paix\",\"breadcrumb\":{\"@id\":\"https:\\\/\\\/www.webdo.tn\\\/fr\\\/actualite\\\/international\\\/pakistanaise-malala-lindien-satyarthi-prix-nobel-paix\\\/184302\\\/#breadcrumb\"},\"inLanguage\":\"fr-FR\",\"potentialAction\":[{\"@type\":\"ReadAction\",\"target\":[\"https:\\\/\\\/www.webdo.tn\\\/fr\\\/actualite\\\/international\\\/pakistanaise-malala-lindien-satyarthi-prix-nobel-paix\\\/184302\\\/\"]}]},{\"@type\":\"ImageObject\",\"inLanguage\":\"fr-FR\",\"@id\":\"https:\\\/\\\/www.webdo.tn\\\/fr\\\/actualite\\\/international\\\/pakistanaise-malala-lindien-satyarthi-prix-nobel-paix\\\/184302\\\/#primaryimage\",\"url\":\"https:\\\/\\\/www.webdo.tn\\\/fr\\\/wp-content\\\/uploads\\\/2025\\\/06\\\/Malala-Yousafzai-Kailash-Satyarthi-credit-photo-AFP_184302.jpg\",\"contentUrl\":\"https:\\\/\\\/www.webdo.tn\\\/fr\\\/wp-content\\\/uploads\\\/2025\\\/06\\\/Malala-Yousafzai-Kailash-Satyarthi-credit-photo-AFP_184302.jpg\",\"width\":600,\"height\":277,\"caption\":\"La Pakistanaise Malala et l'Indien Satyarthi, prix Nobel de la paix\"},{\"@type\":\"BreadcrumbList\",\"@id\":\"https:\\\/\\\/www.webdo.tn\\\/fr\\\/actualite\\\/international\\\/pakistanaise-malala-lindien-satyarthi-prix-nobel-paix\\\/184302\\\/#breadcrumb\",\"itemListElement\":[{\"@type\":\"ListItem\",\"position\":1,\"name\":\"Accueil\",\"item\":\"https:\\\/\\\/www.webdo.tn\\\/fr\\\/\"},{\"@type\":\"ListItem\",\"position\":2,\"name\":\"La Pakistanaise Malala et l&rsquo;Indien Satyarthi, prix Nobel de la paix\"}]},{\"@type\":\"WebSite\",\"@id\":\"https:\\\/\\\/www.webdo.tn\\\/fr\\\/#website\",\"url\":\"https:\\\/\\\/www.webdo.tn\\\/fr\\\/\",\"name\":\"webdo\",\"description\":\"Tunisie - News en Tunisie et \u00e0 l&#039;international sur Webdo.tn\",\"publisher\":{\"@id\":\"https:\\\/\\\/www.webdo.tn\\\/fr\\\/#organization\"},\"potentialAction\":[{\"@type\":\"SearchAction\",\"target\":{\"@type\":\"EntryPoint\",\"urlTemplate\":\"https:\\\/\\\/www.webdo.tn\\\/fr\\\/?s={search_term_string}\"},\"query-input\":{\"@type\":\"PropertyValueSpecification\",\"valueRequired\":true,\"valueName\":\"search_term_string\"}}],\"inLanguage\":\"fr-FR\"},{\"@type\":\"Organization\",\"@id\":\"https:\\\/\\\/www.webdo.tn\\\/fr\\\/#organization\",\"name\":\"Webdo\",\"alternateName\":\"Webdo.tn\",\"url\":\"https:\\\/\\\/www.webdo.tn\\\/fr\\\/\",\"logo\":{\"@type\":\"ImageObject\",\"inLanguage\":\"fr-FR\",\"@id\":\"https:\\\/\\\/www.webdo.tn\\\/fr\\\/#\\\/schema\\\/logo\\\/image\\\/\",\"url\":\"https:\\\/\\\/www.webdo.tn\\\/fr\\\/wp-content\\\/uploads\\\/2025\\\/06\\\/Webdo-Tunisie_168377.jpg\",\"contentUrl\":\"https:\\\/\\\/www.webdo.tn\\\/fr\\\/wp-content\\\/uploads\\\/2025\\\/06\\\/Webdo-Tunisie_168377.jpg\",\"width\":301,\"height\":301,\"caption\":\"Webdo\"},\"image\":{\"@id\":\"https:\\\/\\\/www.webdo.tn\\\/fr\\\/#\\\/schema\\\/logo\\\/image\\\/\"},\"sameAs\":[\"https:\\\/\\\/www.facebook.com\\\/webdotn\",\"https:\\\/\\\/x.com\\\/webdo_tn\"],\"description\":\"Webdo est un m\u00e9dia num\u00e9rique tunisien fond\u00e9 en 2010, sp\u00e9cialis\u00e9 dans l\u2019actualit\u00e9 nationale et internationale, l\u2019\u00e9conomie, la soci\u00e9t\u00e9 et les analyses politiques. Le site s\u2019adresse \u00e0 un large public francophone et couvre l\u2019information tunisienne en temps r\u00e9el.\",\"email\":\"redac@webdo.tn\",\"legalName\":\"YNJ SARL\",\"foundingDate\":\"2010-09-06\",\"numberOfEmployees\":{\"@type\":\"QuantitativeValue\",\"minValue\":\"11\",\"maxValue\":\"50\"}},{\"@type\":\"Person\",\"@id\":\"https:\\\/\\\/www.webdo.tn\\\/fr\\\/#\\\/schema\\\/person\\\/9a9c6118d687c117df8ef3cc36a4d175\",\"name\":\"webdo.tn\",\"image\":{\"@type\":\"ImageObject\",\"inLanguage\":\"fr-FR\",\"@id\":\"https:\\\/\\\/secure.gravatar.com\\\/avatar\\\/7ce1f28c0c3bbac99ff550b85ef8e44a6950c6ee24514fb6a5489e51d06f0298?s=96&d=mm&r=g\",\"url\":\"https:\\\/\\\/secure.gravatar.com\\\/avatar\\\/7ce1f28c0c3bbac99ff550b85ef8e44a6950c6ee24514fb6a5489e51d06f0298?s=96&d=mm&r=g\",\"contentUrl\":\"https:\\\/\\\/secure.gravatar.com\\\/avatar\\\/7ce1f28c0c3bbac99ff550b85ef8e44a6950c6ee24514fb6a5489e51d06f0298?s=96&d=mm&r=g\",\"caption\":\"webdo.tn\"},\"url\":\"https:\\\/\\\/www.webdo.tn\\\/fr\\\/actualite\\\/author\\\/webdotn\\\/\"}]}<\/script>\n<!-- \/ Yoast SEO Premium plugin. -->","yoast_head_json":{"title":"La Pakistanaise Malala et l'Indien Satyarthi, prix Nobel de la paix","description":"La Pakistanaise Malala et l'Indien Satyarthi, prix Nobel de la paix","canonical":"https:\/\/www.webdo.tn\/fr\/actualite\/international\/pakistanaise-malala-lindien-satyarthi-prix-nobel-paix\/184302\/","og_locale":"fr_FR","og_type":"article","og_title":"La Pakistanaise Malala et l'Indien Satyarthi, prix Nobel de la paix","og_description":"La Pakistanaise Malala et l'Indien Satyarthi, prix Nobel de la paix","og_url":"https:\/\/www.webdo.tn\/fr\/actualite\/international\/pakistanaise-malala-lindien-satyarthi-prix-nobel-paix\/184302\/","og_site_name":"webdo","article_publisher":"https:\/\/www.facebook.com\/webdotn","article_published_time":"2014-10-10T08:41:00+00:00","author":"webdo.tn","twitter_card":"summary_large_image","twitter_creator":"@webdo_tn","twitter_site":"@webdo_tn","twitter_misc":{"\u00c9crit par":"webdo.tn","Dur\u00e9e de lecture estim\u00e9e":"1 minute"},"schema":{"@context":"https:\/\/schema.org","@graph":[{"@type":"NewsArticle","@id":"https:\/\/www.webdo.tn\/fr\/actualite\/international\/pakistanaise-malala-lindien-satyarthi-prix-nobel-paix\/184302\/#article","isPartOf":{"@id":"https:\/\/www.webdo.tn\/fr\/actualite\/international\/pakistanaise-malala-lindien-satyarthi-prix-nobel-paix\/184302\/"},"author":{"name":"webdo.tn","@id":"https:\/\/www.webdo.tn\/fr\/#\/schema\/person\/9a9c6118d687c117df8ef3cc36a4d175"},"headline":"La Pakistanaise Malala et l&rsquo;Indien Satyarthi, prix Nobel de la paix","datePublished":"2014-10-10T08:41:00+00:00","mainEntityOfPage":{"@id":"https:\/\/www.webdo.tn\/fr\/actualite\/international\/pakistanaise-malala-lindien-satyarthi-prix-nobel-paix\/184302\/"},"wordCount":193,"commentCount":0,"publisher":{"@id":"https:\/\/www.webdo.tn\/fr\/#organization"},"image":{"@id":"https:\/\/www.webdo.tn\/fr\/actualite\/international\/pakistanaise-malala-lindien-satyarthi-prix-nobel-paix\/184302\/#primaryimage"},"thumbnailUrl":"https:\/\/www.webdo.tn\/fr\/wp-content\/uploads\/2025\/06\/Malala-Yousafzai-Kailash-Satyarthi-credit-photo-AFP_184302.jpg","articleSection":["International"],"inLanguage":"fr-FR"},{"@type":"WebPage","@id":"https:\/\/www.webdo.tn\/fr\/actualite\/international\/pakistanaise-malala-lindien-satyarthi-prix-nobel-paix\/184302\/","url":"https:\/\/www.webdo.tn\/fr\/actualite\/international\/pakistanaise-malala-lindien-satyarthi-prix-nobel-paix\/184302\/","name":"La Pakistanaise Malala et l'Indien Satyarthi, prix Nobel de la paix","isPartOf":{"@id":"https:\/\/www.webdo.tn\/fr\/#website"},"primaryImageOfPage":{"@id":"https:\/\/www.webdo.tn\/fr\/actualite\/international\/pakistanaise-malala-lindien-satyarthi-prix-nobel-paix\/184302\/#primaryimage"},"image":{"@id":"https:\/\/www.webdo.tn\/fr\/actualite\/international\/pakistanaise-malala-lindien-satyarthi-prix-nobel-paix\/184302\/#primaryimage"},"thumbnailUrl":"https:\/\/www.webdo.tn\/fr\/wp-content\/uploads\/2025\/06\/Malala-Yousafzai-Kailash-Satyarthi-credit-photo-AFP_184302.jpg","datePublished":"2014-10-10T08:41:00+00:00","description":"La Pakistanaise Malala et l'Indien Satyarthi, prix Nobel de la paix","breadcrumb":{"@id":"https:\/\/www.webdo.tn\/fr\/actualite\/international\/pakistanaise-malala-lindien-satyarthi-prix-nobel-paix\/184302\/#breadcrumb"},"inLanguage":"fr-FR","potentialAction":[{"@type":"ReadAction","target":["https:\/\/www.webdo.tn\/fr\/actualite\/international\/pakistanaise-malala-lindien-satyarthi-prix-nobel-paix\/184302\/"]}]},{"@type":"ImageObject","inLanguage":"fr-FR","@id":"https:\/\/www.webdo.tn\/fr\/actualite\/international\/pakistanaise-malala-lindien-satyarthi-prix-nobel-paix\/184302\/#primaryimage","url":"https:\/\/www.webdo.tn\/fr\/wp-content\/uploads\/2025\/06\/Malala-Yousafzai-Kailash-Satyarthi-credit-photo-AFP_184302.jpg","contentUrl":"https:\/\/www.webdo.tn\/fr\/wp-content\/uploads\/2025\/06\/Malala-Yousafzai-Kailash-Satyarthi-credit-photo-AFP_184302.jpg","width":600,"height":277,"caption":"La Pakistanaise Malala et l'Indien Satyarthi, prix Nobel de la paix"},{"@type":"BreadcrumbList","@id":"https:\/\/www.webdo.tn\/fr\/actualite\/international\/pakistanaise-malala-lindien-satyarthi-prix-nobel-paix\/184302\/#breadcrumb","itemListElement":[{"@type":"ListItem","position":1,"name":"Accueil","item":"https:\/\/www.webdo.tn\/fr\/"},{"@type":"ListItem","position":2,"name":"La Pakistanaise Malala et l&rsquo;Indien Satyarthi, prix Nobel de la paix"}]},{"@type":"WebSite","@id":"https:\/\/www.webdo.tn\/fr\/#website","url":"https:\/\/www.webdo.tn\/fr\/","name":"webdo","description":"Tunisie - News en Tunisie et \u00e0 l&#039;international sur Webdo.tn","publisher":{"@id":"https:\/\/www.webdo.tn\/fr\/#organization"},"potentialAction":[{"@type":"SearchAction","target":{"@type":"EntryPoint","urlTemplate":"https:\/\/www.webdo.tn\/fr\/?s={search_term_string}"},"query-input":{"@type":"PropertyValueSpecification","valueRequired":true,"valueName":"search_term_string"}}],"inLanguage":"fr-FR"},{"@type":"Organization","@id":"https:\/\/www.webdo.tn\/fr\/#organization","name":"Webdo","alternateName":"Webdo.tn","url":"https:\/\/www.webdo.tn\/fr\/","logo":{"@type":"ImageObject","inLanguage":"fr-FR","@id":"https:\/\/www.webdo.tn\/fr\/#\/schema\/logo\/image\/","url":"https:\/\/www.webdo.tn\/fr\/wp-content\/uploads\/2025\/06\/Webdo-Tunisie_168377.jpg","contentUrl":"https:\/\/www.webdo.tn\/fr\/wp-content\/uploads\/2025\/06\/Webdo-Tunisie_168377.jpg","width":301,"height":301,"caption":"Webdo"},"image":{"@id":"https:\/\/www.webdo.tn\/fr\/#\/schema\/logo\/image\/"},"sameAs":["https:\/\/www.facebook.com\/webdotn","https:\/\/x.com\/webdo_tn"],"description":"Webdo est un m\u00e9dia num\u00e9rique tunisien fond\u00e9 en 2010, sp\u00e9cialis\u00e9 dans l\u2019actualit\u00e9 nationale et internationale, l\u2019\u00e9conomie, la soci\u00e9t\u00e9 et les analyses politiques. Le site s\u2019adresse \u00e0 un large public francophone et couvre l\u2019information tunisienne en temps r\u00e9el.","email":"redac@webdo.tn","legalName":"YNJ SARL","foundingDate":"2010-09-06","numberOfEmployees":{"@type":"QuantitativeValue","minValue":"11","maxValue":"50"}},{"@type":"Person","@id":"https:\/\/www.webdo.tn\/fr\/#\/schema\/person\/9a9c6118d687c117df8ef3cc36a4d175","name":"webdo.tn","image":{"@type":"ImageObject","inLanguage":"fr-FR","@id":"https:\/\/secure.gravatar.com\/avatar\/7ce1f28c0c3bbac99ff550b85ef8e44a6950c6ee24514fb6a5489e51d06f0298?s=96&d=mm&r=g","url":"https:\/\/secure.gravatar.com\/avatar\/7ce1f28c0c3bbac99ff550b85ef8e44a6950c6ee24514fb6a5489e51d06f0298?s=96&d=mm&r=g","contentUrl":"https:\/\/secure.gravatar.com\/avatar\/7ce1f28c0c3bbac99ff550b85ef8e44a6950c6ee24514fb6a5489e51d06f0298?s=96&d=mm&r=g","caption":"webdo.tn"},"url":"https:\/\/www.webdo.tn\/fr\/actualite\/author\/webdotn\/"}]}},"_links":{"self":[{"href":"https:\/\/www.webdo.tn\/fr\/wp-json\/wp\/v2\/posts\/184302","targetHints":{"allow":["GET"]}}],"collection":[{"href":"https:\/\/www.webdo.tn\/fr\/wp-json\/wp\/v2\/posts"}],"about":[{"href":"https:\/\/www.webdo.tn\/fr\/wp-json\/wp\/v2\/types\/post"}],"author":[{"embeddable":true,"href":"https:\/\/www.webdo.tn\/fr\/wp-json\/wp\/v2\/users\/3222"}],"replies":[{"embeddable":true,"href":"https:\/\/www.webdo.tn\/fr\/wp-json\/wp\/v2\/comments?post=184302"}],"version-history":[{"count":0,"href":"https:\/\/www.webdo.tn\/fr\/wp-json\/wp\/v2\/posts\/184302\/revisions"}],"wp:featuredmedia":[{"embeddable":true,"href":"https:\/\/www.webdo.tn\/fr\/wp-json\/wp\/v2\/media\/373382"}],"wp:attachment":[{"href":"https:\/\/www.webdo.tn\/fr\/wp-json\/wp\/v2\/media?parent=184302"}],"wp:term":[{"taxonomy":"category","embeddable":true,"href":"https:\/\/www.webdo.tn\/fr\/wp-json\/wp\/v2\/categories?post=184302"},{"taxonomy":"post_tag","embeddable":true,"href":"https:\/\/www.webdo.tn\/fr\/wp-json\/wp\/v2\/tags?post=184302"}],"curies":[{"name":"wp","href":"https:\/\/api.w.org\/{rel}","templated":true}]}}