{"id":184301,"date":"2014-10-11T00:53:00","date_gmt":"2014-10-11T00:53:00","guid":{"rendered":"https:\/\/www.webdo.tn\/fr\/blog\/can-2015-maroc-veut-reporter-competition-cause-du-virus-ebola\/184301\/"},"modified":"2025-05-19T10:37:42","modified_gmt":"2025-05-19T10:37:42","slug":"can-2015-maroc-veut-reporter-competition-cause-du-virus-ebola","status":"publish","type":"post","link":"https:\/\/www.webdo.tn\/fr\/actualite\/international\/can-2015-maroc-veut-reporter-competition-cause-du-virus-ebola\/184301\/","title":{"rendered":"CAN 2015 : Le Maroc veut reporter la comp\u00e9tition \u00e0 cause du virus Ebola"},"content":{"rendered":"<p>Alors qu\u2019on joue, ce week-end pour le compte de la 3\u00e8me journ\u00e9e des \u00e9liminatoires de la Coupe d\u2019Afrique des Nations 2015 (CAN), le pays qui doit accueillir cette joute continentale, le Maroc a demand\u00e9 le report de la comp\u00e9tition.<\/p>\n<p>Le Maroc, pays organisateur de la prochaine CAN qui est programm\u00e9e du 17 janvier ou 8 f\u00e9vrier 2015, a officiellement demand\u00e9 le report de la comp\u00e9tition, \u00e0 cause de l&rsquo;\u00e9pid\u00e9mie de virus Ebola qui s\u00e9vit dans l&rsquo;ouest du continent, a annonc\u00e9 vendredi soir le ministre de la Jeunesse et des sports marocain.<\/p>\n<p>Une d\u00e9l\u00e9gation officielle marocaine doit rencontrer la semaine prochaine le pr\u00e9sident de la Conf\u00e9d\u00e9ration africaine (CAF), Issa Hayatou, pour examiner les mesures de mise en \u0153uvre de ce report, annonce l\u2019AFP.<\/p>\n<p>Le Maroc n\u2019a recens\u00e9 aucun cas d\u2019Ebola sur son sol mais le minist\u00e8re de la sant\u00e9 marocain a \u00e9mis la d\u00e9cision d&rsquo;\u00e9viter les rassemblements auxquels prennent part des pays touch\u00e9s par le virus Ebola.<\/p>\n","protected":false},"excerpt":{"rendered":"<p>CAN 2015 : Le Maroc veut reporter la comp\u00e9tition \u00e0 cause du virus Ebola<\/p>\n","protected":false},"author":3222,"featured_media":320144,"comment_status":"open","ping_status":"closed","sticky":false,"template":"","format":"standard","meta":{"footnotes":""},"categories":[2598],"tags":[2600],"class_list":["post-184301","post","type-post","status-publish","format-standard","has-post-thumbnail","hentry","category-international","tag-guerre"],"yoast_head":"<!-- This site is optimized with the Yoast SEO Premium plugin v27.5 (Yoast SEO v27.5) - https:\/\/yoast.com\/product\/yoast-seo-premium-wordpress\/ -->\n<title>CAN 2015 : Le Maroc veut reporter la comp\u00e9tition \u00e0 cause du virus Ebola<\/title>\n<meta name=\"description\" content=\"CAN 2015 : Le Maroc veut reporter la comp\u00e9tition \u00e0 cause du virus Ebola\" \/>\n<link rel=\"canonical\" href=\"https:\/\/www.webdo.tn\/fr\/actualite\/international\/can-2015-maroc-veut-reporter-competition-cause-du-virus-ebola\/184301\/\" \/>\n<meta property=\"og:locale\" content=\"fr_FR\" \/>\n<meta property=\"og:type\" content=\"article\" \/>\n<meta property=\"og:title\" content=\"CAN 2015 : Le Maroc veut reporter la comp\u00e9tition \u00e0 cause du virus Ebola\" \/>\n<meta property=\"og:description\" content=\"CAN 2015 : Le Maroc veut reporter la comp\u00e9tition \u00e0 cause du virus Ebola\" \/>\n<meta property=\"og:url\" content=\"https:\/\/www.webdo.tn\/fr\/actualite\/international\/can-2015-maroc-veut-reporter-competition-cause-du-virus-ebola\/184301\/\" \/>\n<meta property=\"og:site_name\" content=\"webdo\" \/>\n<meta property=\"article:publisher\" content=\"https:\/\/www.facebook.com\/webdotn\" \/>\n<meta property=\"article:published_time\" content=\"2014-10-11T00:53:00+00:00\" \/>\n<meta property=\"article:modified_time\" content=\"2025-05-19T10:37:42+00:00\" \/>\n<meta property=\"og:image\" content=\"https:\/\/www.webdo.tn\/fr\/wp-content\/uploads\/2014\/10\/CAN2015-SMALL-GB.jpg\" \/>\n\t<meta property=\"og:image:width\" content=\"184\" \/>\n\t<meta property=\"og:image:height\" content=\"248\" \/>\n\t<meta property=\"og:image:type\" content=\"image\/jpeg\" \/>\n<meta name=\"author\" content=\"webdo.tn\" \/>\n<meta name=\"twitter:card\" content=\"summary_large_image\" \/>\n<meta name=\"twitter:creator\" content=\"@webdo_tn\" \/>\n<meta name=\"twitter:site\" content=\"@webdo_tn\" \/>\n<meta name=\"twitter:label1\" content=\"\u00c9crit par\" \/>\n\t<meta name=\"twitter:data1\" content=\"webdo.tn\" \/>\n\t<meta name=\"twitter:label2\" content=\"Dur\u00e9e de lecture estim\u00e9e\" \/>\n\t<meta name=\"twitter:data2\" content=\"1 minute\" \/>\n<script type=\"application\/ld+json\" class=\"yoast-schema-graph\">{\"@context\":\"https:\\\/\\\/schema.org\",\"@graph\":[{\"@type\":\"NewsArticle\",\"@id\":\"https:\\\/\\\/www.webdo.tn\\\/fr\\\/actualite\\\/international\\\/can-2015-maroc-veut-reporter-competition-cause-du-virus-ebola\\\/184301\\\/#article\",\"isPartOf\":{\"@id\":\"https:\\\/\\\/www.webdo.tn\\\/fr\\\/actualite\\\/international\\\/can-2015-maroc-veut-reporter-competition-cause-du-virus-ebola\\\/184301\\\/\"},\"author\":{\"name\":\"webdo.tn\",\"@id\":\"https:\\\/\\\/www.webdo.tn\\\/fr\\\/#\\\/schema\\\/person\\\/9a9c6118d687c117df8ef3cc36a4d175\"},\"headline\":\"CAN 2015 : Le Maroc veut reporter la comp\u00e9tition \u00e0 cause du virus Ebola\",\"datePublished\":\"2014-10-11T00:53:00+00:00\",\"dateModified\":\"2025-05-19T10:37:42+00:00\",\"mainEntityOfPage\":{\"@id\":\"https:\\\/\\\/www.webdo.tn\\\/fr\\\/actualite\\\/international\\\/can-2015-maroc-veut-reporter-competition-cause-du-virus-ebola\\\/184301\\\/\"},\"wordCount\":186,\"commentCount\":0,\"publisher\":{\"@id\":\"https:\\\/\\\/www.webdo.tn\\\/fr\\\/#organization\"},\"image\":{\"@id\":\"https:\\\/\\\/www.webdo.tn\\\/fr\\\/actualite\\\/international\\\/can-2015-maroc-veut-reporter-competition-cause-du-virus-ebola\\\/184301\\\/#primaryimage\"},\"thumbnailUrl\":\"https:\\\/\\\/www.webdo.tn\\\/fr\\\/wp-content\\\/uploads\\\/2014\\\/10\\\/CAN2015-SMALL-GB.jpg\",\"keywords\":[\"guerre\"],\"articleSection\":[\"International\"],\"inLanguage\":\"fr-FR\"},{\"@type\":\"WebPage\",\"@id\":\"https:\\\/\\\/www.webdo.tn\\\/fr\\\/actualite\\\/international\\\/can-2015-maroc-veut-reporter-competition-cause-du-virus-ebola\\\/184301\\\/\",\"url\":\"https:\\\/\\\/www.webdo.tn\\\/fr\\\/actualite\\\/international\\\/can-2015-maroc-veut-reporter-competition-cause-du-virus-ebola\\\/184301\\\/\",\"name\":\"CAN 2015 : Le Maroc veut reporter la comp\u00e9tition \u00e0 cause du virus Ebola\",\"isPartOf\":{\"@id\":\"https:\\\/\\\/www.webdo.tn\\\/fr\\\/#website\"},\"primaryImageOfPage\":{\"@id\":\"https:\\\/\\\/www.webdo.tn\\\/fr\\\/actualite\\\/international\\\/can-2015-maroc-veut-reporter-competition-cause-du-virus-ebola\\\/184301\\\/#primaryimage\"},\"image\":{\"@id\":\"https:\\\/\\\/www.webdo.tn\\\/fr\\\/actualite\\\/international\\\/can-2015-maroc-veut-reporter-competition-cause-du-virus-ebola\\\/184301\\\/#primaryimage\"},\"thumbnailUrl\":\"https:\\\/\\\/www.webdo.tn\\\/fr\\\/wp-content\\\/uploads\\\/2014\\\/10\\\/CAN2015-SMALL-GB.jpg\",\"datePublished\":\"2014-10-11T00:53:00+00:00\",\"dateModified\":\"2025-05-19T10:37:42+00:00\",\"description\":\"CAN 2015 : Le Maroc veut reporter la comp\u00e9tition \u00e0 cause du virus Ebola\",\"breadcrumb\":{\"@id\":\"https:\\\/\\\/www.webdo.tn\\\/fr\\\/actualite\\\/international\\\/can-2015-maroc-veut-reporter-competition-cause-du-virus-ebola\\\/184301\\\/#breadcrumb\"},\"inLanguage\":\"fr-FR\",\"potentialAction\":[{\"@type\":\"ReadAction\",\"target\":[\"https:\\\/\\\/www.webdo.tn\\\/fr\\\/actualite\\\/international\\\/can-2015-maroc-veut-reporter-competition-cause-du-virus-ebola\\\/184301\\\/\"]}]},{\"@type\":\"ImageObject\",\"inLanguage\":\"fr-FR\",\"@id\":\"https:\\\/\\\/www.webdo.tn\\\/fr\\\/actualite\\\/international\\\/can-2015-maroc-veut-reporter-competition-cause-du-virus-ebola\\\/184301\\\/#primaryimage\",\"url\":\"https:\\\/\\\/www.webdo.tn\\\/fr\\\/wp-content\\\/uploads\\\/2014\\\/10\\\/CAN2015-SMALL-GB.jpg\",\"contentUrl\":\"https:\\\/\\\/www.webdo.tn\\\/fr\\\/wp-content\\\/uploads\\\/2014\\\/10\\\/CAN2015-SMALL-GB.jpg\",\"width\":184,\"height\":248,\"caption\":\"CAN 2015 : Le Maroc veut reporter la comp\u00e9tition \u00e0 cause du virus Ebola\"},{\"@type\":\"BreadcrumbList\",\"@id\":\"https:\\\/\\\/www.webdo.tn\\\/fr\\\/actualite\\\/international\\\/can-2015-maroc-veut-reporter-competition-cause-du-virus-ebola\\\/184301\\\/#breadcrumb\",\"itemListElement\":[{\"@type\":\"ListItem\",\"position\":1,\"name\":\"Accueil\",\"item\":\"https:\\\/\\\/www.webdo.tn\\\/fr\\\/\"},{\"@type\":\"ListItem\",\"position\":2,\"name\":\"CAN 2015 : Le Maroc veut reporter la comp\u00e9tition \u00e0 cause du virus Ebola\"}]},{\"@type\":\"WebSite\",\"@id\":\"https:\\\/\\\/www.webdo.tn\\\/fr\\\/#website\",\"url\":\"https:\\\/\\\/www.webdo.tn\\\/fr\\\/\",\"name\":\"webdo\",\"description\":\"Tunisie - News en Tunisie et \u00e0 l&#039;international sur Webdo.tn\",\"publisher\":{\"@id\":\"https:\\\/\\\/www.webdo.tn\\\/fr\\\/#organization\"},\"potentialAction\":[{\"@type\":\"SearchAction\",\"target\":{\"@type\":\"EntryPoint\",\"urlTemplate\":\"https:\\\/\\\/www.webdo.tn\\\/fr\\\/?s={search_term_string}\"},\"query-input\":{\"@type\":\"PropertyValueSpecification\",\"valueRequired\":true,\"valueName\":\"search_term_string\"}}],\"inLanguage\":\"fr-FR\"},{\"@type\":\"Organization\",\"@id\":\"https:\\\/\\\/www.webdo.tn\\\/fr\\\/#organization\",\"name\":\"Webdo\",\"alternateName\":\"Webdo.tn\",\"url\":\"https:\\\/\\\/www.webdo.tn\\\/fr\\\/\",\"logo\":{\"@type\":\"ImageObject\",\"inLanguage\":\"fr-FR\",\"@id\":\"https:\\\/\\\/www.webdo.tn\\\/fr\\\/#\\\/schema\\\/logo\\\/image\\\/\",\"url\":\"https:\\\/\\\/www.webdo.tn\\\/fr\\\/wp-content\\\/uploads\\\/2025\\\/06\\\/Webdo-Tunisie_168377.jpg\",\"contentUrl\":\"https:\\\/\\\/www.webdo.tn\\\/fr\\\/wp-content\\\/uploads\\\/2025\\\/06\\\/Webdo-Tunisie_168377.jpg\",\"width\":301,\"height\":301,\"caption\":\"Webdo\"},\"image\":{\"@id\":\"https:\\\/\\\/www.webdo.tn\\\/fr\\\/#\\\/schema\\\/logo\\\/image\\\/\"},\"sameAs\":[\"https:\\\/\\\/www.facebook.com\\\/webdotn\",\"https:\\\/\\\/x.com\\\/webdo_tn\"],\"description\":\"Webdo est un m\u00e9dia num\u00e9rique tunisien fond\u00e9 en 2010, sp\u00e9cialis\u00e9 dans l\u2019actualit\u00e9 nationale et internationale, l\u2019\u00e9conomie, la soci\u00e9t\u00e9 et les analyses politiques. Le site s\u2019adresse \u00e0 un large public francophone et couvre l\u2019information tunisienne en temps r\u00e9el.\",\"email\":\"redac@webdo.tn\",\"legalName\":\"YNJ SARL\",\"foundingDate\":\"2010-09-06\",\"numberOfEmployees\":{\"@type\":\"QuantitativeValue\",\"minValue\":\"11\",\"maxValue\":\"50\"}},{\"@type\":\"Person\",\"@id\":\"https:\\\/\\\/www.webdo.tn\\\/fr\\\/#\\\/schema\\\/person\\\/9a9c6118d687c117df8ef3cc36a4d175\",\"name\":\"webdo.tn\",\"image\":{\"@type\":\"ImageObject\",\"inLanguage\":\"fr-FR\",\"@id\":\"https:\\\/\\\/secure.gravatar.com\\\/avatar\\\/7ce1f28c0c3bbac99ff550b85ef8e44a6950c6ee24514fb6a5489e51d06f0298?s=96&d=mm&r=g\",\"url\":\"https:\\\/\\\/secure.gravatar.com\\\/avatar\\\/7ce1f28c0c3bbac99ff550b85ef8e44a6950c6ee24514fb6a5489e51d06f0298?s=96&d=mm&r=g\",\"contentUrl\":\"https:\\\/\\\/secure.gravatar.com\\\/avatar\\\/7ce1f28c0c3bbac99ff550b85ef8e44a6950c6ee24514fb6a5489e51d06f0298?s=96&d=mm&r=g\",\"caption\":\"webdo.tn\"},\"url\":\"https:\\\/\\\/www.webdo.tn\\\/fr\\\/actualite\\\/author\\\/webdotn\\\/\"}]}<\/script>\n<!-- \/ Yoast SEO Premium plugin. -->","yoast_head_json":{"title":"CAN 2015 : Le Maroc veut reporter la comp\u00e9tition \u00e0 cause du virus Ebola","description":"CAN 2015 : Le Maroc veut reporter la comp\u00e9tition \u00e0 cause du virus Ebola","canonical":"https:\/\/www.webdo.tn\/fr\/actualite\/international\/can-2015-maroc-veut-reporter-competition-cause-du-virus-ebola\/184301\/","og_locale":"fr_FR","og_type":"article","og_title":"CAN 2015 : Le Maroc veut reporter la comp\u00e9tition \u00e0 cause du virus Ebola","og_description":"CAN 2015 : Le Maroc veut reporter la comp\u00e9tition \u00e0 cause du virus Ebola","og_url":"https:\/\/www.webdo.tn\/fr\/actualite\/international\/can-2015-maroc-veut-reporter-competition-cause-du-virus-ebola\/184301\/","og_site_name":"webdo","article_publisher":"https:\/\/www.facebook.com\/webdotn","article_published_time":"2014-10-11T00:53:00+00:00","article_modified_time":"2025-05-19T10:37:42+00:00","og_image":[{"width":184,"height":248,"url":"https:\/\/www.webdo.tn\/fr\/wp-content\/uploads\/2014\/10\/CAN2015-SMALL-GB.jpg","type":"image\/jpeg"}],"author":"webdo.tn","twitter_card":"summary_large_image","twitter_creator":"@webdo_tn","twitter_site":"@webdo_tn","twitter_misc":{"\u00c9crit par":"webdo.tn","Dur\u00e9e de lecture estim\u00e9e":"1 minute"},"schema":{"@context":"https:\/\/schema.org","@graph":[{"@type":"NewsArticle","@id":"https:\/\/www.webdo.tn\/fr\/actualite\/international\/can-2015-maroc-veut-reporter-competition-cause-du-virus-ebola\/184301\/#article","isPartOf":{"@id":"https:\/\/www.webdo.tn\/fr\/actualite\/international\/can-2015-maroc-veut-reporter-competition-cause-du-virus-ebola\/184301\/"},"author":{"name":"webdo.tn","@id":"https:\/\/www.webdo.tn\/fr\/#\/schema\/person\/9a9c6118d687c117df8ef3cc36a4d175"},"headline":"CAN 2015 : Le Maroc veut reporter la comp\u00e9tition \u00e0 cause du virus Ebola","datePublished":"2014-10-11T00:53:00+00:00","dateModified":"2025-05-19T10:37:42+00:00","mainEntityOfPage":{"@id":"https:\/\/www.webdo.tn\/fr\/actualite\/international\/can-2015-maroc-veut-reporter-competition-cause-du-virus-ebola\/184301\/"},"wordCount":186,"commentCount":0,"publisher":{"@id":"https:\/\/www.webdo.tn\/fr\/#organization"},"image":{"@id":"https:\/\/www.webdo.tn\/fr\/actualite\/international\/can-2015-maroc-veut-reporter-competition-cause-du-virus-ebola\/184301\/#primaryimage"},"thumbnailUrl":"https:\/\/www.webdo.tn\/fr\/wp-content\/uploads\/2014\/10\/CAN2015-SMALL-GB.jpg","keywords":["guerre"],"articleSection":["International"],"inLanguage":"fr-FR"},{"@type":"WebPage","@id":"https:\/\/www.webdo.tn\/fr\/actualite\/international\/can-2015-maroc-veut-reporter-competition-cause-du-virus-ebola\/184301\/","url":"https:\/\/www.webdo.tn\/fr\/actualite\/international\/can-2015-maroc-veut-reporter-competition-cause-du-virus-ebola\/184301\/","name":"CAN 2015 : Le Maroc veut reporter la comp\u00e9tition \u00e0 cause du virus Ebola","isPartOf":{"@id":"https:\/\/www.webdo.tn\/fr\/#website"},"primaryImageOfPage":{"@id":"https:\/\/www.webdo.tn\/fr\/actualite\/international\/can-2015-maroc-veut-reporter-competition-cause-du-virus-ebola\/184301\/#primaryimage"},"image":{"@id":"https:\/\/www.webdo.tn\/fr\/actualite\/international\/can-2015-maroc-veut-reporter-competition-cause-du-virus-ebola\/184301\/#primaryimage"},"thumbnailUrl":"https:\/\/www.webdo.tn\/fr\/wp-content\/uploads\/2014\/10\/CAN2015-SMALL-GB.jpg","datePublished":"2014-10-11T00:53:00+00:00","dateModified":"2025-05-19T10:37:42+00:00","description":"CAN 2015 : Le Maroc veut reporter la comp\u00e9tition \u00e0 cause du virus Ebola","breadcrumb":{"@id":"https:\/\/www.webdo.tn\/fr\/actualite\/international\/can-2015-maroc-veut-reporter-competition-cause-du-virus-ebola\/184301\/#breadcrumb"},"inLanguage":"fr-FR","potentialAction":[{"@type":"ReadAction","target":["https:\/\/www.webdo.tn\/fr\/actualite\/international\/can-2015-maroc-veut-reporter-competition-cause-du-virus-ebola\/184301\/"]}]},{"@type":"ImageObject","inLanguage":"fr-FR","@id":"https:\/\/www.webdo.tn\/fr\/actualite\/international\/can-2015-maroc-veut-reporter-competition-cause-du-virus-ebola\/184301\/#primaryimage","url":"https:\/\/www.webdo.tn\/fr\/wp-content\/uploads\/2014\/10\/CAN2015-SMALL-GB.jpg","contentUrl":"https:\/\/www.webdo.tn\/fr\/wp-content\/uploads\/2014\/10\/CAN2015-SMALL-GB.jpg","width":184,"height":248,"caption":"CAN 2015 : Le Maroc veut reporter la comp\u00e9tition \u00e0 cause du virus Ebola"},{"@type":"BreadcrumbList","@id":"https:\/\/www.webdo.tn\/fr\/actualite\/international\/can-2015-maroc-veut-reporter-competition-cause-du-virus-ebola\/184301\/#breadcrumb","itemListElement":[{"@type":"ListItem","position":1,"name":"Accueil","item":"https:\/\/www.webdo.tn\/fr\/"},{"@type":"ListItem","position":2,"name":"CAN 2015 : Le Maroc veut reporter la comp\u00e9tition \u00e0 cause du virus Ebola"}]},{"@type":"WebSite","@id":"https:\/\/www.webdo.tn\/fr\/#website","url":"https:\/\/www.webdo.tn\/fr\/","name":"webdo","description":"Tunisie - News en Tunisie et \u00e0 l&#039;international sur Webdo.tn","publisher":{"@id":"https:\/\/www.webdo.tn\/fr\/#organization"},"potentialAction":[{"@type":"SearchAction","target":{"@type":"EntryPoint","urlTemplate":"https:\/\/www.webdo.tn\/fr\/?s={search_term_string}"},"query-input":{"@type":"PropertyValueSpecification","valueRequired":true,"valueName":"search_term_string"}}],"inLanguage":"fr-FR"},{"@type":"Organization","@id":"https:\/\/www.webdo.tn\/fr\/#organization","name":"Webdo","alternateName":"Webdo.tn","url":"https:\/\/www.webdo.tn\/fr\/","logo":{"@type":"ImageObject","inLanguage":"fr-FR","@id":"https:\/\/www.webdo.tn\/fr\/#\/schema\/logo\/image\/","url":"https:\/\/www.webdo.tn\/fr\/wp-content\/uploads\/2025\/06\/Webdo-Tunisie_168377.jpg","contentUrl":"https:\/\/www.webdo.tn\/fr\/wp-content\/uploads\/2025\/06\/Webdo-Tunisie_168377.jpg","width":301,"height":301,"caption":"Webdo"},"image":{"@id":"https:\/\/www.webdo.tn\/fr\/#\/schema\/logo\/image\/"},"sameAs":["https:\/\/www.facebook.com\/webdotn","https:\/\/x.com\/webdo_tn"],"description":"Webdo est un m\u00e9dia num\u00e9rique tunisien fond\u00e9 en 2010, sp\u00e9cialis\u00e9 dans l\u2019actualit\u00e9 nationale et internationale, l\u2019\u00e9conomie, la soci\u00e9t\u00e9 et les analyses politiques. Le site s\u2019adresse \u00e0 un large public francophone et couvre l\u2019information tunisienne en temps r\u00e9el.","email":"redac@webdo.tn","legalName":"YNJ SARL","foundingDate":"2010-09-06","numberOfEmployees":{"@type":"QuantitativeValue","minValue":"11","maxValue":"50"}},{"@type":"Person","@id":"https:\/\/www.webdo.tn\/fr\/#\/schema\/person\/9a9c6118d687c117df8ef3cc36a4d175","name":"webdo.tn","image":{"@type":"ImageObject","inLanguage":"fr-FR","@id":"https:\/\/secure.gravatar.com\/avatar\/7ce1f28c0c3bbac99ff550b85ef8e44a6950c6ee24514fb6a5489e51d06f0298?s=96&d=mm&r=g","url":"https:\/\/secure.gravatar.com\/avatar\/7ce1f28c0c3bbac99ff550b85ef8e44a6950c6ee24514fb6a5489e51d06f0298?s=96&d=mm&r=g","contentUrl":"https:\/\/secure.gravatar.com\/avatar\/7ce1f28c0c3bbac99ff550b85ef8e44a6950c6ee24514fb6a5489e51d06f0298?s=96&d=mm&r=g","caption":"webdo.tn"},"url":"https:\/\/www.webdo.tn\/fr\/actualite\/author\/webdotn\/"}]}},"_links":{"self":[{"href":"https:\/\/www.webdo.tn\/fr\/wp-json\/wp\/v2\/posts\/184301","targetHints":{"allow":["GET"]}}],"collection":[{"href":"https:\/\/www.webdo.tn\/fr\/wp-json\/wp\/v2\/posts"}],"about":[{"href":"https:\/\/www.webdo.tn\/fr\/wp-json\/wp\/v2\/types\/post"}],"author":[{"embeddable":true,"href":"https:\/\/www.webdo.tn\/fr\/wp-json\/wp\/v2\/users\/3222"}],"replies":[{"embeddable":true,"href":"https:\/\/www.webdo.tn\/fr\/wp-json\/wp\/v2\/comments?post=184301"}],"version-history":[{"count":0,"href":"https:\/\/www.webdo.tn\/fr\/wp-json\/wp\/v2\/posts\/184301\/revisions"}],"wp:featuredmedia":[{"embeddable":true,"href":"https:\/\/www.webdo.tn\/fr\/wp-json\/wp\/v2\/media\/320144"}],"wp:attachment":[{"href":"https:\/\/www.webdo.tn\/fr\/wp-json\/wp\/v2\/media?parent=184301"}],"wp:term":[{"taxonomy":"category","embeddable":true,"href":"https:\/\/www.webdo.tn\/fr\/wp-json\/wp\/v2\/categories?post=184301"},{"taxonomy":"post_tag","embeddable":true,"href":"https:\/\/www.webdo.tn\/fr\/wp-json\/wp\/v2\/tags?post=184301"}],"curies":[{"name":"wp","href":"https:\/\/api.w.org\/{rel}","templated":true}]}}