{"id":184300,"date":"2014-10-14T09:49:00","date_gmt":"2014-10-14T09:49:00","guid":{"rendered":"https:\/\/www.webdo.tn\/fr\/blog\/274-deputes-au-parlement-britannique-appellent-reconnaitre-etat-palestinien\/184300\/"},"modified":"2025-05-19T10:37:36","modified_gmt":"2025-05-19T10:37:36","slug":"274-deputes-au-parlement-britannique-appellent-reconnaitre-etat-palestinien","status":"publish","type":"post","link":"https:\/\/www.webdo.tn\/fr\/actualite\/international\/274-deputes-au-parlement-britannique-appellent-reconnaitre-etat-palestinien\/184300\/","title":{"rendered":"274 d\u00e9put\u00e9s au parlement britannique appellent \u00e0 reconna\u00eetre un Etat palestinien"},"content":{"rendered":"<p>Les d\u00e9put\u00e9s, avec 274 voix contre 12 au\u00a0parlement britannique, ont adopt\u00e9, lundi soir, 13 octobre, une motion appelant le gouvernement du Royaume-Uni de Grande-Bretagne \u00e0 \u00ab\u00a0reconna\u00eetre un Etat palestinien aux c\u00f4t\u00e9s de l&rsquo;Etat d&rsquo;Isra\u00ebl\u00a0\u00bb.<br \/>\nBritish parliament votes 274 to 12 to recognise Palestine http:\/\/t.co\/FTGE4zUo0G<\/p>\n<p>\u2014 Brian Whitaker (@Brian_Whit) 14 Octobre 2014<\/p>\n","protected":false},"excerpt":{"rendered":"<p>274 d\u00e9put\u00e9s au parlement britannique appellent \u00e0 reconna\u00eetre un Etat palestinien<\/p>\n","protected":false},"author":3222,"featured_media":373364,"comment_status":"open","ping_status":"closed","sticky":false,"template":"","format":"standard","meta":{"footnotes":""},"categories":[2598],"tags":[2600],"class_list":["post-184300","post","type-post","status-publish","format-standard","has-post-thumbnail","hentry","category-international","tag-guerre"],"yoast_head":"<!-- This site is optimized with the Yoast SEO Premium plugin v27.5 (Yoast SEO v27.5) - https:\/\/yoast.com\/product\/yoast-seo-premium-wordpress\/ -->\n<title>274 d\u00e9put\u00e9s au parlement britannique appellent \u00e0 reconna\u00eetre un Etat palestinien<\/title>\n<meta name=\"description\" content=\"274 d\u00e9put\u00e9s au parlement britannique appellent \u00e0 reconna\u00eetre un Etat palestinien\" \/>\n<link rel=\"canonical\" href=\"https:\/\/www.webdo.tn\/fr\/actualite\/international\/274-deputes-au-parlement-britannique-appellent-reconnaitre-etat-palestinien\/184300\/\" \/>\n<meta property=\"og:locale\" content=\"fr_FR\" \/>\n<meta property=\"og:type\" content=\"article\" \/>\n<meta property=\"og:title\" content=\"274 d\u00e9put\u00e9s au parlement britannique appellent \u00e0 reconna\u00eetre un Etat palestinien\" \/>\n<meta property=\"og:description\" content=\"274 d\u00e9put\u00e9s au parlement britannique appellent \u00e0 reconna\u00eetre un Etat palestinien\" \/>\n<meta property=\"og:url\" content=\"https:\/\/www.webdo.tn\/fr\/actualite\/international\/274-deputes-au-parlement-britannique-appellent-reconnaitre-etat-palestinien\/184300\/\" \/>\n<meta property=\"og:site_name\" content=\"webdo\" \/>\n<meta property=\"article:publisher\" content=\"https:\/\/www.facebook.com\/webdotn\" \/>\n<meta property=\"article:published_time\" content=\"2014-10-14T09:49:00+00:00\" \/>\n<meta property=\"article:modified_time\" content=\"2025-05-19T10:37:36+00:00\" \/>\n<meta name=\"author\" content=\"webdo.tn\" \/>\n<meta name=\"twitter:card\" content=\"summary_large_image\" \/>\n<meta name=\"twitter:creator\" content=\"@webdo_tn\" \/>\n<meta name=\"twitter:site\" content=\"@webdo_tn\" \/>\n<meta name=\"twitter:label1\" content=\"\u00c9crit par\" \/>\n\t<meta name=\"twitter:data1\" content=\"webdo.tn\" \/>\n<script type=\"application\/ld+json\" class=\"yoast-schema-graph\">{\"@context\":\"https:\\\/\\\/schema.org\",\"@graph\":[{\"@type\":\"NewsArticle\",\"@id\":\"https:\\\/\\\/www.webdo.tn\\\/fr\\\/actualite\\\/international\\\/274-deputes-au-parlement-britannique-appellent-reconnaitre-etat-palestinien\\\/184300\\\/#article\",\"isPartOf\":{\"@id\":\"https:\\\/\\\/www.webdo.tn\\\/fr\\\/actualite\\\/international\\\/274-deputes-au-parlement-britannique-appellent-reconnaitre-etat-palestinien\\\/184300\\\/\"},\"author\":{\"name\":\"webdo.tn\",\"@id\":\"https:\\\/\\\/www.webdo.tn\\\/fr\\\/#\\\/schema\\\/person\\\/9a9c6118d687c117df8ef3cc36a4d175\"},\"headline\":\"274 d\u00e9put\u00e9s au parlement britannique appellent \u00e0 reconna\u00eetre un Etat palestinien\",\"datePublished\":\"2014-10-14T09:49:00+00:00\",\"dateModified\":\"2025-05-19T10:37:36+00:00\",\"mainEntityOfPage\":{\"@id\":\"https:\\\/\\\/www.webdo.tn\\\/fr\\\/actualite\\\/international\\\/274-deputes-au-parlement-britannique-appellent-reconnaitre-etat-palestinien\\\/184300\\\/\"},\"wordCount\":69,\"commentCount\":0,\"publisher\":{\"@id\":\"https:\\\/\\\/www.webdo.tn\\\/fr\\\/#organization\"},\"image\":{\"@id\":\"https:\\\/\\\/www.webdo.tn\\\/fr\\\/actualite\\\/international\\\/274-deputes-au-parlement-britannique-appellent-reconnaitre-etat-palestinien\\\/184300\\\/#primaryimage\"},\"thumbnailUrl\":\"https:\\\/\\\/www.webdo.tn\\\/fr\\\/wp-content\\\/uploads\\\/2025\\\/06\\\/Capture-decran-2014-10-14-a-09.41.21-e1413276514420_184300.png\",\"keywords\":[\"guerre\"],\"articleSection\":[\"International\"],\"inLanguage\":\"fr-FR\"},{\"@type\":\"WebPage\",\"@id\":\"https:\\\/\\\/www.webdo.tn\\\/fr\\\/actualite\\\/international\\\/274-deputes-au-parlement-britannique-appellent-reconnaitre-etat-palestinien\\\/184300\\\/\",\"url\":\"https:\\\/\\\/www.webdo.tn\\\/fr\\\/actualite\\\/international\\\/274-deputes-au-parlement-britannique-appellent-reconnaitre-etat-palestinien\\\/184300\\\/\",\"name\":\"274 d\u00e9put\u00e9s au parlement britannique appellent \u00e0 reconna\u00eetre un Etat palestinien\",\"isPartOf\":{\"@id\":\"https:\\\/\\\/www.webdo.tn\\\/fr\\\/#website\"},\"primaryImageOfPage\":{\"@id\":\"https:\\\/\\\/www.webdo.tn\\\/fr\\\/actualite\\\/international\\\/274-deputes-au-parlement-britannique-appellent-reconnaitre-etat-palestinien\\\/184300\\\/#primaryimage\"},\"image\":{\"@id\":\"https:\\\/\\\/www.webdo.tn\\\/fr\\\/actualite\\\/international\\\/274-deputes-au-parlement-britannique-appellent-reconnaitre-etat-palestinien\\\/184300\\\/#primaryimage\"},\"thumbnailUrl\":\"https:\\\/\\\/www.webdo.tn\\\/fr\\\/wp-content\\\/uploads\\\/2025\\\/06\\\/Capture-decran-2014-10-14-a-09.41.21-e1413276514420_184300.png\",\"datePublished\":\"2014-10-14T09:49:00+00:00\",\"dateModified\":\"2025-05-19T10:37:36+00:00\",\"description\":\"274 d\u00e9put\u00e9s au parlement britannique appellent \u00e0 reconna\u00eetre un Etat palestinien\",\"breadcrumb\":{\"@id\":\"https:\\\/\\\/www.webdo.tn\\\/fr\\\/actualite\\\/international\\\/274-deputes-au-parlement-britannique-appellent-reconnaitre-etat-palestinien\\\/184300\\\/#breadcrumb\"},\"inLanguage\":\"fr-FR\",\"potentialAction\":[{\"@type\":\"ReadAction\",\"target\":[\"https:\\\/\\\/www.webdo.tn\\\/fr\\\/actualite\\\/international\\\/274-deputes-au-parlement-britannique-appellent-reconnaitre-etat-palestinien\\\/184300\\\/\"]}]},{\"@type\":\"ImageObject\",\"inLanguage\":\"fr-FR\",\"@id\":\"https:\\\/\\\/www.webdo.tn\\\/fr\\\/actualite\\\/international\\\/274-deputes-au-parlement-britannique-appellent-reconnaitre-etat-palestinien\\\/184300\\\/#primaryimage\",\"url\":\"https:\\\/\\\/www.webdo.tn\\\/fr\\\/wp-content\\\/uploads\\\/2025\\\/06\\\/Capture-decran-2014-10-14-a-09.41.21-e1413276514420_184300.png\",\"contentUrl\":\"https:\\\/\\\/www.webdo.tn\\\/fr\\\/wp-content\\\/uploads\\\/2025\\\/06\\\/Capture-decran-2014-10-14-a-09.41.21-e1413276514420_184300.png\",\"width\":386,\"height\":161,\"caption\":\"274 d\u00e9put\u00e9s au parlement britannique appellent \u00e0 reconna\u00eetre un Etat palestinien\"},{\"@type\":\"BreadcrumbList\",\"@id\":\"https:\\\/\\\/www.webdo.tn\\\/fr\\\/actualite\\\/international\\\/274-deputes-au-parlement-britannique-appellent-reconnaitre-etat-palestinien\\\/184300\\\/#breadcrumb\",\"itemListElement\":[{\"@type\":\"ListItem\",\"position\":1,\"name\":\"Accueil\",\"item\":\"https:\\\/\\\/www.webdo.tn\\\/fr\\\/\"},{\"@type\":\"ListItem\",\"position\":2,\"name\":\"274 d\u00e9put\u00e9s au parlement britannique appellent \u00e0 reconna\u00eetre un Etat palestinien\"}]},{\"@type\":\"WebSite\",\"@id\":\"https:\\\/\\\/www.webdo.tn\\\/fr\\\/#website\",\"url\":\"https:\\\/\\\/www.webdo.tn\\\/fr\\\/\",\"name\":\"webdo\",\"description\":\"Tunisie - News en Tunisie et \u00e0 l&#039;international sur Webdo.tn\",\"publisher\":{\"@id\":\"https:\\\/\\\/www.webdo.tn\\\/fr\\\/#organization\"},\"potentialAction\":[{\"@type\":\"SearchAction\",\"target\":{\"@type\":\"EntryPoint\",\"urlTemplate\":\"https:\\\/\\\/www.webdo.tn\\\/fr\\\/?s={search_term_string}\"},\"query-input\":{\"@type\":\"PropertyValueSpecification\",\"valueRequired\":true,\"valueName\":\"search_term_string\"}}],\"inLanguage\":\"fr-FR\"},{\"@type\":\"Organization\",\"@id\":\"https:\\\/\\\/www.webdo.tn\\\/fr\\\/#organization\",\"name\":\"Webdo\",\"alternateName\":\"Webdo.tn\",\"url\":\"https:\\\/\\\/www.webdo.tn\\\/fr\\\/\",\"logo\":{\"@type\":\"ImageObject\",\"inLanguage\":\"fr-FR\",\"@id\":\"https:\\\/\\\/www.webdo.tn\\\/fr\\\/#\\\/schema\\\/logo\\\/image\\\/\",\"url\":\"https:\\\/\\\/www.webdo.tn\\\/fr\\\/wp-content\\\/uploads\\\/2025\\\/06\\\/Webdo-Tunisie_168377.jpg\",\"contentUrl\":\"https:\\\/\\\/www.webdo.tn\\\/fr\\\/wp-content\\\/uploads\\\/2025\\\/06\\\/Webdo-Tunisie_168377.jpg\",\"width\":301,\"height\":301,\"caption\":\"Webdo\"},\"image\":{\"@id\":\"https:\\\/\\\/www.webdo.tn\\\/fr\\\/#\\\/schema\\\/logo\\\/image\\\/\"},\"sameAs\":[\"https:\\\/\\\/www.facebook.com\\\/webdotn\",\"https:\\\/\\\/x.com\\\/webdo_tn\"],\"description\":\"Webdo est un m\u00e9dia num\u00e9rique tunisien fond\u00e9 en 2010, sp\u00e9cialis\u00e9 dans l\u2019actualit\u00e9 nationale et internationale, l\u2019\u00e9conomie, la soci\u00e9t\u00e9 et les analyses politiques. Le site s\u2019adresse \u00e0 un large public francophone et couvre l\u2019information tunisienne en temps r\u00e9el.\",\"email\":\"redac@webdo.tn\",\"legalName\":\"YNJ SARL\",\"foundingDate\":\"2010-09-06\",\"numberOfEmployees\":{\"@type\":\"QuantitativeValue\",\"minValue\":\"11\",\"maxValue\":\"50\"}},{\"@type\":\"Person\",\"@id\":\"https:\\\/\\\/www.webdo.tn\\\/fr\\\/#\\\/schema\\\/person\\\/9a9c6118d687c117df8ef3cc36a4d175\",\"name\":\"webdo.tn\",\"image\":{\"@type\":\"ImageObject\",\"inLanguage\":\"fr-FR\",\"@id\":\"https:\\\/\\\/secure.gravatar.com\\\/avatar\\\/7ce1f28c0c3bbac99ff550b85ef8e44a6950c6ee24514fb6a5489e51d06f0298?s=96&d=mm&r=g\",\"url\":\"https:\\\/\\\/secure.gravatar.com\\\/avatar\\\/7ce1f28c0c3bbac99ff550b85ef8e44a6950c6ee24514fb6a5489e51d06f0298?s=96&d=mm&r=g\",\"contentUrl\":\"https:\\\/\\\/secure.gravatar.com\\\/avatar\\\/7ce1f28c0c3bbac99ff550b85ef8e44a6950c6ee24514fb6a5489e51d06f0298?s=96&d=mm&r=g\",\"caption\":\"webdo.tn\"},\"url\":\"https:\\\/\\\/www.webdo.tn\\\/fr\\\/actualite\\\/author\\\/webdotn\\\/\"}]}<\/script>\n<!-- \/ Yoast SEO Premium plugin. -->","yoast_head_json":{"title":"274 d\u00e9put\u00e9s au parlement britannique appellent \u00e0 reconna\u00eetre un Etat palestinien","description":"274 d\u00e9put\u00e9s au parlement britannique appellent \u00e0 reconna\u00eetre un Etat palestinien","canonical":"https:\/\/www.webdo.tn\/fr\/actualite\/international\/274-deputes-au-parlement-britannique-appellent-reconnaitre-etat-palestinien\/184300\/","og_locale":"fr_FR","og_type":"article","og_title":"274 d\u00e9put\u00e9s au parlement britannique appellent \u00e0 reconna\u00eetre un Etat palestinien","og_description":"274 d\u00e9put\u00e9s au parlement britannique appellent \u00e0 reconna\u00eetre un Etat palestinien","og_url":"https:\/\/www.webdo.tn\/fr\/actualite\/international\/274-deputes-au-parlement-britannique-appellent-reconnaitre-etat-palestinien\/184300\/","og_site_name":"webdo","article_publisher":"https:\/\/www.facebook.com\/webdotn","article_published_time":"2014-10-14T09:49:00+00:00","article_modified_time":"2025-05-19T10:37:36+00:00","author":"webdo.tn","twitter_card":"summary_large_image","twitter_creator":"@webdo_tn","twitter_site":"@webdo_tn","twitter_misc":{"\u00c9crit par":"webdo.tn"},"schema":{"@context":"https:\/\/schema.org","@graph":[{"@type":"NewsArticle","@id":"https:\/\/www.webdo.tn\/fr\/actualite\/international\/274-deputes-au-parlement-britannique-appellent-reconnaitre-etat-palestinien\/184300\/#article","isPartOf":{"@id":"https:\/\/www.webdo.tn\/fr\/actualite\/international\/274-deputes-au-parlement-britannique-appellent-reconnaitre-etat-palestinien\/184300\/"},"author":{"name":"webdo.tn","@id":"https:\/\/www.webdo.tn\/fr\/#\/schema\/person\/9a9c6118d687c117df8ef3cc36a4d175"},"headline":"274 d\u00e9put\u00e9s au parlement britannique appellent \u00e0 reconna\u00eetre un Etat palestinien","datePublished":"2014-10-14T09:49:00+00:00","dateModified":"2025-05-19T10:37:36+00:00","mainEntityOfPage":{"@id":"https:\/\/www.webdo.tn\/fr\/actualite\/international\/274-deputes-au-parlement-britannique-appellent-reconnaitre-etat-palestinien\/184300\/"},"wordCount":69,"commentCount":0,"publisher":{"@id":"https:\/\/www.webdo.tn\/fr\/#organization"},"image":{"@id":"https:\/\/www.webdo.tn\/fr\/actualite\/international\/274-deputes-au-parlement-britannique-appellent-reconnaitre-etat-palestinien\/184300\/#primaryimage"},"thumbnailUrl":"https:\/\/www.webdo.tn\/fr\/wp-content\/uploads\/2025\/06\/Capture-decran-2014-10-14-a-09.41.21-e1413276514420_184300.png","keywords":["guerre"],"articleSection":["International"],"inLanguage":"fr-FR"},{"@type":"WebPage","@id":"https:\/\/www.webdo.tn\/fr\/actualite\/international\/274-deputes-au-parlement-britannique-appellent-reconnaitre-etat-palestinien\/184300\/","url":"https:\/\/www.webdo.tn\/fr\/actualite\/international\/274-deputes-au-parlement-britannique-appellent-reconnaitre-etat-palestinien\/184300\/","name":"274 d\u00e9put\u00e9s au parlement britannique appellent \u00e0 reconna\u00eetre un Etat palestinien","isPartOf":{"@id":"https:\/\/www.webdo.tn\/fr\/#website"},"primaryImageOfPage":{"@id":"https:\/\/www.webdo.tn\/fr\/actualite\/international\/274-deputes-au-parlement-britannique-appellent-reconnaitre-etat-palestinien\/184300\/#primaryimage"},"image":{"@id":"https:\/\/www.webdo.tn\/fr\/actualite\/international\/274-deputes-au-parlement-britannique-appellent-reconnaitre-etat-palestinien\/184300\/#primaryimage"},"thumbnailUrl":"https:\/\/www.webdo.tn\/fr\/wp-content\/uploads\/2025\/06\/Capture-decran-2014-10-14-a-09.41.21-e1413276514420_184300.png","datePublished":"2014-10-14T09:49:00+00:00","dateModified":"2025-05-19T10:37:36+00:00","description":"274 d\u00e9put\u00e9s au parlement britannique appellent \u00e0 reconna\u00eetre un Etat palestinien","breadcrumb":{"@id":"https:\/\/www.webdo.tn\/fr\/actualite\/international\/274-deputes-au-parlement-britannique-appellent-reconnaitre-etat-palestinien\/184300\/#breadcrumb"},"inLanguage":"fr-FR","potentialAction":[{"@type":"ReadAction","target":["https:\/\/www.webdo.tn\/fr\/actualite\/international\/274-deputes-au-parlement-britannique-appellent-reconnaitre-etat-palestinien\/184300\/"]}]},{"@type":"ImageObject","inLanguage":"fr-FR","@id":"https:\/\/www.webdo.tn\/fr\/actualite\/international\/274-deputes-au-parlement-britannique-appellent-reconnaitre-etat-palestinien\/184300\/#primaryimage","url":"https:\/\/www.webdo.tn\/fr\/wp-content\/uploads\/2025\/06\/Capture-decran-2014-10-14-a-09.41.21-e1413276514420_184300.png","contentUrl":"https:\/\/www.webdo.tn\/fr\/wp-content\/uploads\/2025\/06\/Capture-decran-2014-10-14-a-09.41.21-e1413276514420_184300.png","width":386,"height":161,"caption":"274 d\u00e9put\u00e9s au parlement britannique appellent \u00e0 reconna\u00eetre un Etat palestinien"},{"@type":"BreadcrumbList","@id":"https:\/\/www.webdo.tn\/fr\/actualite\/international\/274-deputes-au-parlement-britannique-appellent-reconnaitre-etat-palestinien\/184300\/#breadcrumb","itemListElement":[{"@type":"ListItem","position":1,"name":"Accueil","item":"https:\/\/www.webdo.tn\/fr\/"},{"@type":"ListItem","position":2,"name":"274 d\u00e9put\u00e9s au parlement britannique appellent \u00e0 reconna\u00eetre un Etat palestinien"}]},{"@type":"WebSite","@id":"https:\/\/www.webdo.tn\/fr\/#website","url":"https:\/\/www.webdo.tn\/fr\/","name":"webdo","description":"Tunisie - News en Tunisie et \u00e0 l&#039;international sur Webdo.tn","publisher":{"@id":"https:\/\/www.webdo.tn\/fr\/#organization"},"potentialAction":[{"@type":"SearchAction","target":{"@type":"EntryPoint","urlTemplate":"https:\/\/www.webdo.tn\/fr\/?s={search_term_string}"},"query-input":{"@type":"PropertyValueSpecification","valueRequired":true,"valueName":"search_term_string"}}],"inLanguage":"fr-FR"},{"@type":"Organization","@id":"https:\/\/www.webdo.tn\/fr\/#organization","name":"Webdo","alternateName":"Webdo.tn","url":"https:\/\/www.webdo.tn\/fr\/","logo":{"@type":"ImageObject","inLanguage":"fr-FR","@id":"https:\/\/www.webdo.tn\/fr\/#\/schema\/logo\/image\/","url":"https:\/\/www.webdo.tn\/fr\/wp-content\/uploads\/2025\/06\/Webdo-Tunisie_168377.jpg","contentUrl":"https:\/\/www.webdo.tn\/fr\/wp-content\/uploads\/2025\/06\/Webdo-Tunisie_168377.jpg","width":301,"height":301,"caption":"Webdo"},"image":{"@id":"https:\/\/www.webdo.tn\/fr\/#\/schema\/logo\/image\/"},"sameAs":["https:\/\/www.facebook.com\/webdotn","https:\/\/x.com\/webdo_tn"],"description":"Webdo est un m\u00e9dia num\u00e9rique tunisien fond\u00e9 en 2010, sp\u00e9cialis\u00e9 dans l\u2019actualit\u00e9 nationale et internationale, l\u2019\u00e9conomie, la soci\u00e9t\u00e9 et les analyses politiques. Le site s\u2019adresse \u00e0 un large public francophone et couvre l\u2019information tunisienne en temps r\u00e9el.","email":"redac@webdo.tn","legalName":"YNJ SARL","foundingDate":"2010-09-06","numberOfEmployees":{"@type":"QuantitativeValue","minValue":"11","maxValue":"50"}},{"@type":"Person","@id":"https:\/\/www.webdo.tn\/fr\/#\/schema\/person\/9a9c6118d687c117df8ef3cc36a4d175","name":"webdo.tn","image":{"@type":"ImageObject","inLanguage":"fr-FR","@id":"https:\/\/secure.gravatar.com\/avatar\/7ce1f28c0c3bbac99ff550b85ef8e44a6950c6ee24514fb6a5489e51d06f0298?s=96&d=mm&r=g","url":"https:\/\/secure.gravatar.com\/avatar\/7ce1f28c0c3bbac99ff550b85ef8e44a6950c6ee24514fb6a5489e51d06f0298?s=96&d=mm&r=g","contentUrl":"https:\/\/secure.gravatar.com\/avatar\/7ce1f28c0c3bbac99ff550b85ef8e44a6950c6ee24514fb6a5489e51d06f0298?s=96&d=mm&r=g","caption":"webdo.tn"},"url":"https:\/\/www.webdo.tn\/fr\/actualite\/author\/webdotn\/"}]}},"_links":{"self":[{"href":"https:\/\/www.webdo.tn\/fr\/wp-json\/wp\/v2\/posts\/184300","targetHints":{"allow":["GET"]}}],"collection":[{"href":"https:\/\/www.webdo.tn\/fr\/wp-json\/wp\/v2\/posts"}],"about":[{"href":"https:\/\/www.webdo.tn\/fr\/wp-json\/wp\/v2\/types\/post"}],"author":[{"embeddable":true,"href":"https:\/\/www.webdo.tn\/fr\/wp-json\/wp\/v2\/users\/3222"}],"replies":[{"embeddable":true,"href":"https:\/\/www.webdo.tn\/fr\/wp-json\/wp\/v2\/comments?post=184300"}],"version-history":[{"count":0,"href":"https:\/\/www.webdo.tn\/fr\/wp-json\/wp\/v2\/posts\/184300\/revisions"}],"wp:featuredmedia":[{"embeddable":true,"href":"https:\/\/www.webdo.tn\/fr\/wp-json\/wp\/v2\/media\/373364"}],"wp:attachment":[{"href":"https:\/\/www.webdo.tn\/fr\/wp-json\/wp\/v2\/media?parent=184300"}],"wp:term":[{"taxonomy":"category","embeddable":true,"href":"https:\/\/www.webdo.tn\/fr\/wp-json\/wp\/v2\/categories?post=184300"},{"taxonomy":"post_tag","embeddable":true,"href":"https:\/\/www.webdo.tn\/fr\/wp-json\/wp\/v2\/tags?post=184300"}],"curies":[{"name":"wp","href":"https:\/\/api.w.org\/{rel}","templated":true}]}}