{"id":184295,"date":"2014-10-22T16:47:00","date_gmt":"2014-10-22T16:47:00","guid":{"rendered":"https:\/\/www.webdo.tn\/fr\/blog\/canada-fusillade-mortelle-au-parlement-dottawa\/184295\/"},"modified":"2025-05-19T10:36:18","modified_gmt":"2025-05-19T10:36:18","slug":"canada-fusillade-mortelle-au-parlement-dottawa","status":"publish","type":"post","link":"https:\/\/www.webdo.tn\/fr\/actualite\/international\/canada-fusillade-mortelle-au-parlement-dottawa\/184295\/","title":{"rendered":"Canada : Fusillade mortelle au Parlement d\u2019Ottawa, un suspect abattu"},"content":{"rendered":"<p>MAJ 22 oct 21h 30<\/p>\n<p>Selon CBS News, le suspect abattu a \u00e9t\u00e9 identifi\u00e9. Il s&rsquo;agirait d\u2019un Canadien, de 32 ans, Michael Zehaf-Bibeau<\/p>\n<p>\u00a0<\/p>\n<p>Panique dans l\u2019enceinte du Parlement canadien d&rsquo;Ottawa o\u00f9 au moins une vingtaine de coups de feu ont retenti, ce mercredi. Selon l\u2019AFP, la police canadienne traque un ou deux hommes arm\u00e9s, d\u2019apr\u00e8s des t\u00e9moins se trouvant \u00e0 l&rsquo;int\u00e9rieur du Parlement.<\/p>\n<p>\u00ab\u00a0Un homme est entr\u00e9 dans le Parlement en courant. Il \u00e9tait poursuivi par des policiers arm\u00e9s de fusils qui criaient \u00e0 tout le monde de se mettre \u00e0 couvert\u00a0\u00bb, a d\u00e9clar\u00e9 \u00e0 l&rsquo;AFP Marc-Andr\u00e9 Viau, un employ\u00e9 du Parlement qui estime avoir d\u00e9nombr\u00e9 \u00ab\u00a0une vingtaine de coups de feu automatiques\u00a0\u00bb tir\u00e9s dans l&rsquo;enceinte. Un cameraman de Radio-Canada a pour sa part d\u00e9nombr\u00e9 une cinquantaine de coups de feu dans le Parlement.<\/p>\n<p>Un homme arborant un foulard blanc \u00e0 motif arabe signal\u00e9<\/p>\n<p>Cette attaque a fait au moins 2 bless\u00e9s, selon Ici Radio-Canada. Dans le m\u00eame temps, un soldat montant la garde \u00e0 l&rsquo;ext\u00e9rieur a \u00e9t\u00e9 gravement bless\u00e9 par balles.<\/p>\n<p>Un premier tireur aurait \u00e9t\u00e9 abattu par les forces de s\u00e9curit\u00e9 canadiennes. Un autre homme aurait aussi \u00e9t\u00e9 abattu \u00e0 l&rsquo;ext\u00e9rieur, derri\u00e8re le parlement, toujours selon Ici Radio-Canada qui se base sur plusieurs t\u00e9moins pour rapporter qu\u2019\u00ab au moins un homme muni d&rsquo;une arme d&rsquo;\u00e9paule, un fusil de chasse \u00e0 doubles canons, arborant un foulard blanc \u00e0 motif arabe a \u00e9t\u00e9 signal\u00e9 \u00bb.<\/p>\n","protected":false},"excerpt":{"rendered":"<p>Canada : Fusillade mortelle au Parlement d\u2019Ottawa, un suspect abattu<\/p>\n","protected":false},"author":3222,"featured_media":320040,"comment_status":"open","ping_status":"closed","sticky":false,"template":"","format":"standard","meta":{"footnotes":""},"categories":[2598],"tags":[2600],"class_list":["post-184295","post","type-post","status-publish","format-standard","has-post-thumbnail","hentry","category-international","tag-guerre"],"yoast_head":"<!-- This site is optimized with the Yoast SEO Premium plugin v27.5 (Yoast SEO v27.5) - https:\/\/yoast.com\/product\/yoast-seo-premium-wordpress\/ -->\n<title>Canada : Fusillade mortelle au Parlement d\u2019Ottawa, un suspect abattu<\/title>\n<meta name=\"description\" content=\"Canada : Fusillade mortelle au Parlement d\u2019Ottawa, un suspect abattu\" \/>\n<link rel=\"canonical\" href=\"https:\/\/www.webdo.tn\/fr\/actualite\/international\/canada-fusillade-mortelle-au-parlement-dottawa\/184295\/\" \/>\n<meta property=\"og:locale\" content=\"fr_FR\" \/>\n<meta property=\"og:type\" content=\"article\" \/>\n<meta property=\"og:title\" content=\"Canada : Fusillade mortelle au Parlement d\u2019Ottawa, un suspect abattu\" \/>\n<meta property=\"og:description\" content=\"Canada : Fusillade mortelle au Parlement d\u2019Ottawa, un suspect abattu\" \/>\n<meta property=\"og:url\" content=\"https:\/\/www.webdo.tn\/fr\/actualite\/international\/canada-fusillade-mortelle-au-parlement-dottawa\/184295\/\" \/>\n<meta property=\"og:site_name\" content=\"webdo\" \/>\n<meta property=\"article:publisher\" content=\"https:\/\/www.facebook.com\/webdotn\" \/>\n<meta property=\"article:published_time\" content=\"2014-10-22T16:47:00+00:00\" \/>\n<meta property=\"article:modified_time\" content=\"2025-05-19T10:36:18+00:00\" \/>\n<meta property=\"og:image\" content=\"https:\/\/www.webdo.tn\/fr\/wp-content\/uploads\/2014\/10\/Un-blesse-evacue-credit-photo-AFP.jpg\" \/>\n\t<meta property=\"og:image:width\" content=\"500\" \/>\n\t<meta property=\"og:image:height\" content=\"217\" \/>\n\t<meta property=\"og:image:type\" content=\"image\/jpeg\" \/>\n<meta name=\"author\" content=\"webdo.tn\" \/>\n<meta name=\"twitter:card\" content=\"summary_large_image\" \/>\n<meta name=\"twitter:creator\" content=\"@webdo_tn\" \/>\n<meta name=\"twitter:site\" content=\"@webdo_tn\" \/>\n<meta name=\"twitter:label1\" content=\"\u00c9crit par\" \/>\n\t<meta name=\"twitter:data1\" content=\"webdo.tn\" \/>\n\t<meta name=\"twitter:label2\" content=\"Dur\u00e9e de lecture estim\u00e9e\" \/>\n\t<meta name=\"twitter:data2\" content=\"1 minute\" \/>\n<script type=\"application\/ld+json\" class=\"yoast-schema-graph\">{\"@context\":\"https:\\\/\\\/schema.org\",\"@graph\":[{\"@type\":\"NewsArticle\",\"@id\":\"https:\\\/\\\/www.webdo.tn\\\/fr\\\/actualite\\\/international\\\/canada-fusillade-mortelle-au-parlement-dottawa\\\/184295\\\/#article\",\"isPartOf\":{\"@id\":\"https:\\\/\\\/www.webdo.tn\\\/fr\\\/actualite\\\/international\\\/canada-fusillade-mortelle-au-parlement-dottawa\\\/184295\\\/\"},\"author\":{\"name\":\"webdo.tn\",\"@id\":\"https:\\\/\\\/www.webdo.tn\\\/fr\\\/#\\\/schema\\\/person\\\/9a9c6118d687c117df8ef3cc36a4d175\"},\"headline\":\"Canada : Fusillade mortelle au Parlement d\u2019Ottawa, un suspect abattu\",\"datePublished\":\"2014-10-22T16:47:00+00:00\",\"dateModified\":\"2025-05-19T10:36:18+00:00\",\"mainEntityOfPage\":{\"@id\":\"https:\\\/\\\/www.webdo.tn\\\/fr\\\/actualite\\\/international\\\/canada-fusillade-mortelle-au-parlement-dottawa\\\/184295\\\/\"},\"wordCount\":260,\"commentCount\":0,\"publisher\":{\"@id\":\"https:\\\/\\\/www.webdo.tn\\\/fr\\\/#organization\"},\"image\":{\"@id\":\"https:\\\/\\\/www.webdo.tn\\\/fr\\\/actualite\\\/international\\\/canada-fusillade-mortelle-au-parlement-dottawa\\\/184295\\\/#primaryimage\"},\"thumbnailUrl\":\"https:\\\/\\\/www.webdo.tn\\\/fr\\\/wp-content\\\/uploads\\\/2014\\\/10\\\/Un-blesse-evacue-credit-photo-AFP.jpg\",\"keywords\":[\"guerre\"],\"articleSection\":[\"International\"],\"inLanguage\":\"fr-FR\"},{\"@type\":\"WebPage\",\"@id\":\"https:\\\/\\\/www.webdo.tn\\\/fr\\\/actualite\\\/international\\\/canada-fusillade-mortelle-au-parlement-dottawa\\\/184295\\\/\",\"url\":\"https:\\\/\\\/www.webdo.tn\\\/fr\\\/actualite\\\/international\\\/canada-fusillade-mortelle-au-parlement-dottawa\\\/184295\\\/\",\"name\":\"Canada : Fusillade mortelle au Parlement d\u2019Ottawa, un suspect abattu\",\"isPartOf\":{\"@id\":\"https:\\\/\\\/www.webdo.tn\\\/fr\\\/#website\"},\"primaryImageOfPage\":{\"@id\":\"https:\\\/\\\/www.webdo.tn\\\/fr\\\/actualite\\\/international\\\/canada-fusillade-mortelle-au-parlement-dottawa\\\/184295\\\/#primaryimage\"},\"image\":{\"@id\":\"https:\\\/\\\/www.webdo.tn\\\/fr\\\/actualite\\\/international\\\/canada-fusillade-mortelle-au-parlement-dottawa\\\/184295\\\/#primaryimage\"},\"thumbnailUrl\":\"https:\\\/\\\/www.webdo.tn\\\/fr\\\/wp-content\\\/uploads\\\/2014\\\/10\\\/Un-blesse-evacue-credit-photo-AFP.jpg\",\"datePublished\":\"2014-10-22T16:47:00+00:00\",\"dateModified\":\"2025-05-19T10:36:18+00:00\",\"description\":\"Canada : Fusillade mortelle au Parlement d\u2019Ottawa, un suspect abattu\",\"breadcrumb\":{\"@id\":\"https:\\\/\\\/www.webdo.tn\\\/fr\\\/actualite\\\/international\\\/canada-fusillade-mortelle-au-parlement-dottawa\\\/184295\\\/#breadcrumb\"},\"inLanguage\":\"fr-FR\",\"potentialAction\":[{\"@type\":\"ReadAction\",\"target\":[\"https:\\\/\\\/www.webdo.tn\\\/fr\\\/actualite\\\/international\\\/canada-fusillade-mortelle-au-parlement-dottawa\\\/184295\\\/\"]}]},{\"@type\":\"ImageObject\",\"inLanguage\":\"fr-FR\",\"@id\":\"https:\\\/\\\/www.webdo.tn\\\/fr\\\/actualite\\\/international\\\/canada-fusillade-mortelle-au-parlement-dottawa\\\/184295\\\/#primaryimage\",\"url\":\"https:\\\/\\\/www.webdo.tn\\\/fr\\\/wp-content\\\/uploads\\\/2014\\\/10\\\/Un-blesse-evacue-credit-photo-AFP.jpg\",\"contentUrl\":\"https:\\\/\\\/www.webdo.tn\\\/fr\\\/wp-content\\\/uploads\\\/2014\\\/10\\\/Un-blesse-evacue-credit-photo-AFP.jpg\",\"width\":500,\"height\":217,\"caption\":\"Canada : Fusillade mortelle au Parlement d\u2019Ottawa, un suspect abattu\"},{\"@type\":\"BreadcrumbList\",\"@id\":\"https:\\\/\\\/www.webdo.tn\\\/fr\\\/actualite\\\/international\\\/canada-fusillade-mortelle-au-parlement-dottawa\\\/184295\\\/#breadcrumb\",\"itemListElement\":[{\"@type\":\"ListItem\",\"position\":1,\"name\":\"Accueil\",\"item\":\"https:\\\/\\\/www.webdo.tn\\\/fr\\\/\"},{\"@type\":\"ListItem\",\"position\":2,\"name\":\"Canada : Fusillade mortelle au Parlement d\u2019Ottawa, un suspect abattu\"}]},{\"@type\":\"WebSite\",\"@id\":\"https:\\\/\\\/www.webdo.tn\\\/fr\\\/#website\",\"url\":\"https:\\\/\\\/www.webdo.tn\\\/fr\\\/\",\"name\":\"webdo\",\"description\":\"Tunisie - News en Tunisie et \u00e0 l&#039;international sur Webdo.tn\",\"publisher\":{\"@id\":\"https:\\\/\\\/www.webdo.tn\\\/fr\\\/#organization\"},\"potentialAction\":[{\"@type\":\"SearchAction\",\"target\":{\"@type\":\"EntryPoint\",\"urlTemplate\":\"https:\\\/\\\/www.webdo.tn\\\/fr\\\/?s={search_term_string}\"},\"query-input\":{\"@type\":\"PropertyValueSpecification\",\"valueRequired\":true,\"valueName\":\"search_term_string\"}}],\"inLanguage\":\"fr-FR\"},{\"@type\":\"Organization\",\"@id\":\"https:\\\/\\\/www.webdo.tn\\\/fr\\\/#organization\",\"name\":\"Webdo\",\"alternateName\":\"Webdo.tn\",\"url\":\"https:\\\/\\\/www.webdo.tn\\\/fr\\\/\",\"logo\":{\"@type\":\"ImageObject\",\"inLanguage\":\"fr-FR\",\"@id\":\"https:\\\/\\\/www.webdo.tn\\\/fr\\\/#\\\/schema\\\/logo\\\/image\\\/\",\"url\":\"https:\\\/\\\/www.webdo.tn\\\/fr\\\/wp-content\\\/uploads\\\/2025\\\/06\\\/Webdo-Tunisie_168377.jpg\",\"contentUrl\":\"https:\\\/\\\/www.webdo.tn\\\/fr\\\/wp-content\\\/uploads\\\/2025\\\/06\\\/Webdo-Tunisie_168377.jpg\",\"width\":301,\"height\":301,\"caption\":\"Webdo\"},\"image\":{\"@id\":\"https:\\\/\\\/www.webdo.tn\\\/fr\\\/#\\\/schema\\\/logo\\\/image\\\/\"},\"sameAs\":[\"https:\\\/\\\/www.facebook.com\\\/webdotn\",\"https:\\\/\\\/x.com\\\/webdo_tn\"],\"description\":\"Webdo est un m\u00e9dia num\u00e9rique tunisien fond\u00e9 en 2010, sp\u00e9cialis\u00e9 dans l\u2019actualit\u00e9 nationale et internationale, l\u2019\u00e9conomie, la soci\u00e9t\u00e9 et les analyses politiques. Le site s\u2019adresse \u00e0 un large public francophone et couvre l\u2019information tunisienne en temps r\u00e9el.\",\"email\":\"redac@webdo.tn\",\"legalName\":\"YNJ SARL\",\"foundingDate\":\"2010-09-06\",\"numberOfEmployees\":{\"@type\":\"QuantitativeValue\",\"minValue\":\"11\",\"maxValue\":\"50\"}},{\"@type\":\"Person\",\"@id\":\"https:\\\/\\\/www.webdo.tn\\\/fr\\\/#\\\/schema\\\/person\\\/9a9c6118d687c117df8ef3cc36a4d175\",\"name\":\"webdo.tn\",\"image\":{\"@type\":\"ImageObject\",\"inLanguage\":\"fr-FR\",\"@id\":\"https:\\\/\\\/secure.gravatar.com\\\/avatar\\\/7ce1f28c0c3bbac99ff550b85ef8e44a6950c6ee24514fb6a5489e51d06f0298?s=96&d=mm&r=g\",\"url\":\"https:\\\/\\\/secure.gravatar.com\\\/avatar\\\/7ce1f28c0c3bbac99ff550b85ef8e44a6950c6ee24514fb6a5489e51d06f0298?s=96&d=mm&r=g\",\"contentUrl\":\"https:\\\/\\\/secure.gravatar.com\\\/avatar\\\/7ce1f28c0c3bbac99ff550b85ef8e44a6950c6ee24514fb6a5489e51d06f0298?s=96&d=mm&r=g\",\"caption\":\"webdo.tn\"},\"url\":\"https:\\\/\\\/www.webdo.tn\\\/fr\\\/actualite\\\/author\\\/webdotn\\\/\"}]}<\/script>\n<!-- \/ Yoast SEO Premium plugin. -->","yoast_head_json":{"title":"Canada : Fusillade mortelle au Parlement d\u2019Ottawa, un suspect abattu","description":"Canada : Fusillade mortelle au Parlement d\u2019Ottawa, un suspect abattu","canonical":"https:\/\/www.webdo.tn\/fr\/actualite\/international\/canada-fusillade-mortelle-au-parlement-dottawa\/184295\/","og_locale":"fr_FR","og_type":"article","og_title":"Canada : Fusillade mortelle au Parlement d\u2019Ottawa, un suspect abattu","og_description":"Canada : Fusillade mortelle au Parlement d\u2019Ottawa, un suspect abattu","og_url":"https:\/\/www.webdo.tn\/fr\/actualite\/international\/canada-fusillade-mortelle-au-parlement-dottawa\/184295\/","og_site_name":"webdo","article_publisher":"https:\/\/www.facebook.com\/webdotn","article_published_time":"2014-10-22T16:47:00+00:00","article_modified_time":"2025-05-19T10:36:18+00:00","og_image":[{"width":500,"height":217,"url":"https:\/\/www.webdo.tn\/fr\/wp-content\/uploads\/2014\/10\/Un-blesse-evacue-credit-photo-AFP.jpg","type":"image\/jpeg"}],"author":"webdo.tn","twitter_card":"summary_large_image","twitter_creator":"@webdo_tn","twitter_site":"@webdo_tn","twitter_misc":{"\u00c9crit par":"webdo.tn","Dur\u00e9e de lecture estim\u00e9e":"1 minute"},"schema":{"@context":"https:\/\/schema.org","@graph":[{"@type":"NewsArticle","@id":"https:\/\/www.webdo.tn\/fr\/actualite\/international\/canada-fusillade-mortelle-au-parlement-dottawa\/184295\/#article","isPartOf":{"@id":"https:\/\/www.webdo.tn\/fr\/actualite\/international\/canada-fusillade-mortelle-au-parlement-dottawa\/184295\/"},"author":{"name":"webdo.tn","@id":"https:\/\/www.webdo.tn\/fr\/#\/schema\/person\/9a9c6118d687c117df8ef3cc36a4d175"},"headline":"Canada : Fusillade mortelle au Parlement d\u2019Ottawa, un suspect abattu","datePublished":"2014-10-22T16:47:00+00:00","dateModified":"2025-05-19T10:36:18+00:00","mainEntityOfPage":{"@id":"https:\/\/www.webdo.tn\/fr\/actualite\/international\/canada-fusillade-mortelle-au-parlement-dottawa\/184295\/"},"wordCount":260,"commentCount":0,"publisher":{"@id":"https:\/\/www.webdo.tn\/fr\/#organization"},"image":{"@id":"https:\/\/www.webdo.tn\/fr\/actualite\/international\/canada-fusillade-mortelle-au-parlement-dottawa\/184295\/#primaryimage"},"thumbnailUrl":"https:\/\/www.webdo.tn\/fr\/wp-content\/uploads\/2014\/10\/Un-blesse-evacue-credit-photo-AFP.jpg","keywords":["guerre"],"articleSection":["International"],"inLanguage":"fr-FR"},{"@type":"WebPage","@id":"https:\/\/www.webdo.tn\/fr\/actualite\/international\/canada-fusillade-mortelle-au-parlement-dottawa\/184295\/","url":"https:\/\/www.webdo.tn\/fr\/actualite\/international\/canada-fusillade-mortelle-au-parlement-dottawa\/184295\/","name":"Canada : Fusillade mortelle au Parlement d\u2019Ottawa, un suspect abattu","isPartOf":{"@id":"https:\/\/www.webdo.tn\/fr\/#website"},"primaryImageOfPage":{"@id":"https:\/\/www.webdo.tn\/fr\/actualite\/international\/canada-fusillade-mortelle-au-parlement-dottawa\/184295\/#primaryimage"},"image":{"@id":"https:\/\/www.webdo.tn\/fr\/actualite\/international\/canada-fusillade-mortelle-au-parlement-dottawa\/184295\/#primaryimage"},"thumbnailUrl":"https:\/\/www.webdo.tn\/fr\/wp-content\/uploads\/2014\/10\/Un-blesse-evacue-credit-photo-AFP.jpg","datePublished":"2014-10-22T16:47:00+00:00","dateModified":"2025-05-19T10:36:18+00:00","description":"Canada : Fusillade mortelle au Parlement d\u2019Ottawa, un suspect abattu","breadcrumb":{"@id":"https:\/\/www.webdo.tn\/fr\/actualite\/international\/canada-fusillade-mortelle-au-parlement-dottawa\/184295\/#breadcrumb"},"inLanguage":"fr-FR","potentialAction":[{"@type":"ReadAction","target":["https:\/\/www.webdo.tn\/fr\/actualite\/international\/canada-fusillade-mortelle-au-parlement-dottawa\/184295\/"]}]},{"@type":"ImageObject","inLanguage":"fr-FR","@id":"https:\/\/www.webdo.tn\/fr\/actualite\/international\/canada-fusillade-mortelle-au-parlement-dottawa\/184295\/#primaryimage","url":"https:\/\/www.webdo.tn\/fr\/wp-content\/uploads\/2014\/10\/Un-blesse-evacue-credit-photo-AFP.jpg","contentUrl":"https:\/\/www.webdo.tn\/fr\/wp-content\/uploads\/2014\/10\/Un-blesse-evacue-credit-photo-AFP.jpg","width":500,"height":217,"caption":"Canada : Fusillade mortelle au Parlement d\u2019Ottawa, un suspect abattu"},{"@type":"BreadcrumbList","@id":"https:\/\/www.webdo.tn\/fr\/actualite\/international\/canada-fusillade-mortelle-au-parlement-dottawa\/184295\/#breadcrumb","itemListElement":[{"@type":"ListItem","position":1,"name":"Accueil","item":"https:\/\/www.webdo.tn\/fr\/"},{"@type":"ListItem","position":2,"name":"Canada : Fusillade mortelle au Parlement d\u2019Ottawa, un suspect abattu"}]},{"@type":"WebSite","@id":"https:\/\/www.webdo.tn\/fr\/#website","url":"https:\/\/www.webdo.tn\/fr\/","name":"webdo","description":"Tunisie - News en Tunisie et \u00e0 l&#039;international sur Webdo.tn","publisher":{"@id":"https:\/\/www.webdo.tn\/fr\/#organization"},"potentialAction":[{"@type":"SearchAction","target":{"@type":"EntryPoint","urlTemplate":"https:\/\/www.webdo.tn\/fr\/?s={search_term_string}"},"query-input":{"@type":"PropertyValueSpecification","valueRequired":true,"valueName":"search_term_string"}}],"inLanguage":"fr-FR"},{"@type":"Organization","@id":"https:\/\/www.webdo.tn\/fr\/#organization","name":"Webdo","alternateName":"Webdo.tn","url":"https:\/\/www.webdo.tn\/fr\/","logo":{"@type":"ImageObject","inLanguage":"fr-FR","@id":"https:\/\/www.webdo.tn\/fr\/#\/schema\/logo\/image\/","url":"https:\/\/www.webdo.tn\/fr\/wp-content\/uploads\/2025\/06\/Webdo-Tunisie_168377.jpg","contentUrl":"https:\/\/www.webdo.tn\/fr\/wp-content\/uploads\/2025\/06\/Webdo-Tunisie_168377.jpg","width":301,"height":301,"caption":"Webdo"},"image":{"@id":"https:\/\/www.webdo.tn\/fr\/#\/schema\/logo\/image\/"},"sameAs":["https:\/\/www.facebook.com\/webdotn","https:\/\/x.com\/webdo_tn"],"description":"Webdo est un m\u00e9dia num\u00e9rique tunisien fond\u00e9 en 2010, sp\u00e9cialis\u00e9 dans l\u2019actualit\u00e9 nationale et internationale, l\u2019\u00e9conomie, la soci\u00e9t\u00e9 et les analyses politiques. Le site s\u2019adresse \u00e0 un large public francophone et couvre l\u2019information tunisienne en temps r\u00e9el.","email":"redac@webdo.tn","legalName":"YNJ SARL","foundingDate":"2010-09-06","numberOfEmployees":{"@type":"QuantitativeValue","minValue":"11","maxValue":"50"}},{"@type":"Person","@id":"https:\/\/www.webdo.tn\/fr\/#\/schema\/person\/9a9c6118d687c117df8ef3cc36a4d175","name":"webdo.tn","image":{"@type":"ImageObject","inLanguage":"fr-FR","@id":"https:\/\/secure.gravatar.com\/avatar\/7ce1f28c0c3bbac99ff550b85ef8e44a6950c6ee24514fb6a5489e51d06f0298?s=96&d=mm&r=g","url":"https:\/\/secure.gravatar.com\/avatar\/7ce1f28c0c3bbac99ff550b85ef8e44a6950c6ee24514fb6a5489e51d06f0298?s=96&d=mm&r=g","contentUrl":"https:\/\/secure.gravatar.com\/avatar\/7ce1f28c0c3bbac99ff550b85ef8e44a6950c6ee24514fb6a5489e51d06f0298?s=96&d=mm&r=g","caption":"webdo.tn"},"url":"https:\/\/www.webdo.tn\/fr\/actualite\/author\/webdotn\/"}]}},"_links":{"self":[{"href":"https:\/\/www.webdo.tn\/fr\/wp-json\/wp\/v2\/posts\/184295","targetHints":{"allow":["GET"]}}],"collection":[{"href":"https:\/\/www.webdo.tn\/fr\/wp-json\/wp\/v2\/posts"}],"about":[{"href":"https:\/\/www.webdo.tn\/fr\/wp-json\/wp\/v2\/types\/post"}],"author":[{"embeddable":true,"href":"https:\/\/www.webdo.tn\/fr\/wp-json\/wp\/v2\/users\/3222"}],"replies":[{"embeddable":true,"href":"https:\/\/www.webdo.tn\/fr\/wp-json\/wp\/v2\/comments?post=184295"}],"version-history":[{"count":0,"href":"https:\/\/www.webdo.tn\/fr\/wp-json\/wp\/v2\/posts\/184295\/revisions"}],"wp:featuredmedia":[{"embeddable":true,"href":"https:\/\/www.webdo.tn\/fr\/wp-json\/wp\/v2\/media\/320040"}],"wp:attachment":[{"href":"https:\/\/www.webdo.tn\/fr\/wp-json\/wp\/v2\/media?parent=184295"}],"wp:term":[{"taxonomy":"category","embeddable":true,"href":"https:\/\/www.webdo.tn\/fr\/wp-json\/wp\/v2\/categories?post=184295"},{"taxonomy":"post_tag","embeddable":true,"href":"https:\/\/www.webdo.tn\/fr\/wp-json\/wp\/v2\/tags?post=184295"}],"curies":[{"name":"wp","href":"https:\/\/api.w.org\/{rel}","templated":true}]}}