{"id":184293,"date":"2014-10-25T10:45:00","date_gmt":"2014-10-25T10:45:00","guid":{"rendered":"https:\/\/www.webdo.tn\/fr\/blog\/elections-legislatives-180-000-tunisiens-france-appeles-voter-ce-vendredi-24-octobre\/184293\/"},"modified":"2025-05-22T13:02:31","modified_gmt":"2025-05-22T13:02:31","slug":"elections-legislatives-180-000-tunisiens-france-appeles-voter-ce-vendredi-24-octobre","status":"publish","type":"post","link":"https:\/\/www.webdo.tn\/fr\/actualite\/international\/elections-legislatives-180-000-tunisiens-france-appeles-voter-ce-vendredi-24-octobre\/184293\/","title":{"rendered":"Elections l\u00e9gislatives : 180.000 Tunisiens de France appel\u00e9s \u00e0 voter ce vendredi 24 octobre"},"content":{"rendered":"<p>180 000 Tunisiens de France ont \u00e9t\u00e9 appel\u00e9s \u00e0 voter ce vendredi 24 octobre. Ils auront trois jours pour le faire, jusqu&rsquo;\u00e0 la fermeture des bureaux de vote le dimanche 26 octobre \u00e0 18h. L&rsquo;ISIE a publi\u00e9 le m\u00eame jour les premi\u00e8res photos des \u00e9lecteurs tunisiens dans le monde.<\/p>\n<p>Th\u00e9oriquement, il y aurait 36 000 nouveaux \u00e9lecteurs dans la circonscription France 1, cependant selon\u00a0Amine Halwani\u00a0membre fondateur et coordinateur de projets dans le r\u00e9seau Mourakiboun, \u00a0\u00ab\u00a0les listes d\u00e9finitives des enregistrements pour les \u00e9lections n\u2019ont toujours pas \u00e9t\u00e9 publi\u00e9es sur le site de l\u2019ISIE, \u00a0il y a beaucoup de grandes contradictions entre les chiffres dans les circonscriptions \u00e0 l\u2019\u00e9tranger, entre 2011 et 2014,\u00a0\u00bb\u00a0<\/p>\n<p>\u00ab\u00a0Dans la circonscription France 1, les enregistrements volontaires \u00e9taient au nombre de 93.000 \u00e9lecteurs en 2011, et selon la loi,on rajoute les nouveaux, maintenant, il y a 36.000 nouveaux enregistrements, ce qui fait th\u00e9oriquement un total de 129.000 ; par contre, aujourd\u2019hui, au lieu de 129.000, le nombre est de 69.000\u00a0\u00bb, explique M. Halwani.\u00a0<\/p>\n<p>Ce vendredi,\u00a0des \u00e9lecteurs devant le consulat g\u00e9n\u00e9ral de Tunisie \u00e0 Paris \u00e0 la circonscription de France 1 se sont plaint de ne pas avoir pu voter.<\/p>\n","protected":false},"excerpt":{"rendered":"<p>Elections l\u00e9gislatives : 180.000 Tunisiens de France appel\u00e9s \u00e0 voter ce vendredi 24 octobre<\/p>\n","protected":false},"author":3222,"featured_media":373295,"comment_status":"open","ping_status":"closed","sticky":false,"template":"","format":"standard","meta":{"footnotes":""},"categories":[2598],"tags":[],"class_list":["post-184293","post","type-post","status-publish","format-standard","has-post-thumbnail","hentry","category-international"],"yoast_head":"<!-- This site is optimized with the Yoast SEO Premium plugin v27.5 (Yoast SEO v27.5) - https:\/\/yoast.com\/product\/yoast-seo-premium-wordpress\/ -->\n<title>Elections l\u00e9gislatives : 180.000 Tunisiens de France appel\u00e9s \u00e0 voter ce vendredi 24 octobre<\/title>\n<meta name=\"description\" content=\"Elections l\u00e9gislatives : 180.000 Tunisiens de France appel\u00e9s \u00e0 voter ce vendredi 24 octobre\" \/>\n<link rel=\"canonical\" href=\"https:\/\/www.webdo.tn\/fr\/actualite\/international\/elections-legislatives-180-000-tunisiens-france-appeles-voter-ce-vendredi-24-octobre\/184293\/\" \/>\n<meta property=\"og:locale\" content=\"fr_FR\" \/>\n<meta property=\"og:type\" content=\"article\" \/>\n<meta property=\"og:title\" content=\"Elections l\u00e9gislatives : 180.000 Tunisiens de France appel\u00e9s \u00e0 voter ce vendredi 24 octobre\" \/>\n<meta property=\"og:description\" content=\"Elections l\u00e9gislatives : 180.000 Tunisiens de France appel\u00e9s \u00e0 voter ce vendredi 24 octobre\" \/>\n<meta property=\"og:url\" content=\"https:\/\/www.webdo.tn\/fr\/actualite\/international\/elections-legislatives-180-000-tunisiens-france-appeles-voter-ce-vendredi-24-octobre\/184293\/\" \/>\n<meta property=\"og:site_name\" content=\"webdo\" \/>\n<meta property=\"article:publisher\" content=\"https:\/\/www.facebook.com\/webdotn\" \/>\n<meta property=\"article:published_time\" content=\"2014-10-25T10:45:00+00:00\" \/>\n<meta property=\"article:modified_time\" content=\"2025-05-22T13:02:31+00:00\" \/>\n<meta name=\"author\" content=\"webdo.tn\" \/>\n<meta name=\"twitter:card\" content=\"summary_large_image\" \/>\n<meta name=\"twitter:creator\" content=\"@webdo_tn\" \/>\n<meta name=\"twitter:site\" content=\"@webdo_tn\" \/>\n<meta name=\"twitter:label1\" content=\"\u00c9crit par\" \/>\n\t<meta name=\"twitter:data1\" content=\"webdo.tn\" \/>\n\t<meta name=\"twitter:label2\" content=\"Dur\u00e9e de lecture estim\u00e9e\" \/>\n\t<meta name=\"twitter:data2\" content=\"1 minute\" \/>\n<script type=\"application\/ld+json\" class=\"yoast-schema-graph\">{\"@context\":\"https:\\\/\\\/schema.org\",\"@graph\":[{\"@type\":\"NewsArticle\",\"@id\":\"https:\\\/\\\/www.webdo.tn\\\/fr\\\/actualite\\\/international\\\/elections-legislatives-180-000-tunisiens-france-appeles-voter-ce-vendredi-24-octobre\\\/184293\\\/#article\",\"isPartOf\":{\"@id\":\"https:\\\/\\\/www.webdo.tn\\\/fr\\\/actualite\\\/international\\\/elections-legislatives-180-000-tunisiens-france-appeles-voter-ce-vendredi-24-octobre\\\/184293\\\/\"},\"author\":{\"name\":\"webdo.tn\",\"@id\":\"https:\\\/\\\/www.webdo.tn\\\/fr\\\/#\\\/schema\\\/person\\\/9a9c6118d687c117df8ef3cc36a4d175\"},\"headline\":\"Elections l\u00e9gislatives : 180.000 Tunisiens de France appel\u00e9s \u00e0 voter ce vendredi 24 octobre\",\"datePublished\":\"2014-10-25T10:45:00+00:00\",\"dateModified\":\"2025-05-22T13:02:31+00:00\",\"mainEntityOfPage\":{\"@id\":\"https:\\\/\\\/www.webdo.tn\\\/fr\\\/actualite\\\/international\\\/elections-legislatives-180-000-tunisiens-france-appeles-voter-ce-vendredi-24-octobre\\\/184293\\\/\"},\"wordCount\":199,\"commentCount\":0,\"publisher\":{\"@id\":\"https:\\\/\\\/www.webdo.tn\\\/fr\\\/#organization\"},\"image\":{\"@id\":\"https:\\\/\\\/www.webdo.tn\\\/fr\\\/actualite\\\/international\\\/elections-legislatives-180-000-tunisiens-france-appeles-voter-ce-vendredi-24-octobre\\\/184293\\\/#primaryimage\"},\"thumbnailUrl\":\"https:\\\/\\\/www.webdo.tn\\\/fr\\\/wp-content\\\/uploads\\\/2025\\\/06\\\/Capture-decran-2014-10-25-a-10.28.16_184293.png\",\"articleSection\":[\"International\"],\"inLanguage\":\"fr-FR\"},{\"@type\":\"WebPage\",\"@id\":\"https:\\\/\\\/www.webdo.tn\\\/fr\\\/actualite\\\/international\\\/elections-legislatives-180-000-tunisiens-france-appeles-voter-ce-vendredi-24-octobre\\\/184293\\\/\",\"url\":\"https:\\\/\\\/www.webdo.tn\\\/fr\\\/actualite\\\/international\\\/elections-legislatives-180-000-tunisiens-france-appeles-voter-ce-vendredi-24-octobre\\\/184293\\\/\",\"name\":\"Elections l\u00e9gislatives : 180.000 Tunisiens de France appel\u00e9s \u00e0 voter ce vendredi 24 octobre\",\"isPartOf\":{\"@id\":\"https:\\\/\\\/www.webdo.tn\\\/fr\\\/#website\"},\"primaryImageOfPage\":{\"@id\":\"https:\\\/\\\/www.webdo.tn\\\/fr\\\/actualite\\\/international\\\/elections-legislatives-180-000-tunisiens-france-appeles-voter-ce-vendredi-24-octobre\\\/184293\\\/#primaryimage\"},\"image\":{\"@id\":\"https:\\\/\\\/www.webdo.tn\\\/fr\\\/actualite\\\/international\\\/elections-legislatives-180-000-tunisiens-france-appeles-voter-ce-vendredi-24-octobre\\\/184293\\\/#primaryimage\"},\"thumbnailUrl\":\"https:\\\/\\\/www.webdo.tn\\\/fr\\\/wp-content\\\/uploads\\\/2025\\\/06\\\/Capture-decran-2014-10-25-a-10.28.16_184293.png\",\"datePublished\":\"2014-10-25T10:45:00+00:00\",\"dateModified\":\"2025-05-22T13:02:31+00:00\",\"description\":\"Elections l\u00e9gislatives : 180.000 Tunisiens de France appel\u00e9s \u00e0 voter ce vendredi 24 octobre\",\"breadcrumb\":{\"@id\":\"https:\\\/\\\/www.webdo.tn\\\/fr\\\/actualite\\\/international\\\/elections-legislatives-180-000-tunisiens-france-appeles-voter-ce-vendredi-24-octobre\\\/184293\\\/#breadcrumb\"},\"inLanguage\":\"fr-FR\",\"potentialAction\":[{\"@type\":\"ReadAction\",\"target\":[\"https:\\\/\\\/www.webdo.tn\\\/fr\\\/actualite\\\/international\\\/elections-legislatives-180-000-tunisiens-france-appeles-voter-ce-vendredi-24-octobre\\\/184293\\\/\"]}]},{\"@type\":\"ImageObject\",\"inLanguage\":\"fr-FR\",\"@id\":\"https:\\\/\\\/www.webdo.tn\\\/fr\\\/actualite\\\/international\\\/elections-legislatives-180-000-tunisiens-france-appeles-voter-ce-vendredi-24-octobre\\\/184293\\\/#primaryimage\",\"url\":\"https:\\\/\\\/www.webdo.tn\\\/fr\\\/wp-content\\\/uploads\\\/2025\\\/06\\\/Capture-decran-2014-10-25-a-10.28.16_184293.png\",\"contentUrl\":\"https:\\\/\\\/www.webdo.tn\\\/fr\\\/wp-content\\\/uploads\\\/2025\\\/06\\\/Capture-decran-2014-10-25-a-10.28.16_184293.png\",\"width\":489,\"height\":246,\"caption\":\"Elections l\u00e9gislatives : 180.000 Tunisiens de France appel\u00e9s \u00e0 voter ce vendredi 24 octobre\"},{\"@type\":\"BreadcrumbList\",\"@id\":\"https:\\\/\\\/www.webdo.tn\\\/fr\\\/actualite\\\/international\\\/elections-legislatives-180-000-tunisiens-france-appeles-voter-ce-vendredi-24-octobre\\\/184293\\\/#breadcrumb\",\"itemListElement\":[{\"@type\":\"ListItem\",\"position\":1,\"name\":\"Accueil\",\"item\":\"https:\\\/\\\/www.webdo.tn\\\/fr\\\/\"},{\"@type\":\"ListItem\",\"position\":2,\"name\":\"Elections l\u00e9gislatives : 180.000 Tunisiens de France appel\u00e9s \u00e0 voter ce vendredi 24 octobre\"}]},{\"@type\":\"WebSite\",\"@id\":\"https:\\\/\\\/www.webdo.tn\\\/fr\\\/#website\",\"url\":\"https:\\\/\\\/www.webdo.tn\\\/fr\\\/\",\"name\":\"webdo\",\"description\":\"Tunisie - News en Tunisie et \u00e0 l&#039;international sur Webdo.tn\",\"publisher\":{\"@id\":\"https:\\\/\\\/www.webdo.tn\\\/fr\\\/#organization\"},\"potentialAction\":[{\"@type\":\"SearchAction\",\"target\":{\"@type\":\"EntryPoint\",\"urlTemplate\":\"https:\\\/\\\/www.webdo.tn\\\/fr\\\/?s={search_term_string}\"},\"query-input\":{\"@type\":\"PropertyValueSpecification\",\"valueRequired\":true,\"valueName\":\"search_term_string\"}}],\"inLanguage\":\"fr-FR\"},{\"@type\":\"Organization\",\"@id\":\"https:\\\/\\\/www.webdo.tn\\\/fr\\\/#organization\",\"name\":\"Webdo\",\"alternateName\":\"Webdo.tn\",\"url\":\"https:\\\/\\\/www.webdo.tn\\\/fr\\\/\",\"logo\":{\"@type\":\"ImageObject\",\"inLanguage\":\"fr-FR\",\"@id\":\"https:\\\/\\\/www.webdo.tn\\\/fr\\\/#\\\/schema\\\/logo\\\/image\\\/\",\"url\":\"https:\\\/\\\/www.webdo.tn\\\/fr\\\/wp-content\\\/uploads\\\/2025\\\/06\\\/Webdo-Tunisie_168377.jpg\",\"contentUrl\":\"https:\\\/\\\/www.webdo.tn\\\/fr\\\/wp-content\\\/uploads\\\/2025\\\/06\\\/Webdo-Tunisie_168377.jpg\",\"width\":301,\"height\":301,\"caption\":\"Webdo\"},\"image\":{\"@id\":\"https:\\\/\\\/www.webdo.tn\\\/fr\\\/#\\\/schema\\\/logo\\\/image\\\/\"},\"sameAs\":[\"https:\\\/\\\/www.facebook.com\\\/webdotn\",\"https:\\\/\\\/x.com\\\/webdo_tn\"],\"description\":\"Webdo est un m\u00e9dia num\u00e9rique tunisien fond\u00e9 en 2010, sp\u00e9cialis\u00e9 dans l\u2019actualit\u00e9 nationale et internationale, l\u2019\u00e9conomie, la soci\u00e9t\u00e9 et les analyses politiques. Le site s\u2019adresse \u00e0 un large public francophone et couvre l\u2019information tunisienne en temps r\u00e9el.\",\"email\":\"redac@webdo.tn\",\"legalName\":\"YNJ SARL\",\"foundingDate\":\"2010-09-06\",\"numberOfEmployees\":{\"@type\":\"QuantitativeValue\",\"minValue\":\"11\",\"maxValue\":\"50\"}},{\"@type\":\"Person\",\"@id\":\"https:\\\/\\\/www.webdo.tn\\\/fr\\\/#\\\/schema\\\/person\\\/9a9c6118d687c117df8ef3cc36a4d175\",\"name\":\"webdo.tn\",\"image\":{\"@type\":\"ImageObject\",\"inLanguage\":\"fr-FR\",\"@id\":\"https:\\\/\\\/secure.gravatar.com\\\/avatar\\\/7ce1f28c0c3bbac99ff550b85ef8e44a6950c6ee24514fb6a5489e51d06f0298?s=96&d=mm&r=g\",\"url\":\"https:\\\/\\\/secure.gravatar.com\\\/avatar\\\/7ce1f28c0c3bbac99ff550b85ef8e44a6950c6ee24514fb6a5489e51d06f0298?s=96&d=mm&r=g\",\"contentUrl\":\"https:\\\/\\\/secure.gravatar.com\\\/avatar\\\/7ce1f28c0c3bbac99ff550b85ef8e44a6950c6ee24514fb6a5489e51d06f0298?s=96&d=mm&r=g\",\"caption\":\"webdo.tn\"},\"url\":\"https:\\\/\\\/www.webdo.tn\\\/fr\\\/actualite\\\/author\\\/webdotn\\\/\"}]}<\/script>\n<!-- \/ Yoast SEO Premium plugin. -->","yoast_head_json":{"title":"Elections l\u00e9gislatives : 180.000 Tunisiens de France appel\u00e9s \u00e0 voter ce vendredi 24 octobre","description":"Elections l\u00e9gislatives : 180.000 Tunisiens de France appel\u00e9s \u00e0 voter ce vendredi 24 octobre","canonical":"https:\/\/www.webdo.tn\/fr\/actualite\/international\/elections-legislatives-180-000-tunisiens-france-appeles-voter-ce-vendredi-24-octobre\/184293\/","og_locale":"fr_FR","og_type":"article","og_title":"Elections l\u00e9gislatives : 180.000 Tunisiens de France appel\u00e9s \u00e0 voter ce vendredi 24 octobre","og_description":"Elections l\u00e9gislatives : 180.000 Tunisiens de France appel\u00e9s \u00e0 voter ce vendredi 24 octobre","og_url":"https:\/\/www.webdo.tn\/fr\/actualite\/international\/elections-legislatives-180-000-tunisiens-france-appeles-voter-ce-vendredi-24-octobre\/184293\/","og_site_name":"webdo","article_publisher":"https:\/\/www.facebook.com\/webdotn","article_published_time":"2014-10-25T10:45:00+00:00","article_modified_time":"2025-05-22T13:02:31+00:00","author":"webdo.tn","twitter_card":"summary_large_image","twitter_creator":"@webdo_tn","twitter_site":"@webdo_tn","twitter_misc":{"\u00c9crit par":"webdo.tn","Dur\u00e9e de lecture estim\u00e9e":"1 minute"},"schema":{"@context":"https:\/\/schema.org","@graph":[{"@type":"NewsArticle","@id":"https:\/\/www.webdo.tn\/fr\/actualite\/international\/elections-legislatives-180-000-tunisiens-france-appeles-voter-ce-vendredi-24-octobre\/184293\/#article","isPartOf":{"@id":"https:\/\/www.webdo.tn\/fr\/actualite\/international\/elections-legislatives-180-000-tunisiens-france-appeles-voter-ce-vendredi-24-octobre\/184293\/"},"author":{"name":"webdo.tn","@id":"https:\/\/www.webdo.tn\/fr\/#\/schema\/person\/9a9c6118d687c117df8ef3cc36a4d175"},"headline":"Elections l\u00e9gislatives : 180.000 Tunisiens de France appel\u00e9s \u00e0 voter ce vendredi 24 octobre","datePublished":"2014-10-25T10:45:00+00:00","dateModified":"2025-05-22T13:02:31+00:00","mainEntityOfPage":{"@id":"https:\/\/www.webdo.tn\/fr\/actualite\/international\/elections-legislatives-180-000-tunisiens-france-appeles-voter-ce-vendredi-24-octobre\/184293\/"},"wordCount":199,"commentCount":0,"publisher":{"@id":"https:\/\/www.webdo.tn\/fr\/#organization"},"image":{"@id":"https:\/\/www.webdo.tn\/fr\/actualite\/international\/elections-legislatives-180-000-tunisiens-france-appeles-voter-ce-vendredi-24-octobre\/184293\/#primaryimage"},"thumbnailUrl":"https:\/\/www.webdo.tn\/fr\/wp-content\/uploads\/2025\/06\/Capture-decran-2014-10-25-a-10.28.16_184293.png","articleSection":["International"],"inLanguage":"fr-FR"},{"@type":"WebPage","@id":"https:\/\/www.webdo.tn\/fr\/actualite\/international\/elections-legislatives-180-000-tunisiens-france-appeles-voter-ce-vendredi-24-octobre\/184293\/","url":"https:\/\/www.webdo.tn\/fr\/actualite\/international\/elections-legislatives-180-000-tunisiens-france-appeles-voter-ce-vendredi-24-octobre\/184293\/","name":"Elections l\u00e9gislatives : 180.000 Tunisiens de France appel\u00e9s \u00e0 voter ce vendredi 24 octobre","isPartOf":{"@id":"https:\/\/www.webdo.tn\/fr\/#website"},"primaryImageOfPage":{"@id":"https:\/\/www.webdo.tn\/fr\/actualite\/international\/elections-legislatives-180-000-tunisiens-france-appeles-voter-ce-vendredi-24-octobre\/184293\/#primaryimage"},"image":{"@id":"https:\/\/www.webdo.tn\/fr\/actualite\/international\/elections-legislatives-180-000-tunisiens-france-appeles-voter-ce-vendredi-24-octobre\/184293\/#primaryimage"},"thumbnailUrl":"https:\/\/www.webdo.tn\/fr\/wp-content\/uploads\/2025\/06\/Capture-decran-2014-10-25-a-10.28.16_184293.png","datePublished":"2014-10-25T10:45:00+00:00","dateModified":"2025-05-22T13:02:31+00:00","description":"Elections l\u00e9gislatives : 180.000 Tunisiens de France appel\u00e9s \u00e0 voter ce vendredi 24 octobre","breadcrumb":{"@id":"https:\/\/www.webdo.tn\/fr\/actualite\/international\/elections-legislatives-180-000-tunisiens-france-appeles-voter-ce-vendredi-24-octobre\/184293\/#breadcrumb"},"inLanguage":"fr-FR","potentialAction":[{"@type":"ReadAction","target":["https:\/\/www.webdo.tn\/fr\/actualite\/international\/elections-legislatives-180-000-tunisiens-france-appeles-voter-ce-vendredi-24-octobre\/184293\/"]}]},{"@type":"ImageObject","inLanguage":"fr-FR","@id":"https:\/\/www.webdo.tn\/fr\/actualite\/international\/elections-legislatives-180-000-tunisiens-france-appeles-voter-ce-vendredi-24-octobre\/184293\/#primaryimage","url":"https:\/\/www.webdo.tn\/fr\/wp-content\/uploads\/2025\/06\/Capture-decran-2014-10-25-a-10.28.16_184293.png","contentUrl":"https:\/\/www.webdo.tn\/fr\/wp-content\/uploads\/2025\/06\/Capture-decran-2014-10-25-a-10.28.16_184293.png","width":489,"height":246,"caption":"Elections l\u00e9gislatives : 180.000 Tunisiens de France appel\u00e9s \u00e0 voter ce vendredi 24 octobre"},{"@type":"BreadcrumbList","@id":"https:\/\/www.webdo.tn\/fr\/actualite\/international\/elections-legislatives-180-000-tunisiens-france-appeles-voter-ce-vendredi-24-octobre\/184293\/#breadcrumb","itemListElement":[{"@type":"ListItem","position":1,"name":"Accueil","item":"https:\/\/www.webdo.tn\/fr\/"},{"@type":"ListItem","position":2,"name":"Elections l\u00e9gislatives : 180.000 Tunisiens de France appel\u00e9s \u00e0 voter ce vendredi 24 octobre"}]},{"@type":"WebSite","@id":"https:\/\/www.webdo.tn\/fr\/#website","url":"https:\/\/www.webdo.tn\/fr\/","name":"webdo","description":"Tunisie - News en Tunisie et \u00e0 l&#039;international sur Webdo.tn","publisher":{"@id":"https:\/\/www.webdo.tn\/fr\/#organization"},"potentialAction":[{"@type":"SearchAction","target":{"@type":"EntryPoint","urlTemplate":"https:\/\/www.webdo.tn\/fr\/?s={search_term_string}"},"query-input":{"@type":"PropertyValueSpecification","valueRequired":true,"valueName":"search_term_string"}}],"inLanguage":"fr-FR"},{"@type":"Organization","@id":"https:\/\/www.webdo.tn\/fr\/#organization","name":"Webdo","alternateName":"Webdo.tn","url":"https:\/\/www.webdo.tn\/fr\/","logo":{"@type":"ImageObject","inLanguage":"fr-FR","@id":"https:\/\/www.webdo.tn\/fr\/#\/schema\/logo\/image\/","url":"https:\/\/www.webdo.tn\/fr\/wp-content\/uploads\/2025\/06\/Webdo-Tunisie_168377.jpg","contentUrl":"https:\/\/www.webdo.tn\/fr\/wp-content\/uploads\/2025\/06\/Webdo-Tunisie_168377.jpg","width":301,"height":301,"caption":"Webdo"},"image":{"@id":"https:\/\/www.webdo.tn\/fr\/#\/schema\/logo\/image\/"},"sameAs":["https:\/\/www.facebook.com\/webdotn","https:\/\/x.com\/webdo_tn"],"description":"Webdo est un m\u00e9dia num\u00e9rique tunisien fond\u00e9 en 2010, sp\u00e9cialis\u00e9 dans l\u2019actualit\u00e9 nationale et internationale, l\u2019\u00e9conomie, la soci\u00e9t\u00e9 et les analyses politiques. Le site s\u2019adresse \u00e0 un large public francophone et couvre l\u2019information tunisienne en temps r\u00e9el.","email":"redac@webdo.tn","legalName":"YNJ SARL","foundingDate":"2010-09-06","numberOfEmployees":{"@type":"QuantitativeValue","minValue":"11","maxValue":"50"}},{"@type":"Person","@id":"https:\/\/www.webdo.tn\/fr\/#\/schema\/person\/9a9c6118d687c117df8ef3cc36a4d175","name":"webdo.tn","image":{"@type":"ImageObject","inLanguage":"fr-FR","@id":"https:\/\/secure.gravatar.com\/avatar\/7ce1f28c0c3bbac99ff550b85ef8e44a6950c6ee24514fb6a5489e51d06f0298?s=96&d=mm&r=g","url":"https:\/\/secure.gravatar.com\/avatar\/7ce1f28c0c3bbac99ff550b85ef8e44a6950c6ee24514fb6a5489e51d06f0298?s=96&d=mm&r=g","contentUrl":"https:\/\/secure.gravatar.com\/avatar\/7ce1f28c0c3bbac99ff550b85ef8e44a6950c6ee24514fb6a5489e51d06f0298?s=96&d=mm&r=g","caption":"webdo.tn"},"url":"https:\/\/www.webdo.tn\/fr\/actualite\/author\/webdotn\/"}]}},"_links":{"self":[{"href":"https:\/\/www.webdo.tn\/fr\/wp-json\/wp\/v2\/posts\/184293","targetHints":{"allow":["GET"]}}],"collection":[{"href":"https:\/\/www.webdo.tn\/fr\/wp-json\/wp\/v2\/posts"}],"about":[{"href":"https:\/\/www.webdo.tn\/fr\/wp-json\/wp\/v2\/types\/post"}],"author":[{"embeddable":true,"href":"https:\/\/www.webdo.tn\/fr\/wp-json\/wp\/v2\/users\/3222"}],"replies":[{"embeddable":true,"href":"https:\/\/www.webdo.tn\/fr\/wp-json\/wp\/v2\/comments?post=184293"}],"version-history":[{"count":0,"href":"https:\/\/www.webdo.tn\/fr\/wp-json\/wp\/v2\/posts\/184293\/revisions"}],"wp:featuredmedia":[{"embeddable":true,"href":"https:\/\/www.webdo.tn\/fr\/wp-json\/wp\/v2\/media\/373295"}],"wp:attachment":[{"href":"https:\/\/www.webdo.tn\/fr\/wp-json\/wp\/v2\/media?parent=184293"}],"wp:term":[{"taxonomy":"category","embeddable":true,"href":"https:\/\/www.webdo.tn\/fr\/wp-json\/wp\/v2\/categories?post=184293"},{"taxonomy":"post_tag","embeddable":true,"href":"https:\/\/www.webdo.tn\/fr\/wp-json\/wp\/v2\/tags?post=184293"}],"curies":[{"name":"wp","href":"https:\/\/api.w.org\/{rel}","templated":true}]}}