{"id":184292,"date":"2014-10-25T16:16:00","date_gmt":"2014-10-25T16:16:00","guid":{"rendered":"https:\/\/www.webdo.tn\/fr\/blog\/tunisie-mourakiboun-les-irregularites-relevees-le-1er-jour-des-elections-legislatives-a-letranger\/184292\/"},"modified":"2025-05-22T13:02:32","modified_gmt":"2025-05-22T13:02:32","slug":"tunisie-mourakiboun-les-irregularites-relevees-le-1er-jour-des-elections-legislatives-a-letranger","status":"publish","type":"post","link":"https:\/\/www.webdo.tn\/fr\/actualite\/international\/tunisie-mourakiboun-les-irregularites-relevees-le-1er-jour-des-elections-legislatives-a-letranger\/184292\/","title":{"rendered":"Mourakiboun : Les irr\u00e9gularit\u00e9s relev\u00e9es le 1er jour des \u00e9lections l\u00e9gislatives \u00e0 l\u2019\u00e9tranger"},"content":{"rendered":"<p>Mourakiboun, r\u00e9seau national d\u2019observation \u00e9lectorale a d\u00e9ploy\u00e9 plus de 300 observateurs pour couvrir les op\u00e9rations de vote \u00e0 l\u2019\u00e9tranger dont 102 observateurs \u00e9taient d\u00e9ploy\u00e9s en France, 59 en Allemagne (taux de couverture de 100%), le reste \u00e9tant r\u00e9partis dans les pays suivants : Suisse, Danemark, Belgique, Qatar, Maroc et Espagne.<\/p>\n<p>Voici les principales observations relev\u00e9es par Mourakiboun :<\/p>\n<p> Tous les observateurs de Mourakiboun en possession de leur accr\u00e9ditation ont \u00e9t\u00e9 autoris\u00e9s \u00e0 entrer aux bureaux de vote<br \/>\n La quasi-totalit\u00e9 des bureaux de vote observ\u00e9s ont ouvert \u00e0 temps, avec tout le mat\u00e9riel \u00e9lectoral sensible et le personnel \u00e9lectoral requis<br \/>\n Dans de nombreux cas, les op\u00e9rations de vote ont \u00e9t\u00e9 marqu\u00e9es par des irr\u00e9gularit\u00e9s li\u00e9es aux listes \u00e9lectorales, engendrant parfois des tensions et perturbations caus\u00e9es par des personnes ne retrouvant pas leurs noms<br \/>\n Quelques cas d\u2019intimidation et d\u2019influence sur les \u00e9lecteurs ont \u00e9t\u00e9 relev\u00e9s par les observateurs, notamment dans les centres de Toulouse et de Paris<\/p>\n<p>Irr\u00e9gularit\u00e9s li\u00e9es aux listes \u00e9lectorales<\/p>\n<p> En France, des \u00e9lecteurs \u00e9taient inscrits dans plusieurs bureaux de vote diff\u00e9rents, ou dans un bureau autre que celui de leur inscription (\u00e0 titre d\u2019exemple, un m\u00eame \u00e9lecteur \u00e9tait inscrit dans les bureaux n\u00b02 et n\u00b04 du Consulat g\u00e9n\u00e9ral \u00e0 Paris, un autre ayant vot\u00e9 \u00e0 Montpellier en 2011 affirme \u00eatre inscrit \u00e0 Marseille sans avoir demand\u00e9 aucun changement, un autre \u00e0 Bordeaux alors qu\u2019il s\u2019\u00e9tait inscrit \u00e0 Paris)<br \/>\n En Allemagne, Mourakiboun a relev\u00e9 des diff\u00e9rences significatives entre le nombre d\u2019inscrits sur les listes publi\u00e9es par l\u2019ISIE sur son site internet et le nombre d\u2019inscrits sur les listes d\u2019\u00e9lecteurs utilis\u00e9s dans les bureaux de vote :<\/p>\n<p>Mourakiboun a \u00e9galement relev\u00e9 qu\u2019une seule et m\u00eame liste consolid\u00e9e \u00e9tait utilis\u00e9e dans diff\u00e9rents bureaux de vote, notamment \u00e0 Bonn, D\u00fcsseldorf et Frankfurt.<\/p>\n<p>En France comme en Allemagne, Mourakiboun a \u00e9t\u00e9 t\u00e9moin de tensions et de perturbations li\u00e9s aux probl\u00e8mes affectant les listes \u00e9lectorales dans les bureaux et les centres de vote :<\/p>\n<p> Des \u00e9lecteurs affirmant \u00eatre inscrits n\u2019ont pas trouv\u00e9 leurs noms dans les registres. Certains \u00e9taient munis de leurs re\u00e7us d\u2019inscription. Exemple : au moins 50 personnes de la circonscription Allemagne ont trouv\u00e9 leurs noms dans des bureaux \u00e0 des centaines de kilom\u00e8tres.<br \/>\n Des \u00e9lecteurs d\u00e9clarant avoir chang\u00e9 leur centre de vote se trouvent toujours inscrits dans leurs anciens centres (celui de 2011), d\u2019autres n\u2019ayant rien chang\u00e9 depuis 2011 ne se retrouvent plus dans le registre \u00e9lectoral.<br \/>\n Dans les villes de Marseille et Montpellier, Mourakiboun a constat\u00e9 l\u2019ajout manuscrit d\u2019\u00e9lecteurs au registre \u00e9lectoral. A Montpellier, 6 num\u00e9ros de CIN sans mention de nom ont \u00e9t\u00e9 ajout\u00e9s, \u00e0 17h30, juste avant la fermeture de bureau.<br \/>\n A Toulouse, des \u00e9lecteurs ont \u00e9t\u00e9 fortement intimid\u00e9s par des personnes partisanes. Ces derniers ont, par ailleurs, accompagn\u00e9 des \u00e9lecteurs jusqu\u2019aux bureaux de vote.<br \/>\n Le vote a \u00e9t\u00e9 momentan\u00e9ment interrompu dans certains centres et bureaux de vote, notamment \u00e0 Bonn (Allemagne) o\u00f9 le centre de vote a d\u00fb fermer trente minutes avant l\u2019heure l\u00e9gale de cl\u00f4ture (18h00), en raison des protestations d\u2019\u00e9lecteurs dans son enceinte.<br \/>\n Aucune liste officielle des \u00e9lecteurs inscrits n\u2019a \u00e9t\u00e9 affich\u00e9e \u00e0 l\u2019entr\u00e9e des bureaux de vote comme le pr\u00e9voit la loi.<\/p>\n<p>Autres irr\u00e9gularit\u00e9s<\/p>\n<p> Le regroupement de militants de certains partis ou listes candidates, tentant d\u2019influencer les \u00e9lecteurs, aux points d\u2019entr\u00e9es du consulat g\u00e9n\u00e9ral de Paris, cas de propagande au sein m\u00eame des centres de vote, altercations violentes entre militants (Toulouse).<br \/>\n Pressions exerc\u00e9es sur deux pr\u00e9sidentes de bureau (Munich, et Bonn), les poussant \u00e0 envisager de renoncer \u00e0 leur r\u00f4le.<br \/>\n Accompagnement d\u2019\u00e9lecteurs analphab\u00e8tes dans l\u2019isoloir (Bordeaux, Botzaris, Lubeck), consignes de votes et ing\u00e9rences de certains d\u00e9l\u00e9gu\u00e9s de listes \u00e0 l\u2019int\u00e9rieur m\u00eame des bureaux de vote.<br \/>\n Le tamponnage anticip\u00e9 de plusieurs bulletins de vote (Aubervilliers, Pantin, Boulogne, Francfort).<br \/>\n Transport collectif d\u2019\u00e9lecteurs jusqu\u2019aux bureaux de vote (en Allemagne Bonn)<\/p>\n<p>Face \u00e0 ces premi\u00e8res confirmations d\u2019insuffisances s\u00e9rieuses dans la constitution des listes \u00e9lectorales, Mourakiboun appelle l\u2019ISIE \u00e0 ne pas c\u00e9der \u00e0 la pression en ayant recours \u00e0 l\u2019usage de listes additionnelles, car celles-ci pourraient ouvrir la voie \u00e0 des manipulations susceptibles d\u2019affecter la cr\u00e9dibilit\u00e9 du scrutin.<\/p>\n","protected":false},"excerpt":{"rendered":"<p>Mourakiboun : Les irr\u00e9gularit\u00e9s relev\u00e9es le 1er jour des \u00e9lections l\u00e9gislatives \u00e0 l\u2019\u00e9tranger<\/p>\n","protected":false},"author":3222,"featured_media":373299,"comment_status":"open","ping_status":"closed","sticky":false,"template":"","format":"standard","meta":{"footnotes":""},"categories":[2598],"tags":[],"class_list":["post-184292","post","type-post","status-publish","format-standard","has-post-thumbnail","hentry","category-international"],"yoast_head":"<!-- This site is optimized with the Yoast SEO Premium plugin v27.5 (Yoast SEO v27.5) - https:\/\/yoast.com\/product\/yoast-seo-premium-wordpress\/ -->\n<title>Mourakiboun : Les irr\u00e9gularit\u00e9s relev\u00e9es le 1er jour des \u00e9lections l\u00e9gislatives \u00e0 l\u2019\u00e9tranger<\/title>\n<meta name=\"description\" content=\"Mourakiboun : Les irr\u00e9gularit\u00e9s relev\u00e9es le 1er jour des \u00e9lections l\u00e9gislatives \u00e0 l\u2019\u00e9tranger\" \/>\n<link rel=\"canonical\" href=\"https:\/\/www.webdo.tn\/fr\/actualite\/international\/tunisie-mourakiboun-les-irregularites-relevees-le-1er-jour-des-elections-legislatives-a-letranger\/184292\/\" \/>\n<meta property=\"og:locale\" content=\"fr_FR\" \/>\n<meta property=\"og:type\" content=\"article\" \/>\n<meta property=\"og:title\" content=\"Mourakiboun : Les irr\u00e9gularit\u00e9s relev\u00e9es le 1er jour des \u00e9lections l\u00e9gislatives \u00e0 l\u2019\u00e9tranger\" \/>\n<meta property=\"og:description\" content=\"Mourakiboun : Les irr\u00e9gularit\u00e9s relev\u00e9es le 1er jour des \u00e9lections l\u00e9gislatives \u00e0 l\u2019\u00e9tranger\" \/>\n<meta property=\"og:url\" content=\"https:\/\/www.webdo.tn\/fr\/actualite\/international\/tunisie-mourakiboun-les-irregularites-relevees-le-1er-jour-des-elections-legislatives-a-letranger\/184292\/\" \/>\n<meta property=\"og:site_name\" content=\"webdo\" \/>\n<meta property=\"article:publisher\" content=\"https:\/\/www.facebook.com\/webdotn\" \/>\n<meta property=\"article:published_time\" content=\"2014-10-25T16:16:00+00:00\" \/>\n<meta property=\"article:modified_time\" content=\"2025-05-22T13:02:32+00:00\" \/>\n<meta name=\"author\" content=\"webdo.tn\" \/>\n<meta name=\"twitter:card\" content=\"summary_large_image\" \/>\n<meta name=\"twitter:creator\" content=\"@webdo_tn\" \/>\n<meta name=\"twitter:site\" content=\"@webdo_tn\" \/>\n<meta name=\"twitter:label1\" content=\"\u00c9crit par\" \/>\n\t<meta name=\"twitter:data1\" content=\"webdo.tn\" \/>\n\t<meta name=\"twitter:label2\" content=\"Dur\u00e9e de lecture estim\u00e9e\" \/>\n\t<meta name=\"twitter:data2\" content=\"4 minutes\" \/>\n<script type=\"application\/ld+json\" class=\"yoast-schema-graph\">{\"@context\":\"https:\\\/\\\/schema.org\",\"@graph\":[{\"@type\":\"NewsArticle\",\"@id\":\"https:\\\/\\\/www.webdo.tn\\\/fr\\\/actualite\\\/international\\\/tunisie-mourakiboun-les-irregularites-relevees-le-1er-jour-des-elections-legislatives-a-letranger\\\/184292\\\/#article\",\"isPartOf\":{\"@id\":\"https:\\\/\\\/www.webdo.tn\\\/fr\\\/actualite\\\/international\\\/tunisie-mourakiboun-les-irregularites-relevees-le-1er-jour-des-elections-legislatives-a-letranger\\\/184292\\\/\"},\"author\":{\"name\":\"webdo.tn\",\"@id\":\"https:\\\/\\\/www.webdo.tn\\\/fr\\\/#\\\/schema\\\/person\\\/9a9c6118d687c117df8ef3cc36a4d175\"},\"headline\":\"Mourakiboun : Les irr\u00e9gularit\u00e9s relev\u00e9es le 1er jour des \u00e9lections l\u00e9gislatives \u00e0 l\u2019\u00e9tranger\",\"datePublished\":\"2014-10-25T16:16:00+00:00\",\"dateModified\":\"2025-05-22T13:02:32+00:00\",\"mainEntityOfPage\":{\"@id\":\"https:\\\/\\\/www.webdo.tn\\\/fr\\\/actualite\\\/international\\\/tunisie-mourakiboun-les-irregularites-relevees-le-1er-jour-des-elections-legislatives-a-letranger\\\/184292\\\/\"},\"wordCount\":750,\"commentCount\":0,\"publisher\":{\"@id\":\"https:\\\/\\\/www.webdo.tn\\\/fr\\\/#organization\"},\"image\":{\"@id\":\"https:\\\/\\\/www.webdo.tn\\\/fr\\\/actualite\\\/international\\\/tunisie-mourakiboun-les-irregularites-relevees-le-1er-jour-des-elections-legislatives-a-letranger\\\/184292\\\/#primaryimage\"},\"thumbnailUrl\":\"https:\\\/\\\/www.webdo.tn\\\/fr\\\/wp-content\\\/uploads\\\/2025\\\/06\\\/Capture-decran-2014-10-21-a-17.10.24-e1413908173744_184292.png\",\"articleSection\":[\"International\"],\"inLanguage\":\"fr-FR\"},{\"@type\":\"WebPage\",\"@id\":\"https:\\\/\\\/www.webdo.tn\\\/fr\\\/actualite\\\/international\\\/tunisie-mourakiboun-les-irregularites-relevees-le-1er-jour-des-elections-legislatives-a-letranger\\\/184292\\\/\",\"url\":\"https:\\\/\\\/www.webdo.tn\\\/fr\\\/actualite\\\/international\\\/tunisie-mourakiboun-les-irregularites-relevees-le-1er-jour-des-elections-legislatives-a-letranger\\\/184292\\\/\",\"name\":\"Mourakiboun : Les irr\u00e9gularit\u00e9s relev\u00e9es le 1er jour des \u00e9lections l\u00e9gislatives \u00e0 l\u2019\u00e9tranger\",\"isPartOf\":{\"@id\":\"https:\\\/\\\/www.webdo.tn\\\/fr\\\/#website\"},\"primaryImageOfPage\":{\"@id\":\"https:\\\/\\\/www.webdo.tn\\\/fr\\\/actualite\\\/international\\\/tunisie-mourakiboun-les-irregularites-relevees-le-1er-jour-des-elections-legislatives-a-letranger\\\/184292\\\/#primaryimage\"},\"image\":{\"@id\":\"https:\\\/\\\/www.webdo.tn\\\/fr\\\/actualite\\\/international\\\/tunisie-mourakiboun-les-irregularites-relevees-le-1er-jour-des-elections-legislatives-a-letranger\\\/184292\\\/#primaryimage\"},\"thumbnailUrl\":\"https:\\\/\\\/www.webdo.tn\\\/fr\\\/wp-content\\\/uploads\\\/2025\\\/06\\\/Capture-decran-2014-10-21-a-17.10.24-e1413908173744_184292.png\",\"datePublished\":\"2014-10-25T16:16:00+00:00\",\"dateModified\":\"2025-05-22T13:02:32+00:00\",\"description\":\"Mourakiboun : Les irr\u00e9gularit\u00e9s relev\u00e9es le 1er jour des \u00e9lections l\u00e9gislatives \u00e0 l\u2019\u00e9tranger\",\"breadcrumb\":{\"@id\":\"https:\\\/\\\/www.webdo.tn\\\/fr\\\/actualite\\\/international\\\/tunisie-mourakiboun-les-irregularites-relevees-le-1er-jour-des-elections-legislatives-a-letranger\\\/184292\\\/#breadcrumb\"},\"inLanguage\":\"fr-FR\",\"potentialAction\":[{\"@type\":\"ReadAction\",\"target\":[\"https:\\\/\\\/www.webdo.tn\\\/fr\\\/actualite\\\/international\\\/tunisie-mourakiboun-les-irregularites-relevees-le-1er-jour-des-elections-legislatives-a-letranger\\\/184292\\\/\"]}]},{\"@type\":\"ImageObject\",\"inLanguage\":\"fr-FR\",\"@id\":\"https:\\\/\\\/www.webdo.tn\\\/fr\\\/actualite\\\/international\\\/tunisie-mourakiboun-les-irregularites-relevees-le-1er-jour-des-elections-legislatives-a-letranger\\\/184292\\\/#primaryimage\",\"url\":\"https:\\\/\\\/www.webdo.tn\\\/fr\\\/wp-content\\\/uploads\\\/2025\\\/06\\\/Capture-decran-2014-10-21-a-17.10.24-e1413908173744_184292.png\",\"contentUrl\":\"https:\\\/\\\/www.webdo.tn\\\/fr\\\/wp-content\\\/uploads\\\/2025\\\/06\\\/Capture-decran-2014-10-21-a-17.10.24-e1413908173744_184292.png\",\"width\":200,\"height\":256,\"caption\":\"Mourakiboun : Les irr\u00e9gularit\u00e9s relev\u00e9es le 1er jour des \u00e9lections l\u00e9gislatives \u00e0 l\u2019\u00e9tranger\"},{\"@type\":\"BreadcrumbList\",\"@id\":\"https:\\\/\\\/www.webdo.tn\\\/fr\\\/actualite\\\/international\\\/tunisie-mourakiboun-les-irregularites-relevees-le-1er-jour-des-elections-legislatives-a-letranger\\\/184292\\\/#breadcrumb\",\"itemListElement\":[{\"@type\":\"ListItem\",\"position\":1,\"name\":\"Accueil\",\"item\":\"https:\\\/\\\/www.webdo.tn\\\/fr\\\/\"},{\"@type\":\"ListItem\",\"position\":2,\"name\":\"Mourakiboun : Les irr\u00e9gularit\u00e9s relev\u00e9es le 1er jour des \u00e9lections l\u00e9gislatives \u00e0 l\u2019\u00e9tranger\"}]},{\"@type\":\"WebSite\",\"@id\":\"https:\\\/\\\/www.webdo.tn\\\/fr\\\/#website\",\"url\":\"https:\\\/\\\/www.webdo.tn\\\/fr\\\/\",\"name\":\"webdo\",\"description\":\"Tunisie - News en Tunisie et \u00e0 l&#039;international sur Webdo.tn\",\"publisher\":{\"@id\":\"https:\\\/\\\/www.webdo.tn\\\/fr\\\/#organization\"},\"potentialAction\":[{\"@type\":\"SearchAction\",\"target\":{\"@type\":\"EntryPoint\",\"urlTemplate\":\"https:\\\/\\\/www.webdo.tn\\\/fr\\\/?s={search_term_string}\"},\"query-input\":{\"@type\":\"PropertyValueSpecification\",\"valueRequired\":true,\"valueName\":\"search_term_string\"}}],\"inLanguage\":\"fr-FR\"},{\"@type\":\"Organization\",\"@id\":\"https:\\\/\\\/www.webdo.tn\\\/fr\\\/#organization\",\"name\":\"Webdo\",\"alternateName\":\"Webdo.tn\",\"url\":\"https:\\\/\\\/www.webdo.tn\\\/fr\\\/\",\"logo\":{\"@type\":\"ImageObject\",\"inLanguage\":\"fr-FR\",\"@id\":\"https:\\\/\\\/www.webdo.tn\\\/fr\\\/#\\\/schema\\\/logo\\\/image\\\/\",\"url\":\"https:\\\/\\\/www.webdo.tn\\\/fr\\\/wp-content\\\/uploads\\\/2025\\\/06\\\/Webdo-Tunisie_168377.jpg\",\"contentUrl\":\"https:\\\/\\\/www.webdo.tn\\\/fr\\\/wp-content\\\/uploads\\\/2025\\\/06\\\/Webdo-Tunisie_168377.jpg\",\"width\":301,\"height\":301,\"caption\":\"Webdo\"},\"image\":{\"@id\":\"https:\\\/\\\/www.webdo.tn\\\/fr\\\/#\\\/schema\\\/logo\\\/image\\\/\"},\"sameAs\":[\"https:\\\/\\\/www.facebook.com\\\/webdotn\",\"https:\\\/\\\/x.com\\\/webdo_tn\"],\"description\":\"Webdo est un m\u00e9dia num\u00e9rique tunisien fond\u00e9 en 2010, sp\u00e9cialis\u00e9 dans l\u2019actualit\u00e9 nationale et internationale, l\u2019\u00e9conomie, la soci\u00e9t\u00e9 et les analyses politiques. Le site s\u2019adresse \u00e0 un large public francophone et couvre l\u2019information tunisienne en temps r\u00e9el.\",\"email\":\"redac@webdo.tn\",\"legalName\":\"YNJ SARL\",\"foundingDate\":\"2010-09-06\",\"numberOfEmployees\":{\"@type\":\"QuantitativeValue\",\"minValue\":\"11\",\"maxValue\":\"50\"}},{\"@type\":\"Person\",\"@id\":\"https:\\\/\\\/www.webdo.tn\\\/fr\\\/#\\\/schema\\\/person\\\/9a9c6118d687c117df8ef3cc36a4d175\",\"name\":\"webdo.tn\",\"image\":{\"@type\":\"ImageObject\",\"inLanguage\":\"fr-FR\",\"@id\":\"https:\\\/\\\/secure.gravatar.com\\\/avatar\\\/7ce1f28c0c3bbac99ff550b85ef8e44a6950c6ee24514fb6a5489e51d06f0298?s=96&d=mm&r=g\",\"url\":\"https:\\\/\\\/secure.gravatar.com\\\/avatar\\\/7ce1f28c0c3bbac99ff550b85ef8e44a6950c6ee24514fb6a5489e51d06f0298?s=96&d=mm&r=g\",\"contentUrl\":\"https:\\\/\\\/secure.gravatar.com\\\/avatar\\\/7ce1f28c0c3bbac99ff550b85ef8e44a6950c6ee24514fb6a5489e51d06f0298?s=96&d=mm&r=g\",\"caption\":\"webdo.tn\"},\"url\":\"https:\\\/\\\/www.webdo.tn\\\/fr\\\/actualite\\\/author\\\/webdotn\\\/\"}]}<\/script>\n<!-- \/ Yoast SEO Premium plugin. -->","yoast_head_json":{"title":"Mourakiboun : Les irr\u00e9gularit\u00e9s relev\u00e9es le 1er jour des \u00e9lections l\u00e9gislatives \u00e0 l\u2019\u00e9tranger","description":"Mourakiboun : Les irr\u00e9gularit\u00e9s relev\u00e9es le 1er jour des \u00e9lections l\u00e9gislatives \u00e0 l\u2019\u00e9tranger","canonical":"https:\/\/www.webdo.tn\/fr\/actualite\/international\/tunisie-mourakiboun-les-irregularites-relevees-le-1er-jour-des-elections-legislatives-a-letranger\/184292\/","og_locale":"fr_FR","og_type":"article","og_title":"Mourakiboun : Les irr\u00e9gularit\u00e9s relev\u00e9es le 1er jour des \u00e9lections l\u00e9gislatives \u00e0 l\u2019\u00e9tranger","og_description":"Mourakiboun : Les irr\u00e9gularit\u00e9s relev\u00e9es le 1er jour des \u00e9lections l\u00e9gislatives \u00e0 l\u2019\u00e9tranger","og_url":"https:\/\/www.webdo.tn\/fr\/actualite\/international\/tunisie-mourakiboun-les-irregularites-relevees-le-1er-jour-des-elections-legislatives-a-letranger\/184292\/","og_site_name":"webdo","article_publisher":"https:\/\/www.facebook.com\/webdotn","article_published_time":"2014-10-25T16:16:00+00:00","article_modified_time":"2025-05-22T13:02:32+00:00","author":"webdo.tn","twitter_card":"summary_large_image","twitter_creator":"@webdo_tn","twitter_site":"@webdo_tn","twitter_misc":{"\u00c9crit par":"webdo.tn","Dur\u00e9e de lecture estim\u00e9e":"4 minutes"},"schema":{"@context":"https:\/\/schema.org","@graph":[{"@type":"NewsArticle","@id":"https:\/\/www.webdo.tn\/fr\/actualite\/international\/tunisie-mourakiboun-les-irregularites-relevees-le-1er-jour-des-elections-legislatives-a-letranger\/184292\/#article","isPartOf":{"@id":"https:\/\/www.webdo.tn\/fr\/actualite\/international\/tunisie-mourakiboun-les-irregularites-relevees-le-1er-jour-des-elections-legislatives-a-letranger\/184292\/"},"author":{"name":"webdo.tn","@id":"https:\/\/www.webdo.tn\/fr\/#\/schema\/person\/9a9c6118d687c117df8ef3cc36a4d175"},"headline":"Mourakiboun : Les irr\u00e9gularit\u00e9s relev\u00e9es le 1er jour des \u00e9lections l\u00e9gislatives \u00e0 l\u2019\u00e9tranger","datePublished":"2014-10-25T16:16:00+00:00","dateModified":"2025-05-22T13:02:32+00:00","mainEntityOfPage":{"@id":"https:\/\/www.webdo.tn\/fr\/actualite\/international\/tunisie-mourakiboun-les-irregularites-relevees-le-1er-jour-des-elections-legislatives-a-letranger\/184292\/"},"wordCount":750,"commentCount":0,"publisher":{"@id":"https:\/\/www.webdo.tn\/fr\/#organization"},"image":{"@id":"https:\/\/www.webdo.tn\/fr\/actualite\/international\/tunisie-mourakiboun-les-irregularites-relevees-le-1er-jour-des-elections-legislatives-a-letranger\/184292\/#primaryimage"},"thumbnailUrl":"https:\/\/www.webdo.tn\/fr\/wp-content\/uploads\/2025\/06\/Capture-decran-2014-10-21-a-17.10.24-e1413908173744_184292.png","articleSection":["International"],"inLanguage":"fr-FR"},{"@type":"WebPage","@id":"https:\/\/www.webdo.tn\/fr\/actualite\/international\/tunisie-mourakiboun-les-irregularites-relevees-le-1er-jour-des-elections-legislatives-a-letranger\/184292\/","url":"https:\/\/www.webdo.tn\/fr\/actualite\/international\/tunisie-mourakiboun-les-irregularites-relevees-le-1er-jour-des-elections-legislatives-a-letranger\/184292\/","name":"Mourakiboun : Les irr\u00e9gularit\u00e9s relev\u00e9es le 1er jour des \u00e9lections l\u00e9gislatives \u00e0 l\u2019\u00e9tranger","isPartOf":{"@id":"https:\/\/www.webdo.tn\/fr\/#website"},"primaryImageOfPage":{"@id":"https:\/\/www.webdo.tn\/fr\/actualite\/international\/tunisie-mourakiboun-les-irregularites-relevees-le-1er-jour-des-elections-legislatives-a-letranger\/184292\/#primaryimage"},"image":{"@id":"https:\/\/www.webdo.tn\/fr\/actualite\/international\/tunisie-mourakiboun-les-irregularites-relevees-le-1er-jour-des-elections-legislatives-a-letranger\/184292\/#primaryimage"},"thumbnailUrl":"https:\/\/www.webdo.tn\/fr\/wp-content\/uploads\/2025\/06\/Capture-decran-2014-10-21-a-17.10.24-e1413908173744_184292.png","datePublished":"2014-10-25T16:16:00+00:00","dateModified":"2025-05-22T13:02:32+00:00","description":"Mourakiboun : Les irr\u00e9gularit\u00e9s relev\u00e9es le 1er jour des \u00e9lections l\u00e9gislatives \u00e0 l\u2019\u00e9tranger","breadcrumb":{"@id":"https:\/\/www.webdo.tn\/fr\/actualite\/international\/tunisie-mourakiboun-les-irregularites-relevees-le-1er-jour-des-elections-legislatives-a-letranger\/184292\/#breadcrumb"},"inLanguage":"fr-FR","potentialAction":[{"@type":"ReadAction","target":["https:\/\/www.webdo.tn\/fr\/actualite\/international\/tunisie-mourakiboun-les-irregularites-relevees-le-1er-jour-des-elections-legislatives-a-letranger\/184292\/"]}]},{"@type":"ImageObject","inLanguage":"fr-FR","@id":"https:\/\/www.webdo.tn\/fr\/actualite\/international\/tunisie-mourakiboun-les-irregularites-relevees-le-1er-jour-des-elections-legislatives-a-letranger\/184292\/#primaryimage","url":"https:\/\/www.webdo.tn\/fr\/wp-content\/uploads\/2025\/06\/Capture-decran-2014-10-21-a-17.10.24-e1413908173744_184292.png","contentUrl":"https:\/\/www.webdo.tn\/fr\/wp-content\/uploads\/2025\/06\/Capture-decran-2014-10-21-a-17.10.24-e1413908173744_184292.png","width":200,"height":256,"caption":"Mourakiboun : Les irr\u00e9gularit\u00e9s relev\u00e9es le 1er jour des \u00e9lections l\u00e9gislatives \u00e0 l\u2019\u00e9tranger"},{"@type":"BreadcrumbList","@id":"https:\/\/www.webdo.tn\/fr\/actualite\/international\/tunisie-mourakiboun-les-irregularites-relevees-le-1er-jour-des-elections-legislatives-a-letranger\/184292\/#breadcrumb","itemListElement":[{"@type":"ListItem","position":1,"name":"Accueil","item":"https:\/\/www.webdo.tn\/fr\/"},{"@type":"ListItem","position":2,"name":"Mourakiboun : Les irr\u00e9gularit\u00e9s relev\u00e9es le 1er jour des \u00e9lections l\u00e9gislatives \u00e0 l\u2019\u00e9tranger"}]},{"@type":"WebSite","@id":"https:\/\/www.webdo.tn\/fr\/#website","url":"https:\/\/www.webdo.tn\/fr\/","name":"webdo","description":"Tunisie - News en Tunisie et \u00e0 l&#039;international sur Webdo.tn","publisher":{"@id":"https:\/\/www.webdo.tn\/fr\/#organization"},"potentialAction":[{"@type":"SearchAction","target":{"@type":"EntryPoint","urlTemplate":"https:\/\/www.webdo.tn\/fr\/?s={search_term_string}"},"query-input":{"@type":"PropertyValueSpecification","valueRequired":true,"valueName":"search_term_string"}}],"inLanguage":"fr-FR"},{"@type":"Organization","@id":"https:\/\/www.webdo.tn\/fr\/#organization","name":"Webdo","alternateName":"Webdo.tn","url":"https:\/\/www.webdo.tn\/fr\/","logo":{"@type":"ImageObject","inLanguage":"fr-FR","@id":"https:\/\/www.webdo.tn\/fr\/#\/schema\/logo\/image\/","url":"https:\/\/www.webdo.tn\/fr\/wp-content\/uploads\/2025\/06\/Webdo-Tunisie_168377.jpg","contentUrl":"https:\/\/www.webdo.tn\/fr\/wp-content\/uploads\/2025\/06\/Webdo-Tunisie_168377.jpg","width":301,"height":301,"caption":"Webdo"},"image":{"@id":"https:\/\/www.webdo.tn\/fr\/#\/schema\/logo\/image\/"},"sameAs":["https:\/\/www.facebook.com\/webdotn","https:\/\/x.com\/webdo_tn"],"description":"Webdo est un m\u00e9dia num\u00e9rique tunisien fond\u00e9 en 2010, sp\u00e9cialis\u00e9 dans l\u2019actualit\u00e9 nationale et internationale, l\u2019\u00e9conomie, la soci\u00e9t\u00e9 et les analyses politiques. Le site s\u2019adresse \u00e0 un large public francophone et couvre l\u2019information tunisienne en temps r\u00e9el.","email":"redac@webdo.tn","legalName":"YNJ SARL","foundingDate":"2010-09-06","numberOfEmployees":{"@type":"QuantitativeValue","minValue":"11","maxValue":"50"}},{"@type":"Person","@id":"https:\/\/www.webdo.tn\/fr\/#\/schema\/person\/9a9c6118d687c117df8ef3cc36a4d175","name":"webdo.tn","image":{"@type":"ImageObject","inLanguage":"fr-FR","@id":"https:\/\/secure.gravatar.com\/avatar\/7ce1f28c0c3bbac99ff550b85ef8e44a6950c6ee24514fb6a5489e51d06f0298?s=96&d=mm&r=g","url":"https:\/\/secure.gravatar.com\/avatar\/7ce1f28c0c3bbac99ff550b85ef8e44a6950c6ee24514fb6a5489e51d06f0298?s=96&d=mm&r=g","contentUrl":"https:\/\/secure.gravatar.com\/avatar\/7ce1f28c0c3bbac99ff550b85ef8e44a6950c6ee24514fb6a5489e51d06f0298?s=96&d=mm&r=g","caption":"webdo.tn"},"url":"https:\/\/www.webdo.tn\/fr\/actualite\/author\/webdotn\/"}]}},"_links":{"self":[{"href":"https:\/\/www.webdo.tn\/fr\/wp-json\/wp\/v2\/posts\/184292","targetHints":{"allow":["GET"]}}],"collection":[{"href":"https:\/\/www.webdo.tn\/fr\/wp-json\/wp\/v2\/posts"}],"about":[{"href":"https:\/\/www.webdo.tn\/fr\/wp-json\/wp\/v2\/types\/post"}],"author":[{"embeddable":true,"href":"https:\/\/www.webdo.tn\/fr\/wp-json\/wp\/v2\/users\/3222"}],"replies":[{"embeddable":true,"href":"https:\/\/www.webdo.tn\/fr\/wp-json\/wp\/v2\/comments?post=184292"}],"version-history":[{"count":0,"href":"https:\/\/www.webdo.tn\/fr\/wp-json\/wp\/v2\/posts\/184292\/revisions"}],"wp:featuredmedia":[{"embeddable":true,"href":"https:\/\/www.webdo.tn\/fr\/wp-json\/wp\/v2\/media\/373299"}],"wp:attachment":[{"href":"https:\/\/www.webdo.tn\/fr\/wp-json\/wp\/v2\/media?parent=184292"}],"wp:term":[{"taxonomy":"category","embeddable":true,"href":"https:\/\/www.webdo.tn\/fr\/wp-json\/wp\/v2\/categories?post=184292"},{"taxonomy":"post_tag","embeddable":true,"href":"https:\/\/www.webdo.tn\/fr\/wp-json\/wp\/v2\/tags?post=184292"}],"curies":[{"name":"wp","href":"https:\/\/api.w.org\/{rel}","templated":true}]}}