{"id":184290,"date":"2014-10-28T17:54:00","date_gmt":"2014-10-28T16:54:00","guid":{"rendered":"https:\/\/www.webdo.tn\/fr\/actualite\/international\/ministre-allemand-affaires-etrangeres-tunisie-montre-transition-dun-regime-dictature-democratie-possible\/184290"},"modified":"2014-10-28T17:54:00","modified_gmt":"2014-10-28T16:54:00","slug":"ministre-allemand-affaires-etrangeres-tunisie-montre-transition-dun-regime-dictature-democratie-possible","status":"publish","type":"post","link":"https:\/\/www.webdo.tn\/fr\/actualite\/international\/ministre-allemand-affaires-etrangeres-tunisie-montre-transition-dun-regime-dictature-democratie-possible\/184290\/","title":{"rendered":"Le ministre allemand des Affaires \u00e9trang\u00e8res : \u00ab La Tunisie a montr\u00e9 que la transition d\u2019un r\u00e9gime de dictature \u00e0 une d\u00e9mocratie est possible \u00bb"},"content":{"rendered":"<p>Andreas Reinicke, ambassadeur d\u2019Allemagne en Tunisie : \u00ab F\u00e9licitations pour ce grand pas vers l\u2019instauration de la d\u00e9mocratie et que le travail commence ! \u00bb<\/p>\n<p>Apr\u00e8s les Etats-Unis, la France et l&rsquo;ONU et le parlement europ\u00e9en, l\u2019Allemagne a, \u00e0 son tour, f\u00e9licit\u00e9 la Tunisie \u00e0 l\u2019occasion des \u00e9lections l\u00e9gislatives du 26 octobre 2014 et exprim\u00e9 sa satisfaction par la voix de l\u2019ambassadeur d\u2019Allemagne en Tunisie, Andreas Reinicke et du ministre des Affaires \u00e9trang\u00e8res Frank-Walter Steinmeier.<\/p>\n<p>Dans un message post\u00e9, ce mardi 28 octobre sur la page Facebook de l\u2019ambassade d\u2019Allemagne en Tunisie, Andreas Reinicke a f\u00e9licit\u00e9 les Tunisiens pour \u00ab ce grand pas vers l\u2019instauration de la d\u00e9mocratie et que le travail commence \u00bb.<\/p>\n<p>Il a notamment d\u00e9clar\u00e9 :<br \/>\n\u00ab Suite \u00e0 l\u2019invitation de l\u2019ISIE, j\u2019ai eu l\u2019honneur de me d\u00e9placer \u00e0 Ben Arous et Hammam-Lif o\u00f9 j\u2019ai pu visiter diff\u00e9rents bureaux de votes pendant que mes coll\u00e8gues \u00e9taient dans les circonscriptions \u00e9lectorales de Tunis, Kairouan, Bizerte, Nabeul et Sidi Bouzid.<\/p>\n<p>R\u00e9ciproquement, nous avons eu une tr\u00e8s bonne impression sur l\u2019organisation du scrutin et le bon d\u00e9roulement du processus \u00e9lectoral.<br \/>\nF\u00e9licitations pour ce grand pas vers l\u2019instauration de la d\u00e9mocratie et que le travail commence ! \u00bbHier, lundi 27 octobre, le ministre allemand des Affaires \u00e9trang\u00e8res, Frank-Walter Steinmeier, a f\u00e9licit\u00e9 la Tunisie pour la \u00ab r\u00e9ussite des \u00e9lections l\u00e9gislatives \u00bb, qu\u2019il a qualifi\u00e9e de \u00ab grand pas sur la voie de l\u2019enracinement de la d\u00e9mocratie \u00bb.<\/p>\n<p>\u00ab Le peuple tunisien a prouv\u00e9 qu\u2019il n\u2019a pas c\u00e9d\u00e9 aux menaces terroristes en particulier apr\u00e8s la r\u00e9volution du 14 janvier 2014, r\u00e9alis\u00e9e au prix de nombreux sacrifices et d\u2019un combat pour la libert\u00e9 et la d\u00e9mocratie \u00bb, a soulign\u00e9 M. Steinmeier.<\/p>\n<p>\u00ab La Tunisie a montr\u00e9 que la transition d\u2019un r\u00e9gime de dictature \u00e0 une d\u00e9mocratie est possible \u00bb, a estim\u00e9 le chef de la diplomatie allemande, affirmant que l\u2019Allemagne s\u2019engage \u00e0 poursuivre son soutien \u00e0 la Tunisie pour la r\u00e9ussite de son processus de transition.<\/p>\n","protected":false},"excerpt":{"rendered":"<p>Andreas Reinicke, ambassadeur d\u2019Allemagne en Tunisie : \u00ab F\u00e9licitations pour ce grand pas vers l\u2019instauration de la d\u00e9mocratie et que le travail comm<\/p>\n","protected":false},"author":3222,"featured_media":375197,"comment_status":"open","ping_status":"open","sticky":false,"template":"","format":"standard","meta":{"footnotes":""},"categories":[2598],"tags":[],"class_list":["post-184290","post","type-post","status-publish","format-standard","has-post-thumbnail","hentry","category-international"],"yoast_head":"<!-- This site is optimized with the Yoast SEO Premium plugin v27.5 (Yoast SEO v27.5) - https:\/\/yoast.com\/product\/yoast-seo-premium-wordpress\/ -->\n<title>Le ministre allemand des Affaires \u00e9trang\u00e8res : \u00ab La Tunisie a montr\u00e9 que la transition d\u2019un r\u00e9gime de dictature \u00e0 une d\u00e9mocratie est possible \u00bb<\/title>\n<meta name=\"description\" content=\"Le ministre allemand des Affaires \u00e9trang\u00e8res : \u00ab La Tunisie a montr\u00e9 que la transition d\u2019un r\u00e9gime de dictature \u00e0 une d\u00e9mocratie est possible \u00bb\" \/>\n<link rel=\"canonical\" href=\"https:\/\/www.webdo.tn\/fr\/actualite\/international\/ministre-allemand-affaires-etrangeres-tunisie-montre-transition-dun-regime-dictature-democratie-possible\/184290\/\" \/>\n<meta property=\"og:locale\" content=\"fr_FR\" \/>\n<meta property=\"og:type\" content=\"article\" \/>\n<meta property=\"og:title\" content=\"Le ministre allemand des Affaires \u00e9trang\u00e8res : \u00ab La Tunisie a montr\u00e9 que la transition d\u2019un r\u00e9gime de dictature \u00e0 une d\u00e9mocratie est possible \u00bb\" \/>\n<meta property=\"og:description\" content=\"Le ministre allemand des Affaires \u00e9trang\u00e8res : \u00ab La Tunisie a montr\u00e9 que la transition d\u2019un r\u00e9gime de dictature \u00e0 une d\u00e9mocratie est possible \u00bb\" \/>\n<meta property=\"og:url\" content=\"https:\/\/www.webdo.tn\/fr\/actualite\/international\/ministre-allemand-affaires-etrangeres-tunisie-montre-transition-dun-regime-dictature-democratie-possible\/184290\/\" \/>\n<meta property=\"og:site_name\" content=\"webdo\" \/>\n<meta property=\"article:publisher\" content=\"https:\/\/www.facebook.com\/webdotn\" \/>\n<meta property=\"article:published_time\" content=\"2014-10-28T16:54:00+00:00\" \/>\n<meta name=\"author\" content=\"webdo.tn\" \/>\n<meta name=\"twitter:card\" content=\"summary_large_image\" \/>\n<meta name=\"twitter:creator\" content=\"@webdo_tn\" \/>\n<meta name=\"twitter:site\" content=\"@webdo_tn\" \/>\n<meta name=\"twitter:label1\" content=\"\u00c9crit par\" \/>\n\t<meta name=\"twitter:data1\" content=\"webdo.tn\" \/>\n\t<meta name=\"twitter:label2\" content=\"Dur\u00e9e de lecture estim\u00e9e\" \/>\n\t<meta name=\"twitter:data2\" content=\"2 minutes\" \/>\n<script type=\"application\/ld+json\" class=\"yoast-schema-graph\">{\"@context\":\"https:\\\/\\\/schema.org\",\"@graph\":[{\"@type\":\"NewsArticle\",\"@id\":\"https:\\\/\\\/www.webdo.tn\\\/fr\\\/actualite\\\/international\\\/ministre-allemand-affaires-etrangeres-tunisie-montre-transition-dun-regime-dictature-democratie-possible\\\/184290\\\/#article\",\"isPartOf\":{\"@id\":\"https:\\\/\\\/www.webdo.tn\\\/fr\\\/actualite\\\/international\\\/ministre-allemand-affaires-etrangeres-tunisie-montre-transition-dun-regime-dictature-democratie-possible\\\/184290\\\/\"},\"author\":{\"name\":\"webdo.tn\",\"@id\":\"https:\\\/\\\/www.webdo.tn\\\/fr\\\/#\\\/schema\\\/person\\\/9a9c6118d687c117df8ef3cc36a4d175\"},\"headline\":\"Le ministre allemand des Affaires \u00e9trang\u00e8res : \u00ab La Tunisie a montr\u00e9 que la transition d\u2019un r\u00e9gime de dictature \u00e0 une d\u00e9mocratie est possible \u00bb\",\"datePublished\":\"2014-10-28T16:54:00+00:00\",\"mainEntityOfPage\":{\"@id\":\"https:\\\/\\\/www.webdo.tn\\\/fr\\\/actualite\\\/international\\\/ministre-allemand-affaires-etrangeres-tunisie-montre-transition-dun-regime-dictature-democratie-possible\\\/184290\\\/\"},\"wordCount\":376,\"commentCount\":0,\"publisher\":{\"@id\":\"https:\\\/\\\/www.webdo.tn\\\/fr\\\/#organization\"},\"image\":{\"@id\":\"https:\\\/\\\/www.webdo.tn\\\/fr\\\/actualite\\\/international\\\/ministre-allemand-affaires-etrangeres-tunisie-montre-transition-dun-regime-dictature-democratie-possible\\\/184290\\\/#primaryimage\"},\"thumbnailUrl\":\"https:\\\/\\\/www.webdo.tn\\\/fr\\\/wp-content\\\/uploads\\\/2025\\\/06\\\/MAAE_184290.png\",\"articleSection\":[\"International\"],\"inLanguage\":\"fr-FR\"},{\"@type\":\"WebPage\",\"@id\":\"https:\\\/\\\/www.webdo.tn\\\/fr\\\/actualite\\\/international\\\/ministre-allemand-affaires-etrangeres-tunisie-montre-transition-dun-regime-dictature-democratie-possible\\\/184290\\\/\",\"url\":\"https:\\\/\\\/www.webdo.tn\\\/fr\\\/actualite\\\/international\\\/ministre-allemand-affaires-etrangeres-tunisie-montre-transition-dun-regime-dictature-democratie-possible\\\/184290\\\/\",\"name\":\"Le ministre allemand des Affaires \u00e9trang\u00e8res : \u00ab La Tunisie a montr\u00e9 que la transition d\u2019un r\u00e9gime de dictature \u00e0 une d\u00e9mocratie est possible \u00bb\",\"isPartOf\":{\"@id\":\"https:\\\/\\\/www.webdo.tn\\\/fr\\\/#website\"},\"primaryImageOfPage\":{\"@id\":\"https:\\\/\\\/www.webdo.tn\\\/fr\\\/actualite\\\/international\\\/ministre-allemand-affaires-etrangeres-tunisie-montre-transition-dun-regime-dictature-democratie-possible\\\/184290\\\/#primaryimage\"},\"image\":{\"@id\":\"https:\\\/\\\/www.webdo.tn\\\/fr\\\/actualite\\\/international\\\/ministre-allemand-affaires-etrangeres-tunisie-montre-transition-dun-regime-dictature-democratie-possible\\\/184290\\\/#primaryimage\"},\"thumbnailUrl\":\"https:\\\/\\\/www.webdo.tn\\\/fr\\\/wp-content\\\/uploads\\\/2025\\\/06\\\/MAAE_184290.png\",\"datePublished\":\"2014-10-28T16:54:00+00:00\",\"description\":\"Le ministre allemand des Affaires \u00e9trang\u00e8res : \u00ab La Tunisie a montr\u00e9 que la transition d\u2019un r\u00e9gime de dictature \u00e0 une d\u00e9mocratie est possible \u00bb\",\"breadcrumb\":{\"@id\":\"https:\\\/\\\/www.webdo.tn\\\/fr\\\/actualite\\\/international\\\/ministre-allemand-affaires-etrangeres-tunisie-montre-transition-dun-regime-dictature-democratie-possible\\\/184290\\\/#breadcrumb\"},\"inLanguage\":\"fr-FR\",\"potentialAction\":[{\"@type\":\"ReadAction\",\"target\":[\"https:\\\/\\\/www.webdo.tn\\\/fr\\\/actualite\\\/international\\\/ministre-allemand-affaires-etrangeres-tunisie-montre-transition-dun-regime-dictature-democratie-possible\\\/184290\\\/\"]}]},{\"@type\":\"ImageObject\",\"inLanguage\":\"fr-FR\",\"@id\":\"https:\\\/\\\/www.webdo.tn\\\/fr\\\/actualite\\\/international\\\/ministre-allemand-affaires-etrangeres-tunisie-montre-transition-dun-regime-dictature-democratie-possible\\\/184290\\\/#primaryimage\",\"url\":\"https:\\\/\\\/www.webdo.tn\\\/fr\\\/wp-content\\\/uploads\\\/2025\\\/06\\\/MAAE_184290.png\",\"contentUrl\":\"https:\\\/\\\/www.webdo.tn\\\/fr\\\/wp-content\\\/uploads\\\/2025\\\/06\\\/MAAE_184290.png\",\"width\":425,\"height\":389,\"caption\":\"Le ministre allemand des Affaires \u00e9trang\u00e8res : \u00ab La Tunisie a montr\u00e9 que la transition d\u2019un r\u00e9gime de dictature \u00e0 une d\u00e9mocratie est possible \u00bb\"},{\"@type\":\"BreadcrumbList\",\"@id\":\"https:\\\/\\\/www.webdo.tn\\\/fr\\\/actualite\\\/international\\\/ministre-allemand-affaires-etrangeres-tunisie-montre-transition-dun-regime-dictature-democratie-possible\\\/184290\\\/#breadcrumb\",\"itemListElement\":[{\"@type\":\"ListItem\",\"position\":1,\"name\":\"Accueil\",\"item\":\"https:\\\/\\\/www.webdo.tn\\\/fr\\\/\"},{\"@type\":\"ListItem\",\"position\":2,\"name\":\"Le ministre allemand des Affaires \u00e9trang\u00e8res : \u00ab La Tunisie a montr\u00e9 que la transition d\u2019un r\u00e9gime de dictature \u00e0 une d\u00e9mocratie est possible \u00bb\"}]},{\"@type\":\"WebSite\",\"@id\":\"https:\\\/\\\/www.webdo.tn\\\/fr\\\/#website\",\"url\":\"https:\\\/\\\/www.webdo.tn\\\/fr\\\/\",\"name\":\"webdo\",\"description\":\"Tunisie - News en Tunisie et \u00e0 l&#039;international sur Webdo.tn\",\"publisher\":{\"@id\":\"https:\\\/\\\/www.webdo.tn\\\/fr\\\/#organization\"},\"potentialAction\":[{\"@type\":\"SearchAction\",\"target\":{\"@type\":\"EntryPoint\",\"urlTemplate\":\"https:\\\/\\\/www.webdo.tn\\\/fr\\\/?s={search_term_string}\"},\"query-input\":{\"@type\":\"PropertyValueSpecification\",\"valueRequired\":true,\"valueName\":\"search_term_string\"}}],\"inLanguage\":\"fr-FR\"},{\"@type\":\"Organization\",\"@id\":\"https:\\\/\\\/www.webdo.tn\\\/fr\\\/#organization\",\"name\":\"Webdo\",\"alternateName\":\"Webdo.tn\",\"url\":\"https:\\\/\\\/www.webdo.tn\\\/fr\\\/\",\"logo\":{\"@type\":\"ImageObject\",\"inLanguage\":\"fr-FR\",\"@id\":\"https:\\\/\\\/www.webdo.tn\\\/fr\\\/#\\\/schema\\\/logo\\\/image\\\/\",\"url\":\"https:\\\/\\\/www.webdo.tn\\\/fr\\\/wp-content\\\/uploads\\\/2025\\\/06\\\/Webdo-Tunisie_168377.jpg\",\"contentUrl\":\"https:\\\/\\\/www.webdo.tn\\\/fr\\\/wp-content\\\/uploads\\\/2025\\\/06\\\/Webdo-Tunisie_168377.jpg\",\"width\":301,\"height\":301,\"caption\":\"Webdo\"},\"image\":{\"@id\":\"https:\\\/\\\/www.webdo.tn\\\/fr\\\/#\\\/schema\\\/logo\\\/image\\\/\"},\"sameAs\":[\"https:\\\/\\\/www.facebook.com\\\/webdotn\",\"https:\\\/\\\/x.com\\\/webdo_tn\"],\"description\":\"Webdo est un m\u00e9dia num\u00e9rique tunisien fond\u00e9 en 2010, sp\u00e9cialis\u00e9 dans l\u2019actualit\u00e9 nationale et internationale, l\u2019\u00e9conomie, la soci\u00e9t\u00e9 et les analyses politiques. Le site s\u2019adresse \u00e0 un large public francophone et couvre l\u2019information tunisienne en temps r\u00e9el.\",\"email\":\"redac@webdo.tn\",\"legalName\":\"YNJ SARL\",\"foundingDate\":\"2010-09-06\",\"numberOfEmployees\":{\"@type\":\"QuantitativeValue\",\"minValue\":\"11\",\"maxValue\":\"50\"}},{\"@type\":\"Person\",\"@id\":\"https:\\\/\\\/www.webdo.tn\\\/fr\\\/#\\\/schema\\\/person\\\/9a9c6118d687c117df8ef3cc36a4d175\",\"name\":\"webdo.tn\",\"image\":{\"@type\":\"ImageObject\",\"inLanguage\":\"fr-FR\",\"@id\":\"https:\\\/\\\/secure.gravatar.com\\\/avatar\\\/7ce1f28c0c3bbac99ff550b85ef8e44a6950c6ee24514fb6a5489e51d06f0298?s=96&d=mm&r=g\",\"url\":\"https:\\\/\\\/secure.gravatar.com\\\/avatar\\\/7ce1f28c0c3bbac99ff550b85ef8e44a6950c6ee24514fb6a5489e51d06f0298?s=96&d=mm&r=g\",\"contentUrl\":\"https:\\\/\\\/secure.gravatar.com\\\/avatar\\\/7ce1f28c0c3bbac99ff550b85ef8e44a6950c6ee24514fb6a5489e51d06f0298?s=96&d=mm&r=g\",\"caption\":\"webdo.tn\"},\"url\":\"https:\\\/\\\/www.webdo.tn\\\/fr\\\/actualite\\\/author\\\/webdotn\\\/\"}]}<\/script>\n<!-- \/ Yoast SEO Premium plugin. -->","yoast_head_json":{"title":"Le ministre allemand des Affaires \u00e9trang\u00e8res : \u00ab La Tunisie a montr\u00e9 que la transition d\u2019un r\u00e9gime de dictature \u00e0 une d\u00e9mocratie est possible \u00bb","description":"Le ministre allemand des Affaires \u00e9trang\u00e8res : \u00ab La Tunisie a montr\u00e9 que la transition d\u2019un r\u00e9gime de dictature \u00e0 une d\u00e9mocratie est possible \u00bb","canonical":"https:\/\/www.webdo.tn\/fr\/actualite\/international\/ministre-allemand-affaires-etrangeres-tunisie-montre-transition-dun-regime-dictature-democratie-possible\/184290\/","og_locale":"fr_FR","og_type":"article","og_title":"Le ministre allemand des Affaires \u00e9trang\u00e8res : \u00ab La Tunisie a montr\u00e9 que la transition d\u2019un r\u00e9gime de dictature \u00e0 une d\u00e9mocratie est possible \u00bb","og_description":"Le ministre allemand des Affaires \u00e9trang\u00e8res : \u00ab La Tunisie a montr\u00e9 que la transition d\u2019un r\u00e9gime de dictature \u00e0 une d\u00e9mocratie est possible \u00bb","og_url":"https:\/\/www.webdo.tn\/fr\/actualite\/international\/ministre-allemand-affaires-etrangeres-tunisie-montre-transition-dun-regime-dictature-democratie-possible\/184290\/","og_site_name":"webdo","article_publisher":"https:\/\/www.facebook.com\/webdotn","article_published_time":"2014-10-28T16:54:00+00:00","author":"webdo.tn","twitter_card":"summary_large_image","twitter_creator":"@webdo_tn","twitter_site":"@webdo_tn","twitter_misc":{"\u00c9crit par":"webdo.tn","Dur\u00e9e de lecture estim\u00e9e":"2 minutes"},"schema":{"@context":"https:\/\/schema.org","@graph":[{"@type":"NewsArticle","@id":"https:\/\/www.webdo.tn\/fr\/actualite\/international\/ministre-allemand-affaires-etrangeres-tunisie-montre-transition-dun-regime-dictature-democratie-possible\/184290\/#article","isPartOf":{"@id":"https:\/\/www.webdo.tn\/fr\/actualite\/international\/ministre-allemand-affaires-etrangeres-tunisie-montre-transition-dun-regime-dictature-democratie-possible\/184290\/"},"author":{"name":"webdo.tn","@id":"https:\/\/www.webdo.tn\/fr\/#\/schema\/person\/9a9c6118d687c117df8ef3cc36a4d175"},"headline":"Le ministre allemand des Affaires \u00e9trang\u00e8res : \u00ab La Tunisie a montr\u00e9 que la transition d\u2019un r\u00e9gime de dictature \u00e0 une d\u00e9mocratie est possible \u00bb","datePublished":"2014-10-28T16:54:00+00:00","mainEntityOfPage":{"@id":"https:\/\/www.webdo.tn\/fr\/actualite\/international\/ministre-allemand-affaires-etrangeres-tunisie-montre-transition-dun-regime-dictature-democratie-possible\/184290\/"},"wordCount":376,"commentCount":0,"publisher":{"@id":"https:\/\/www.webdo.tn\/fr\/#organization"},"image":{"@id":"https:\/\/www.webdo.tn\/fr\/actualite\/international\/ministre-allemand-affaires-etrangeres-tunisie-montre-transition-dun-regime-dictature-democratie-possible\/184290\/#primaryimage"},"thumbnailUrl":"https:\/\/www.webdo.tn\/fr\/wp-content\/uploads\/2025\/06\/MAAE_184290.png","articleSection":["International"],"inLanguage":"fr-FR"},{"@type":"WebPage","@id":"https:\/\/www.webdo.tn\/fr\/actualite\/international\/ministre-allemand-affaires-etrangeres-tunisie-montre-transition-dun-regime-dictature-democratie-possible\/184290\/","url":"https:\/\/www.webdo.tn\/fr\/actualite\/international\/ministre-allemand-affaires-etrangeres-tunisie-montre-transition-dun-regime-dictature-democratie-possible\/184290\/","name":"Le ministre allemand des Affaires \u00e9trang\u00e8res : \u00ab La Tunisie a montr\u00e9 que la transition d\u2019un r\u00e9gime de dictature \u00e0 une d\u00e9mocratie est possible \u00bb","isPartOf":{"@id":"https:\/\/www.webdo.tn\/fr\/#website"},"primaryImageOfPage":{"@id":"https:\/\/www.webdo.tn\/fr\/actualite\/international\/ministre-allemand-affaires-etrangeres-tunisie-montre-transition-dun-regime-dictature-democratie-possible\/184290\/#primaryimage"},"image":{"@id":"https:\/\/www.webdo.tn\/fr\/actualite\/international\/ministre-allemand-affaires-etrangeres-tunisie-montre-transition-dun-regime-dictature-democratie-possible\/184290\/#primaryimage"},"thumbnailUrl":"https:\/\/www.webdo.tn\/fr\/wp-content\/uploads\/2025\/06\/MAAE_184290.png","datePublished":"2014-10-28T16:54:00+00:00","description":"Le ministre allemand des Affaires \u00e9trang\u00e8res : \u00ab La Tunisie a montr\u00e9 que la transition d\u2019un r\u00e9gime de dictature \u00e0 une d\u00e9mocratie est possible \u00bb","breadcrumb":{"@id":"https:\/\/www.webdo.tn\/fr\/actualite\/international\/ministre-allemand-affaires-etrangeres-tunisie-montre-transition-dun-regime-dictature-democratie-possible\/184290\/#breadcrumb"},"inLanguage":"fr-FR","potentialAction":[{"@type":"ReadAction","target":["https:\/\/www.webdo.tn\/fr\/actualite\/international\/ministre-allemand-affaires-etrangeres-tunisie-montre-transition-dun-regime-dictature-democratie-possible\/184290\/"]}]},{"@type":"ImageObject","inLanguage":"fr-FR","@id":"https:\/\/www.webdo.tn\/fr\/actualite\/international\/ministre-allemand-affaires-etrangeres-tunisie-montre-transition-dun-regime-dictature-democratie-possible\/184290\/#primaryimage","url":"https:\/\/www.webdo.tn\/fr\/wp-content\/uploads\/2025\/06\/MAAE_184290.png","contentUrl":"https:\/\/www.webdo.tn\/fr\/wp-content\/uploads\/2025\/06\/MAAE_184290.png","width":425,"height":389,"caption":"Le ministre allemand des Affaires \u00e9trang\u00e8res : \u00ab La Tunisie a montr\u00e9 que la transition d\u2019un r\u00e9gime de dictature \u00e0 une d\u00e9mocratie est possible \u00bb"},{"@type":"BreadcrumbList","@id":"https:\/\/www.webdo.tn\/fr\/actualite\/international\/ministre-allemand-affaires-etrangeres-tunisie-montre-transition-dun-regime-dictature-democratie-possible\/184290\/#breadcrumb","itemListElement":[{"@type":"ListItem","position":1,"name":"Accueil","item":"https:\/\/www.webdo.tn\/fr\/"},{"@type":"ListItem","position":2,"name":"Le ministre allemand des Affaires \u00e9trang\u00e8res : \u00ab La Tunisie a montr\u00e9 que la transition d\u2019un r\u00e9gime de dictature \u00e0 une d\u00e9mocratie est possible \u00bb"}]},{"@type":"WebSite","@id":"https:\/\/www.webdo.tn\/fr\/#website","url":"https:\/\/www.webdo.tn\/fr\/","name":"webdo","description":"Tunisie - News en Tunisie et \u00e0 l&#039;international sur Webdo.tn","publisher":{"@id":"https:\/\/www.webdo.tn\/fr\/#organization"},"potentialAction":[{"@type":"SearchAction","target":{"@type":"EntryPoint","urlTemplate":"https:\/\/www.webdo.tn\/fr\/?s={search_term_string}"},"query-input":{"@type":"PropertyValueSpecification","valueRequired":true,"valueName":"search_term_string"}}],"inLanguage":"fr-FR"},{"@type":"Organization","@id":"https:\/\/www.webdo.tn\/fr\/#organization","name":"Webdo","alternateName":"Webdo.tn","url":"https:\/\/www.webdo.tn\/fr\/","logo":{"@type":"ImageObject","inLanguage":"fr-FR","@id":"https:\/\/www.webdo.tn\/fr\/#\/schema\/logo\/image\/","url":"https:\/\/www.webdo.tn\/fr\/wp-content\/uploads\/2025\/06\/Webdo-Tunisie_168377.jpg","contentUrl":"https:\/\/www.webdo.tn\/fr\/wp-content\/uploads\/2025\/06\/Webdo-Tunisie_168377.jpg","width":301,"height":301,"caption":"Webdo"},"image":{"@id":"https:\/\/www.webdo.tn\/fr\/#\/schema\/logo\/image\/"},"sameAs":["https:\/\/www.facebook.com\/webdotn","https:\/\/x.com\/webdo_tn"],"description":"Webdo est un m\u00e9dia num\u00e9rique tunisien fond\u00e9 en 2010, sp\u00e9cialis\u00e9 dans l\u2019actualit\u00e9 nationale et internationale, l\u2019\u00e9conomie, la soci\u00e9t\u00e9 et les analyses politiques. Le site s\u2019adresse \u00e0 un large public francophone et couvre l\u2019information tunisienne en temps r\u00e9el.","email":"redac@webdo.tn","legalName":"YNJ SARL","foundingDate":"2010-09-06","numberOfEmployees":{"@type":"QuantitativeValue","minValue":"11","maxValue":"50"}},{"@type":"Person","@id":"https:\/\/www.webdo.tn\/fr\/#\/schema\/person\/9a9c6118d687c117df8ef3cc36a4d175","name":"webdo.tn","image":{"@type":"ImageObject","inLanguage":"fr-FR","@id":"https:\/\/secure.gravatar.com\/avatar\/7ce1f28c0c3bbac99ff550b85ef8e44a6950c6ee24514fb6a5489e51d06f0298?s=96&d=mm&r=g","url":"https:\/\/secure.gravatar.com\/avatar\/7ce1f28c0c3bbac99ff550b85ef8e44a6950c6ee24514fb6a5489e51d06f0298?s=96&d=mm&r=g","contentUrl":"https:\/\/secure.gravatar.com\/avatar\/7ce1f28c0c3bbac99ff550b85ef8e44a6950c6ee24514fb6a5489e51d06f0298?s=96&d=mm&r=g","caption":"webdo.tn"},"url":"https:\/\/www.webdo.tn\/fr\/actualite\/author\/webdotn\/"}]}},"_links":{"self":[{"href":"https:\/\/www.webdo.tn\/fr\/wp-json\/wp\/v2\/posts\/184290","targetHints":{"allow":["GET"]}}],"collection":[{"href":"https:\/\/www.webdo.tn\/fr\/wp-json\/wp\/v2\/posts"}],"about":[{"href":"https:\/\/www.webdo.tn\/fr\/wp-json\/wp\/v2\/types\/post"}],"author":[{"embeddable":true,"href":"https:\/\/www.webdo.tn\/fr\/wp-json\/wp\/v2\/users\/3222"}],"replies":[{"embeddable":true,"href":"https:\/\/www.webdo.tn\/fr\/wp-json\/wp\/v2\/comments?post=184290"}],"version-history":[{"count":0,"href":"https:\/\/www.webdo.tn\/fr\/wp-json\/wp\/v2\/posts\/184290\/revisions"}],"wp:featuredmedia":[{"embeddable":true,"href":"https:\/\/www.webdo.tn\/fr\/wp-json\/wp\/v2\/media\/375197"}],"wp:attachment":[{"href":"https:\/\/www.webdo.tn\/fr\/wp-json\/wp\/v2\/media?parent=184290"}],"wp:term":[{"taxonomy":"category","embeddable":true,"href":"https:\/\/www.webdo.tn\/fr\/wp-json\/wp\/v2\/categories?post=184290"},{"taxonomy":"post_tag","embeddable":true,"href":"https:\/\/www.webdo.tn\/fr\/wp-json\/wp\/v2\/tags?post=184290"}],"curies":[{"name":"wp","href":"https:\/\/api.w.org\/{rel}","templated":true}]}}