{"id":184288,"date":"2014-10-30T09:59:00","date_gmt":"2014-10-30T09:59:00","guid":{"rendered":"https:\/\/www.webdo.tn\/fr\/blog\/suede-reconnait-officiellement-letat-palestine\/184288\/"},"modified":"2014-10-30T09:59:00","modified_gmt":"2014-10-30T09:59:00","slug":"suede-reconnait-officiellement-letat-palestine","status":"publish","type":"post","link":"https:\/\/www.webdo.tn\/fr\/actualite\/international\/suede-reconnait-officiellement-letat-palestine\/184288\/","title":{"rendered":"La Su\u00e8de reconna\u00eet officiellement l&rsquo;Etat de Palestine"},"content":{"rendered":"<p>La Su\u00e8de a officiellement reconnu l\u2019Etat de Palestine. La chef de la diplomatie su\u00e9doise, Mme Margot Wallstr\u00f6m, a annonc\u00e9, ce jeudi 30 octobre 2014, que son gouvernement reconnaissait par d\u00e9cret l&rsquo;\u00c9tat de Palestine, devenant ainsi le premier pays occidental de l&rsquo;Union Europ\u00e9enne \u00e0 prendre cette d\u00e9cision, selon l&rsquo;AFP.<\/p>\n<p>\u00ab\u00a0Aujourd&rsquo;hui le gouvernement prend la d\u00e9cision de reconna\u00eetre l&rsquo;\u00c9tat de Palestine. C&rsquo;est un pas important qui confirme le droit des Palestiniens \u00e0 l&rsquo;auto-d\u00e9termination\u00a0\u00bb, a indiqu\u00e9 la ministre des Affaires \u00e9trang\u00e8res dans une tribune publi\u00e9e dans le quotidien Dagens Nyheter.<\/p>\n<p>\u00ab\u00a0Le gouvernement consid\u00e8re que les crit\u00e8res de droit international pour une reconnaissance de l&rsquo;\u00c9tat de Palestine sont remplis\u00a0\u00bb: un territoire, \u00ab\u00a0bien que sans fronti\u00e8res fixes\u00a0\u00bb, une population et un gouvernement, a-t-elle ajout\u00e9.<br \/>\n\u00ab\u00a0Nous esp\u00e9rons que cela montre la voie \u00e0 d&rsquo;autres\u00a0\u00bb, a affirm\u00e9 Mme Wallstr\u00f6m.<\/p>\n<p>Suite \u00e0 cette annonce, le pr\u00e9sident palestinien Mahmoud Abbas a salu\u00e9 la reconnaissance annonc\u00e9e par la Su\u00e8de de l&rsquo;Etat de Palestine, et a appel\u00e9 les autres pays qui ne l&rsquo;ont pas fait \u00e0 suivre l&rsquo;exemple su\u00e9dois, a indiqu\u00e9 son porte-parole Nabil Abou Roudeina, selon l\u2019AFP.<\/p>\n<p>Lors de sa d\u00e9claration de politique g\u00e9n\u00e9rale d\u00e9but octobre, le Premier ministre Stefan L\u00f6fven avait annonc\u00e9 que la Su\u00e8de allait reconnaitre l&rsquo;\u00c9tat de Palestine, ce qui avait \u00e9t\u00e9 salu\u00e9 par les autorit\u00e9s palestiniennes mais critiqu\u00e9 par Isra\u00ebl et les \u00c9tats-Unis.<\/p>\n<p>En France des d\u00e9marches sont en cours pour la reconnaissance de l&rsquo;Etat palestinien, demand\u00e9e officiellement \u00e0 la France par l&rsquo;Autorit\u00e9 palestinienne.<\/p>\n","protected":false},"excerpt":{"rendered":"<p>La Su\u00e8de reconna\u00eet officiellement l&rsquo;Etat de Palestine<\/p>\n","protected":false},"author":3222,"featured_media":331228,"comment_status":"open","ping_status":"closed","sticky":false,"template":"","format":"standard","meta":{"footnotes":""},"categories":[2598],"tags":[2600],"class_list":["post-184288","post","type-post","status-publish","format-standard","has-post-thumbnail","hentry","category-international","tag-guerre"],"yoast_head":"<!-- This site is optimized with the Yoast SEO Premium plugin v27.5 (Yoast SEO v27.5) - https:\/\/yoast.com\/product\/yoast-seo-premium-wordpress\/ -->\n<title>La Su\u00e8de reconna\u00eet officiellement l&#039;Etat de Palestine<\/title>\n<meta name=\"description\" content=\"La Su\u00e8de reconna\u00eet officiellement l&#039;Etat de Palestine\" \/>\n<link rel=\"canonical\" href=\"https:\/\/www.webdo.tn\/fr\/actualite\/international\/suede-reconnait-officiellement-letat-palestine\/184288\/\" \/>\n<meta property=\"og:locale\" content=\"fr_FR\" \/>\n<meta property=\"og:type\" content=\"article\" \/>\n<meta property=\"og:title\" content=\"La Su\u00e8de reconna\u00eet officiellement l&#039;Etat de Palestine\" \/>\n<meta property=\"og:description\" content=\"La Su\u00e8de reconna\u00eet officiellement l&#039;Etat de Palestine\" \/>\n<meta property=\"og:url\" content=\"https:\/\/www.webdo.tn\/fr\/actualite\/international\/suede-reconnait-officiellement-letat-palestine\/184288\/\" \/>\n<meta property=\"og:site_name\" content=\"webdo\" \/>\n<meta property=\"article:publisher\" content=\"https:\/\/www.facebook.com\/webdotn\" \/>\n<meta property=\"article:published_time\" content=\"2014-10-30T09:59:00+00:00\" \/>\n<meta property=\"og:image\" content=\"https:\/\/www.webdo.tn\/fr\/wp-content\/uploads\/2014\/10\/Dagens-Nyheter.jpg\" \/>\n\t<meta property=\"og:image:width\" content=\"498\" \/>\n\t<meta property=\"og:image:height\" content=\"121\" \/>\n\t<meta property=\"og:image:type\" content=\"image\/jpeg\" \/>\n<meta name=\"author\" content=\"webdo.tn\" \/>\n<meta name=\"twitter:card\" content=\"summary_large_image\" \/>\n<meta name=\"twitter:creator\" content=\"@webdo_tn\" \/>\n<meta name=\"twitter:site\" content=\"@webdo_tn\" \/>\n<meta name=\"twitter:label1\" content=\"\u00c9crit par\" \/>\n\t<meta name=\"twitter:data1\" content=\"webdo.tn\" \/>\n\t<meta name=\"twitter:label2\" content=\"Dur\u00e9e de lecture estim\u00e9e\" \/>\n\t<meta name=\"twitter:data2\" content=\"1 minute\" \/>\n<script type=\"application\/ld+json\" class=\"yoast-schema-graph\">{\"@context\":\"https:\\\/\\\/schema.org\",\"@graph\":[{\"@type\":\"NewsArticle\",\"@id\":\"https:\\\/\\\/www.webdo.tn\\\/fr\\\/actualite\\\/international\\\/suede-reconnait-officiellement-letat-palestine\\\/184288\\\/#article\",\"isPartOf\":{\"@id\":\"https:\\\/\\\/www.webdo.tn\\\/fr\\\/actualite\\\/international\\\/suede-reconnait-officiellement-letat-palestine\\\/184288\\\/\"},\"author\":{\"name\":\"webdo.tn\",\"@id\":\"https:\\\/\\\/www.webdo.tn\\\/fr\\\/#\\\/schema\\\/person\\\/9a9c6118d687c117df8ef3cc36a4d175\"},\"headline\":\"La Su\u00e8de reconna\u00eet officiellement l&rsquo;Etat de Palestine\",\"datePublished\":\"2014-10-30T09:59:00+00:00\",\"mainEntityOfPage\":{\"@id\":\"https:\\\/\\\/www.webdo.tn\\\/fr\\\/actualite\\\/international\\\/suede-reconnait-officiellement-letat-palestine\\\/184288\\\/\"},\"wordCount\":287,\"commentCount\":0,\"publisher\":{\"@id\":\"https:\\\/\\\/www.webdo.tn\\\/fr\\\/#organization\"},\"image\":{\"@id\":\"https:\\\/\\\/www.webdo.tn\\\/fr\\\/actualite\\\/international\\\/suede-reconnait-officiellement-letat-palestine\\\/184288\\\/#primaryimage\"},\"thumbnailUrl\":\"https:\\\/\\\/www.webdo.tn\\\/fr\\\/wp-content\\\/uploads\\\/2014\\\/10\\\/Dagens-Nyheter.jpg\",\"keywords\":[\"guerre\"],\"articleSection\":[\"International\"],\"inLanguage\":\"fr-FR\"},{\"@type\":\"WebPage\",\"@id\":\"https:\\\/\\\/www.webdo.tn\\\/fr\\\/actualite\\\/international\\\/suede-reconnait-officiellement-letat-palestine\\\/184288\\\/\",\"url\":\"https:\\\/\\\/www.webdo.tn\\\/fr\\\/actualite\\\/international\\\/suede-reconnait-officiellement-letat-palestine\\\/184288\\\/\",\"name\":\"La Su\u00e8de reconna\u00eet officiellement l'Etat de Palestine\",\"isPartOf\":{\"@id\":\"https:\\\/\\\/www.webdo.tn\\\/fr\\\/#website\"},\"primaryImageOfPage\":{\"@id\":\"https:\\\/\\\/www.webdo.tn\\\/fr\\\/actualite\\\/international\\\/suede-reconnait-officiellement-letat-palestine\\\/184288\\\/#primaryimage\"},\"image\":{\"@id\":\"https:\\\/\\\/www.webdo.tn\\\/fr\\\/actualite\\\/international\\\/suede-reconnait-officiellement-letat-palestine\\\/184288\\\/#primaryimage\"},\"thumbnailUrl\":\"https:\\\/\\\/www.webdo.tn\\\/fr\\\/wp-content\\\/uploads\\\/2014\\\/10\\\/Dagens-Nyheter.jpg\",\"datePublished\":\"2014-10-30T09:59:00+00:00\",\"description\":\"La Su\u00e8de reconna\u00eet officiellement l'Etat de Palestine\",\"breadcrumb\":{\"@id\":\"https:\\\/\\\/www.webdo.tn\\\/fr\\\/actualite\\\/international\\\/suede-reconnait-officiellement-letat-palestine\\\/184288\\\/#breadcrumb\"},\"inLanguage\":\"fr-FR\",\"potentialAction\":[{\"@type\":\"ReadAction\",\"target\":[\"https:\\\/\\\/www.webdo.tn\\\/fr\\\/actualite\\\/international\\\/suede-reconnait-officiellement-letat-palestine\\\/184288\\\/\"]}]},{\"@type\":\"ImageObject\",\"inLanguage\":\"fr-FR\",\"@id\":\"https:\\\/\\\/www.webdo.tn\\\/fr\\\/actualite\\\/international\\\/suede-reconnait-officiellement-letat-palestine\\\/184288\\\/#primaryimage\",\"url\":\"https:\\\/\\\/www.webdo.tn\\\/fr\\\/wp-content\\\/uploads\\\/2014\\\/10\\\/Dagens-Nyheter.jpg\",\"contentUrl\":\"https:\\\/\\\/www.webdo.tn\\\/fr\\\/wp-content\\\/uploads\\\/2014\\\/10\\\/Dagens-Nyheter.jpg\",\"width\":498,\"height\":121,\"caption\":\"La Su\u00e8de reconna\u00eet officiellement l'Etat de Palestine\"},{\"@type\":\"BreadcrumbList\",\"@id\":\"https:\\\/\\\/www.webdo.tn\\\/fr\\\/actualite\\\/international\\\/suede-reconnait-officiellement-letat-palestine\\\/184288\\\/#breadcrumb\",\"itemListElement\":[{\"@type\":\"ListItem\",\"position\":1,\"name\":\"Accueil\",\"item\":\"https:\\\/\\\/www.webdo.tn\\\/fr\\\/\"},{\"@type\":\"ListItem\",\"position\":2,\"name\":\"La Su\u00e8de reconna\u00eet officiellement l&rsquo;Etat de Palestine\"}]},{\"@type\":\"WebSite\",\"@id\":\"https:\\\/\\\/www.webdo.tn\\\/fr\\\/#website\",\"url\":\"https:\\\/\\\/www.webdo.tn\\\/fr\\\/\",\"name\":\"webdo\",\"description\":\"Tunisie - News en Tunisie et \u00e0 l&#039;international sur Webdo.tn\",\"publisher\":{\"@id\":\"https:\\\/\\\/www.webdo.tn\\\/fr\\\/#organization\"},\"potentialAction\":[{\"@type\":\"SearchAction\",\"target\":{\"@type\":\"EntryPoint\",\"urlTemplate\":\"https:\\\/\\\/www.webdo.tn\\\/fr\\\/?s={search_term_string}\"},\"query-input\":{\"@type\":\"PropertyValueSpecification\",\"valueRequired\":true,\"valueName\":\"search_term_string\"}}],\"inLanguage\":\"fr-FR\"},{\"@type\":\"Organization\",\"@id\":\"https:\\\/\\\/www.webdo.tn\\\/fr\\\/#organization\",\"name\":\"Webdo\",\"alternateName\":\"Webdo.tn\",\"url\":\"https:\\\/\\\/www.webdo.tn\\\/fr\\\/\",\"logo\":{\"@type\":\"ImageObject\",\"inLanguage\":\"fr-FR\",\"@id\":\"https:\\\/\\\/www.webdo.tn\\\/fr\\\/#\\\/schema\\\/logo\\\/image\\\/\",\"url\":\"https:\\\/\\\/www.webdo.tn\\\/fr\\\/wp-content\\\/uploads\\\/2025\\\/06\\\/Webdo-Tunisie_168377.jpg\",\"contentUrl\":\"https:\\\/\\\/www.webdo.tn\\\/fr\\\/wp-content\\\/uploads\\\/2025\\\/06\\\/Webdo-Tunisie_168377.jpg\",\"width\":301,\"height\":301,\"caption\":\"Webdo\"},\"image\":{\"@id\":\"https:\\\/\\\/www.webdo.tn\\\/fr\\\/#\\\/schema\\\/logo\\\/image\\\/\"},\"sameAs\":[\"https:\\\/\\\/www.facebook.com\\\/webdotn\",\"https:\\\/\\\/x.com\\\/webdo_tn\"],\"description\":\"Webdo est un m\u00e9dia num\u00e9rique tunisien fond\u00e9 en 2010, sp\u00e9cialis\u00e9 dans l\u2019actualit\u00e9 nationale et internationale, l\u2019\u00e9conomie, la soci\u00e9t\u00e9 et les analyses politiques. Le site s\u2019adresse \u00e0 un large public francophone et couvre l\u2019information tunisienne en temps r\u00e9el.\",\"email\":\"redac@webdo.tn\",\"legalName\":\"YNJ SARL\",\"foundingDate\":\"2010-09-06\",\"numberOfEmployees\":{\"@type\":\"QuantitativeValue\",\"minValue\":\"11\",\"maxValue\":\"50\"}},{\"@type\":\"Person\",\"@id\":\"https:\\\/\\\/www.webdo.tn\\\/fr\\\/#\\\/schema\\\/person\\\/9a9c6118d687c117df8ef3cc36a4d175\",\"name\":\"webdo.tn\",\"image\":{\"@type\":\"ImageObject\",\"inLanguage\":\"fr-FR\",\"@id\":\"https:\\\/\\\/secure.gravatar.com\\\/avatar\\\/7ce1f28c0c3bbac99ff550b85ef8e44a6950c6ee24514fb6a5489e51d06f0298?s=96&d=mm&r=g\",\"url\":\"https:\\\/\\\/secure.gravatar.com\\\/avatar\\\/7ce1f28c0c3bbac99ff550b85ef8e44a6950c6ee24514fb6a5489e51d06f0298?s=96&d=mm&r=g\",\"contentUrl\":\"https:\\\/\\\/secure.gravatar.com\\\/avatar\\\/7ce1f28c0c3bbac99ff550b85ef8e44a6950c6ee24514fb6a5489e51d06f0298?s=96&d=mm&r=g\",\"caption\":\"webdo.tn\"},\"url\":\"https:\\\/\\\/www.webdo.tn\\\/fr\\\/actualite\\\/author\\\/webdotn\\\/\"}]}<\/script>\n<!-- \/ Yoast SEO Premium plugin. -->","yoast_head_json":{"title":"La Su\u00e8de reconna\u00eet officiellement l'Etat de Palestine","description":"La Su\u00e8de reconna\u00eet officiellement l'Etat de Palestine","canonical":"https:\/\/www.webdo.tn\/fr\/actualite\/international\/suede-reconnait-officiellement-letat-palestine\/184288\/","og_locale":"fr_FR","og_type":"article","og_title":"La Su\u00e8de reconna\u00eet officiellement l'Etat de Palestine","og_description":"La Su\u00e8de reconna\u00eet officiellement l'Etat de Palestine","og_url":"https:\/\/www.webdo.tn\/fr\/actualite\/international\/suede-reconnait-officiellement-letat-palestine\/184288\/","og_site_name":"webdo","article_publisher":"https:\/\/www.facebook.com\/webdotn","article_published_time":"2014-10-30T09:59:00+00:00","og_image":[{"width":498,"height":121,"url":"https:\/\/www.webdo.tn\/fr\/wp-content\/uploads\/2014\/10\/Dagens-Nyheter.jpg","type":"image\/jpeg"}],"author":"webdo.tn","twitter_card":"summary_large_image","twitter_creator":"@webdo_tn","twitter_site":"@webdo_tn","twitter_misc":{"\u00c9crit par":"webdo.tn","Dur\u00e9e de lecture estim\u00e9e":"1 minute"},"schema":{"@context":"https:\/\/schema.org","@graph":[{"@type":"NewsArticle","@id":"https:\/\/www.webdo.tn\/fr\/actualite\/international\/suede-reconnait-officiellement-letat-palestine\/184288\/#article","isPartOf":{"@id":"https:\/\/www.webdo.tn\/fr\/actualite\/international\/suede-reconnait-officiellement-letat-palestine\/184288\/"},"author":{"name":"webdo.tn","@id":"https:\/\/www.webdo.tn\/fr\/#\/schema\/person\/9a9c6118d687c117df8ef3cc36a4d175"},"headline":"La Su\u00e8de reconna\u00eet officiellement l&rsquo;Etat de Palestine","datePublished":"2014-10-30T09:59:00+00:00","mainEntityOfPage":{"@id":"https:\/\/www.webdo.tn\/fr\/actualite\/international\/suede-reconnait-officiellement-letat-palestine\/184288\/"},"wordCount":287,"commentCount":0,"publisher":{"@id":"https:\/\/www.webdo.tn\/fr\/#organization"},"image":{"@id":"https:\/\/www.webdo.tn\/fr\/actualite\/international\/suede-reconnait-officiellement-letat-palestine\/184288\/#primaryimage"},"thumbnailUrl":"https:\/\/www.webdo.tn\/fr\/wp-content\/uploads\/2014\/10\/Dagens-Nyheter.jpg","keywords":["guerre"],"articleSection":["International"],"inLanguage":"fr-FR"},{"@type":"WebPage","@id":"https:\/\/www.webdo.tn\/fr\/actualite\/international\/suede-reconnait-officiellement-letat-palestine\/184288\/","url":"https:\/\/www.webdo.tn\/fr\/actualite\/international\/suede-reconnait-officiellement-letat-palestine\/184288\/","name":"La Su\u00e8de reconna\u00eet officiellement l'Etat de Palestine","isPartOf":{"@id":"https:\/\/www.webdo.tn\/fr\/#website"},"primaryImageOfPage":{"@id":"https:\/\/www.webdo.tn\/fr\/actualite\/international\/suede-reconnait-officiellement-letat-palestine\/184288\/#primaryimage"},"image":{"@id":"https:\/\/www.webdo.tn\/fr\/actualite\/international\/suede-reconnait-officiellement-letat-palestine\/184288\/#primaryimage"},"thumbnailUrl":"https:\/\/www.webdo.tn\/fr\/wp-content\/uploads\/2014\/10\/Dagens-Nyheter.jpg","datePublished":"2014-10-30T09:59:00+00:00","description":"La Su\u00e8de reconna\u00eet officiellement l'Etat de Palestine","breadcrumb":{"@id":"https:\/\/www.webdo.tn\/fr\/actualite\/international\/suede-reconnait-officiellement-letat-palestine\/184288\/#breadcrumb"},"inLanguage":"fr-FR","potentialAction":[{"@type":"ReadAction","target":["https:\/\/www.webdo.tn\/fr\/actualite\/international\/suede-reconnait-officiellement-letat-palestine\/184288\/"]}]},{"@type":"ImageObject","inLanguage":"fr-FR","@id":"https:\/\/www.webdo.tn\/fr\/actualite\/international\/suede-reconnait-officiellement-letat-palestine\/184288\/#primaryimage","url":"https:\/\/www.webdo.tn\/fr\/wp-content\/uploads\/2014\/10\/Dagens-Nyheter.jpg","contentUrl":"https:\/\/www.webdo.tn\/fr\/wp-content\/uploads\/2014\/10\/Dagens-Nyheter.jpg","width":498,"height":121,"caption":"La Su\u00e8de reconna\u00eet officiellement l'Etat de Palestine"},{"@type":"BreadcrumbList","@id":"https:\/\/www.webdo.tn\/fr\/actualite\/international\/suede-reconnait-officiellement-letat-palestine\/184288\/#breadcrumb","itemListElement":[{"@type":"ListItem","position":1,"name":"Accueil","item":"https:\/\/www.webdo.tn\/fr\/"},{"@type":"ListItem","position":2,"name":"La Su\u00e8de reconna\u00eet officiellement l&rsquo;Etat de Palestine"}]},{"@type":"WebSite","@id":"https:\/\/www.webdo.tn\/fr\/#website","url":"https:\/\/www.webdo.tn\/fr\/","name":"webdo","description":"Tunisie - News en Tunisie et \u00e0 l&#039;international sur Webdo.tn","publisher":{"@id":"https:\/\/www.webdo.tn\/fr\/#organization"},"potentialAction":[{"@type":"SearchAction","target":{"@type":"EntryPoint","urlTemplate":"https:\/\/www.webdo.tn\/fr\/?s={search_term_string}"},"query-input":{"@type":"PropertyValueSpecification","valueRequired":true,"valueName":"search_term_string"}}],"inLanguage":"fr-FR"},{"@type":"Organization","@id":"https:\/\/www.webdo.tn\/fr\/#organization","name":"Webdo","alternateName":"Webdo.tn","url":"https:\/\/www.webdo.tn\/fr\/","logo":{"@type":"ImageObject","inLanguage":"fr-FR","@id":"https:\/\/www.webdo.tn\/fr\/#\/schema\/logo\/image\/","url":"https:\/\/www.webdo.tn\/fr\/wp-content\/uploads\/2025\/06\/Webdo-Tunisie_168377.jpg","contentUrl":"https:\/\/www.webdo.tn\/fr\/wp-content\/uploads\/2025\/06\/Webdo-Tunisie_168377.jpg","width":301,"height":301,"caption":"Webdo"},"image":{"@id":"https:\/\/www.webdo.tn\/fr\/#\/schema\/logo\/image\/"},"sameAs":["https:\/\/www.facebook.com\/webdotn","https:\/\/x.com\/webdo_tn"],"description":"Webdo est un m\u00e9dia num\u00e9rique tunisien fond\u00e9 en 2010, sp\u00e9cialis\u00e9 dans l\u2019actualit\u00e9 nationale et internationale, l\u2019\u00e9conomie, la soci\u00e9t\u00e9 et les analyses politiques. Le site s\u2019adresse \u00e0 un large public francophone et couvre l\u2019information tunisienne en temps r\u00e9el.","email":"redac@webdo.tn","legalName":"YNJ SARL","foundingDate":"2010-09-06","numberOfEmployees":{"@type":"QuantitativeValue","minValue":"11","maxValue":"50"}},{"@type":"Person","@id":"https:\/\/www.webdo.tn\/fr\/#\/schema\/person\/9a9c6118d687c117df8ef3cc36a4d175","name":"webdo.tn","image":{"@type":"ImageObject","inLanguage":"fr-FR","@id":"https:\/\/secure.gravatar.com\/avatar\/7ce1f28c0c3bbac99ff550b85ef8e44a6950c6ee24514fb6a5489e51d06f0298?s=96&d=mm&r=g","url":"https:\/\/secure.gravatar.com\/avatar\/7ce1f28c0c3bbac99ff550b85ef8e44a6950c6ee24514fb6a5489e51d06f0298?s=96&d=mm&r=g","contentUrl":"https:\/\/secure.gravatar.com\/avatar\/7ce1f28c0c3bbac99ff550b85ef8e44a6950c6ee24514fb6a5489e51d06f0298?s=96&d=mm&r=g","caption":"webdo.tn"},"url":"https:\/\/www.webdo.tn\/fr\/actualite\/author\/webdotn\/"}]}},"_links":{"self":[{"href":"https:\/\/www.webdo.tn\/fr\/wp-json\/wp\/v2\/posts\/184288","targetHints":{"allow":["GET"]}}],"collection":[{"href":"https:\/\/www.webdo.tn\/fr\/wp-json\/wp\/v2\/posts"}],"about":[{"href":"https:\/\/www.webdo.tn\/fr\/wp-json\/wp\/v2\/types\/post"}],"author":[{"embeddable":true,"href":"https:\/\/www.webdo.tn\/fr\/wp-json\/wp\/v2\/users\/3222"}],"replies":[{"embeddable":true,"href":"https:\/\/www.webdo.tn\/fr\/wp-json\/wp\/v2\/comments?post=184288"}],"version-history":[{"count":0,"href":"https:\/\/www.webdo.tn\/fr\/wp-json\/wp\/v2\/posts\/184288\/revisions"}],"wp:featuredmedia":[{"embeddable":true,"href":"https:\/\/www.webdo.tn\/fr\/wp-json\/wp\/v2\/media\/331228"}],"wp:attachment":[{"href":"https:\/\/www.webdo.tn\/fr\/wp-json\/wp\/v2\/media?parent=184288"}],"wp:term":[{"taxonomy":"category","embeddable":true,"href":"https:\/\/www.webdo.tn\/fr\/wp-json\/wp\/v2\/categories?post=184288"},{"taxonomy":"post_tag","embeddable":true,"href":"https:\/\/www.webdo.tn\/fr\/wp-json\/wp\/v2\/tags?post=184288"}],"curies":[{"name":"wp","href":"https:\/\/api.w.org\/{rel}","templated":true}]}}