{"id":184287,"date":"2014-11-06T08:37:00","date_gmt":"2014-11-06T08:37:00","guid":{"rendered":"https:\/\/www.webdo.tn\/fr\/blog\/rapport-damnesty-international-retour-massacre-gaza-en-palestine\/184287\/"},"modified":"2025-05-22T13:02:08","modified_gmt":"2025-05-22T13:02:08","slug":"rapport-damnesty-international-retour-massacre-gaza-en-palestine","status":"publish","type":"post","link":"https:\/\/www.webdo.tn\/fr\/actualite\/international\/rapport-damnesty-international-retour-massacre-gaza-en-palestine\/184287\/","title":{"rendered":"Rapport d&rsquo;Amnesty International : Retour sur le massacre \u00e0 Gaza en Palestine"},"content":{"rendered":"<p>Tribune | AMNESTY<\/p>\n<p>Dans son dernier rapport, rendu public mercredi 5\u00a0novembre 2014, sous le titre\u00a0Des familles sous les d\u00e9combres. Les attaques isra\u00e9liennes contre des habitations\u00a0\u00e0 Gaza, en Palestine,\u00a0Amnesty International\u00a0examine les attaques isra\u00e9liennes cibl\u00e9es visant des logements habit\u00e9s au regard des obligations d\u2019Isra\u00ebl d\u00e9coulant du droit international humanitaire, et plus particuli\u00e8rement les r\u00e8gles relatives \u00e0 la conduite des hostilit\u00e9s. Elle met en avant huit cas dans lesquels des attaques isra\u00e9liennes cibl\u00e9es ont caus\u00e9 la mort de 111 personnes et peut-\u00eatre plus, dont 104 au moins \u00e9taient des civils, y compris des familles enti\u00e8res, et d\u00e9truit des habitations.<\/p>\n<p>Amnesty met en exergue \u00e9galement les attaques de Hamas et les autres groupes arm\u00e9s qui ont proc\u00e9d\u00e9 sans discrimination au tir de milliers de roquettes et d&rsquo;obus de mortier en direction de zones civiles en Isra\u00ebl.<\/p>\n<p>Pour lire le rapport, cliquez ici.<\/p>\n","protected":false},"excerpt":{"rendered":"<p>Rapport d&rsquo;Amnesty International : Retour sur le massacre \u00e0 Gaza en Palestine<\/p>\n","protected":false},"author":3222,"featured_media":319867,"comment_status":"open","ping_status":"closed","sticky":false,"template":"","format":"standard","meta":{"footnotes":""},"categories":[2598],"tags":[],"class_list":["post-184287","post","type-post","status-publish","format-standard","has-post-thumbnail","hentry","category-international"],"yoast_head":"<!-- This site is optimized with the Yoast SEO Premium plugin v27.5 (Yoast SEO v27.5) - https:\/\/yoast.com\/product\/yoast-seo-premium-wordpress\/ -->\n<title>Rapport d&#039;Amnesty International : Retour sur le massacre \u00e0 Gaza en Palestine<\/title>\n<meta name=\"description\" content=\"Rapport d&#039;Amnesty International : Retour sur le massacre \u00e0 Gaza en Palestine\" \/>\n<link rel=\"canonical\" href=\"https:\/\/www.webdo.tn\/fr\/actualite\/international\/rapport-damnesty-international-retour-massacre-gaza-en-palestine\/184287\/\" \/>\n<meta property=\"og:locale\" content=\"fr_FR\" \/>\n<meta property=\"og:type\" content=\"article\" \/>\n<meta property=\"og:title\" content=\"Rapport d&#039;Amnesty International : Retour sur le massacre \u00e0 Gaza en Palestine\" \/>\n<meta property=\"og:description\" content=\"Rapport d&#039;Amnesty International : Retour sur le massacre \u00e0 Gaza en Palestine\" \/>\n<meta property=\"og:url\" content=\"https:\/\/www.webdo.tn\/fr\/actualite\/international\/rapport-damnesty-international-retour-massacre-gaza-en-palestine\/184287\/\" \/>\n<meta property=\"og:site_name\" content=\"webdo\" \/>\n<meta property=\"article:publisher\" content=\"https:\/\/www.facebook.com\/webdotn\" \/>\n<meta property=\"article:published_time\" content=\"2014-11-06T08:37:00+00:00\" \/>\n<meta property=\"article:modified_time\" content=\"2025-05-22T13:02:08+00:00\" \/>\n<meta property=\"og:image\" content=\"https:\/\/www.webdo.tn\/fr\/wp-content\/uploads\/2014\/11\/amnesty-international-1.jpeg\" \/>\n\t<meta property=\"og:image:width\" content=\"226\" \/>\n\t<meta property=\"og:image:height\" content=\"223\" \/>\n\t<meta property=\"og:image:type\" content=\"image\/jpeg\" \/>\n<meta name=\"author\" content=\"webdo.tn\" \/>\n<meta name=\"twitter:card\" content=\"summary_large_image\" \/>\n<meta name=\"twitter:creator\" content=\"@webdo_tn\" \/>\n<meta name=\"twitter:site\" content=\"@webdo_tn\" \/>\n<meta name=\"twitter:label1\" content=\"\u00c9crit par\" \/>\n\t<meta name=\"twitter:data1\" content=\"webdo.tn\" \/>\n\t<meta name=\"twitter:label2\" content=\"Dur\u00e9e de lecture estim\u00e9e\" \/>\n\t<meta name=\"twitter:data2\" content=\"1 minute\" \/>\n<script type=\"application\/ld+json\" class=\"yoast-schema-graph\">{\"@context\":\"https:\\\/\\\/schema.org\",\"@graph\":[{\"@type\":\"NewsArticle\",\"@id\":\"https:\\\/\\\/www.webdo.tn\\\/fr\\\/actualite\\\/international\\\/rapport-damnesty-international-retour-massacre-gaza-en-palestine\\\/184287\\\/#article\",\"isPartOf\":{\"@id\":\"https:\\\/\\\/www.webdo.tn\\\/fr\\\/actualite\\\/international\\\/rapport-damnesty-international-retour-massacre-gaza-en-palestine\\\/184287\\\/\"},\"author\":{\"name\":\"webdo.tn\",\"@id\":\"https:\\\/\\\/www.webdo.tn\\\/fr\\\/#\\\/schema\\\/person\\\/9a9c6118d687c117df8ef3cc36a4d175\"},\"headline\":\"Rapport d&rsquo;Amnesty International : Retour sur le massacre \u00e0 Gaza en Palestine\",\"datePublished\":\"2014-11-06T08:37:00+00:00\",\"dateModified\":\"2025-05-22T13:02:08+00:00\",\"mainEntityOfPage\":{\"@id\":\"https:\\\/\\\/www.webdo.tn\\\/fr\\\/actualite\\\/international\\\/rapport-damnesty-international-retour-massacre-gaza-en-palestine\\\/184287\\\/\"},\"wordCount\":167,\"commentCount\":0,\"publisher\":{\"@id\":\"https:\\\/\\\/www.webdo.tn\\\/fr\\\/#organization\"},\"image\":{\"@id\":\"https:\\\/\\\/www.webdo.tn\\\/fr\\\/actualite\\\/international\\\/rapport-damnesty-international-retour-massacre-gaza-en-palestine\\\/184287\\\/#primaryimage\"},\"thumbnailUrl\":\"https:\\\/\\\/www.webdo.tn\\\/fr\\\/wp-content\\\/uploads\\\/2014\\\/11\\\/amnesty-international-1.jpeg\",\"articleSection\":[\"International\"],\"inLanguage\":\"fr-FR\"},{\"@type\":\"WebPage\",\"@id\":\"https:\\\/\\\/www.webdo.tn\\\/fr\\\/actualite\\\/international\\\/rapport-damnesty-international-retour-massacre-gaza-en-palestine\\\/184287\\\/\",\"url\":\"https:\\\/\\\/www.webdo.tn\\\/fr\\\/actualite\\\/international\\\/rapport-damnesty-international-retour-massacre-gaza-en-palestine\\\/184287\\\/\",\"name\":\"Rapport d'Amnesty International : Retour sur le massacre \u00e0 Gaza en Palestine\",\"isPartOf\":{\"@id\":\"https:\\\/\\\/www.webdo.tn\\\/fr\\\/#website\"},\"primaryImageOfPage\":{\"@id\":\"https:\\\/\\\/www.webdo.tn\\\/fr\\\/actualite\\\/international\\\/rapport-damnesty-international-retour-massacre-gaza-en-palestine\\\/184287\\\/#primaryimage\"},\"image\":{\"@id\":\"https:\\\/\\\/www.webdo.tn\\\/fr\\\/actualite\\\/international\\\/rapport-damnesty-international-retour-massacre-gaza-en-palestine\\\/184287\\\/#primaryimage\"},\"thumbnailUrl\":\"https:\\\/\\\/www.webdo.tn\\\/fr\\\/wp-content\\\/uploads\\\/2014\\\/11\\\/amnesty-international-1.jpeg\",\"datePublished\":\"2014-11-06T08:37:00+00:00\",\"dateModified\":\"2025-05-22T13:02:08+00:00\",\"description\":\"Rapport d'Amnesty International : Retour sur le massacre \u00e0 Gaza en Palestine\",\"breadcrumb\":{\"@id\":\"https:\\\/\\\/www.webdo.tn\\\/fr\\\/actualite\\\/international\\\/rapport-damnesty-international-retour-massacre-gaza-en-palestine\\\/184287\\\/#breadcrumb\"},\"inLanguage\":\"fr-FR\",\"potentialAction\":[{\"@type\":\"ReadAction\",\"target\":[\"https:\\\/\\\/www.webdo.tn\\\/fr\\\/actualite\\\/international\\\/rapport-damnesty-international-retour-massacre-gaza-en-palestine\\\/184287\\\/\"]}]},{\"@type\":\"ImageObject\",\"inLanguage\":\"fr-FR\",\"@id\":\"https:\\\/\\\/www.webdo.tn\\\/fr\\\/actualite\\\/international\\\/rapport-damnesty-international-retour-massacre-gaza-en-palestine\\\/184287\\\/#primaryimage\",\"url\":\"https:\\\/\\\/www.webdo.tn\\\/fr\\\/wp-content\\\/uploads\\\/2014\\\/11\\\/amnesty-international-1.jpeg\",\"contentUrl\":\"https:\\\/\\\/www.webdo.tn\\\/fr\\\/wp-content\\\/uploads\\\/2014\\\/11\\\/amnesty-international-1.jpeg\",\"width\":226,\"height\":223,\"caption\":\"Rapport d'Amnesty International : Retour sur le massacre \u00e0 Gaza en Palestine\"},{\"@type\":\"BreadcrumbList\",\"@id\":\"https:\\\/\\\/www.webdo.tn\\\/fr\\\/actualite\\\/international\\\/rapport-damnesty-international-retour-massacre-gaza-en-palestine\\\/184287\\\/#breadcrumb\",\"itemListElement\":[{\"@type\":\"ListItem\",\"position\":1,\"name\":\"Accueil\",\"item\":\"https:\\\/\\\/www.webdo.tn\\\/fr\\\/\"},{\"@type\":\"ListItem\",\"position\":2,\"name\":\"Rapport d&rsquo;Amnesty International : Retour sur le massacre \u00e0 Gaza en Palestine\"}]},{\"@type\":\"WebSite\",\"@id\":\"https:\\\/\\\/www.webdo.tn\\\/fr\\\/#website\",\"url\":\"https:\\\/\\\/www.webdo.tn\\\/fr\\\/\",\"name\":\"webdo\",\"description\":\"Tunisie - News en Tunisie et \u00e0 l&#039;international sur Webdo.tn\",\"publisher\":{\"@id\":\"https:\\\/\\\/www.webdo.tn\\\/fr\\\/#organization\"},\"potentialAction\":[{\"@type\":\"SearchAction\",\"target\":{\"@type\":\"EntryPoint\",\"urlTemplate\":\"https:\\\/\\\/www.webdo.tn\\\/fr\\\/?s={search_term_string}\"},\"query-input\":{\"@type\":\"PropertyValueSpecification\",\"valueRequired\":true,\"valueName\":\"search_term_string\"}}],\"inLanguage\":\"fr-FR\"},{\"@type\":\"Organization\",\"@id\":\"https:\\\/\\\/www.webdo.tn\\\/fr\\\/#organization\",\"name\":\"Webdo\",\"alternateName\":\"Webdo.tn\",\"url\":\"https:\\\/\\\/www.webdo.tn\\\/fr\\\/\",\"logo\":{\"@type\":\"ImageObject\",\"inLanguage\":\"fr-FR\",\"@id\":\"https:\\\/\\\/www.webdo.tn\\\/fr\\\/#\\\/schema\\\/logo\\\/image\\\/\",\"url\":\"https:\\\/\\\/www.webdo.tn\\\/fr\\\/wp-content\\\/uploads\\\/2025\\\/06\\\/Webdo-Tunisie_168377.jpg\",\"contentUrl\":\"https:\\\/\\\/www.webdo.tn\\\/fr\\\/wp-content\\\/uploads\\\/2025\\\/06\\\/Webdo-Tunisie_168377.jpg\",\"width\":301,\"height\":301,\"caption\":\"Webdo\"},\"image\":{\"@id\":\"https:\\\/\\\/www.webdo.tn\\\/fr\\\/#\\\/schema\\\/logo\\\/image\\\/\"},\"sameAs\":[\"https:\\\/\\\/www.facebook.com\\\/webdotn\",\"https:\\\/\\\/x.com\\\/webdo_tn\"],\"description\":\"Webdo est un m\u00e9dia num\u00e9rique tunisien fond\u00e9 en 2010, sp\u00e9cialis\u00e9 dans l\u2019actualit\u00e9 nationale et internationale, l\u2019\u00e9conomie, la soci\u00e9t\u00e9 et les analyses politiques. Le site s\u2019adresse \u00e0 un large public francophone et couvre l\u2019information tunisienne en temps r\u00e9el.\",\"email\":\"redac@webdo.tn\",\"legalName\":\"YNJ SARL\",\"foundingDate\":\"2010-09-06\",\"numberOfEmployees\":{\"@type\":\"QuantitativeValue\",\"minValue\":\"11\",\"maxValue\":\"50\"}},{\"@type\":\"Person\",\"@id\":\"https:\\\/\\\/www.webdo.tn\\\/fr\\\/#\\\/schema\\\/person\\\/9a9c6118d687c117df8ef3cc36a4d175\",\"name\":\"webdo.tn\",\"image\":{\"@type\":\"ImageObject\",\"inLanguage\":\"fr-FR\",\"@id\":\"https:\\\/\\\/secure.gravatar.com\\\/avatar\\\/7ce1f28c0c3bbac99ff550b85ef8e44a6950c6ee24514fb6a5489e51d06f0298?s=96&d=mm&r=g\",\"url\":\"https:\\\/\\\/secure.gravatar.com\\\/avatar\\\/7ce1f28c0c3bbac99ff550b85ef8e44a6950c6ee24514fb6a5489e51d06f0298?s=96&d=mm&r=g\",\"contentUrl\":\"https:\\\/\\\/secure.gravatar.com\\\/avatar\\\/7ce1f28c0c3bbac99ff550b85ef8e44a6950c6ee24514fb6a5489e51d06f0298?s=96&d=mm&r=g\",\"caption\":\"webdo.tn\"},\"url\":\"https:\\\/\\\/www.webdo.tn\\\/fr\\\/actualite\\\/author\\\/webdotn\\\/\"}]}<\/script>\n<!-- \/ Yoast SEO Premium plugin. -->","yoast_head_json":{"title":"Rapport d'Amnesty International : Retour sur le massacre \u00e0 Gaza en Palestine","description":"Rapport d'Amnesty International : Retour sur le massacre \u00e0 Gaza en Palestine","canonical":"https:\/\/www.webdo.tn\/fr\/actualite\/international\/rapport-damnesty-international-retour-massacre-gaza-en-palestine\/184287\/","og_locale":"fr_FR","og_type":"article","og_title":"Rapport d'Amnesty International : Retour sur le massacre \u00e0 Gaza en Palestine","og_description":"Rapport d'Amnesty International : Retour sur le massacre \u00e0 Gaza en Palestine","og_url":"https:\/\/www.webdo.tn\/fr\/actualite\/international\/rapport-damnesty-international-retour-massacre-gaza-en-palestine\/184287\/","og_site_name":"webdo","article_publisher":"https:\/\/www.facebook.com\/webdotn","article_published_time":"2014-11-06T08:37:00+00:00","article_modified_time":"2025-05-22T13:02:08+00:00","og_image":[{"width":226,"height":223,"url":"https:\/\/www.webdo.tn\/fr\/wp-content\/uploads\/2014\/11\/amnesty-international-1.jpeg","type":"image\/jpeg"}],"author":"webdo.tn","twitter_card":"summary_large_image","twitter_creator":"@webdo_tn","twitter_site":"@webdo_tn","twitter_misc":{"\u00c9crit par":"webdo.tn","Dur\u00e9e de lecture estim\u00e9e":"1 minute"},"schema":{"@context":"https:\/\/schema.org","@graph":[{"@type":"NewsArticle","@id":"https:\/\/www.webdo.tn\/fr\/actualite\/international\/rapport-damnesty-international-retour-massacre-gaza-en-palestine\/184287\/#article","isPartOf":{"@id":"https:\/\/www.webdo.tn\/fr\/actualite\/international\/rapport-damnesty-international-retour-massacre-gaza-en-palestine\/184287\/"},"author":{"name":"webdo.tn","@id":"https:\/\/www.webdo.tn\/fr\/#\/schema\/person\/9a9c6118d687c117df8ef3cc36a4d175"},"headline":"Rapport d&rsquo;Amnesty International : Retour sur le massacre \u00e0 Gaza en Palestine","datePublished":"2014-11-06T08:37:00+00:00","dateModified":"2025-05-22T13:02:08+00:00","mainEntityOfPage":{"@id":"https:\/\/www.webdo.tn\/fr\/actualite\/international\/rapport-damnesty-international-retour-massacre-gaza-en-palestine\/184287\/"},"wordCount":167,"commentCount":0,"publisher":{"@id":"https:\/\/www.webdo.tn\/fr\/#organization"},"image":{"@id":"https:\/\/www.webdo.tn\/fr\/actualite\/international\/rapport-damnesty-international-retour-massacre-gaza-en-palestine\/184287\/#primaryimage"},"thumbnailUrl":"https:\/\/www.webdo.tn\/fr\/wp-content\/uploads\/2014\/11\/amnesty-international-1.jpeg","articleSection":["International"],"inLanguage":"fr-FR"},{"@type":"WebPage","@id":"https:\/\/www.webdo.tn\/fr\/actualite\/international\/rapport-damnesty-international-retour-massacre-gaza-en-palestine\/184287\/","url":"https:\/\/www.webdo.tn\/fr\/actualite\/international\/rapport-damnesty-international-retour-massacre-gaza-en-palestine\/184287\/","name":"Rapport d'Amnesty International : Retour sur le massacre \u00e0 Gaza en Palestine","isPartOf":{"@id":"https:\/\/www.webdo.tn\/fr\/#website"},"primaryImageOfPage":{"@id":"https:\/\/www.webdo.tn\/fr\/actualite\/international\/rapport-damnesty-international-retour-massacre-gaza-en-palestine\/184287\/#primaryimage"},"image":{"@id":"https:\/\/www.webdo.tn\/fr\/actualite\/international\/rapport-damnesty-international-retour-massacre-gaza-en-palestine\/184287\/#primaryimage"},"thumbnailUrl":"https:\/\/www.webdo.tn\/fr\/wp-content\/uploads\/2014\/11\/amnesty-international-1.jpeg","datePublished":"2014-11-06T08:37:00+00:00","dateModified":"2025-05-22T13:02:08+00:00","description":"Rapport d'Amnesty International : Retour sur le massacre \u00e0 Gaza en Palestine","breadcrumb":{"@id":"https:\/\/www.webdo.tn\/fr\/actualite\/international\/rapport-damnesty-international-retour-massacre-gaza-en-palestine\/184287\/#breadcrumb"},"inLanguage":"fr-FR","potentialAction":[{"@type":"ReadAction","target":["https:\/\/www.webdo.tn\/fr\/actualite\/international\/rapport-damnesty-international-retour-massacre-gaza-en-palestine\/184287\/"]}]},{"@type":"ImageObject","inLanguage":"fr-FR","@id":"https:\/\/www.webdo.tn\/fr\/actualite\/international\/rapport-damnesty-international-retour-massacre-gaza-en-palestine\/184287\/#primaryimage","url":"https:\/\/www.webdo.tn\/fr\/wp-content\/uploads\/2014\/11\/amnesty-international-1.jpeg","contentUrl":"https:\/\/www.webdo.tn\/fr\/wp-content\/uploads\/2014\/11\/amnesty-international-1.jpeg","width":226,"height":223,"caption":"Rapport d'Amnesty International : Retour sur le massacre \u00e0 Gaza en Palestine"},{"@type":"BreadcrumbList","@id":"https:\/\/www.webdo.tn\/fr\/actualite\/international\/rapport-damnesty-international-retour-massacre-gaza-en-palestine\/184287\/#breadcrumb","itemListElement":[{"@type":"ListItem","position":1,"name":"Accueil","item":"https:\/\/www.webdo.tn\/fr\/"},{"@type":"ListItem","position":2,"name":"Rapport d&rsquo;Amnesty International : Retour sur le massacre \u00e0 Gaza en Palestine"}]},{"@type":"WebSite","@id":"https:\/\/www.webdo.tn\/fr\/#website","url":"https:\/\/www.webdo.tn\/fr\/","name":"webdo","description":"Tunisie - News en Tunisie et \u00e0 l&#039;international sur Webdo.tn","publisher":{"@id":"https:\/\/www.webdo.tn\/fr\/#organization"},"potentialAction":[{"@type":"SearchAction","target":{"@type":"EntryPoint","urlTemplate":"https:\/\/www.webdo.tn\/fr\/?s={search_term_string}"},"query-input":{"@type":"PropertyValueSpecification","valueRequired":true,"valueName":"search_term_string"}}],"inLanguage":"fr-FR"},{"@type":"Organization","@id":"https:\/\/www.webdo.tn\/fr\/#organization","name":"Webdo","alternateName":"Webdo.tn","url":"https:\/\/www.webdo.tn\/fr\/","logo":{"@type":"ImageObject","inLanguage":"fr-FR","@id":"https:\/\/www.webdo.tn\/fr\/#\/schema\/logo\/image\/","url":"https:\/\/www.webdo.tn\/fr\/wp-content\/uploads\/2025\/06\/Webdo-Tunisie_168377.jpg","contentUrl":"https:\/\/www.webdo.tn\/fr\/wp-content\/uploads\/2025\/06\/Webdo-Tunisie_168377.jpg","width":301,"height":301,"caption":"Webdo"},"image":{"@id":"https:\/\/www.webdo.tn\/fr\/#\/schema\/logo\/image\/"},"sameAs":["https:\/\/www.facebook.com\/webdotn","https:\/\/x.com\/webdo_tn"],"description":"Webdo est un m\u00e9dia num\u00e9rique tunisien fond\u00e9 en 2010, sp\u00e9cialis\u00e9 dans l\u2019actualit\u00e9 nationale et internationale, l\u2019\u00e9conomie, la soci\u00e9t\u00e9 et les analyses politiques. Le site s\u2019adresse \u00e0 un large public francophone et couvre l\u2019information tunisienne en temps r\u00e9el.","email":"redac@webdo.tn","legalName":"YNJ SARL","foundingDate":"2010-09-06","numberOfEmployees":{"@type":"QuantitativeValue","minValue":"11","maxValue":"50"}},{"@type":"Person","@id":"https:\/\/www.webdo.tn\/fr\/#\/schema\/person\/9a9c6118d687c117df8ef3cc36a4d175","name":"webdo.tn","image":{"@type":"ImageObject","inLanguage":"fr-FR","@id":"https:\/\/secure.gravatar.com\/avatar\/7ce1f28c0c3bbac99ff550b85ef8e44a6950c6ee24514fb6a5489e51d06f0298?s=96&d=mm&r=g","url":"https:\/\/secure.gravatar.com\/avatar\/7ce1f28c0c3bbac99ff550b85ef8e44a6950c6ee24514fb6a5489e51d06f0298?s=96&d=mm&r=g","contentUrl":"https:\/\/secure.gravatar.com\/avatar\/7ce1f28c0c3bbac99ff550b85ef8e44a6950c6ee24514fb6a5489e51d06f0298?s=96&d=mm&r=g","caption":"webdo.tn"},"url":"https:\/\/www.webdo.tn\/fr\/actualite\/author\/webdotn\/"}]}},"_links":{"self":[{"href":"https:\/\/www.webdo.tn\/fr\/wp-json\/wp\/v2\/posts\/184287","targetHints":{"allow":["GET"]}}],"collection":[{"href":"https:\/\/www.webdo.tn\/fr\/wp-json\/wp\/v2\/posts"}],"about":[{"href":"https:\/\/www.webdo.tn\/fr\/wp-json\/wp\/v2\/types\/post"}],"author":[{"embeddable":true,"href":"https:\/\/www.webdo.tn\/fr\/wp-json\/wp\/v2\/users\/3222"}],"replies":[{"embeddable":true,"href":"https:\/\/www.webdo.tn\/fr\/wp-json\/wp\/v2\/comments?post=184287"}],"version-history":[{"count":0,"href":"https:\/\/www.webdo.tn\/fr\/wp-json\/wp\/v2\/posts\/184287\/revisions"}],"wp:featuredmedia":[{"embeddable":true,"href":"https:\/\/www.webdo.tn\/fr\/wp-json\/wp\/v2\/media\/319867"}],"wp:attachment":[{"href":"https:\/\/www.webdo.tn\/fr\/wp-json\/wp\/v2\/media?parent=184287"}],"wp:term":[{"taxonomy":"category","embeddable":true,"href":"https:\/\/www.webdo.tn\/fr\/wp-json\/wp\/v2\/categories?post=184287"},{"taxonomy":"post_tag","embeddable":true,"href":"https:\/\/www.webdo.tn\/fr\/wp-json\/wp\/v2\/tags?post=184287"}],"curies":[{"name":"wp","href":"https:\/\/api.w.org\/{rel}","templated":true}]}}