{"id":184286,"date":"2014-11-06T15:32:00","date_gmt":"2014-11-06T15:32:00","guid":{"rendered":"https:\/\/www.webdo.tn\/fr\/blog\/parlement-libyen-les-elections-invalidees-pression-milices-fajr-libya\/184286\/"},"modified":"2025-05-19T10:33:32","modified_gmt":"2025-05-19T10:33:32","slug":"parlement-libyen-les-elections-invalidees-pression-milices-fajr-libya","status":"publish","type":"post","link":"https:\/\/www.webdo.tn\/fr\/actualite\/international\/parlement-libyen-les-elections-invalidees-pression-milices-fajr-libya\/184286\/","title":{"rendered":"Parlement libyen : Les \u00e9lections invalid\u00e9es sous la pression des milices \u00ab\u00a0Fajr Libya\u00a0\u00bb"},"content":{"rendered":"<p>Le Parlement libyen issu des \u00e9lections du 25 juin, a \u00e9t\u00e9 invalid\u00e9, ce jeudi 6 novembre, par une d\u00e9cision de la Cour supr\u00eame libyenne.<\/p>\n<p>Jugement prononc\u00e9 sous la menace<\/p>\n<p>D&rsquo;apr\u00e8s le journal \u00ab\u00a0Libya al mostakbal\u00a0\u00bb, le gouvernement libyen consid\u00e8re que cette d\u00e9cision a \u00e9t\u00e9 prise suite aux menaces des milices \u00ab\u00a0Fajr Libya\u00a0\u00bb qui entouraient la Cour supr\u00eame pour faire pression sur les juges.<\/p>\n<p>Dans une d\u00e9claration du \u00a0porte-parole du parlement \u00e9lu au journal Libya Al Mostakbal, le Parlement va ex\u00e9cuter ce jugement et ne le contestera pas bien qu&rsquo;il sache dans quelles conditions il a \u00e9t\u00e9 prononc\u00e9.<\/p>\n<p>Vers 13 heures, le parlement a entam\u00e9\u00a0une r\u00e9union urgente pour discuter du jugement de la Cour constitutionnelle supr\u00eame. Le Conseil national g\u00e9n\u00e9ral a annonc\u00e9 son alignement au jugement de la Cour.<\/p>\n","protected":false},"excerpt":{"rendered":"<p>Parlement libyen : Les \u00e9lections invalid\u00e9es sous la pression des milices  Fajr Libya<\/p>\n","protected":false},"author":3222,"featured_media":319880,"comment_status":"open","ping_status":"closed","sticky":false,"template":"","format":"standard","meta":{"footnotes":""},"categories":[2598],"tags":[2600],"class_list":["post-184286","post","type-post","status-publish","format-standard","has-post-thumbnail","hentry","category-international","tag-guerre"],"yoast_head":"<!-- This site is optimized with the Yoast SEO Premium plugin v27.5 (Yoast SEO v27.5) - https:\/\/yoast.com\/product\/yoast-seo-premium-wordpress\/ -->\n<title>Parlement libyen : Les \u00e9lections invalid\u00e9es sous la pression des milices Fajr Libya<\/title>\n<meta name=\"description\" content=\"Parlement libyen : Les \u00e9lections invalid\u00e9es sous la pression des milices Fajr Libya\" \/>\n<link rel=\"canonical\" href=\"https:\/\/www.webdo.tn\/fr\/actualite\/international\/parlement-libyen-les-elections-invalidees-pression-milices-fajr-libya\/184286\/\" \/>\n<meta property=\"og:locale\" content=\"fr_FR\" \/>\n<meta property=\"og:type\" content=\"article\" \/>\n<meta property=\"og:title\" content=\"Parlement libyen : Les \u00e9lections invalid\u00e9es sous la pression des milices &quot;Fajr Libya&quot;\" \/>\n<meta property=\"og:description\" content=\"Parlement libyen : Les \u00e9lections invalid\u00e9es sous la pression des milices Fajr Libya\" \/>\n<meta property=\"og:url\" content=\"https:\/\/www.webdo.tn\/fr\/actualite\/international\/parlement-libyen-les-elections-invalidees-pression-milices-fajr-libya\/184286\/\" \/>\n<meta property=\"og:site_name\" content=\"webdo\" \/>\n<meta property=\"article:publisher\" content=\"https:\/\/www.facebook.com\/webdotn\" \/>\n<meta property=\"article:published_time\" content=\"2014-11-06T15:32:00+00:00\" \/>\n<meta property=\"article:modified_time\" content=\"2025-05-19T10:33:32+00:00\" \/>\n<meta property=\"og:image\" content=\"https:\/\/www.webdo.tn\/fr\/wp-content\/uploads\/2014\/11\/Libye-Cour-supreme.jpg\" \/>\n\t<meta property=\"og:image:width\" content=\"545\" \/>\n\t<meta property=\"og:image:height\" content=\"300\" \/>\n\t<meta property=\"og:image:type\" content=\"image\/jpeg\" \/>\n<meta name=\"author\" content=\"webdo.tn\" \/>\n<meta name=\"twitter:card\" content=\"summary_large_image\" \/>\n<meta name=\"twitter:creator\" content=\"@webdo_tn\" \/>\n<meta name=\"twitter:site\" content=\"@webdo_tn\" \/>\n<meta name=\"twitter:label1\" content=\"\u00c9crit par\" \/>\n\t<meta name=\"twitter:data1\" content=\"webdo.tn\" \/>\n\t<meta name=\"twitter:label2\" content=\"Dur\u00e9e de lecture estim\u00e9e\" \/>\n\t<meta name=\"twitter:data2\" content=\"1 minute\" \/>\n<script type=\"application\/ld+json\" class=\"yoast-schema-graph\">{\"@context\":\"https:\\\/\\\/schema.org\",\"@graph\":[{\"@type\":\"NewsArticle\",\"@id\":\"https:\\\/\\\/www.webdo.tn\\\/fr\\\/actualite\\\/international\\\/parlement-libyen-les-elections-invalidees-pression-milices-fajr-libya\\\/184286\\\/#article\",\"isPartOf\":{\"@id\":\"https:\\\/\\\/www.webdo.tn\\\/fr\\\/actualite\\\/international\\\/parlement-libyen-les-elections-invalidees-pression-milices-fajr-libya\\\/184286\\\/\"},\"author\":{\"name\":\"webdo.tn\",\"@id\":\"https:\\\/\\\/www.webdo.tn\\\/fr\\\/#\\\/schema\\\/person\\\/9a9c6118d687c117df8ef3cc36a4d175\"},\"headline\":\"Parlement libyen : Les \u00e9lections invalid\u00e9es sous la pression des milices \u00ab\u00a0Fajr Libya\u00a0\u00bb\",\"datePublished\":\"2014-11-06T15:32:00+00:00\",\"dateModified\":\"2025-05-19T10:33:32+00:00\",\"mainEntityOfPage\":{\"@id\":\"https:\\\/\\\/www.webdo.tn\\\/fr\\\/actualite\\\/international\\\/parlement-libyen-les-elections-invalidees-pression-milices-fajr-libya\\\/184286\\\/\"},\"wordCount\":153,\"commentCount\":0,\"publisher\":{\"@id\":\"https:\\\/\\\/www.webdo.tn\\\/fr\\\/#organization\"},\"image\":{\"@id\":\"https:\\\/\\\/www.webdo.tn\\\/fr\\\/actualite\\\/international\\\/parlement-libyen-les-elections-invalidees-pression-milices-fajr-libya\\\/184286\\\/#primaryimage\"},\"thumbnailUrl\":\"https:\\\/\\\/www.webdo.tn\\\/fr\\\/wp-content\\\/uploads\\\/2014\\\/11\\\/Libye-Cour-supreme.jpg\",\"keywords\":[\"guerre\"],\"articleSection\":[\"International\"],\"inLanguage\":\"fr-FR\"},{\"@type\":\"WebPage\",\"@id\":\"https:\\\/\\\/www.webdo.tn\\\/fr\\\/actualite\\\/international\\\/parlement-libyen-les-elections-invalidees-pression-milices-fajr-libya\\\/184286\\\/\",\"url\":\"https:\\\/\\\/www.webdo.tn\\\/fr\\\/actualite\\\/international\\\/parlement-libyen-les-elections-invalidees-pression-milices-fajr-libya\\\/184286\\\/\",\"name\":\"Parlement libyen : Les \u00e9lections invalid\u00e9es sous la pression des milices Fajr Libya\",\"isPartOf\":{\"@id\":\"https:\\\/\\\/www.webdo.tn\\\/fr\\\/#website\"},\"primaryImageOfPage\":{\"@id\":\"https:\\\/\\\/www.webdo.tn\\\/fr\\\/actualite\\\/international\\\/parlement-libyen-les-elections-invalidees-pression-milices-fajr-libya\\\/184286\\\/#primaryimage\"},\"image\":{\"@id\":\"https:\\\/\\\/www.webdo.tn\\\/fr\\\/actualite\\\/international\\\/parlement-libyen-les-elections-invalidees-pression-milices-fajr-libya\\\/184286\\\/#primaryimage\"},\"thumbnailUrl\":\"https:\\\/\\\/www.webdo.tn\\\/fr\\\/wp-content\\\/uploads\\\/2014\\\/11\\\/Libye-Cour-supreme.jpg\",\"datePublished\":\"2014-11-06T15:32:00+00:00\",\"dateModified\":\"2025-05-19T10:33:32+00:00\",\"description\":\"Parlement libyen : Les \u00e9lections invalid\u00e9es sous la pression des milices Fajr Libya\",\"breadcrumb\":{\"@id\":\"https:\\\/\\\/www.webdo.tn\\\/fr\\\/actualite\\\/international\\\/parlement-libyen-les-elections-invalidees-pression-milices-fajr-libya\\\/184286\\\/#breadcrumb\"},\"inLanguage\":\"fr-FR\",\"potentialAction\":[{\"@type\":\"ReadAction\",\"target\":[\"https:\\\/\\\/www.webdo.tn\\\/fr\\\/actualite\\\/international\\\/parlement-libyen-les-elections-invalidees-pression-milices-fajr-libya\\\/184286\\\/\"]}]},{\"@type\":\"ImageObject\",\"inLanguage\":\"fr-FR\",\"@id\":\"https:\\\/\\\/www.webdo.tn\\\/fr\\\/actualite\\\/international\\\/parlement-libyen-les-elections-invalidees-pression-milices-fajr-libya\\\/184286\\\/#primaryimage\",\"url\":\"https:\\\/\\\/www.webdo.tn\\\/fr\\\/wp-content\\\/uploads\\\/2014\\\/11\\\/Libye-Cour-supreme.jpg\",\"contentUrl\":\"https:\\\/\\\/www.webdo.tn\\\/fr\\\/wp-content\\\/uploads\\\/2014\\\/11\\\/Libye-Cour-supreme.jpg\",\"width\":545,\"height\":300,\"caption\":\"Parlement libyen : Les \u00e9lections invalid\u00e9es sous la pression des milices \\\"Fajr Libya\\\"\"},{\"@type\":\"BreadcrumbList\",\"@id\":\"https:\\\/\\\/www.webdo.tn\\\/fr\\\/actualite\\\/international\\\/parlement-libyen-les-elections-invalidees-pression-milices-fajr-libya\\\/184286\\\/#breadcrumb\",\"itemListElement\":[{\"@type\":\"ListItem\",\"position\":1,\"name\":\"Accueil\",\"item\":\"https:\\\/\\\/www.webdo.tn\\\/fr\\\/\"},{\"@type\":\"ListItem\",\"position\":2,\"name\":\"Parlement libyen : Les \u00e9lections invalid\u00e9es sous la pression des milices \u00ab\u00a0Fajr Libya\u00a0\u00bb\"}]},{\"@type\":\"WebSite\",\"@id\":\"https:\\\/\\\/www.webdo.tn\\\/fr\\\/#website\",\"url\":\"https:\\\/\\\/www.webdo.tn\\\/fr\\\/\",\"name\":\"webdo\",\"description\":\"Tunisie - News en Tunisie et \u00e0 l&#039;international sur Webdo.tn\",\"publisher\":{\"@id\":\"https:\\\/\\\/www.webdo.tn\\\/fr\\\/#organization\"},\"potentialAction\":[{\"@type\":\"SearchAction\",\"target\":{\"@type\":\"EntryPoint\",\"urlTemplate\":\"https:\\\/\\\/www.webdo.tn\\\/fr\\\/?s={search_term_string}\"},\"query-input\":{\"@type\":\"PropertyValueSpecification\",\"valueRequired\":true,\"valueName\":\"search_term_string\"}}],\"inLanguage\":\"fr-FR\"},{\"@type\":\"Organization\",\"@id\":\"https:\\\/\\\/www.webdo.tn\\\/fr\\\/#organization\",\"name\":\"Webdo\",\"alternateName\":\"Webdo.tn\",\"url\":\"https:\\\/\\\/www.webdo.tn\\\/fr\\\/\",\"logo\":{\"@type\":\"ImageObject\",\"inLanguage\":\"fr-FR\",\"@id\":\"https:\\\/\\\/www.webdo.tn\\\/fr\\\/#\\\/schema\\\/logo\\\/image\\\/\",\"url\":\"https:\\\/\\\/www.webdo.tn\\\/fr\\\/wp-content\\\/uploads\\\/2025\\\/06\\\/Webdo-Tunisie_168377.jpg\",\"contentUrl\":\"https:\\\/\\\/www.webdo.tn\\\/fr\\\/wp-content\\\/uploads\\\/2025\\\/06\\\/Webdo-Tunisie_168377.jpg\",\"width\":301,\"height\":301,\"caption\":\"Webdo\"},\"image\":{\"@id\":\"https:\\\/\\\/www.webdo.tn\\\/fr\\\/#\\\/schema\\\/logo\\\/image\\\/\"},\"sameAs\":[\"https:\\\/\\\/www.facebook.com\\\/webdotn\",\"https:\\\/\\\/x.com\\\/webdo_tn\"],\"description\":\"Webdo est un m\u00e9dia num\u00e9rique tunisien fond\u00e9 en 2010, sp\u00e9cialis\u00e9 dans l\u2019actualit\u00e9 nationale et internationale, l\u2019\u00e9conomie, la soci\u00e9t\u00e9 et les analyses politiques. Le site s\u2019adresse \u00e0 un large public francophone et couvre l\u2019information tunisienne en temps r\u00e9el.\",\"email\":\"redac@webdo.tn\",\"legalName\":\"YNJ SARL\",\"foundingDate\":\"2010-09-06\",\"numberOfEmployees\":{\"@type\":\"QuantitativeValue\",\"minValue\":\"11\",\"maxValue\":\"50\"}},{\"@type\":\"Person\",\"@id\":\"https:\\\/\\\/www.webdo.tn\\\/fr\\\/#\\\/schema\\\/person\\\/9a9c6118d687c117df8ef3cc36a4d175\",\"name\":\"webdo.tn\",\"image\":{\"@type\":\"ImageObject\",\"inLanguage\":\"fr-FR\",\"@id\":\"https:\\\/\\\/secure.gravatar.com\\\/avatar\\\/7ce1f28c0c3bbac99ff550b85ef8e44a6950c6ee24514fb6a5489e51d06f0298?s=96&d=mm&r=g\",\"url\":\"https:\\\/\\\/secure.gravatar.com\\\/avatar\\\/7ce1f28c0c3bbac99ff550b85ef8e44a6950c6ee24514fb6a5489e51d06f0298?s=96&d=mm&r=g\",\"contentUrl\":\"https:\\\/\\\/secure.gravatar.com\\\/avatar\\\/7ce1f28c0c3bbac99ff550b85ef8e44a6950c6ee24514fb6a5489e51d06f0298?s=96&d=mm&r=g\",\"caption\":\"webdo.tn\"},\"url\":\"https:\\\/\\\/www.webdo.tn\\\/fr\\\/actualite\\\/author\\\/webdotn\\\/\"}]}<\/script>\n<!-- \/ Yoast SEO Premium plugin. -->","yoast_head_json":{"title":"Parlement libyen : Les \u00e9lections invalid\u00e9es sous la pression des milices Fajr Libya","description":"Parlement libyen : Les \u00e9lections invalid\u00e9es sous la pression des milices Fajr Libya","canonical":"https:\/\/www.webdo.tn\/fr\/actualite\/international\/parlement-libyen-les-elections-invalidees-pression-milices-fajr-libya\/184286\/","og_locale":"fr_FR","og_type":"article","og_title":"Parlement libyen : Les \u00e9lections invalid\u00e9es sous la pression des milices \"Fajr Libya\"","og_description":"Parlement libyen : Les \u00e9lections invalid\u00e9es sous la pression des milices Fajr Libya","og_url":"https:\/\/www.webdo.tn\/fr\/actualite\/international\/parlement-libyen-les-elections-invalidees-pression-milices-fajr-libya\/184286\/","og_site_name":"webdo","article_publisher":"https:\/\/www.facebook.com\/webdotn","article_published_time":"2014-11-06T15:32:00+00:00","article_modified_time":"2025-05-19T10:33:32+00:00","og_image":[{"width":545,"height":300,"url":"https:\/\/www.webdo.tn\/fr\/wp-content\/uploads\/2014\/11\/Libye-Cour-supreme.jpg","type":"image\/jpeg"}],"author":"webdo.tn","twitter_card":"summary_large_image","twitter_creator":"@webdo_tn","twitter_site":"@webdo_tn","twitter_misc":{"\u00c9crit par":"webdo.tn","Dur\u00e9e de lecture estim\u00e9e":"1 minute"},"schema":{"@context":"https:\/\/schema.org","@graph":[{"@type":"NewsArticle","@id":"https:\/\/www.webdo.tn\/fr\/actualite\/international\/parlement-libyen-les-elections-invalidees-pression-milices-fajr-libya\/184286\/#article","isPartOf":{"@id":"https:\/\/www.webdo.tn\/fr\/actualite\/international\/parlement-libyen-les-elections-invalidees-pression-milices-fajr-libya\/184286\/"},"author":{"name":"webdo.tn","@id":"https:\/\/www.webdo.tn\/fr\/#\/schema\/person\/9a9c6118d687c117df8ef3cc36a4d175"},"headline":"Parlement libyen : Les \u00e9lections invalid\u00e9es sous la pression des milices \u00ab\u00a0Fajr Libya\u00a0\u00bb","datePublished":"2014-11-06T15:32:00+00:00","dateModified":"2025-05-19T10:33:32+00:00","mainEntityOfPage":{"@id":"https:\/\/www.webdo.tn\/fr\/actualite\/international\/parlement-libyen-les-elections-invalidees-pression-milices-fajr-libya\/184286\/"},"wordCount":153,"commentCount":0,"publisher":{"@id":"https:\/\/www.webdo.tn\/fr\/#organization"},"image":{"@id":"https:\/\/www.webdo.tn\/fr\/actualite\/international\/parlement-libyen-les-elections-invalidees-pression-milices-fajr-libya\/184286\/#primaryimage"},"thumbnailUrl":"https:\/\/www.webdo.tn\/fr\/wp-content\/uploads\/2014\/11\/Libye-Cour-supreme.jpg","keywords":["guerre"],"articleSection":["International"],"inLanguage":"fr-FR"},{"@type":"WebPage","@id":"https:\/\/www.webdo.tn\/fr\/actualite\/international\/parlement-libyen-les-elections-invalidees-pression-milices-fajr-libya\/184286\/","url":"https:\/\/www.webdo.tn\/fr\/actualite\/international\/parlement-libyen-les-elections-invalidees-pression-milices-fajr-libya\/184286\/","name":"Parlement libyen : Les \u00e9lections invalid\u00e9es sous la pression des milices Fajr Libya","isPartOf":{"@id":"https:\/\/www.webdo.tn\/fr\/#website"},"primaryImageOfPage":{"@id":"https:\/\/www.webdo.tn\/fr\/actualite\/international\/parlement-libyen-les-elections-invalidees-pression-milices-fajr-libya\/184286\/#primaryimage"},"image":{"@id":"https:\/\/www.webdo.tn\/fr\/actualite\/international\/parlement-libyen-les-elections-invalidees-pression-milices-fajr-libya\/184286\/#primaryimage"},"thumbnailUrl":"https:\/\/www.webdo.tn\/fr\/wp-content\/uploads\/2014\/11\/Libye-Cour-supreme.jpg","datePublished":"2014-11-06T15:32:00+00:00","dateModified":"2025-05-19T10:33:32+00:00","description":"Parlement libyen : Les \u00e9lections invalid\u00e9es sous la pression des milices Fajr Libya","breadcrumb":{"@id":"https:\/\/www.webdo.tn\/fr\/actualite\/international\/parlement-libyen-les-elections-invalidees-pression-milices-fajr-libya\/184286\/#breadcrumb"},"inLanguage":"fr-FR","potentialAction":[{"@type":"ReadAction","target":["https:\/\/www.webdo.tn\/fr\/actualite\/international\/parlement-libyen-les-elections-invalidees-pression-milices-fajr-libya\/184286\/"]}]},{"@type":"ImageObject","inLanguage":"fr-FR","@id":"https:\/\/www.webdo.tn\/fr\/actualite\/international\/parlement-libyen-les-elections-invalidees-pression-milices-fajr-libya\/184286\/#primaryimage","url":"https:\/\/www.webdo.tn\/fr\/wp-content\/uploads\/2014\/11\/Libye-Cour-supreme.jpg","contentUrl":"https:\/\/www.webdo.tn\/fr\/wp-content\/uploads\/2014\/11\/Libye-Cour-supreme.jpg","width":545,"height":300,"caption":"Parlement libyen : Les \u00e9lections invalid\u00e9es sous la pression des milices \"Fajr Libya\""},{"@type":"BreadcrumbList","@id":"https:\/\/www.webdo.tn\/fr\/actualite\/international\/parlement-libyen-les-elections-invalidees-pression-milices-fajr-libya\/184286\/#breadcrumb","itemListElement":[{"@type":"ListItem","position":1,"name":"Accueil","item":"https:\/\/www.webdo.tn\/fr\/"},{"@type":"ListItem","position":2,"name":"Parlement libyen : Les \u00e9lections invalid\u00e9es sous la pression des milices \u00ab\u00a0Fajr Libya\u00a0\u00bb"}]},{"@type":"WebSite","@id":"https:\/\/www.webdo.tn\/fr\/#website","url":"https:\/\/www.webdo.tn\/fr\/","name":"webdo","description":"Tunisie - News en Tunisie et \u00e0 l&#039;international sur Webdo.tn","publisher":{"@id":"https:\/\/www.webdo.tn\/fr\/#organization"},"potentialAction":[{"@type":"SearchAction","target":{"@type":"EntryPoint","urlTemplate":"https:\/\/www.webdo.tn\/fr\/?s={search_term_string}"},"query-input":{"@type":"PropertyValueSpecification","valueRequired":true,"valueName":"search_term_string"}}],"inLanguage":"fr-FR"},{"@type":"Organization","@id":"https:\/\/www.webdo.tn\/fr\/#organization","name":"Webdo","alternateName":"Webdo.tn","url":"https:\/\/www.webdo.tn\/fr\/","logo":{"@type":"ImageObject","inLanguage":"fr-FR","@id":"https:\/\/www.webdo.tn\/fr\/#\/schema\/logo\/image\/","url":"https:\/\/www.webdo.tn\/fr\/wp-content\/uploads\/2025\/06\/Webdo-Tunisie_168377.jpg","contentUrl":"https:\/\/www.webdo.tn\/fr\/wp-content\/uploads\/2025\/06\/Webdo-Tunisie_168377.jpg","width":301,"height":301,"caption":"Webdo"},"image":{"@id":"https:\/\/www.webdo.tn\/fr\/#\/schema\/logo\/image\/"},"sameAs":["https:\/\/www.facebook.com\/webdotn","https:\/\/x.com\/webdo_tn"],"description":"Webdo est un m\u00e9dia num\u00e9rique tunisien fond\u00e9 en 2010, sp\u00e9cialis\u00e9 dans l\u2019actualit\u00e9 nationale et internationale, l\u2019\u00e9conomie, la soci\u00e9t\u00e9 et les analyses politiques. Le site s\u2019adresse \u00e0 un large public francophone et couvre l\u2019information tunisienne en temps r\u00e9el.","email":"redac@webdo.tn","legalName":"YNJ SARL","foundingDate":"2010-09-06","numberOfEmployees":{"@type":"QuantitativeValue","minValue":"11","maxValue":"50"}},{"@type":"Person","@id":"https:\/\/www.webdo.tn\/fr\/#\/schema\/person\/9a9c6118d687c117df8ef3cc36a4d175","name":"webdo.tn","image":{"@type":"ImageObject","inLanguage":"fr-FR","@id":"https:\/\/secure.gravatar.com\/avatar\/7ce1f28c0c3bbac99ff550b85ef8e44a6950c6ee24514fb6a5489e51d06f0298?s=96&d=mm&r=g","url":"https:\/\/secure.gravatar.com\/avatar\/7ce1f28c0c3bbac99ff550b85ef8e44a6950c6ee24514fb6a5489e51d06f0298?s=96&d=mm&r=g","contentUrl":"https:\/\/secure.gravatar.com\/avatar\/7ce1f28c0c3bbac99ff550b85ef8e44a6950c6ee24514fb6a5489e51d06f0298?s=96&d=mm&r=g","caption":"webdo.tn"},"url":"https:\/\/www.webdo.tn\/fr\/actualite\/author\/webdotn\/"}]}},"_links":{"self":[{"href":"https:\/\/www.webdo.tn\/fr\/wp-json\/wp\/v2\/posts\/184286","targetHints":{"allow":["GET"]}}],"collection":[{"href":"https:\/\/www.webdo.tn\/fr\/wp-json\/wp\/v2\/posts"}],"about":[{"href":"https:\/\/www.webdo.tn\/fr\/wp-json\/wp\/v2\/types\/post"}],"author":[{"embeddable":true,"href":"https:\/\/www.webdo.tn\/fr\/wp-json\/wp\/v2\/users\/3222"}],"replies":[{"embeddable":true,"href":"https:\/\/www.webdo.tn\/fr\/wp-json\/wp\/v2\/comments?post=184286"}],"version-history":[{"count":0,"href":"https:\/\/www.webdo.tn\/fr\/wp-json\/wp\/v2\/posts\/184286\/revisions"}],"wp:featuredmedia":[{"embeddable":true,"href":"https:\/\/www.webdo.tn\/fr\/wp-json\/wp\/v2\/media\/319880"}],"wp:attachment":[{"href":"https:\/\/www.webdo.tn\/fr\/wp-json\/wp\/v2\/media?parent=184286"}],"wp:term":[{"taxonomy":"category","embeddable":true,"href":"https:\/\/www.webdo.tn\/fr\/wp-json\/wp\/v2\/categories?post=184286"},{"taxonomy":"post_tag","embeddable":true,"href":"https:\/\/www.webdo.tn\/fr\/wp-json\/wp\/v2\/tags?post=184286"}],"curies":[{"name":"wp","href":"https:\/\/api.w.org\/{rel}","templated":true}]}}