{"id":184285,"date":"2014-11-08T00:43:00","date_gmt":"2014-11-08T00:43:00","guid":{"rendered":"https:\/\/www.webdo.tn\/fr\/blog\/tunisie-situation-explosive-au-burkina-faso-le-mae-appelle-les-tunisiens-a-la-vigilance\/184285\/"},"modified":"2025-05-22T13:02:02","modified_gmt":"2025-05-22T13:02:02","slug":"tunisie-situation-explosive-au-burkina-faso-le-mae-appelle-les-tunisiens-a-la-vigilance","status":"publish","type":"post","link":"https:\/\/www.webdo.tn\/fr\/actualite\/international\/tunisie-situation-explosive-au-burkina-faso-le-mae-appelle-les-tunisiens-a-la-vigilance\/184285\/","title":{"rendered":"Situation explosive au Burkina Faso : Le MAE appelle les Tunisiens \u00e0 la vigilance"},"content":{"rendered":"<p>Dans un communiqu\u00e9 rendu public, ce vendredi 7 novembre, le minist\u00e8re des Affaires \u00e9trang\u00e8res recommande aux Tunisiens de ne pas se rendre \u00e0 l\u2019heure actuelle au Burkina Faso apr\u00e8s le d\u00e9clenchement d\u2019une crise politique dans ce pays.<\/p>\n<p>Il exhorte les ressortissants tunisiens qui y r\u00e9sident \u00e0 faire preuve de vigilance jusqu\u2019\u00e0 la stabilisation de la situation s\u00e9curitaire dans ce pays.<br \/>\nD\u2019autre part, le communiqu\u00e9 assure que la communaut\u00e9 tunisienne \u00e9tablie au Burkina Faso est saine et sauve.<\/p>\n<p>\u00abAucun incident n\u2019a \u00e9t\u00e9 enregistr\u00e9 contre les ressortissants tunisiens se trouvant actuellement au Burkina Faso et les services comp\u00e9tents assurent le suivi de la situation de la communaut\u00e9 tunisienne en coordination avec l\u2019ambassade de Tunisie \u00e0 Bamako (Mali).<\/p>\n<p>Dans ce sillage, la m\u00eame source souligne que \u00able MAE a exprim\u00e9 sa solidarit\u00e9 avec le peuple burkinab\u00e9 en cette p\u00e9riode d\u00e9licate de son histoire, saluant les efforts d\u00e9ploy\u00e9s par l&rsquo;Union africaine (UA) et les Nations Unies en vue de r\u00e9unir les parties prenantes au Burkina Faso autour de la table de dialogue et r\u00e9soudre la crise politique qui y s\u00e9vit\u00bb.<br \/>\nAbdelhamid Ferchichi<\/p>\n","protected":false},"excerpt":{"rendered":"<p>Situation explosive au Burkina Faso : Le MAE appelle les Tunisiens \u00e0 la vigilance<\/p>\n","protected":false},"author":3222,"featured_media":319855,"comment_status":"open","ping_status":"closed","sticky":false,"template":"","format":"standard","meta":{"footnotes":""},"categories":[2598],"tags":[],"class_list":["post-184285","post","type-post","status-publish","format-standard","has-post-thumbnail","hentry","category-international"],"yoast_head":"<!-- This site is optimized with the Yoast SEO Premium plugin v27.5 (Yoast SEO v27.5) - https:\/\/yoast.com\/product\/yoast-seo-premium-wordpress\/ -->\n<title>Situation explosive au Burkina Faso : Le MAE appelle les Tunisiens \u00e0 la vigilance<\/title>\n<meta name=\"description\" content=\"Situation explosive au Burkina Faso : Le MAE appelle les Tunisiens \u00e0 la vigilance\" \/>\n<link rel=\"canonical\" href=\"https:\/\/www.webdo.tn\/fr\/actualite\/international\/tunisie-situation-explosive-au-burkina-faso-le-mae-appelle-les-tunisiens-a-la-vigilance\/184285\/\" \/>\n<meta property=\"og:locale\" content=\"fr_FR\" \/>\n<meta property=\"og:type\" content=\"article\" \/>\n<meta property=\"og:title\" content=\"Situation explosive au Burkina Faso : Le MAE appelle les Tunisiens \u00e0 la vigilance\" \/>\n<meta property=\"og:description\" content=\"Situation explosive au Burkina Faso : Le MAE appelle les Tunisiens \u00e0 la vigilance\" \/>\n<meta property=\"og:url\" content=\"https:\/\/www.webdo.tn\/fr\/actualite\/international\/tunisie-situation-explosive-au-burkina-faso-le-mae-appelle-les-tunisiens-a-la-vigilance\/184285\/\" \/>\n<meta property=\"og:site_name\" content=\"webdo\" \/>\n<meta property=\"article:publisher\" content=\"https:\/\/www.facebook.com\/webdotn\" \/>\n<meta property=\"article:published_time\" content=\"2014-11-08T00:43:00+00:00\" \/>\n<meta property=\"article:modified_time\" content=\"2025-05-22T13:02:02+00:00\" \/>\n<meta property=\"og:image\" content=\"https:\/\/www.webdo.tn\/fr\/wp-content\/uploads\/2014\/11\/mae.jpg\" \/>\n\t<meta property=\"og:image:width\" content=\"370\" \/>\n\t<meta property=\"og:image:height\" content=\"250\" \/>\n\t<meta property=\"og:image:type\" content=\"image\/jpeg\" \/>\n<meta name=\"author\" content=\"webdo.tn\" \/>\n<meta name=\"twitter:card\" content=\"summary_large_image\" \/>\n<meta name=\"twitter:creator\" content=\"@webdo_tn\" \/>\n<meta name=\"twitter:site\" content=\"@webdo_tn\" \/>\n<meta name=\"twitter:label1\" content=\"\u00c9crit par\" \/>\n\t<meta name=\"twitter:data1\" content=\"webdo.tn\" \/>\n\t<meta name=\"twitter:label2\" content=\"Dur\u00e9e de lecture estim\u00e9e\" \/>\n\t<meta name=\"twitter:data2\" content=\"1 minute\" \/>\n<script type=\"application\/ld+json\" class=\"yoast-schema-graph\">{\"@context\":\"https:\\\/\\\/schema.org\",\"@graph\":[{\"@type\":\"NewsArticle\",\"@id\":\"https:\\\/\\\/www.webdo.tn\\\/fr\\\/actualite\\\/international\\\/tunisie-situation-explosive-au-burkina-faso-le-mae-appelle-les-tunisiens-a-la-vigilance\\\/184285\\\/#article\",\"isPartOf\":{\"@id\":\"https:\\\/\\\/www.webdo.tn\\\/fr\\\/actualite\\\/international\\\/tunisie-situation-explosive-au-burkina-faso-le-mae-appelle-les-tunisiens-a-la-vigilance\\\/184285\\\/\"},\"author\":{\"name\":\"webdo.tn\",\"@id\":\"https:\\\/\\\/www.webdo.tn\\\/fr\\\/#\\\/schema\\\/person\\\/9a9c6118d687c117df8ef3cc36a4d175\"},\"headline\":\"Situation explosive au Burkina Faso : Le MAE appelle les Tunisiens \u00e0 la vigilance\",\"datePublished\":\"2014-11-08T00:43:00+00:00\",\"dateModified\":\"2025-05-22T13:02:02+00:00\",\"mainEntityOfPage\":{\"@id\":\"https:\\\/\\\/www.webdo.tn\\\/fr\\\/actualite\\\/international\\\/tunisie-situation-explosive-au-burkina-faso-le-mae-appelle-les-tunisiens-a-la-vigilance\\\/184285\\\/\"},\"wordCount\":207,\"commentCount\":0,\"publisher\":{\"@id\":\"https:\\\/\\\/www.webdo.tn\\\/fr\\\/#organization\"},\"image\":{\"@id\":\"https:\\\/\\\/www.webdo.tn\\\/fr\\\/actualite\\\/international\\\/tunisie-situation-explosive-au-burkina-faso-le-mae-appelle-les-tunisiens-a-la-vigilance\\\/184285\\\/#primaryimage\"},\"thumbnailUrl\":\"https:\\\/\\\/www.webdo.tn\\\/fr\\\/wp-content\\\/uploads\\\/2014\\\/11\\\/mae.jpg\",\"articleSection\":[\"International\"],\"inLanguage\":\"fr-FR\"},{\"@type\":\"WebPage\",\"@id\":\"https:\\\/\\\/www.webdo.tn\\\/fr\\\/actualite\\\/international\\\/tunisie-situation-explosive-au-burkina-faso-le-mae-appelle-les-tunisiens-a-la-vigilance\\\/184285\\\/\",\"url\":\"https:\\\/\\\/www.webdo.tn\\\/fr\\\/actualite\\\/international\\\/tunisie-situation-explosive-au-burkina-faso-le-mae-appelle-les-tunisiens-a-la-vigilance\\\/184285\\\/\",\"name\":\"Situation explosive au Burkina Faso : Le MAE appelle les Tunisiens \u00e0 la vigilance\",\"isPartOf\":{\"@id\":\"https:\\\/\\\/www.webdo.tn\\\/fr\\\/#website\"},\"primaryImageOfPage\":{\"@id\":\"https:\\\/\\\/www.webdo.tn\\\/fr\\\/actualite\\\/international\\\/tunisie-situation-explosive-au-burkina-faso-le-mae-appelle-les-tunisiens-a-la-vigilance\\\/184285\\\/#primaryimage\"},\"image\":{\"@id\":\"https:\\\/\\\/www.webdo.tn\\\/fr\\\/actualite\\\/international\\\/tunisie-situation-explosive-au-burkina-faso-le-mae-appelle-les-tunisiens-a-la-vigilance\\\/184285\\\/#primaryimage\"},\"thumbnailUrl\":\"https:\\\/\\\/www.webdo.tn\\\/fr\\\/wp-content\\\/uploads\\\/2014\\\/11\\\/mae.jpg\",\"datePublished\":\"2014-11-08T00:43:00+00:00\",\"dateModified\":\"2025-05-22T13:02:02+00:00\",\"description\":\"Situation explosive au Burkina Faso : Le MAE appelle les Tunisiens \u00e0 la vigilance\",\"breadcrumb\":{\"@id\":\"https:\\\/\\\/www.webdo.tn\\\/fr\\\/actualite\\\/international\\\/tunisie-situation-explosive-au-burkina-faso-le-mae-appelle-les-tunisiens-a-la-vigilance\\\/184285\\\/#breadcrumb\"},\"inLanguage\":\"fr-FR\",\"potentialAction\":[{\"@type\":\"ReadAction\",\"target\":[\"https:\\\/\\\/www.webdo.tn\\\/fr\\\/actualite\\\/international\\\/tunisie-situation-explosive-au-burkina-faso-le-mae-appelle-les-tunisiens-a-la-vigilance\\\/184285\\\/\"]}]},{\"@type\":\"ImageObject\",\"inLanguage\":\"fr-FR\",\"@id\":\"https:\\\/\\\/www.webdo.tn\\\/fr\\\/actualite\\\/international\\\/tunisie-situation-explosive-au-burkina-faso-le-mae-appelle-les-tunisiens-a-la-vigilance\\\/184285\\\/#primaryimage\",\"url\":\"https:\\\/\\\/www.webdo.tn\\\/fr\\\/wp-content\\\/uploads\\\/2014\\\/11\\\/mae.jpg\",\"contentUrl\":\"https:\\\/\\\/www.webdo.tn\\\/fr\\\/wp-content\\\/uploads\\\/2014\\\/11\\\/mae.jpg\",\"width\":370,\"height\":250,\"caption\":\"Situation explosive au Burkina Faso : Le MAE appelle les Tunisiens \u00e0 la vigilance\"},{\"@type\":\"BreadcrumbList\",\"@id\":\"https:\\\/\\\/www.webdo.tn\\\/fr\\\/actualite\\\/international\\\/tunisie-situation-explosive-au-burkina-faso-le-mae-appelle-les-tunisiens-a-la-vigilance\\\/184285\\\/#breadcrumb\",\"itemListElement\":[{\"@type\":\"ListItem\",\"position\":1,\"name\":\"Accueil\",\"item\":\"https:\\\/\\\/www.webdo.tn\\\/fr\\\/\"},{\"@type\":\"ListItem\",\"position\":2,\"name\":\"Situation explosive au Burkina Faso : Le MAE appelle les Tunisiens \u00e0 la vigilance\"}]},{\"@type\":\"WebSite\",\"@id\":\"https:\\\/\\\/www.webdo.tn\\\/fr\\\/#website\",\"url\":\"https:\\\/\\\/www.webdo.tn\\\/fr\\\/\",\"name\":\"webdo\",\"description\":\"Tunisie - News en Tunisie et \u00e0 l&#039;international sur Webdo.tn\",\"publisher\":{\"@id\":\"https:\\\/\\\/www.webdo.tn\\\/fr\\\/#organization\"},\"potentialAction\":[{\"@type\":\"SearchAction\",\"target\":{\"@type\":\"EntryPoint\",\"urlTemplate\":\"https:\\\/\\\/www.webdo.tn\\\/fr\\\/?s={search_term_string}\"},\"query-input\":{\"@type\":\"PropertyValueSpecification\",\"valueRequired\":true,\"valueName\":\"search_term_string\"}}],\"inLanguage\":\"fr-FR\"},{\"@type\":\"Organization\",\"@id\":\"https:\\\/\\\/www.webdo.tn\\\/fr\\\/#organization\",\"name\":\"Webdo\",\"alternateName\":\"Webdo.tn\",\"url\":\"https:\\\/\\\/www.webdo.tn\\\/fr\\\/\",\"logo\":{\"@type\":\"ImageObject\",\"inLanguage\":\"fr-FR\",\"@id\":\"https:\\\/\\\/www.webdo.tn\\\/fr\\\/#\\\/schema\\\/logo\\\/image\\\/\",\"url\":\"https:\\\/\\\/www.webdo.tn\\\/fr\\\/wp-content\\\/uploads\\\/2025\\\/06\\\/Webdo-Tunisie_168377.jpg\",\"contentUrl\":\"https:\\\/\\\/www.webdo.tn\\\/fr\\\/wp-content\\\/uploads\\\/2025\\\/06\\\/Webdo-Tunisie_168377.jpg\",\"width\":301,\"height\":301,\"caption\":\"Webdo\"},\"image\":{\"@id\":\"https:\\\/\\\/www.webdo.tn\\\/fr\\\/#\\\/schema\\\/logo\\\/image\\\/\"},\"sameAs\":[\"https:\\\/\\\/www.facebook.com\\\/webdotn\",\"https:\\\/\\\/x.com\\\/webdo_tn\"],\"description\":\"Webdo est un m\u00e9dia num\u00e9rique tunisien fond\u00e9 en 2010, sp\u00e9cialis\u00e9 dans l\u2019actualit\u00e9 nationale et internationale, l\u2019\u00e9conomie, la soci\u00e9t\u00e9 et les analyses politiques. Le site s\u2019adresse \u00e0 un large public francophone et couvre l\u2019information tunisienne en temps r\u00e9el.\",\"email\":\"redac@webdo.tn\",\"legalName\":\"YNJ SARL\",\"foundingDate\":\"2010-09-06\",\"numberOfEmployees\":{\"@type\":\"QuantitativeValue\",\"minValue\":\"11\",\"maxValue\":\"50\"}},{\"@type\":\"Person\",\"@id\":\"https:\\\/\\\/www.webdo.tn\\\/fr\\\/#\\\/schema\\\/person\\\/9a9c6118d687c117df8ef3cc36a4d175\",\"name\":\"webdo.tn\",\"image\":{\"@type\":\"ImageObject\",\"inLanguage\":\"fr-FR\",\"@id\":\"https:\\\/\\\/secure.gravatar.com\\\/avatar\\\/7ce1f28c0c3bbac99ff550b85ef8e44a6950c6ee24514fb6a5489e51d06f0298?s=96&d=mm&r=g\",\"url\":\"https:\\\/\\\/secure.gravatar.com\\\/avatar\\\/7ce1f28c0c3bbac99ff550b85ef8e44a6950c6ee24514fb6a5489e51d06f0298?s=96&d=mm&r=g\",\"contentUrl\":\"https:\\\/\\\/secure.gravatar.com\\\/avatar\\\/7ce1f28c0c3bbac99ff550b85ef8e44a6950c6ee24514fb6a5489e51d06f0298?s=96&d=mm&r=g\",\"caption\":\"webdo.tn\"},\"url\":\"https:\\\/\\\/www.webdo.tn\\\/fr\\\/actualite\\\/author\\\/webdotn\\\/\"}]}<\/script>\n<!-- \/ Yoast SEO Premium plugin. -->","yoast_head_json":{"title":"Situation explosive au Burkina Faso : Le MAE appelle les Tunisiens \u00e0 la vigilance","description":"Situation explosive au Burkina Faso : Le MAE appelle les Tunisiens \u00e0 la vigilance","canonical":"https:\/\/www.webdo.tn\/fr\/actualite\/international\/tunisie-situation-explosive-au-burkina-faso-le-mae-appelle-les-tunisiens-a-la-vigilance\/184285\/","og_locale":"fr_FR","og_type":"article","og_title":"Situation explosive au Burkina Faso : Le MAE appelle les Tunisiens \u00e0 la vigilance","og_description":"Situation explosive au Burkina Faso : Le MAE appelle les Tunisiens \u00e0 la vigilance","og_url":"https:\/\/www.webdo.tn\/fr\/actualite\/international\/tunisie-situation-explosive-au-burkina-faso-le-mae-appelle-les-tunisiens-a-la-vigilance\/184285\/","og_site_name":"webdo","article_publisher":"https:\/\/www.facebook.com\/webdotn","article_published_time":"2014-11-08T00:43:00+00:00","article_modified_time":"2025-05-22T13:02:02+00:00","og_image":[{"width":370,"height":250,"url":"https:\/\/www.webdo.tn\/fr\/wp-content\/uploads\/2014\/11\/mae.jpg","type":"image\/jpeg"}],"author":"webdo.tn","twitter_card":"summary_large_image","twitter_creator":"@webdo_tn","twitter_site":"@webdo_tn","twitter_misc":{"\u00c9crit par":"webdo.tn","Dur\u00e9e de lecture estim\u00e9e":"1 minute"},"schema":{"@context":"https:\/\/schema.org","@graph":[{"@type":"NewsArticle","@id":"https:\/\/www.webdo.tn\/fr\/actualite\/international\/tunisie-situation-explosive-au-burkina-faso-le-mae-appelle-les-tunisiens-a-la-vigilance\/184285\/#article","isPartOf":{"@id":"https:\/\/www.webdo.tn\/fr\/actualite\/international\/tunisie-situation-explosive-au-burkina-faso-le-mae-appelle-les-tunisiens-a-la-vigilance\/184285\/"},"author":{"name":"webdo.tn","@id":"https:\/\/www.webdo.tn\/fr\/#\/schema\/person\/9a9c6118d687c117df8ef3cc36a4d175"},"headline":"Situation explosive au Burkina Faso : Le MAE appelle les Tunisiens \u00e0 la vigilance","datePublished":"2014-11-08T00:43:00+00:00","dateModified":"2025-05-22T13:02:02+00:00","mainEntityOfPage":{"@id":"https:\/\/www.webdo.tn\/fr\/actualite\/international\/tunisie-situation-explosive-au-burkina-faso-le-mae-appelle-les-tunisiens-a-la-vigilance\/184285\/"},"wordCount":207,"commentCount":0,"publisher":{"@id":"https:\/\/www.webdo.tn\/fr\/#organization"},"image":{"@id":"https:\/\/www.webdo.tn\/fr\/actualite\/international\/tunisie-situation-explosive-au-burkina-faso-le-mae-appelle-les-tunisiens-a-la-vigilance\/184285\/#primaryimage"},"thumbnailUrl":"https:\/\/www.webdo.tn\/fr\/wp-content\/uploads\/2014\/11\/mae.jpg","articleSection":["International"],"inLanguage":"fr-FR"},{"@type":"WebPage","@id":"https:\/\/www.webdo.tn\/fr\/actualite\/international\/tunisie-situation-explosive-au-burkina-faso-le-mae-appelle-les-tunisiens-a-la-vigilance\/184285\/","url":"https:\/\/www.webdo.tn\/fr\/actualite\/international\/tunisie-situation-explosive-au-burkina-faso-le-mae-appelle-les-tunisiens-a-la-vigilance\/184285\/","name":"Situation explosive au Burkina Faso : Le MAE appelle les Tunisiens \u00e0 la vigilance","isPartOf":{"@id":"https:\/\/www.webdo.tn\/fr\/#website"},"primaryImageOfPage":{"@id":"https:\/\/www.webdo.tn\/fr\/actualite\/international\/tunisie-situation-explosive-au-burkina-faso-le-mae-appelle-les-tunisiens-a-la-vigilance\/184285\/#primaryimage"},"image":{"@id":"https:\/\/www.webdo.tn\/fr\/actualite\/international\/tunisie-situation-explosive-au-burkina-faso-le-mae-appelle-les-tunisiens-a-la-vigilance\/184285\/#primaryimage"},"thumbnailUrl":"https:\/\/www.webdo.tn\/fr\/wp-content\/uploads\/2014\/11\/mae.jpg","datePublished":"2014-11-08T00:43:00+00:00","dateModified":"2025-05-22T13:02:02+00:00","description":"Situation explosive au Burkina Faso : Le MAE appelle les Tunisiens \u00e0 la vigilance","breadcrumb":{"@id":"https:\/\/www.webdo.tn\/fr\/actualite\/international\/tunisie-situation-explosive-au-burkina-faso-le-mae-appelle-les-tunisiens-a-la-vigilance\/184285\/#breadcrumb"},"inLanguage":"fr-FR","potentialAction":[{"@type":"ReadAction","target":["https:\/\/www.webdo.tn\/fr\/actualite\/international\/tunisie-situation-explosive-au-burkina-faso-le-mae-appelle-les-tunisiens-a-la-vigilance\/184285\/"]}]},{"@type":"ImageObject","inLanguage":"fr-FR","@id":"https:\/\/www.webdo.tn\/fr\/actualite\/international\/tunisie-situation-explosive-au-burkina-faso-le-mae-appelle-les-tunisiens-a-la-vigilance\/184285\/#primaryimage","url":"https:\/\/www.webdo.tn\/fr\/wp-content\/uploads\/2014\/11\/mae.jpg","contentUrl":"https:\/\/www.webdo.tn\/fr\/wp-content\/uploads\/2014\/11\/mae.jpg","width":370,"height":250,"caption":"Situation explosive au Burkina Faso : Le MAE appelle les Tunisiens \u00e0 la vigilance"},{"@type":"BreadcrumbList","@id":"https:\/\/www.webdo.tn\/fr\/actualite\/international\/tunisie-situation-explosive-au-burkina-faso-le-mae-appelle-les-tunisiens-a-la-vigilance\/184285\/#breadcrumb","itemListElement":[{"@type":"ListItem","position":1,"name":"Accueil","item":"https:\/\/www.webdo.tn\/fr\/"},{"@type":"ListItem","position":2,"name":"Situation explosive au Burkina Faso : Le MAE appelle les Tunisiens \u00e0 la vigilance"}]},{"@type":"WebSite","@id":"https:\/\/www.webdo.tn\/fr\/#website","url":"https:\/\/www.webdo.tn\/fr\/","name":"webdo","description":"Tunisie - News en Tunisie et \u00e0 l&#039;international sur Webdo.tn","publisher":{"@id":"https:\/\/www.webdo.tn\/fr\/#organization"},"potentialAction":[{"@type":"SearchAction","target":{"@type":"EntryPoint","urlTemplate":"https:\/\/www.webdo.tn\/fr\/?s={search_term_string}"},"query-input":{"@type":"PropertyValueSpecification","valueRequired":true,"valueName":"search_term_string"}}],"inLanguage":"fr-FR"},{"@type":"Organization","@id":"https:\/\/www.webdo.tn\/fr\/#organization","name":"Webdo","alternateName":"Webdo.tn","url":"https:\/\/www.webdo.tn\/fr\/","logo":{"@type":"ImageObject","inLanguage":"fr-FR","@id":"https:\/\/www.webdo.tn\/fr\/#\/schema\/logo\/image\/","url":"https:\/\/www.webdo.tn\/fr\/wp-content\/uploads\/2025\/06\/Webdo-Tunisie_168377.jpg","contentUrl":"https:\/\/www.webdo.tn\/fr\/wp-content\/uploads\/2025\/06\/Webdo-Tunisie_168377.jpg","width":301,"height":301,"caption":"Webdo"},"image":{"@id":"https:\/\/www.webdo.tn\/fr\/#\/schema\/logo\/image\/"},"sameAs":["https:\/\/www.facebook.com\/webdotn","https:\/\/x.com\/webdo_tn"],"description":"Webdo est un m\u00e9dia num\u00e9rique tunisien fond\u00e9 en 2010, sp\u00e9cialis\u00e9 dans l\u2019actualit\u00e9 nationale et internationale, l\u2019\u00e9conomie, la soci\u00e9t\u00e9 et les analyses politiques. Le site s\u2019adresse \u00e0 un large public francophone et couvre l\u2019information tunisienne en temps r\u00e9el.","email":"redac@webdo.tn","legalName":"YNJ SARL","foundingDate":"2010-09-06","numberOfEmployees":{"@type":"QuantitativeValue","minValue":"11","maxValue":"50"}},{"@type":"Person","@id":"https:\/\/www.webdo.tn\/fr\/#\/schema\/person\/9a9c6118d687c117df8ef3cc36a4d175","name":"webdo.tn","image":{"@type":"ImageObject","inLanguage":"fr-FR","@id":"https:\/\/secure.gravatar.com\/avatar\/7ce1f28c0c3bbac99ff550b85ef8e44a6950c6ee24514fb6a5489e51d06f0298?s=96&d=mm&r=g","url":"https:\/\/secure.gravatar.com\/avatar\/7ce1f28c0c3bbac99ff550b85ef8e44a6950c6ee24514fb6a5489e51d06f0298?s=96&d=mm&r=g","contentUrl":"https:\/\/secure.gravatar.com\/avatar\/7ce1f28c0c3bbac99ff550b85ef8e44a6950c6ee24514fb6a5489e51d06f0298?s=96&d=mm&r=g","caption":"webdo.tn"},"url":"https:\/\/www.webdo.tn\/fr\/actualite\/author\/webdotn\/"}]}},"_links":{"self":[{"href":"https:\/\/www.webdo.tn\/fr\/wp-json\/wp\/v2\/posts\/184285","targetHints":{"allow":["GET"]}}],"collection":[{"href":"https:\/\/www.webdo.tn\/fr\/wp-json\/wp\/v2\/posts"}],"about":[{"href":"https:\/\/www.webdo.tn\/fr\/wp-json\/wp\/v2\/types\/post"}],"author":[{"embeddable":true,"href":"https:\/\/www.webdo.tn\/fr\/wp-json\/wp\/v2\/users\/3222"}],"replies":[{"embeddable":true,"href":"https:\/\/www.webdo.tn\/fr\/wp-json\/wp\/v2\/comments?post=184285"}],"version-history":[{"count":0,"href":"https:\/\/www.webdo.tn\/fr\/wp-json\/wp\/v2\/posts\/184285\/revisions"}],"wp:featuredmedia":[{"embeddable":true,"href":"https:\/\/www.webdo.tn\/fr\/wp-json\/wp\/v2\/media\/319855"}],"wp:attachment":[{"href":"https:\/\/www.webdo.tn\/fr\/wp-json\/wp\/v2\/media?parent=184285"}],"wp:term":[{"taxonomy":"category","embeddable":true,"href":"https:\/\/www.webdo.tn\/fr\/wp-json\/wp\/v2\/categories?post=184285"},{"taxonomy":"post_tag","embeddable":true,"href":"https:\/\/www.webdo.tn\/fr\/wp-json\/wp\/v2\/tags?post=184285"}],"curies":[{"name":"wp","href":"https:\/\/api.w.org\/{rel}","templated":true}]}}