{"id":184284,"date":"2014-11-13T12:50:00","date_gmt":"2014-11-13T12:50:00","guid":{"rendered":"https:\/\/www.webdo.tn\/fr\/blog\/france-vote-reconnaissance-etat-palestinien\/184284\/"},"modified":"2014-11-13T12:50:00","modified_gmt":"2014-11-13T12:50:00","slug":"france-vote-reconnaissance-etat-palestinien","status":"publish","type":"post","link":"https:\/\/www.webdo.tn\/fr\/actualite\/international\/france-vote-reconnaissance-etat-palestinien\/184284\/","title":{"rendered":"France : Bient\u00f4t un vote pour demander la reconnaissance de l&rsquo;\u00c9tat palestinien"},"content":{"rendered":"<p>L&rsquo;Assembl\u00e9e nationale fran\u00e7aise votera, le 28 novembre, sur une proposition de r\u00e9solution d\u00e9pos\u00e9e par des d\u00e9put\u00e9s du parti socialiste au pouvoir, demandant la reconnaissance par le gouvernement de l&rsquo;\u00c9tat palestinien, d&rsquo;apr\u00e8s un article du Parisien paru hier, mercredi 12 novembre.<br \/>\nUne autre proposition de r\u00e9solution, demandant elle aussi la reconnaissance de l&rsquo;\u00c9tat de Palestine, a \u00e9t\u00e9 d\u00e9pos\u00e9e au S\u00e9nat par des \u00e9lus communistes. Elle sera d\u00e9battue et vot\u00e9e le 11 d\u00e9cembre.<\/p>\n<p>\u00c0 l&rsquo;Assembl\u00e9e nationale, cette r\u00e9solution pourrait \u00eatre adopt\u00e9e, puisque le parti socialiste d\u00e9tient la majorit\u00e9 des si\u00e8ges (289 sur 577), et que cette proposition est \u00e9galement soutenue par d&rsquo;autres d\u00e9put\u00e9s de gauche et par les \u00e9lus \u00e9cologistes. L&rsquo;adoption au S\u00e9nat est moins certaine : ensemble, les \u00e9lus socialistes, communistes et \u00e9cologistes ne repr\u00e9sentent que 140 si\u00e8ges sur 348.<\/p>\n<p>Un vote uniquement symbolique, non contraignant pour le gouvernement fran\u00e7ais<\/p>\n<p>Pourtant, m\u00eame si ces r\u00e9solutions sont adopt\u00e9es, il s&rsquo;agira d&rsquo;un vote symbolique, puisqu&rsquo;une r\u00e9solution n&rsquo;est pas contraignante, et rien n&rsquo;obligera le gouvernement fran\u00e7ais \u00e0 reconna\u00eetre la Palestine. Il s&rsquo;agit simplement d&rsquo;une recommandation.<\/p>\n<p>Le 14 octobre dernier, le ministre des Affaires \u00e9trang\u00e8res Laurent Fabius avait affirm\u00e9 que la France reconna\u00eetrait l&rsquo;\u00c9tat palestinien \u00ab\u00a0le moment venu\u00a0\u00bb. \u00ab\u00a0Ce que nous voulons, c&rsquo;est non pas une question symbolique, c&rsquo;est \u00eatre utile \u00e0 la paix\u00a0\u00bb, avait-il d\u00e9clar\u00e9.<\/p>\n<p>Cette d\u00e9claration de Laurent Fabius intervenait au lendemain du vote du parlement britannique, le 13 octobre, d&rsquo;une motion &#8211; elle aussi \u00e0 port\u00e9e symbolique &#8211; demandant la reconnaissance par le gouvernement d&rsquo; \u00ab\u00a0un \u00c9tat palestinien aux c\u00f4t\u00e9s d&rsquo;Isra\u00ebl\u00a0\u00bb.<\/p>\n<p>135 pays reconnaissent aujourd&rsquo;hui l&rsquo;\u00c9tat palestinien<\/p>\n<p>La Su\u00e8de a quant \u00e0 elle, le 30 octobre, reconnu officiellement l&rsquo;\u00c9tat de Palestine.<\/p>\n<p>Aujourd&rsquo;hui, 135 pays dans le monde reconnaissent l&rsquo;Etat palestinien, selon la Mission permanente d&rsquo;observation de la Palestine au sein des Nations unies.<\/p>\n","protected":false},"excerpt":{"rendered":"<p>France : Bient\u00f4t un vote pour demander la reconnaissance de l&rsquo;\u00c9tat palestinien<\/p>\n","protected":false},"author":3222,"featured_media":373214,"comment_status":"open","ping_status":"closed","sticky":false,"template":"","format":"standard","meta":{"footnotes":""},"categories":[2598],"tags":[2600],"class_list":["post-184284","post","type-post","status-publish","format-standard","has-post-thumbnail","hentry","category-international","tag-guerre"],"yoast_head":"<!-- This site is optimized with the Yoast SEO Premium plugin v27.5 (Yoast SEO v27.5) - https:\/\/yoast.com\/product\/yoast-seo-premium-wordpress\/ -->\n<title>France : Bient\u00f4t un vote pour demander la reconnaissance de l&#039;\u00c9tat palestinien<\/title>\n<meta name=\"description\" content=\"France : Bient\u00f4t un vote pour demander la reconnaissance de l&#039;\u00c9tat palestinien\" \/>\n<link rel=\"canonical\" href=\"https:\/\/www.webdo.tn\/fr\/actualite\/international\/france-vote-reconnaissance-etat-palestinien\/184284\/\" \/>\n<meta property=\"og:locale\" content=\"fr_FR\" \/>\n<meta property=\"og:type\" content=\"article\" \/>\n<meta property=\"og:title\" content=\"France : Bient\u00f4t un vote pour demander la reconnaissance de l&#039;\u00c9tat palestinien\" \/>\n<meta property=\"og:description\" content=\"France : Bient\u00f4t un vote pour demander la reconnaissance de l&#039;\u00c9tat palestinien\" \/>\n<meta property=\"og:url\" content=\"https:\/\/www.webdo.tn\/fr\/actualite\/international\/france-vote-reconnaissance-etat-palestinien\/184284\/\" \/>\n<meta property=\"og:site_name\" content=\"webdo\" \/>\n<meta property=\"article:publisher\" content=\"https:\/\/www.facebook.com\/webdotn\" \/>\n<meta property=\"article:published_time\" content=\"2014-11-13T12:50:00+00:00\" \/>\n<meta name=\"author\" content=\"webdo.tn\" \/>\n<meta name=\"twitter:card\" content=\"summary_large_image\" \/>\n<meta name=\"twitter:creator\" content=\"@webdo_tn\" \/>\n<meta name=\"twitter:site\" content=\"@webdo_tn\" \/>\n<meta name=\"twitter:label1\" content=\"\u00c9crit par\" \/>\n\t<meta name=\"twitter:data1\" content=\"webdo.tn\" \/>\n\t<meta name=\"twitter:label2\" content=\"Dur\u00e9e de lecture estim\u00e9e\" \/>\n\t<meta name=\"twitter:data2\" content=\"2 minutes\" \/>\n<script type=\"application\/ld+json\" class=\"yoast-schema-graph\">{\"@context\":\"https:\\\/\\\/schema.org\",\"@graph\":[{\"@type\":\"NewsArticle\",\"@id\":\"https:\\\/\\\/www.webdo.tn\\\/fr\\\/actualite\\\/international\\\/france-vote-reconnaissance-etat-palestinien\\\/184284\\\/#article\",\"isPartOf\":{\"@id\":\"https:\\\/\\\/www.webdo.tn\\\/fr\\\/actualite\\\/international\\\/france-vote-reconnaissance-etat-palestinien\\\/184284\\\/\"},\"author\":{\"name\":\"webdo.tn\",\"@id\":\"https:\\\/\\\/www.webdo.tn\\\/fr\\\/#\\\/schema\\\/person\\\/9a9c6118d687c117df8ef3cc36a4d175\"},\"headline\":\"France : Bient\u00f4t un vote pour demander la reconnaissance de l&rsquo;\u00c9tat palestinien\",\"datePublished\":\"2014-11-13T12:50:00+00:00\",\"mainEntityOfPage\":{\"@id\":\"https:\\\/\\\/www.webdo.tn\\\/fr\\\/actualite\\\/international\\\/france-vote-reconnaissance-etat-palestinien\\\/184284\\\/\"},\"wordCount\":352,\"commentCount\":0,\"publisher\":{\"@id\":\"https:\\\/\\\/www.webdo.tn\\\/fr\\\/#organization\"},\"image\":{\"@id\":\"https:\\\/\\\/www.webdo.tn\\\/fr\\\/actualite\\\/international\\\/france-vote-reconnaissance-etat-palestinien\\\/184284\\\/#primaryimage\"},\"thumbnailUrl\":\"https:\\\/\\\/www.webdo.tn\\\/fr\\\/wp-content\\\/uploads\\\/2025\\\/06\\\/Assemblee_Nationale_France-300x207_184284.jpg\",\"keywords\":[\"guerre\"],\"articleSection\":[\"International\"],\"inLanguage\":\"fr-FR\"},{\"@type\":\"WebPage\",\"@id\":\"https:\\\/\\\/www.webdo.tn\\\/fr\\\/actualite\\\/international\\\/france-vote-reconnaissance-etat-palestinien\\\/184284\\\/\",\"url\":\"https:\\\/\\\/www.webdo.tn\\\/fr\\\/actualite\\\/international\\\/france-vote-reconnaissance-etat-palestinien\\\/184284\\\/\",\"name\":\"France : Bient\u00f4t un vote pour demander la reconnaissance de l'\u00c9tat palestinien\",\"isPartOf\":{\"@id\":\"https:\\\/\\\/www.webdo.tn\\\/fr\\\/#website\"},\"primaryImageOfPage\":{\"@id\":\"https:\\\/\\\/www.webdo.tn\\\/fr\\\/actualite\\\/international\\\/france-vote-reconnaissance-etat-palestinien\\\/184284\\\/#primaryimage\"},\"image\":{\"@id\":\"https:\\\/\\\/www.webdo.tn\\\/fr\\\/actualite\\\/international\\\/france-vote-reconnaissance-etat-palestinien\\\/184284\\\/#primaryimage\"},\"thumbnailUrl\":\"https:\\\/\\\/www.webdo.tn\\\/fr\\\/wp-content\\\/uploads\\\/2025\\\/06\\\/Assemblee_Nationale_France-300x207_184284.jpg\",\"datePublished\":\"2014-11-13T12:50:00+00:00\",\"description\":\"France : Bient\u00f4t un vote pour demander la reconnaissance de l'\u00c9tat palestinien\",\"breadcrumb\":{\"@id\":\"https:\\\/\\\/www.webdo.tn\\\/fr\\\/actualite\\\/international\\\/france-vote-reconnaissance-etat-palestinien\\\/184284\\\/#breadcrumb\"},\"inLanguage\":\"fr-FR\",\"potentialAction\":[{\"@type\":\"ReadAction\",\"target\":[\"https:\\\/\\\/www.webdo.tn\\\/fr\\\/actualite\\\/international\\\/france-vote-reconnaissance-etat-palestinien\\\/184284\\\/\"]}]},{\"@type\":\"ImageObject\",\"inLanguage\":\"fr-FR\",\"@id\":\"https:\\\/\\\/www.webdo.tn\\\/fr\\\/actualite\\\/international\\\/france-vote-reconnaissance-etat-palestinien\\\/184284\\\/#primaryimage\",\"url\":\"https:\\\/\\\/www.webdo.tn\\\/fr\\\/wp-content\\\/uploads\\\/2025\\\/06\\\/Assemblee_Nationale_France-300x207_184284.jpg\",\"contentUrl\":\"https:\\\/\\\/www.webdo.tn\\\/fr\\\/wp-content\\\/uploads\\\/2025\\\/06\\\/Assemblee_Nationale_France-300x207_184284.jpg\",\"width\":300,\"height\":207,\"caption\":\"France : Bient\u00f4t un vote pour demander la reconnaissance de l'\u00c9tat palestinien\"},{\"@type\":\"BreadcrumbList\",\"@id\":\"https:\\\/\\\/www.webdo.tn\\\/fr\\\/actualite\\\/international\\\/france-vote-reconnaissance-etat-palestinien\\\/184284\\\/#breadcrumb\",\"itemListElement\":[{\"@type\":\"ListItem\",\"position\":1,\"name\":\"Accueil\",\"item\":\"https:\\\/\\\/www.webdo.tn\\\/fr\\\/\"},{\"@type\":\"ListItem\",\"position\":2,\"name\":\"France : Bient\u00f4t un vote pour demander la reconnaissance de l&rsquo;\u00c9tat palestinien\"}]},{\"@type\":\"WebSite\",\"@id\":\"https:\\\/\\\/www.webdo.tn\\\/fr\\\/#website\",\"url\":\"https:\\\/\\\/www.webdo.tn\\\/fr\\\/\",\"name\":\"webdo\",\"description\":\"Tunisie - News en Tunisie et \u00e0 l&#039;international sur Webdo.tn\",\"publisher\":{\"@id\":\"https:\\\/\\\/www.webdo.tn\\\/fr\\\/#organization\"},\"potentialAction\":[{\"@type\":\"SearchAction\",\"target\":{\"@type\":\"EntryPoint\",\"urlTemplate\":\"https:\\\/\\\/www.webdo.tn\\\/fr\\\/?s={search_term_string}\"},\"query-input\":{\"@type\":\"PropertyValueSpecification\",\"valueRequired\":true,\"valueName\":\"search_term_string\"}}],\"inLanguage\":\"fr-FR\"},{\"@type\":\"Organization\",\"@id\":\"https:\\\/\\\/www.webdo.tn\\\/fr\\\/#organization\",\"name\":\"Webdo\",\"alternateName\":\"Webdo.tn\",\"url\":\"https:\\\/\\\/www.webdo.tn\\\/fr\\\/\",\"logo\":{\"@type\":\"ImageObject\",\"inLanguage\":\"fr-FR\",\"@id\":\"https:\\\/\\\/www.webdo.tn\\\/fr\\\/#\\\/schema\\\/logo\\\/image\\\/\",\"url\":\"https:\\\/\\\/www.webdo.tn\\\/fr\\\/wp-content\\\/uploads\\\/2025\\\/06\\\/Webdo-Tunisie_168377.jpg\",\"contentUrl\":\"https:\\\/\\\/www.webdo.tn\\\/fr\\\/wp-content\\\/uploads\\\/2025\\\/06\\\/Webdo-Tunisie_168377.jpg\",\"width\":301,\"height\":301,\"caption\":\"Webdo\"},\"image\":{\"@id\":\"https:\\\/\\\/www.webdo.tn\\\/fr\\\/#\\\/schema\\\/logo\\\/image\\\/\"},\"sameAs\":[\"https:\\\/\\\/www.facebook.com\\\/webdotn\",\"https:\\\/\\\/x.com\\\/webdo_tn\"],\"description\":\"Webdo est un m\u00e9dia num\u00e9rique tunisien fond\u00e9 en 2010, sp\u00e9cialis\u00e9 dans l\u2019actualit\u00e9 nationale et internationale, l\u2019\u00e9conomie, la soci\u00e9t\u00e9 et les analyses politiques. Le site s\u2019adresse \u00e0 un large public francophone et couvre l\u2019information tunisienne en temps r\u00e9el.\",\"email\":\"redac@webdo.tn\",\"legalName\":\"YNJ SARL\",\"foundingDate\":\"2010-09-06\",\"numberOfEmployees\":{\"@type\":\"QuantitativeValue\",\"minValue\":\"11\",\"maxValue\":\"50\"}},{\"@type\":\"Person\",\"@id\":\"https:\\\/\\\/www.webdo.tn\\\/fr\\\/#\\\/schema\\\/person\\\/9a9c6118d687c117df8ef3cc36a4d175\",\"name\":\"webdo.tn\",\"image\":{\"@type\":\"ImageObject\",\"inLanguage\":\"fr-FR\",\"@id\":\"https:\\\/\\\/secure.gravatar.com\\\/avatar\\\/7ce1f28c0c3bbac99ff550b85ef8e44a6950c6ee24514fb6a5489e51d06f0298?s=96&d=mm&r=g\",\"url\":\"https:\\\/\\\/secure.gravatar.com\\\/avatar\\\/7ce1f28c0c3bbac99ff550b85ef8e44a6950c6ee24514fb6a5489e51d06f0298?s=96&d=mm&r=g\",\"contentUrl\":\"https:\\\/\\\/secure.gravatar.com\\\/avatar\\\/7ce1f28c0c3bbac99ff550b85ef8e44a6950c6ee24514fb6a5489e51d06f0298?s=96&d=mm&r=g\",\"caption\":\"webdo.tn\"},\"url\":\"https:\\\/\\\/www.webdo.tn\\\/fr\\\/actualite\\\/author\\\/webdotn\\\/\"}]}<\/script>\n<!-- \/ Yoast SEO Premium plugin. -->","yoast_head_json":{"title":"France : Bient\u00f4t un vote pour demander la reconnaissance de l'\u00c9tat palestinien","description":"France : Bient\u00f4t un vote pour demander la reconnaissance de l'\u00c9tat palestinien","canonical":"https:\/\/www.webdo.tn\/fr\/actualite\/international\/france-vote-reconnaissance-etat-palestinien\/184284\/","og_locale":"fr_FR","og_type":"article","og_title":"France : Bient\u00f4t un vote pour demander la reconnaissance de l'\u00c9tat palestinien","og_description":"France : Bient\u00f4t un vote pour demander la reconnaissance de l'\u00c9tat palestinien","og_url":"https:\/\/www.webdo.tn\/fr\/actualite\/international\/france-vote-reconnaissance-etat-palestinien\/184284\/","og_site_name":"webdo","article_publisher":"https:\/\/www.facebook.com\/webdotn","article_published_time":"2014-11-13T12:50:00+00:00","author":"webdo.tn","twitter_card":"summary_large_image","twitter_creator":"@webdo_tn","twitter_site":"@webdo_tn","twitter_misc":{"\u00c9crit par":"webdo.tn","Dur\u00e9e de lecture estim\u00e9e":"2 minutes"},"schema":{"@context":"https:\/\/schema.org","@graph":[{"@type":"NewsArticle","@id":"https:\/\/www.webdo.tn\/fr\/actualite\/international\/france-vote-reconnaissance-etat-palestinien\/184284\/#article","isPartOf":{"@id":"https:\/\/www.webdo.tn\/fr\/actualite\/international\/france-vote-reconnaissance-etat-palestinien\/184284\/"},"author":{"name":"webdo.tn","@id":"https:\/\/www.webdo.tn\/fr\/#\/schema\/person\/9a9c6118d687c117df8ef3cc36a4d175"},"headline":"France : Bient\u00f4t un vote pour demander la reconnaissance de l&rsquo;\u00c9tat palestinien","datePublished":"2014-11-13T12:50:00+00:00","mainEntityOfPage":{"@id":"https:\/\/www.webdo.tn\/fr\/actualite\/international\/france-vote-reconnaissance-etat-palestinien\/184284\/"},"wordCount":352,"commentCount":0,"publisher":{"@id":"https:\/\/www.webdo.tn\/fr\/#organization"},"image":{"@id":"https:\/\/www.webdo.tn\/fr\/actualite\/international\/france-vote-reconnaissance-etat-palestinien\/184284\/#primaryimage"},"thumbnailUrl":"https:\/\/www.webdo.tn\/fr\/wp-content\/uploads\/2025\/06\/Assemblee_Nationale_France-300x207_184284.jpg","keywords":["guerre"],"articleSection":["International"],"inLanguage":"fr-FR"},{"@type":"WebPage","@id":"https:\/\/www.webdo.tn\/fr\/actualite\/international\/france-vote-reconnaissance-etat-palestinien\/184284\/","url":"https:\/\/www.webdo.tn\/fr\/actualite\/international\/france-vote-reconnaissance-etat-palestinien\/184284\/","name":"France : Bient\u00f4t un vote pour demander la reconnaissance de l'\u00c9tat palestinien","isPartOf":{"@id":"https:\/\/www.webdo.tn\/fr\/#website"},"primaryImageOfPage":{"@id":"https:\/\/www.webdo.tn\/fr\/actualite\/international\/france-vote-reconnaissance-etat-palestinien\/184284\/#primaryimage"},"image":{"@id":"https:\/\/www.webdo.tn\/fr\/actualite\/international\/france-vote-reconnaissance-etat-palestinien\/184284\/#primaryimage"},"thumbnailUrl":"https:\/\/www.webdo.tn\/fr\/wp-content\/uploads\/2025\/06\/Assemblee_Nationale_France-300x207_184284.jpg","datePublished":"2014-11-13T12:50:00+00:00","description":"France : Bient\u00f4t un vote pour demander la reconnaissance de l'\u00c9tat palestinien","breadcrumb":{"@id":"https:\/\/www.webdo.tn\/fr\/actualite\/international\/france-vote-reconnaissance-etat-palestinien\/184284\/#breadcrumb"},"inLanguage":"fr-FR","potentialAction":[{"@type":"ReadAction","target":["https:\/\/www.webdo.tn\/fr\/actualite\/international\/france-vote-reconnaissance-etat-palestinien\/184284\/"]}]},{"@type":"ImageObject","inLanguage":"fr-FR","@id":"https:\/\/www.webdo.tn\/fr\/actualite\/international\/france-vote-reconnaissance-etat-palestinien\/184284\/#primaryimage","url":"https:\/\/www.webdo.tn\/fr\/wp-content\/uploads\/2025\/06\/Assemblee_Nationale_France-300x207_184284.jpg","contentUrl":"https:\/\/www.webdo.tn\/fr\/wp-content\/uploads\/2025\/06\/Assemblee_Nationale_France-300x207_184284.jpg","width":300,"height":207,"caption":"France : Bient\u00f4t un vote pour demander la reconnaissance de l'\u00c9tat palestinien"},{"@type":"BreadcrumbList","@id":"https:\/\/www.webdo.tn\/fr\/actualite\/international\/france-vote-reconnaissance-etat-palestinien\/184284\/#breadcrumb","itemListElement":[{"@type":"ListItem","position":1,"name":"Accueil","item":"https:\/\/www.webdo.tn\/fr\/"},{"@type":"ListItem","position":2,"name":"France : Bient\u00f4t un vote pour demander la reconnaissance de l&rsquo;\u00c9tat palestinien"}]},{"@type":"WebSite","@id":"https:\/\/www.webdo.tn\/fr\/#website","url":"https:\/\/www.webdo.tn\/fr\/","name":"webdo","description":"Tunisie - News en Tunisie et \u00e0 l&#039;international sur Webdo.tn","publisher":{"@id":"https:\/\/www.webdo.tn\/fr\/#organization"},"potentialAction":[{"@type":"SearchAction","target":{"@type":"EntryPoint","urlTemplate":"https:\/\/www.webdo.tn\/fr\/?s={search_term_string}"},"query-input":{"@type":"PropertyValueSpecification","valueRequired":true,"valueName":"search_term_string"}}],"inLanguage":"fr-FR"},{"@type":"Organization","@id":"https:\/\/www.webdo.tn\/fr\/#organization","name":"Webdo","alternateName":"Webdo.tn","url":"https:\/\/www.webdo.tn\/fr\/","logo":{"@type":"ImageObject","inLanguage":"fr-FR","@id":"https:\/\/www.webdo.tn\/fr\/#\/schema\/logo\/image\/","url":"https:\/\/www.webdo.tn\/fr\/wp-content\/uploads\/2025\/06\/Webdo-Tunisie_168377.jpg","contentUrl":"https:\/\/www.webdo.tn\/fr\/wp-content\/uploads\/2025\/06\/Webdo-Tunisie_168377.jpg","width":301,"height":301,"caption":"Webdo"},"image":{"@id":"https:\/\/www.webdo.tn\/fr\/#\/schema\/logo\/image\/"},"sameAs":["https:\/\/www.facebook.com\/webdotn","https:\/\/x.com\/webdo_tn"],"description":"Webdo est un m\u00e9dia num\u00e9rique tunisien fond\u00e9 en 2010, sp\u00e9cialis\u00e9 dans l\u2019actualit\u00e9 nationale et internationale, l\u2019\u00e9conomie, la soci\u00e9t\u00e9 et les analyses politiques. Le site s\u2019adresse \u00e0 un large public francophone et couvre l\u2019information tunisienne en temps r\u00e9el.","email":"redac@webdo.tn","legalName":"YNJ SARL","foundingDate":"2010-09-06","numberOfEmployees":{"@type":"QuantitativeValue","minValue":"11","maxValue":"50"}},{"@type":"Person","@id":"https:\/\/www.webdo.tn\/fr\/#\/schema\/person\/9a9c6118d687c117df8ef3cc36a4d175","name":"webdo.tn","image":{"@type":"ImageObject","inLanguage":"fr-FR","@id":"https:\/\/secure.gravatar.com\/avatar\/7ce1f28c0c3bbac99ff550b85ef8e44a6950c6ee24514fb6a5489e51d06f0298?s=96&d=mm&r=g","url":"https:\/\/secure.gravatar.com\/avatar\/7ce1f28c0c3bbac99ff550b85ef8e44a6950c6ee24514fb6a5489e51d06f0298?s=96&d=mm&r=g","contentUrl":"https:\/\/secure.gravatar.com\/avatar\/7ce1f28c0c3bbac99ff550b85ef8e44a6950c6ee24514fb6a5489e51d06f0298?s=96&d=mm&r=g","caption":"webdo.tn"},"url":"https:\/\/www.webdo.tn\/fr\/actualite\/author\/webdotn\/"}]}},"_links":{"self":[{"href":"https:\/\/www.webdo.tn\/fr\/wp-json\/wp\/v2\/posts\/184284","targetHints":{"allow":["GET"]}}],"collection":[{"href":"https:\/\/www.webdo.tn\/fr\/wp-json\/wp\/v2\/posts"}],"about":[{"href":"https:\/\/www.webdo.tn\/fr\/wp-json\/wp\/v2\/types\/post"}],"author":[{"embeddable":true,"href":"https:\/\/www.webdo.tn\/fr\/wp-json\/wp\/v2\/users\/3222"}],"replies":[{"embeddable":true,"href":"https:\/\/www.webdo.tn\/fr\/wp-json\/wp\/v2\/comments?post=184284"}],"version-history":[{"count":0,"href":"https:\/\/www.webdo.tn\/fr\/wp-json\/wp\/v2\/posts\/184284\/revisions"}],"wp:featuredmedia":[{"embeddable":true,"href":"https:\/\/www.webdo.tn\/fr\/wp-json\/wp\/v2\/media\/373214"}],"wp:attachment":[{"href":"https:\/\/www.webdo.tn\/fr\/wp-json\/wp\/v2\/media?parent=184284"}],"wp:term":[{"taxonomy":"category","embeddable":true,"href":"https:\/\/www.webdo.tn\/fr\/wp-json\/wp\/v2\/categories?post=184284"},{"taxonomy":"post_tag","embeddable":true,"href":"https:\/\/www.webdo.tn\/fr\/wp-json\/wp\/v2\/tags?post=184284"}],"curies":[{"name":"wp","href":"https:\/\/api.w.org\/{rel}","templated":true}]}}