{"id":184283,"date":"2014-11-13T15:48:00","date_gmt":"2014-11-13T15:48:00","guid":{"rendered":"https:\/\/www.webdo.tn\/fr\/blog\/deja-26-ans-depuis-tunisie-ait-reconnu-letat-palestine\/184862\/"},"modified":"2025-05-22T13:01:59","modified_gmt":"2025-05-22T13:01:59","slug":"deja-26-ans-depuis-tunisie-ait-reconnu-letat-palestine","status":"publish","type":"post","link":"https:\/\/www.webdo.tn\/fr\/actualite\/international\/deja-26-ans-depuis-tunisie-ait-reconnu-letat-palestine\/184283\/","title":{"rendered":"D\u00e9j\u00e0 26 ans depuis que la Tunisie a reconnu l&rsquo;Etat de Palestine !"},"content":{"rendered":"<p>La Tunisie f\u00eatera dans deux jours, le 15 novembre, ses 26 ans depuis que l&rsquo;Etat tunisien a reconnu l&rsquo;Etat de Palestine, en 1988.<\/p>\n<p>Pour voir la liste des 135 pays dans le monde qui reconnaissent l&rsquo;Etat palestinien, selon la Mission permanente d&rsquo;observation de la Palestine au sein des Nations unies, cliquez ici.<\/p>\n<p>Suite au\u00a0massacre subi par les Palestiniens \u00e0 Gaza\u00a0durant cet \u00e9t\u00e9, le 13 octobre\u00a0274 d\u00e9put\u00e9s au Royaume-Uni de Grande-Bretagne ont r\u00e9agi \u00e0 cela appelant leur gouvernement \u00e0 \u00ab\u00a0reconna\u00eetre un Etat palestinien\u00a0aux c\u00f4t\u00e9s de l&rsquo;Etat d&rsquo;Isra\u00ebl\u00a0\u00bb.<\/p>\n<p>Le 30 octobre, la Su\u00e8de a fini par reconnaitre officiellement l&rsquo;\u00c9tat de Palestine.<\/p>\n<p>Quant \u00e0 la France, son\u00a0Assembl\u00e9e nationale \u00a0votera, le 28 novembre, sur une proposition de r\u00e9solution d\u00e9pos\u00e9e par des d\u00e9put\u00e9s du parti socialiste au pouvoir, demandant la reconnaissance par le gouvernement de l&rsquo;\u00c9tat palestinien.<\/p>\n","protected":false},"excerpt":{"rendered":"<p>D\u00e9j\u00e0 26 ans depuis que la Tunisie a reconnu l&rsquo;Etat de Palestine !<\/p>\n","protected":false},"author":3222,"featured_media":331155,"comment_status":"open","ping_status":"closed","sticky":false,"template":"","format":"standard","meta":{"footnotes":""},"categories":[2598],"tags":[],"class_list":["post-184283","post","type-post","status-publish","format-standard","has-post-thumbnail","hentry","category-international"],"yoast_head":"<!-- This site is optimized with the Yoast SEO Premium plugin v27.5 (Yoast SEO v27.5) - https:\/\/yoast.com\/product\/yoast-seo-premium-wordpress\/ -->\n<title>D\u00e9j\u00e0 26 ans depuis que la Tunisie a reconnu l&#039;Etat de Palestine !<\/title>\n<meta name=\"description\" content=\"D\u00e9j\u00e0 26 ans depuis que la Tunisie a reconnu l&#039;Etat de Palestine !\" \/>\n<link rel=\"canonical\" href=\"https:\/\/www.webdo.tn\/fr\/actualite\/international\/deja-26-ans-depuis-tunisie-ait-reconnu-letat-palestine\/184283\/\" \/>\n<meta property=\"og:locale\" content=\"fr_FR\" \/>\n<meta property=\"og:type\" content=\"article\" \/>\n<meta property=\"og:title\" content=\"D\u00e9j\u00e0 26 ans depuis que la Tunisie a reconnu l&#039;Etat de Palestine !\" \/>\n<meta property=\"og:description\" content=\"D\u00e9j\u00e0 26 ans depuis que la Tunisie a reconnu l&#039;Etat de Palestine !\" \/>\n<meta property=\"og:url\" content=\"https:\/\/www.webdo.tn\/fr\/actualite\/international\/deja-26-ans-depuis-tunisie-ait-reconnu-letat-palestine\/184283\/\" \/>\n<meta property=\"og:site_name\" content=\"webdo\" \/>\n<meta property=\"article:publisher\" content=\"https:\/\/www.facebook.com\/webdotn\" \/>\n<meta property=\"article:published_time\" content=\"2014-11-13T15:48:00+00:00\" \/>\n<meta property=\"article:modified_time\" content=\"2025-05-22T13:01:59+00:00\" \/>\n<meta property=\"og:image\" content=\"https:\/\/www.webdo.tn\/fr\/wp-content\/uploads\/2014\/11\/Tunisie-Palestine-e1412060017466.jpg\" \/>\n\t<meta property=\"og:image:width\" content=\"250\" \/>\n\t<meta property=\"og:image:height\" content=\"200\" \/>\n\t<meta property=\"og:image:type\" content=\"image\/jpeg\" \/>\n<meta name=\"author\" content=\"webdo.tn\" \/>\n<meta name=\"twitter:card\" content=\"summary_large_image\" \/>\n<meta name=\"twitter:creator\" content=\"@webdo_tn\" \/>\n<meta name=\"twitter:site\" content=\"@webdo_tn\" \/>\n<meta name=\"twitter:label1\" content=\"\u00c9crit par\" \/>\n\t<meta name=\"twitter:data1\" content=\"webdo.tn\" \/>\n\t<meta name=\"twitter:label2\" content=\"Dur\u00e9e de lecture estim\u00e9e\" \/>\n\t<meta name=\"twitter:data2\" content=\"1 minute\" \/>\n<script type=\"application\/ld+json\" class=\"yoast-schema-graph\">{\"@context\":\"https:\\\/\\\/schema.org\",\"@graph\":[{\"@type\":\"NewsArticle\",\"@id\":\"https:\\\/\\\/www.webdo.tn\\\/fr\\\/actualite\\\/international\\\/deja-26-ans-depuis-tunisie-ait-reconnu-letat-palestine\\\/184283\\\/#article\",\"isPartOf\":{\"@id\":\"https:\\\/\\\/www.webdo.tn\\\/fr\\\/actualite\\\/international\\\/deja-26-ans-depuis-tunisie-ait-reconnu-letat-palestine\\\/184283\\\/\"},\"author\":{\"name\":\"webdo.tn\",\"@id\":\"https:\\\/\\\/www.webdo.tn\\\/fr\\\/#\\\/schema\\\/person\\\/9a9c6118d687c117df8ef3cc36a4d175\"},\"headline\":\"D\u00e9j\u00e0 26 ans depuis que la Tunisie a reconnu l&rsquo;Etat de Palestine !\",\"datePublished\":\"2014-11-13T15:48:00+00:00\",\"dateModified\":\"2025-05-22T13:01:59+00:00\",\"mainEntityOfPage\":{\"@id\":\"https:\\\/\\\/www.webdo.tn\\\/fr\\\/actualite\\\/international\\\/deja-26-ans-depuis-tunisie-ait-reconnu-letat-palestine\\\/184283\\\/\"},\"wordCount\":161,\"commentCount\":0,\"publisher\":{\"@id\":\"https:\\\/\\\/www.webdo.tn\\\/fr\\\/#organization\"},\"image\":{\"@id\":\"https:\\\/\\\/www.webdo.tn\\\/fr\\\/actualite\\\/international\\\/deja-26-ans-depuis-tunisie-ait-reconnu-letat-palestine\\\/184283\\\/#primaryimage\"},\"thumbnailUrl\":\"https:\\\/\\\/www.webdo.tn\\\/fr\\\/wp-content\\\/uploads\\\/2014\\\/11\\\/Tunisie-Palestine-e1412060017466.jpg\",\"articleSection\":[\"International\"],\"inLanguage\":\"fr-FR\"},{\"@type\":\"WebPage\",\"@id\":\"https:\\\/\\\/www.webdo.tn\\\/fr\\\/actualite\\\/international\\\/deja-26-ans-depuis-tunisie-ait-reconnu-letat-palestine\\\/184283\\\/\",\"url\":\"https:\\\/\\\/www.webdo.tn\\\/fr\\\/actualite\\\/international\\\/deja-26-ans-depuis-tunisie-ait-reconnu-letat-palestine\\\/184283\\\/\",\"name\":\"D\u00e9j\u00e0 26 ans depuis que la Tunisie a reconnu l'Etat de Palestine !\",\"isPartOf\":{\"@id\":\"https:\\\/\\\/www.webdo.tn\\\/fr\\\/#website\"},\"primaryImageOfPage\":{\"@id\":\"https:\\\/\\\/www.webdo.tn\\\/fr\\\/actualite\\\/international\\\/deja-26-ans-depuis-tunisie-ait-reconnu-letat-palestine\\\/184283\\\/#primaryimage\"},\"image\":{\"@id\":\"https:\\\/\\\/www.webdo.tn\\\/fr\\\/actualite\\\/international\\\/deja-26-ans-depuis-tunisie-ait-reconnu-letat-palestine\\\/184283\\\/#primaryimage\"},\"thumbnailUrl\":\"https:\\\/\\\/www.webdo.tn\\\/fr\\\/wp-content\\\/uploads\\\/2014\\\/11\\\/Tunisie-Palestine-e1412060017466.jpg\",\"datePublished\":\"2014-11-13T15:48:00+00:00\",\"dateModified\":\"2025-05-22T13:01:59+00:00\",\"description\":\"D\u00e9j\u00e0 26 ans depuis que la Tunisie a reconnu l'Etat de Palestine !\",\"breadcrumb\":{\"@id\":\"https:\\\/\\\/www.webdo.tn\\\/fr\\\/actualite\\\/international\\\/deja-26-ans-depuis-tunisie-ait-reconnu-letat-palestine\\\/184283\\\/#breadcrumb\"},\"inLanguage\":\"fr-FR\",\"potentialAction\":[{\"@type\":\"ReadAction\",\"target\":[\"https:\\\/\\\/www.webdo.tn\\\/fr\\\/actualite\\\/international\\\/deja-26-ans-depuis-tunisie-ait-reconnu-letat-palestine\\\/184283\\\/\"]}]},{\"@type\":\"ImageObject\",\"inLanguage\":\"fr-FR\",\"@id\":\"https:\\\/\\\/www.webdo.tn\\\/fr\\\/actualite\\\/international\\\/deja-26-ans-depuis-tunisie-ait-reconnu-letat-palestine\\\/184283\\\/#primaryimage\",\"url\":\"https:\\\/\\\/www.webdo.tn\\\/fr\\\/wp-content\\\/uploads\\\/2014\\\/11\\\/Tunisie-Palestine-e1412060017466.jpg\",\"contentUrl\":\"https:\\\/\\\/www.webdo.tn\\\/fr\\\/wp-content\\\/uploads\\\/2014\\\/11\\\/Tunisie-Palestine-e1412060017466.jpg\",\"width\":250,\"height\":200,\"caption\":\"D\u00e9j\u00e0 26 ans depuis que la Tunisie a reconnu l'Etat de Palestine !\"},{\"@type\":\"BreadcrumbList\",\"@id\":\"https:\\\/\\\/www.webdo.tn\\\/fr\\\/actualite\\\/international\\\/deja-26-ans-depuis-tunisie-ait-reconnu-letat-palestine\\\/184283\\\/#breadcrumb\",\"itemListElement\":[{\"@type\":\"ListItem\",\"position\":1,\"name\":\"Accueil\",\"item\":\"https:\\\/\\\/www.webdo.tn\\\/fr\\\/\"},{\"@type\":\"ListItem\",\"position\":2,\"name\":\"D\u00e9j\u00e0 26 ans depuis que la Tunisie a reconnu l&rsquo;Etat de Palestine !\"}]},{\"@type\":\"WebSite\",\"@id\":\"https:\\\/\\\/www.webdo.tn\\\/fr\\\/#website\",\"url\":\"https:\\\/\\\/www.webdo.tn\\\/fr\\\/\",\"name\":\"webdo\",\"description\":\"Tunisie - News en Tunisie et \u00e0 l&#039;international sur Webdo.tn\",\"publisher\":{\"@id\":\"https:\\\/\\\/www.webdo.tn\\\/fr\\\/#organization\"},\"potentialAction\":[{\"@type\":\"SearchAction\",\"target\":{\"@type\":\"EntryPoint\",\"urlTemplate\":\"https:\\\/\\\/www.webdo.tn\\\/fr\\\/?s={search_term_string}\"},\"query-input\":{\"@type\":\"PropertyValueSpecification\",\"valueRequired\":true,\"valueName\":\"search_term_string\"}}],\"inLanguage\":\"fr-FR\"},{\"@type\":\"Organization\",\"@id\":\"https:\\\/\\\/www.webdo.tn\\\/fr\\\/#organization\",\"name\":\"Webdo\",\"alternateName\":\"Webdo.tn\",\"url\":\"https:\\\/\\\/www.webdo.tn\\\/fr\\\/\",\"logo\":{\"@type\":\"ImageObject\",\"inLanguage\":\"fr-FR\",\"@id\":\"https:\\\/\\\/www.webdo.tn\\\/fr\\\/#\\\/schema\\\/logo\\\/image\\\/\",\"url\":\"https:\\\/\\\/www.webdo.tn\\\/fr\\\/wp-content\\\/uploads\\\/2025\\\/06\\\/Webdo-Tunisie_168377.jpg\",\"contentUrl\":\"https:\\\/\\\/www.webdo.tn\\\/fr\\\/wp-content\\\/uploads\\\/2025\\\/06\\\/Webdo-Tunisie_168377.jpg\",\"width\":301,\"height\":301,\"caption\":\"Webdo\"},\"image\":{\"@id\":\"https:\\\/\\\/www.webdo.tn\\\/fr\\\/#\\\/schema\\\/logo\\\/image\\\/\"},\"sameAs\":[\"https:\\\/\\\/www.facebook.com\\\/webdotn\",\"https:\\\/\\\/x.com\\\/webdo_tn\"],\"description\":\"Webdo est un m\u00e9dia num\u00e9rique tunisien fond\u00e9 en 2010, sp\u00e9cialis\u00e9 dans l\u2019actualit\u00e9 nationale et internationale, l\u2019\u00e9conomie, la soci\u00e9t\u00e9 et les analyses politiques. Le site s\u2019adresse \u00e0 un large public francophone et couvre l\u2019information tunisienne en temps r\u00e9el.\",\"email\":\"redac@webdo.tn\",\"legalName\":\"YNJ SARL\",\"foundingDate\":\"2010-09-06\",\"numberOfEmployees\":{\"@type\":\"QuantitativeValue\",\"minValue\":\"11\",\"maxValue\":\"50\"}},{\"@type\":\"Person\",\"@id\":\"https:\\\/\\\/www.webdo.tn\\\/fr\\\/#\\\/schema\\\/person\\\/9a9c6118d687c117df8ef3cc36a4d175\",\"name\":\"webdo.tn\",\"image\":{\"@type\":\"ImageObject\",\"inLanguage\":\"fr-FR\",\"@id\":\"https:\\\/\\\/secure.gravatar.com\\\/avatar\\\/7ce1f28c0c3bbac99ff550b85ef8e44a6950c6ee24514fb6a5489e51d06f0298?s=96&d=mm&r=g\",\"url\":\"https:\\\/\\\/secure.gravatar.com\\\/avatar\\\/7ce1f28c0c3bbac99ff550b85ef8e44a6950c6ee24514fb6a5489e51d06f0298?s=96&d=mm&r=g\",\"contentUrl\":\"https:\\\/\\\/secure.gravatar.com\\\/avatar\\\/7ce1f28c0c3bbac99ff550b85ef8e44a6950c6ee24514fb6a5489e51d06f0298?s=96&d=mm&r=g\",\"caption\":\"webdo.tn\"},\"url\":\"https:\\\/\\\/www.webdo.tn\\\/fr\\\/actualite\\\/author\\\/webdotn\\\/\"}]}<\/script>\n<!-- \/ Yoast SEO Premium plugin. -->","yoast_head_json":{"title":"D\u00e9j\u00e0 26 ans depuis que la Tunisie a reconnu l'Etat de Palestine !","description":"D\u00e9j\u00e0 26 ans depuis que la Tunisie a reconnu l'Etat de Palestine !","canonical":"https:\/\/www.webdo.tn\/fr\/actualite\/international\/deja-26-ans-depuis-tunisie-ait-reconnu-letat-palestine\/184283\/","og_locale":"fr_FR","og_type":"article","og_title":"D\u00e9j\u00e0 26 ans depuis que la Tunisie a reconnu l'Etat de Palestine !","og_description":"D\u00e9j\u00e0 26 ans depuis que la Tunisie a reconnu l'Etat de Palestine !","og_url":"https:\/\/www.webdo.tn\/fr\/actualite\/international\/deja-26-ans-depuis-tunisie-ait-reconnu-letat-palestine\/184283\/","og_site_name":"webdo","article_publisher":"https:\/\/www.facebook.com\/webdotn","article_published_time":"2014-11-13T15:48:00+00:00","article_modified_time":"2025-05-22T13:01:59+00:00","og_image":[{"width":250,"height":200,"url":"https:\/\/www.webdo.tn\/fr\/wp-content\/uploads\/2014\/11\/Tunisie-Palestine-e1412060017466.jpg","type":"image\/jpeg"}],"author":"webdo.tn","twitter_card":"summary_large_image","twitter_creator":"@webdo_tn","twitter_site":"@webdo_tn","twitter_misc":{"\u00c9crit par":"webdo.tn","Dur\u00e9e de lecture estim\u00e9e":"1 minute"},"schema":{"@context":"https:\/\/schema.org","@graph":[{"@type":"NewsArticle","@id":"https:\/\/www.webdo.tn\/fr\/actualite\/international\/deja-26-ans-depuis-tunisie-ait-reconnu-letat-palestine\/184283\/#article","isPartOf":{"@id":"https:\/\/www.webdo.tn\/fr\/actualite\/international\/deja-26-ans-depuis-tunisie-ait-reconnu-letat-palestine\/184283\/"},"author":{"name":"webdo.tn","@id":"https:\/\/www.webdo.tn\/fr\/#\/schema\/person\/9a9c6118d687c117df8ef3cc36a4d175"},"headline":"D\u00e9j\u00e0 26 ans depuis que la Tunisie a reconnu l&rsquo;Etat de Palestine !","datePublished":"2014-11-13T15:48:00+00:00","dateModified":"2025-05-22T13:01:59+00:00","mainEntityOfPage":{"@id":"https:\/\/www.webdo.tn\/fr\/actualite\/international\/deja-26-ans-depuis-tunisie-ait-reconnu-letat-palestine\/184283\/"},"wordCount":161,"commentCount":0,"publisher":{"@id":"https:\/\/www.webdo.tn\/fr\/#organization"},"image":{"@id":"https:\/\/www.webdo.tn\/fr\/actualite\/international\/deja-26-ans-depuis-tunisie-ait-reconnu-letat-palestine\/184283\/#primaryimage"},"thumbnailUrl":"https:\/\/www.webdo.tn\/fr\/wp-content\/uploads\/2014\/11\/Tunisie-Palestine-e1412060017466.jpg","articleSection":["International"],"inLanguage":"fr-FR"},{"@type":"WebPage","@id":"https:\/\/www.webdo.tn\/fr\/actualite\/international\/deja-26-ans-depuis-tunisie-ait-reconnu-letat-palestine\/184283\/","url":"https:\/\/www.webdo.tn\/fr\/actualite\/international\/deja-26-ans-depuis-tunisie-ait-reconnu-letat-palestine\/184283\/","name":"D\u00e9j\u00e0 26 ans depuis que la Tunisie a reconnu l'Etat de Palestine !","isPartOf":{"@id":"https:\/\/www.webdo.tn\/fr\/#website"},"primaryImageOfPage":{"@id":"https:\/\/www.webdo.tn\/fr\/actualite\/international\/deja-26-ans-depuis-tunisie-ait-reconnu-letat-palestine\/184283\/#primaryimage"},"image":{"@id":"https:\/\/www.webdo.tn\/fr\/actualite\/international\/deja-26-ans-depuis-tunisie-ait-reconnu-letat-palestine\/184283\/#primaryimage"},"thumbnailUrl":"https:\/\/www.webdo.tn\/fr\/wp-content\/uploads\/2014\/11\/Tunisie-Palestine-e1412060017466.jpg","datePublished":"2014-11-13T15:48:00+00:00","dateModified":"2025-05-22T13:01:59+00:00","description":"D\u00e9j\u00e0 26 ans depuis que la Tunisie a reconnu l'Etat de Palestine !","breadcrumb":{"@id":"https:\/\/www.webdo.tn\/fr\/actualite\/international\/deja-26-ans-depuis-tunisie-ait-reconnu-letat-palestine\/184283\/#breadcrumb"},"inLanguage":"fr-FR","potentialAction":[{"@type":"ReadAction","target":["https:\/\/www.webdo.tn\/fr\/actualite\/international\/deja-26-ans-depuis-tunisie-ait-reconnu-letat-palestine\/184283\/"]}]},{"@type":"ImageObject","inLanguage":"fr-FR","@id":"https:\/\/www.webdo.tn\/fr\/actualite\/international\/deja-26-ans-depuis-tunisie-ait-reconnu-letat-palestine\/184283\/#primaryimage","url":"https:\/\/www.webdo.tn\/fr\/wp-content\/uploads\/2014\/11\/Tunisie-Palestine-e1412060017466.jpg","contentUrl":"https:\/\/www.webdo.tn\/fr\/wp-content\/uploads\/2014\/11\/Tunisie-Palestine-e1412060017466.jpg","width":250,"height":200,"caption":"D\u00e9j\u00e0 26 ans depuis que la Tunisie a reconnu l'Etat de Palestine !"},{"@type":"BreadcrumbList","@id":"https:\/\/www.webdo.tn\/fr\/actualite\/international\/deja-26-ans-depuis-tunisie-ait-reconnu-letat-palestine\/184283\/#breadcrumb","itemListElement":[{"@type":"ListItem","position":1,"name":"Accueil","item":"https:\/\/www.webdo.tn\/fr\/"},{"@type":"ListItem","position":2,"name":"D\u00e9j\u00e0 26 ans depuis que la Tunisie a reconnu l&rsquo;Etat de Palestine !"}]},{"@type":"WebSite","@id":"https:\/\/www.webdo.tn\/fr\/#website","url":"https:\/\/www.webdo.tn\/fr\/","name":"webdo","description":"Tunisie - News en Tunisie et \u00e0 l&#039;international sur Webdo.tn","publisher":{"@id":"https:\/\/www.webdo.tn\/fr\/#organization"},"potentialAction":[{"@type":"SearchAction","target":{"@type":"EntryPoint","urlTemplate":"https:\/\/www.webdo.tn\/fr\/?s={search_term_string}"},"query-input":{"@type":"PropertyValueSpecification","valueRequired":true,"valueName":"search_term_string"}}],"inLanguage":"fr-FR"},{"@type":"Organization","@id":"https:\/\/www.webdo.tn\/fr\/#organization","name":"Webdo","alternateName":"Webdo.tn","url":"https:\/\/www.webdo.tn\/fr\/","logo":{"@type":"ImageObject","inLanguage":"fr-FR","@id":"https:\/\/www.webdo.tn\/fr\/#\/schema\/logo\/image\/","url":"https:\/\/www.webdo.tn\/fr\/wp-content\/uploads\/2025\/06\/Webdo-Tunisie_168377.jpg","contentUrl":"https:\/\/www.webdo.tn\/fr\/wp-content\/uploads\/2025\/06\/Webdo-Tunisie_168377.jpg","width":301,"height":301,"caption":"Webdo"},"image":{"@id":"https:\/\/www.webdo.tn\/fr\/#\/schema\/logo\/image\/"},"sameAs":["https:\/\/www.facebook.com\/webdotn","https:\/\/x.com\/webdo_tn"],"description":"Webdo est un m\u00e9dia num\u00e9rique tunisien fond\u00e9 en 2010, sp\u00e9cialis\u00e9 dans l\u2019actualit\u00e9 nationale et internationale, l\u2019\u00e9conomie, la soci\u00e9t\u00e9 et les analyses politiques. Le site s\u2019adresse \u00e0 un large public francophone et couvre l\u2019information tunisienne en temps r\u00e9el.","email":"redac@webdo.tn","legalName":"YNJ SARL","foundingDate":"2010-09-06","numberOfEmployees":{"@type":"QuantitativeValue","minValue":"11","maxValue":"50"}},{"@type":"Person","@id":"https:\/\/www.webdo.tn\/fr\/#\/schema\/person\/9a9c6118d687c117df8ef3cc36a4d175","name":"webdo.tn","image":{"@type":"ImageObject","inLanguage":"fr-FR","@id":"https:\/\/secure.gravatar.com\/avatar\/7ce1f28c0c3bbac99ff550b85ef8e44a6950c6ee24514fb6a5489e51d06f0298?s=96&d=mm&r=g","url":"https:\/\/secure.gravatar.com\/avatar\/7ce1f28c0c3bbac99ff550b85ef8e44a6950c6ee24514fb6a5489e51d06f0298?s=96&d=mm&r=g","contentUrl":"https:\/\/secure.gravatar.com\/avatar\/7ce1f28c0c3bbac99ff550b85ef8e44a6950c6ee24514fb6a5489e51d06f0298?s=96&d=mm&r=g","caption":"webdo.tn"},"url":"https:\/\/www.webdo.tn\/fr\/actualite\/author\/webdotn\/"}]}},"_links":{"self":[{"href":"https:\/\/www.webdo.tn\/fr\/wp-json\/wp\/v2\/posts\/184283","targetHints":{"allow":["GET"]}}],"collection":[{"href":"https:\/\/www.webdo.tn\/fr\/wp-json\/wp\/v2\/posts"}],"about":[{"href":"https:\/\/www.webdo.tn\/fr\/wp-json\/wp\/v2\/types\/post"}],"author":[{"embeddable":true,"href":"https:\/\/www.webdo.tn\/fr\/wp-json\/wp\/v2\/users\/3222"}],"replies":[{"embeddable":true,"href":"https:\/\/www.webdo.tn\/fr\/wp-json\/wp\/v2\/comments?post=184283"}],"version-history":[{"count":0,"href":"https:\/\/www.webdo.tn\/fr\/wp-json\/wp\/v2\/posts\/184283\/revisions"}],"wp:featuredmedia":[{"embeddable":true,"href":"https:\/\/www.webdo.tn\/fr\/wp-json\/wp\/v2\/media\/331155"}],"wp:attachment":[{"href":"https:\/\/www.webdo.tn\/fr\/wp-json\/wp\/v2\/media?parent=184283"}],"wp:term":[{"taxonomy":"category","embeddable":true,"href":"https:\/\/www.webdo.tn\/fr\/wp-json\/wp\/v2\/categories?post=184283"},{"taxonomy":"post_tag","embeddable":true,"href":"https:\/\/www.webdo.tn\/fr\/wp-json\/wp\/v2\/tags?post=184283"}],"curies":[{"name":"wp","href":"https:\/\/api.w.org\/{rel}","templated":true}]}}