{"id":184280,"date":"2014-12-09T16:20:00","date_gmt":"2014-12-09T16:20:00","guid":{"rendered":"https:\/\/www.webdo.tn\/fr\/blog\/france-elu-fn-setait-converti-lislam-demis-ses-fonctions-departementales\/184280\/"},"modified":"2014-12-09T16:20:00","modified_gmt":"2014-12-09T16:20:00","slug":"france-elu-fn-setait-converti-lislam-demis-ses-fonctions-departementales","status":"publish","type":"post","link":"https:\/\/www.webdo.tn\/fr\/actualite\/international\/france-elu-fn-setait-converti-lislam-demis-ses-fonctions-departementales\/184280\/","title":{"rendered":"France : Un \u00e9lu FN qui s&rsquo;\u00e9tait converti \u00e0 l&rsquo;islam d\u00e9mis de ses fonctions d\u00e9partementales"},"content":{"rendered":"<p>Maxence Buttey, \u00e9lu Front national (FN, extr\u00eame droite) en Seine-Saint-Denis (r\u00e9gion parisienne), qui s&rsquo;\u00e9tait converti \u00e0 l&rsquo;islam et avait ensuite \u00e9t\u00e9 temporairement suspendu par son parti qui l&rsquo;accusait de pros\u00e9lytisme, a \u00e9t\u00e9 d\u00e9mis de ses fonctions d\u00e9partementales dans le parti, rapporte l\u2019AFP.<\/p>\n<p>M. Buttey, conseiller municipal FN \u00e0 Noisy-le-Grand, avait \u00e9t\u00e9 suspendu fin octobre par le secr\u00e9taire d\u00e9partemental du parti, qui lui reprochait d&rsquo;avoir fait \u00ab\u00a0ouvertement du pros\u00e9lytisme en envoyant une vid\u00e9o qui vantait l&rsquo;islam\u00a0\u00bb \u00e0 une dizaine de cadres locaux.<\/p>\n<p>Entendu par le \u00ab\u00a0bureau ex\u00e9cutif du parti r\u00e9uni en commission des conflits\u00a0\u00bb le 31 octobre, M. Buttey avait vu sa suspension lev\u00e9e avec un simple \u00ab\u00a0rappel aux devoirs\u00a0\u00bb, mais depuis, plusieurs responsables FN avaient critiqu\u00e9 le comportement de l&rsquo;\u00e9lu qui s&rsquo;\u00e9tait expliqu\u00e9 dans plusieurs m\u00e9dias. Marion Mar\u00e9chal-Le Pen avait demand\u00e9 \u00e0 nouveau qu&rsquo;il soit suspendu.<\/p>\n<p>M. Buttey a appris cette d\u00e9cision par mail. \u00ab\u00a0Il y a au sein du FN beaucoup d&rsquo;islamophobes, je ne les juge pas, c&rsquo;est un fait\u00a0\u00bb, a-t-il d\u00e9clar\u00e9 au Parisien.<\/p>\n","protected":false},"excerpt":{"rendered":"<p>France : Un \u00e9lu FN qui s&rsquo;\u00e9tait converti \u00e0 l&rsquo;islam d\u00e9mis de ses fonctions d\u00e9partementales<\/p>\n","protected":false},"author":3222,"featured_media":331036,"comment_status":"open","ping_status":"closed","sticky":false,"template":"","format":"standard","meta":{"footnotes":""},"categories":[2598],"tags":[2600],"class_list":["post-184280","post","type-post","status-publish","format-standard","has-post-thumbnail","hentry","category-international","tag-guerre"],"yoast_head":"<!-- This site is optimized with the Yoast SEO Premium plugin v27.5 (Yoast SEO v27.5) - https:\/\/yoast.com\/product\/yoast-seo-premium-wordpress\/ -->\n<title>France : Un \u00e9lu FN qui s&#039;\u00e9tait converti \u00e0 l&#039;islam d\u00e9mis de ses fonctions d\u00e9partementales<\/title>\n<meta name=\"description\" content=\"France : Un \u00e9lu FN qui s&#039;\u00e9tait converti \u00e0 l&#039;islam d\u00e9mis de ses fonctions d\u00e9partementales\" \/>\n<link rel=\"canonical\" href=\"https:\/\/www.webdo.tn\/fr\/actualite\/international\/france-elu-fn-setait-converti-lislam-demis-ses-fonctions-departementales\/184280\/\" \/>\n<meta property=\"og:locale\" content=\"fr_FR\" \/>\n<meta property=\"og:type\" content=\"article\" \/>\n<meta property=\"og:title\" content=\"France : Un \u00e9lu FN qui s&#039;\u00e9tait converti \u00e0 l&#039;islam d\u00e9mis de ses fonctions d\u00e9partementales\" \/>\n<meta property=\"og:description\" content=\"France : Un \u00e9lu FN qui s&#039;\u00e9tait converti \u00e0 l&#039;islam d\u00e9mis de ses fonctions d\u00e9partementales\" \/>\n<meta property=\"og:url\" content=\"https:\/\/www.webdo.tn\/fr\/actualite\/international\/france-elu-fn-setait-converti-lislam-demis-ses-fonctions-departementales\/184280\/\" \/>\n<meta property=\"og:site_name\" content=\"webdo\" \/>\n<meta property=\"article:publisher\" content=\"https:\/\/www.facebook.com\/webdotn\" \/>\n<meta property=\"article:published_time\" content=\"2014-12-09T16:20:00+00:00\" \/>\n<meta property=\"og:image\" content=\"https:\/\/www.webdo.tn\/fr\/wp-content\/uploads\/2014\/12\/maxence-buttey-credit-noiseen.fr_.jpg\" \/>\n\t<meta property=\"og:image:width\" content=\"200\" \/>\n\t<meta property=\"og:image:height\" content=\"262\" \/>\n\t<meta property=\"og:image:type\" content=\"image\/jpeg\" \/>\n<meta name=\"author\" content=\"webdo.tn\" \/>\n<meta name=\"twitter:card\" content=\"summary_large_image\" \/>\n<meta name=\"twitter:creator\" content=\"@webdo_tn\" \/>\n<meta name=\"twitter:site\" content=\"@webdo_tn\" \/>\n<meta name=\"twitter:label1\" content=\"\u00c9crit par\" \/>\n\t<meta name=\"twitter:data1\" content=\"webdo.tn\" \/>\n\t<meta name=\"twitter:label2\" content=\"Dur\u00e9e de lecture estim\u00e9e\" \/>\n\t<meta name=\"twitter:data2\" content=\"1 minute\" \/>\n<script type=\"application\/ld+json\" class=\"yoast-schema-graph\">{\"@context\":\"https:\\\/\\\/schema.org\",\"@graph\":[{\"@type\":\"NewsArticle\",\"@id\":\"https:\\\/\\\/www.webdo.tn\\\/fr\\\/actualite\\\/international\\\/france-elu-fn-setait-converti-lislam-demis-ses-fonctions-departementales\\\/184280\\\/#article\",\"isPartOf\":{\"@id\":\"https:\\\/\\\/www.webdo.tn\\\/fr\\\/actualite\\\/international\\\/france-elu-fn-setait-converti-lislam-demis-ses-fonctions-departementales\\\/184280\\\/\"},\"author\":{\"name\":\"webdo.tn\",\"@id\":\"https:\\\/\\\/www.webdo.tn\\\/fr\\\/#\\\/schema\\\/person\\\/9a9c6118d687c117df8ef3cc36a4d175\"},\"headline\":\"France : Un \u00e9lu FN qui s&rsquo;\u00e9tait converti \u00e0 l&rsquo;islam d\u00e9mis de ses fonctions d\u00e9partementales\",\"datePublished\":\"2014-12-09T16:20:00+00:00\",\"mainEntityOfPage\":{\"@id\":\"https:\\\/\\\/www.webdo.tn\\\/fr\\\/actualite\\\/international\\\/france-elu-fn-setait-converti-lislam-demis-ses-fonctions-departementales\\\/184280\\\/\"},\"wordCount\":204,\"commentCount\":0,\"publisher\":{\"@id\":\"https:\\\/\\\/www.webdo.tn\\\/fr\\\/#organization\"},\"image\":{\"@id\":\"https:\\\/\\\/www.webdo.tn\\\/fr\\\/actualite\\\/international\\\/france-elu-fn-setait-converti-lislam-demis-ses-fonctions-departementales\\\/184280\\\/#primaryimage\"},\"thumbnailUrl\":\"https:\\\/\\\/www.webdo.tn\\\/fr\\\/wp-content\\\/uploads\\\/2014\\\/12\\\/maxence-buttey-credit-noiseen.fr_.jpg\",\"keywords\":[\"guerre\"],\"articleSection\":[\"International\"],\"inLanguage\":\"fr-FR\"},{\"@type\":\"WebPage\",\"@id\":\"https:\\\/\\\/www.webdo.tn\\\/fr\\\/actualite\\\/international\\\/france-elu-fn-setait-converti-lislam-demis-ses-fonctions-departementales\\\/184280\\\/\",\"url\":\"https:\\\/\\\/www.webdo.tn\\\/fr\\\/actualite\\\/international\\\/france-elu-fn-setait-converti-lislam-demis-ses-fonctions-departementales\\\/184280\\\/\",\"name\":\"France : Un \u00e9lu FN qui s'\u00e9tait converti \u00e0 l'islam d\u00e9mis de ses fonctions d\u00e9partementales\",\"isPartOf\":{\"@id\":\"https:\\\/\\\/www.webdo.tn\\\/fr\\\/#website\"},\"primaryImageOfPage\":{\"@id\":\"https:\\\/\\\/www.webdo.tn\\\/fr\\\/actualite\\\/international\\\/france-elu-fn-setait-converti-lislam-demis-ses-fonctions-departementales\\\/184280\\\/#primaryimage\"},\"image\":{\"@id\":\"https:\\\/\\\/www.webdo.tn\\\/fr\\\/actualite\\\/international\\\/france-elu-fn-setait-converti-lislam-demis-ses-fonctions-departementales\\\/184280\\\/#primaryimage\"},\"thumbnailUrl\":\"https:\\\/\\\/www.webdo.tn\\\/fr\\\/wp-content\\\/uploads\\\/2014\\\/12\\\/maxence-buttey-credit-noiseen.fr_.jpg\",\"datePublished\":\"2014-12-09T16:20:00+00:00\",\"description\":\"France : Un \u00e9lu FN qui s'\u00e9tait converti \u00e0 l'islam d\u00e9mis de ses fonctions d\u00e9partementales\",\"breadcrumb\":{\"@id\":\"https:\\\/\\\/www.webdo.tn\\\/fr\\\/actualite\\\/international\\\/france-elu-fn-setait-converti-lislam-demis-ses-fonctions-departementales\\\/184280\\\/#breadcrumb\"},\"inLanguage\":\"fr-FR\",\"potentialAction\":[{\"@type\":\"ReadAction\",\"target\":[\"https:\\\/\\\/www.webdo.tn\\\/fr\\\/actualite\\\/international\\\/france-elu-fn-setait-converti-lislam-demis-ses-fonctions-departementales\\\/184280\\\/\"]}]},{\"@type\":\"ImageObject\",\"inLanguage\":\"fr-FR\",\"@id\":\"https:\\\/\\\/www.webdo.tn\\\/fr\\\/actualite\\\/international\\\/france-elu-fn-setait-converti-lislam-demis-ses-fonctions-departementales\\\/184280\\\/#primaryimage\",\"url\":\"https:\\\/\\\/www.webdo.tn\\\/fr\\\/wp-content\\\/uploads\\\/2014\\\/12\\\/maxence-buttey-credit-noiseen.fr_.jpg\",\"contentUrl\":\"https:\\\/\\\/www.webdo.tn\\\/fr\\\/wp-content\\\/uploads\\\/2014\\\/12\\\/maxence-buttey-credit-noiseen.fr_.jpg\",\"width\":200,\"height\":262,\"caption\":\"France : Un \u00e9lu FN qui s'\u00e9tait converti \u00e0 l'islam d\u00e9mis de ses fonctions d\u00e9partementales\"},{\"@type\":\"BreadcrumbList\",\"@id\":\"https:\\\/\\\/www.webdo.tn\\\/fr\\\/actualite\\\/international\\\/france-elu-fn-setait-converti-lislam-demis-ses-fonctions-departementales\\\/184280\\\/#breadcrumb\",\"itemListElement\":[{\"@type\":\"ListItem\",\"position\":1,\"name\":\"Accueil\",\"item\":\"https:\\\/\\\/www.webdo.tn\\\/fr\\\/\"},{\"@type\":\"ListItem\",\"position\":2,\"name\":\"France : Un \u00e9lu FN qui s&rsquo;\u00e9tait converti \u00e0 l&rsquo;islam d\u00e9mis de ses fonctions d\u00e9partementales\"}]},{\"@type\":\"WebSite\",\"@id\":\"https:\\\/\\\/www.webdo.tn\\\/fr\\\/#website\",\"url\":\"https:\\\/\\\/www.webdo.tn\\\/fr\\\/\",\"name\":\"webdo\",\"description\":\"Tunisie - News en Tunisie et \u00e0 l&#039;international sur Webdo.tn\",\"publisher\":{\"@id\":\"https:\\\/\\\/www.webdo.tn\\\/fr\\\/#organization\"},\"potentialAction\":[{\"@type\":\"SearchAction\",\"target\":{\"@type\":\"EntryPoint\",\"urlTemplate\":\"https:\\\/\\\/www.webdo.tn\\\/fr\\\/?s={search_term_string}\"},\"query-input\":{\"@type\":\"PropertyValueSpecification\",\"valueRequired\":true,\"valueName\":\"search_term_string\"}}],\"inLanguage\":\"fr-FR\"},{\"@type\":\"Organization\",\"@id\":\"https:\\\/\\\/www.webdo.tn\\\/fr\\\/#organization\",\"name\":\"Webdo\",\"alternateName\":\"Webdo.tn\",\"url\":\"https:\\\/\\\/www.webdo.tn\\\/fr\\\/\",\"logo\":{\"@type\":\"ImageObject\",\"inLanguage\":\"fr-FR\",\"@id\":\"https:\\\/\\\/www.webdo.tn\\\/fr\\\/#\\\/schema\\\/logo\\\/image\\\/\",\"url\":\"https:\\\/\\\/www.webdo.tn\\\/fr\\\/wp-content\\\/uploads\\\/2025\\\/06\\\/Webdo-Tunisie_168377.jpg\",\"contentUrl\":\"https:\\\/\\\/www.webdo.tn\\\/fr\\\/wp-content\\\/uploads\\\/2025\\\/06\\\/Webdo-Tunisie_168377.jpg\",\"width\":301,\"height\":301,\"caption\":\"Webdo\"},\"image\":{\"@id\":\"https:\\\/\\\/www.webdo.tn\\\/fr\\\/#\\\/schema\\\/logo\\\/image\\\/\"},\"sameAs\":[\"https:\\\/\\\/www.facebook.com\\\/webdotn\",\"https:\\\/\\\/x.com\\\/webdo_tn\"],\"description\":\"Webdo est un m\u00e9dia num\u00e9rique tunisien fond\u00e9 en 2010, sp\u00e9cialis\u00e9 dans l\u2019actualit\u00e9 nationale et internationale, l\u2019\u00e9conomie, la soci\u00e9t\u00e9 et les analyses politiques. Le site s\u2019adresse \u00e0 un large public francophone et couvre l\u2019information tunisienne en temps r\u00e9el.\",\"email\":\"redac@webdo.tn\",\"legalName\":\"YNJ SARL\",\"foundingDate\":\"2010-09-06\",\"numberOfEmployees\":{\"@type\":\"QuantitativeValue\",\"minValue\":\"11\",\"maxValue\":\"50\"}},{\"@type\":\"Person\",\"@id\":\"https:\\\/\\\/www.webdo.tn\\\/fr\\\/#\\\/schema\\\/person\\\/9a9c6118d687c117df8ef3cc36a4d175\",\"name\":\"webdo.tn\",\"image\":{\"@type\":\"ImageObject\",\"inLanguage\":\"fr-FR\",\"@id\":\"https:\\\/\\\/secure.gravatar.com\\\/avatar\\\/7ce1f28c0c3bbac99ff550b85ef8e44a6950c6ee24514fb6a5489e51d06f0298?s=96&d=mm&r=g\",\"url\":\"https:\\\/\\\/secure.gravatar.com\\\/avatar\\\/7ce1f28c0c3bbac99ff550b85ef8e44a6950c6ee24514fb6a5489e51d06f0298?s=96&d=mm&r=g\",\"contentUrl\":\"https:\\\/\\\/secure.gravatar.com\\\/avatar\\\/7ce1f28c0c3bbac99ff550b85ef8e44a6950c6ee24514fb6a5489e51d06f0298?s=96&d=mm&r=g\",\"caption\":\"webdo.tn\"},\"url\":\"https:\\\/\\\/www.webdo.tn\\\/fr\\\/actualite\\\/author\\\/webdotn\\\/\"}]}<\/script>\n<!-- \/ Yoast SEO Premium plugin. -->","yoast_head_json":{"title":"France : Un \u00e9lu FN qui s'\u00e9tait converti \u00e0 l'islam d\u00e9mis de ses fonctions d\u00e9partementales","description":"France : Un \u00e9lu FN qui s'\u00e9tait converti \u00e0 l'islam d\u00e9mis de ses fonctions d\u00e9partementales","canonical":"https:\/\/www.webdo.tn\/fr\/actualite\/international\/france-elu-fn-setait-converti-lislam-demis-ses-fonctions-departementales\/184280\/","og_locale":"fr_FR","og_type":"article","og_title":"France : Un \u00e9lu FN qui s'\u00e9tait converti \u00e0 l'islam d\u00e9mis de ses fonctions d\u00e9partementales","og_description":"France : Un \u00e9lu FN qui s'\u00e9tait converti \u00e0 l'islam d\u00e9mis de ses fonctions d\u00e9partementales","og_url":"https:\/\/www.webdo.tn\/fr\/actualite\/international\/france-elu-fn-setait-converti-lislam-demis-ses-fonctions-departementales\/184280\/","og_site_name":"webdo","article_publisher":"https:\/\/www.facebook.com\/webdotn","article_published_time":"2014-12-09T16:20:00+00:00","og_image":[{"width":200,"height":262,"url":"https:\/\/www.webdo.tn\/fr\/wp-content\/uploads\/2014\/12\/maxence-buttey-credit-noiseen.fr_.jpg","type":"image\/jpeg"}],"author":"webdo.tn","twitter_card":"summary_large_image","twitter_creator":"@webdo_tn","twitter_site":"@webdo_tn","twitter_misc":{"\u00c9crit par":"webdo.tn","Dur\u00e9e de lecture estim\u00e9e":"1 minute"},"schema":{"@context":"https:\/\/schema.org","@graph":[{"@type":"NewsArticle","@id":"https:\/\/www.webdo.tn\/fr\/actualite\/international\/france-elu-fn-setait-converti-lislam-demis-ses-fonctions-departementales\/184280\/#article","isPartOf":{"@id":"https:\/\/www.webdo.tn\/fr\/actualite\/international\/france-elu-fn-setait-converti-lislam-demis-ses-fonctions-departementales\/184280\/"},"author":{"name":"webdo.tn","@id":"https:\/\/www.webdo.tn\/fr\/#\/schema\/person\/9a9c6118d687c117df8ef3cc36a4d175"},"headline":"France : Un \u00e9lu FN qui s&rsquo;\u00e9tait converti \u00e0 l&rsquo;islam d\u00e9mis de ses fonctions d\u00e9partementales","datePublished":"2014-12-09T16:20:00+00:00","mainEntityOfPage":{"@id":"https:\/\/www.webdo.tn\/fr\/actualite\/international\/france-elu-fn-setait-converti-lislam-demis-ses-fonctions-departementales\/184280\/"},"wordCount":204,"commentCount":0,"publisher":{"@id":"https:\/\/www.webdo.tn\/fr\/#organization"},"image":{"@id":"https:\/\/www.webdo.tn\/fr\/actualite\/international\/france-elu-fn-setait-converti-lislam-demis-ses-fonctions-departementales\/184280\/#primaryimage"},"thumbnailUrl":"https:\/\/www.webdo.tn\/fr\/wp-content\/uploads\/2014\/12\/maxence-buttey-credit-noiseen.fr_.jpg","keywords":["guerre"],"articleSection":["International"],"inLanguage":"fr-FR"},{"@type":"WebPage","@id":"https:\/\/www.webdo.tn\/fr\/actualite\/international\/france-elu-fn-setait-converti-lislam-demis-ses-fonctions-departementales\/184280\/","url":"https:\/\/www.webdo.tn\/fr\/actualite\/international\/france-elu-fn-setait-converti-lislam-demis-ses-fonctions-departementales\/184280\/","name":"France : Un \u00e9lu FN qui s'\u00e9tait converti \u00e0 l'islam d\u00e9mis de ses fonctions d\u00e9partementales","isPartOf":{"@id":"https:\/\/www.webdo.tn\/fr\/#website"},"primaryImageOfPage":{"@id":"https:\/\/www.webdo.tn\/fr\/actualite\/international\/france-elu-fn-setait-converti-lislam-demis-ses-fonctions-departementales\/184280\/#primaryimage"},"image":{"@id":"https:\/\/www.webdo.tn\/fr\/actualite\/international\/france-elu-fn-setait-converti-lislam-demis-ses-fonctions-departementales\/184280\/#primaryimage"},"thumbnailUrl":"https:\/\/www.webdo.tn\/fr\/wp-content\/uploads\/2014\/12\/maxence-buttey-credit-noiseen.fr_.jpg","datePublished":"2014-12-09T16:20:00+00:00","description":"France : Un \u00e9lu FN qui s'\u00e9tait converti \u00e0 l'islam d\u00e9mis de ses fonctions d\u00e9partementales","breadcrumb":{"@id":"https:\/\/www.webdo.tn\/fr\/actualite\/international\/france-elu-fn-setait-converti-lislam-demis-ses-fonctions-departementales\/184280\/#breadcrumb"},"inLanguage":"fr-FR","potentialAction":[{"@type":"ReadAction","target":["https:\/\/www.webdo.tn\/fr\/actualite\/international\/france-elu-fn-setait-converti-lislam-demis-ses-fonctions-departementales\/184280\/"]}]},{"@type":"ImageObject","inLanguage":"fr-FR","@id":"https:\/\/www.webdo.tn\/fr\/actualite\/international\/france-elu-fn-setait-converti-lislam-demis-ses-fonctions-departementales\/184280\/#primaryimage","url":"https:\/\/www.webdo.tn\/fr\/wp-content\/uploads\/2014\/12\/maxence-buttey-credit-noiseen.fr_.jpg","contentUrl":"https:\/\/www.webdo.tn\/fr\/wp-content\/uploads\/2014\/12\/maxence-buttey-credit-noiseen.fr_.jpg","width":200,"height":262,"caption":"France : Un \u00e9lu FN qui s'\u00e9tait converti \u00e0 l'islam d\u00e9mis de ses fonctions d\u00e9partementales"},{"@type":"BreadcrumbList","@id":"https:\/\/www.webdo.tn\/fr\/actualite\/international\/france-elu-fn-setait-converti-lislam-demis-ses-fonctions-departementales\/184280\/#breadcrumb","itemListElement":[{"@type":"ListItem","position":1,"name":"Accueil","item":"https:\/\/www.webdo.tn\/fr\/"},{"@type":"ListItem","position":2,"name":"France : Un \u00e9lu FN qui s&rsquo;\u00e9tait converti \u00e0 l&rsquo;islam d\u00e9mis de ses fonctions d\u00e9partementales"}]},{"@type":"WebSite","@id":"https:\/\/www.webdo.tn\/fr\/#website","url":"https:\/\/www.webdo.tn\/fr\/","name":"webdo","description":"Tunisie - News en Tunisie et \u00e0 l&#039;international sur Webdo.tn","publisher":{"@id":"https:\/\/www.webdo.tn\/fr\/#organization"},"potentialAction":[{"@type":"SearchAction","target":{"@type":"EntryPoint","urlTemplate":"https:\/\/www.webdo.tn\/fr\/?s={search_term_string}"},"query-input":{"@type":"PropertyValueSpecification","valueRequired":true,"valueName":"search_term_string"}}],"inLanguage":"fr-FR"},{"@type":"Organization","@id":"https:\/\/www.webdo.tn\/fr\/#organization","name":"Webdo","alternateName":"Webdo.tn","url":"https:\/\/www.webdo.tn\/fr\/","logo":{"@type":"ImageObject","inLanguage":"fr-FR","@id":"https:\/\/www.webdo.tn\/fr\/#\/schema\/logo\/image\/","url":"https:\/\/www.webdo.tn\/fr\/wp-content\/uploads\/2025\/06\/Webdo-Tunisie_168377.jpg","contentUrl":"https:\/\/www.webdo.tn\/fr\/wp-content\/uploads\/2025\/06\/Webdo-Tunisie_168377.jpg","width":301,"height":301,"caption":"Webdo"},"image":{"@id":"https:\/\/www.webdo.tn\/fr\/#\/schema\/logo\/image\/"},"sameAs":["https:\/\/www.facebook.com\/webdotn","https:\/\/x.com\/webdo_tn"],"description":"Webdo est un m\u00e9dia num\u00e9rique tunisien fond\u00e9 en 2010, sp\u00e9cialis\u00e9 dans l\u2019actualit\u00e9 nationale et internationale, l\u2019\u00e9conomie, la soci\u00e9t\u00e9 et les analyses politiques. Le site s\u2019adresse \u00e0 un large public francophone et couvre l\u2019information tunisienne en temps r\u00e9el.","email":"redac@webdo.tn","legalName":"YNJ SARL","foundingDate":"2010-09-06","numberOfEmployees":{"@type":"QuantitativeValue","minValue":"11","maxValue":"50"}},{"@type":"Person","@id":"https:\/\/www.webdo.tn\/fr\/#\/schema\/person\/9a9c6118d687c117df8ef3cc36a4d175","name":"webdo.tn","image":{"@type":"ImageObject","inLanguage":"fr-FR","@id":"https:\/\/secure.gravatar.com\/avatar\/7ce1f28c0c3bbac99ff550b85ef8e44a6950c6ee24514fb6a5489e51d06f0298?s=96&d=mm&r=g","url":"https:\/\/secure.gravatar.com\/avatar\/7ce1f28c0c3bbac99ff550b85ef8e44a6950c6ee24514fb6a5489e51d06f0298?s=96&d=mm&r=g","contentUrl":"https:\/\/secure.gravatar.com\/avatar\/7ce1f28c0c3bbac99ff550b85ef8e44a6950c6ee24514fb6a5489e51d06f0298?s=96&d=mm&r=g","caption":"webdo.tn"},"url":"https:\/\/www.webdo.tn\/fr\/actualite\/author\/webdotn\/"}]}},"_links":{"self":[{"href":"https:\/\/www.webdo.tn\/fr\/wp-json\/wp\/v2\/posts\/184280","targetHints":{"allow":["GET"]}}],"collection":[{"href":"https:\/\/www.webdo.tn\/fr\/wp-json\/wp\/v2\/posts"}],"about":[{"href":"https:\/\/www.webdo.tn\/fr\/wp-json\/wp\/v2\/types\/post"}],"author":[{"embeddable":true,"href":"https:\/\/www.webdo.tn\/fr\/wp-json\/wp\/v2\/users\/3222"}],"replies":[{"embeddable":true,"href":"https:\/\/www.webdo.tn\/fr\/wp-json\/wp\/v2\/comments?post=184280"}],"version-history":[{"count":0,"href":"https:\/\/www.webdo.tn\/fr\/wp-json\/wp\/v2\/posts\/184280\/revisions"}],"wp:featuredmedia":[{"embeddable":true,"href":"https:\/\/www.webdo.tn\/fr\/wp-json\/wp\/v2\/media\/331036"}],"wp:attachment":[{"href":"https:\/\/www.webdo.tn\/fr\/wp-json\/wp\/v2\/media?parent=184280"}],"wp:term":[{"taxonomy":"category","embeddable":true,"href":"https:\/\/www.webdo.tn\/fr\/wp-json\/wp\/v2\/categories?post=184280"},{"taxonomy":"post_tag","embeddable":true,"href":"https:\/\/www.webdo.tn\/fr\/wp-json\/wp\/v2\/tags?post=184280"}],"curies":[{"name":"wp","href":"https:\/\/api.w.org\/{rel}","templated":true}]}}