{"id":184279,"date":"2014-12-11T16:10:00","date_gmt":"2014-12-11T16:10:00","guid":{"rendered":"https:\/\/www.webdo.tn\/fr\/blog\/les-combattants-debola-elus-personnalites-lannee-2014-magazine-time\/184279\/"},"modified":"2014-12-11T16:10:00","modified_gmt":"2014-12-11T16:10:00","slug":"les-combattants-debola-elus-personnalites-lannee-2014-magazine-time","status":"publish","type":"post","link":"https:\/\/www.webdo.tn\/fr\/actualite\/international\/les-combattants-debola-elus-personnalites-lannee-2014-magazine-time\/184279\/","title":{"rendered":"Les \u00ab\u00a0combattants d&rsquo;Ebola\u00a0\u00bb \u00e9lus personnalit\u00e9s de l&rsquo;ann\u00e9e 2014 par le magazine Time"},"content":{"rendered":"<p>Les \u00ab\u00a0combattants d&rsquo;Ebola\u00a0\u00bb ont \u00e9t\u00e9 d\u00e9sign\u00e9s personnalit\u00e9s de l&rsquo;ann\u00e9e 2014 par le magazine am\u00e9ricain Time qui d\u00e9cerne ce prix chaque ann\u00e9e.<\/p>\n<p>Les \u00ab\u00a0combattants d&rsquo;Ebola\u00a0\u00bb, comme les a surnomm\u00e9 Time, ont \u00e9t\u00e9 choisis pour \u00ab\u00a0avoir risqu\u00e9 (leur vie) et persist\u00e9 dans leur travail \u00e0 sauver des vies jusqu&rsquo;\u00e0 sacrifier la leur voire celle d&rsquo;autre\u00a0personnes\u00a0\u00bb, citant des m\u00e9decins qui ont \u00e9t\u00e9 les premiers \u00e0 se rendre sur les lieux o\u00f9 s&rsquo;est propag\u00e9e l&rsquo;\u00e9pid\u00e9mie d&rsquo;Ebola afin de sauver des vies.<\/p>\n<p>Le nombre de morts dus \u00e0 l&rsquo;\u00e9pid\u00e9mie de fi\u00e8vre h\u00e9morragique Ebola dans les trois pays les plus touch\u00e9s d&rsquo;Afrique de l&rsquo;Ouest (Liberia, Sierra Leone et Guin\u00e9e) s&rsquo;\u00e9l\u00e8ve \u00e0 6331, sur un total de 17.800 cas, selon le dernier bilan de l&rsquo;Organisation mondiale de la sant\u00e9.<\/p>\n<p>Le magazine Time consacre depuis 1927 une personnalit\u00e9 comme \u00e9tant la personne de l&rsquo;ann\u00e9e.<\/p>\n<p>Les protestataires de Ferguson aux Etats-Unis figurent en seconde place de ce classement, devan\u00e7ant le pr\u00e9sident russe Vladimir Poutine, le pr\u00e9sident du gouvernement r\u00e9gional du Kurdistan Massoud Barzani ainsi que l&rsquo;homme d&rsquo;affaires chinois Jack Ma, pr\u00e9sident du groupe AliBaba.<\/p>\n","protected":false},"excerpt":{"rendered":"<p>Les  combattants d&rsquo;Ebola  \u00e9lus personnalit\u00e9s de l&rsquo;ann\u00e9e 2014 par le magazine Time<\/p>\n","protected":false},"author":3222,"featured_media":331019,"comment_status":"open","ping_status":"closed","sticky":false,"template":"","format":"standard","meta":{"footnotes":""},"categories":[2598],"tags":[2600],"class_list":["post-184279","post","type-post","status-publish","format-standard","has-post-thumbnail","hentry","category-international","tag-guerre"],"yoast_head":"<!-- This site is optimized with the Yoast SEO Premium plugin v27.5 (Yoast SEO v27.5) - https:\/\/yoast.com\/product\/yoast-seo-premium-wordpress\/ -->\n<title>Les combattants d&#039;Ebola \u00e9lus personnalit\u00e9s de l&#039;ann\u00e9e 2014 par le magazine Time<\/title>\n<meta name=\"description\" content=\"Les combattants d&#039;Ebola \u00e9lus personnalit\u00e9s de l&#039;ann\u00e9e 2014 par le magazine Time\" \/>\n<link rel=\"canonical\" href=\"https:\/\/www.webdo.tn\/fr\/actualite\/international\/les-combattants-debola-elus-personnalites-lannee-2014-magazine-time\/184279\/\" \/>\n<meta property=\"og:locale\" content=\"fr_FR\" \/>\n<meta property=\"og:type\" content=\"article\" \/>\n<meta property=\"og:title\" content=\"Les &quot;combattants d&#039;Ebola&quot; \u00e9lus personnalit\u00e9s de l&#039;ann\u00e9e 2014 par le magazine Time\" \/>\n<meta property=\"og:description\" content=\"Les combattants d&#039;Ebola \u00e9lus personnalit\u00e9s de l&#039;ann\u00e9e 2014 par le magazine Time\" \/>\n<meta property=\"og:url\" content=\"https:\/\/www.webdo.tn\/fr\/actualite\/international\/les-combattants-debola-elus-personnalites-lannee-2014-magazine-time\/184279\/\" \/>\n<meta property=\"og:site_name\" content=\"webdo\" \/>\n<meta property=\"article:publisher\" content=\"https:\/\/www.facebook.com\/webdotn\" \/>\n<meta property=\"article:published_time\" content=\"2014-12-11T16:10:00+00:00\" \/>\n<meta property=\"og:image\" content=\"https:\/\/www.webdo.tn\/fr\/wp-content\/uploads\/2014\/12\/1012-Time.jpg\" \/>\n\t<meta property=\"og:image:width\" content=\"485\" \/>\n\t<meta property=\"og:image:height\" content=\"333\" \/>\n\t<meta property=\"og:image:type\" content=\"image\/jpeg\" \/>\n<meta name=\"author\" content=\"webdo.tn\" \/>\n<meta name=\"twitter:card\" content=\"summary_large_image\" \/>\n<meta name=\"twitter:creator\" content=\"@webdo_tn\" \/>\n<meta name=\"twitter:site\" content=\"@webdo_tn\" \/>\n<meta name=\"twitter:label1\" content=\"\u00c9crit par\" \/>\n\t<meta name=\"twitter:data1\" content=\"webdo.tn\" \/>\n\t<meta name=\"twitter:label2\" content=\"Dur\u00e9e de lecture estim\u00e9e\" \/>\n\t<meta name=\"twitter:data2\" content=\"1 minute\" \/>\n<script type=\"application\/ld+json\" class=\"yoast-schema-graph\">{\"@context\":\"https:\\\/\\\/schema.org\",\"@graph\":[{\"@type\":\"NewsArticle\",\"@id\":\"https:\\\/\\\/www.webdo.tn\\\/fr\\\/actualite\\\/international\\\/les-combattants-debola-elus-personnalites-lannee-2014-magazine-time\\\/184279\\\/#article\",\"isPartOf\":{\"@id\":\"https:\\\/\\\/www.webdo.tn\\\/fr\\\/actualite\\\/international\\\/les-combattants-debola-elus-personnalites-lannee-2014-magazine-time\\\/184279\\\/\"},\"author\":{\"name\":\"webdo.tn\",\"@id\":\"https:\\\/\\\/www.webdo.tn\\\/fr\\\/#\\\/schema\\\/person\\\/9a9c6118d687c117df8ef3cc36a4d175\"},\"headline\":\"Les \u00ab\u00a0combattants d&rsquo;Ebola\u00a0\u00bb \u00e9lus personnalit\u00e9s de l&rsquo;ann\u00e9e 2014 par le magazine Time\",\"datePublished\":\"2014-12-11T16:10:00+00:00\",\"mainEntityOfPage\":{\"@id\":\"https:\\\/\\\/www.webdo.tn\\\/fr\\\/actualite\\\/international\\\/les-combattants-debola-elus-personnalites-lannee-2014-magazine-time\\\/184279\\\/\"},\"wordCount\":220,\"commentCount\":0,\"publisher\":{\"@id\":\"https:\\\/\\\/www.webdo.tn\\\/fr\\\/#organization\"},\"image\":{\"@id\":\"https:\\\/\\\/www.webdo.tn\\\/fr\\\/actualite\\\/international\\\/les-combattants-debola-elus-personnalites-lannee-2014-magazine-time\\\/184279\\\/#primaryimage\"},\"thumbnailUrl\":\"https:\\\/\\\/www.webdo.tn\\\/fr\\\/wp-content\\\/uploads\\\/2014\\\/12\\\/1012-Time.jpg\",\"keywords\":[\"guerre\"],\"articleSection\":[\"International\"],\"inLanguage\":\"fr-FR\"},{\"@type\":\"WebPage\",\"@id\":\"https:\\\/\\\/www.webdo.tn\\\/fr\\\/actualite\\\/international\\\/les-combattants-debola-elus-personnalites-lannee-2014-magazine-time\\\/184279\\\/\",\"url\":\"https:\\\/\\\/www.webdo.tn\\\/fr\\\/actualite\\\/international\\\/les-combattants-debola-elus-personnalites-lannee-2014-magazine-time\\\/184279\\\/\",\"name\":\"Les combattants d'Ebola \u00e9lus personnalit\u00e9s de l'ann\u00e9e 2014 par le magazine Time\",\"isPartOf\":{\"@id\":\"https:\\\/\\\/www.webdo.tn\\\/fr\\\/#website\"},\"primaryImageOfPage\":{\"@id\":\"https:\\\/\\\/www.webdo.tn\\\/fr\\\/actualite\\\/international\\\/les-combattants-debola-elus-personnalites-lannee-2014-magazine-time\\\/184279\\\/#primaryimage\"},\"image\":{\"@id\":\"https:\\\/\\\/www.webdo.tn\\\/fr\\\/actualite\\\/international\\\/les-combattants-debola-elus-personnalites-lannee-2014-magazine-time\\\/184279\\\/#primaryimage\"},\"thumbnailUrl\":\"https:\\\/\\\/www.webdo.tn\\\/fr\\\/wp-content\\\/uploads\\\/2014\\\/12\\\/1012-Time.jpg\",\"datePublished\":\"2014-12-11T16:10:00+00:00\",\"description\":\"Les combattants d'Ebola \u00e9lus personnalit\u00e9s de l'ann\u00e9e 2014 par le magazine Time\",\"breadcrumb\":{\"@id\":\"https:\\\/\\\/www.webdo.tn\\\/fr\\\/actualite\\\/international\\\/les-combattants-debola-elus-personnalites-lannee-2014-magazine-time\\\/184279\\\/#breadcrumb\"},\"inLanguage\":\"fr-FR\",\"potentialAction\":[{\"@type\":\"ReadAction\",\"target\":[\"https:\\\/\\\/www.webdo.tn\\\/fr\\\/actualite\\\/international\\\/les-combattants-debola-elus-personnalites-lannee-2014-magazine-time\\\/184279\\\/\"]}]},{\"@type\":\"ImageObject\",\"inLanguage\":\"fr-FR\",\"@id\":\"https:\\\/\\\/www.webdo.tn\\\/fr\\\/actualite\\\/international\\\/les-combattants-debola-elus-personnalites-lannee-2014-magazine-time\\\/184279\\\/#primaryimage\",\"url\":\"https:\\\/\\\/www.webdo.tn\\\/fr\\\/wp-content\\\/uploads\\\/2014\\\/12\\\/1012-Time.jpg\",\"contentUrl\":\"https:\\\/\\\/www.webdo.tn\\\/fr\\\/wp-content\\\/uploads\\\/2014\\\/12\\\/1012-Time.jpg\",\"width\":485,\"height\":333,\"caption\":\"Les \\\"combattants d'Ebola\\\" \u00e9lus personnalit\u00e9s de l'ann\u00e9e 2014 par le magazine Time\"},{\"@type\":\"BreadcrumbList\",\"@id\":\"https:\\\/\\\/www.webdo.tn\\\/fr\\\/actualite\\\/international\\\/les-combattants-debola-elus-personnalites-lannee-2014-magazine-time\\\/184279\\\/#breadcrumb\",\"itemListElement\":[{\"@type\":\"ListItem\",\"position\":1,\"name\":\"Accueil\",\"item\":\"https:\\\/\\\/www.webdo.tn\\\/fr\\\/\"},{\"@type\":\"ListItem\",\"position\":2,\"name\":\"Les \u00ab\u00a0combattants d&rsquo;Ebola\u00a0\u00bb \u00e9lus personnalit\u00e9s de l&rsquo;ann\u00e9e 2014 par le magazine Time\"}]},{\"@type\":\"WebSite\",\"@id\":\"https:\\\/\\\/www.webdo.tn\\\/fr\\\/#website\",\"url\":\"https:\\\/\\\/www.webdo.tn\\\/fr\\\/\",\"name\":\"webdo\",\"description\":\"Tunisie - News en Tunisie et \u00e0 l&#039;international sur Webdo.tn\",\"publisher\":{\"@id\":\"https:\\\/\\\/www.webdo.tn\\\/fr\\\/#organization\"},\"potentialAction\":[{\"@type\":\"SearchAction\",\"target\":{\"@type\":\"EntryPoint\",\"urlTemplate\":\"https:\\\/\\\/www.webdo.tn\\\/fr\\\/?s={search_term_string}\"},\"query-input\":{\"@type\":\"PropertyValueSpecification\",\"valueRequired\":true,\"valueName\":\"search_term_string\"}}],\"inLanguage\":\"fr-FR\"},{\"@type\":\"Organization\",\"@id\":\"https:\\\/\\\/www.webdo.tn\\\/fr\\\/#organization\",\"name\":\"Webdo\",\"alternateName\":\"Webdo.tn\",\"url\":\"https:\\\/\\\/www.webdo.tn\\\/fr\\\/\",\"logo\":{\"@type\":\"ImageObject\",\"inLanguage\":\"fr-FR\",\"@id\":\"https:\\\/\\\/www.webdo.tn\\\/fr\\\/#\\\/schema\\\/logo\\\/image\\\/\",\"url\":\"https:\\\/\\\/www.webdo.tn\\\/fr\\\/wp-content\\\/uploads\\\/2025\\\/06\\\/Webdo-Tunisie_168377.jpg\",\"contentUrl\":\"https:\\\/\\\/www.webdo.tn\\\/fr\\\/wp-content\\\/uploads\\\/2025\\\/06\\\/Webdo-Tunisie_168377.jpg\",\"width\":301,\"height\":301,\"caption\":\"Webdo\"},\"image\":{\"@id\":\"https:\\\/\\\/www.webdo.tn\\\/fr\\\/#\\\/schema\\\/logo\\\/image\\\/\"},\"sameAs\":[\"https:\\\/\\\/www.facebook.com\\\/webdotn\",\"https:\\\/\\\/x.com\\\/webdo_tn\"],\"description\":\"Webdo est un m\u00e9dia num\u00e9rique tunisien fond\u00e9 en 2010, sp\u00e9cialis\u00e9 dans l\u2019actualit\u00e9 nationale et internationale, l\u2019\u00e9conomie, la soci\u00e9t\u00e9 et les analyses politiques. Le site s\u2019adresse \u00e0 un large public francophone et couvre l\u2019information tunisienne en temps r\u00e9el.\",\"email\":\"redac@webdo.tn\",\"legalName\":\"YNJ SARL\",\"foundingDate\":\"2010-09-06\",\"numberOfEmployees\":{\"@type\":\"QuantitativeValue\",\"minValue\":\"11\",\"maxValue\":\"50\"}},{\"@type\":\"Person\",\"@id\":\"https:\\\/\\\/www.webdo.tn\\\/fr\\\/#\\\/schema\\\/person\\\/9a9c6118d687c117df8ef3cc36a4d175\",\"name\":\"webdo.tn\",\"image\":{\"@type\":\"ImageObject\",\"inLanguage\":\"fr-FR\",\"@id\":\"https:\\\/\\\/secure.gravatar.com\\\/avatar\\\/7ce1f28c0c3bbac99ff550b85ef8e44a6950c6ee24514fb6a5489e51d06f0298?s=96&d=mm&r=g\",\"url\":\"https:\\\/\\\/secure.gravatar.com\\\/avatar\\\/7ce1f28c0c3bbac99ff550b85ef8e44a6950c6ee24514fb6a5489e51d06f0298?s=96&d=mm&r=g\",\"contentUrl\":\"https:\\\/\\\/secure.gravatar.com\\\/avatar\\\/7ce1f28c0c3bbac99ff550b85ef8e44a6950c6ee24514fb6a5489e51d06f0298?s=96&d=mm&r=g\",\"caption\":\"webdo.tn\"},\"url\":\"https:\\\/\\\/www.webdo.tn\\\/fr\\\/actualite\\\/author\\\/webdotn\\\/\"}]}<\/script>\n<!-- \/ Yoast SEO Premium plugin. -->","yoast_head_json":{"title":"Les combattants d'Ebola \u00e9lus personnalit\u00e9s de l'ann\u00e9e 2014 par le magazine Time","description":"Les combattants d'Ebola \u00e9lus personnalit\u00e9s de l'ann\u00e9e 2014 par le magazine Time","canonical":"https:\/\/www.webdo.tn\/fr\/actualite\/international\/les-combattants-debola-elus-personnalites-lannee-2014-magazine-time\/184279\/","og_locale":"fr_FR","og_type":"article","og_title":"Les \"combattants d'Ebola\" \u00e9lus personnalit\u00e9s de l'ann\u00e9e 2014 par le magazine Time","og_description":"Les combattants d'Ebola \u00e9lus personnalit\u00e9s de l'ann\u00e9e 2014 par le magazine Time","og_url":"https:\/\/www.webdo.tn\/fr\/actualite\/international\/les-combattants-debola-elus-personnalites-lannee-2014-magazine-time\/184279\/","og_site_name":"webdo","article_publisher":"https:\/\/www.facebook.com\/webdotn","article_published_time":"2014-12-11T16:10:00+00:00","og_image":[{"width":485,"height":333,"url":"https:\/\/www.webdo.tn\/fr\/wp-content\/uploads\/2014\/12\/1012-Time.jpg","type":"image\/jpeg"}],"author":"webdo.tn","twitter_card":"summary_large_image","twitter_creator":"@webdo_tn","twitter_site":"@webdo_tn","twitter_misc":{"\u00c9crit par":"webdo.tn","Dur\u00e9e de lecture estim\u00e9e":"1 minute"},"schema":{"@context":"https:\/\/schema.org","@graph":[{"@type":"NewsArticle","@id":"https:\/\/www.webdo.tn\/fr\/actualite\/international\/les-combattants-debola-elus-personnalites-lannee-2014-magazine-time\/184279\/#article","isPartOf":{"@id":"https:\/\/www.webdo.tn\/fr\/actualite\/international\/les-combattants-debola-elus-personnalites-lannee-2014-magazine-time\/184279\/"},"author":{"name":"webdo.tn","@id":"https:\/\/www.webdo.tn\/fr\/#\/schema\/person\/9a9c6118d687c117df8ef3cc36a4d175"},"headline":"Les \u00ab\u00a0combattants d&rsquo;Ebola\u00a0\u00bb \u00e9lus personnalit\u00e9s de l&rsquo;ann\u00e9e 2014 par le magazine Time","datePublished":"2014-12-11T16:10:00+00:00","mainEntityOfPage":{"@id":"https:\/\/www.webdo.tn\/fr\/actualite\/international\/les-combattants-debola-elus-personnalites-lannee-2014-magazine-time\/184279\/"},"wordCount":220,"commentCount":0,"publisher":{"@id":"https:\/\/www.webdo.tn\/fr\/#organization"},"image":{"@id":"https:\/\/www.webdo.tn\/fr\/actualite\/international\/les-combattants-debola-elus-personnalites-lannee-2014-magazine-time\/184279\/#primaryimage"},"thumbnailUrl":"https:\/\/www.webdo.tn\/fr\/wp-content\/uploads\/2014\/12\/1012-Time.jpg","keywords":["guerre"],"articleSection":["International"],"inLanguage":"fr-FR"},{"@type":"WebPage","@id":"https:\/\/www.webdo.tn\/fr\/actualite\/international\/les-combattants-debola-elus-personnalites-lannee-2014-magazine-time\/184279\/","url":"https:\/\/www.webdo.tn\/fr\/actualite\/international\/les-combattants-debola-elus-personnalites-lannee-2014-magazine-time\/184279\/","name":"Les combattants d'Ebola \u00e9lus personnalit\u00e9s de l'ann\u00e9e 2014 par le magazine Time","isPartOf":{"@id":"https:\/\/www.webdo.tn\/fr\/#website"},"primaryImageOfPage":{"@id":"https:\/\/www.webdo.tn\/fr\/actualite\/international\/les-combattants-debola-elus-personnalites-lannee-2014-magazine-time\/184279\/#primaryimage"},"image":{"@id":"https:\/\/www.webdo.tn\/fr\/actualite\/international\/les-combattants-debola-elus-personnalites-lannee-2014-magazine-time\/184279\/#primaryimage"},"thumbnailUrl":"https:\/\/www.webdo.tn\/fr\/wp-content\/uploads\/2014\/12\/1012-Time.jpg","datePublished":"2014-12-11T16:10:00+00:00","description":"Les combattants d'Ebola \u00e9lus personnalit\u00e9s de l'ann\u00e9e 2014 par le magazine Time","breadcrumb":{"@id":"https:\/\/www.webdo.tn\/fr\/actualite\/international\/les-combattants-debola-elus-personnalites-lannee-2014-magazine-time\/184279\/#breadcrumb"},"inLanguage":"fr-FR","potentialAction":[{"@type":"ReadAction","target":["https:\/\/www.webdo.tn\/fr\/actualite\/international\/les-combattants-debola-elus-personnalites-lannee-2014-magazine-time\/184279\/"]}]},{"@type":"ImageObject","inLanguage":"fr-FR","@id":"https:\/\/www.webdo.tn\/fr\/actualite\/international\/les-combattants-debola-elus-personnalites-lannee-2014-magazine-time\/184279\/#primaryimage","url":"https:\/\/www.webdo.tn\/fr\/wp-content\/uploads\/2014\/12\/1012-Time.jpg","contentUrl":"https:\/\/www.webdo.tn\/fr\/wp-content\/uploads\/2014\/12\/1012-Time.jpg","width":485,"height":333,"caption":"Les \"combattants d'Ebola\" \u00e9lus personnalit\u00e9s de l'ann\u00e9e 2014 par le magazine Time"},{"@type":"BreadcrumbList","@id":"https:\/\/www.webdo.tn\/fr\/actualite\/international\/les-combattants-debola-elus-personnalites-lannee-2014-magazine-time\/184279\/#breadcrumb","itemListElement":[{"@type":"ListItem","position":1,"name":"Accueil","item":"https:\/\/www.webdo.tn\/fr\/"},{"@type":"ListItem","position":2,"name":"Les \u00ab\u00a0combattants d&rsquo;Ebola\u00a0\u00bb \u00e9lus personnalit\u00e9s de l&rsquo;ann\u00e9e 2014 par le magazine Time"}]},{"@type":"WebSite","@id":"https:\/\/www.webdo.tn\/fr\/#website","url":"https:\/\/www.webdo.tn\/fr\/","name":"webdo","description":"Tunisie - News en Tunisie et \u00e0 l&#039;international sur Webdo.tn","publisher":{"@id":"https:\/\/www.webdo.tn\/fr\/#organization"},"potentialAction":[{"@type":"SearchAction","target":{"@type":"EntryPoint","urlTemplate":"https:\/\/www.webdo.tn\/fr\/?s={search_term_string}"},"query-input":{"@type":"PropertyValueSpecification","valueRequired":true,"valueName":"search_term_string"}}],"inLanguage":"fr-FR"},{"@type":"Organization","@id":"https:\/\/www.webdo.tn\/fr\/#organization","name":"Webdo","alternateName":"Webdo.tn","url":"https:\/\/www.webdo.tn\/fr\/","logo":{"@type":"ImageObject","inLanguage":"fr-FR","@id":"https:\/\/www.webdo.tn\/fr\/#\/schema\/logo\/image\/","url":"https:\/\/www.webdo.tn\/fr\/wp-content\/uploads\/2025\/06\/Webdo-Tunisie_168377.jpg","contentUrl":"https:\/\/www.webdo.tn\/fr\/wp-content\/uploads\/2025\/06\/Webdo-Tunisie_168377.jpg","width":301,"height":301,"caption":"Webdo"},"image":{"@id":"https:\/\/www.webdo.tn\/fr\/#\/schema\/logo\/image\/"},"sameAs":["https:\/\/www.facebook.com\/webdotn","https:\/\/x.com\/webdo_tn"],"description":"Webdo est un m\u00e9dia num\u00e9rique tunisien fond\u00e9 en 2010, sp\u00e9cialis\u00e9 dans l\u2019actualit\u00e9 nationale et internationale, l\u2019\u00e9conomie, la soci\u00e9t\u00e9 et les analyses politiques. Le site s\u2019adresse \u00e0 un large public francophone et couvre l\u2019information tunisienne en temps r\u00e9el.","email":"redac@webdo.tn","legalName":"YNJ SARL","foundingDate":"2010-09-06","numberOfEmployees":{"@type":"QuantitativeValue","minValue":"11","maxValue":"50"}},{"@type":"Person","@id":"https:\/\/www.webdo.tn\/fr\/#\/schema\/person\/9a9c6118d687c117df8ef3cc36a4d175","name":"webdo.tn","image":{"@type":"ImageObject","inLanguage":"fr-FR","@id":"https:\/\/secure.gravatar.com\/avatar\/7ce1f28c0c3bbac99ff550b85ef8e44a6950c6ee24514fb6a5489e51d06f0298?s=96&d=mm&r=g","url":"https:\/\/secure.gravatar.com\/avatar\/7ce1f28c0c3bbac99ff550b85ef8e44a6950c6ee24514fb6a5489e51d06f0298?s=96&d=mm&r=g","contentUrl":"https:\/\/secure.gravatar.com\/avatar\/7ce1f28c0c3bbac99ff550b85ef8e44a6950c6ee24514fb6a5489e51d06f0298?s=96&d=mm&r=g","caption":"webdo.tn"},"url":"https:\/\/www.webdo.tn\/fr\/actualite\/author\/webdotn\/"}]}},"_links":{"self":[{"href":"https:\/\/www.webdo.tn\/fr\/wp-json\/wp\/v2\/posts\/184279","targetHints":{"allow":["GET"]}}],"collection":[{"href":"https:\/\/www.webdo.tn\/fr\/wp-json\/wp\/v2\/posts"}],"about":[{"href":"https:\/\/www.webdo.tn\/fr\/wp-json\/wp\/v2\/types\/post"}],"author":[{"embeddable":true,"href":"https:\/\/www.webdo.tn\/fr\/wp-json\/wp\/v2\/users\/3222"}],"replies":[{"embeddable":true,"href":"https:\/\/www.webdo.tn\/fr\/wp-json\/wp\/v2\/comments?post=184279"}],"version-history":[{"count":0,"href":"https:\/\/www.webdo.tn\/fr\/wp-json\/wp\/v2\/posts\/184279\/revisions"}],"wp:featuredmedia":[{"embeddable":true,"href":"https:\/\/www.webdo.tn\/fr\/wp-json\/wp\/v2\/media\/331019"}],"wp:attachment":[{"href":"https:\/\/www.webdo.tn\/fr\/wp-json\/wp\/v2\/media?parent=184279"}],"wp:term":[{"taxonomy":"category","embeddable":true,"href":"https:\/\/www.webdo.tn\/fr\/wp-json\/wp\/v2\/categories?post=184279"},{"taxonomy":"post_tag","embeddable":true,"href":"https:\/\/www.webdo.tn\/fr\/wp-json\/wp\/v2\/tags?post=184279"}],"curies":[{"name":"wp","href":"https:\/\/api.w.org\/{rel}","templated":true}]}}