{"id":184277,"date":"2014-12-13T11:36:00","date_gmt":"2014-12-13T11:36:00","guid":{"rendered":"https:\/\/www.webdo.tn\/fr\/blog\/libye-les-milices-islamistes-derna-annoncent-creation-dune-nouvelle-coalition\/184277\/"},"modified":"2025-05-19T10:26:51","modified_gmt":"2025-05-19T10:26:51","slug":"libye-les-milices-islamistes-derna-annoncent-creation-dune-nouvelle-coalition","status":"publish","type":"post","link":"https:\/\/www.webdo.tn\/fr\/actualite\/international\/libye-les-milices-islamistes-derna-annoncent-creation-dune-nouvelle-coalition\/184277\/","title":{"rendered":"Libye : Les milices islamistes de Derna annoncent la cr\u00e9ation d\u2019une nouvelle coalition"},"content":{"rendered":"<p>Les milices islamistes de Derna, dans l&rsquo;est de la Libye, ont cr\u00e9\u00e9 une coalition sous le nom de \u00ab\u00a0Conseil de la choura des moujahidine\u00a0\u00bb, anticipant une offensive des forces arm\u00e9es loyales au gouvernement \u00e9lu contre cette ville qui \u00e9chappe au contr\u00f4le de l\u2019\u00c9tat, rapporte l\u2019AFP d\u2019apr\u00e8s un premier communiqu\u00e9 publi\u00e9 par cette nouvelle coalition, ce vendredi 12 d\u00e9cembre.<\/p>\n<p>\u00ab\u00a0Tout le monde a vu ce qu&rsquo;est devenue (la ville de) Benghazi, sinistr\u00e9e, ses institutions d\u00e9truites, maisons d\u00e9molies, mosqu\u00e9es et universit\u00e9s br\u00fbl\u00e9es aux mains criminelles des partisans de Haftar\u00a0\u00bb, affirme cette nouvelle coalition dans son communiqu\u00e9, qui invite tous les habitants de Derna \u00e0 rejoindre sa coalition dans la guerre contre le g\u00e9n\u00e9ral \u00e0 la retraite Khalifa Haftar.<\/p>\n<p>Des forces loyales au g\u00e9n\u00e9ral \u00e0 la retraite Khalifa Haftar et \u00e0 Abdallah al-Theni, le Premier ministre reconnu par la communaut\u00e9 internationale, m\u00e8nent actuellement des offensives \u00e0 l&rsquo;ouest de Tripoli ainsi qu&rsquo;\u00e0 Benghazi pour tenter de reconqu\u00e9rir les deux plus grandes villes du pays, tomb\u00e9es cet \u00e9t\u00e9 aux mains de milices islamistes.<\/p>\n<p>La ville de Derna, transform\u00e9e en \u00ab\u00a0\u00e9mirat islamique\u00a0\u00bb et qui accueille r\u00e9guli\u00e8rement des combattants \u00e9trangers depuis 2011, notamment pour y \u00eatre entra\u00een\u00e9s avant d&rsquo;\u00eatre envoy\u00e9s en Irak ou en Syrie, est devenue le fief des partisans du groupe extr\u00e9miste Etat islamique (EI), selon des experts.<\/p>\n<p>Avant l&rsquo;annonce de la cr\u00e9ation de cette coalition de milices islamistes, des miliciens islamistes ont organis\u00e9 vendredi soir un d\u00e9fil\u00e9 militaire \u00e0 Derna avec des blind\u00e9s et des combattants portant des drapeaux noirs.<\/p>\n","protected":false},"excerpt":{"rendered":"<p>Libye : Les milices islamistes de Derna annoncent la cr\u00e9ation d\u2019une nouvelle coalition<\/p>\n","protected":false},"author":3222,"featured_media":319567,"comment_status":"open","ping_status":"closed","sticky":false,"template":"","format":"standard","meta":{"footnotes":""},"categories":[2598],"tags":[2600],"class_list":["post-184277","post","type-post","status-publish","format-standard","has-post-thumbnail","hentry","category-international","tag-guerre"],"yoast_head":"<!-- This site is optimized with the Yoast SEO Premium plugin v27.5 (Yoast SEO v27.5) - https:\/\/yoast.com\/product\/yoast-seo-premium-wordpress\/ -->\n<title>Libye : Les milices islamistes de Derna annoncent la cr\u00e9ation d\u2019une nouvelle coalition<\/title>\n<meta name=\"description\" content=\"Libye : Les milices islamistes de Derna annoncent la cr\u00e9ation d\u2019une nouvelle coalition\" \/>\n<link rel=\"canonical\" href=\"https:\/\/www.webdo.tn\/fr\/actualite\/international\/libye-les-milices-islamistes-derna-annoncent-creation-dune-nouvelle-coalition\/184277\/\" \/>\n<meta property=\"og:locale\" content=\"fr_FR\" \/>\n<meta property=\"og:type\" content=\"article\" \/>\n<meta property=\"og:title\" content=\"Libye : Les milices islamistes de Derna annoncent la cr\u00e9ation d\u2019une nouvelle coalition\" \/>\n<meta property=\"og:description\" content=\"Libye : Les milices islamistes de Derna annoncent la cr\u00e9ation d\u2019une nouvelle coalition\" \/>\n<meta property=\"og:url\" content=\"https:\/\/www.webdo.tn\/fr\/actualite\/international\/libye-les-milices-islamistes-derna-annoncent-creation-dune-nouvelle-coalition\/184277\/\" \/>\n<meta property=\"og:site_name\" content=\"webdo\" \/>\n<meta property=\"article:publisher\" content=\"https:\/\/www.facebook.com\/webdotn\" \/>\n<meta property=\"article:published_time\" content=\"2014-12-13T11:36:00+00:00\" \/>\n<meta property=\"article:modified_time\" content=\"2025-05-19T10:26:51+00:00\" \/>\n<meta property=\"og:image\" content=\"https:\/\/www.webdo.tn\/fr\/wp-content\/uploads\/2014\/12\/Defile-militaire-a-Derna-12-12-2014-tweet-Zaid-Benjamin.jpg\" \/>\n\t<meta property=\"og:image:width\" content=\"599\" \/>\n\t<meta property=\"og:image:height\" content=\"336\" \/>\n\t<meta property=\"og:image:type\" content=\"image\/jpeg\" \/>\n<meta name=\"author\" content=\"webdo.tn\" \/>\n<meta name=\"twitter:card\" content=\"summary_large_image\" \/>\n<meta name=\"twitter:creator\" content=\"@webdo_tn\" \/>\n<meta name=\"twitter:site\" content=\"@webdo_tn\" \/>\n<meta name=\"twitter:label1\" content=\"\u00c9crit par\" \/>\n\t<meta name=\"twitter:data1\" content=\"webdo.tn\" \/>\n\t<meta name=\"twitter:label2\" content=\"Dur\u00e9e de lecture estim\u00e9e\" \/>\n\t<meta name=\"twitter:data2\" content=\"1 minute\" \/>\n<script type=\"application\/ld+json\" class=\"yoast-schema-graph\">{\"@context\":\"https:\\\/\\\/schema.org\",\"@graph\":[{\"@type\":\"NewsArticle\",\"@id\":\"https:\\\/\\\/www.webdo.tn\\\/fr\\\/actualite\\\/international\\\/libye-les-milices-islamistes-derna-annoncent-creation-dune-nouvelle-coalition\\\/184277\\\/#article\",\"isPartOf\":{\"@id\":\"https:\\\/\\\/www.webdo.tn\\\/fr\\\/actualite\\\/international\\\/libye-les-milices-islamistes-derna-annoncent-creation-dune-nouvelle-coalition\\\/184277\\\/\"},\"author\":{\"name\":\"webdo.tn\",\"@id\":\"https:\\\/\\\/www.webdo.tn\\\/fr\\\/#\\\/schema\\\/person\\\/9a9c6118d687c117df8ef3cc36a4d175\"},\"headline\":\"Libye : Les milices islamistes de Derna annoncent la cr\u00e9ation d\u2019une nouvelle coalition\",\"datePublished\":\"2014-12-13T11:36:00+00:00\",\"dateModified\":\"2025-05-19T10:26:51+00:00\",\"mainEntityOfPage\":{\"@id\":\"https:\\\/\\\/www.webdo.tn\\\/fr\\\/actualite\\\/international\\\/libye-les-milices-islamistes-derna-annoncent-creation-dune-nouvelle-coalition\\\/184277\\\/\"},\"wordCount\":288,\"commentCount\":0,\"publisher\":{\"@id\":\"https:\\\/\\\/www.webdo.tn\\\/fr\\\/#organization\"},\"image\":{\"@id\":\"https:\\\/\\\/www.webdo.tn\\\/fr\\\/actualite\\\/international\\\/libye-les-milices-islamistes-derna-annoncent-creation-dune-nouvelle-coalition\\\/184277\\\/#primaryimage\"},\"thumbnailUrl\":\"https:\\\/\\\/www.webdo.tn\\\/fr\\\/wp-content\\\/uploads\\\/2014\\\/12\\\/Defile-militaire-a-Derna-12-12-2014-tweet-Zaid-Benjamin.jpg\",\"keywords\":[\"guerre\"],\"articleSection\":[\"International\"],\"inLanguage\":\"fr-FR\"},{\"@type\":\"WebPage\",\"@id\":\"https:\\\/\\\/www.webdo.tn\\\/fr\\\/actualite\\\/international\\\/libye-les-milices-islamistes-derna-annoncent-creation-dune-nouvelle-coalition\\\/184277\\\/\",\"url\":\"https:\\\/\\\/www.webdo.tn\\\/fr\\\/actualite\\\/international\\\/libye-les-milices-islamistes-derna-annoncent-creation-dune-nouvelle-coalition\\\/184277\\\/\",\"name\":\"Libye : Les milices islamistes de Derna annoncent la cr\u00e9ation d\u2019une nouvelle coalition\",\"isPartOf\":{\"@id\":\"https:\\\/\\\/www.webdo.tn\\\/fr\\\/#website\"},\"primaryImageOfPage\":{\"@id\":\"https:\\\/\\\/www.webdo.tn\\\/fr\\\/actualite\\\/international\\\/libye-les-milices-islamistes-derna-annoncent-creation-dune-nouvelle-coalition\\\/184277\\\/#primaryimage\"},\"image\":{\"@id\":\"https:\\\/\\\/www.webdo.tn\\\/fr\\\/actualite\\\/international\\\/libye-les-milices-islamistes-derna-annoncent-creation-dune-nouvelle-coalition\\\/184277\\\/#primaryimage\"},\"thumbnailUrl\":\"https:\\\/\\\/www.webdo.tn\\\/fr\\\/wp-content\\\/uploads\\\/2014\\\/12\\\/Defile-militaire-a-Derna-12-12-2014-tweet-Zaid-Benjamin.jpg\",\"datePublished\":\"2014-12-13T11:36:00+00:00\",\"dateModified\":\"2025-05-19T10:26:51+00:00\",\"description\":\"Libye : Les milices islamistes de Derna annoncent la cr\u00e9ation d\u2019une nouvelle coalition\",\"breadcrumb\":{\"@id\":\"https:\\\/\\\/www.webdo.tn\\\/fr\\\/actualite\\\/international\\\/libye-les-milices-islamistes-derna-annoncent-creation-dune-nouvelle-coalition\\\/184277\\\/#breadcrumb\"},\"inLanguage\":\"fr-FR\",\"potentialAction\":[{\"@type\":\"ReadAction\",\"target\":[\"https:\\\/\\\/www.webdo.tn\\\/fr\\\/actualite\\\/international\\\/libye-les-milices-islamistes-derna-annoncent-creation-dune-nouvelle-coalition\\\/184277\\\/\"]}]},{\"@type\":\"ImageObject\",\"inLanguage\":\"fr-FR\",\"@id\":\"https:\\\/\\\/www.webdo.tn\\\/fr\\\/actualite\\\/international\\\/libye-les-milices-islamistes-derna-annoncent-creation-dune-nouvelle-coalition\\\/184277\\\/#primaryimage\",\"url\":\"https:\\\/\\\/www.webdo.tn\\\/fr\\\/wp-content\\\/uploads\\\/2014\\\/12\\\/Defile-militaire-a-Derna-12-12-2014-tweet-Zaid-Benjamin.jpg\",\"contentUrl\":\"https:\\\/\\\/www.webdo.tn\\\/fr\\\/wp-content\\\/uploads\\\/2014\\\/12\\\/Defile-militaire-a-Derna-12-12-2014-tweet-Zaid-Benjamin.jpg\",\"width\":599,\"height\":336,\"caption\":\"Libye : Les milices islamistes de Derna annoncent la cr\u00e9ation d\u2019une nouvelle coalition\"},{\"@type\":\"BreadcrumbList\",\"@id\":\"https:\\\/\\\/www.webdo.tn\\\/fr\\\/actualite\\\/international\\\/libye-les-milices-islamistes-derna-annoncent-creation-dune-nouvelle-coalition\\\/184277\\\/#breadcrumb\",\"itemListElement\":[{\"@type\":\"ListItem\",\"position\":1,\"name\":\"Accueil\",\"item\":\"https:\\\/\\\/www.webdo.tn\\\/fr\\\/\"},{\"@type\":\"ListItem\",\"position\":2,\"name\":\"Libye : Les milices islamistes de Derna annoncent la cr\u00e9ation d\u2019une nouvelle coalition\"}]},{\"@type\":\"WebSite\",\"@id\":\"https:\\\/\\\/www.webdo.tn\\\/fr\\\/#website\",\"url\":\"https:\\\/\\\/www.webdo.tn\\\/fr\\\/\",\"name\":\"webdo\",\"description\":\"Tunisie - News en Tunisie et \u00e0 l&#039;international sur Webdo.tn\",\"publisher\":{\"@id\":\"https:\\\/\\\/www.webdo.tn\\\/fr\\\/#organization\"},\"potentialAction\":[{\"@type\":\"SearchAction\",\"target\":{\"@type\":\"EntryPoint\",\"urlTemplate\":\"https:\\\/\\\/www.webdo.tn\\\/fr\\\/?s={search_term_string}\"},\"query-input\":{\"@type\":\"PropertyValueSpecification\",\"valueRequired\":true,\"valueName\":\"search_term_string\"}}],\"inLanguage\":\"fr-FR\"},{\"@type\":\"Organization\",\"@id\":\"https:\\\/\\\/www.webdo.tn\\\/fr\\\/#organization\",\"name\":\"Webdo\",\"alternateName\":\"Webdo.tn\",\"url\":\"https:\\\/\\\/www.webdo.tn\\\/fr\\\/\",\"logo\":{\"@type\":\"ImageObject\",\"inLanguage\":\"fr-FR\",\"@id\":\"https:\\\/\\\/www.webdo.tn\\\/fr\\\/#\\\/schema\\\/logo\\\/image\\\/\",\"url\":\"https:\\\/\\\/www.webdo.tn\\\/fr\\\/wp-content\\\/uploads\\\/2025\\\/06\\\/Webdo-Tunisie_168377.jpg\",\"contentUrl\":\"https:\\\/\\\/www.webdo.tn\\\/fr\\\/wp-content\\\/uploads\\\/2025\\\/06\\\/Webdo-Tunisie_168377.jpg\",\"width\":301,\"height\":301,\"caption\":\"Webdo\"},\"image\":{\"@id\":\"https:\\\/\\\/www.webdo.tn\\\/fr\\\/#\\\/schema\\\/logo\\\/image\\\/\"},\"sameAs\":[\"https:\\\/\\\/www.facebook.com\\\/webdotn\",\"https:\\\/\\\/x.com\\\/webdo_tn\"],\"description\":\"Webdo est un m\u00e9dia num\u00e9rique tunisien fond\u00e9 en 2010, sp\u00e9cialis\u00e9 dans l\u2019actualit\u00e9 nationale et internationale, l\u2019\u00e9conomie, la soci\u00e9t\u00e9 et les analyses politiques. Le site s\u2019adresse \u00e0 un large public francophone et couvre l\u2019information tunisienne en temps r\u00e9el.\",\"email\":\"redac@webdo.tn\",\"legalName\":\"YNJ SARL\",\"foundingDate\":\"2010-09-06\",\"numberOfEmployees\":{\"@type\":\"QuantitativeValue\",\"minValue\":\"11\",\"maxValue\":\"50\"}},{\"@type\":\"Person\",\"@id\":\"https:\\\/\\\/www.webdo.tn\\\/fr\\\/#\\\/schema\\\/person\\\/9a9c6118d687c117df8ef3cc36a4d175\",\"name\":\"webdo.tn\",\"image\":{\"@type\":\"ImageObject\",\"inLanguage\":\"fr-FR\",\"@id\":\"https:\\\/\\\/secure.gravatar.com\\\/avatar\\\/7ce1f28c0c3bbac99ff550b85ef8e44a6950c6ee24514fb6a5489e51d06f0298?s=96&d=mm&r=g\",\"url\":\"https:\\\/\\\/secure.gravatar.com\\\/avatar\\\/7ce1f28c0c3bbac99ff550b85ef8e44a6950c6ee24514fb6a5489e51d06f0298?s=96&d=mm&r=g\",\"contentUrl\":\"https:\\\/\\\/secure.gravatar.com\\\/avatar\\\/7ce1f28c0c3bbac99ff550b85ef8e44a6950c6ee24514fb6a5489e51d06f0298?s=96&d=mm&r=g\",\"caption\":\"webdo.tn\"},\"url\":\"https:\\\/\\\/www.webdo.tn\\\/fr\\\/actualite\\\/author\\\/webdotn\\\/\"}]}<\/script>\n<!-- \/ Yoast SEO Premium plugin. -->","yoast_head_json":{"title":"Libye : Les milices islamistes de Derna annoncent la cr\u00e9ation d\u2019une nouvelle coalition","description":"Libye : Les milices islamistes de Derna annoncent la cr\u00e9ation d\u2019une nouvelle coalition","canonical":"https:\/\/www.webdo.tn\/fr\/actualite\/international\/libye-les-milices-islamistes-derna-annoncent-creation-dune-nouvelle-coalition\/184277\/","og_locale":"fr_FR","og_type":"article","og_title":"Libye : Les milices islamistes de Derna annoncent la cr\u00e9ation d\u2019une nouvelle coalition","og_description":"Libye : Les milices islamistes de Derna annoncent la cr\u00e9ation d\u2019une nouvelle coalition","og_url":"https:\/\/www.webdo.tn\/fr\/actualite\/international\/libye-les-milices-islamistes-derna-annoncent-creation-dune-nouvelle-coalition\/184277\/","og_site_name":"webdo","article_publisher":"https:\/\/www.facebook.com\/webdotn","article_published_time":"2014-12-13T11:36:00+00:00","article_modified_time":"2025-05-19T10:26:51+00:00","og_image":[{"width":599,"height":336,"url":"https:\/\/www.webdo.tn\/fr\/wp-content\/uploads\/2014\/12\/Defile-militaire-a-Derna-12-12-2014-tweet-Zaid-Benjamin.jpg","type":"image\/jpeg"}],"author":"webdo.tn","twitter_card":"summary_large_image","twitter_creator":"@webdo_tn","twitter_site":"@webdo_tn","twitter_misc":{"\u00c9crit par":"webdo.tn","Dur\u00e9e de lecture estim\u00e9e":"1 minute"},"schema":{"@context":"https:\/\/schema.org","@graph":[{"@type":"NewsArticle","@id":"https:\/\/www.webdo.tn\/fr\/actualite\/international\/libye-les-milices-islamistes-derna-annoncent-creation-dune-nouvelle-coalition\/184277\/#article","isPartOf":{"@id":"https:\/\/www.webdo.tn\/fr\/actualite\/international\/libye-les-milices-islamistes-derna-annoncent-creation-dune-nouvelle-coalition\/184277\/"},"author":{"name":"webdo.tn","@id":"https:\/\/www.webdo.tn\/fr\/#\/schema\/person\/9a9c6118d687c117df8ef3cc36a4d175"},"headline":"Libye : Les milices islamistes de Derna annoncent la cr\u00e9ation d\u2019une nouvelle coalition","datePublished":"2014-12-13T11:36:00+00:00","dateModified":"2025-05-19T10:26:51+00:00","mainEntityOfPage":{"@id":"https:\/\/www.webdo.tn\/fr\/actualite\/international\/libye-les-milices-islamistes-derna-annoncent-creation-dune-nouvelle-coalition\/184277\/"},"wordCount":288,"commentCount":0,"publisher":{"@id":"https:\/\/www.webdo.tn\/fr\/#organization"},"image":{"@id":"https:\/\/www.webdo.tn\/fr\/actualite\/international\/libye-les-milices-islamistes-derna-annoncent-creation-dune-nouvelle-coalition\/184277\/#primaryimage"},"thumbnailUrl":"https:\/\/www.webdo.tn\/fr\/wp-content\/uploads\/2014\/12\/Defile-militaire-a-Derna-12-12-2014-tweet-Zaid-Benjamin.jpg","keywords":["guerre"],"articleSection":["International"],"inLanguage":"fr-FR"},{"@type":"WebPage","@id":"https:\/\/www.webdo.tn\/fr\/actualite\/international\/libye-les-milices-islamistes-derna-annoncent-creation-dune-nouvelle-coalition\/184277\/","url":"https:\/\/www.webdo.tn\/fr\/actualite\/international\/libye-les-milices-islamistes-derna-annoncent-creation-dune-nouvelle-coalition\/184277\/","name":"Libye : Les milices islamistes de Derna annoncent la cr\u00e9ation d\u2019une nouvelle coalition","isPartOf":{"@id":"https:\/\/www.webdo.tn\/fr\/#website"},"primaryImageOfPage":{"@id":"https:\/\/www.webdo.tn\/fr\/actualite\/international\/libye-les-milices-islamistes-derna-annoncent-creation-dune-nouvelle-coalition\/184277\/#primaryimage"},"image":{"@id":"https:\/\/www.webdo.tn\/fr\/actualite\/international\/libye-les-milices-islamistes-derna-annoncent-creation-dune-nouvelle-coalition\/184277\/#primaryimage"},"thumbnailUrl":"https:\/\/www.webdo.tn\/fr\/wp-content\/uploads\/2014\/12\/Defile-militaire-a-Derna-12-12-2014-tweet-Zaid-Benjamin.jpg","datePublished":"2014-12-13T11:36:00+00:00","dateModified":"2025-05-19T10:26:51+00:00","description":"Libye : Les milices islamistes de Derna annoncent la cr\u00e9ation d\u2019une nouvelle coalition","breadcrumb":{"@id":"https:\/\/www.webdo.tn\/fr\/actualite\/international\/libye-les-milices-islamistes-derna-annoncent-creation-dune-nouvelle-coalition\/184277\/#breadcrumb"},"inLanguage":"fr-FR","potentialAction":[{"@type":"ReadAction","target":["https:\/\/www.webdo.tn\/fr\/actualite\/international\/libye-les-milices-islamistes-derna-annoncent-creation-dune-nouvelle-coalition\/184277\/"]}]},{"@type":"ImageObject","inLanguage":"fr-FR","@id":"https:\/\/www.webdo.tn\/fr\/actualite\/international\/libye-les-milices-islamistes-derna-annoncent-creation-dune-nouvelle-coalition\/184277\/#primaryimage","url":"https:\/\/www.webdo.tn\/fr\/wp-content\/uploads\/2014\/12\/Defile-militaire-a-Derna-12-12-2014-tweet-Zaid-Benjamin.jpg","contentUrl":"https:\/\/www.webdo.tn\/fr\/wp-content\/uploads\/2014\/12\/Defile-militaire-a-Derna-12-12-2014-tweet-Zaid-Benjamin.jpg","width":599,"height":336,"caption":"Libye : Les milices islamistes de Derna annoncent la cr\u00e9ation d\u2019une nouvelle coalition"},{"@type":"BreadcrumbList","@id":"https:\/\/www.webdo.tn\/fr\/actualite\/international\/libye-les-milices-islamistes-derna-annoncent-creation-dune-nouvelle-coalition\/184277\/#breadcrumb","itemListElement":[{"@type":"ListItem","position":1,"name":"Accueil","item":"https:\/\/www.webdo.tn\/fr\/"},{"@type":"ListItem","position":2,"name":"Libye : Les milices islamistes de Derna annoncent la cr\u00e9ation d\u2019une nouvelle coalition"}]},{"@type":"WebSite","@id":"https:\/\/www.webdo.tn\/fr\/#website","url":"https:\/\/www.webdo.tn\/fr\/","name":"webdo","description":"Tunisie - News en Tunisie et \u00e0 l&#039;international sur Webdo.tn","publisher":{"@id":"https:\/\/www.webdo.tn\/fr\/#organization"},"potentialAction":[{"@type":"SearchAction","target":{"@type":"EntryPoint","urlTemplate":"https:\/\/www.webdo.tn\/fr\/?s={search_term_string}"},"query-input":{"@type":"PropertyValueSpecification","valueRequired":true,"valueName":"search_term_string"}}],"inLanguage":"fr-FR"},{"@type":"Organization","@id":"https:\/\/www.webdo.tn\/fr\/#organization","name":"Webdo","alternateName":"Webdo.tn","url":"https:\/\/www.webdo.tn\/fr\/","logo":{"@type":"ImageObject","inLanguage":"fr-FR","@id":"https:\/\/www.webdo.tn\/fr\/#\/schema\/logo\/image\/","url":"https:\/\/www.webdo.tn\/fr\/wp-content\/uploads\/2025\/06\/Webdo-Tunisie_168377.jpg","contentUrl":"https:\/\/www.webdo.tn\/fr\/wp-content\/uploads\/2025\/06\/Webdo-Tunisie_168377.jpg","width":301,"height":301,"caption":"Webdo"},"image":{"@id":"https:\/\/www.webdo.tn\/fr\/#\/schema\/logo\/image\/"},"sameAs":["https:\/\/www.facebook.com\/webdotn","https:\/\/x.com\/webdo_tn"],"description":"Webdo est un m\u00e9dia num\u00e9rique tunisien fond\u00e9 en 2010, sp\u00e9cialis\u00e9 dans l\u2019actualit\u00e9 nationale et internationale, l\u2019\u00e9conomie, la soci\u00e9t\u00e9 et les analyses politiques. Le site s\u2019adresse \u00e0 un large public francophone et couvre l\u2019information tunisienne en temps r\u00e9el.","email":"redac@webdo.tn","legalName":"YNJ SARL","foundingDate":"2010-09-06","numberOfEmployees":{"@type":"QuantitativeValue","minValue":"11","maxValue":"50"}},{"@type":"Person","@id":"https:\/\/www.webdo.tn\/fr\/#\/schema\/person\/9a9c6118d687c117df8ef3cc36a4d175","name":"webdo.tn","image":{"@type":"ImageObject","inLanguage":"fr-FR","@id":"https:\/\/secure.gravatar.com\/avatar\/7ce1f28c0c3bbac99ff550b85ef8e44a6950c6ee24514fb6a5489e51d06f0298?s=96&d=mm&r=g","url":"https:\/\/secure.gravatar.com\/avatar\/7ce1f28c0c3bbac99ff550b85ef8e44a6950c6ee24514fb6a5489e51d06f0298?s=96&d=mm&r=g","contentUrl":"https:\/\/secure.gravatar.com\/avatar\/7ce1f28c0c3bbac99ff550b85ef8e44a6950c6ee24514fb6a5489e51d06f0298?s=96&d=mm&r=g","caption":"webdo.tn"},"url":"https:\/\/www.webdo.tn\/fr\/actualite\/author\/webdotn\/"}]}},"_links":{"self":[{"href":"https:\/\/www.webdo.tn\/fr\/wp-json\/wp\/v2\/posts\/184277","targetHints":{"allow":["GET"]}}],"collection":[{"href":"https:\/\/www.webdo.tn\/fr\/wp-json\/wp\/v2\/posts"}],"about":[{"href":"https:\/\/www.webdo.tn\/fr\/wp-json\/wp\/v2\/types\/post"}],"author":[{"embeddable":true,"href":"https:\/\/www.webdo.tn\/fr\/wp-json\/wp\/v2\/users\/3222"}],"replies":[{"embeddable":true,"href":"https:\/\/www.webdo.tn\/fr\/wp-json\/wp\/v2\/comments?post=184277"}],"version-history":[{"count":0,"href":"https:\/\/www.webdo.tn\/fr\/wp-json\/wp\/v2\/posts\/184277\/revisions"}],"wp:featuredmedia":[{"embeddable":true,"href":"https:\/\/www.webdo.tn\/fr\/wp-json\/wp\/v2\/media\/319567"}],"wp:attachment":[{"href":"https:\/\/www.webdo.tn\/fr\/wp-json\/wp\/v2\/media?parent=184277"}],"wp:term":[{"taxonomy":"category","embeddable":true,"href":"https:\/\/www.webdo.tn\/fr\/wp-json\/wp\/v2\/categories?post=184277"},{"taxonomy":"post_tag","embeddable":true,"href":"https:\/\/www.webdo.tn\/fr\/wp-json\/wp\/v2\/tags?post=184277"}],"curies":[{"name":"wp","href":"https:\/\/api.w.org\/{rel}","templated":true}]}}