{"id":184276,"date":"2014-12-15T10:16:00","date_gmt":"2014-12-15T10:16:00","guid":{"rendered":"https:\/\/www.webdo.tn\/fr\/blog\/libye-selon-porte-parole-haftar-12-morts-du-groupe-fajr-libya-3-militaires-blesses\/184276\/"},"modified":"2014-12-15T10:16:00","modified_gmt":"2014-12-15T10:16:00","slug":"libye-selon-porte-parole-haftar-12-morts-du-groupe-fajr-libya-3-militaires-blesses","status":"publish","type":"post","link":"https:\/\/www.webdo.tn\/fr\/actualite\/international\/libye-selon-porte-parole-haftar-12-morts-du-groupe-fajr-libya-3-militaires-blesses\/184276\/","title":{"rendered":"Libye : Selon le porte-parole de Haftar, 12 morts du groupe Fajr Libya et 3 militaires bless\u00e9s"},"content":{"rendered":"<p>Mohamed Hijazi, porte-parole du g\u00e9n\u00e9ral libyen \u00e0 la retraite, Khalifa Haftar, a annonc\u00e9 dimanche 14 d\u00e9cembre sur les ondes de Radio Gafsa que les forces arm\u00e9es du g\u00e9n\u00e9ral Hafter ont pris le contr\u00f4le du poste frontalier de Ras Jedir, du c\u00f4t\u00e9 libyen.<\/p>\n<p>[quote_box_left]\u00a0\u00bbApr\u00e8s une semaine de violents combats avec les milices de \u00ab\u00a0Fajr Libya\u00a0\u00bb qui ont dur\u00e9 une semaine, l&rsquo;arm\u00e9e Libyenne a pris le contr\u00f4le de toute la zone menant au poste frontalier de Ras Jedir du c\u00f4t\u00e9 libyen, apr\u00e8s que ces groupes aient\u00a0pris la fuite par la mer. Le bilan des combats entre la nuit de\u00a0samedi \u00e0 dimanche \u00e9tait de 12 morts du c\u00f4t\u00e9 des milices, et 3 bless\u00e9s du c\u00f4t\u00e9 des soldats\u00a0\u00bb.[\/quote_box_left]<\/p>\n<p>D&rsquo;apr\u00e8s l&rsquo;arm\u00e9e de Haftar, les\u00a0milices de \u00ab\u00a0Fajr Libya\u00a0\u00bb avaient pris le contr\u00f4le de toute la zone menant au poste frontalier de Ras Jedir, \u00a0ce qui a pouss\u00e9 les \u00ab\u00a0forces arm\u00e9es libyennes\u00a0\u00bb \u00e0 les prendre en chasse, avec des bombardements intenses qui ont dur\u00e9 jusqu&rsquo;\u00e0\u00a0dimanche dans la matin\u00e9e les menant \u00e0 faire fuir les milices de cette zone.<\/p>\n<p>Des bombardements a\u00e9riens ont eu\u00a0lieu en Libye, \u00e0 quelques kilom\u00e8tres seulement de la fronti\u00e8re tunisienne, nous a confirm\u00e9 ce vendredi 5 d\u00e9cembre le lieutenant-colonel Belhassen Oueslati, porte-parole du minist\u00e8re de la D\u00e9fense.<\/p>\n<p>D\u00e9menti de Fajr LibyaSelon Libya Observer, le commandant en chef de \u00ab\u00a0Fajr Libya\u00a0\u00bb, Salah Badi, a d\u00e9menti dimanche soir les informations report\u00e9s par\u00a0les m\u00e9dias Al Arabiya, Sky News et les m\u00e9dias \u00e9lectroniques libyens, sans donner plus de d\u00e9tails quant au contr\u00f4le des forces du g\u00e9n\u00e9ral Haftar du poste frontalier Ras Jedir du c\u00f4t\u00e9 libyen.<\/p>\n","protected":false},"excerpt":{"rendered":"<p>Libye : Selon le porte-parole de Haftar, 12 morts du groupe Fajr Libya et 3 militaires bless\u00e9s<\/p>\n","protected":false},"author":3222,"featured_media":373159,"comment_status":"open","ping_status":"closed","sticky":false,"template":"","format":"standard","meta":{"footnotes":""},"categories":[2598],"tags":[2600],"class_list":["post-184276","post","type-post","status-publish","format-standard","has-post-thumbnail","hentry","category-international","tag-guerre"],"yoast_head":"<!-- This site is optimized with the Yoast SEO Premium plugin v27.5 (Yoast SEO v27.5) - https:\/\/yoast.com\/product\/yoast-seo-premium-wordpress\/ -->\n<title>Libye : Selon le porte-parole de Haftar, 12 morts du groupe Fajr Libya et 3 militaires bless\u00e9s<\/title>\n<meta name=\"description\" content=\"Libye : Selon le porte-parole de Haftar, 12 morts du groupe Fajr Libya et 3 militaires bless\u00e9s\" \/>\n<link rel=\"canonical\" href=\"https:\/\/www.webdo.tn\/fr\/actualite\/international\/libye-selon-porte-parole-haftar-12-morts-du-groupe-fajr-libya-3-militaires-blesses\/184276\/\" \/>\n<meta property=\"og:locale\" content=\"fr_FR\" \/>\n<meta property=\"og:type\" content=\"article\" \/>\n<meta property=\"og:title\" content=\"Libye : Selon le porte-parole de Haftar, 12 morts du groupe Fajr Libya et 3 militaires bless\u00e9s\" \/>\n<meta property=\"og:description\" content=\"Libye : Selon le porte-parole de Haftar, 12 morts du groupe Fajr Libya et 3 militaires bless\u00e9s\" \/>\n<meta property=\"og:url\" content=\"https:\/\/www.webdo.tn\/fr\/actualite\/international\/libye-selon-porte-parole-haftar-12-morts-du-groupe-fajr-libya-3-militaires-blesses\/184276\/\" \/>\n<meta property=\"og:site_name\" content=\"webdo\" \/>\n<meta property=\"article:publisher\" content=\"https:\/\/www.facebook.com\/webdotn\" \/>\n<meta property=\"article:published_time\" content=\"2014-12-15T10:16:00+00:00\" \/>\n<meta name=\"author\" content=\"webdo.tn\" \/>\n<meta name=\"twitter:card\" content=\"summary_large_image\" \/>\n<meta name=\"twitter:creator\" content=\"@webdo_tn\" \/>\n<meta name=\"twitter:site\" content=\"@webdo_tn\" \/>\n<meta name=\"twitter:label1\" content=\"\u00c9crit par\" \/>\n\t<meta name=\"twitter:data1\" content=\"webdo.tn\" \/>\n\t<meta name=\"twitter:label2\" content=\"Dur\u00e9e de lecture estim\u00e9e\" \/>\n\t<meta name=\"twitter:data2\" content=\"1 minute\" \/>\n<script type=\"application\/ld+json\" class=\"yoast-schema-graph\">{\"@context\":\"https:\\\/\\\/schema.org\",\"@graph\":[{\"@type\":\"NewsArticle\",\"@id\":\"https:\\\/\\\/www.webdo.tn\\\/fr\\\/actualite\\\/international\\\/libye-selon-porte-parole-haftar-12-morts-du-groupe-fajr-libya-3-militaires-blesses\\\/184276\\\/#article\",\"isPartOf\":{\"@id\":\"https:\\\/\\\/www.webdo.tn\\\/fr\\\/actualite\\\/international\\\/libye-selon-porte-parole-haftar-12-morts-du-groupe-fajr-libya-3-militaires-blesses\\\/184276\\\/\"},\"author\":{\"name\":\"webdo.tn\",\"@id\":\"https:\\\/\\\/www.webdo.tn\\\/fr\\\/#\\\/schema\\\/person\\\/9a9c6118d687c117df8ef3cc36a4d175\"},\"headline\":\"Libye : Selon le porte-parole de Haftar, 12 morts du groupe Fajr Libya et 3 militaires bless\u00e9s\",\"datePublished\":\"2014-12-15T10:16:00+00:00\",\"mainEntityOfPage\":{\"@id\":\"https:\\\/\\\/www.webdo.tn\\\/fr\\\/actualite\\\/international\\\/libye-selon-porte-parole-haftar-12-morts-du-groupe-fajr-libya-3-militaires-blesses\\\/184276\\\/\"},\"wordCount\":315,\"commentCount\":0,\"publisher\":{\"@id\":\"https:\\\/\\\/www.webdo.tn\\\/fr\\\/#organization\"},\"image\":{\"@id\":\"https:\\\/\\\/www.webdo.tn\\\/fr\\\/actualite\\\/international\\\/libye-selon-porte-parole-haftar-12-morts-du-groupe-fajr-libya-3-militaires-blesses\\\/184276\\\/#primaryimage\"},\"thumbnailUrl\":\"https:\\\/\\\/www.webdo.tn\\\/fr\\\/wp-content\\\/uploads\\\/2025\\\/06\\\/Capture-decran-2014-12-15-a-10.07.50_184276.png\",\"keywords\":[\"guerre\"],\"articleSection\":[\"International\"],\"inLanguage\":\"fr-FR\"},{\"@type\":\"WebPage\",\"@id\":\"https:\\\/\\\/www.webdo.tn\\\/fr\\\/actualite\\\/international\\\/libye-selon-porte-parole-haftar-12-morts-du-groupe-fajr-libya-3-militaires-blesses\\\/184276\\\/\",\"url\":\"https:\\\/\\\/www.webdo.tn\\\/fr\\\/actualite\\\/international\\\/libye-selon-porte-parole-haftar-12-morts-du-groupe-fajr-libya-3-militaires-blesses\\\/184276\\\/\",\"name\":\"Libye : Selon le porte-parole de Haftar, 12 morts du groupe Fajr Libya et 3 militaires bless\u00e9s\",\"isPartOf\":{\"@id\":\"https:\\\/\\\/www.webdo.tn\\\/fr\\\/#website\"},\"primaryImageOfPage\":{\"@id\":\"https:\\\/\\\/www.webdo.tn\\\/fr\\\/actualite\\\/international\\\/libye-selon-porte-parole-haftar-12-morts-du-groupe-fajr-libya-3-militaires-blesses\\\/184276\\\/#primaryimage\"},\"image\":{\"@id\":\"https:\\\/\\\/www.webdo.tn\\\/fr\\\/actualite\\\/international\\\/libye-selon-porte-parole-haftar-12-morts-du-groupe-fajr-libya-3-militaires-blesses\\\/184276\\\/#primaryimage\"},\"thumbnailUrl\":\"https:\\\/\\\/www.webdo.tn\\\/fr\\\/wp-content\\\/uploads\\\/2025\\\/06\\\/Capture-decran-2014-12-15-a-10.07.50_184276.png\",\"datePublished\":\"2014-12-15T10:16:00+00:00\",\"description\":\"Libye : Selon le porte-parole de Haftar, 12 morts du groupe Fajr Libya et 3 militaires bless\u00e9s\",\"breadcrumb\":{\"@id\":\"https:\\\/\\\/www.webdo.tn\\\/fr\\\/actualite\\\/international\\\/libye-selon-porte-parole-haftar-12-morts-du-groupe-fajr-libya-3-militaires-blesses\\\/184276\\\/#breadcrumb\"},\"inLanguage\":\"fr-FR\",\"potentialAction\":[{\"@type\":\"ReadAction\",\"target\":[\"https:\\\/\\\/www.webdo.tn\\\/fr\\\/actualite\\\/international\\\/libye-selon-porte-parole-haftar-12-morts-du-groupe-fajr-libya-3-militaires-blesses\\\/184276\\\/\"]}]},{\"@type\":\"ImageObject\",\"inLanguage\":\"fr-FR\",\"@id\":\"https:\\\/\\\/www.webdo.tn\\\/fr\\\/actualite\\\/international\\\/libye-selon-porte-parole-haftar-12-morts-du-groupe-fajr-libya-3-militaires-blesses\\\/184276\\\/#primaryimage\",\"url\":\"https:\\\/\\\/www.webdo.tn\\\/fr\\\/wp-content\\\/uploads\\\/2025\\\/06\\\/Capture-decran-2014-12-15-a-10.07.50_184276.png\",\"contentUrl\":\"https:\\\/\\\/www.webdo.tn\\\/fr\\\/wp-content\\\/uploads\\\/2025\\\/06\\\/Capture-decran-2014-12-15-a-10.07.50_184276.png\",\"width\":481,\"height\":306,\"caption\":\"Libye : Selon le porte-parole de Haftar, 12 morts du groupe Fajr Libya et 3 militaires bless\u00e9s\"},{\"@type\":\"BreadcrumbList\",\"@id\":\"https:\\\/\\\/www.webdo.tn\\\/fr\\\/actualite\\\/international\\\/libye-selon-porte-parole-haftar-12-morts-du-groupe-fajr-libya-3-militaires-blesses\\\/184276\\\/#breadcrumb\",\"itemListElement\":[{\"@type\":\"ListItem\",\"position\":1,\"name\":\"Accueil\",\"item\":\"https:\\\/\\\/www.webdo.tn\\\/fr\\\/\"},{\"@type\":\"ListItem\",\"position\":2,\"name\":\"Libye : Selon le porte-parole de Haftar, 12 morts du groupe Fajr Libya et 3 militaires bless\u00e9s\"}]},{\"@type\":\"WebSite\",\"@id\":\"https:\\\/\\\/www.webdo.tn\\\/fr\\\/#website\",\"url\":\"https:\\\/\\\/www.webdo.tn\\\/fr\\\/\",\"name\":\"webdo\",\"description\":\"Tunisie - News en Tunisie et \u00e0 l&#039;international sur Webdo.tn\",\"publisher\":{\"@id\":\"https:\\\/\\\/www.webdo.tn\\\/fr\\\/#organization\"},\"potentialAction\":[{\"@type\":\"SearchAction\",\"target\":{\"@type\":\"EntryPoint\",\"urlTemplate\":\"https:\\\/\\\/www.webdo.tn\\\/fr\\\/?s={search_term_string}\"},\"query-input\":{\"@type\":\"PropertyValueSpecification\",\"valueRequired\":true,\"valueName\":\"search_term_string\"}}],\"inLanguage\":\"fr-FR\"},{\"@type\":\"Organization\",\"@id\":\"https:\\\/\\\/www.webdo.tn\\\/fr\\\/#organization\",\"name\":\"Webdo\",\"alternateName\":\"Webdo.tn\",\"url\":\"https:\\\/\\\/www.webdo.tn\\\/fr\\\/\",\"logo\":{\"@type\":\"ImageObject\",\"inLanguage\":\"fr-FR\",\"@id\":\"https:\\\/\\\/www.webdo.tn\\\/fr\\\/#\\\/schema\\\/logo\\\/image\\\/\",\"url\":\"https:\\\/\\\/www.webdo.tn\\\/fr\\\/wp-content\\\/uploads\\\/2025\\\/06\\\/Webdo-Tunisie_168377.jpg\",\"contentUrl\":\"https:\\\/\\\/www.webdo.tn\\\/fr\\\/wp-content\\\/uploads\\\/2025\\\/06\\\/Webdo-Tunisie_168377.jpg\",\"width\":301,\"height\":301,\"caption\":\"Webdo\"},\"image\":{\"@id\":\"https:\\\/\\\/www.webdo.tn\\\/fr\\\/#\\\/schema\\\/logo\\\/image\\\/\"},\"sameAs\":[\"https:\\\/\\\/www.facebook.com\\\/webdotn\",\"https:\\\/\\\/x.com\\\/webdo_tn\"],\"description\":\"Webdo est un m\u00e9dia num\u00e9rique tunisien fond\u00e9 en 2010, sp\u00e9cialis\u00e9 dans l\u2019actualit\u00e9 nationale et internationale, l\u2019\u00e9conomie, la soci\u00e9t\u00e9 et les analyses politiques. Le site s\u2019adresse \u00e0 un large public francophone et couvre l\u2019information tunisienne en temps r\u00e9el.\",\"email\":\"redac@webdo.tn\",\"legalName\":\"YNJ SARL\",\"foundingDate\":\"2010-09-06\",\"numberOfEmployees\":{\"@type\":\"QuantitativeValue\",\"minValue\":\"11\",\"maxValue\":\"50\"}},{\"@type\":\"Person\",\"@id\":\"https:\\\/\\\/www.webdo.tn\\\/fr\\\/#\\\/schema\\\/person\\\/9a9c6118d687c117df8ef3cc36a4d175\",\"name\":\"webdo.tn\",\"image\":{\"@type\":\"ImageObject\",\"inLanguage\":\"fr-FR\",\"@id\":\"https:\\\/\\\/secure.gravatar.com\\\/avatar\\\/7ce1f28c0c3bbac99ff550b85ef8e44a6950c6ee24514fb6a5489e51d06f0298?s=96&d=mm&r=g\",\"url\":\"https:\\\/\\\/secure.gravatar.com\\\/avatar\\\/7ce1f28c0c3bbac99ff550b85ef8e44a6950c6ee24514fb6a5489e51d06f0298?s=96&d=mm&r=g\",\"contentUrl\":\"https:\\\/\\\/secure.gravatar.com\\\/avatar\\\/7ce1f28c0c3bbac99ff550b85ef8e44a6950c6ee24514fb6a5489e51d06f0298?s=96&d=mm&r=g\",\"caption\":\"webdo.tn\"},\"url\":\"https:\\\/\\\/www.webdo.tn\\\/fr\\\/actualite\\\/author\\\/webdotn\\\/\"}]}<\/script>\n<!-- \/ Yoast SEO Premium plugin. -->","yoast_head_json":{"title":"Libye : Selon le porte-parole de Haftar, 12 morts du groupe Fajr Libya et 3 militaires bless\u00e9s","description":"Libye : Selon le porte-parole de Haftar, 12 morts du groupe Fajr Libya et 3 militaires bless\u00e9s","canonical":"https:\/\/www.webdo.tn\/fr\/actualite\/international\/libye-selon-porte-parole-haftar-12-morts-du-groupe-fajr-libya-3-militaires-blesses\/184276\/","og_locale":"fr_FR","og_type":"article","og_title":"Libye : Selon le porte-parole de Haftar, 12 morts du groupe Fajr Libya et 3 militaires bless\u00e9s","og_description":"Libye : Selon le porte-parole de Haftar, 12 morts du groupe Fajr Libya et 3 militaires bless\u00e9s","og_url":"https:\/\/www.webdo.tn\/fr\/actualite\/international\/libye-selon-porte-parole-haftar-12-morts-du-groupe-fajr-libya-3-militaires-blesses\/184276\/","og_site_name":"webdo","article_publisher":"https:\/\/www.facebook.com\/webdotn","article_published_time":"2014-12-15T10:16:00+00:00","author":"webdo.tn","twitter_card":"summary_large_image","twitter_creator":"@webdo_tn","twitter_site":"@webdo_tn","twitter_misc":{"\u00c9crit par":"webdo.tn","Dur\u00e9e de lecture estim\u00e9e":"1 minute"},"schema":{"@context":"https:\/\/schema.org","@graph":[{"@type":"NewsArticle","@id":"https:\/\/www.webdo.tn\/fr\/actualite\/international\/libye-selon-porte-parole-haftar-12-morts-du-groupe-fajr-libya-3-militaires-blesses\/184276\/#article","isPartOf":{"@id":"https:\/\/www.webdo.tn\/fr\/actualite\/international\/libye-selon-porte-parole-haftar-12-morts-du-groupe-fajr-libya-3-militaires-blesses\/184276\/"},"author":{"name":"webdo.tn","@id":"https:\/\/www.webdo.tn\/fr\/#\/schema\/person\/9a9c6118d687c117df8ef3cc36a4d175"},"headline":"Libye : Selon le porte-parole de Haftar, 12 morts du groupe Fajr Libya et 3 militaires bless\u00e9s","datePublished":"2014-12-15T10:16:00+00:00","mainEntityOfPage":{"@id":"https:\/\/www.webdo.tn\/fr\/actualite\/international\/libye-selon-porte-parole-haftar-12-morts-du-groupe-fajr-libya-3-militaires-blesses\/184276\/"},"wordCount":315,"commentCount":0,"publisher":{"@id":"https:\/\/www.webdo.tn\/fr\/#organization"},"image":{"@id":"https:\/\/www.webdo.tn\/fr\/actualite\/international\/libye-selon-porte-parole-haftar-12-morts-du-groupe-fajr-libya-3-militaires-blesses\/184276\/#primaryimage"},"thumbnailUrl":"https:\/\/www.webdo.tn\/fr\/wp-content\/uploads\/2025\/06\/Capture-decran-2014-12-15-a-10.07.50_184276.png","keywords":["guerre"],"articleSection":["International"],"inLanguage":"fr-FR"},{"@type":"WebPage","@id":"https:\/\/www.webdo.tn\/fr\/actualite\/international\/libye-selon-porte-parole-haftar-12-morts-du-groupe-fajr-libya-3-militaires-blesses\/184276\/","url":"https:\/\/www.webdo.tn\/fr\/actualite\/international\/libye-selon-porte-parole-haftar-12-morts-du-groupe-fajr-libya-3-militaires-blesses\/184276\/","name":"Libye : Selon le porte-parole de Haftar, 12 morts du groupe Fajr Libya et 3 militaires bless\u00e9s","isPartOf":{"@id":"https:\/\/www.webdo.tn\/fr\/#website"},"primaryImageOfPage":{"@id":"https:\/\/www.webdo.tn\/fr\/actualite\/international\/libye-selon-porte-parole-haftar-12-morts-du-groupe-fajr-libya-3-militaires-blesses\/184276\/#primaryimage"},"image":{"@id":"https:\/\/www.webdo.tn\/fr\/actualite\/international\/libye-selon-porte-parole-haftar-12-morts-du-groupe-fajr-libya-3-militaires-blesses\/184276\/#primaryimage"},"thumbnailUrl":"https:\/\/www.webdo.tn\/fr\/wp-content\/uploads\/2025\/06\/Capture-decran-2014-12-15-a-10.07.50_184276.png","datePublished":"2014-12-15T10:16:00+00:00","description":"Libye : Selon le porte-parole de Haftar, 12 morts du groupe Fajr Libya et 3 militaires bless\u00e9s","breadcrumb":{"@id":"https:\/\/www.webdo.tn\/fr\/actualite\/international\/libye-selon-porte-parole-haftar-12-morts-du-groupe-fajr-libya-3-militaires-blesses\/184276\/#breadcrumb"},"inLanguage":"fr-FR","potentialAction":[{"@type":"ReadAction","target":["https:\/\/www.webdo.tn\/fr\/actualite\/international\/libye-selon-porte-parole-haftar-12-morts-du-groupe-fajr-libya-3-militaires-blesses\/184276\/"]}]},{"@type":"ImageObject","inLanguage":"fr-FR","@id":"https:\/\/www.webdo.tn\/fr\/actualite\/international\/libye-selon-porte-parole-haftar-12-morts-du-groupe-fajr-libya-3-militaires-blesses\/184276\/#primaryimage","url":"https:\/\/www.webdo.tn\/fr\/wp-content\/uploads\/2025\/06\/Capture-decran-2014-12-15-a-10.07.50_184276.png","contentUrl":"https:\/\/www.webdo.tn\/fr\/wp-content\/uploads\/2025\/06\/Capture-decran-2014-12-15-a-10.07.50_184276.png","width":481,"height":306,"caption":"Libye : Selon le porte-parole de Haftar, 12 morts du groupe Fajr Libya et 3 militaires bless\u00e9s"},{"@type":"BreadcrumbList","@id":"https:\/\/www.webdo.tn\/fr\/actualite\/international\/libye-selon-porte-parole-haftar-12-morts-du-groupe-fajr-libya-3-militaires-blesses\/184276\/#breadcrumb","itemListElement":[{"@type":"ListItem","position":1,"name":"Accueil","item":"https:\/\/www.webdo.tn\/fr\/"},{"@type":"ListItem","position":2,"name":"Libye : Selon le porte-parole de Haftar, 12 morts du groupe Fajr Libya et 3 militaires bless\u00e9s"}]},{"@type":"WebSite","@id":"https:\/\/www.webdo.tn\/fr\/#website","url":"https:\/\/www.webdo.tn\/fr\/","name":"webdo","description":"Tunisie - News en Tunisie et \u00e0 l&#039;international sur Webdo.tn","publisher":{"@id":"https:\/\/www.webdo.tn\/fr\/#organization"},"potentialAction":[{"@type":"SearchAction","target":{"@type":"EntryPoint","urlTemplate":"https:\/\/www.webdo.tn\/fr\/?s={search_term_string}"},"query-input":{"@type":"PropertyValueSpecification","valueRequired":true,"valueName":"search_term_string"}}],"inLanguage":"fr-FR"},{"@type":"Organization","@id":"https:\/\/www.webdo.tn\/fr\/#organization","name":"Webdo","alternateName":"Webdo.tn","url":"https:\/\/www.webdo.tn\/fr\/","logo":{"@type":"ImageObject","inLanguage":"fr-FR","@id":"https:\/\/www.webdo.tn\/fr\/#\/schema\/logo\/image\/","url":"https:\/\/www.webdo.tn\/fr\/wp-content\/uploads\/2025\/06\/Webdo-Tunisie_168377.jpg","contentUrl":"https:\/\/www.webdo.tn\/fr\/wp-content\/uploads\/2025\/06\/Webdo-Tunisie_168377.jpg","width":301,"height":301,"caption":"Webdo"},"image":{"@id":"https:\/\/www.webdo.tn\/fr\/#\/schema\/logo\/image\/"},"sameAs":["https:\/\/www.facebook.com\/webdotn","https:\/\/x.com\/webdo_tn"],"description":"Webdo est un m\u00e9dia num\u00e9rique tunisien fond\u00e9 en 2010, sp\u00e9cialis\u00e9 dans l\u2019actualit\u00e9 nationale et internationale, l\u2019\u00e9conomie, la soci\u00e9t\u00e9 et les analyses politiques. Le site s\u2019adresse \u00e0 un large public francophone et couvre l\u2019information tunisienne en temps r\u00e9el.","email":"redac@webdo.tn","legalName":"YNJ SARL","foundingDate":"2010-09-06","numberOfEmployees":{"@type":"QuantitativeValue","minValue":"11","maxValue":"50"}},{"@type":"Person","@id":"https:\/\/www.webdo.tn\/fr\/#\/schema\/person\/9a9c6118d687c117df8ef3cc36a4d175","name":"webdo.tn","image":{"@type":"ImageObject","inLanguage":"fr-FR","@id":"https:\/\/secure.gravatar.com\/avatar\/7ce1f28c0c3bbac99ff550b85ef8e44a6950c6ee24514fb6a5489e51d06f0298?s=96&d=mm&r=g","url":"https:\/\/secure.gravatar.com\/avatar\/7ce1f28c0c3bbac99ff550b85ef8e44a6950c6ee24514fb6a5489e51d06f0298?s=96&d=mm&r=g","contentUrl":"https:\/\/secure.gravatar.com\/avatar\/7ce1f28c0c3bbac99ff550b85ef8e44a6950c6ee24514fb6a5489e51d06f0298?s=96&d=mm&r=g","caption":"webdo.tn"},"url":"https:\/\/www.webdo.tn\/fr\/actualite\/author\/webdotn\/"}]}},"_links":{"self":[{"href":"https:\/\/www.webdo.tn\/fr\/wp-json\/wp\/v2\/posts\/184276","targetHints":{"allow":["GET"]}}],"collection":[{"href":"https:\/\/www.webdo.tn\/fr\/wp-json\/wp\/v2\/posts"}],"about":[{"href":"https:\/\/www.webdo.tn\/fr\/wp-json\/wp\/v2\/types\/post"}],"author":[{"embeddable":true,"href":"https:\/\/www.webdo.tn\/fr\/wp-json\/wp\/v2\/users\/3222"}],"replies":[{"embeddable":true,"href":"https:\/\/www.webdo.tn\/fr\/wp-json\/wp\/v2\/comments?post=184276"}],"version-history":[{"count":0,"href":"https:\/\/www.webdo.tn\/fr\/wp-json\/wp\/v2\/posts\/184276\/revisions"}],"wp:featuredmedia":[{"embeddable":true,"href":"https:\/\/www.webdo.tn\/fr\/wp-json\/wp\/v2\/media\/373159"}],"wp:attachment":[{"href":"https:\/\/www.webdo.tn\/fr\/wp-json\/wp\/v2\/media?parent=184276"}],"wp:term":[{"taxonomy":"category","embeddable":true,"href":"https:\/\/www.webdo.tn\/fr\/wp-json\/wp\/v2\/categories?post=184276"},{"taxonomy":"post_tag","embeddable":true,"href":"https:\/\/www.webdo.tn\/fr\/wp-json\/wp\/v2\/tags?post=184276"}],"curies":[{"name":"wp","href":"https:\/\/api.w.org\/{rel}","templated":true}]}}