{"id":184275,"date":"2014-12-16T11:56:00","date_gmt":"2014-12-16T11:56:00","guid":{"rendered":"https:\/\/www.webdo.tn\/fr\/blog\/66-journalistes-tues-119-enleves-178-emprisonnes-en-2014-selon-reporters-frontieres\/184275\/"},"modified":"2014-12-16T11:56:00","modified_gmt":"2014-12-16T11:56:00","slug":"66-journalistes-tues-119-enleves-178-emprisonnes-en-2014-selon-reporters-frontieres","status":"publish","type":"post","link":"https:\/\/www.webdo.tn\/fr\/actualite\/international\/66-journalistes-tues-119-enleves-178-emprisonnes-en-2014-selon-reporters-frontieres\/184275\/","title":{"rendered":"66 journalistes tu\u00e9s, 119 enlev\u00e9s et 178 emprisonn\u00e9s en 2014, selon RSF"},"content":{"rendered":"<p>L&rsquo;organisation non-gouvernementale pour la libert\u00e9 de l&rsquo;information, Reporters Sans Fronti\u00e8res (RSF), a publi\u00e9 ce mardi 16 d\u00e9cembre son bilan des violences contre les journalistes en 2014.<br \/>\n720 journalistes tu\u00e9s depuis 2005<br \/>\nSelon les chiffres publi\u00e9s par RSF, 66 journalistes ont \u00e9t\u00e9 tu\u00e9s en 2014, soit 7% de moins par rapport \u00e0 2013, mais ce chiffre porte \u00e0 720 le nombre de journalistes tu\u00e9s pendant l&rsquo;exercice de leur fonction depuis 2005.<\/p>\n<p>La localisation des journalistes tu\u00e9s se situe dans les zones de conflit \u00e0 l&rsquo;instar de la Syrie, qui pour RSF reste le pays le plus meurtrier pour les journalistes, de l&rsquo;Irak, la Libye, la Palestine et l&rsquo;Ukraine.<\/p>\n<p>Durant les 50 jours de bombardements \u00e0 Gaza, 17 journalistes ont \u00e9t\u00e9 tu\u00e9s en Palestine.<\/p>\n<p>Sofiene Chourabi et Nadhir Ktari, port\u00e9s disparus depuis 104 jours<\/p>\n<p>Quant aux journalistes enlev\u00e9s en 2014, RSF d\u00e9crit une forte hausse avec 119 journalistes enlev\u00e9s cette ann\u00e9e, la plupart en Ukraine, en Libye et en Syrie.<\/p>\n<p>Deux journalistes tunisiens figurent encore parmi les journalistes enlev\u00e9s \u00e0 savoir, Sofiene Chourabi et Nadhir Ktari, port\u00e9s disparus \u00e0 l&rsquo;est de la Libye depuis 104 jours.178 journalistes emprisonn\u00e9s<br \/>\nEnfin, le nombre de journalistes emprisonn\u00e9s est rest\u00e9 stable avec 178 journalistes qui se trouvent actuellement derri\u00e8re les barreaux avec une majorit\u00e9 de 29 journalistes emprisonn\u00e9s en Chine contre 16 en Egypte sous le r\u00e9gime d&rsquo;Al-Sissi.<\/p>\n","protected":false},"excerpt":{"rendered":"<p>66 journalistes tu\u00e9s, 119 enlev\u00e9s et 178 emprisonn\u00e9s en 2014, selon RSF<\/p>\n","protected":false},"author":3222,"featured_media":335331,"comment_status":"open","ping_status":"closed","sticky":false,"template":"","format":"standard","meta":{"footnotes":""},"categories":[2598],"tags":[2600],"class_list":["post-184275","post","type-post","status-publish","format-standard","has-post-thumbnail","hentry","category-international","tag-guerre"],"yoast_head":"<!-- This site is optimized with the Yoast SEO Premium plugin v27.5 (Yoast SEO v27.5) - https:\/\/yoast.com\/product\/yoast-seo-premium-wordpress\/ -->\n<title>66 journalistes tu\u00e9s, 119 enlev\u00e9s et 178 emprisonn\u00e9s en 2014, selon RSF<\/title>\n<meta name=\"description\" content=\"66 journalistes tu\u00e9s, 119 enlev\u00e9s et 178 emprisonn\u00e9s en 2014, selon RSF\" \/>\n<link rel=\"canonical\" href=\"https:\/\/www.webdo.tn\/fr\/actualite\/international\/66-journalistes-tues-119-enleves-178-emprisonnes-en-2014-selon-reporters-frontieres\/184275\/\" \/>\n<meta property=\"og:locale\" content=\"fr_FR\" \/>\n<meta property=\"og:type\" content=\"article\" \/>\n<meta property=\"og:title\" content=\"66 journalistes tu\u00e9s, 119 enlev\u00e9s et 178 emprisonn\u00e9s en 2014, selon RSF\" \/>\n<meta property=\"og:description\" content=\"66 journalistes tu\u00e9s, 119 enlev\u00e9s et 178 emprisonn\u00e9s en 2014, selon RSF\" \/>\n<meta property=\"og:url\" content=\"https:\/\/www.webdo.tn\/fr\/actualite\/international\/66-journalistes-tues-119-enleves-178-emprisonnes-en-2014-selon-reporters-frontieres\/184275\/\" \/>\n<meta property=\"og:site_name\" content=\"webdo\" \/>\n<meta property=\"article:publisher\" content=\"https:\/\/www.facebook.com\/webdotn\" \/>\n<meta property=\"article:published_time\" content=\"2014-12-16T11:56:00+00:00\" \/>\n<meta property=\"og:image\" content=\"https:\/\/www.webdo.tn\/fr\/wp-content\/uploads\/2014\/12\/RSF.jpg\" \/>\n\t<meta property=\"og:image:width\" content=\"300\" \/>\n\t<meta property=\"og:image:height\" content=\"200\" \/>\n\t<meta property=\"og:image:type\" content=\"image\/jpeg\" \/>\n<meta name=\"author\" content=\"webdo.tn\" \/>\n<meta name=\"twitter:card\" content=\"summary_large_image\" \/>\n<meta name=\"twitter:creator\" content=\"@webdo_tn\" \/>\n<meta name=\"twitter:site\" content=\"@webdo_tn\" \/>\n<meta name=\"twitter:label1\" content=\"\u00c9crit par\" \/>\n\t<meta name=\"twitter:data1\" content=\"webdo.tn\" \/>\n\t<meta name=\"twitter:label2\" content=\"Dur\u00e9e de lecture estim\u00e9e\" \/>\n\t<meta name=\"twitter:data2\" content=\"1 minute\" \/>\n<script type=\"application\/ld+json\" class=\"yoast-schema-graph\">{\"@context\":\"https:\\\/\\\/schema.org\",\"@graph\":[{\"@type\":\"NewsArticle\",\"@id\":\"https:\\\/\\\/www.webdo.tn\\\/fr\\\/actualite\\\/international\\\/66-journalistes-tues-119-enleves-178-emprisonnes-en-2014-selon-reporters-frontieres\\\/184275\\\/#article\",\"isPartOf\":{\"@id\":\"https:\\\/\\\/www.webdo.tn\\\/fr\\\/actualite\\\/international\\\/66-journalistes-tues-119-enleves-178-emprisonnes-en-2014-selon-reporters-frontieres\\\/184275\\\/\"},\"author\":{\"name\":\"webdo.tn\",\"@id\":\"https:\\\/\\\/www.webdo.tn\\\/fr\\\/#\\\/schema\\\/person\\\/9a9c6118d687c117df8ef3cc36a4d175\"},\"headline\":\"66 journalistes tu\u00e9s, 119 enlev\u00e9s et 178 emprisonn\u00e9s en 2014, selon RSF\",\"datePublished\":\"2014-12-16T11:56:00+00:00\",\"mainEntityOfPage\":{\"@id\":\"https:\\\/\\\/www.webdo.tn\\\/fr\\\/actualite\\\/international\\\/66-journalistes-tues-119-enleves-178-emprisonnes-en-2014-selon-reporters-frontieres\\\/184275\\\/\"},\"wordCount\":236,\"commentCount\":0,\"publisher\":{\"@id\":\"https:\\\/\\\/www.webdo.tn\\\/fr\\\/#organization\"},\"image\":{\"@id\":\"https:\\\/\\\/www.webdo.tn\\\/fr\\\/actualite\\\/international\\\/66-journalistes-tues-119-enleves-178-emprisonnes-en-2014-selon-reporters-frontieres\\\/184275\\\/#primaryimage\"},\"thumbnailUrl\":\"https:\\\/\\\/www.webdo.tn\\\/fr\\\/wp-content\\\/uploads\\\/2014\\\/12\\\/RSF.jpg\",\"keywords\":[\"guerre\"],\"articleSection\":[\"International\"],\"inLanguage\":\"fr-FR\"},{\"@type\":\"WebPage\",\"@id\":\"https:\\\/\\\/www.webdo.tn\\\/fr\\\/actualite\\\/international\\\/66-journalistes-tues-119-enleves-178-emprisonnes-en-2014-selon-reporters-frontieres\\\/184275\\\/\",\"url\":\"https:\\\/\\\/www.webdo.tn\\\/fr\\\/actualite\\\/international\\\/66-journalistes-tues-119-enleves-178-emprisonnes-en-2014-selon-reporters-frontieres\\\/184275\\\/\",\"name\":\"66 journalistes tu\u00e9s, 119 enlev\u00e9s et 178 emprisonn\u00e9s en 2014, selon RSF\",\"isPartOf\":{\"@id\":\"https:\\\/\\\/www.webdo.tn\\\/fr\\\/#website\"},\"primaryImageOfPage\":{\"@id\":\"https:\\\/\\\/www.webdo.tn\\\/fr\\\/actualite\\\/international\\\/66-journalistes-tues-119-enleves-178-emprisonnes-en-2014-selon-reporters-frontieres\\\/184275\\\/#primaryimage\"},\"image\":{\"@id\":\"https:\\\/\\\/www.webdo.tn\\\/fr\\\/actualite\\\/international\\\/66-journalistes-tues-119-enleves-178-emprisonnes-en-2014-selon-reporters-frontieres\\\/184275\\\/#primaryimage\"},\"thumbnailUrl\":\"https:\\\/\\\/www.webdo.tn\\\/fr\\\/wp-content\\\/uploads\\\/2014\\\/12\\\/RSF.jpg\",\"datePublished\":\"2014-12-16T11:56:00+00:00\",\"description\":\"66 journalistes tu\u00e9s, 119 enlev\u00e9s et 178 emprisonn\u00e9s en 2014, selon RSF\",\"breadcrumb\":{\"@id\":\"https:\\\/\\\/www.webdo.tn\\\/fr\\\/actualite\\\/international\\\/66-journalistes-tues-119-enleves-178-emprisonnes-en-2014-selon-reporters-frontieres\\\/184275\\\/#breadcrumb\"},\"inLanguage\":\"fr-FR\",\"potentialAction\":[{\"@type\":\"ReadAction\",\"target\":[\"https:\\\/\\\/www.webdo.tn\\\/fr\\\/actualite\\\/international\\\/66-journalistes-tues-119-enleves-178-emprisonnes-en-2014-selon-reporters-frontieres\\\/184275\\\/\"]}]},{\"@type\":\"ImageObject\",\"inLanguage\":\"fr-FR\",\"@id\":\"https:\\\/\\\/www.webdo.tn\\\/fr\\\/actualite\\\/international\\\/66-journalistes-tues-119-enleves-178-emprisonnes-en-2014-selon-reporters-frontieres\\\/184275\\\/#primaryimage\",\"url\":\"https:\\\/\\\/www.webdo.tn\\\/fr\\\/wp-content\\\/uploads\\\/2014\\\/12\\\/RSF.jpg\",\"contentUrl\":\"https:\\\/\\\/www.webdo.tn\\\/fr\\\/wp-content\\\/uploads\\\/2014\\\/12\\\/RSF.jpg\",\"width\":300,\"height\":200,\"caption\":\"66 journalistes tu\u00e9s, 119 enlev\u00e9s et 178 emprisonn\u00e9s en 2014, selon RSF\"},{\"@type\":\"BreadcrumbList\",\"@id\":\"https:\\\/\\\/www.webdo.tn\\\/fr\\\/actualite\\\/international\\\/66-journalistes-tues-119-enleves-178-emprisonnes-en-2014-selon-reporters-frontieres\\\/184275\\\/#breadcrumb\",\"itemListElement\":[{\"@type\":\"ListItem\",\"position\":1,\"name\":\"Accueil\",\"item\":\"https:\\\/\\\/www.webdo.tn\\\/fr\\\/\"},{\"@type\":\"ListItem\",\"position\":2,\"name\":\"66 journalistes tu\u00e9s, 119 enlev\u00e9s et 178 emprisonn\u00e9s en 2014, selon RSF\"}]},{\"@type\":\"WebSite\",\"@id\":\"https:\\\/\\\/www.webdo.tn\\\/fr\\\/#website\",\"url\":\"https:\\\/\\\/www.webdo.tn\\\/fr\\\/\",\"name\":\"webdo\",\"description\":\"Tunisie - News en Tunisie et \u00e0 l&#039;international sur Webdo.tn\",\"publisher\":{\"@id\":\"https:\\\/\\\/www.webdo.tn\\\/fr\\\/#organization\"},\"potentialAction\":[{\"@type\":\"SearchAction\",\"target\":{\"@type\":\"EntryPoint\",\"urlTemplate\":\"https:\\\/\\\/www.webdo.tn\\\/fr\\\/?s={search_term_string}\"},\"query-input\":{\"@type\":\"PropertyValueSpecification\",\"valueRequired\":true,\"valueName\":\"search_term_string\"}}],\"inLanguage\":\"fr-FR\"},{\"@type\":\"Organization\",\"@id\":\"https:\\\/\\\/www.webdo.tn\\\/fr\\\/#organization\",\"name\":\"Webdo\",\"alternateName\":\"Webdo.tn\",\"url\":\"https:\\\/\\\/www.webdo.tn\\\/fr\\\/\",\"logo\":{\"@type\":\"ImageObject\",\"inLanguage\":\"fr-FR\",\"@id\":\"https:\\\/\\\/www.webdo.tn\\\/fr\\\/#\\\/schema\\\/logo\\\/image\\\/\",\"url\":\"https:\\\/\\\/www.webdo.tn\\\/fr\\\/wp-content\\\/uploads\\\/2025\\\/06\\\/Webdo-Tunisie_168377.jpg\",\"contentUrl\":\"https:\\\/\\\/www.webdo.tn\\\/fr\\\/wp-content\\\/uploads\\\/2025\\\/06\\\/Webdo-Tunisie_168377.jpg\",\"width\":301,\"height\":301,\"caption\":\"Webdo\"},\"image\":{\"@id\":\"https:\\\/\\\/www.webdo.tn\\\/fr\\\/#\\\/schema\\\/logo\\\/image\\\/\"},\"sameAs\":[\"https:\\\/\\\/www.facebook.com\\\/webdotn\",\"https:\\\/\\\/x.com\\\/webdo_tn\"],\"description\":\"Webdo est un m\u00e9dia num\u00e9rique tunisien fond\u00e9 en 2010, sp\u00e9cialis\u00e9 dans l\u2019actualit\u00e9 nationale et internationale, l\u2019\u00e9conomie, la soci\u00e9t\u00e9 et les analyses politiques. Le site s\u2019adresse \u00e0 un large public francophone et couvre l\u2019information tunisienne en temps r\u00e9el.\",\"email\":\"redac@webdo.tn\",\"legalName\":\"YNJ SARL\",\"foundingDate\":\"2010-09-06\",\"numberOfEmployees\":{\"@type\":\"QuantitativeValue\",\"minValue\":\"11\",\"maxValue\":\"50\"}},{\"@type\":\"Person\",\"@id\":\"https:\\\/\\\/www.webdo.tn\\\/fr\\\/#\\\/schema\\\/person\\\/9a9c6118d687c117df8ef3cc36a4d175\",\"name\":\"webdo.tn\",\"image\":{\"@type\":\"ImageObject\",\"inLanguage\":\"fr-FR\",\"@id\":\"https:\\\/\\\/secure.gravatar.com\\\/avatar\\\/7ce1f28c0c3bbac99ff550b85ef8e44a6950c6ee24514fb6a5489e51d06f0298?s=96&d=mm&r=g\",\"url\":\"https:\\\/\\\/secure.gravatar.com\\\/avatar\\\/7ce1f28c0c3bbac99ff550b85ef8e44a6950c6ee24514fb6a5489e51d06f0298?s=96&d=mm&r=g\",\"contentUrl\":\"https:\\\/\\\/secure.gravatar.com\\\/avatar\\\/7ce1f28c0c3bbac99ff550b85ef8e44a6950c6ee24514fb6a5489e51d06f0298?s=96&d=mm&r=g\",\"caption\":\"webdo.tn\"},\"url\":\"https:\\\/\\\/www.webdo.tn\\\/fr\\\/actualite\\\/author\\\/webdotn\\\/\"}]}<\/script>\n<!-- \/ Yoast SEO Premium plugin. -->","yoast_head_json":{"title":"66 journalistes tu\u00e9s, 119 enlev\u00e9s et 178 emprisonn\u00e9s en 2014, selon RSF","description":"66 journalistes tu\u00e9s, 119 enlev\u00e9s et 178 emprisonn\u00e9s en 2014, selon RSF","canonical":"https:\/\/www.webdo.tn\/fr\/actualite\/international\/66-journalistes-tues-119-enleves-178-emprisonnes-en-2014-selon-reporters-frontieres\/184275\/","og_locale":"fr_FR","og_type":"article","og_title":"66 journalistes tu\u00e9s, 119 enlev\u00e9s et 178 emprisonn\u00e9s en 2014, selon RSF","og_description":"66 journalistes tu\u00e9s, 119 enlev\u00e9s et 178 emprisonn\u00e9s en 2014, selon RSF","og_url":"https:\/\/www.webdo.tn\/fr\/actualite\/international\/66-journalistes-tues-119-enleves-178-emprisonnes-en-2014-selon-reporters-frontieres\/184275\/","og_site_name":"webdo","article_publisher":"https:\/\/www.facebook.com\/webdotn","article_published_time":"2014-12-16T11:56:00+00:00","og_image":[{"width":300,"height":200,"url":"https:\/\/www.webdo.tn\/fr\/wp-content\/uploads\/2014\/12\/RSF.jpg","type":"image\/jpeg"}],"author":"webdo.tn","twitter_card":"summary_large_image","twitter_creator":"@webdo_tn","twitter_site":"@webdo_tn","twitter_misc":{"\u00c9crit par":"webdo.tn","Dur\u00e9e de lecture estim\u00e9e":"1 minute"},"schema":{"@context":"https:\/\/schema.org","@graph":[{"@type":"NewsArticle","@id":"https:\/\/www.webdo.tn\/fr\/actualite\/international\/66-journalistes-tues-119-enleves-178-emprisonnes-en-2014-selon-reporters-frontieres\/184275\/#article","isPartOf":{"@id":"https:\/\/www.webdo.tn\/fr\/actualite\/international\/66-journalistes-tues-119-enleves-178-emprisonnes-en-2014-selon-reporters-frontieres\/184275\/"},"author":{"name":"webdo.tn","@id":"https:\/\/www.webdo.tn\/fr\/#\/schema\/person\/9a9c6118d687c117df8ef3cc36a4d175"},"headline":"66 journalistes tu\u00e9s, 119 enlev\u00e9s et 178 emprisonn\u00e9s en 2014, selon RSF","datePublished":"2014-12-16T11:56:00+00:00","mainEntityOfPage":{"@id":"https:\/\/www.webdo.tn\/fr\/actualite\/international\/66-journalistes-tues-119-enleves-178-emprisonnes-en-2014-selon-reporters-frontieres\/184275\/"},"wordCount":236,"commentCount":0,"publisher":{"@id":"https:\/\/www.webdo.tn\/fr\/#organization"},"image":{"@id":"https:\/\/www.webdo.tn\/fr\/actualite\/international\/66-journalistes-tues-119-enleves-178-emprisonnes-en-2014-selon-reporters-frontieres\/184275\/#primaryimage"},"thumbnailUrl":"https:\/\/www.webdo.tn\/fr\/wp-content\/uploads\/2014\/12\/RSF.jpg","keywords":["guerre"],"articleSection":["International"],"inLanguage":"fr-FR"},{"@type":"WebPage","@id":"https:\/\/www.webdo.tn\/fr\/actualite\/international\/66-journalistes-tues-119-enleves-178-emprisonnes-en-2014-selon-reporters-frontieres\/184275\/","url":"https:\/\/www.webdo.tn\/fr\/actualite\/international\/66-journalistes-tues-119-enleves-178-emprisonnes-en-2014-selon-reporters-frontieres\/184275\/","name":"66 journalistes tu\u00e9s, 119 enlev\u00e9s et 178 emprisonn\u00e9s en 2014, selon RSF","isPartOf":{"@id":"https:\/\/www.webdo.tn\/fr\/#website"},"primaryImageOfPage":{"@id":"https:\/\/www.webdo.tn\/fr\/actualite\/international\/66-journalistes-tues-119-enleves-178-emprisonnes-en-2014-selon-reporters-frontieres\/184275\/#primaryimage"},"image":{"@id":"https:\/\/www.webdo.tn\/fr\/actualite\/international\/66-journalistes-tues-119-enleves-178-emprisonnes-en-2014-selon-reporters-frontieres\/184275\/#primaryimage"},"thumbnailUrl":"https:\/\/www.webdo.tn\/fr\/wp-content\/uploads\/2014\/12\/RSF.jpg","datePublished":"2014-12-16T11:56:00+00:00","description":"66 journalistes tu\u00e9s, 119 enlev\u00e9s et 178 emprisonn\u00e9s en 2014, selon RSF","breadcrumb":{"@id":"https:\/\/www.webdo.tn\/fr\/actualite\/international\/66-journalistes-tues-119-enleves-178-emprisonnes-en-2014-selon-reporters-frontieres\/184275\/#breadcrumb"},"inLanguage":"fr-FR","potentialAction":[{"@type":"ReadAction","target":["https:\/\/www.webdo.tn\/fr\/actualite\/international\/66-journalistes-tues-119-enleves-178-emprisonnes-en-2014-selon-reporters-frontieres\/184275\/"]}]},{"@type":"ImageObject","inLanguage":"fr-FR","@id":"https:\/\/www.webdo.tn\/fr\/actualite\/international\/66-journalistes-tues-119-enleves-178-emprisonnes-en-2014-selon-reporters-frontieres\/184275\/#primaryimage","url":"https:\/\/www.webdo.tn\/fr\/wp-content\/uploads\/2014\/12\/RSF.jpg","contentUrl":"https:\/\/www.webdo.tn\/fr\/wp-content\/uploads\/2014\/12\/RSF.jpg","width":300,"height":200,"caption":"66 journalistes tu\u00e9s, 119 enlev\u00e9s et 178 emprisonn\u00e9s en 2014, selon RSF"},{"@type":"BreadcrumbList","@id":"https:\/\/www.webdo.tn\/fr\/actualite\/international\/66-journalistes-tues-119-enleves-178-emprisonnes-en-2014-selon-reporters-frontieres\/184275\/#breadcrumb","itemListElement":[{"@type":"ListItem","position":1,"name":"Accueil","item":"https:\/\/www.webdo.tn\/fr\/"},{"@type":"ListItem","position":2,"name":"66 journalistes tu\u00e9s, 119 enlev\u00e9s et 178 emprisonn\u00e9s en 2014, selon RSF"}]},{"@type":"WebSite","@id":"https:\/\/www.webdo.tn\/fr\/#website","url":"https:\/\/www.webdo.tn\/fr\/","name":"webdo","description":"Tunisie - News en Tunisie et \u00e0 l&#039;international sur Webdo.tn","publisher":{"@id":"https:\/\/www.webdo.tn\/fr\/#organization"},"potentialAction":[{"@type":"SearchAction","target":{"@type":"EntryPoint","urlTemplate":"https:\/\/www.webdo.tn\/fr\/?s={search_term_string}"},"query-input":{"@type":"PropertyValueSpecification","valueRequired":true,"valueName":"search_term_string"}}],"inLanguage":"fr-FR"},{"@type":"Organization","@id":"https:\/\/www.webdo.tn\/fr\/#organization","name":"Webdo","alternateName":"Webdo.tn","url":"https:\/\/www.webdo.tn\/fr\/","logo":{"@type":"ImageObject","inLanguage":"fr-FR","@id":"https:\/\/www.webdo.tn\/fr\/#\/schema\/logo\/image\/","url":"https:\/\/www.webdo.tn\/fr\/wp-content\/uploads\/2025\/06\/Webdo-Tunisie_168377.jpg","contentUrl":"https:\/\/www.webdo.tn\/fr\/wp-content\/uploads\/2025\/06\/Webdo-Tunisie_168377.jpg","width":301,"height":301,"caption":"Webdo"},"image":{"@id":"https:\/\/www.webdo.tn\/fr\/#\/schema\/logo\/image\/"},"sameAs":["https:\/\/www.facebook.com\/webdotn","https:\/\/x.com\/webdo_tn"],"description":"Webdo est un m\u00e9dia num\u00e9rique tunisien fond\u00e9 en 2010, sp\u00e9cialis\u00e9 dans l\u2019actualit\u00e9 nationale et internationale, l\u2019\u00e9conomie, la soci\u00e9t\u00e9 et les analyses politiques. Le site s\u2019adresse \u00e0 un large public francophone et couvre l\u2019information tunisienne en temps r\u00e9el.","email":"redac@webdo.tn","legalName":"YNJ SARL","foundingDate":"2010-09-06","numberOfEmployees":{"@type":"QuantitativeValue","minValue":"11","maxValue":"50"}},{"@type":"Person","@id":"https:\/\/www.webdo.tn\/fr\/#\/schema\/person\/9a9c6118d687c117df8ef3cc36a4d175","name":"webdo.tn","image":{"@type":"ImageObject","inLanguage":"fr-FR","@id":"https:\/\/secure.gravatar.com\/avatar\/7ce1f28c0c3bbac99ff550b85ef8e44a6950c6ee24514fb6a5489e51d06f0298?s=96&d=mm&r=g","url":"https:\/\/secure.gravatar.com\/avatar\/7ce1f28c0c3bbac99ff550b85ef8e44a6950c6ee24514fb6a5489e51d06f0298?s=96&d=mm&r=g","contentUrl":"https:\/\/secure.gravatar.com\/avatar\/7ce1f28c0c3bbac99ff550b85ef8e44a6950c6ee24514fb6a5489e51d06f0298?s=96&d=mm&r=g","caption":"webdo.tn"},"url":"https:\/\/www.webdo.tn\/fr\/actualite\/author\/webdotn\/"}]}},"_links":{"self":[{"href":"https:\/\/www.webdo.tn\/fr\/wp-json\/wp\/v2\/posts\/184275","targetHints":{"allow":["GET"]}}],"collection":[{"href":"https:\/\/www.webdo.tn\/fr\/wp-json\/wp\/v2\/posts"}],"about":[{"href":"https:\/\/www.webdo.tn\/fr\/wp-json\/wp\/v2\/types\/post"}],"author":[{"embeddable":true,"href":"https:\/\/www.webdo.tn\/fr\/wp-json\/wp\/v2\/users\/3222"}],"replies":[{"embeddable":true,"href":"https:\/\/www.webdo.tn\/fr\/wp-json\/wp\/v2\/comments?post=184275"}],"version-history":[{"count":0,"href":"https:\/\/www.webdo.tn\/fr\/wp-json\/wp\/v2\/posts\/184275\/revisions"}],"wp:featuredmedia":[{"embeddable":true,"href":"https:\/\/www.webdo.tn\/fr\/wp-json\/wp\/v2\/media\/335331"}],"wp:attachment":[{"href":"https:\/\/www.webdo.tn\/fr\/wp-json\/wp\/v2\/media?parent=184275"}],"wp:term":[{"taxonomy":"category","embeddable":true,"href":"https:\/\/www.webdo.tn\/fr\/wp-json\/wp\/v2\/categories?post=184275"},{"taxonomy":"post_tag","embeddable":true,"href":"https:\/\/www.webdo.tn\/fr\/wp-json\/wp\/v2\/tags?post=184275"}],"curies":[{"name":"wp","href":"https:\/\/api.w.org\/{rel}","templated":true}]}}