{"id":184273,"date":"2014-12-16T12:46:00","date_gmt":"2014-12-16T12:46:00","guid":{"rendered":"https:\/\/www.webdo.tn\/fr\/blog\/pakistan-126-morts-dont-dune-centaine-denfants-lattaque-dune-ecole-commando-taliban\/184273\/"},"modified":"2014-12-16T12:46:00","modified_gmt":"2014-12-16T12:46:00","slug":"pakistan-126-morts-dont-dune-centaine-denfants-lattaque-dune-ecole-commando-taliban","status":"publish","type":"post","link":"https:\/\/www.webdo.tn\/fr\/actualite\/international\/pakistan-126-morts-dont-dune-centaine-denfants-lattaque-dune-ecole-commando-taliban\/184273\/","title":{"rendered":"Pakistan : 126 morts dont plus d&rsquo;une centaine d&rsquo;enfants dans l\u2019attaque d\u2019une \u00e9cole par un commando taliban"},"content":{"rendered":"<p>Des taliban ont attaqu\u00e9, ce mardi 16 d\u00e9cembre au matin, une \u00e9cole de Peshawar, principale ville du nord-ouest du Pakistan, faisant 126 morts dont plus d&rsquo;une centaine d&rsquo;enfants, et 122 bless\u00e9s, selon l\u2019agence Reuters qui rapporte les bilans de la police et d\u2019un responsable du gouvernement provincial.<\/p>\n<p>Trois explosions ont \u00e9t\u00e9 entendues dans l&rsquo;\u00e9cole de Peshawar g\u00e9r\u00e9e par l&rsquo;arm\u00e9e et qui scolarise plusieurs centaines d\u2019enfants de militaires \u00e2g\u00e9s de 10 \u00e0 18 ans. L\u2019\u00e9cole a \u00e9t\u00e9 attaqu\u00e9e par un commando taliban et quatre des assaillants ont \u00e9t\u00e9 tu\u00e9s et les op\u00e9rations se poursuivent pour neutraliser les autres, a pr\u00e9cis\u00e9 l&rsquo;arm\u00e9e pakistanaise \u00e0 l\u2019agence Reuters.<\/p>\n<p>Les taliban disent avoir envoy\u00e9 dans l&rsquo;\u00e9cole g\u00e9r\u00e9e par l&rsquo;arm\u00e9e six combattants \u00e9quip\u00e9s de vestes d&rsquo;explosifs pour se venger du gouvernement d&rsquo;Islamabad qui \u00ab\u00a0s&rsquo;en prend \u00e0 nos familles et \u00e0 nos femmes\u00a0\u00bb dans la r\u00e9gion tribale du Nord-Waziristan, o\u00f9 l&rsquo;arm\u00e9e a lanc\u00e9 une offensive en juin.<\/p>\n<p>L\u2019arm\u00e9e est intervenue sur place une demi-heure apr\u00e8s le d\u00e9but de l\u2019attaque, et des \u00e9changes de tirs se poursuivaient \u00e0 la mi-journ\u00e9e. Au moins un membre des forces paramilitaires pakistanaises serait mort. Selon une source minist\u00e9rielle, les assaillants seraient retranch\u00e9s dans un b\u00e2timent administratif de l\u2019\u00e9tablissement.<\/p>\n<p>L\u2019assaut a \u00e9t\u00e9 revendiqu\u00e9 par le Tehrik-e-Taliban Pakistan (TTP), principal groupe rebelle islamiste du pays. \u00ab\u00a0Le bilan pourrait encore s&rsquo;alourdir\u00a0\u00bb, a pr\u00e9venu Bahramand Khan, directeur de l&rsquo;information du secr\u00e9tariat du chef du gouvernement provincial en faisant \u00e9tat de la mort de 126 personnes.<\/p>\n","protected":false},"excerpt":{"rendered":"<p>Pakistan : 126 morts dont plus d&rsquo;une centaine d&rsquo;enfants dans l\u2019attaque d\u2019une \u00e9cole par un commando taliban<\/p>\n","protected":false},"author":3222,"featured_media":330995,"comment_status":"open","ping_status":"closed","sticky":false,"template":"","format":"standard","meta":{"footnotes":""},"categories":[2598],"tags":[2600],"class_list":["post-184273","post","type-post","status-publish","format-standard","has-post-thumbnail","hentry","category-international","tag-guerre"],"yoast_head":"<!-- This site is optimized with the Yoast SEO Premium plugin v27.5 (Yoast SEO v27.5) - https:\/\/yoast.com\/product\/yoast-seo-premium-wordpress\/ -->\n<title>Pakistan : 126 morts dont plus d&#039;une centaine d&#039;enfants dans l\u2019attaque d\u2019une \u00e9cole par un commando taliban<\/title>\n<meta name=\"description\" content=\"Pakistan : 126 morts dont plus d&#039;une centaine d&#039;enfants dans l\u2019attaque d\u2019une \u00e9cole par un commando taliban\" \/>\n<link rel=\"canonical\" href=\"https:\/\/www.webdo.tn\/fr\/actualite\/international\/pakistan-126-morts-dont-dune-centaine-denfants-lattaque-dune-ecole-commando-taliban\/184273\/\" \/>\n<meta property=\"og:locale\" content=\"fr_FR\" \/>\n<meta property=\"og:type\" content=\"article\" \/>\n<meta property=\"og:title\" content=\"Pakistan : 126 morts dont plus d&#039;une centaine d&#039;enfants dans l\u2019attaque d\u2019une \u00e9cole par un commando taliban\" \/>\n<meta property=\"og:description\" content=\"Pakistan : 126 morts dont plus d&#039;une centaine d&#039;enfants dans l\u2019attaque d\u2019une \u00e9cole par un commando taliban\" \/>\n<meta property=\"og:url\" content=\"https:\/\/www.webdo.tn\/fr\/actualite\/international\/pakistan-126-morts-dont-dune-centaine-denfants-lattaque-dune-ecole-commando-taliban\/184273\/\" \/>\n<meta property=\"og:site_name\" content=\"webdo\" \/>\n<meta property=\"article:publisher\" content=\"https:\/\/www.facebook.com\/webdotn\" \/>\n<meta property=\"article:published_time\" content=\"2014-12-16T12:46:00+00:00\" \/>\n<meta property=\"og:image\" content=\"https:\/\/www.webdo.tn\/fr\/wp-content\/uploads\/2014\/12\/atlantico-yahoo.jpg\" \/>\n\t<meta property=\"og:image:width\" content=\"600\" \/>\n\t<meta property=\"og:image:height\" content=\"331\" \/>\n\t<meta property=\"og:image:type\" content=\"image\/jpeg\" \/>\n<meta name=\"author\" content=\"webdo.tn\" \/>\n<meta name=\"twitter:card\" content=\"summary_large_image\" \/>\n<meta name=\"twitter:creator\" content=\"@webdo_tn\" \/>\n<meta name=\"twitter:site\" content=\"@webdo_tn\" \/>\n<meta name=\"twitter:label1\" content=\"\u00c9crit par\" \/>\n\t<meta name=\"twitter:data1\" content=\"webdo.tn\" \/>\n\t<meta name=\"twitter:label2\" content=\"Dur\u00e9e de lecture estim\u00e9e\" \/>\n\t<meta name=\"twitter:data2\" content=\"1 minute\" \/>\n<script type=\"application\/ld+json\" class=\"yoast-schema-graph\">{\"@context\":\"https:\\\/\\\/schema.org\",\"@graph\":[{\"@type\":\"NewsArticle\",\"@id\":\"https:\\\/\\\/www.webdo.tn\\\/fr\\\/actualite\\\/international\\\/pakistan-126-morts-dont-dune-centaine-denfants-lattaque-dune-ecole-commando-taliban\\\/184273\\\/#article\",\"isPartOf\":{\"@id\":\"https:\\\/\\\/www.webdo.tn\\\/fr\\\/actualite\\\/international\\\/pakistan-126-morts-dont-dune-centaine-denfants-lattaque-dune-ecole-commando-taliban\\\/184273\\\/\"},\"author\":{\"name\":\"webdo.tn\",\"@id\":\"https:\\\/\\\/www.webdo.tn\\\/fr\\\/#\\\/schema\\\/person\\\/9a9c6118d687c117df8ef3cc36a4d175\"},\"headline\":\"Pakistan : 126 morts dont plus d&rsquo;une centaine d&rsquo;enfants dans l\u2019attaque d\u2019une \u00e9cole par un commando taliban\",\"datePublished\":\"2014-12-16T12:46:00+00:00\",\"mainEntityOfPage\":{\"@id\":\"https:\\\/\\\/www.webdo.tn\\\/fr\\\/actualite\\\/international\\\/pakistan-126-morts-dont-dune-centaine-denfants-lattaque-dune-ecole-commando-taliban\\\/184273\\\/\"},\"wordCount\":295,\"commentCount\":0,\"publisher\":{\"@id\":\"https:\\\/\\\/www.webdo.tn\\\/fr\\\/#organization\"},\"image\":{\"@id\":\"https:\\\/\\\/www.webdo.tn\\\/fr\\\/actualite\\\/international\\\/pakistan-126-morts-dont-dune-centaine-denfants-lattaque-dune-ecole-commando-taliban\\\/184273\\\/#primaryimage\"},\"thumbnailUrl\":\"https:\\\/\\\/www.webdo.tn\\\/fr\\\/wp-content\\\/uploads\\\/2014\\\/12\\\/atlantico-yahoo.jpg\",\"keywords\":[\"guerre\"],\"articleSection\":[\"International\"],\"inLanguage\":\"fr-FR\"},{\"@type\":\"WebPage\",\"@id\":\"https:\\\/\\\/www.webdo.tn\\\/fr\\\/actualite\\\/international\\\/pakistan-126-morts-dont-dune-centaine-denfants-lattaque-dune-ecole-commando-taliban\\\/184273\\\/\",\"url\":\"https:\\\/\\\/www.webdo.tn\\\/fr\\\/actualite\\\/international\\\/pakistan-126-morts-dont-dune-centaine-denfants-lattaque-dune-ecole-commando-taliban\\\/184273\\\/\",\"name\":\"Pakistan : 126 morts dont plus d'une centaine d'enfants dans l\u2019attaque d\u2019une \u00e9cole par un commando taliban\",\"isPartOf\":{\"@id\":\"https:\\\/\\\/www.webdo.tn\\\/fr\\\/#website\"},\"primaryImageOfPage\":{\"@id\":\"https:\\\/\\\/www.webdo.tn\\\/fr\\\/actualite\\\/international\\\/pakistan-126-morts-dont-dune-centaine-denfants-lattaque-dune-ecole-commando-taliban\\\/184273\\\/#primaryimage\"},\"image\":{\"@id\":\"https:\\\/\\\/www.webdo.tn\\\/fr\\\/actualite\\\/international\\\/pakistan-126-morts-dont-dune-centaine-denfants-lattaque-dune-ecole-commando-taliban\\\/184273\\\/#primaryimage\"},\"thumbnailUrl\":\"https:\\\/\\\/www.webdo.tn\\\/fr\\\/wp-content\\\/uploads\\\/2014\\\/12\\\/atlantico-yahoo.jpg\",\"datePublished\":\"2014-12-16T12:46:00+00:00\",\"description\":\"Pakistan : 126 morts dont plus d'une centaine d'enfants dans l\u2019attaque d\u2019une \u00e9cole par un commando taliban\",\"breadcrumb\":{\"@id\":\"https:\\\/\\\/www.webdo.tn\\\/fr\\\/actualite\\\/international\\\/pakistan-126-morts-dont-dune-centaine-denfants-lattaque-dune-ecole-commando-taliban\\\/184273\\\/#breadcrumb\"},\"inLanguage\":\"fr-FR\",\"potentialAction\":[{\"@type\":\"ReadAction\",\"target\":[\"https:\\\/\\\/www.webdo.tn\\\/fr\\\/actualite\\\/international\\\/pakistan-126-morts-dont-dune-centaine-denfants-lattaque-dune-ecole-commando-taliban\\\/184273\\\/\"]}]},{\"@type\":\"ImageObject\",\"inLanguage\":\"fr-FR\",\"@id\":\"https:\\\/\\\/www.webdo.tn\\\/fr\\\/actualite\\\/international\\\/pakistan-126-morts-dont-dune-centaine-denfants-lattaque-dune-ecole-commando-taliban\\\/184273\\\/#primaryimage\",\"url\":\"https:\\\/\\\/www.webdo.tn\\\/fr\\\/wp-content\\\/uploads\\\/2014\\\/12\\\/atlantico-yahoo.jpg\",\"contentUrl\":\"https:\\\/\\\/www.webdo.tn\\\/fr\\\/wp-content\\\/uploads\\\/2014\\\/12\\\/atlantico-yahoo.jpg\",\"width\":600,\"height\":331,\"caption\":\"Pakistan : 126 morts dont plus d'une centaine d'enfants dans l\u2019attaque d\u2019une \u00e9cole par un commando taliban\"},{\"@type\":\"BreadcrumbList\",\"@id\":\"https:\\\/\\\/www.webdo.tn\\\/fr\\\/actualite\\\/international\\\/pakistan-126-morts-dont-dune-centaine-denfants-lattaque-dune-ecole-commando-taliban\\\/184273\\\/#breadcrumb\",\"itemListElement\":[{\"@type\":\"ListItem\",\"position\":1,\"name\":\"Accueil\",\"item\":\"https:\\\/\\\/www.webdo.tn\\\/fr\\\/\"},{\"@type\":\"ListItem\",\"position\":2,\"name\":\"Pakistan : 126 morts dont plus d&rsquo;une centaine d&rsquo;enfants dans l\u2019attaque d\u2019une \u00e9cole par un commando taliban\"}]},{\"@type\":\"WebSite\",\"@id\":\"https:\\\/\\\/www.webdo.tn\\\/fr\\\/#website\",\"url\":\"https:\\\/\\\/www.webdo.tn\\\/fr\\\/\",\"name\":\"webdo\",\"description\":\"Tunisie - News en Tunisie et \u00e0 l&#039;international sur Webdo.tn\",\"publisher\":{\"@id\":\"https:\\\/\\\/www.webdo.tn\\\/fr\\\/#organization\"},\"potentialAction\":[{\"@type\":\"SearchAction\",\"target\":{\"@type\":\"EntryPoint\",\"urlTemplate\":\"https:\\\/\\\/www.webdo.tn\\\/fr\\\/?s={search_term_string}\"},\"query-input\":{\"@type\":\"PropertyValueSpecification\",\"valueRequired\":true,\"valueName\":\"search_term_string\"}}],\"inLanguage\":\"fr-FR\"},{\"@type\":\"Organization\",\"@id\":\"https:\\\/\\\/www.webdo.tn\\\/fr\\\/#organization\",\"name\":\"Webdo\",\"alternateName\":\"Webdo.tn\",\"url\":\"https:\\\/\\\/www.webdo.tn\\\/fr\\\/\",\"logo\":{\"@type\":\"ImageObject\",\"inLanguage\":\"fr-FR\",\"@id\":\"https:\\\/\\\/www.webdo.tn\\\/fr\\\/#\\\/schema\\\/logo\\\/image\\\/\",\"url\":\"https:\\\/\\\/www.webdo.tn\\\/fr\\\/wp-content\\\/uploads\\\/2025\\\/06\\\/Webdo-Tunisie_168377.jpg\",\"contentUrl\":\"https:\\\/\\\/www.webdo.tn\\\/fr\\\/wp-content\\\/uploads\\\/2025\\\/06\\\/Webdo-Tunisie_168377.jpg\",\"width\":301,\"height\":301,\"caption\":\"Webdo\"},\"image\":{\"@id\":\"https:\\\/\\\/www.webdo.tn\\\/fr\\\/#\\\/schema\\\/logo\\\/image\\\/\"},\"sameAs\":[\"https:\\\/\\\/www.facebook.com\\\/webdotn\",\"https:\\\/\\\/x.com\\\/webdo_tn\"],\"description\":\"Webdo est un m\u00e9dia num\u00e9rique tunisien fond\u00e9 en 2010, sp\u00e9cialis\u00e9 dans l\u2019actualit\u00e9 nationale et internationale, l\u2019\u00e9conomie, la soci\u00e9t\u00e9 et les analyses politiques. Le site s\u2019adresse \u00e0 un large public francophone et couvre l\u2019information tunisienne en temps r\u00e9el.\",\"email\":\"redac@webdo.tn\",\"legalName\":\"YNJ SARL\",\"foundingDate\":\"2010-09-06\",\"numberOfEmployees\":{\"@type\":\"QuantitativeValue\",\"minValue\":\"11\",\"maxValue\":\"50\"}},{\"@type\":\"Person\",\"@id\":\"https:\\\/\\\/www.webdo.tn\\\/fr\\\/#\\\/schema\\\/person\\\/9a9c6118d687c117df8ef3cc36a4d175\",\"name\":\"webdo.tn\",\"image\":{\"@type\":\"ImageObject\",\"inLanguage\":\"fr-FR\",\"@id\":\"https:\\\/\\\/secure.gravatar.com\\\/avatar\\\/7ce1f28c0c3bbac99ff550b85ef8e44a6950c6ee24514fb6a5489e51d06f0298?s=96&d=mm&r=g\",\"url\":\"https:\\\/\\\/secure.gravatar.com\\\/avatar\\\/7ce1f28c0c3bbac99ff550b85ef8e44a6950c6ee24514fb6a5489e51d06f0298?s=96&d=mm&r=g\",\"contentUrl\":\"https:\\\/\\\/secure.gravatar.com\\\/avatar\\\/7ce1f28c0c3bbac99ff550b85ef8e44a6950c6ee24514fb6a5489e51d06f0298?s=96&d=mm&r=g\",\"caption\":\"webdo.tn\"},\"url\":\"https:\\\/\\\/www.webdo.tn\\\/fr\\\/actualite\\\/author\\\/webdotn\\\/\"}]}<\/script>\n<!-- \/ Yoast SEO Premium plugin. -->","yoast_head_json":{"title":"Pakistan : 126 morts dont plus d'une centaine d'enfants dans l\u2019attaque d\u2019une \u00e9cole par un commando taliban","description":"Pakistan : 126 morts dont plus d'une centaine d'enfants dans l\u2019attaque d\u2019une \u00e9cole par un commando taliban","canonical":"https:\/\/www.webdo.tn\/fr\/actualite\/international\/pakistan-126-morts-dont-dune-centaine-denfants-lattaque-dune-ecole-commando-taliban\/184273\/","og_locale":"fr_FR","og_type":"article","og_title":"Pakistan : 126 morts dont plus d'une centaine d'enfants dans l\u2019attaque d\u2019une \u00e9cole par un commando taliban","og_description":"Pakistan : 126 morts dont plus d'une centaine d'enfants dans l\u2019attaque d\u2019une \u00e9cole par un commando taliban","og_url":"https:\/\/www.webdo.tn\/fr\/actualite\/international\/pakistan-126-morts-dont-dune-centaine-denfants-lattaque-dune-ecole-commando-taliban\/184273\/","og_site_name":"webdo","article_publisher":"https:\/\/www.facebook.com\/webdotn","article_published_time":"2014-12-16T12:46:00+00:00","og_image":[{"width":600,"height":331,"url":"https:\/\/www.webdo.tn\/fr\/wp-content\/uploads\/2014\/12\/atlantico-yahoo.jpg","type":"image\/jpeg"}],"author":"webdo.tn","twitter_card":"summary_large_image","twitter_creator":"@webdo_tn","twitter_site":"@webdo_tn","twitter_misc":{"\u00c9crit par":"webdo.tn","Dur\u00e9e de lecture estim\u00e9e":"1 minute"},"schema":{"@context":"https:\/\/schema.org","@graph":[{"@type":"NewsArticle","@id":"https:\/\/www.webdo.tn\/fr\/actualite\/international\/pakistan-126-morts-dont-dune-centaine-denfants-lattaque-dune-ecole-commando-taliban\/184273\/#article","isPartOf":{"@id":"https:\/\/www.webdo.tn\/fr\/actualite\/international\/pakistan-126-morts-dont-dune-centaine-denfants-lattaque-dune-ecole-commando-taliban\/184273\/"},"author":{"name":"webdo.tn","@id":"https:\/\/www.webdo.tn\/fr\/#\/schema\/person\/9a9c6118d687c117df8ef3cc36a4d175"},"headline":"Pakistan : 126 morts dont plus d&rsquo;une centaine d&rsquo;enfants dans l\u2019attaque d\u2019une \u00e9cole par un commando taliban","datePublished":"2014-12-16T12:46:00+00:00","mainEntityOfPage":{"@id":"https:\/\/www.webdo.tn\/fr\/actualite\/international\/pakistan-126-morts-dont-dune-centaine-denfants-lattaque-dune-ecole-commando-taliban\/184273\/"},"wordCount":295,"commentCount":0,"publisher":{"@id":"https:\/\/www.webdo.tn\/fr\/#organization"},"image":{"@id":"https:\/\/www.webdo.tn\/fr\/actualite\/international\/pakistan-126-morts-dont-dune-centaine-denfants-lattaque-dune-ecole-commando-taliban\/184273\/#primaryimage"},"thumbnailUrl":"https:\/\/www.webdo.tn\/fr\/wp-content\/uploads\/2014\/12\/atlantico-yahoo.jpg","keywords":["guerre"],"articleSection":["International"],"inLanguage":"fr-FR"},{"@type":"WebPage","@id":"https:\/\/www.webdo.tn\/fr\/actualite\/international\/pakistan-126-morts-dont-dune-centaine-denfants-lattaque-dune-ecole-commando-taliban\/184273\/","url":"https:\/\/www.webdo.tn\/fr\/actualite\/international\/pakistan-126-morts-dont-dune-centaine-denfants-lattaque-dune-ecole-commando-taliban\/184273\/","name":"Pakistan : 126 morts dont plus d'une centaine d'enfants dans l\u2019attaque d\u2019une \u00e9cole par un commando taliban","isPartOf":{"@id":"https:\/\/www.webdo.tn\/fr\/#website"},"primaryImageOfPage":{"@id":"https:\/\/www.webdo.tn\/fr\/actualite\/international\/pakistan-126-morts-dont-dune-centaine-denfants-lattaque-dune-ecole-commando-taliban\/184273\/#primaryimage"},"image":{"@id":"https:\/\/www.webdo.tn\/fr\/actualite\/international\/pakistan-126-morts-dont-dune-centaine-denfants-lattaque-dune-ecole-commando-taliban\/184273\/#primaryimage"},"thumbnailUrl":"https:\/\/www.webdo.tn\/fr\/wp-content\/uploads\/2014\/12\/atlantico-yahoo.jpg","datePublished":"2014-12-16T12:46:00+00:00","description":"Pakistan : 126 morts dont plus d'une centaine d'enfants dans l\u2019attaque d\u2019une \u00e9cole par un commando taliban","breadcrumb":{"@id":"https:\/\/www.webdo.tn\/fr\/actualite\/international\/pakistan-126-morts-dont-dune-centaine-denfants-lattaque-dune-ecole-commando-taliban\/184273\/#breadcrumb"},"inLanguage":"fr-FR","potentialAction":[{"@type":"ReadAction","target":["https:\/\/www.webdo.tn\/fr\/actualite\/international\/pakistan-126-morts-dont-dune-centaine-denfants-lattaque-dune-ecole-commando-taliban\/184273\/"]}]},{"@type":"ImageObject","inLanguage":"fr-FR","@id":"https:\/\/www.webdo.tn\/fr\/actualite\/international\/pakistan-126-morts-dont-dune-centaine-denfants-lattaque-dune-ecole-commando-taliban\/184273\/#primaryimage","url":"https:\/\/www.webdo.tn\/fr\/wp-content\/uploads\/2014\/12\/atlantico-yahoo.jpg","contentUrl":"https:\/\/www.webdo.tn\/fr\/wp-content\/uploads\/2014\/12\/atlantico-yahoo.jpg","width":600,"height":331,"caption":"Pakistan : 126 morts dont plus d'une centaine d'enfants dans l\u2019attaque d\u2019une \u00e9cole par un commando taliban"},{"@type":"BreadcrumbList","@id":"https:\/\/www.webdo.tn\/fr\/actualite\/international\/pakistan-126-morts-dont-dune-centaine-denfants-lattaque-dune-ecole-commando-taliban\/184273\/#breadcrumb","itemListElement":[{"@type":"ListItem","position":1,"name":"Accueil","item":"https:\/\/www.webdo.tn\/fr\/"},{"@type":"ListItem","position":2,"name":"Pakistan : 126 morts dont plus d&rsquo;une centaine d&rsquo;enfants dans l\u2019attaque d\u2019une \u00e9cole par un commando taliban"}]},{"@type":"WebSite","@id":"https:\/\/www.webdo.tn\/fr\/#website","url":"https:\/\/www.webdo.tn\/fr\/","name":"webdo","description":"Tunisie - News en Tunisie et \u00e0 l&#039;international sur Webdo.tn","publisher":{"@id":"https:\/\/www.webdo.tn\/fr\/#organization"},"potentialAction":[{"@type":"SearchAction","target":{"@type":"EntryPoint","urlTemplate":"https:\/\/www.webdo.tn\/fr\/?s={search_term_string}"},"query-input":{"@type":"PropertyValueSpecification","valueRequired":true,"valueName":"search_term_string"}}],"inLanguage":"fr-FR"},{"@type":"Organization","@id":"https:\/\/www.webdo.tn\/fr\/#organization","name":"Webdo","alternateName":"Webdo.tn","url":"https:\/\/www.webdo.tn\/fr\/","logo":{"@type":"ImageObject","inLanguage":"fr-FR","@id":"https:\/\/www.webdo.tn\/fr\/#\/schema\/logo\/image\/","url":"https:\/\/www.webdo.tn\/fr\/wp-content\/uploads\/2025\/06\/Webdo-Tunisie_168377.jpg","contentUrl":"https:\/\/www.webdo.tn\/fr\/wp-content\/uploads\/2025\/06\/Webdo-Tunisie_168377.jpg","width":301,"height":301,"caption":"Webdo"},"image":{"@id":"https:\/\/www.webdo.tn\/fr\/#\/schema\/logo\/image\/"},"sameAs":["https:\/\/www.facebook.com\/webdotn","https:\/\/x.com\/webdo_tn"],"description":"Webdo est un m\u00e9dia num\u00e9rique tunisien fond\u00e9 en 2010, sp\u00e9cialis\u00e9 dans l\u2019actualit\u00e9 nationale et internationale, l\u2019\u00e9conomie, la soci\u00e9t\u00e9 et les analyses politiques. Le site s\u2019adresse \u00e0 un large public francophone et couvre l\u2019information tunisienne en temps r\u00e9el.","email":"redac@webdo.tn","legalName":"YNJ SARL","foundingDate":"2010-09-06","numberOfEmployees":{"@type":"QuantitativeValue","minValue":"11","maxValue":"50"}},{"@type":"Person","@id":"https:\/\/www.webdo.tn\/fr\/#\/schema\/person\/9a9c6118d687c117df8ef3cc36a4d175","name":"webdo.tn","image":{"@type":"ImageObject","inLanguage":"fr-FR","@id":"https:\/\/secure.gravatar.com\/avatar\/7ce1f28c0c3bbac99ff550b85ef8e44a6950c6ee24514fb6a5489e51d06f0298?s=96&d=mm&r=g","url":"https:\/\/secure.gravatar.com\/avatar\/7ce1f28c0c3bbac99ff550b85ef8e44a6950c6ee24514fb6a5489e51d06f0298?s=96&d=mm&r=g","contentUrl":"https:\/\/secure.gravatar.com\/avatar\/7ce1f28c0c3bbac99ff550b85ef8e44a6950c6ee24514fb6a5489e51d06f0298?s=96&d=mm&r=g","caption":"webdo.tn"},"url":"https:\/\/www.webdo.tn\/fr\/actualite\/author\/webdotn\/"}]}},"_links":{"self":[{"href":"https:\/\/www.webdo.tn\/fr\/wp-json\/wp\/v2\/posts\/184273","targetHints":{"allow":["GET"]}}],"collection":[{"href":"https:\/\/www.webdo.tn\/fr\/wp-json\/wp\/v2\/posts"}],"about":[{"href":"https:\/\/www.webdo.tn\/fr\/wp-json\/wp\/v2\/types\/post"}],"author":[{"embeddable":true,"href":"https:\/\/www.webdo.tn\/fr\/wp-json\/wp\/v2\/users\/3222"}],"replies":[{"embeddable":true,"href":"https:\/\/www.webdo.tn\/fr\/wp-json\/wp\/v2\/comments?post=184273"}],"version-history":[{"count":0,"href":"https:\/\/www.webdo.tn\/fr\/wp-json\/wp\/v2\/posts\/184273\/revisions"}],"wp:featuredmedia":[{"embeddable":true,"href":"https:\/\/www.webdo.tn\/fr\/wp-json\/wp\/v2\/media\/330995"}],"wp:attachment":[{"href":"https:\/\/www.webdo.tn\/fr\/wp-json\/wp\/v2\/media?parent=184273"}],"wp:term":[{"taxonomy":"category","embeddable":true,"href":"https:\/\/www.webdo.tn\/fr\/wp-json\/wp\/v2\/categories?post=184273"},{"taxonomy":"post_tag","embeddable":true,"href":"https:\/\/www.webdo.tn\/fr\/wp-json\/wp\/v2\/tags?post=184273"}],"curies":[{"name":"wp","href":"https:\/\/api.w.org\/{rel}","templated":true}]}}