{"id":184269,"date":"2014-12-28T15:39:00","date_gmt":"2014-12-28T15:39:00","guid":{"rendered":"https:\/\/www.webdo.tn\/fr\/blog\/force-armee-lotan-quitte-lafghanistan\/184269\/"},"modified":"2014-12-28T15:39:00","modified_gmt":"2014-12-28T15:39:00","slug":"force-armee-lotan-quitte-lafghanistan","status":"publish","type":"post","link":"https:\/\/www.webdo.tn\/fr\/actualite\/international\/force-armee-lotan-quitte-lafghanistan\/184269\/","title":{"rendered":"La force arm\u00e9e de l&rsquo;Otan quitte l&rsquo;Afghanistan"},"content":{"rendered":"<p>Apr\u00e8s 13 ann\u00e9es d&rsquo;intervention militaire en Afghanistan, la force arm\u00e9e de l&rsquo;Otan, l&rsquo;Isaf, qui a compt\u00e9 jusqu&rsquo;\u00e0 130.000 soldats d&rsquo;une cinquantaine de pays en 2011, a annonc\u00e9 son retrait d\u00e9finitif du pays ce dimanche 28 d\u00e9cembre.<\/p>\n<p>Une nouvelle mission de l&rsquo;Otan, cette fois-ci d\u00e9di\u00e9e \u00e0 l&rsquo;aide \u00e0 la formation de l&rsquo;arm\u00e9e afghane, doit prendre le relais le 1er janvier 2015, avec l&rsquo;envoi de 12.500 hommes.<br \/>\nD\u00e9part d&rsquo;une grosse partie des troupes am\u00e9ricaines<br \/>\nUne grosse partie des troupes am\u00e9ricaines quittent \u00e9galement l&rsquo;Afghanistan avec la force arm\u00e9e de l&rsquo;Otan. D&rsquo;ici \u00e0 la fin 2015, le nombre de soldats am\u00e9ricains pr\u00e9sents en Afghanistant devrait diminuer de moiti\u00e9, pour ne rester qu&rsquo;une petite force destin\u00e9e \u00e0 prot\u00e9ger l&rsquo;ambassade am\u00e9ricaine \u00e0 Kaboul.<\/p>\n<p>\u00ab\u00a0Dans quelques jours, notre mission de combat en Afghanistan sera termin\u00e9e, a d\u00e9clar\u00e9 le pr\u00e9sident am\u00e9ricain Barack Obama lors de son discours de No\u00ebl. Notre guerre la plus longue prendra fin de fa\u00e7on responsable.\u00a0\u00bbLe commandant de la force arm\u00e9e de l&rsquo;Otan tire un bilan positif de l&rsquo;intervention<\/p>\n<p>\u00ab\u00a0Ensemble, nous avons tir\u00e9 le peuple afghan hors des t\u00e9n\u00e8bres et du d\u00e9sespoir et lui avons donn\u00e9 de l&rsquo;espoir pour l&rsquo;avenir. [&#8230;] Vous avez rendu l&rsquo;Afghanistan plus fort et nos pays plus s\u00fbrs\u00a0\u00bb, a d\u00e9clar\u00e9 lors de la c\u00e9r\u00e9monie de retrait le commandant am\u00e9ricain de l&rsquo;Isaf, le g\u00e9n\u00e9ral John F. Campbell.<br \/>\nGen. Campbell:\u201cTogether, \u2026 we have lifted the Afghan people out of the darkness of despair and given them hope for the future \u2026\u201d<\/p>\n<p>\u2014 ISAF (@ISAFmedia) 28 D\u00e9cembre 2014<\/p>\n<p>De leur c\u00f4t\u00e9, les talibans parlent d&rsquo;un \u00ab\u00a0\u00e9chec\u00a0\u00bb<br \/>\n\u00ab\u00a0Les 13 ann\u00e9es de mission am\u00e9ricaine et de l&rsquo;Otan ont \u00e9t\u00e9 un \u00e9chec absolu en Afghanistan. La c\u00e9r\u00e9monie d&rsquo;aujourd&rsquo;hui est leur \u00e9chec\u00a0\u00bb, a de son c\u00f4t\u00e9 d\u00e9clar\u00e9 \u00e0 l&rsquo;AFP le porte-parole des talibans, Zabihullah Mujahid.<\/p>\n<p>Depuis la d\u00e9but de la guerre, en 2001, l&rsquo;Isaf a perdu 3.485 soldats. En comparaison, la police et l&rsquo;arm\u00e9e afghanes ont quant \u00e0 elle compt\u00e9 plus de 4.600 morts pendant les dix premiers mois de 2014 seulement.<br \/>\n3.188 civils tu\u00e9s en Afghanistan pour les dix premiers mois de 2014<br \/>\nQuant aux victimes civiles de la guerre, leur nombre a augment\u00e9 de pr\u00e8s de 20% en 2014 compar\u00e9 \u00e0 2013, d&rsquo;apr\u00e8s un rapport des Nations unies, atteignant 9 617 \u00e0 la fin du mois de novembre, dont 3 188 morts et 6 429 bless\u00e9s.<\/p>\n<p>La \u00ab\u00a0majorit\u00e9\u00a0\u00bb des victimes civiles p\u00e9rissent \u00e0 cause des \u00ab\u00a0combats entre les forces arm\u00e9es et les insurg\u00e9s\u00a0\u00bb, suivis des motrs et blessures caus\u00e9s par des \u00ab\u00a0engins explosifs improvis\u00e9s\u00a0\u00bb, rapporte l&rsquo;ONU.<\/p>\n","protected":false},"excerpt":{"rendered":"<p>La force arm\u00e9e de l&rsquo;Otan quitte l&rsquo;Afghanistan<\/p>\n","protected":false},"author":3222,"featured_media":335370,"comment_status":"open","ping_status":"closed","sticky":false,"template":"","format":"standard","meta":{"footnotes":""},"categories":[2598],"tags":[2600],"class_list":["post-184269","post","type-post","status-publish","format-standard","has-post-thumbnail","hentry","category-international","tag-guerre"],"yoast_head":"<!-- This site is optimized with the Yoast SEO Premium plugin v27.5 (Yoast SEO v27.5) - https:\/\/yoast.com\/product\/yoast-seo-premium-wordpress\/ -->\n<title>La force arm\u00e9e de l&#039;Otan quitte l&#039;Afghanistan<\/title>\n<meta name=\"description\" content=\"La force arm\u00e9e de l&#039;Otan quitte l&#039;Afghanistan\" \/>\n<link rel=\"canonical\" href=\"https:\/\/www.webdo.tn\/fr\/actualite\/international\/force-armee-lotan-quitte-lafghanistan\/184269\/\" \/>\n<meta property=\"og:locale\" content=\"fr_FR\" \/>\n<meta property=\"og:type\" content=\"article\" \/>\n<meta property=\"og:title\" content=\"La force arm\u00e9e de l&#039;Otan quitte l&#039;Afghanistan\" \/>\n<meta property=\"og:description\" content=\"La force arm\u00e9e de l&#039;Otan quitte l&#039;Afghanistan\" \/>\n<meta property=\"og:url\" content=\"https:\/\/www.webdo.tn\/fr\/actualite\/international\/force-armee-lotan-quitte-lafghanistan\/184269\/\" \/>\n<meta property=\"og:site_name\" content=\"webdo\" \/>\n<meta property=\"article:publisher\" content=\"https:\/\/www.facebook.com\/webdotn\" \/>\n<meta property=\"article:published_time\" content=\"2014-12-28T15:39:00+00:00\" \/>\n<meta property=\"og:image\" content=\"https:\/\/www.webdo.tn\/fr\/wp-content\/uploads\/2014\/12\/isaf-drapeau-afghanistan.jpeg\" \/>\n\t<meta property=\"og:image:width\" content=\"600\" \/>\n\t<meta property=\"og:image:height\" content=\"399\" \/>\n\t<meta property=\"og:image:type\" content=\"image\/jpeg\" \/>\n<meta name=\"author\" content=\"webdo.tn\" \/>\n<meta name=\"twitter:card\" content=\"summary_large_image\" \/>\n<meta name=\"twitter:creator\" content=\"@webdo_tn\" \/>\n<meta name=\"twitter:site\" content=\"@webdo_tn\" \/>\n<meta name=\"twitter:label1\" content=\"\u00c9crit par\" \/>\n\t<meta name=\"twitter:data1\" content=\"webdo.tn\" \/>\n\t<meta name=\"twitter:label2\" content=\"Dur\u00e9e de lecture estim\u00e9e\" \/>\n\t<meta name=\"twitter:data2\" content=\"2 minutes\" \/>\n<script type=\"application\/ld+json\" class=\"yoast-schema-graph\">{\"@context\":\"https:\\\/\\\/schema.org\",\"@graph\":[{\"@type\":\"NewsArticle\",\"@id\":\"https:\\\/\\\/www.webdo.tn\\\/fr\\\/actualite\\\/international\\\/force-armee-lotan-quitte-lafghanistan\\\/184269\\\/#article\",\"isPartOf\":{\"@id\":\"https:\\\/\\\/www.webdo.tn\\\/fr\\\/actualite\\\/international\\\/force-armee-lotan-quitte-lafghanistan\\\/184269\\\/\"},\"author\":{\"name\":\"webdo.tn\",\"@id\":\"https:\\\/\\\/www.webdo.tn\\\/fr\\\/#\\\/schema\\\/person\\\/9a9c6118d687c117df8ef3cc36a4d175\"},\"headline\":\"La force arm\u00e9e de l&rsquo;Otan quitte l&rsquo;Afghanistan\",\"datePublished\":\"2014-12-28T15:39:00+00:00\",\"mainEntityOfPage\":{\"@id\":\"https:\\\/\\\/www.webdo.tn\\\/fr\\\/actualite\\\/international\\\/force-armee-lotan-quitte-lafghanistan\\\/184269\\\/\"},\"wordCount\":465,\"commentCount\":0,\"publisher\":{\"@id\":\"https:\\\/\\\/www.webdo.tn\\\/fr\\\/#organization\"},\"image\":{\"@id\":\"https:\\\/\\\/www.webdo.tn\\\/fr\\\/actualite\\\/international\\\/force-armee-lotan-quitte-lafghanistan\\\/184269\\\/#primaryimage\"},\"thumbnailUrl\":\"https:\\\/\\\/www.webdo.tn\\\/fr\\\/wp-content\\\/uploads\\\/2014\\\/12\\\/isaf-drapeau-afghanistan.jpeg\",\"keywords\":[\"guerre\"],\"articleSection\":[\"International\"],\"inLanguage\":\"fr-FR\"},{\"@type\":\"WebPage\",\"@id\":\"https:\\\/\\\/www.webdo.tn\\\/fr\\\/actualite\\\/international\\\/force-armee-lotan-quitte-lafghanistan\\\/184269\\\/\",\"url\":\"https:\\\/\\\/www.webdo.tn\\\/fr\\\/actualite\\\/international\\\/force-armee-lotan-quitte-lafghanistan\\\/184269\\\/\",\"name\":\"La force arm\u00e9e de l'Otan quitte l'Afghanistan\",\"isPartOf\":{\"@id\":\"https:\\\/\\\/www.webdo.tn\\\/fr\\\/#website\"},\"primaryImageOfPage\":{\"@id\":\"https:\\\/\\\/www.webdo.tn\\\/fr\\\/actualite\\\/international\\\/force-armee-lotan-quitte-lafghanistan\\\/184269\\\/#primaryimage\"},\"image\":{\"@id\":\"https:\\\/\\\/www.webdo.tn\\\/fr\\\/actualite\\\/international\\\/force-armee-lotan-quitte-lafghanistan\\\/184269\\\/#primaryimage\"},\"thumbnailUrl\":\"https:\\\/\\\/www.webdo.tn\\\/fr\\\/wp-content\\\/uploads\\\/2014\\\/12\\\/isaf-drapeau-afghanistan.jpeg\",\"datePublished\":\"2014-12-28T15:39:00+00:00\",\"description\":\"La force arm\u00e9e de l'Otan quitte l'Afghanistan\",\"breadcrumb\":{\"@id\":\"https:\\\/\\\/www.webdo.tn\\\/fr\\\/actualite\\\/international\\\/force-armee-lotan-quitte-lafghanistan\\\/184269\\\/#breadcrumb\"},\"inLanguage\":\"fr-FR\",\"potentialAction\":[{\"@type\":\"ReadAction\",\"target\":[\"https:\\\/\\\/www.webdo.tn\\\/fr\\\/actualite\\\/international\\\/force-armee-lotan-quitte-lafghanistan\\\/184269\\\/\"]}]},{\"@type\":\"ImageObject\",\"inLanguage\":\"fr-FR\",\"@id\":\"https:\\\/\\\/www.webdo.tn\\\/fr\\\/actualite\\\/international\\\/force-armee-lotan-quitte-lafghanistan\\\/184269\\\/#primaryimage\",\"url\":\"https:\\\/\\\/www.webdo.tn\\\/fr\\\/wp-content\\\/uploads\\\/2014\\\/12\\\/isaf-drapeau-afghanistan.jpeg\",\"contentUrl\":\"https:\\\/\\\/www.webdo.tn\\\/fr\\\/wp-content\\\/uploads\\\/2014\\\/12\\\/isaf-drapeau-afghanistan.jpeg\",\"width\":600,\"height\":399,\"caption\":\"La force arm\u00e9e de l'Otan quitte l'Afghanistan\"},{\"@type\":\"BreadcrumbList\",\"@id\":\"https:\\\/\\\/www.webdo.tn\\\/fr\\\/actualite\\\/international\\\/force-armee-lotan-quitte-lafghanistan\\\/184269\\\/#breadcrumb\",\"itemListElement\":[{\"@type\":\"ListItem\",\"position\":1,\"name\":\"Accueil\",\"item\":\"https:\\\/\\\/www.webdo.tn\\\/fr\\\/\"},{\"@type\":\"ListItem\",\"position\":2,\"name\":\"La force arm\u00e9e de l&rsquo;Otan quitte l&rsquo;Afghanistan\"}]},{\"@type\":\"WebSite\",\"@id\":\"https:\\\/\\\/www.webdo.tn\\\/fr\\\/#website\",\"url\":\"https:\\\/\\\/www.webdo.tn\\\/fr\\\/\",\"name\":\"webdo\",\"description\":\"Tunisie - News en Tunisie et \u00e0 l&#039;international sur Webdo.tn\",\"publisher\":{\"@id\":\"https:\\\/\\\/www.webdo.tn\\\/fr\\\/#organization\"},\"potentialAction\":[{\"@type\":\"SearchAction\",\"target\":{\"@type\":\"EntryPoint\",\"urlTemplate\":\"https:\\\/\\\/www.webdo.tn\\\/fr\\\/?s={search_term_string}\"},\"query-input\":{\"@type\":\"PropertyValueSpecification\",\"valueRequired\":true,\"valueName\":\"search_term_string\"}}],\"inLanguage\":\"fr-FR\"},{\"@type\":\"Organization\",\"@id\":\"https:\\\/\\\/www.webdo.tn\\\/fr\\\/#organization\",\"name\":\"Webdo\",\"alternateName\":\"Webdo.tn\",\"url\":\"https:\\\/\\\/www.webdo.tn\\\/fr\\\/\",\"logo\":{\"@type\":\"ImageObject\",\"inLanguage\":\"fr-FR\",\"@id\":\"https:\\\/\\\/www.webdo.tn\\\/fr\\\/#\\\/schema\\\/logo\\\/image\\\/\",\"url\":\"https:\\\/\\\/www.webdo.tn\\\/fr\\\/wp-content\\\/uploads\\\/2025\\\/06\\\/Webdo-Tunisie_168377.jpg\",\"contentUrl\":\"https:\\\/\\\/www.webdo.tn\\\/fr\\\/wp-content\\\/uploads\\\/2025\\\/06\\\/Webdo-Tunisie_168377.jpg\",\"width\":301,\"height\":301,\"caption\":\"Webdo\"},\"image\":{\"@id\":\"https:\\\/\\\/www.webdo.tn\\\/fr\\\/#\\\/schema\\\/logo\\\/image\\\/\"},\"sameAs\":[\"https:\\\/\\\/www.facebook.com\\\/webdotn\",\"https:\\\/\\\/x.com\\\/webdo_tn\"],\"description\":\"Webdo est un m\u00e9dia num\u00e9rique tunisien fond\u00e9 en 2010, sp\u00e9cialis\u00e9 dans l\u2019actualit\u00e9 nationale et internationale, l\u2019\u00e9conomie, la soci\u00e9t\u00e9 et les analyses politiques. Le site s\u2019adresse \u00e0 un large public francophone et couvre l\u2019information tunisienne en temps r\u00e9el.\",\"email\":\"redac@webdo.tn\",\"legalName\":\"YNJ SARL\",\"foundingDate\":\"2010-09-06\",\"numberOfEmployees\":{\"@type\":\"QuantitativeValue\",\"minValue\":\"11\",\"maxValue\":\"50\"}},{\"@type\":\"Person\",\"@id\":\"https:\\\/\\\/www.webdo.tn\\\/fr\\\/#\\\/schema\\\/person\\\/9a9c6118d687c117df8ef3cc36a4d175\",\"name\":\"webdo.tn\",\"image\":{\"@type\":\"ImageObject\",\"inLanguage\":\"fr-FR\",\"@id\":\"https:\\\/\\\/secure.gravatar.com\\\/avatar\\\/7ce1f28c0c3bbac99ff550b85ef8e44a6950c6ee24514fb6a5489e51d06f0298?s=96&d=mm&r=g\",\"url\":\"https:\\\/\\\/secure.gravatar.com\\\/avatar\\\/7ce1f28c0c3bbac99ff550b85ef8e44a6950c6ee24514fb6a5489e51d06f0298?s=96&d=mm&r=g\",\"contentUrl\":\"https:\\\/\\\/secure.gravatar.com\\\/avatar\\\/7ce1f28c0c3bbac99ff550b85ef8e44a6950c6ee24514fb6a5489e51d06f0298?s=96&d=mm&r=g\",\"caption\":\"webdo.tn\"},\"url\":\"https:\\\/\\\/www.webdo.tn\\\/fr\\\/actualite\\\/author\\\/webdotn\\\/\"}]}<\/script>\n<!-- \/ Yoast SEO Premium plugin. -->","yoast_head_json":{"title":"La force arm\u00e9e de l'Otan quitte l'Afghanistan","description":"La force arm\u00e9e de l'Otan quitte l'Afghanistan","canonical":"https:\/\/www.webdo.tn\/fr\/actualite\/international\/force-armee-lotan-quitte-lafghanistan\/184269\/","og_locale":"fr_FR","og_type":"article","og_title":"La force arm\u00e9e de l'Otan quitte l'Afghanistan","og_description":"La force arm\u00e9e de l'Otan quitte l'Afghanistan","og_url":"https:\/\/www.webdo.tn\/fr\/actualite\/international\/force-armee-lotan-quitte-lafghanistan\/184269\/","og_site_name":"webdo","article_publisher":"https:\/\/www.facebook.com\/webdotn","article_published_time":"2014-12-28T15:39:00+00:00","og_image":[{"width":600,"height":399,"url":"https:\/\/www.webdo.tn\/fr\/wp-content\/uploads\/2014\/12\/isaf-drapeau-afghanistan.jpeg","type":"image\/jpeg"}],"author":"webdo.tn","twitter_card":"summary_large_image","twitter_creator":"@webdo_tn","twitter_site":"@webdo_tn","twitter_misc":{"\u00c9crit par":"webdo.tn","Dur\u00e9e de lecture estim\u00e9e":"2 minutes"},"schema":{"@context":"https:\/\/schema.org","@graph":[{"@type":"NewsArticle","@id":"https:\/\/www.webdo.tn\/fr\/actualite\/international\/force-armee-lotan-quitte-lafghanistan\/184269\/#article","isPartOf":{"@id":"https:\/\/www.webdo.tn\/fr\/actualite\/international\/force-armee-lotan-quitte-lafghanistan\/184269\/"},"author":{"name":"webdo.tn","@id":"https:\/\/www.webdo.tn\/fr\/#\/schema\/person\/9a9c6118d687c117df8ef3cc36a4d175"},"headline":"La force arm\u00e9e de l&rsquo;Otan quitte l&rsquo;Afghanistan","datePublished":"2014-12-28T15:39:00+00:00","mainEntityOfPage":{"@id":"https:\/\/www.webdo.tn\/fr\/actualite\/international\/force-armee-lotan-quitte-lafghanistan\/184269\/"},"wordCount":465,"commentCount":0,"publisher":{"@id":"https:\/\/www.webdo.tn\/fr\/#organization"},"image":{"@id":"https:\/\/www.webdo.tn\/fr\/actualite\/international\/force-armee-lotan-quitte-lafghanistan\/184269\/#primaryimage"},"thumbnailUrl":"https:\/\/www.webdo.tn\/fr\/wp-content\/uploads\/2014\/12\/isaf-drapeau-afghanistan.jpeg","keywords":["guerre"],"articleSection":["International"],"inLanguage":"fr-FR"},{"@type":"WebPage","@id":"https:\/\/www.webdo.tn\/fr\/actualite\/international\/force-armee-lotan-quitte-lafghanistan\/184269\/","url":"https:\/\/www.webdo.tn\/fr\/actualite\/international\/force-armee-lotan-quitte-lafghanistan\/184269\/","name":"La force arm\u00e9e de l'Otan quitte l'Afghanistan","isPartOf":{"@id":"https:\/\/www.webdo.tn\/fr\/#website"},"primaryImageOfPage":{"@id":"https:\/\/www.webdo.tn\/fr\/actualite\/international\/force-armee-lotan-quitte-lafghanistan\/184269\/#primaryimage"},"image":{"@id":"https:\/\/www.webdo.tn\/fr\/actualite\/international\/force-armee-lotan-quitte-lafghanistan\/184269\/#primaryimage"},"thumbnailUrl":"https:\/\/www.webdo.tn\/fr\/wp-content\/uploads\/2014\/12\/isaf-drapeau-afghanistan.jpeg","datePublished":"2014-12-28T15:39:00+00:00","description":"La force arm\u00e9e de l'Otan quitte l'Afghanistan","breadcrumb":{"@id":"https:\/\/www.webdo.tn\/fr\/actualite\/international\/force-armee-lotan-quitte-lafghanistan\/184269\/#breadcrumb"},"inLanguage":"fr-FR","potentialAction":[{"@type":"ReadAction","target":["https:\/\/www.webdo.tn\/fr\/actualite\/international\/force-armee-lotan-quitte-lafghanistan\/184269\/"]}]},{"@type":"ImageObject","inLanguage":"fr-FR","@id":"https:\/\/www.webdo.tn\/fr\/actualite\/international\/force-armee-lotan-quitte-lafghanistan\/184269\/#primaryimage","url":"https:\/\/www.webdo.tn\/fr\/wp-content\/uploads\/2014\/12\/isaf-drapeau-afghanistan.jpeg","contentUrl":"https:\/\/www.webdo.tn\/fr\/wp-content\/uploads\/2014\/12\/isaf-drapeau-afghanistan.jpeg","width":600,"height":399,"caption":"La force arm\u00e9e de l'Otan quitte l'Afghanistan"},{"@type":"BreadcrumbList","@id":"https:\/\/www.webdo.tn\/fr\/actualite\/international\/force-armee-lotan-quitte-lafghanistan\/184269\/#breadcrumb","itemListElement":[{"@type":"ListItem","position":1,"name":"Accueil","item":"https:\/\/www.webdo.tn\/fr\/"},{"@type":"ListItem","position":2,"name":"La force arm\u00e9e de l&rsquo;Otan quitte l&rsquo;Afghanistan"}]},{"@type":"WebSite","@id":"https:\/\/www.webdo.tn\/fr\/#website","url":"https:\/\/www.webdo.tn\/fr\/","name":"webdo","description":"Tunisie - News en Tunisie et \u00e0 l&#039;international sur Webdo.tn","publisher":{"@id":"https:\/\/www.webdo.tn\/fr\/#organization"},"potentialAction":[{"@type":"SearchAction","target":{"@type":"EntryPoint","urlTemplate":"https:\/\/www.webdo.tn\/fr\/?s={search_term_string}"},"query-input":{"@type":"PropertyValueSpecification","valueRequired":true,"valueName":"search_term_string"}}],"inLanguage":"fr-FR"},{"@type":"Organization","@id":"https:\/\/www.webdo.tn\/fr\/#organization","name":"Webdo","alternateName":"Webdo.tn","url":"https:\/\/www.webdo.tn\/fr\/","logo":{"@type":"ImageObject","inLanguage":"fr-FR","@id":"https:\/\/www.webdo.tn\/fr\/#\/schema\/logo\/image\/","url":"https:\/\/www.webdo.tn\/fr\/wp-content\/uploads\/2025\/06\/Webdo-Tunisie_168377.jpg","contentUrl":"https:\/\/www.webdo.tn\/fr\/wp-content\/uploads\/2025\/06\/Webdo-Tunisie_168377.jpg","width":301,"height":301,"caption":"Webdo"},"image":{"@id":"https:\/\/www.webdo.tn\/fr\/#\/schema\/logo\/image\/"},"sameAs":["https:\/\/www.facebook.com\/webdotn","https:\/\/x.com\/webdo_tn"],"description":"Webdo est un m\u00e9dia num\u00e9rique tunisien fond\u00e9 en 2010, sp\u00e9cialis\u00e9 dans l\u2019actualit\u00e9 nationale et internationale, l\u2019\u00e9conomie, la soci\u00e9t\u00e9 et les analyses politiques. Le site s\u2019adresse \u00e0 un large public francophone et couvre l\u2019information tunisienne en temps r\u00e9el.","email":"redac@webdo.tn","legalName":"YNJ SARL","foundingDate":"2010-09-06","numberOfEmployees":{"@type":"QuantitativeValue","minValue":"11","maxValue":"50"}},{"@type":"Person","@id":"https:\/\/www.webdo.tn\/fr\/#\/schema\/person\/9a9c6118d687c117df8ef3cc36a4d175","name":"webdo.tn","image":{"@type":"ImageObject","inLanguage":"fr-FR","@id":"https:\/\/secure.gravatar.com\/avatar\/7ce1f28c0c3bbac99ff550b85ef8e44a6950c6ee24514fb6a5489e51d06f0298?s=96&d=mm&r=g","url":"https:\/\/secure.gravatar.com\/avatar\/7ce1f28c0c3bbac99ff550b85ef8e44a6950c6ee24514fb6a5489e51d06f0298?s=96&d=mm&r=g","contentUrl":"https:\/\/secure.gravatar.com\/avatar\/7ce1f28c0c3bbac99ff550b85ef8e44a6950c6ee24514fb6a5489e51d06f0298?s=96&d=mm&r=g","caption":"webdo.tn"},"url":"https:\/\/www.webdo.tn\/fr\/actualite\/author\/webdotn\/"}]}},"_links":{"self":[{"href":"https:\/\/www.webdo.tn\/fr\/wp-json\/wp\/v2\/posts\/184269","targetHints":{"allow":["GET"]}}],"collection":[{"href":"https:\/\/www.webdo.tn\/fr\/wp-json\/wp\/v2\/posts"}],"about":[{"href":"https:\/\/www.webdo.tn\/fr\/wp-json\/wp\/v2\/types\/post"}],"author":[{"embeddable":true,"href":"https:\/\/www.webdo.tn\/fr\/wp-json\/wp\/v2\/users\/3222"}],"replies":[{"embeddable":true,"href":"https:\/\/www.webdo.tn\/fr\/wp-json\/wp\/v2\/comments?post=184269"}],"version-history":[{"count":0,"href":"https:\/\/www.webdo.tn\/fr\/wp-json\/wp\/v2\/posts\/184269\/revisions"}],"wp:featuredmedia":[{"embeddable":true,"href":"https:\/\/www.webdo.tn\/fr\/wp-json\/wp\/v2\/media\/335370"}],"wp:attachment":[{"href":"https:\/\/www.webdo.tn\/fr\/wp-json\/wp\/v2\/media?parent=184269"}],"wp:term":[{"taxonomy":"category","embeddable":true,"href":"https:\/\/www.webdo.tn\/fr\/wp-json\/wp\/v2\/categories?post=184269"},{"taxonomy":"post_tag","embeddable":true,"href":"https:\/\/www.webdo.tn\/fr\/wp-json\/wp\/v2\/tags?post=184269"}],"curies":[{"name":"wp","href":"https:\/\/api.w.org\/{rel}","templated":true}]}}