{"id":184267,"date":"2014-12-31T10:53:00","date_gmt":"2014-12-31T10:53:00","guid":{"rendered":"https:\/\/www.webdo.tn\/fr\/blog\/tunisiens-detenus-depuis-11-ans-guantanamo-relaches\/184267\/"},"modified":"2014-12-31T10:53:00","modified_gmt":"2014-12-31T10:53:00","slug":"tunisiens-detenus-depuis-11-ans-guantanamo-relaches","status":"publish","type":"post","link":"https:\/\/www.webdo.tn\/fr\/actualite\/international\/tunisiens-detenus-depuis-11-ans-guantanamo-relaches\/184267\/","title":{"rendered":"Lib\u00e9ration de deux Tunisiens d\u00e9tenus depuis 11 ans \u00e0 Guantanamo"},"content":{"rendered":"<p>Deux des trois derniers Tunisiens de Guantanamo et trois Y\u00e9m\u00e9nites ont \u00e9t\u00e9 transf\u00e9r\u00e9s, ce mardi 30 d\u00e9cembre au Kazakhstan, a annonc\u00e9 le Pentagone, ce qui laisse 127 d\u00e9tenus dans la prison que le pr\u00e9sident Barack Obama a promis de fermer. Les deux Tunisiens sont Lotfi Ben Ali, 49 ans, alias Mohammed Abdoul Rahman, dont la lib\u00e9ration avait \u00e9t\u00e9 approuv\u00e9e d\u00e8s 2006, et Adel Hakimi, 49 ans. Leur lib\u00e9ration a lieu quelques jours apr\u00e8s celle d\u2019un autre Tunisien, Ridha Najjar, 49 ans, qui avait rel\u00e2ch\u00e9 le 11 d\u00e9cembre dernier. Ridha Najjar, pr\u00e9sent\u00e9 comme \u00e9tant l\u2019un des gardes personnels d\u2019Oussama Ben Laden, a \u00e9t\u00e9 d\u00e9tenu dans un centre am\u00e9ricain secret en Afghanistan durant 13 ans, o\u00f9 il \u00e9tait victime des tortures de la CIA au m\u00eame titre qu\u2019un certain Lotfi Ghrissi, cit\u00e9 aussi dans le rapport du S\u00e9nat am\u00e9ricain. Ridha Najjar, a \u00e9t\u00e9 rel\u00e2ch\u00e9 le m\u00eame jour que la publication du rapport du S\u00e9nat d\u00e9voilant la torture de la CIA depuis les attentats du 11 septembre 2001, et est port\u00e9 disparu depuis sa lib\u00e9ration.<\/p>\n<p>Transf\u00e9r\u00e9s sur un vol militaire am\u00e9ricain vers le Kazakhstan<\/p>\n<p>Lotfi Ben Ali et Adel Hakimi ainsi que les trois Y\u00e9m\u00e9nites Asim Thabit Abdullah al-Khalaqi, 46 ans, Mohammed Ali Hussein Khanaynah, 46 ans, et Sabri Mohammed Ibrahim al-Qurashi, 44 ans, n&rsquo;avaient \u00e9t\u00e9 ni inculp\u00e9s ni jug\u00e9s et leur lib\u00e9ration avait \u00e9t\u00e9 approuv\u00e9e avant 2010. Ils \u00e9taient tous enferm\u00e9s depuis plus de onze ans dans la prison de Guantanamo \u00e0 Cuba. Transf\u00e9r\u00e9s sur un vol militaire am\u00e9ricain, ils sont arriv\u00e9s au Kazakhstan mardi soir \u00e0 23h15 heure de Washington (mercredi 04h15 GMT), a indiqu\u00e9 \u00e0 l&rsquo;AFP le lieutenant-colonel Myles Caggins, porte-parole du Pentagone. Ce nouveau transfert group\u00e9 illustre les efforts qu&rsquo;a entrepris l&rsquo;administration Obama pour acc\u00e9l\u00e9rer le retour des hommes \u00ab\u00a0lib\u00e9rables\u00a0\u00bb dans le but ultime de fermer la prison. Il porte \u00e0 28 le nombre de d\u00e9tenus ainsi transf\u00e9r\u00e9s en 2014. A l&rsquo;approche du 13e anniversaire de l&rsquo;arriv\u00e9e des premiers d\u00e9tenus, le 11 janvier 2002, sur cette base navale am\u00e9ricaine \u00e0 Cuba, la population carc\u00e9rale de Guantanamo est d\u00e9sormais de 127 hommes, dont 59 ont vu leur lib\u00e9ration approuv\u00e9e dans leur pays d&rsquo;origine ou un pays tiers. \u00ab\u00a0Conform\u00e9ment aux r\u00e9quisitions l\u00e9gales, le secr\u00e9taire \u00e0 la D\u00e9fense [Chuck Hagel] a inform\u00e9 le Congr\u00e8s de l&rsquo;intention des \u00c9tats-Unis de transf\u00e9rer ces individus\u00a0\u00bb, pr\u00e9cise un communiqu\u00e9 du Pentagone, soulignant que cette lib\u00e9ration a \u00e9t\u00e9 coordonn\u00e9e avec le gouvernement du Kazakhstan pour s&rsquo;assurer qu&rsquo;il se d\u00e9roule dans les \u00ab\u00a0conditions de s\u00e9curit\u00e9 et de droits de l&rsquo;homme appropri\u00e9es\u00a0\u00bb.<\/p>\n","protected":false},"excerpt":{"rendered":"<p>Lib\u00e9ration de deux Tunisiens d\u00e9tenus depuis 11 ans \u00e0 Guantanamo<\/p>\n","protected":false},"author":3222,"featured_media":330945,"comment_status":"open","ping_status":"closed","sticky":false,"template":"","format":"standard","meta":{"footnotes":""},"categories":[2598],"tags":[2600],"class_list":["post-184267","post","type-post","status-publish","format-standard","has-post-thumbnail","hentry","category-international","tag-guerre"],"yoast_head":"<!-- This site is optimized with the Yoast SEO Premium plugin v27.5 (Yoast SEO v27.5) - https:\/\/yoast.com\/product\/yoast-seo-premium-wordpress\/ -->\n<title>Lib\u00e9ration de deux Tunisiens d\u00e9tenus depuis 11 ans \u00e0 Guantanamo<\/title>\n<meta name=\"description\" content=\"Lib\u00e9ration de deux Tunisiens d\u00e9tenus depuis 11 ans \u00e0 Guantanamo\" \/>\n<link rel=\"canonical\" href=\"https:\/\/www.webdo.tn\/fr\/actualite\/international\/tunisiens-detenus-depuis-11-ans-guantanamo-relaches\/184267\/\" \/>\n<meta property=\"og:locale\" content=\"fr_FR\" \/>\n<meta property=\"og:type\" content=\"article\" \/>\n<meta property=\"og:title\" content=\"Lib\u00e9ration de deux Tunisiens d\u00e9tenus depuis 11 ans \u00e0 Guantanamo\" \/>\n<meta property=\"og:description\" content=\"Lib\u00e9ration de deux Tunisiens d\u00e9tenus depuis 11 ans \u00e0 Guantanamo\" \/>\n<meta property=\"og:url\" content=\"https:\/\/www.webdo.tn\/fr\/actualite\/international\/tunisiens-detenus-depuis-11-ans-guantanamo-relaches\/184267\/\" \/>\n<meta property=\"og:site_name\" content=\"webdo\" \/>\n<meta property=\"article:publisher\" content=\"https:\/\/www.facebook.com\/webdotn\" \/>\n<meta property=\"article:published_time\" content=\"2014-12-31T10:53:00+00:00\" \/>\n<meta property=\"og:image\" content=\"https:\/\/www.webdo.tn\/fr\/wp-content\/uploads\/2014\/12\/Guantanamo.jpg\" \/>\n\t<meta property=\"og:image:width\" content=\"449\" \/>\n\t<meta property=\"og:image:height\" content=\"316\" \/>\n\t<meta property=\"og:image:type\" content=\"image\/jpeg\" \/>\n<meta name=\"author\" content=\"webdo.tn\" \/>\n<meta name=\"twitter:card\" content=\"summary_large_image\" \/>\n<meta name=\"twitter:creator\" content=\"@webdo_tn\" \/>\n<meta name=\"twitter:site\" content=\"@webdo_tn\" \/>\n<meta name=\"twitter:label1\" content=\"\u00c9crit par\" \/>\n\t<meta name=\"twitter:data1\" content=\"webdo.tn\" \/>\n\t<meta name=\"twitter:label2\" content=\"Dur\u00e9e de lecture estim\u00e9e\" \/>\n\t<meta name=\"twitter:data2\" content=\"2 minutes\" \/>\n<script type=\"application\/ld+json\" class=\"yoast-schema-graph\">{\"@context\":\"https:\\\/\\\/schema.org\",\"@graph\":[{\"@type\":\"NewsArticle\",\"@id\":\"https:\\\/\\\/www.webdo.tn\\\/fr\\\/actualite\\\/international\\\/tunisiens-detenus-depuis-11-ans-guantanamo-relaches\\\/184267\\\/#article\",\"isPartOf\":{\"@id\":\"https:\\\/\\\/www.webdo.tn\\\/fr\\\/actualite\\\/international\\\/tunisiens-detenus-depuis-11-ans-guantanamo-relaches\\\/184267\\\/\"},\"author\":{\"name\":\"webdo.tn\",\"@id\":\"https:\\\/\\\/www.webdo.tn\\\/fr\\\/#\\\/schema\\\/person\\\/9a9c6118d687c117df8ef3cc36a4d175\"},\"headline\":\"Lib\u00e9ration de deux Tunisiens d\u00e9tenus depuis 11 ans \u00e0 Guantanamo\",\"datePublished\":\"2014-12-31T10:53:00+00:00\",\"mainEntityOfPage\":{\"@id\":\"https:\\\/\\\/www.webdo.tn\\\/fr\\\/actualite\\\/international\\\/tunisiens-detenus-depuis-11-ans-guantanamo-relaches\\\/184267\\\/\"},\"wordCount\":477,\"commentCount\":0,\"publisher\":{\"@id\":\"https:\\\/\\\/www.webdo.tn\\\/fr\\\/#organization\"},\"image\":{\"@id\":\"https:\\\/\\\/www.webdo.tn\\\/fr\\\/actualite\\\/international\\\/tunisiens-detenus-depuis-11-ans-guantanamo-relaches\\\/184267\\\/#primaryimage\"},\"thumbnailUrl\":\"https:\\\/\\\/www.webdo.tn\\\/fr\\\/wp-content\\\/uploads\\\/2014\\\/12\\\/Guantanamo.jpg\",\"keywords\":[\"guerre\"],\"articleSection\":[\"International\"],\"inLanguage\":\"fr-FR\"},{\"@type\":\"WebPage\",\"@id\":\"https:\\\/\\\/www.webdo.tn\\\/fr\\\/actualite\\\/international\\\/tunisiens-detenus-depuis-11-ans-guantanamo-relaches\\\/184267\\\/\",\"url\":\"https:\\\/\\\/www.webdo.tn\\\/fr\\\/actualite\\\/international\\\/tunisiens-detenus-depuis-11-ans-guantanamo-relaches\\\/184267\\\/\",\"name\":\"Lib\u00e9ration de deux Tunisiens d\u00e9tenus depuis 11 ans \u00e0 Guantanamo\",\"isPartOf\":{\"@id\":\"https:\\\/\\\/www.webdo.tn\\\/fr\\\/#website\"},\"primaryImageOfPage\":{\"@id\":\"https:\\\/\\\/www.webdo.tn\\\/fr\\\/actualite\\\/international\\\/tunisiens-detenus-depuis-11-ans-guantanamo-relaches\\\/184267\\\/#primaryimage\"},\"image\":{\"@id\":\"https:\\\/\\\/www.webdo.tn\\\/fr\\\/actualite\\\/international\\\/tunisiens-detenus-depuis-11-ans-guantanamo-relaches\\\/184267\\\/#primaryimage\"},\"thumbnailUrl\":\"https:\\\/\\\/www.webdo.tn\\\/fr\\\/wp-content\\\/uploads\\\/2014\\\/12\\\/Guantanamo.jpg\",\"datePublished\":\"2014-12-31T10:53:00+00:00\",\"description\":\"Lib\u00e9ration de deux Tunisiens d\u00e9tenus depuis 11 ans \u00e0 Guantanamo\",\"breadcrumb\":{\"@id\":\"https:\\\/\\\/www.webdo.tn\\\/fr\\\/actualite\\\/international\\\/tunisiens-detenus-depuis-11-ans-guantanamo-relaches\\\/184267\\\/#breadcrumb\"},\"inLanguage\":\"fr-FR\",\"potentialAction\":[{\"@type\":\"ReadAction\",\"target\":[\"https:\\\/\\\/www.webdo.tn\\\/fr\\\/actualite\\\/international\\\/tunisiens-detenus-depuis-11-ans-guantanamo-relaches\\\/184267\\\/\"]}]},{\"@type\":\"ImageObject\",\"inLanguage\":\"fr-FR\",\"@id\":\"https:\\\/\\\/www.webdo.tn\\\/fr\\\/actualite\\\/international\\\/tunisiens-detenus-depuis-11-ans-guantanamo-relaches\\\/184267\\\/#primaryimage\",\"url\":\"https:\\\/\\\/www.webdo.tn\\\/fr\\\/wp-content\\\/uploads\\\/2014\\\/12\\\/Guantanamo.jpg\",\"contentUrl\":\"https:\\\/\\\/www.webdo.tn\\\/fr\\\/wp-content\\\/uploads\\\/2014\\\/12\\\/Guantanamo.jpg\",\"width\":449,\"height\":316,\"caption\":\"Lib\u00e9ration de deux Tunisiens d\u00e9tenus depuis 11 ans \u00e0 Guantanamo\"},{\"@type\":\"BreadcrumbList\",\"@id\":\"https:\\\/\\\/www.webdo.tn\\\/fr\\\/actualite\\\/international\\\/tunisiens-detenus-depuis-11-ans-guantanamo-relaches\\\/184267\\\/#breadcrumb\",\"itemListElement\":[{\"@type\":\"ListItem\",\"position\":1,\"name\":\"Accueil\",\"item\":\"https:\\\/\\\/www.webdo.tn\\\/fr\\\/\"},{\"@type\":\"ListItem\",\"position\":2,\"name\":\"Lib\u00e9ration de deux Tunisiens d\u00e9tenus depuis 11 ans \u00e0 Guantanamo\"}]},{\"@type\":\"WebSite\",\"@id\":\"https:\\\/\\\/www.webdo.tn\\\/fr\\\/#website\",\"url\":\"https:\\\/\\\/www.webdo.tn\\\/fr\\\/\",\"name\":\"webdo\",\"description\":\"Tunisie - News en Tunisie et \u00e0 l&#039;international sur Webdo.tn\",\"publisher\":{\"@id\":\"https:\\\/\\\/www.webdo.tn\\\/fr\\\/#organization\"},\"potentialAction\":[{\"@type\":\"SearchAction\",\"target\":{\"@type\":\"EntryPoint\",\"urlTemplate\":\"https:\\\/\\\/www.webdo.tn\\\/fr\\\/?s={search_term_string}\"},\"query-input\":{\"@type\":\"PropertyValueSpecification\",\"valueRequired\":true,\"valueName\":\"search_term_string\"}}],\"inLanguage\":\"fr-FR\"},{\"@type\":\"Organization\",\"@id\":\"https:\\\/\\\/www.webdo.tn\\\/fr\\\/#organization\",\"name\":\"Webdo\",\"alternateName\":\"Webdo.tn\",\"url\":\"https:\\\/\\\/www.webdo.tn\\\/fr\\\/\",\"logo\":{\"@type\":\"ImageObject\",\"inLanguage\":\"fr-FR\",\"@id\":\"https:\\\/\\\/www.webdo.tn\\\/fr\\\/#\\\/schema\\\/logo\\\/image\\\/\",\"url\":\"https:\\\/\\\/www.webdo.tn\\\/fr\\\/wp-content\\\/uploads\\\/2025\\\/06\\\/Webdo-Tunisie_168377.jpg\",\"contentUrl\":\"https:\\\/\\\/www.webdo.tn\\\/fr\\\/wp-content\\\/uploads\\\/2025\\\/06\\\/Webdo-Tunisie_168377.jpg\",\"width\":301,\"height\":301,\"caption\":\"Webdo\"},\"image\":{\"@id\":\"https:\\\/\\\/www.webdo.tn\\\/fr\\\/#\\\/schema\\\/logo\\\/image\\\/\"},\"sameAs\":[\"https:\\\/\\\/www.facebook.com\\\/webdotn\",\"https:\\\/\\\/x.com\\\/webdo_tn\"],\"description\":\"Webdo est un m\u00e9dia num\u00e9rique tunisien fond\u00e9 en 2010, sp\u00e9cialis\u00e9 dans l\u2019actualit\u00e9 nationale et internationale, l\u2019\u00e9conomie, la soci\u00e9t\u00e9 et les analyses politiques. Le site s\u2019adresse \u00e0 un large public francophone et couvre l\u2019information tunisienne en temps r\u00e9el.\",\"email\":\"redac@webdo.tn\",\"legalName\":\"YNJ SARL\",\"foundingDate\":\"2010-09-06\",\"numberOfEmployees\":{\"@type\":\"QuantitativeValue\",\"minValue\":\"11\",\"maxValue\":\"50\"}},{\"@type\":\"Person\",\"@id\":\"https:\\\/\\\/www.webdo.tn\\\/fr\\\/#\\\/schema\\\/person\\\/9a9c6118d687c117df8ef3cc36a4d175\",\"name\":\"webdo.tn\",\"image\":{\"@type\":\"ImageObject\",\"inLanguage\":\"fr-FR\",\"@id\":\"https:\\\/\\\/secure.gravatar.com\\\/avatar\\\/7ce1f28c0c3bbac99ff550b85ef8e44a6950c6ee24514fb6a5489e51d06f0298?s=96&d=mm&r=g\",\"url\":\"https:\\\/\\\/secure.gravatar.com\\\/avatar\\\/7ce1f28c0c3bbac99ff550b85ef8e44a6950c6ee24514fb6a5489e51d06f0298?s=96&d=mm&r=g\",\"contentUrl\":\"https:\\\/\\\/secure.gravatar.com\\\/avatar\\\/7ce1f28c0c3bbac99ff550b85ef8e44a6950c6ee24514fb6a5489e51d06f0298?s=96&d=mm&r=g\",\"caption\":\"webdo.tn\"},\"url\":\"https:\\\/\\\/www.webdo.tn\\\/fr\\\/actualite\\\/author\\\/webdotn\\\/\"}]}<\/script>\n<!-- \/ Yoast SEO Premium plugin. -->","yoast_head_json":{"title":"Lib\u00e9ration de deux Tunisiens d\u00e9tenus depuis 11 ans \u00e0 Guantanamo","description":"Lib\u00e9ration de deux Tunisiens d\u00e9tenus depuis 11 ans \u00e0 Guantanamo","canonical":"https:\/\/www.webdo.tn\/fr\/actualite\/international\/tunisiens-detenus-depuis-11-ans-guantanamo-relaches\/184267\/","og_locale":"fr_FR","og_type":"article","og_title":"Lib\u00e9ration de deux Tunisiens d\u00e9tenus depuis 11 ans \u00e0 Guantanamo","og_description":"Lib\u00e9ration de deux Tunisiens d\u00e9tenus depuis 11 ans \u00e0 Guantanamo","og_url":"https:\/\/www.webdo.tn\/fr\/actualite\/international\/tunisiens-detenus-depuis-11-ans-guantanamo-relaches\/184267\/","og_site_name":"webdo","article_publisher":"https:\/\/www.facebook.com\/webdotn","article_published_time":"2014-12-31T10:53:00+00:00","og_image":[{"width":449,"height":316,"url":"https:\/\/www.webdo.tn\/fr\/wp-content\/uploads\/2014\/12\/Guantanamo.jpg","type":"image\/jpeg"}],"author":"webdo.tn","twitter_card":"summary_large_image","twitter_creator":"@webdo_tn","twitter_site":"@webdo_tn","twitter_misc":{"\u00c9crit par":"webdo.tn","Dur\u00e9e de lecture estim\u00e9e":"2 minutes"},"schema":{"@context":"https:\/\/schema.org","@graph":[{"@type":"NewsArticle","@id":"https:\/\/www.webdo.tn\/fr\/actualite\/international\/tunisiens-detenus-depuis-11-ans-guantanamo-relaches\/184267\/#article","isPartOf":{"@id":"https:\/\/www.webdo.tn\/fr\/actualite\/international\/tunisiens-detenus-depuis-11-ans-guantanamo-relaches\/184267\/"},"author":{"name":"webdo.tn","@id":"https:\/\/www.webdo.tn\/fr\/#\/schema\/person\/9a9c6118d687c117df8ef3cc36a4d175"},"headline":"Lib\u00e9ration de deux Tunisiens d\u00e9tenus depuis 11 ans \u00e0 Guantanamo","datePublished":"2014-12-31T10:53:00+00:00","mainEntityOfPage":{"@id":"https:\/\/www.webdo.tn\/fr\/actualite\/international\/tunisiens-detenus-depuis-11-ans-guantanamo-relaches\/184267\/"},"wordCount":477,"commentCount":0,"publisher":{"@id":"https:\/\/www.webdo.tn\/fr\/#organization"},"image":{"@id":"https:\/\/www.webdo.tn\/fr\/actualite\/international\/tunisiens-detenus-depuis-11-ans-guantanamo-relaches\/184267\/#primaryimage"},"thumbnailUrl":"https:\/\/www.webdo.tn\/fr\/wp-content\/uploads\/2014\/12\/Guantanamo.jpg","keywords":["guerre"],"articleSection":["International"],"inLanguage":"fr-FR"},{"@type":"WebPage","@id":"https:\/\/www.webdo.tn\/fr\/actualite\/international\/tunisiens-detenus-depuis-11-ans-guantanamo-relaches\/184267\/","url":"https:\/\/www.webdo.tn\/fr\/actualite\/international\/tunisiens-detenus-depuis-11-ans-guantanamo-relaches\/184267\/","name":"Lib\u00e9ration de deux Tunisiens d\u00e9tenus depuis 11 ans \u00e0 Guantanamo","isPartOf":{"@id":"https:\/\/www.webdo.tn\/fr\/#website"},"primaryImageOfPage":{"@id":"https:\/\/www.webdo.tn\/fr\/actualite\/international\/tunisiens-detenus-depuis-11-ans-guantanamo-relaches\/184267\/#primaryimage"},"image":{"@id":"https:\/\/www.webdo.tn\/fr\/actualite\/international\/tunisiens-detenus-depuis-11-ans-guantanamo-relaches\/184267\/#primaryimage"},"thumbnailUrl":"https:\/\/www.webdo.tn\/fr\/wp-content\/uploads\/2014\/12\/Guantanamo.jpg","datePublished":"2014-12-31T10:53:00+00:00","description":"Lib\u00e9ration de deux Tunisiens d\u00e9tenus depuis 11 ans \u00e0 Guantanamo","breadcrumb":{"@id":"https:\/\/www.webdo.tn\/fr\/actualite\/international\/tunisiens-detenus-depuis-11-ans-guantanamo-relaches\/184267\/#breadcrumb"},"inLanguage":"fr-FR","potentialAction":[{"@type":"ReadAction","target":["https:\/\/www.webdo.tn\/fr\/actualite\/international\/tunisiens-detenus-depuis-11-ans-guantanamo-relaches\/184267\/"]}]},{"@type":"ImageObject","inLanguage":"fr-FR","@id":"https:\/\/www.webdo.tn\/fr\/actualite\/international\/tunisiens-detenus-depuis-11-ans-guantanamo-relaches\/184267\/#primaryimage","url":"https:\/\/www.webdo.tn\/fr\/wp-content\/uploads\/2014\/12\/Guantanamo.jpg","contentUrl":"https:\/\/www.webdo.tn\/fr\/wp-content\/uploads\/2014\/12\/Guantanamo.jpg","width":449,"height":316,"caption":"Lib\u00e9ration de deux Tunisiens d\u00e9tenus depuis 11 ans \u00e0 Guantanamo"},{"@type":"BreadcrumbList","@id":"https:\/\/www.webdo.tn\/fr\/actualite\/international\/tunisiens-detenus-depuis-11-ans-guantanamo-relaches\/184267\/#breadcrumb","itemListElement":[{"@type":"ListItem","position":1,"name":"Accueil","item":"https:\/\/www.webdo.tn\/fr\/"},{"@type":"ListItem","position":2,"name":"Lib\u00e9ration de deux Tunisiens d\u00e9tenus depuis 11 ans \u00e0 Guantanamo"}]},{"@type":"WebSite","@id":"https:\/\/www.webdo.tn\/fr\/#website","url":"https:\/\/www.webdo.tn\/fr\/","name":"webdo","description":"Tunisie - News en Tunisie et \u00e0 l&#039;international sur Webdo.tn","publisher":{"@id":"https:\/\/www.webdo.tn\/fr\/#organization"},"potentialAction":[{"@type":"SearchAction","target":{"@type":"EntryPoint","urlTemplate":"https:\/\/www.webdo.tn\/fr\/?s={search_term_string}"},"query-input":{"@type":"PropertyValueSpecification","valueRequired":true,"valueName":"search_term_string"}}],"inLanguage":"fr-FR"},{"@type":"Organization","@id":"https:\/\/www.webdo.tn\/fr\/#organization","name":"Webdo","alternateName":"Webdo.tn","url":"https:\/\/www.webdo.tn\/fr\/","logo":{"@type":"ImageObject","inLanguage":"fr-FR","@id":"https:\/\/www.webdo.tn\/fr\/#\/schema\/logo\/image\/","url":"https:\/\/www.webdo.tn\/fr\/wp-content\/uploads\/2025\/06\/Webdo-Tunisie_168377.jpg","contentUrl":"https:\/\/www.webdo.tn\/fr\/wp-content\/uploads\/2025\/06\/Webdo-Tunisie_168377.jpg","width":301,"height":301,"caption":"Webdo"},"image":{"@id":"https:\/\/www.webdo.tn\/fr\/#\/schema\/logo\/image\/"},"sameAs":["https:\/\/www.facebook.com\/webdotn","https:\/\/x.com\/webdo_tn"],"description":"Webdo est un m\u00e9dia num\u00e9rique tunisien fond\u00e9 en 2010, sp\u00e9cialis\u00e9 dans l\u2019actualit\u00e9 nationale et internationale, l\u2019\u00e9conomie, la soci\u00e9t\u00e9 et les analyses politiques. Le site s\u2019adresse \u00e0 un large public francophone et couvre l\u2019information tunisienne en temps r\u00e9el.","email":"redac@webdo.tn","legalName":"YNJ SARL","foundingDate":"2010-09-06","numberOfEmployees":{"@type":"QuantitativeValue","minValue":"11","maxValue":"50"}},{"@type":"Person","@id":"https:\/\/www.webdo.tn\/fr\/#\/schema\/person\/9a9c6118d687c117df8ef3cc36a4d175","name":"webdo.tn","image":{"@type":"ImageObject","inLanguage":"fr-FR","@id":"https:\/\/secure.gravatar.com\/avatar\/7ce1f28c0c3bbac99ff550b85ef8e44a6950c6ee24514fb6a5489e51d06f0298?s=96&d=mm&r=g","url":"https:\/\/secure.gravatar.com\/avatar\/7ce1f28c0c3bbac99ff550b85ef8e44a6950c6ee24514fb6a5489e51d06f0298?s=96&d=mm&r=g","contentUrl":"https:\/\/secure.gravatar.com\/avatar\/7ce1f28c0c3bbac99ff550b85ef8e44a6950c6ee24514fb6a5489e51d06f0298?s=96&d=mm&r=g","caption":"webdo.tn"},"url":"https:\/\/www.webdo.tn\/fr\/actualite\/author\/webdotn\/"}]}},"_links":{"self":[{"href":"https:\/\/www.webdo.tn\/fr\/wp-json\/wp\/v2\/posts\/184267","targetHints":{"allow":["GET"]}}],"collection":[{"href":"https:\/\/www.webdo.tn\/fr\/wp-json\/wp\/v2\/posts"}],"about":[{"href":"https:\/\/www.webdo.tn\/fr\/wp-json\/wp\/v2\/types\/post"}],"author":[{"embeddable":true,"href":"https:\/\/www.webdo.tn\/fr\/wp-json\/wp\/v2\/users\/3222"}],"replies":[{"embeddable":true,"href":"https:\/\/www.webdo.tn\/fr\/wp-json\/wp\/v2\/comments?post=184267"}],"version-history":[{"count":0,"href":"https:\/\/www.webdo.tn\/fr\/wp-json\/wp\/v2\/posts\/184267\/revisions"}],"wp:featuredmedia":[{"embeddable":true,"href":"https:\/\/www.webdo.tn\/fr\/wp-json\/wp\/v2\/media\/330945"}],"wp:attachment":[{"href":"https:\/\/www.webdo.tn\/fr\/wp-json\/wp\/v2\/media?parent=184267"}],"wp:term":[{"taxonomy":"category","embeddable":true,"href":"https:\/\/www.webdo.tn\/fr\/wp-json\/wp\/v2\/categories?post=184267"},{"taxonomy":"post_tag","embeddable":true,"href":"https:\/\/www.webdo.tn\/fr\/wp-json\/wp\/v2\/tags?post=184267"}],"curies":[{"name":"wp","href":"https:\/\/api.w.org\/{rel}","templated":true}]}}