{"id":184266,"date":"2014-12-31T11:36:00","date_gmt":"2014-12-31T10:36:00","guid":{"rendered":"https:\/\/www.webdo.tn\/fr\/actualite\/international\/135-journalistes-tues-monde-en-2014-lexercice-travail\/184266"},"modified":"2014-12-31T11:36:00","modified_gmt":"2014-12-31T10:36:00","slug":"135-journalistes-tues-monde-en-2014-lexercice-travail","status":"publish","type":"post","link":"https:\/\/www.webdo.tn\/fr\/actualite\/international\/135-journalistes-tues-monde-en-2014-lexercice-travail\/184266\/","title":{"rendered":"135 journalistes tu\u00e9s dans le monde en 2014 dans l\u2019exercice de leur travail"},"content":{"rendered":"<p>Cent-trente-cinq journalistes ont \u00e9t\u00e9 tu\u00e9s dans le monde au cours de l\u2019ann\u00e9e 2014 et ce, dans l\u2019exercice de leur travail, selon un bilan publi\u00e9 ce mardi 30 d\u00e9cembre par la F\u00e9d\u00e9ration internationale des journalistes (FIJ).<\/p>\n<p>Ce rapport prend en compte les journalistes victimes d&rsquo;attaques cibl\u00e9es ou morts dans des attentats \u00e0 la bombe et des fusillades dont le nombre de morts s&rsquo;est \u00e9lev\u00e9 \u00e0 118 journalistes en 2014 contre 105 l&rsquo;ann\u00e9e pr\u00e9c\u00e9dente. Dix-sept journalistes ont, d\u2019autre part, perdu la vie lors d&rsquo;accidents de la route ou de catastrophes naturelles dans le cadre de leur travail, pr\u00e9cise la FIJ.<br \/>\n[quote_box_center]\u00ab La FIJ rel\u00e8ve que les guerres meurtri\u00e8res en Syrie, en Irak et en Ukraine, de m\u00eame que les insurrections violentes en Afghanistan et au Pakistan ont caus\u00e9 la plupart des meurtres de journalistes. Le Pakistan est consid\u00e9r\u00e9 comme le pays le plus dangereux avec 14 journalistes tu\u00e9s. \u00bb[\/quote_box_center]<br \/>\nLe Pakistan vient en t\u00eate de ce bilan avec 14 journalistes tu\u00e9s. Suivent la Syrie o\u00f9 12 journalistes ont \u00e9t\u00e9 tu\u00e9s, puis l\u2019Afghanistan (9 tu\u00e9s), la Palestine (9), l\u2019Irak (8), l\u2019Ukraine (8), le Honduras (6), le Mexique (5).<\/p>\n<p>Selon la F\u00e9d\u00e9ration, le nouveau chiffre constitue un rappel de la gravit\u00e9 de la crise s\u00e9curitaire dans les m\u00e9dias. La FIJ renouvelle son appel urgent aux gouvernements pour qu\u2019ils fassent de la protection des journalistes leur priorit\u00e9. Pour la FIJ, les d\u00e9capitations publiques des journalistes dont James Foley et Steven Sotloff par l\u2019auto-proclam\u00e9 Etat Islamique repr\u00e9sentent un tournant d\u00e9cisif dans l\u2019attitude \u00e0 adopter concernant la protection des m\u00e9dias.<\/p>\n<p>\u00ab Il est temps d\u2019agir, face aux menaces sans pr\u00e9c\u00e9dent contre les journalistes qui sont vis\u00e9s, non pas seulement pour interdire la libre circulation de l\u2019information, mais \u00e9galement afin de servir de leviers en vue d\u2019obtenir des ran\u00e7ons consid\u00e9rables et des concessions politiques en utilisant une violence extr\u00eame \u00bb, a d\u00e9clar\u00e9 le pr\u00e9sident de la FIJ, Jim Boumelha.<br \/>\n[quote_box_center]\u00ab En cons\u00e9quence, certains organes de presse h\u00e9sitent \u00e0 envoyer les journalistes dans les zones de guerre par crainte pour leur s\u00e9curit\u00e9 et refusent m\u00eame d\u2019utiliser le travail des journalistes ind\u00e9pendants qui y sont. A moins d\u2019am\u00e9liorer la s\u00e9curit\u00e9 des m\u00e9dias, il y a un risque de perdre en qualit\u00e9 dans la couverture des conflits arm\u00e9s, en l\u2019absence de t\u00e9moins neutres. \u00bb[\/quote_box_center]<\/p>\n","protected":false},"excerpt":{"rendered":"<p>Cent-trente-cinq journalistes ont \u00e9t\u00e9 tu\u00e9s dans le monde au cours de l\u2019ann\u00e9e 2014 et ce, dans l\u2019exercice de leur travail, selon un bilan publi\u00e9 ce<\/p>\n","protected":false},"author":3222,"featured_media":367881,"comment_status":"open","ping_status":"open","sticky":false,"template":"","format":"standard","meta":{"footnotes":""},"categories":[2598],"tags":[],"class_list":["post-184266","post","type-post","status-publish","format-standard","has-post-thumbnail","hentry","category-international"],"yoast_head":"<!-- This site is optimized with the Yoast SEO Premium plugin v27.5 (Yoast SEO v27.5) - https:\/\/yoast.com\/product\/yoast-seo-premium-wordpress\/ -->\n<title>135 journalistes tu\u00e9s dans le monde en 2014 dans l\u2019exercice de leur travail<\/title>\n<meta name=\"description\" content=\"135 journalistes tu\u00e9s dans le monde en 2014 dans l\u2019exercice de leur travail\" \/>\n<link rel=\"canonical\" href=\"https:\/\/www.webdo.tn\/fr\/actualite\/international\/135-journalistes-tues-monde-en-2014-lexercice-travail\/184266\/\" \/>\n<meta property=\"og:locale\" content=\"fr_FR\" \/>\n<meta property=\"og:type\" content=\"article\" \/>\n<meta property=\"og:title\" content=\"135 journalistes tu\u00e9s dans le monde en 2014 dans l\u2019exercice de leur travail\" \/>\n<meta property=\"og:description\" content=\"135 journalistes tu\u00e9s dans le monde en 2014 dans l\u2019exercice de leur travail\" \/>\n<meta property=\"og:url\" content=\"https:\/\/www.webdo.tn\/fr\/actualite\/international\/135-journalistes-tues-monde-en-2014-lexercice-travail\/184266\/\" \/>\n<meta property=\"og:site_name\" content=\"webdo\" \/>\n<meta property=\"article:publisher\" content=\"https:\/\/www.facebook.com\/webdotn\" \/>\n<meta property=\"article:published_time\" content=\"2014-12-31T10:36:00+00:00\" \/>\n<meta property=\"og:image\" content=\"https:\/\/www.webdo.tn\/fr\/wp-content\/uploads\/2025\/06\/journalistes-tues-photo-liberation_184266.jpg\" \/>\n\t<meta property=\"og:image:width\" content=\"600\" \/>\n\t<meta property=\"og:image:height\" content=\"356\" \/>\n\t<meta property=\"og:image:type\" content=\"image\/jpeg\" \/>\n<meta name=\"author\" content=\"webdo.tn\" \/>\n<meta name=\"twitter:card\" content=\"summary_large_image\" \/>\n<meta name=\"twitter:creator\" content=\"@webdo_tn\" \/>\n<meta name=\"twitter:site\" content=\"@webdo_tn\" \/>\n<meta name=\"twitter:label1\" content=\"\u00c9crit par\" \/>\n\t<meta name=\"twitter:data1\" content=\"webdo.tn\" \/>\n\t<meta name=\"twitter:label2\" content=\"Dur\u00e9e de lecture estim\u00e9e\" \/>\n\t<meta name=\"twitter:data2\" content=\"2 minutes\" \/>\n<script type=\"application\/ld+json\" class=\"yoast-schema-graph\">{\"@context\":\"https:\\\/\\\/schema.org\",\"@graph\":[{\"@type\":\"NewsArticle\",\"@id\":\"https:\\\/\\\/www.webdo.tn\\\/fr\\\/actualite\\\/international\\\/135-journalistes-tues-monde-en-2014-lexercice-travail\\\/184266\\\/#article\",\"isPartOf\":{\"@id\":\"https:\\\/\\\/www.webdo.tn\\\/fr\\\/actualite\\\/international\\\/135-journalistes-tues-monde-en-2014-lexercice-travail\\\/184266\\\/\"},\"author\":{\"name\":\"webdo.tn\",\"@id\":\"https:\\\/\\\/www.webdo.tn\\\/fr\\\/#\\\/schema\\\/person\\\/9a9c6118d687c117df8ef3cc36a4d175\"},\"headline\":\"135 journalistes tu\u00e9s dans le monde en 2014 dans l\u2019exercice de leur travail\",\"datePublished\":\"2014-12-31T10:36:00+00:00\",\"mainEntityOfPage\":{\"@id\":\"https:\\\/\\\/www.webdo.tn\\\/fr\\\/actualite\\\/international\\\/135-journalistes-tues-monde-en-2014-lexercice-travail\\\/184266\\\/\"},\"wordCount\":438,\"commentCount\":0,\"publisher\":{\"@id\":\"https:\\\/\\\/www.webdo.tn\\\/fr\\\/#organization\"},\"image\":{\"@id\":\"https:\\\/\\\/www.webdo.tn\\\/fr\\\/actualite\\\/international\\\/135-journalistes-tues-monde-en-2014-lexercice-travail\\\/184266\\\/#primaryimage\"},\"thumbnailUrl\":\"https:\\\/\\\/www.webdo.tn\\\/fr\\\/wp-content\\\/uploads\\\/2025\\\/06\\\/journalistes-tues-photo-liberation_184266.jpg\",\"articleSection\":[\"International\"],\"inLanguage\":\"fr-FR\"},{\"@type\":\"WebPage\",\"@id\":\"https:\\\/\\\/www.webdo.tn\\\/fr\\\/actualite\\\/international\\\/135-journalistes-tues-monde-en-2014-lexercice-travail\\\/184266\\\/\",\"url\":\"https:\\\/\\\/www.webdo.tn\\\/fr\\\/actualite\\\/international\\\/135-journalistes-tues-monde-en-2014-lexercice-travail\\\/184266\\\/\",\"name\":\"135 journalistes tu\u00e9s dans le monde en 2014 dans l\u2019exercice de leur travail\",\"isPartOf\":{\"@id\":\"https:\\\/\\\/www.webdo.tn\\\/fr\\\/#website\"},\"primaryImageOfPage\":{\"@id\":\"https:\\\/\\\/www.webdo.tn\\\/fr\\\/actualite\\\/international\\\/135-journalistes-tues-monde-en-2014-lexercice-travail\\\/184266\\\/#primaryimage\"},\"image\":{\"@id\":\"https:\\\/\\\/www.webdo.tn\\\/fr\\\/actualite\\\/international\\\/135-journalistes-tues-monde-en-2014-lexercice-travail\\\/184266\\\/#primaryimage\"},\"thumbnailUrl\":\"https:\\\/\\\/www.webdo.tn\\\/fr\\\/wp-content\\\/uploads\\\/2025\\\/06\\\/journalistes-tues-photo-liberation_184266.jpg\",\"datePublished\":\"2014-12-31T10:36:00+00:00\",\"description\":\"135 journalistes tu\u00e9s dans le monde en 2014 dans l\u2019exercice de leur travail\",\"breadcrumb\":{\"@id\":\"https:\\\/\\\/www.webdo.tn\\\/fr\\\/actualite\\\/international\\\/135-journalistes-tues-monde-en-2014-lexercice-travail\\\/184266\\\/#breadcrumb\"},\"inLanguage\":\"fr-FR\",\"potentialAction\":[{\"@type\":\"ReadAction\",\"target\":[\"https:\\\/\\\/www.webdo.tn\\\/fr\\\/actualite\\\/international\\\/135-journalistes-tues-monde-en-2014-lexercice-travail\\\/184266\\\/\"]}]},{\"@type\":\"ImageObject\",\"inLanguage\":\"fr-FR\",\"@id\":\"https:\\\/\\\/www.webdo.tn\\\/fr\\\/actualite\\\/international\\\/135-journalistes-tues-monde-en-2014-lexercice-travail\\\/184266\\\/#primaryimage\",\"url\":\"https:\\\/\\\/www.webdo.tn\\\/fr\\\/wp-content\\\/uploads\\\/2025\\\/06\\\/journalistes-tues-photo-liberation_184266.jpg\",\"contentUrl\":\"https:\\\/\\\/www.webdo.tn\\\/fr\\\/wp-content\\\/uploads\\\/2025\\\/06\\\/journalistes-tues-photo-liberation_184266.jpg\",\"width\":600,\"height\":356,\"caption\":\"135 journalistes tu\u00e9s dans le monde en 2014 dans l\u2019exercice de leur travail\"},{\"@type\":\"BreadcrumbList\",\"@id\":\"https:\\\/\\\/www.webdo.tn\\\/fr\\\/actualite\\\/international\\\/135-journalistes-tues-monde-en-2014-lexercice-travail\\\/184266\\\/#breadcrumb\",\"itemListElement\":[{\"@type\":\"ListItem\",\"position\":1,\"name\":\"Accueil\",\"item\":\"https:\\\/\\\/www.webdo.tn\\\/fr\\\/\"},{\"@type\":\"ListItem\",\"position\":2,\"name\":\"135 journalistes tu\u00e9s dans le monde en 2014 dans l\u2019exercice de leur travail\"}]},{\"@type\":\"WebSite\",\"@id\":\"https:\\\/\\\/www.webdo.tn\\\/fr\\\/#website\",\"url\":\"https:\\\/\\\/www.webdo.tn\\\/fr\\\/\",\"name\":\"webdo\",\"description\":\"Tunisie - News en Tunisie et \u00e0 l&#039;international sur Webdo.tn\",\"publisher\":{\"@id\":\"https:\\\/\\\/www.webdo.tn\\\/fr\\\/#organization\"},\"potentialAction\":[{\"@type\":\"SearchAction\",\"target\":{\"@type\":\"EntryPoint\",\"urlTemplate\":\"https:\\\/\\\/www.webdo.tn\\\/fr\\\/?s={search_term_string}\"},\"query-input\":{\"@type\":\"PropertyValueSpecification\",\"valueRequired\":true,\"valueName\":\"search_term_string\"}}],\"inLanguage\":\"fr-FR\"},{\"@type\":\"Organization\",\"@id\":\"https:\\\/\\\/www.webdo.tn\\\/fr\\\/#organization\",\"name\":\"Webdo\",\"alternateName\":\"Webdo.tn\",\"url\":\"https:\\\/\\\/www.webdo.tn\\\/fr\\\/\",\"logo\":{\"@type\":\"ImageObject\",\"inLanguage\":\"fr-FR\",\"@id\":\"https:\\\/\\\/www.webdo.tn\\\/fr\\\/#\\\/schema\\\/logo\\\/image\\\/\",\"url\":\"https:\\\/\\\/www.webdo.tn\\\/fr\\\/wp-content\\\/uploads\\\/2025\\\/06\\\/Webdo-Tunisie_168377.jpg\",\"contentUrl\":\"https:\\\/\\\/www.webdo.tn\\\/fr\\\/wp-content\\\/uploads\\\/2025\\\/06\\\/Webdo-Tunisie_168377.jpg\",\"width\":301,\"height\":301,\"caption\":\"Webdo\"},\"image\":{\"@id\":\"https:\\\/\\\/www.webdo.tn\\\/fr\\\/#\\\/schema\\\/logo\\\/image\\\/\"},\"sameAs\":[\"https:\\\/\\\/www.facebook.com\\\/webdotn\",\"https:\\\/\\\/x.com\\\/webdo_tn\"],\"description\":\"Webdo est un m\u00e9dia num\u00e9rique tunisien fond\u00e9 en 2010, sp\u00e9cialis\u00e9 dans l\u2019actualit\u00e9 nationale et internationale, l\u2019\u00e9conomie, la soci\u00e9t\u00e9 et les analyses politiques. Le site s\u2019adresse \u00e0 un large public francophone et couvre l\u2019information tunisienne en temps r\u00e9el.\",\"email\":\"redac@webdo.tn\",\"legalName\":\"YNJ SARL\",\"foundingDate\":\"2010-09-06\",\"numberOfEmployees\":{\"@type\":\"QuantitativeValue\",\"minValue\":\"11\",\"maxValue\":\"50\"}},{\"@type\":\"Person\",\"@id\":\"https:\\\/\\\/www.webdo.tn\\\/fr\\\/#\\\/schema\\\/person\\\/9a9c6118d687c117df8ef3cc36a4d175\",\"name\":\"webdo.tn\",\"image\":{\"@type\":\"ImageObject\",\"inLanguage\":\"fr-FR\",\"@id\":\"https:\\\/\\\/secure.gravatar.com\\\/avatar\\\/7ce1f28c0c3bbac99ff550b85ef8e44a6950c6ee24514fb6a5489e51d06f0298?s=96&d=mm&r=g\",\"url\":\"https:\\\/\\\/secure.gravatar.com\\\/avatar\\\/7ce1f28c0c3bbac99ff550b85ef8e44a6950c6ee24514fb6a5489e51d06f0298?s=96&d=mm&r=g\",\"contentUrl\":\"https:\\\/\\\/secure.gravatar.com\\\/avatar\\\/7ce1f28c0c3bbac99ff550b85ef8e44a6950c6ee24514fb6a5489e51d06f0298?s=96&d=mm&r=g\",\"caption\":\"webdo.tn\"},\"url\":\"https:\\\/\\\/www.webdo.tn\\\/fr\\\/actualite\\\/author\\\/webdotn\\\/\"}]}<\/script>\n<!-- \/ Yoast SEO Premium plugin. -->","yoast_head_json":{"title":"135 journalistes tu\u00e9s dans le monde en 2014 dans l\u2019exercice de leur travail","description":"135 journalistes tu\u00e9s dans le monde en 2014 dans l\u2019exercice de leur travail","canonical":"https:\/\/www.webdo.tn\/fr\/actualite\/international\/135-journalistes-tues-monde-en-2014-lexercice-travail\/184266\/","og_locale":"fr_FR","og_type":"article","og_title":"135 journalistes tu\u00e9s dans le monde en 2014 dans l\u2019exercice de leur travail","og_description":"135 journalistes tu\u00e9s dans le monde en 2014 dans l\u2019exercice de leur travail","og_url":"https:\/\/www.webdo.tn\/fr\/actualite\/international\/135-journalistes-tues-monde-en-2014-lexercice-travail\/184266\/","og_site_name":"webdo","article_publisher":"https:\/\/www.facebook.com\/webdotn","article_published_time":"2014-12-31T10:36:00+00:00","og_image":[{"width":600,"height":356,"url":"https:\/\/www.webdo.tn\/fr\/wp-content\/uploads\/2025\/06\/journalistes-tues-photo-liberation_184266.jpg","type":"image\/jpeg"}],"author":"webdo.tn","twitter_card":"summary_large_image","twitter_creator":"@webdo_tn","twitter_site":"@webdo_tn","twitter_misc":{"\u00c9crit par":"webdo.tn","Dur\u00e9e de lecture estim\u00e9e":"2 minutes"},"schema":{"@context":"https:\/\/schema.org","@graph":[{"@type":"NewsArticle","@id":"https:\/\/www.webdo.tn\/fr\/actualite\/international\/135-journalistes-tues-monde-en-2014-lexercice-travail\/184266\/#article","isPartOf":{"@id":"https:\/\/www.webdo.tn\/fr\/actualite\/international\/135-journalistes-tues-monde-en-2014-lexercice-travail\/184266\/"},"author":{"name":"webdo.tn","@id":"https:\/\/www.webdo.tn\/fr\/#\/schema\/person\/9a9c6118d687c117df8ef3cc36a4d175"},"headline":"135 journalistes tu\u00e9s dans le monde en 2014 dans l\u2019exercice de leur travail","datePublished":"2014-12-31T10:36:00+00:00","mainEntityOfPage":{"@id":"https:\/\/www.webdo.tn\/fr\/actualite\/international\/135-journalistes-tues-monde-en-2014-lexercice-travail\/184266\/"},"wordCount":438,"commentCount":0,"publisher":{"@id":"https:\/\/www.webdo.tn\/fr\/#organization"},"image":{"@id":"https:\/\/www.webdo.tn\/fr\/actualite\/international\/135-journalistes-tues-monde-en-2014-lexercice-travail\/184266\/#primaryimage"},"thumbnailUrl":"https:\/\/www.webdo.tn\/fr\/wp-content\/uploads\/2025\/06\/journalistes-tues-photo-liberation_184266.jpg","articleSection":["International"],"inLanguage":"fr-FR"},{"@type":"WebPage","@id":"https:\/\/www.webdo.tn\/fr\/actualite\/international\/135-journalistes-tues-monde-en-2014-lexercice-travail\/184266\/","url":"https:\/\/www.webdo.tn\/fr\/actualite\/international\/135-journalistes-tues-monde-en-2014-lexercice-travail\/184266\/","name":"135 journalistes tu\u00e9s dans le monde en 2014 dans l\u2019exercice de leur travail","isPartOf":{"@id":"https:\/\/www.webdo.tn\/fr\/#website"},"primaryImageOfPage":{"@id":"https:\/\/www.webdo.tn\/fr\/actualite\/international\/135-journalistes-tues-monde-en-2014-lexercice-travail\/184266\/#primaryimage"},"image":{"@id":"https:\/\/www.webdo.tn\/fr\/actualite\/international\/135-journalistes-tues-monde-en-2014-lexercice-travail\/184266\/#primaryimage"},"thumbnailUrl":"https:\/\/www.webdo.tn\/fr\/wp-content\/uploads\/2025\/06\/journalistes-tues-photo-liberation_184266.jpg","datePublished":"2014-12-31T10:36:00+00:00","description":"135 journalistes tu\u00e9s dans le monde en 2014 dans l\u2019exercice de leur travail","breadcrumb":{"@id":"https:\/\/www.webdo.tn\/fr\/actualite\/international\/135-journalistes-tues-monde-en-2014-lexercice-travail\/184266\/#breadcrumb"},"inLanguage":"fr-FR","potentialAction":[{"@type":"ReadAction","target":["https:\/\/www.webdo.tn\/fr\/actualite\/international\/135-journalistes-tues-monde-en-2014-lexercice-travail\/184266\/"]}]},{"@type":"ImageObject","inLanguage":"fr-FR","@id":"https:\/\/www.webdo.tn\/fr\/actualite\/international\/135-journalistes-tues-monde-en-2014-lexercice-travail\/184266\/#primaryimage","url":"https:\/\/www.webdo.tn\/fr\/wp-content\/uploads\/2025\/06\/journalistes-tues-photo-liberation_184266.jpg","contentUrl":"https:\/\/www.webdo.tn\/fr\/wp-content\/uploads\/2025\/06\/journalistes-tues-photo-liberation_184266.jpg","width":600,"height":356,"caption":"135 journalistes tu\u00e9s dans le monde en 2014 dans l\u2019exercice de leur travail"},{"@type":"BreadcrumbList","@id":"https:\/\/www.webdo.tn\/fr\/actualite\/international\/135-journalistes-tues-monde-en-2014-lexercice-travail\/184266\/#breadcrumb","itemListElement":[{"@type":"ListItem","position":1,"name":"Accueil","item":"https:\/\/www.webdo.tn\/fr\/"},{"@type":"ListItem","position":2,"name":"135 journalistes tu\u00e9s dans le monde en 2014 dans l\u2019exercice de leur travail"}]},{"@type":"WebSite","@id":"https:\/\/www.webdo.tn\/fr\/#website","url":"https:\/\/www.webdo.tn\/fr\/","name":"webdo","description":"Tunisie - News en Tunisie et \u00e0 l&#039;international sur Webdo.tn","publisher":{"@id":"https:\/\/www.webdo.tn\/fr\/#organization"},"potentialAction":[{"@type":"SearchAction","target":{"@type":"EntryPoint","urlTemplate":"https:\/\/www.webdo.tn\/fr\/?s={search_term_string}"},"query-input":{"@type":"PropertyValueSpecification","valueRequired":true,"valueName":"search_term_string"}}],"inLanguage":"fr-FR"},{"@type":"Organization","@id":"https:\/\/www.webdo.tn\/fr\/#organization","name":"Webdo","alternateName":"Webdo.tn","url":"https:\/\/www.webdo.tn\/fr\/","logo":{"@type":"ImageObject","inLanguage":"fr-FR","@id":"https:\/\/www.webdo.tn\/fr\/#\/schema\/logo\/image\/","url":"https:\/\/www.webdo.tn\/fr\/wp-content\/uploads\/2025\/06\/Webdo-Tunisie_168377.jpg","contentUrl":"https:\/\/www.webdo.tn\/fr\/wp-content\/uploads\/2025\/06\/Webdo-Tunisie_168377.jpg","width":301,"height":301,"caption":"Webdo"},"image":{"@id":"https:\/\/www.webdo.tn\/fr\/#\/schema\/logo\/image\/"},"sameAs":["https:\/\/www.facebook.com\/webdotn","https:\/\/x.com\/webdo_tn"],"description":"Webdo est un m\u00e9dia num\u00e9rique tunisien fond\u00e9 en 2010, sp\u00e9cialis\u00e9 dans l\u2019actualit\u00e9 nationale et internationale, l\u2019\u00e9conomie, la soci\u00e9t\u00e9 et les analyses politiques. Le site s\u2019adresse \u00e0 un large public francophone et couvre l\u2019information tunisienne en temps r\u00e9el.","email":"redac@webdo.tn","legalName":"YNJ SARL","foundingDate":"2010-09-06","numberOfEmployees":{"@type":"QuantitativeValue","minValue":"11","maxValue":"50"}},{"@type":"Person","@id":"https:\/\/www.webdo.tn\/fr\/#\/schema\/person\/9a9c6118d687c117df8ef3cc36a4d175","name":"webdo.tn","image":{"@type":"ImageObject","inLanguage":"fr-FR","@id":"https:\/\/secure.gravatar.com\/avatar\/7ce1f28c0c3bbac99ff550b85ef8e44a6950c6ee24514fb6a5489e51d06f0298?s=96&d=mm&r=g","url":"https:\/\/secure.gravatar.com\/avatar\/7ce1f28c0c3bbac99ff550b85ef8e44a6950c6ee24514fb6a5489e51d06f0298?s=96&d=mm&r=g","contentUrl":"https:\/\/secure.gravatar.com\/avatar\/7ce1f28c0c3bbac99ff550b85ef8e44a6950c6ee24514fb6a5489e51d06f0298?s=96&d=mm&r=g","caption":"webdo.tn"},"url":"https:\/\/www.webdo.tn\/fr\/actualite\/author\/webdotn\/"}]}},"_links":{"self":[{"href":"https:\/\/www.webdo.tn\/fr\/wp-json\/wp\/v2\/posts\/184266","targetHints":{"allow":["GET"]}}],"collection":[{"href":"https:\/\/www.webdo.tn\/fr\/wp-json\/wp\/v2\/posts"}],"about":[{"href":"https:\/\/www.webdo.tn\/fr\/wp-json\/wp\/v2\/types\/post"}],"author":[{"embeddable":true,"href":"https:\/\/www.webdo.tn\/fr\/wp-json\/wp\/v2\/users\/3222"}],"replies":[{"embeddable":true,"href":"https:\/\/www.webdo.tn\/fr\/wp-json\/wp\/v2\/comments?post=184266"}],"version-history":[{"count":0,"href":"https:\/\/www.webdo.tn\/fr\/wp-json\/wp\/v2\/posts\/184266\/revisions"}],"wp:featuredmedia":[{"embeddable":true,"href":"https:\/\/www.webdo.tn\/fr\/wp-json\/wp\/v2\/media\/367881"}],"wp:attachment":[{"href":"https:\/\/www.webdo.tn\/fr\/wp-json\/wp\/v2\/media?parent=184266"}],"wp:term":[{"taxonomy":"category","embeddable":true,"href":"https:\/\/www.webdo.tn\/fr\/wp-json\/wp\/v2\/categories?post=184266"},{"taxonomy":"post_tag","embeddable":true,"href":"https:\/\/www.webdo.tn\/fr\/wp-json\/wp\/v2\/tags?post=184266"}],"curies":[{"name":"wp","href":"https:\/\/api.w.org\/{rel}","templated":true}]}}