{"id":184264,"date":"2015-01-02T21:18:00","date_gmt":"2015-01-02T21:18:00","guid":{"rendered":"https:\/\/www.webdo.tn\/fr\/blog\/manifestations-contre-lislamophobie-en-suede-apres-attaques-contre-mosquees\/184264\/"},"modified":"2025-05-19T10:25:25","modified_gmt":"2025-05-19T10:25:25","slug":"manifestations-contre-lislamophobie-en-suede-apres-attaques-contre-mosquees","status":"publish","type":"post","link":"https:\/\/www.webdo.tn\/fr\/actualite\/international\/manifestations-contre-lislamophobie-en-suede-apres-attaques-contre-mosquees\/184264\/","title":{"rendered":"Manifestations contre l&rsquo;islamophobie en Su\u00e8de apr\u00e8s des attaques contre des mosqu\u00e9es"},"content":{"rendered":"<p>Plusieurs manifestations ont eu lieu ce vendredi 2 janvier en Su\u00e8de pour protester contre l&rsquo;islamophobie apr\u00e8s une s\u00e9rie d&rsquo;attaques ayant vis\u00e9 des mosqu\u00e9es ces derniers jours, rapporte l&rsquo;AFP. Hier, jeudi 1er janvier, une mosqu\u00e9e d&rsquo;Uppsala, dans l&rsquo;est du pays, a \u00e9t\u00e9 vis\u00e9e par un tir de cocktail Molotov.<br \/>\n\u00ab\u00a0Don&rsquo;t touch my mosque,\u00a0\u00bb reads this sign, as Muslims protest after three mosques were torched this week in @Sweden. pic.twitter.com\/GG7Qb7tZAy<\/p>\n<p>\u2014 Oliver Gee (@TheUppsalaKoala) 2 Janvier 2015<\/p>\n<p>En Su\u00e8de, le parti d&rsquo;extr\u00eame droite \u00ab\u00a0Les D\u00e9mocrates de Su\u00e8de\u00a0\u00bb repr\u00e9sente la troisi\u00e8me force politique, derri\u00e8re l&rsquo;Alliance, une coalition de centre droit, et le parti social-d\u00e9mocrate, gui gouverne avec les Verts.<\/p>\n","protected":false},"excerpt":{"rendered":"<p>Manifestations contre l&rsquo;islamophobie en Su\u00e8de apr\u00e8s des attaques contre des mosqu\u00e9es<\/p>\n","protected":false},"author":3222,"featured_media":319460,"comment_status":"open","ping_status":"closed","sticky":false,"template":"","format":"standard","meta":{"footnotes":""},"categories":[2598],"tags":[2600],"class_list":["post-184264","post","type-post","status-publish","format-standard","has-post-thumbnail","hentry","category-international","tag-guerre"],"yoast_head":"<!-- This site is optimized with the Yoast SEO Premium plugin v27.5 (Yoast SEO v27.5) - https:\/\/yoast.com\/product\/yoast-seo-premium-wordpress\/ -->\n<title>Manifestations contre l&#039;islamophobie en Su\u00e8de apr\u00e8s des attaques contre des mosqu\u00e9es<\/title>\n<meta name=\"description\" content=\"Manifestations contre l&#039;islamophobie en Su\u00e8de apr\u00e8s des attaques contre des mosqu\u00e9es\" \/>\n<link rel=\"canonical\" href=\"https:\/\/www.webdo.tn\/fr\/actualite\/international\/manifestations-contre-lislamophobie-en-suede-apres-attaques-contre-mosquees\/184264\/\" \/>\n<meta property=\"og:locale\" content=\"fr_FR\" \/>\n<meta property=\"og:type\" content=\"article\" \/>\n<meta property=\"og:title\" content=\"Manifestations contre l&#039;islamophobie en Su\u00e8de apr\u00e8s des attaques contre des mosqu\u00e9es\" \/>\n<meta property=\"og:description\" content=\"Manifestations contre l&#039;islamophobie en Su\u00e8de apr\u00e8s des attaques contre des mosqu\u00e9es\" \/>\n<meta property=\"og:url\" content=\"https:\/\/www.webdo.tn\/fr\/actualite\/international\/manifestations-contre-lislamophobie-en-suede-apres-attaques-contre-mosquees\/184264\/\" \/>\n<meta property=\"og:site_name\" content=\"webdo\" \/>\n<meta property=\"article:publisher\" content=\"https:\/\/www.facebook.com\/webdotn\" \/>\n<meta property=\"article:published_time\" content=\"2015-01-02T21:18:00+00:00\" \/>\n<meta property=\"article:modified_time\" content=\"2025-05-19T10:25:25+00:00\" \/>\n<meta property=\"og:image\" content=\"https:\/\/www.webdo.tn\/fr\/wp-content\/uploads\/2015\/01\/webdo_default-50.jpg\" \/>\n\t<meta property=\"og:image:width\" content=\"800\" \/>\n\t<meta property=\"og:image:height\" content=\"500\" \/>\n\t<meta property=\"og:image:type\" content=\"image\/jpeg\" \/>\n<meta name=\"author\" content=\"webdo.tn\" \/>\n<meta name=\"twitter:card\" content=\"summary_large_image\" \/>\n<meta name=\"twitter:creator\" content=\"@webdo_tn\" \/>\n<meta name=\"twitter:site\" content=\"@webdo_tn\" \/>\n<meta name=\"twitter:label1\" content=\"\u00c9crit par\" \/>\n\t<meta name=\"twitter:data1\" content=\"webdo.tn\" \/>\n\t<meta name=\"twitter:label2\" content=\"Dur\u00e9e de lecture estim\u00e9e\" \/>\n\t<meta name=\"twitter:data2\" content=\"1 minute\" \/>\n<script type=\"application\/ld+json\" class=\"yoast-schema-graph\">{\"@context\":\"https:\\\/\\\/schema.org\",\"@graph\":[{\"@type\":\"NewsArticle\",\"@id\":\"https:\\\/\\\/www.webdo.tn\\\/fr\\\/actualite\\\/international\\\/manifestations-contre-lislamophobie-en-suede-apres-attaques-contre-mosquees\\\/184264\\\/#article\",\"isPartOf\":{\"@id\":\"https:\\\/\\\/www.webdo.tn\\\/fr\\\/actualite\\\/international\\\/manifestations-contre-lislamophobie-en-suede-apres-attaques-contre-mosquees\\\/184264\\\/\"},\"author\":{\"name\":\"webdo.tn\",\"@id\":\"https:\\\/\\\/www.webdo.tn\\\/fr\\\/#\\\/schema\\\/person\\\/9a9c6118d687c117df8ef3cc36a4d175\"},\"headline\":\"Manifestations contre l&rsquo;islamophobie en Su\u00e8de apr\u00e8s des attaques contre des mosqu\u00e9es\",\"datePublished\":\"2015-01-02T21:18:00+00:00\",\"dateModified\":\"2025-05-19T10:25:25+00:00\",\"mainEntityOfPage\":{\"@id\":\"https:\\\/\\\/www.webdo.tn\\\/fr\\\/actualite\\\/international\\\/manifestations-contre-lislamophobie-en-suede-apres-attaques-contre-mosquees\\\/184264\\\/\"},\"wordCount\":144,\"commentCount\":0,\"publisher\":{\"@id\":\"https:\\\/\\\/www.webdo.tn\\\/fr\\\/#organization\"},\"image\":{\"@id\":\"https:\\\/\\\/www.webdo.tn\\\/fr\\\/actualite\\\/international\\\/manifestations-contre-lislamophobie-en-suede-apres-attaques-contre-mosquees\\\/184264\\\/#primaryimage\"},\"thumbnailUrl\":\"https:\\\/\\\/www.webdo.tn\\\/fr\\\/wp-content\\\/uploads\\\/2015\\\/01\\\/webdo_default-50.jpg\",\"keywords\":[\"guerre\"],\"articleSection\":[\"International\"],\"inLanguage\":\"fr-FR\"},{\"@type\":\"WebPage\",\"@id\":\"https:\\\/\\\/www.webdo.tn\\\/fr\\\/actualite\\\/international\\\/manifestations-contre-lislamophobie-en-suede-apres-attaques-contre-mosquees\\\/184264\\\/\",\"url\":\"https:\\\/\\\/www.webdo.tn\\\/fr\\\/actualite\\\/international\\\/manifestations-contre-lislamophobie-en-suede-apres-attaques-contre-mosquees\\\/184264\\\/\",\"name\":\"Manifestations contre l'islamophobie en Su\u00e8de apr\u00e8s des attaques contre des mosqu\u00e9es\",\"isPartOf\":{\"@id\":\"https:\\\/\\\/www.webdo.tn\\\/fr\\\/#website\"},\"primaryImageOfPage\":{\"@id\":\"https:\\\/\\\/www.webdo.tn\\\/fr\\\/actualite\\\/international\\\/manifestations-contre-lislamophobie-en-suede-apres-attaques-contre-mosquees\\\/184264\\\/#primaryimage\"},\"image\":{\"@id\":\"https:\\\/\\\/www.webdo.tn\\\/fr\\\/actualite\\\/international\\\/manifestations-contre-lislamophobie-en-suede-apres-attaques-contre-mosquees\\\/184264\\\/#primaryimage\"},\"thumbnailUrl\":\"https:\\\/\\\/www.webdo.tn\\\/fr\\\/wp-content\\\/uploads\\\/2015\\\/01\\\/webdo_default-50.jpg\",\"datePublished\":\"2015-01-02T21:18:00+00:00\",\"dateModified\":\"2025-05-19T10:25:25+00:00\",\"description\":\"Manifestations contre l'islamophobie en Su\u00e8de apr\u00e8s des attaques contre des mosqu\u00e9es\",\"breadcrumb\":{\"@id\":\"https:\\\/\\\/www.webdo.tn\\\/fr\\\/actualite\\\/international\\\/manifestations-contre-lislamophobie-en-suede-apres-attaques-contre-mosquees\\\/184264\\\/#breadcrumb\"},\"inLanguage\":\"fr-FR\",\"potentialAction\":[{\"@type\":\"ReadAction\",\"target\":[\"https:\\\/\\\/www.webdo.tn\\\/fr\\\/actualite\\\/international\\\/manifestations-contre-lislamophobie-en-suede-apres-attaques-contre-mosquees\\\/184264\\\/\"]}]},{\"@type\":\"ImageObject\",\"inLanguage\":\"fr-FR\",\"@id\":\"https:\\\/\\\/www.webdo.tn\\\/fr\\\/actualite\\\/international\\\/manifestations-contre-lislamophobie-en-suede-apres-attaques-contre-mosquees\\\/184264\\\/#primaryimage\",\"url\":\"https:\\\/\\\/www.webdo.tn\\\/fr\\\/wp-content\\\/uploads\\\/2015\\\/01\\\/webdo_default-50.jpg\",\"contentUrl\":\"https:\\\/\\\/www.webdo.tn\\\/fr\\\/wp-content\\\/uploads\\\/2015\\\/01\\\/webdo_default-50.jpg\",\"width\":800,\"height\":500,\"caption\":\"Manifestations contre l'islamophobie en Su\u00e8de apr\u00e8s des attaques contre des mosqu\u00e9es\"},{\"@type\":\"BreadcrumbList\",\"@id\":\"https:\\\/\\\/www.webdo.tn\\\/fr\\\/actualite\\\/international\\\/manifestations-contre-lislamophobie-en-suede-apres-attaques-contre-mosquees\\\/184264\\\/#breadcrumb\",\"itemListElement\":[{\"@type\":\"ListItem\",\"position\":1,\"name\":\"Accueil\",\"item\":\"https:\\\/\\\/www.webdo.tn\\\/fr\\\/\"},{\"@type\":\"ListItem\",\"position\":2,\"name\":\"Manifestations contre l&rsquo;islamophobie en Su\u00e8de apr\u00e8s des attaques contre des mosqu\u00e9es\"}]},{\"@type\":\"WebSite\",\"@id\":\"https:\\\/\\\/www.webdo.tn\\\/fr\\\/#website\",\"url\":\"https:\\\/\\\/www.webdo.tn\\\/fr\\\/\",\"name\":\"webdo\",\"description\":\"Tunisie - News en Tunisie et \u00e0 l&#039;international sur Webdo.tn\",\"publisher\":{\"@id\":\"https:\\\/\\\/www.webdo.tn\\\/fr\\\/#organization\"},\"potentialAction\":[{\"@type\":\"SearchAction\",\"target\":{\"@type\":\"EntryPoint\",\"urlTemplate\":\"https:\\\/\\\/www.webdo.tn\\\/fr\\\/?s={search_term_string}\"},\"query-input\":{\"@type\":\"PropertyValueSpecification\",\"valueRequired\":true,\"valueName\":\"search_term_string\"}}],\"inLanguage\":\"fr-FR\"},{\"@type\":\"Organization\",\"@id\":\"https:\\\/\\\/www.webdo.tn\\\/fr\\\/#organization\",\"name\":\"Webdo\",\"alternateName\":\"Webdo.tn\",\"url\":\"https:\\\/\\\/www.webdo.tn\\\/fr\\\/\",\"logo\":{\"@type\":\"ImageObject\",\"inLanguage\":\"fr-FR\",\"@id\":\"https:\\\/\\\/www.webdo.tn\\\/fr\\\/#\\\/schema\\\/logo\\\/image\\\/\",\"url\":\"https:\\\/\\\/www.webdo.tn\\\/fr\\\/wp-content\\\/uploads\\\/2025\\\/06\\\/Webdo-Tunisie_168377.jpg\",\"contentUrl\":\"https:\\\/\\\/www.webdo.tn\\\/fr\\\/wp-content\\\/uploads\\\/2025\\\/06\\\/Webdo-Tunisie_168377.jpg\",\"width\":301,\"height\":301,\"caption\":\"Webdo\"},\"image\":{\"@id\":\"https:\\\/\\\/www.webdo.tn\\\/fr\\\/#\\\/schema\\\/logo\\\/image\\\/\"},\"sameAs\":[\"https:\\\/\\\/www.facebook.com\\\/webdotn\",\"https:\\\/\\\/x.com\\\/webdo_tn\"],\"description\":\"Webdo est un m\u00e9dia num\u00e9rique tunisien fond\u00e9 en 2010, sp\u00e9cialis\u00e9 dans l\u2019actualit\u00e9 nationale et internationale, l\u2019\u00e9conomie, la soci\u00e9t\u00e9 et les analyses politiques. Le site s\u2019adresse \u00e0 un large public francophone et couvre l\u2019information tunisienne en temps r\u00e9el.\",\"email\":\"redac@webdo.tn\",\"legalName\":\"YNJ SARL\",\"foundingDate\":\"2010-09-06\",\"numberOfEmployees\":{\"@type\":\"QuantitativeValue\",\"minValue\":\"11\",\"maxValue\":\"50\"}},{\"@type\":\"Person\",\"@id\":\"https:\\\/\\\/www.webdo.tn\\\/fr\\\/#\\\/schema\\\/person\\\/9a9c6118d687c117df8ef3cc36a4d175\",\"name\":\"webdo.tn\",\"image\":{\"@type\":\"ImageObject\",\"inLanguage\":\"fr-FR\",\"@id\":\"https:\\\/\\\/secure.gravatar.com\\\/avatar\\\/7ce1f28c0c3bbac99ff550b85ef8e44a6950c6ee24514fb6a5489e51d06f0298?s=96&d=mm&r=g\",\"url\":\"https:\\\/\\\/secure.gravatar.com\\\/avatar\\\/7ce1f28c0c3bbac99ff550b85ef8e44a6950c6ee24514fb6a5489e51d06f0298?s=96&d=mm&r=g\",\"contentUrl\":\"https:\\\/\\\/secure.gravatar.com\\\/avatar\\\/7ce1f28c0c3bbac99ff550b85ef8e44a6950c6ee24514fb6a5489e51d06f0298?s=96&d=mm&r=g\",\"caption\":\"webdo.tn\"},\"url\":\"https:\\\/\\\/www.webdo.tn\\\/fr\\\/actualite\\\/author\\\/webdotn\\\/\"}]}<\/script>\n<!-- \/ Yoast SEO Premium plugin. -->","yoast_head_json":{"title":"Manifestations contre l'islamophobie en Su\u00e8de apr\u00e8s des attaques contre des mosqu\u00e9es","description":"Manifestations contre l'islamophobie en Su\u00e8de apr\u00e8s des attaques contre des mosqu\u00e9es","canonical":"https:\/\/www.webdo.tn\/fr\/actualite\/international\/manifestations-contre-lislamophobie-en-suede-apres-attaques-contre-mosquees\/184264\/","og_locale":"fr_FR","og_type":"article","og_title":"Manifestations contre l'islamophobie en Su\u00e8de apr\u00e8s des attaques contre des mosqu\u00e9es","og_description":"Manifestations contre l'islamophobie en Su\u00e8de apr\u00e8s des attaques contre des mosqu\u00e9es","og_url":"https:\/\/www.webdo.tn\/fr\/actualite\/international\/manifestations-contre-lislamophobie-en-suede-apres-attaques-contre-mosquees\/184264\/","og_site_name":"webdo","article_publisher":"https:\/\/www.facebook.com\/webdotn","article_published_time":"2015-01-02T21:18:00+00:00","article_modified_time":"2025-05-19T10:25:25+00:00","og_image":[{"width":800,"height":500,"url":"https:\/\/www.webdo.tn\/fr\/wp-content\/uploads\/2015\/01\/webdo_default-50.jpg","type":"image\/jpeg"}],"author":"webdo.tn","twitter_card":"summary_large_image","twitter_creator":"@webdo_tn","twitter_site":"@webdo_tn","twitter_misc":{"\u00c9crit par":"webdo.tn","Dur\u00e9e de lecture estim\u00e9e":"1 minute"},"schema":{"@context":"https:\/\/schema.org","@graph":[{"@type":"NewsArticle","@id":"https:\/\/www.webdo.tn\/fr\/actualite\/international\/manifestations-contre-lislamophobie-en-suede-apres-attaques-contre-mosquees\/184264\/#article","isPartOf":{"@id":"https:\/\/www.webdo.tn\/fr\/actualite\/international\/manifestations-contre-lislamophobie-en-suede-apres-attaques-contre-mosquees\/184264\/"},"author":{"name":"webdo.tn","@id":"https:\/\/www.webdo.tn\/fr\/#\/schema\/person\/9a9c6118d687c117df8ef3cc36a4d175"},"headline":"Manifestations contre l&rsquo;islamophobie en Su\u00e8de apr\u00e8s des attaques contre des mosqu\u00e9es","datePublished":"2015-01-02T21:18:00+00:00","dateModified":"2025-05-19T10:25:25+00:00","mainEntityOfPage":{"@id":"https:\/\/www.webdo.tn\/fr\/actualite\/international\/manifestations-contre-lislamophobie-en-suede-apres-attaques-contre-mosquees\/184264\/"},"wordCount":144,"commentCount":0,"publisher":{"@id":"https:\/\/www.webdo.tn\/fr\/#organization"},"image":{"@id":"https:\/\/www.webdo.tn\/fr\/actualite\/international\/manifestations-contre-lislamophobie-en-suede-apres-attaques-contre-mosquees\/184264\/#primaryimage"},"thumbnailUrl":"https:\/\/www.webdo.tn\/fr\/wp-content\/uploads\/2015\/01\/webdo_default-50.jpg","keywords":["guerre"],"articleSection":["International"],"inLanguage":"fr-FR"},{"@type":"WebPage","@id":"https:\/\/www.webdo.tn\/fr\/actualite\/international\/manifestations-contre-lislamophobie-en-suede-apres-attaques-contre-mosquees\/184264\/","url":"https:\/\/www.webdo.tn\/fr\/actualite\/international\/manifestations-contre-lislamophobie-en-suede-apres-attaques-contre-mosquees\/184264\/","name":"Manifestations contre l'islamophobie en Su\u00e8de apr\u00e8s des attaques contre des mosqu\u00e9es","isPartOf":{"@id":"https:\/\/www.webdo.tn\/fr\/#website"},"primaryImageOfPage":{"@id":"https:\/\/www.webdo.tn\/fr\/actualite\/international\/manifestations-contre-lislamophobie-en-suede-apres-attaques-contre-mosquees\/184264\/#primaryimage"},"image":{"@id":"https:\/\/www.webdo.tn\/fr\/actualite\/international\/manifestations-contre-lislamophobie-en-suede-apres-attaques-contre-mosquees\/184264\/#primaryimage"},"thumbnailUrl":"https:\/\/www.webdo.tn\/fr\/wp-content\/uploads\/2015\/01\/webdo_default-50.jpg","datePublished":"2015-01-02T21:18:00+00:00","dateModified":"2025-05-19T10:25:25+00:00","description":"Manifestations contre l'islamophobie en Su\u00e8de apr\u00e8s des attaques contre des mosqu\u00e9es","breadcrumb":{"@id":"https:\/\/www.webdo.tn\/fr\/actualite\/international\/manifestations-contre-lislamophobie-en-suede-apres-attaques-contre-mosquees\/184264\/#breadcrumb"},"inLanguage":"fr-FR","potentialAction":[{"@type":"ReadAction","target":["https:\/\/www.webdo.tn\/fr\/actualite\/international\/manifestations-contre-lislamophobie-en-suede-apres-attaques-contre-mosquees\/184264\/"]}]},{"@type":"ImageObject","inLanguage":"fr-FR","@id":"https:\/\/www.webdo.tn\/fr\/actualite\/international\/manifestations-contre-lislamophobie-en-suede-apres-attaques-contre-mosquees\/184264\/#primaryimage","url":"https:\/\/www.webdo.tn\/fr\/wp-content\/uploads\/2015\/01\/webdo_default-50.jpg","contentUrl":"https:\/\/www.webdo.tn\/fr\/wp-content\/uploads\/2015\/01\/webdo_default-50.jpg","width":800,"height":500,"caption":"Manifestations contre l'islamophobie en Su\u00e8de apr\u00e8s des attaques contre des mosqu\u00e9es"},{"@type":"BreadcrumbList","@id":"https:\/\/www.webdo.tn\/fr\/actualite\/international\/manifestations-contre-lislamophobie-en-suede-apres-attaques-contre-mosquees\/184264\/#breadcrumb","itemListElement":[{"@type":"ListItem","position":1,"name":"Accueil","item":"https:\/\/www.webdo.tn\/fr\/"},{"@type":"ListItem","position":2,"name":"Manifestations contre l&rsquo;islamophobie en Su\u00e8de apr\u00e8s des attaques contre des mosqu\u00e9es"}]},{"@type":"WebSite","@id":"https:\/\/www.webdo.tn\/fr\/#website","url":"https:\/\/www.webdo.tn\/fr\/","name":"webdo","description":"Tunisie - News en Tunisie et \u00e0 l&#039;international sur Webdo.tn","publisher":{"@id":"https:\/\/www.webdo.tn\/fr\/#organization"},"potentialAction":[{"@type":"SearchAction","target":{"@type":"EntryPoint","urlTemplate":"https:\/\/www.webdo.tn\/fr\/?s={search_term_string}"},"query-input":{"@type":"PropertyValueSpecification","valueRequired":true,"valueName":"search_term_string"}}],"inLanguage":"fr-FR"},{"@type":"Organization","@id":"https:\/\/www.webdo.tn\/fr\/#organization","name":"Webdo","alternateName":"Webdo.tn","url":"https:\/\/www.webdo.tn\/fr\/","logo":{"@type":"ImageObject","inLanguage":"fr-FR","@id":"https:\/\/www.webdo.tn\/fr\/#\/schema\/logo\/image\/","url":"https:\/\/www.webdo.tn\/fr\/wp-content\/uploads\/2025\/06\/Webdo-Tunisie_168377.jpg","contentUrl":"https:\/\/www.webdo.tn\/fr\/wp-content\/uploads\/2025\/06\/Webdo-Tunisie_168377.jpg","width":301,"height":301,"caption":"Webdo"},"image":{"@id":"https:\/\/www.webdo.tn\/fr\/#\/schema\/logo\/image\/"},"sameAs":["https:\/\/www.facebook.com\/webdotn","https:\/\/x.com\/webdo_tn"],"description":"Webdo est un m\u00e9dia num\u00e9rique tunisien fond\u00e9 en 2010, sp\u00e9cialis\u00e9 dans l\u2019actualit\u00e9 nationale et internationale, l\u2019\u00e9conomie, la soci\u00e9t\u00e9 et les analyses politiques. Le site s\u2019adresse \u00e0 un large public francophone et couvre l\u2019information tunisienne en temps r\u00e9el.","email":"redac@webdo.tn","legalName":"YNJ SARL","foundingDate":"2010-09-06","numberOfEmployees":{"@type":"QuantitativeValue","minValue":"11","maxValue":"50"}},{"@type":"Person","@id":"https:\/\/www.webdo.tn\/fr\/#\/schema\/person\/9a9c6118d687c117df8ef3cc36a4d175","name":"webdo.tn","image":{"@type":"ImageObject","inLanguage":"fr-FR","@id":"https:\/\/secure.gravatar.com\/avatar\/7ce1f28c0c3bbac99ff550b85ef8e44a6950c6ee24514fb6a5489e51d06f0298?s=96&d=mm&r=g","url":"https:\/\/secure.gravatar.com\/avatar\/7ce1f28c0c3bbac99ff550b85ef8e44a6950c6ee24514fb6a5489e51d06f0298?s=96&d=mm&r=g","contentUrl":"https:\/\/secure.gravatar.com\/avatar\/7ce1f28c0c3bbac99ff550b85ef8e44a6950c6ee24514fb6a5489e51d06f0298?s=96&d=mm&r=g","caption":"webdo.tn"},"url":"https:\/\/www.webdo.tn\/fr\/actualite\/author\/webdotn\/"}]}},"_links":{"self":[{"href":"https:\/\/www.webdo.tn\/fr\/wp-json\/wp\/v2\/posts\/184264","targetHints":{"allow":["GET"]}}],"collection":[{"href":"https:\/\/www.webdo.tn\/fr\/wp-json\/wp\/v2\/posts"}],"about":[{"href":"https:\/\/www.webdo.tn\/fr\/wp-json\/wp\/v2\/types\/post"}],"author":[{"embeddable":true,"href":"https:\/\/www.webdo.tn\/fr\/wp-json\/wp\/v2\/users\/3222"}],"replies":[{"embeddable":true,"href":"https:\/\/www.webdo.tn\/fr\/wp-json\/wp\/v2\/comments?post=184264"}],"version-history":[{"count":0,"href":"https:\/\/www.webdo.tn\/fr\/wp-json\/wp\/v2\/posts\/184264\/revisions"}],"wp:featuredmedia":[{"embeddable":true,"href":"https:\/\/www.webdo.tn\/fr\/wp-json\/wp\/v2\/media\/319460"}],"wp:attachment":[{"href":"https:\/\/www.webdo.tn\/fr\/wp-json\/wp\/v2\/media?parent=184264"}],"wp:term":[{"taxonomy":"category","embeddable":true,"href":"https:\/\/www.webdo.tn\/fr\/wp-json\/wp\/v2\/categories?post=184264"},{"taxonomy":"post_tag","embeddable":true,"href":"https:\/\/www.webdo.tn\/fr\/wp-json\/wp\/v2\/tags?post=184264"}],"curies":[{"name":"wp","href":"https:\/\/api.w.org\/{rel}","templated":true}]}}