{"id":184263,"date":"2015-01-03T12:04:00","date_gmt":"2015-01-03T12:04:00","guid":{"rendered":"https:\/\/www.webdo.tn\/fr\/blog\/leaders-presumes-dal-qaida-libyen-abu-anas-al-libi-meurt-aux-etats-unis\/184263\/"},"modified":"2015-01-03T12:04:00","modified_gmt":"2015-01-03T12:04:00","slug":"leaders-presumes-dal-qaida-libyen-abu-anas-al-libi-meurt-aux-etats-unis","status":"publish","type":"post","link":"https:\/\/www.webdo.tn\/fr\/actualite\/international\/leaders-presumes-dal-qaida-libyen-abu-anas-al-libi-meurt-aux-etats-unis\/184263\/","title":{"rendered":"Un des leaders pr\u00e9sum\u00e9s d&rsquo;Al-Qa\u00efda, le Libyen Abu Anas Al-Libi, meurt aux Etats-Unis"},"content":{"rendered":"<p>Abu Anas Al-Libi est mort hier, dans la soir\u00e9e du vendredi 2 janvier, dans un h\u00f4pital de New York, suites \u00e0 des complications apr\u00e8s une op\u00e9ration chirurgicale du foie, ont annonc\u00e9 son \u00e9pouse et son avocat \u00e0 l&rsquo;agence Associated Press.<\/p>\n<p>Accus\u00e9 d&rsquo;\u00eatre l&rsquo;un des leaders d&rsquo;Al-Qaida, l&rsquo;homme avait \u00e9t\u00e9 arr\u00eat\u00e9 \u00e0 Tripoli lors d&rsquo;un raid des forces am\u00e9ricaines en Libye en octobre 2013. Le FBI avait promis 5 millions de dollars de r\u00e9compense pour sa capture.<br \/>\nIl avait plaid\u00e9 non coupable<br \/>\nAbu Anas Al-Libi, qui \u00e9tait \u00e2g\u00e9 de 50 ans, \u00e9tait emprisonn\u00e9 en attente de son proc\u00e8s. Il avait plaid\u00e9 non coupable.<\/p>\n<p>\u00ab\u00a0J&rsquo;accuse le gouvernement am\u00e9ricain d&rsquo;avoir kidnapp\u00e9, maltrait\u00e9 et tu\u00e9 un homme innocent. Il n&rsquo;a rien fait\u00a0\u00bb, a d\u00e9clar\u00e9 \u00e0 AP son \u00e9pouse, Um Abdullah.<\/p>\n<p>\u00ab\u00a0Malgr\u00e9 les soins prodigu\u00e9s \u00e0 l&rsquo;h\u00f4pital, son \u00e9tat s&rsquo;est rapidement d\u00e9t\u00e9rior\u00e9 et il est d\u00e9c\u00e9d\u00e9\u00a0\u00bb, a indiqu\u00e9 le procureur de Manhattan Preet Bharara.<br \/>\nSuspect\u00e9 de participer aux d\u00e9cisions concernant les op\u00e9rations terroristes<br \/>\nAbu Anas Al-Libi, connu \u00e9galement sous le nom de Nazih Abdul-Hamed al-Ruqai, \u00e9tait accus\u00e9 de si\u00e9ger \u00e0 un conseil consultatif d&rsquo;Al-Qaida qui discutait et approuvait les op\u00e9rations terroristes.<\/p>\n<p>Il \u00e9tait soup\u00e7onn\u00e9 d&rsquo;\u00eatre un sp\u00e9cialiste de l&rsquo;informatique au sein de l&rsquo;organisation.<\/p>\n","protected":false},"excerpt":{"rendered":"<p>Un des leaders pr\u00e9sum\u00e9s d&rsquo;Al-Qa\u00efda, le Libyen Abu Anas Al-Libi, meurt aux Etats-Unis<\/p>\n","protected":false},"author":3222,"featured_media":335393,"comment_status":"open","ping_status":"closed","sticky":false,"template":"","format":"standard","meta":{"footnotes":""},"categories":[2598],"tags":[2600],"class_list":["post-184263","post","type-post","status-publish","format-standard","has-post-thumbnail","hentry","category-international","tag-guerre"],"yoast_head":"<!-- This site is optimized with the Yoast SEO Premium plugin v27.5 (Yoast SEO v27.5) - https:\/\/yoast.com\/product\/yoast-seo-premium-wordpress\/ -->\n<title>Un des leaders pr\u00e9sum\u00e9s d&#039;Al-Qa\u00efda, le Libyen Abu Anas Al-Libi, meurt aux Etats-Unis<\/title>\n<meta name=\"description\" content=\"Un des leaders pr\u00e9sum\u00e9s d&#039;Al-Qa\u00efda, le Libyen Abu Anas Al-Libi, meurt aux Etats-Unis\" \/>\n<link rel=\"canonical\" href=\"https:\/\/www.webdo.tn\/fr\/actualite\/international\/leaders-presumes-dal-qaida-libyen-abu-anas-al-libi-meurt-aux-etats-unis\/184263\/\" \/>\n<meta property=\"og:locale\" content=\"fr_FR\" \/>\n<meta property=\"og:type\" content=\"article\" \/>\n<meta property=\"og:title\" content=\"Un des leaders pr\u00e9sum\u00e9s d&#039;Al-Qa\u00efda, le Libyen Abu Anas Al-Libi, meurt aux Etats-Unis\" \/>\n<meta property=\"og:description\" content=\"Un des leaders pr\u00e9sum\u00e9s d&#039;Al-Qa\u00efda, le Libyen Abu Anas Al-Libi, meurt aux Etats-Unis\" \/>\n<meta property=\"og:url\" content=\"https:\/\/www.webdo.tn\/fr\/actualite\/international\/leaders-presumes-dal-qaida-libyen-abu-anas-al-libi-meurt-aux-etats-unis\/184263\/\" \/>\n<meta property=\"og:site_name\" content=\"webdo\" \/>\n<meta property=\"article:publisher\" content=\"https:\/\/www.facebook.com\/webdotn\" \/>\n<meta property=\"article:published_time\" content=\"2015-01-03T12:04:00+00:00\" \/>\n<meta property=\"og:image\" content=\"https:\/\/www.webdo.tn\/fr\/wp-content\/uploads\/2015\/01\/abu-anas-al-libi-image-fbi.jpg\" \/>\n\t<meta property=\"og:image:width\" content=\"600\" \/>\n\t<meta property=\"og:image:height\" content=\"436\" \/>\n\t<meta property=\"og:image:type\" content=\"image\/jpeg\" \/>\n<meta name=\"author\" content=\"webdo.tn\" \/>\n<meta name=\"twitter:card\" content=\"summary_large_image\" \/>\n<meta name=\"twitter:creator\" content=\"@webdo_tn\" \/>\n<meta name=\"twitter:site\" content=\"@webdo_tn\" \/>\n<meta name=\"twitter:label1\" content=\"\u00c9crit par\" \/>\n\t<meta name=\"twitter:data1\" content=\"webdo.tn\" \/>\n\t<meta name=\"twitter:label2\" content=\"Dur\u00e9e de lecture estim\u00e9e\" \/>\n\t<meta name=\"twitter:data2\" content=\"1 minute\" \/>\n<script type=\"application\/ld+json\" class=\"yoast-schema-graph\">{\"@context\":\"https:\\\/\\\/schema.org\",\"@graph\":[{\"@type\":\"NewsArticle\",\"@id\":\"https:\\\/\\\/www.webdo.tn\\\/fr\\\/actualite\\\/international\\\/leaders-presumes-dal-qaida-libyen-abu-anas-al-libi-meurt-aux-etats-unis\\\/184263\\\/#article\",\"isPartOf\":{\"@id\":\"https:\\\/\\\/www.webdo.tn\\\/fr\\\/actualite\\\/international\\\/leaders-presumes-dal-qaida-libyen-abu-anas-al-libi-meurt-aux-etats-unis\\\/184263\\\/\"},\"author\":{\"name\":\"webdo.tn\",\"@id\":\"https:\\\/\\\/www.webdo.tn\\\/fr\\\/#\\\/schema\\\/person\\\/9a9c6118d687c117df8ef3cc36a4d175\"},\"headline\":\"Un des leaders pr\u00e9sum\u00e9s d&rsquo;Al-Qa\u00efda, le Libyen Abu Anas Al-Libi, meurt aux Etats-Unis\",\"datePublished\":\"2015-01-03T12:04:00+00:00\",\"mainEntityOfPage\":{\"@id\":\"https:\\\/\\\/www.webdo.tn\\\/fr\\\/actualite\\\/international\\\/leaders-presumes-dal-qaida-libyen-abu-anas-al-libi-meurt-aux-etats-unis\\\/184263\\\/\"},\"wordCount\":242,\"commentCount\":0,\"publisher\":{\"@id\":\"https:\\\/\\\/www.webdo.tn\\\/fr\\\/#organization\"},\"image\":{\"@id\":\"https:\\\/\\\/www.webdo.tn\\\/fr\\\/actualite\\\/international\\\/leaders-presumes-dal-qaida-libyen-abu-anas-al-libi-meurt-aux-etats-unis\\\/184263\\\/#primaryimage\"},\"thumbnailUrl\":\"https:\\\/\\\/www.webdo.tn\\\/fr\\\/wp-content\\\/uploads\\\/2015\\\/01\\\/abu-anas-al-libi-image-fbi.jpg\",\"keywords\":[\"guerre\"],\"articleSection\":[\"International\"],\"inLanguage\":\"fr-FR\"},{\"@type\":\"WebPage\",\"@id\":\"https:\\\/\\\/www.webdo.tn\\\/fr\\\/actualite\\\/international\\\/leaders-presumes-dal-qaida-libyen-abu-anas-al-libi-meurt-aux-etats-unis\\\/184263\\\/\",\"url\":\"https:\\\/\\\/www.webdo.tn\\\/fr\\\/actualite\\\/international\\\/leaders-presumes-dal-qaida-libyen-abu-anas-al-libi-meurt-aux-etats-unis\\\/184263\\\/\",\"name\":\"Un des leaders pr\u00e9sum\u00e9s d'Al-Qa\u00efda, le Libyen Abu Anas Al-Libi, meurt aux Etats-Unis\",\"isPartOf\":{\"@id\":\"https:\\\/\\\/www.webdo.tn\\\/fr\\\/#website\"},\"primaryImageOfPage\":{\"@id\":\"https:\\\/\\\/www.webdo.tn\\\/fr\\\/actualite\\\/international\\\/leaders-presumes-dal-qaida-libyen-abu-anas-al-libi-meurt-aux-etats-unis\\\/184263\\\/#primaryimage\"},\"image\":{\"@id\":\"https:\\\/\\\/www.webdo.tn\\\/fr\\\/actualite\\\/international\\\/leaders-presumes-dal-qaida-libyen-abu-anas-al-libi-meurt-aux-etats-unis\\\/184263\\\/#primaryimage\"},\"thumbnailUrl\":\"https:\\\/\\\/www.webdo.tn\\\/fr\\\/wp-content\\\/uploads\\\/2015\\\/01\\\/abu-anas-al-libi-image-fbi.jpg\",\"datePublished\":\"2015-01-03T12:04:00+00:00\",\"description\":\"Un des leaders pr\u00e9sum\u00e9s d'Al-Qa\u00efda, le Libyen Abu Anas Al-Libi, meurt aux Etats-Unis\",\"breadcrumb\":{\"@id\":\"https:\\\/\\\/www.webdo.tn\\\/fr\\\/actualite\\\/international\\\/leaders-presumes-dal-qaida-libyen-abu-anas-al-libi-meurt-aux-etats-unis\\\/184263\\\/#breadcrumb\"},\"inLanguage\":\"fr-FR\",\"potentialAction\":[{\"@type\":\"ReadAction\",\"target\":[\"https:\\\/\\\/www.webdo.tn\\\/fr\\\/actualite\\\/international\\\/leaders-presumes-dal-qaida-libyen-abu-anas-al-libi-meurt-aux-etats-unis\\\/184263\\\/\"]}]},{\"@type\":\"ImageObject\",\"inLanguage\":\"fr-FR\",\"@id\":\"https:\\\/\\\/www.webdo.tn\\\/fr\\\/actualite\\\/international\\\/leaders-presumes-dal-qaida-libyen-abu-anas-al-libi-meurt-aux-etats-unis\\\/184263\\\/#primaryimage\",\"url\":\"https:\\\/\\\/www.webdo.tn\\\/fr\\\/wp-content\\\/uploads\\\/2015\\\/01\\\/abu-anas-al-libi-image-fbi.jpg\",\"contentUrl\":\"https:\\\/\\\/www.webdo.tn\\\/fr\\\/wp-content\\\/uploads\\\/2015\\\/01\\\/abu-anas-al-libi-image-fbi.jpg\",\"width\":600,\"height\":436,\"caption\":\"Un des leaders pr\u00e9sum\u00e9s d'Al-Qa\u00efda, le Libyen Abu Anas Al-Libi, meurt aux Etats-Unis\"},{\"@type\":\"BreadcrumbList\",\"@id\":\"https:\\\/\\\/www.webdo.tn\\\/fr\\\/actualite\\\/international\\\/leaders-presumes-dal-qaida-libyen-abu-anas-al-libi-meurt-aux-etats-unis\\\/184263\\\/#breadcrumb\",\"itemListElement\":[{\"@type\":\"ListItem\",\"position\":1,\"name\":\"Accueil\",\"item\":\"https:\\\/\\\/www.webdo.tn\\\/fr\\\/\"},{\"@type\":\"ListItem\",\"position\":2,\"name\":\"Un des leaders pr\u00e9sum\u00e9s d&rsquo;Al-Qa\u00efda, le Libyen Abu Anas Al-Libi, meurt aux Etats-Unis\"}]},{\"@type\":\"WebSite\",\"@id\":\"https:\\\/\\\/www.webdo.tn\\\/fr\\\/#website\",\"url\":\"https:\\\/\\\/www.webdo.tn\\\/fr\\\/\",\"name\":\"webdo\",\"description\":\"Tunisie - News en Tunisie et \u00e0 l&#039;international sur Webdo.tn\",\"publisher\":{\"@id\":\"https:\\\/\\\/www.webdo.tn\\\/fr\\\/#organization\"},\"potentialAction\":[{\"@type\":\"SearchAction\",\"target\":{\"@type\":\"EntryPoint\",\"urlTemplate\":\"https:\\\/\\\/www.webdo.tn\\\/fr\\\/?s={search_term_string}\"},\"query-input\":{\"@type\":\"PropertyValueSpecification\",\"valueRequired\":true,\"valueName\":\"search_term_string\"}}],\"inLanguage\":\"fr-FR\"},{\"@type\":\"Organization\",\"@id\":\"https:\\\/\\\/www.webdo.tn\\\/fr\\\/#organization\",\"name\":\"Webdo\",\"alternateName\":\"Webdo.tn\",\"url\":\"https:\\\/\\\/www.webdo.tn\\\/fr\\\/\",\"logo\":{\"@type\":\"ImageObject\",\"inLanguage\":\"fr-FR\",\"@id\":\"https:\\\/\\\/www.webdo.tn\\\/fr\\\/#\\\/schema\\\/logo\\\/image\\\/\",\"url\":\"https:\\\/\\\/www.webdo.tn\\\/fr\\\/wp-content\\\/uploads\\\/2025\\\/06\\\/Webdo-Tunisie_168377.jpg\",\"contentUrl\":\"https:\\\/\\\/www.webdo.tn\\\/fr\\\/wp-content\\\/uploads\\\/2025\\\/06\\\/Webdo-Tunisie_168377.jpg\",\"width\":301,\"height\":301,\"caption\":\"Webdo\"},\"image\":{\"@id\":\"https:\\\/\\\/www.webdo.tn\\\/fr\\\/#\\\/schema\\\/logo\\\/image\\\/\"},\"sameAs\":[\"https:\\\/\\\/www.facebook.com\\\/webdotn\",\"https:\\\/\\\/x.com\\\/webdo_tn\"],\"description\":\"Webdo est un m\u00e9dia num\u00e9rique tunisien fond\u00e9 en 2010, sp\u00e9cialis\u00e9 dans l\u2019actualit\u00e9 nationale et internationale, l\u2019\u00e9conomie, la soci\u00e9t\u00e9 et les analyses politiques. Le site s\u2019adresse \u00e0 un large public francophone et couvre l\u2019information tunisienne en temps r\u00e9el.\",\"email\":\"redac@webdo.tn\",\"legalName\":\"YNJ SARL\",\"foundingDate\":\"2010-09-06\",\"numberOfEmployees\":{\"@type\":\"QuantitativeValue\",\"minValue\":\"11\",\"maxValue\":\"50\"}},{\"@type\":\"Person\",\"@id\":\"https:\\\/\\\/www.webdo.tn\\\/fr\\\/#\\\/schema\\\/person\\\/9a9c6118d687c117df8ef3cc36a4d175\",\"name\":\"webdo.tn\",\"image\":{\"@type\":\"ImageObject\",\"inLanguage\":\"fr-FR\",\"@id\":\"https:\\\/\\\/secure.gravatar.com\\\/avatar\\\/7ce1f28c0c3bbac99ff550b85ef8e44a6950c6ee24514fb6a5489e51d06f0298?s=96&d=mm&r=g\",\"url\":\"https:\\\/\\\/secure.gravatar.com\\\/avatar\\\/7ce1f28c0c3bbac99ff550b85ef8e44a6950c6ee24514fb6a5489e51d06f0298?s=96&d=mm&r=g\",\"contentUrl\":\"https:\\\/\\\/secure.gravatar.com\\\/avatar\\\/7ce1f28c0c3bbac99ff550b85ef8e44a6950c6ee24514fb6a5489e51d06f0298?s=96&d=mm&r=g\",\"caption\":\"webdo.tn\"},\"url\":\"https:\\\/\\\/www.webdo.tn\\\/fr\\\/actualite\\\/author\\\/webdotn\\\/\"}]}<\/script>\n<!-- \/ Yoast SEO Premium plugin. -->","yoast_head_json":{"title":"Un des leaders pr\u00e9sum\u00e9s d'Al-Qa\u00efda, le Libyen Abu Anas Al-Libi, meurt aux Etats-Unis","description":"Un des leaders pr\u00e9sum\u00e9s d'Al-Qa\u00efda, le Libyen Abu Anas Al-Libi, meurt aux Etats-Unis","canonical":"https:\/\/www.webdo.tn\/fr\/actualite\/international\/leaders-presumes-dal-qaida-libyen-abu-anas-al-libi-meurt-aux-etats-unis\/184263\/","og_locale":"fr_FR","og_type":"article","og_title":"Un des leaders pr\u00e9sum\u00e9s d'Al-Qa\u00efda, le Libyen Abu Anas Al-Libi, meurt aux Etats-Unis","og_description":"Un des leaders pr\u00e9sum\u00e9s d'Al-Qa\u00efda, le Libyen Abu Anas Al-Libi, meurt aux Etats-Unis","og_url":"https:\/\/www.webdo.tn\/fr\/actualite\/international\/leaders-presumes-dal-qaida-libyen-abu-anas-al-libi-meurt-aux-etats-unis\/184263\/","og_site_name":"webdo","article_publisher":"https:\/\/www.facebook.com\/webdotn","article_published_time":"2015-01-03T12:04:00+00:00","og_image":[{"width":600,"height":436,"url":"https:\/\/www.webdo.tn\/fr\/wp-content\/uploads\/2015\/01\/abu-anas-al-libi-image-fbi.jpg","type":"image\/jpeg"}],"author":"webdo.tn","twitter_card":"summary_large_image","twitter_creator":"@webdo_tn","twitter_site":"@webdo_tn","twitter_misc":{"\u00c9crit par":"webdo.tn","Dur\u00e9e de lecture estim\u00e9e":"1 minute"},"schema":{"@context":"https:\/\/schema.org","@graph":[{"@type":"NewsArticle","@id":"https:\/\/www.webdo.tn\/fr\/actualite\/international\/leaders-presumes-dal-qaida-libyen-abu-anas-al-libi-meurt-aux-etats-unis\/184263\/#article","isPartOf":{"@id":"https:\/\/www.webdo.tn\/fr\/actualite\/international\/leaders-presumes-dal-qaida-libyen-abu-anas-al-libi-meurt-aux-etats-unis\/184263\/"},"author":{"name":"webdo.tn","@id":"https:\/\/www.webdo.tn\/fr\/#\/schema\/person\/9a9c6118d687c117df8ef3cc36a4d175"},"headline":"Un des leaders pr\u00e9sum\u00e9s d&rsquo;Al-Qa\u00efda, le Libyen Abu Anas Al-Libi, meurt aux Etats-Unis","datePublished":"2015-01-03T12:04:00+00:00","mainEntityOfPage":{"@id":"https:\/\/www.webdo.tn\/fr\/actualite\/international\/leaders-presumes-dal-qaida-libyen-abu-anas-al-libi-meurt-aux-etats-unis\/184263\/"},"wordCount":242,"commentCount":0,"publisher":{"@id":"https:\/\/www.webdo.tn\/fr\/#organization"},"image":{"@id":"https:\/\/www.webdo.tn\/fr\/actualite\/international\/leaders-presumes-dal-qaida-libyen-abu-anas-al-libi-meurt-aux-etats-unis\/184263\/#primaryimage"},"thumbnailUrl":"https:\/\/www.webdo.tn\/fr\/wp-content\/uploads\/2015\/01\/abu-anas-al-libi-image-fbi.jpg","keywords":["guerre"],"articleSection":["International"],"inLanguage":"fr-FR"},{"@type":"WebPage","@id":"https:\/\/www.webdo.tn\/fr\/actualite\/international\/leaders-presumes-dal-qaida-libyen-abu-anas-al-libi-meurt-aux-etats-unis\/184263\/","url":"https:\/\/www.webdo.tn\/fr\/actualite\/international\/leaders-presumes-dal-qaida-libyen-abu-anas-al-libi-meurt-aux-etats-unis\/184263\/","name":"Un des leaders pr\u00e9sum\u00e9s d'Al-Qa\u00efda, le Libyen Abu Anas Al-Libi, meurt aux Etats-Unis","isPartOf":{"@id":"https:\/\/www.webdo.tn\/fr\/#website"},"primaryImageOfPage":{"@id":"https:\/\/www.webdo.tn\/fr\/actualite\/international\/leaders-presumes-dal-qaida-libyen-abu-anas-al-libi-meurt-aux-etats-unis\/184263\/#primaryimage"},"image":{"@id":"https:\/\/www.webdo.tn\/fr\/actualite\/international\/leaders-presumes-dal-qaida-libyen-abu-anas-al-libi-meurt-aux-etats-unis\/184263\/#primaryimage"},"thumbnailUrl":"https:\/\/www.webdo.tn\/fr\/wp-content\/uploads\/2015\/01\/abu-anas-al-libi-image-fbi.jpg","datePublished":"2015-01-03T12:04:00+00:00","description":"Un des leaders pr\u00e9sum\u00e9s d'Al-Qa\u00efda, le Libyen Abu Anas Al-Libi, meurt aux Etats-Unis","breadcrumb":{"@id":"https:\/\/www.webdo.tn\/fr\/actualite\/international\/leaders-presumes-dal-qaida-libyen-abu-anas-al-libi-meurt-aux-etats-unis\/184263\/#breadcrumb"},"inLanguage":"fr-FR","potentialAction":[{"@type":"ReadAction","target":["https:\/\/www.webdo.tn\/fr\/actualite\/international\/leaders-presumes-dal-qaida-libyen-abu-anas-al-libi-meurt-aux-etats-unis\/184263\/"]}]},{"@type":"ImageObject","inLanguage":"fr-FR","@id":"https:\/\/www.webdo.tn\/fr\/actualite\/international\/leaders-presumes-dal-qaida-libyen-abu-anas-al-libi-meurt-aux-etats-unis\/184263\/#primaryimage","url":"https:\/\/www.webdo.tn\/fr\/wp-content\/uploads\/2015\/01\/abu-anas-al-libi-image-fbi.jpg","contentUrl":"https:\/\/www.webdo.tn\/fr\/wp-content\/uploads\/2015\/01\/abu-anas-al-libi-image-fbi.jpg","width":600,"height":436,"caption":"Un des leaders pr\u00e9sum\u00e9s d'Al-Qa\u00efda, le Libyen Abu Anas Al-Libi, meurt aux Etats-Unis"},{"@type":"BreadcrumbList","@id":"https:\/\/www.webdo.tn\/fr\/actualite\/international\/leaders-presumes-dal-qaida-libyen-abu-anas-al-libi-meurt-aux-etats-unis\/184263\/#breadcrumb","itemListElement":[{"@type":"ListItem","position":1,"name":"Accueil","item":"https:\/\/www.webdo.tn\/fr\/"},{"@type":"ListItem","position":2,"name":"Un des leaders pr\u00e9sum\u00e9s d&rsquo;Al-Qa\u00efda, le Libyen Abu Anas Al-Libi, meurt aux Etats-Unis"}]},{"@type":"WebSite","@id":"https:\/\/www.webdo.tn\/fr\/#website","url":"https:\/\/www.webdo.tn\/fr\/","name":"webdo","description":"Tunisie - News en Tunisie et \u00e0 l&#039;international sur Webdo.tn","publisher":{"@id":"https:\/\/www.webdo.tn\/fr\/#organization"},"potentialAction":[{"@type":"SearchAction","target":{"@type":"EntryPoint","urlTemplate":"https:\/\/www.webdo.tn\/fr\/?s={search_term_string}"},"query-input":{"@type":"PropertyValueSpecification","valueRequired":true,"valueName":"search_term_string"}}],"inLanguage":"fr-FR"},{"@type":"Organization","@id":"https:\/\/www.webdo.tn\/fr\/#organization","name":"Webdo","alternateName":"Webdo.tn","url":"https:\/\/www.webdo.tn\/fr\/","logo":{"@type":"ImageObject","inLanguage":"fr-FR","@id":"https:\/\/www.webdo.tn\/fr\/#\/schema\/logo\/image\/","url":"https:\/\/www.webdo.tn\/fr\/wp-content\/uploads\/2025\/06\/Webdo-Tunisie_168377.jpg","contentUrl":"https:\/\/www.webdo.tn\/fr\/wp-content\/uploads\/2025\/06\/Webdo-Tunisie_168377.jpg","width":301,"height":301,"caption":"Webdo"},"image":{"@id":"https:\/\/www.webdo.tn\/fr\/#\/schema\/logo\/image\/"},"sameAs":["https:\/\/www.facebook.com\/webdotn","https:\/\/x.com\/webdo_tn"],"description":"Webdo est un m\u00e9dia num\u00e9rique tunisien fond\u00e9 en 2010, sp\u00e9cialis\u00e9 dans l\u2019actualit\u00e9 nationale et internationale, l\u2019\u00e9conomie, la soci\u00e9t\u00e9 et les analyses politiques. Le site s\u2019adresse \u00e0 un large public francophone et couvre l\u2019information tunisienne en temps r\u00e9el.","email":"redac@webdo.tn","legalName":"YNJ SARL","foundingDate":"2010-09-06","numberOfEmployees":{"@type":"QuantitativeValue","minValue":"11","maxValue":"50"}},{"@type":"Person","@id":"https:\/\/www.webdo.tn\/fr\/#\/schema\/person\/9a9c6118d687c117df8ef3cc36a4d175","name":"webdo.tn","image":{"@type":"ImageObject","inLanguage":"fr-FR","@id":"https:\/\/secure.gravatar.com\/avatar\/7ce1f28c0c3bbac99ff550b85ef8e44a6950c6ee24514fb6a5489e51d06f0298?s=96&d=mm&r=g","url":"https:\/\/secure.gravatar.com\/avatar\/7ce1f28c0c3bbac99ff550b85ef8e44a6950c6ee24514fb6a5489e51d06f0298?s=96&d=mm&r=g","contentUrl":"https:\/\/secure.gravatar.com\/avatar\/7ce1f28c0c3bbac99ff550b85ef8e44a6950c6ee24514fb6a5489e51d06f0298?s=96&d=mm&r=g","caption":"webdo.tn"},"url":"https:\/\/www.webdo.tn\/fr\/actualite\/author\/webdotn\/"}]}},"_links":{"self":[{"href":"https:\/\/www.webdo.tn\/fr\/wp-json\/wp\/v2\/posts\/184263","targetHints":{"allow":["GET"]}}],"collection":[{"href":"https:\/\/www.webdo.tn\/fr\/wp-json\/wp\/v2\/posts"}],"about":[{"href":"https:\/\/www.webdo.tn\/fr\/wp-json\/wp\/v2\/types\/post"}],"author":[{"embeddable":true,"href":"https:\/\/www.webdo.tn\/fr\/wp-json\/wp\/v2\/users\/3222"}],"replies":[{"embeddable":true,"href":"https:\/\/www.webdo.tn\/fr\/wp-json\/wp\/v2\/comments?post=184263"}],"version-history":[{"count":0,"href":"https:\/\/www.webdo.tn\/fr\/wp-json\/wp\/v2\/posts\/184263\/revisions"}],"wp:featuredmedia":[{"embeddable":true,"href":"https:\/\/www.webdo.tn\/fr\/wp-json\/wp\/v2\/media\/335393"}],"wp:attachment":[{"href":"https:\/\/www.webdo.tn\/fr\/wp-json\/wp\/v2\/media?parent=184263"}],"wp:term":[{"taxonomy":"category","embeddable":true,"href":"https:\/\/www.webdo.tn\/fr\/wp-json\/wp\/v2\/categories?post=184263"},{"taxonomy":"post_tag","embeddable":true,"href":"https:\/\/www.webdo.tn\/fr\/wp-json\/wp\/v2\/tags?post=184263"}],"curies":[{"name":"wp","href":"https:\/\/api.w.org\/{rel}","templated":true}]}}