{"id":184262,"date":"2015-01-07T13:01:00","date_gmt":"2015-01-07T13:01:00","guid":{"rendered":"https:\/\/www.webdo.tn\/fr\/blog\/france-fusillade-a-charlie-hebdo-a-paris-11-morts-dont-2-policiers\/184262\/"},"modified":"2025-05-19T10:25:30","modified_gmt":"2025-05-19T10:25:30","slug":"france-fusillade-a-charlie-hebdo-a-paris-11-morts-dont-2-policiers","status":"publish","type":"post","link":"https:\/\/www.webdo.tn\/fr\/actualite\/international\/france-fusillade-a-charlie-hebdo-a-paris-11-morts-dont-2-policiers\/184262\/","title":{"rendered":"Fusillade \u00e0 Charlie Hebdo \u00e0 Paris : 12 morts dont 2 policiers"},"content":{"rendered":"<p>Deux hommes arm\u00e9s d&rsquo;une kalachnikov et d&rsquo;un lance-roquettes ont fait irruption au si\u00e8ge du journal satirique\u00a0Charlie Hebdo dans le 11e arrondissement de Paris, en France, ce mercredi matin, 7 janvier 2015.<\/p>\n<p>\u00ab\u00a0Un \u00e9change de coups de feu a eu lieu avec les forces de l&rsquo;ordre\u00a0\u00bb, a expliqu\u00e9 une source polici\u00e8re \u00e0 l&rsquo;AFP. Un salari\u00e9 joint par 20 Minutes\u00a0\u00e9voque \u00ab\u00a0un v\u00e9ritable massacre\u00a0\u00bb.\u00a0\u00bb rapporte le journal le Point.fr\u00a0<\/p>\n<p>Le dernier bilan fait \u00e9tat de 12 morts et 2 bless\u00e9s dont 2 policiers. Les noms des victimes de cet attentats sont :<\/p>\n<p>-Charb, de son vrai nom St\u00e9phane Charbonnier, 47 ans, dessinateur, directeur de la publication de Charlie Hebdo.<br \/>\n&#8211; Cabu, de son vrai nom Jean Cabut, 76 ans, dessinateur, pilier de \u00abCharlie Hebdo\u00bb et du Canard encha\u00een\u00e9, ancien du journal \u00abHara-Kiri\u00bb, l\u2019anc\u00eatre de Charlie Hebdo.<br \/>\n&#8211; Georges Wolinski, 80 ans, dessinateur, membre de la bande d\u2019Hara-Kiri dans les ann\u00e9es 1960 puis pilier de Charlie Hebdo.<br \/>\n&#8211; Tignous, de son vrai nom Bernard Verlhac, 57 ans, dessinateur, pilier de Charlie Hebdo et de Fluide glacial.<br \/>\n&#8211; Bernard Maris, alias Oncle Bernard, 68 ans, \u00e9conomiste, chroniqueur \u00e0 Charlie Hebdo et sur France Inter.<br \/>\n&#8211; Honor\u00e9, 73 ans, dessinateur \u00e0 Charlie Hebdo.<br \/>\n&#8211; Michel Renaud, fondateur du Rendez-vous du carnet de voyage de Clermont-Ferrand, ex-directeur de cabinet du maire de la capitale auvergnate.<br \/>\n&#8211; Franck Brinsolaro, 49 ans, policier du service de la protection (SDLP), affect\u00e9 \u00e0 la protection de Charb.<br \/>\n&#8211; Ahmed Merabet, 42 ans, policier, membre de la brigade VTT du commissariat du XIe arrondissement.<br \/>\n&#8211; Mustapha Ourrad, correcteur.<br \/>\n&#8211; Fr\u00e9d\u00e9ric Boisseau, agent d&rsquo;entretien.<br \/>\n&#8211; Elsa Cayat, psychanalyste et chroniqueuse.<\/p>\n<p>\/\/ <\/p>\n<p>Post by FRANCE 24.<\/p>\n","protected":false},"excerpt":{"rendered":"<p>Fusillade \u00e0 Charlie Hebdo \u00e0 Paris : 12 morts dont 2 policiers<\/p>\n","protected":false},"author":3222,"featured_media":319404,"comment_status":"open","ping_status":"closed","sticky":false,"template":"","format":"standard","meta":{"footnotes":""},"categories":[2598],"tags":[2600],"class_list":["post-184262","post","type-post","status-publish","format-standard","has-post-thumbnail","hentry","category-international","tag-guerre"],"yoast_head":"<!-- This site is optimized with the Yoast SEO Premium plugin v27.5 (Yoast SEO v27.5) - https:\/\/yoast.com\/product\/yoast-seo-premium-wordpress\/ -->\n<title>Fusillade \u00e0 Charlie Hebdo \u00e0 Paris : 12 morts dont 2 policiers<\/title>\n<meta name=\"description\" content=\"Fusillade \u00e0 Charlie Hebdo \u00e0 Paris : 12 morts dont 2 policiers\" \/>\n<link rel=\"canonical\" href=\"https:\/\/www.webdo.tn\/fr\/actualite\/international\/france-fusillade-a-charlie-hebdo-a-paris-11-morts-dont-2-policiers\/184262\/\" \/>\n<meta property=\"og:locale\" content=\"fr_FR\" \/>\n<meta property=\"og:type\" content=\"article\" \/>\n<meta property=\"og:title\" content=\"Fusillade \u00e0 Charlie Hebdo \u00e0 Paris : 12 morts dont 2 policiers\" \/>\n<meta property=\"og:description\" content=\"Fusillade \u00e0 Charlie Hebdo \u00e0 Paris : 12 morts dont 2 policiers\" \/>\n<meta property=\"og:url\" content=\"https:\/\/www.webdo.tn\/fr\/actualite\/international\/france-fusillade-a-charlie-hebdo-a-paris-11-morts-dont-2-policiers\/184262\/\" \/>\n<meta property=\"og:site_name\" content=\"webdo\" \/>\n<meta property=\"article:publisher\" content=\"https:\/\/www.facebook.com\/webdotn\" \/>\n<meta property=\"article:published_time\" content=\"2015-01-07T13:01:00+00:00\" \/>\n<meta property=\"article:modified_time\" content=\"2025-05-19T10:25:30+00:00\" \/>\n<meta property=\"og:image\" content=\"https:\/\/www.webdo.tn\/fr\/wp-content\/uploads\/2015\/01\/webdo_default-35.jpg\" \/>\n\t<meta property=\"og:image:width\" content=\"800\" \/>\n\t<meta property=\"og:image:height\" content=\"500\" \/>\n\t<meta property=\"og:image:type\" content=\"image\/jpeg\" \/>\n<meta name=\"author\" content=\"webdo.tn\" \/>\n<meta name=\"twitter:card\" content=\"summary_large_image\" \/>\n<meta name=\"twitter:creator\" content=\"@webdo_tn\" \/>\n<meta name=\"twitter:site\" content=\"@webdo_tn\" \/>\n<meta name=\"twitter:label1\" content=\"\u00c9crit par\" \/>\n\t<meta name=\"twitter:data1\" content=\"webdo.tn\" \/>\n\t<meta name=\"twitter:label2\" content=\"Dur\u00e9e de lecture estim\u00e9e\" \/>\n\t<meta name=\"twitter:data2\" content=\"1 minute\" \/>\n<script type=\"application\/ld+json\" class=\"yoast-schema-graph\">{\"@context\":\"https:\\\/\\\/schema.org\",\"@graph\":[{\"@type\":\"NewsArticle\",\"@id\":\"https:\\\/\\\/www.webdo.tn\\\/fr\\\/actualite\\\/international\\\/france-fusillade-a-charlie-hebdo-a-paris-11-morts-dont-2-policiers\\\/184262\\\/#article\",\"isPartOf\":{\"@id\":\"https:\\\/\\\/www.webdo.tn\\\/fr\\\/actualite\\\/international\\\/france-fusillade-a-charlie-hebdo-a-paris-11-morts-dont-2-policiers\\\/184262\\\/\"},\"author\":{\"name\":\"webdo.tn\",\"@id\":\"https:\\\/\\\/www.webdo.tn\\\/fr\\\/#\\\/schema\\\/person\\\/9a9c6118d687c117df8ef3cc36a4d175\"},\"headline\":\"Fusillade \u00e0 Charlie Hebdo \u00e0 Paris : 12 morts dont 2 policiers\",\"datePublished\":\"2015-01-07T13:01:00+00:00\",\"dateModified\":\"2025-05-19T10:25:30+00:00\",\"mainEntityOfPage\":{\"@id\":\"https:\\\/\\\/www.webdo.tn\\\/fr\\\/actualite\\\/international\\\/france-fusillade-a-charlie-hebdo-a-paris-11-morts-dont-2-policiers\\\/184262\\\/\"},\"wordCount\":278,\"commentCount\":0,\"publisher\":{\"@id\":\"https:\\\/\\\/www.webdo.tn\\\/fr\\\/#organization\"},\"image\":{\"@id\":\"https:\\\/\\\/www.webdo.tn\\\/fr\\\/actualite\\\/international\\\/france-fusillade-a-charlie-hebdo-a-paris-11-morts-dont-2-policiers\\\/184262\\\/#primaryimage\"},\"thumbnailUrl\":\"https:\\\/\\\/www.webdo.tn\\\/fr\\\/wp-content\\\/uploads\\\/2015\\\/01\\\/webdo_default-35.jpg\",\"keywords\":[\"guerre\"],\"articleSection\":[\"International\"],\"inLanguage\":\"fr-FR\"},{\"@type\":\"WebPage\",\"@id\":\"https:\\\/\\\/www.webdo.tn\\\/fr\\\/actualite\\\/international\\\/france-fusillade-a-charlie-hebdo-a-paris-11-morts-dont-2-policiers\\\/184262\\\/\",\"url\":\"https:\\\/\\\/www.webdo.tn\\\/fr\\\/actualite\\\/international\\\/france-fusillade-a-charlie-hebdo-a-paris-11-morts-dont-2-policiers\\\/184262\\\/\",\"name\":\"Fusillade \u00e0 Charlie Hebdo \u00e0 Paris : 12 morts dont 2 policiers\",\"isPartOf\":{\"@id\":\"https:\\\/\\\/www.webdo.tn\\\/fr\\\/#website\"},\"primaryImageOfPage\":{\"@id\":\"https:\\\/\\\/www.webdo.tn\\\/fr\\\/actualite\\\/international\\\/france-fusillade-a-charlie-hebdo-a-paris-11-morts-dont-2-policiers\\\/184262\\\/#primaryimage\"},\"image\":{\"@id\":\"https:\\\/\\\/www.webdo.tn\\\/fr\\\/actualite\\\/international\\\/france-fusillade-a-charlie-hebdo-a-paris-11-morts-dont-2-policiers\\\/184262\\\/#primaryimage\"},\"thumbnailUrl\":\"https:\\\/\\\/www.webdo.tn\\\/fr\\\/wp-content\\\/uploads\\\/2015\\\/01\\\/webdo_default-35.jpg\",\"datePublished\":\"2015-01-07T13:01:00+00:00\",\"dateModified\":\"2025-05-19T10:25:30+00:00\",\"description\":\"Fusillade \u00e0 Charlie Hebdo \u00e0 Paris : 12 morts dont 2 policiers\",\"breadcrumb\":{\"@id\":\"https:\\\/\\\/www.webdo.tn\\\/fr\\\/actualite\\\/international\\\/france-fusillade-a-charlie-hebdo-a-paris-11-morts-dont-2-policiers\\\/184262\\\/#breadcrumb\"},\"inLanguage\":\"fr-FR\",\"potentialAction\":[{\"@type\":\"ReadAction\",\"target\":[\"https:\\\/\\\/www.webdo.tn\\\/fr\\\/actualite\\\/international\\\/france-fusillade-a-charlie-hebdo-a-paris-11-morts-dont-2-policiers\\\/184262\\\/\"]}]},{\"@type\":\"ImageObject\",\"inLanguage\":\"fr-FR\",\"@id\":\"https:\\\/\\\/www.webdo.tn\\\/fr\\\/actualite\\\/international\\\/france-fusillade-a-charlie-hebdo-a-paris-11-morts-dont-2-policiers\\\/184262\\\/#primaryimage\",\"url\":\"https:\\\/\\\/www.webdo.tn\\\/fr\\\/wp-content\\\/uploads\\\/2015\\\/01\\\/webdo_default-35.jpg\",\"contentUrl\":\"https:\\\/\\\/www.webdo.tn\\\/fr\\\/wp-content\\\/uploads\\\/2015\\\/01\\\/webdo_default-35.jpg\",\"width\":800,\"height\":500,\"caption\":\"Fusillade \u00e0 Charlie Hebdo \u00e0 Paris : 12 morts dont 2 policiers\"},{\"@type\":\"BreadcrumbList\",\"@id\":\"https:\\\/\\\/www.webdo.tn\\\/fr\\\/actualite\\\/international\\\/france-fusillade-a-charlie-hebdo-a-paris-11-morts-dont-2-policiers\\\/184262\\\/#breadcrumb\",\"itemListElement\":[{\"@type\":\"ListItem\",\"position\":1,\"name\":\"Accueil\",\"item\":\"https:\\\/\\\/www.webdo.tn\\\/fr\\\/\"},{\"@type\":\"ListItem\",\"position\":2,\"name\":\"Fusillade \u00e0 Charlie Hebdo \u00e0 Paris : 12 morts dont 2 policiers\"}]},{\"@type\":\"WebSite\",\"@id\":\"https:\\\/\\\/www.webdo.tn\\\/fr\\\/#website\",\"url\":\"https:\\\/\\\/www.webdo.tn\\\/fr\\\/\",\"name\":\"webdo\",\"description\":\"Tunisie - News en Tunisie et \u00e0 l&#039;international sur Webdo.tn\",\"publisher\":{\"@id\":\"https:\\\/\\\/www.webdo.tn\\\/fr\\\/#organization\"},\"potentialAction\":[{\"@type\":\"SearchAction\",\"target\":{\"@type\":\"EntryPoint\",\"urlTemplate\":\"https:\\\/\\\/www.webdo.tn\\\/fr\\\/?s={search_term_string}\"},\"query-input\":{\"@type\":\"PropertyValueSpecification\",\"valueRequired\":true,\"valueName\":\"search_term_string\"}}],\"inLanguage\":\"fr-FR\"},{\"@type\":\"Organization\",\"@id\":\"https:\\\/\\\/www.webdo.tn\\\/fr\\\/#organization\",\"name\":\"Webdo\",\"alternateName\":\"Webdo.tn\",\"url\":\"https:\\\/\\\/www.webdo.tn\\\/fr\\\/\",\"logo\":{\"@type\":\"ImageObject\",\"inLanguage\":\"fr-FR\",\"@id\":\"https:\\\/\\\/www.webdo.tn\\\/fr\\\/#\\\/schema\\\/logo\\\/image\\\/\",\"url\":\"https:\\\/\\\/www.webdo.tn\\\/fr\\\/wp-content\\\/uploads\\\/2025\\\/06\\\/Webdo-Tunisie_168377.jpg\",\"contentUrl\":\"https:\\\/\\\/www.webdo.tn\\\/fr\\\/wp-content\\\/uploads\\\/2025\\\/06\\\/Webdo-Tunisie_168377.jpg\",\"width\":301,\"height\":301,\"caption\":\"Webdo\"},\"image\":{\"@id\":\"https:\\\/\\\/www.webdo.tn\\\/fr\\\/#\\\/schema\\\/logo\\\/image\\\/\"},\"sameAs\":[\"https:\\\/\\\/www.facebook.com\\\/webdotn\",\"https:\\\/\\\/x.com\\\/webdo_tn\"],\"description\":\"Webdo est un m\u00e9dia num\u00e9rique tunisien fond\u00e9 en 2010, sp\u00e9cialis\u00e9 dans l\u2019actualit\u00e9 nationale et internationale, l\u2019\u00e9conomie, la soci\u00e9t\u00e9 et les analyses politiques. Le site s\u2019adresse \u00e0 un large public francophone et couvre l\u2019information tunisienne en temps r\u00e9el.\",\"email\":\"redac@webdo.tn\",\"legalName\":\"YNJ SARL\",\"foundingDate\":\"2010-09-06\",\"numberOfEmployees\":{\"@type\":\"QuantitativeValue\",\"minValue\":\"11\",\"maxValue\":\"50\"}},{\"@type\":\"Person\",\"@id\":\"https:\\\/\\\/www.webdo.tn\\\/fr\\\/#\\\/schema\\\/person\\\/9a9c6118d687c117df8ef3cc36a4d175\",\"name\":\"webdo.tn\",\"image\":{\"@type\":\"ImageObject\",\"inLanguage\":\"fr-FR\",\"@id\":\"https:\\\/\\\/secure.gravatar.com\\\/avatar\\\/7ce1f28c0c3bbac99ff550b85ef8e44a6950c6ee24514fb6a5489e51d06f0298?s=96&d=mm&r=g\",\"url\":\"https:\\\/\\\/secure.gravatar.com\\\/avatar\\\/7ce1f28c0c3bbac99ff550b85ef8e44a6950c6ee24514fb6a5489e51d06f0298?s=96&d=mm&r=g\",\"contentUrl\":\"https:\\\/\\\/secure.gravatar.com\\\/avatar\\\/7ce1f28c0c3bbac99ff550b85ef8e44a6950c6ee24514fb6a5489e51d06f0298?s=96&d=mm&r=g\",\"caption\":\"webdo.tn\"},\"url\":\"https:\\\/\\\/www.webdo.tn\\\/fr\\\/actualite\\\/author\\\/webdotn\\\/\"}]}<\/script>\n<!-- \/ Yoast SEO Premium plugin. -->","yoast_head_json":{"title":"Fusillade \u00e0 Charlie Hebdo \u00e0 Paris : 12 morts dont 2 policiers","description":"Fusillade \u00e0 Charlie Hebdo \u00e0 Paris : 12 morts dont 2 policiers","canonical":"https:\/\/www.webdo.tn\/fr\/actualite\/international\/france-fusillade-a-charlie-hebdo-a-paris-11-morts-dont-2-policiers\/184262\/","og_locale":"fr_FR","og_type":"article","og_title":"Fusillade \u00e0 Charlie Hebdo \u00e0 Paris : 12 morts dont 2 policiers","og_description":"Fusillade \u00e0 Charlie Hebdo \u00e0 Paris : 12 morts dont 2 policiers","og_url":"https:\/\/www.webdo.tn\/fr\/actualite\/international\/france-fusillade-a-charlie-hebdo-a-paris-11-morts-dont-2-policiers\/184262\/","og_site_name":"webdo","article_publisher":"https:\/\/www.facebook.com\/webdotn","article_published_time":"2015-01-07T13:01:00+00:00","article_modified_time":"2025-05-19T10:25:30+00:00","og_image":[{"width":800,"height":500,"url":"https:\/\/www.webdo.tn\/fr\/wp-content\/uploads\/2015\/01\/webdo_default-35.jpg","type":"image\/jpeg"}],"author":"webdo.tn","twitter_card":"summary_large_image","twitter_creator":"@webdo_tn","twitter_site":"@webdo_tn","twitter_misc":{"\u00c9crit par":"webdo.tn","Dur\u00e9e de lecture estim\u00e9e":"1 minute"},"schema":{"@context":"https:\/\/schema.org","@graph":[{"@type":"NewsArticle","@id":"https:\/\/www.webdo.tn\/fr\/actualite\/international\/france-fusillade-a-charlie-hebdo-a-paris-11-morts-dont-2-policiers\/184262\/#article","isPartOf":{"@id":"https:\/\/www.webdo.tn\/fr\/actualite\/international\/france-fusillade-a-charlie-hebdo-a-paris-11-morts-dont-2-policiers\/184262\/"},"author":{"name":"webdo.tn","@id":"https:\/\/www.webdo.tn\/fr\/#\/schema\/person\/9a9c6118d687c117df8ef3cc36a4d175"},"headline":"Fusillade \u00e0 Charlie Hebdo \u00e0 Paris : 12 morts dont 2 policiers","datePublished":"2015-01-07T13:01:00+00:00","dateModified":"2025-05-19T10:25:30+00:00","mainEntityOfPage":{"@id":"https:\/\/www.webdo.tn\/fr\/actualite\/international\/france-fusillade-a-charlie-hebdo-a-paris-11-morts-dont-2-policiers\/184262\/"},"wordCount":278,"commentCount":0,"publisher":{"@id":"https:\/\/www.webdo.tn\/fr\/#organization"},"image":{"@id":"https:\/\/www.webdo.tn\/fr\/actualite\/international\/france-fusillade-a-charlie-hebdo-a-paris-11-morts-dont-2-policiers\/184262\/#primaryimage"},"thumbnailUrl":"https:\/\/www.webdo.tn\/fr\/wp-content\/uploads\/2015\/01\/webdo_default-35.jpg","keywords":["guerre"],"articleSection":["International"],"inLanguage":"fr-FR"},{"@type":"WebPage","@id":"https:\/\/www.webdo.tn\/fr\/actualite\/international\/france-fusillade-a-charlie-hebdo-a-paris-11-morts-dont-2-policiers\/184262\/","url":"https:\/\/www.webdo.tn\/fr\/actualite\/international\/france-fusillade-a-charlie-hebdo-a-paris-11-morts-dont-2-policiers\/184262\/","name":"Fusillade \u00e0 Charlie Hebdo \u00e0 Paris : 12 morts dont 2 policiers","isPartOf":{"@id":"https:\/\/www.webdo.tn\/fr\/#website"},"primaryImageOfPage":{"@id":"https:\/\/www.webdo.tn\/fr\/actualite\/international\/france-fusillade-a-charlie-hebdo-a-paris-11-morts-dont-2-policiers\/184262\/#primaryimage"},"image":{"@id":"https:\/\/www.webdo.tn\/fr\/actualite\/international\/france-fusillade-a-charlie-hebdo-a-paris-11-morts-dont-2-policiers\/184262\/#primaryimage"},"thumbnailUrl":"https:\/\/www.webdo.tn\/fr\/wp-content\/uploads\/2015\/01\/webdo_default-35.jpg","datePublished":"2015-01-07T13:01:00+00:00","dateModified":"2025-05-19T10:25:30+00:00","description":"Fusillade \u00e0 Charlie Hebdo \u00e0 Paris : 12 morts dont 2 policiers","breadcrumb":{"@id":"https:\/\/www.webdo.tn\/fr\/actualite\/international\/france-fusillade-a-charlie-hebdo-a-paris-11-morts-dont-2-policiers\/184262\/#breadcrumb"},"inLanguage":"fr-FR","potentialAction":[{"@type":"ReadAction","target":["https:\/\/www.webdo.tn\/fr\/actualite\/international\/france-fusillade-a-charlie-hebdo-a-paris-11-morts-dont-2-policiers\/184262\/"]}]},{"@type":"ImageObject","inLanguage":"fr-FR","@id":"https:\/\/www.webdo.tn\/fr\/actualite\/international\/france-fusillade-a-charlie-hebdo-a-paris-11-morts-dont-2-policiers\/184262\/#primaryimage","url":"https:\/\/www.webdo.tn\/fr\/wp-content\/uploads\/2015\/01\/webdo_default-35.jpg","contentUrl":"https:\/\/www.webdo.tn\/fr\/wp-content\/uploads\/2015\/01\/webdo_default-35.jpg","width":800,"height":500,"caption":"Fusillade \u00e0 Charlie Hebdo \u00e0 Paris : 12 morts dont 2 policiers"},{"@type":"BreadcrumbList","@id":"https:\/\/www.webdo.tn\/fr\/actualite\/international\/france-fusillade-a-charlie-hebdo-a-paris-11-morts-dont-2-policiers\/184262\/#breadcrumb","itemListElement":[{"@type":"ListItem","position":1,"name":"Accueil","item":"https:\/\/www.webdo.tn\/fr\/"},{"@type":"ListItem","position":2,"name":"Fusillade \u00e0 Charlie Hebdo \u00e0 Paris : 12 morts dont 2 policiers"}]},{"@type":"WebSite","@id":"https:\/\/www.webdo.tn\/fr\/#website","url":"https:\/\/www.webdo.tn\/fr\/","name":"webdo","description":"Tunisie - News en Tunisie et \u00e0 l&#039;international sur Webdo.tn","publisher":{"@id":"https:\/\/www.webdo.tn\/fr\/#organization"},"potentialAction":[{"@type":"SearchAction","target":{"@type":"EntryPoint","urlTemplate":"https:\/\/www.webdo.tn\/fr\/?s={search_term_string}"},"query-input":{"@type":"PropertyValueSpecification","valueRequired":true,"valueName":"search_term_string"}}],"inLanguage":"fr-FR"},{"@type":"Organization","@id":"https:\/\/www.webdo.tn\/fr\/#organization","name":"Webdo","alternateName":"Webdo.tn","url":"https:\/\/www.webdo.tn\/fr\/","logo":{"@type":"ImageObject","inLanguage":"fr-FR","@id":"https:\/\/www.webdo.tn\/fr\/#\/schema\/logo\/image\/","url":"https:\/\/www.webdo.tn\/fr\/wp-content\/uploads\/2025\/06\/Webdo-Tunisie_168377.jpg","contentUrl":"https:\/\/www.webdo.tn\/fr\/wp-content\/uploads\/2025\/06\/Webdo-Tunisie_168377.jpg","width":301,"height":301,"caption":"Webdo"},"image":{"@id":"https:\/\/www.webdo.tn\/fr\/#\/schema\/logo\/image\/"},"sameAs":["https:\/\/www.facebook.com\/webdotn","https:\/\/x.com\/webdo_tn"],"description":"Webdo est un m\u00e9dia num\u00e9rique tunisien fond\u00e9 en 2010, sp\u00e9cialis\u00e9 dans l\u2019actualit\u00e9 nationale et internationale, l\u2019\u00e9conomie, la soci\u00e9t\u00e9 et les analyses politiques. Le site s\u2019adresse \u00e0 un large public francophone et couvre l\u2019information tunisienne en temps r\u00e9el.","email":"redac@webdo.tn","legalName":"YNJ SARL","foundingDate":"2010-09-06","numberOfEmployees":{"@type":"QuantitativeValue","minValue":"11","maxValue":"50"}},{"@type":"Person","@id":"https:\/\/www.webdo.tn\/fr\/#\/schema\/person\/9a9c6118d687c117df8ef3cc36a4d175","name":"webdo.tn","image":{"@type":"ImageObject","inLanguage":"fr-FR","@id":"https:\/\/secure.gravatar.com\/avatar\/7ce1f28c0c3bbac99ff550b85ef8e44a6950c6ee24514fb6a5489e51d06f0298?s=96&d=mm&r=g","url":"https:\/\/secure.gravatar.com\/avatar\/7ce1f28c0c3bbac99ff550b85ef8e44a6950c6ee24514fb6a5489e51d06f0298?s=96&d=mm&r=g","contentUrl":"https:\/\/secure.gravatar.com\/avatar\/7ce1f28c0c3bbac99ff550b85ef8e44a6950c6ee24514fb6a5489e51d06f0298?s=96&d=mm&r=g","caption":"webdo.tn"},"url":"https:\/\/www.webdo.tn\/fr\/actualite\/author\/webdotn\/"}]}},"_links":{"self":[{"href":"https:\/\/www.webdo.tn\/fr\/wp-json\/wp\/v2\/posts\/184262","targetHints":{"allow":["GET"]}}],"collection":[{"href":"https:\/\/www.webdo.tn\/fr\/wp-json\/wp\/v2\/posts"}],"about":[{"href":"https:\/\/www.webdo.tn\/fr\/wp-json\/wp\/v2\/types\/post"}],"author":[{"embeddable":true,"href":"https:\/\/www.webdo.tn\/fr\/wp-json\/wp\/v2\/users\/3222"}],"replies":[{"embeddable":true,"href":"https:\/\/www.webdo.tn\/fr\/wp-json\/wp\/v2\/comments?post=184262"}],"version-history":[{"count":0,"href":"https:\/\/www.webdo.tn\/fr\/wp-json\/wp\/v2\/posts\/184262\/revisions"}],"wp:featuredmedia":[{"embeddable":true,"href":"https:\/\/www.webdo.tn\/fr\/wp-json\/wp\/v2\/media\/319404"}],"wp:attachment":[{"href":"https:\/\/www.webdo.tn\/fr\/wp-json\/wp\/v2\/media?parent=184262"}],"wp:term":[{"taxonomy":"category","embeddable":true,"href":"https:\/\/www.webdo.tn\/fr\/wp-json\/wp\/v2\/categories?post=184262"},{"taxonomy":"post_tag","embeddable":true,"href":"https:\/\/www.webdo.tn\/fr\/wp-json\/wp\/v2\/tags?post=184262"}],"curies":[{"name":"wp","href":"https:\/\/api.w.org\/{rel}","templated":true}]}}