{"id":184261,"date":"2015-01-08T09:44:00","date_gmt":"2015-01-08T09:44:00","guid":{"rendered":"https:\/\/www.webdo.tn\/fr\/blog\/nouvelle-fusillade-paris-au-lendemain-lattentat-contre-charlie-hebdo\/184261\/"},"modified":"2025-05-19T10:25:17","modified_gmt":"2025-05-19T10:25:17","slug":"nouvelle-fusillade-paris-au-lendemain-lattentat-contre-charlie-hebdo","status":"publish","type":"post","link":"https:\/\/www.webdo.tn\/fr\/actualite\/international\/nouvelle-fusillade-paris-au-lendemain-lattentat-contre-charlie-hebdo\/184261\/","title":{"rendered":"Nouvelle fusillade \u00e0 Paris au lendemain de l&rsquo;attaque contre Charlie Hebdo : Une polici\u00e8re d\u00e9c\u00e9d\u00e9e"},"content":{"rendered":"<p>MISE \u00c0 JOUR 11h00 | Une polici\u00e8re bless\u00e9e par des tirs \u00e0 l&rsquo;arme \u00e0 feu, ce jeudi 8 janvier au sud de Paris a succomb\u00e9 \u00e0 ses blessures, rapportent Lib\u00e9ration et l&rsquo;AFP.<\/p>\n<p>Vers 8h19, deux agents qui intervenaient sur un accident de la circulation ont \u00e9t\u00e9 pris pour cible. Les tirs se sont produits dans le secteur de Montrouge\/Ch\u00e2tillon (Hauts-de-Seine), \u00e0 proximit\u00e9 de la porte de Ch\u00e2tillon, dans le sud de Paris.<\/p>\n<p>\u00a0<\/p>\n<p>Au lendemain de l&rsquo;attentat contre Charlie Hebdo, une fusillade a \u00e9clat\u00e9 au sud de Paris ce jeudi 8 janvier matin, rapportent les m\u00e9dias fran\u00e7ais.<\/p>\n<p>Selon l\u2019AFP, la fusillade a \u00e9clat\u00e9 \u00e0 Montrouge (Hauts-de-Seine), au sud de Paris, et deux policiers municipaux \u00ab\u00a0sont \u00e0 terre\u00a0\u00bb, d\u2019apr\u00e8s des sources polici\u00e8res.<\/p>\n<p>Un homme aurait fait feu sur eux peu apr\u00e8s 08h00 sans que la police puisse pr\u00e9ciser si ces tirs avaient un lien avec l&rsquo;attentat qui a fait 12 morts, hier mercredi 7 janvier au si\u00e8ge de Charlie Hebdo.<\/p>\n<p>Ces \u00e9changes de tirs seraient survenus \u00e0 la suite d&rsquo;un accident de la route impliquant une Clio grise, pr\u00e9cise France Info. Les tireurs, habill\u00e9s de noirs et qui se seraient enfuis, \u00e9taient arm\u00e9s de kalachnikov.<\/p>\n<p>D\u2019apr\u00e8s Le Figaro, deux policiers sont dans un \u00e9tat critique et un suspect a \u00e9t\u00e9 interpell\u00e9 suite \u00e0 la fusillade.<\/p>\n","protected":false},"excerpt":{"rendered":"<p>Nouvelle fusillade \u00e0 Paris au lendemain de l&rsquo;attaque contre Charlie Hebdo : Une polici\u00e8re d\u00e9c\u00e9d\u00e9e<\/p>\n","protected":false},"author":3222,"featured_media":319363,"comment_status":"open","ping_status":"closed","sticky":false,"template":"","format":"standard","meta":{"footnotes":""},"categories":[2598],"tags":[2600],"class_list":["post-184261","post","type-post","status-publish","format-standard","has-post-thumbnail","hentry","category-international","tag-guerre"],"yoast_head":"<!-- This site is optimized with the Yoast SEO Premium plugin v27.5 (Yoast SEO v27.5) - https:\/\/yoast.com\/product\/yoast-seo-premium-wordpress\/ -->\n<title>Nouvelle fusillade \u00e0 Paris au lendemain de l&#039;attaque contre Charlie Hebdo : Une polici\u00e8re d\u00e9c\u00e9d\u00e9e<\/title>\n<meta name=\"description\" content=\"Nouvelle fusillade \u00e0 Paris au lendemain de l&#039;attaque contre Charlie Hebdo : Une polici\u00e8re d\u00e9c\u00e9d\u00e9e\" \/>\n<link rel=\"canonical\" href=\"https:\/\/www.webdo.tn\/fr\/actualite\/international\/nouvelle-fusillade-paris-au-lendemain-lattentat-contre-charlie-hebdo\/184261\/\" \/>\n<meta property=\"og:locale\" content=\"fr_FR\" \/>\n<meta property=\"og:type\" content=\"article\" \/>\n<meta property=\"og:title\" content=\"Nouvelle fusillade \u00e0 Paris au lendemain de l&#039;attaque contre Charlie Hebdo : Une polici\u00e8re d\u00e9c\u00e9d\u00e9e\" \/>\n<meta property=\"og:description\" content=\"Nouvelle fusillade \u00e0 Paris au lendemain de l&#039;attaque contre Charlie Hebdo : Une polici\u00e8re d\u00e9c\u00e9d\u00e9e\" \/>\n<meta property=\"og:url\" content=\"https:\/\/www.webdo.tn\/fr\/actualite\/international\/nouvelle-fusillade-paris-au-lendemain-lattentat-contre-charlie-hebdo\/184261\/\" \/>\n<meta property=\"og:site_name\" content=\"webdo\" \/>\n<meta property=\"article:publisher\" content=\"https:\/\/www.facebook.com\/webdotn\" \/>\n<meta property=\"article:published_time\" content=\"2015-01-08T09:44:00+00:00\" \/>\n<meta property=\"article:modified_time\" content=\"2025-05-19T10:25:17+00:00\" \/>\n<meta property=\"og:image\" content=\"https:\/\/www.webdo.tn\/fr\/wp-content\/uploads\/2015\/01\/Fusillade-a-Paris-08-01-2015-imprim-Le-Figaro.jpg\" \/>\n\t<meta property=\"og:image:width\" content=\"450\" \/>\n\t<meta property=\"og:image:height\" content=\"201\" \/>\n\t<meta property=\"og:image:type\" content=\"image\/jpeg\" \/>\n<meta name=\"author\" content=\"webdo.tn\" \/>\n<meta name=\"twitter:card\" content=\"summary_large_image\" \/>\n<meta name=\"twitter:creator\" content=\"@webdo_tn\" \/>\n<meta name=\"twitter:site\" content=\"@webdo_tn\" \/>\n<meta name=\"twitter:label1\" content=\"\u00c9crit par\" \/>\n\t<meta name=\"twitter:data1\" content=\"webdo.tn\" \/>\n\t<meta name=\"twitter:label2\" content=\"Dur\u00e9e de lecture estim\u00e9e\" \/>\n\t<meta name=\"twitter:data2\" content=\"1 minute\" \/>\n<script type=\"application\/ld+json\" class=\"yoast-schema-graph\">{\"@context\":\"https:\\\/\\\/schema.org\",\"@graph\":[{\"@type\":\"NewsArticle\",\"@id\":\"https:\\\/\\\/www.webdo.tn\\\/fr\\\/actualite\\\/international\\\/nouvelle-fusillade-paris-au-lendemain-lattentat-contre-charlie-hebdo\\\/184261\\\/#article\",\"isPartOf\":{\"@id\":\"https:\\\/\\\/www.webdo.tn\\\/fr\\\/actualite\\\/international\\\/nouvelle-fusillade-paris-au-lendemain-lattentat-contre-charlie-hebdo\\\/184261\\\/\"},\"author\":{\"name\":\"webdo.tn\",\"@id\":\"https:\\\/\\\/www.webdo.tn\\\/fr\\\/#\\\/schema\\\/person\\\/9a9c6118d687c117df8ef3cc36a4d175\"},\"headline\":\"Nouvelle fusillade \u00e0 Paris au lendemain de l&rsquo;attaque contre Charlie Hebdo : Une polici\u00e8re d\u00e9c\u00e9d\u00e9e\",\"datePublished\":\"2015-01-08T09:44:00+00:00\",\"dateModified\":\"2025-05-19T10:25:17+00:00\",\"mainEntityOfPage\":{\"@id\":\"https:\\\/\\\/www.webdo.tn\\\/fr\\\/actualite\\\/international\\\/nouvelle-fusillade-paris-au-lendemain-lattentat-contre-charlie-hebdo\\\/184261\\\/\"},\"wordCount\":242,\"commentCount\":0,\"publisher\":{\"@id\":\"https:\\\/\\\/www.webdo.tn\\\/fr\\\/#organization\"},\"image\":{\"@id\":\"https:\\\/\\\/www.webdo.tn\\\/fr\\\/actualite\\\/international\\\/nouvelle-fusillade-paris-au-lendemain-lattentat-contre-charlie-hebdo\\\/184261\\\/#primaryimage\"},\"thumbnailUrl\":\"https:\\\/\\\/www.webdo.tn\\\/fr\\\/wp-content\\\/uploads\\\/2015\\\/01\\\/Fusillade-a-Paris-08-01-2015-imprim-Le-Figaro.jpg\",\"keywords\":[\"guerre\"],\"articleSection\":[\"International\"],\"inLanguage\":\"fr-FR\"},{\"@type\":\"WebPage\",\"@id\":\"https:\\\/\\\/www.webdo.tn\\\/fr\\\/actualite\\\/international\\\/nouvelle-fusillade-paris-au-lendemain-lattentat-contre-charlie-hebdo\\\/184261\\\/\",\"url\":\"https:\\\/\\\/www.webdo.tn\\\/fr\\\/actualite\\\/international\\\/nouvelle-fusillade-paris-au-lendemain-lattentat-contre-charlie-hebdo\\\/184261\\\/\",\"name\":\"Nouvelle fusillade \u00e0 Paris au lendemain de l'attaque contre Charlie Hebdo : Une polici\u00e8re d\u00e9c\u00e9d\u00e9e\",\"isPartOf\":{\"@id\":\"https:\\\/\\\/www.webdo.tn\\\/fr\\\/#website\"},\"primaryImageOfPage\":{\"@id\":\"https:\\\/\\\/www.webdo.tn\\\/fr\\\/actualite\\\/international\\\/nouvelle-fusillade-paris-au-lendemain-lattentat-contre-charlie-hebdo\\\/184261\\\/#primaryimage\"},\"image\":{\"@id\":\"https:\\\/\\\/www.webdo.tn\\\/fr\\\/actualite\\\/international\\\/nouvelle-fusillade-paris-au-lendemain-lattentat-contre-charlie-hebdo\\\/184261\\\/#primaryimage\"},\"thumbnailUrl\":\"https:\\\/\\\/www.webdo.tn\\\/fr\\\/wp-content\\\/uploads\\\/2015\\\/01\\\/Fusillade-a-Paris-08-01-2015-imprim-Le-Figaro.jpg\",\"datePublished\":\"2015-01-08T09:44:00+00:00\",\"dateModified\":\"2025-05-19T10:25:17+00:00\",\"description\":\"Nouvelle fusillade \u00e0 Paris au lendemain de l'attaque contre Charlie Hebdo : Une polici\u00e8re d\u00e9c\u00e9d\u00e9e\",\"breadcrumb\":{\"@id\":\"https:\\\/\\\/www.webdo.tn\\\/fr\\\/actualite\\\/international\\\/nouvelle-fusillade-paris-au-lendemain-lattentat-contre-charlie-hebdo\\\/184261\\\/#breadcrumb\"},\"inLanguage\":\"fr-FR\",\"potentialAction\":[{\"@type\":\"ReadAction\",\"target\":[\"https:\\\/\\\/www.webdo.tn\\\/fr\\\/actualite\\\/international\\\/nouvelle-fusillade-paris-au-lendemain-lattentat-contre-charlie-hebdo\\\/184261\\\/\"]}]},{\"@type\":\"ImageObject\",\"inLanguage\":\"fr-FR\",\"@id\":\"https:\\\/\\\/www.webdo.tn\\\/fr\\\/actualite\\\/international\\\/nouvelle-fusillade-paris-au-lendemain-lattentat-contre-charlie-hebdo\\\/184261\\\/#primaryimage\",\"url\":\"https:\\\/\\\/www.webdo.tn\\\/fr\\\/wp-content\\\/uploads\\\/2015\\\/01\\\/Fusillade-a-Paris-08-01-2015-imprim-Le-Figaro.jpg\",\"contentUrl\":\"https:\\\/\\\/www.webdo.tn\\\/fr\\\/wp-content\\\/uploads\\\/2015\\\/01\\\/Fusillade-a-Paris-08-01-2015-imprim-Le-Figaro.jpg\",\"width\":450,\"height\":201,\"caption\":\"Nouvelle fusillade \u00e0 Paris au lendemain de l'attaque contre Charlie Hebdo : Une polici\u00e8re d\u00e9c\u00e9d\u00e9e\"},{\"@type\":\"BreadcrumbList\",\"@id\":\"https:\\\/\\\/www.webdo.tn\\\/fr\\\/actualite\\\/international\\\/nouvelle-fusillade-paris-au-lendemain-lattentat-contre-charlie-hebdo\\\/184261\\\/#breadcrumb\",\"itemListElement\":[{\"@type\":\"ListItem\",\"position\":1,\"name\":\"Accueil\",\"item\":\"https:\\\/\\\/www.webdo.tn\\\/fr\\\/\"},{\"@type\":\"ListItem\",\"position\":2,\"name\":\"Nouvelle fusillade \u00e0 Paris au lendemain de l&rsquo;attaque contre Charlie Hebdo : Une polici\u00e8re d\u00e9c\u00e9d\u00e9e\"}]},{\"@type\":\"WebSite\",\"@id\":\"https:\\\/\\\/www.webdo.tn\\\/fr\\\/#website\",\"url\":\"https:\\\/\\\/www.webdo.tn\\\/fr\\\/\",\"name\":\"webdo\",\"description\":\"Tunisie - News en Tunisie et \u00e0 l&#039;international sur Webdo.tn\",\"publisher\":{\"@id\":\"https:\\\/\\\/www.webdo.tn\\\/fr\\\/#organization\"},\"potentialAction\":[{\"@type\":\"SearchAction\",\"target\":{\"@type\":\"EntryPoint\",\"urlTemplate\":\"https:\\\/\\\/www.webdo.tn\\\/fr\\\/?s={search_term_string}\"},\"query-input\":{\"@type\":\"PropertyValueSpecification\",\"valueRequired\":true,\"valueName\":\"search_term_string\"}}],\"inLanguage\":\"fr-FR\"},{\"@type\":\"Organization\",\"@id\":\"https:\\\/\\\/www.webdo.tn\\\/fr\\\/#organization\",\"name\":\"Webdo\",\"alternateName\":\"Webdo.tn\",\"url\":\"https:\\\/\\\/www.webdo.tn\\\/fr\\\/\",\"logo\":{\"@type\":\"ImageObject\",\"inLanguage\":\"fr-FR\",\"@id\":\"https:\\\/\\\/www.webdo.tn\\\/fr\\\/#\\\/schema\\\/logo\\\/image\\\/\",\"url\":\"https:\\\/\\\/www.webdo.tn\\\/fr\\\/wp-content\\\/uploads\\\/2025\\\/06\\\/Webdo-Tunisie_168377.jpg\",\"contentUrl\":\"https:\\\/\\\/www.webdo.tn\\\/fr\\\/wp-content\\\/uploads\\\/2025\\\/06\\\/Webdo-Tunisie_168377.jpg\",\"width\":301,\"height\":301,\"caption\":\"Webdo\"},\"image\":{\"@id\":\"https:\\\/\\\/www.webdo.tn\\\/fr\\\/#\\\/schema\\\/logo\\\/image\\\/\"},\"sameAs\":[\"https:\\\/\\\/www.facebook.com\\\/webdotn\",\"https:\\\/\\\/x.com\\\/webdo_tn\"],\"description\":\"Webdo est un m\u00e9dia num\u00e9rique tunisien fond\u00e9 en 2010, sp\u00e9cialis\u00e9 dans l\u2019actualit\u00e9 nationale et internationale, l\u2019\u00e9conomie, la soci\u00e9t\u00e9 et les analyses politiques. Le site s\u2019adresse \u00e0 un large public francophone et couvre l\u2019information tunisienne en temps r\u00e9el.\",\"email\":\"redac@webdo.tn\",\"legalName\":\"YNJ SARL\",\"foundingDate\":\"2010-09-06\",\"numberOfEmployees\":{\"@type\":\"QuantitativeValue\",\"minValue\":\"11\",\"maxValue\":\"50\"}},{\"@type\":\"Person\",\"@id\":\"https:\\\/\\\/www.webdo.tn\\\/fr\\\/#\\\/schema\\\/person\\\/9a9c6118d687c117df8ef3cc36a4d175\",\"name\":\"webdo.tn\",\"image\":{\"@type\":\"ImageObject\",\"inLanguage\":\"fr-FR\",\"@id\":\"https:\\\/\\\/secure.gravatar.com\\\/avatar\\\/7ce1f28c0c3bbac99ff550b85ef8e44a6950c6ee24514fb6a5489e51d06f0298?s=96&d=mm&r=g\",\"url\":\"https:\\\/\\\/secure.gravatar.com\\\/avatar\\\/7ce1f28c0c3bbac99ff550b85ef8e44a6950c6ee24514fb6a5489e51d06f0298?s=96&d=mm&r=g\",\"contentUrl\":\"https:\\\/\\\/secure.gravatar.com\\\/avatar\\\/7ce1f28c0c3bbac99ff550b85ef8e44a6950c6ee24514fb6a5489e51d06f0298?s=96&d=mm&r=g\",\"caption\":\"webdo.tn\"},\"url\":\"https:\\\/\\\/www.webdo.tn\\\/fr\\\/actualite\\\/author\\\/webdotn\\\/\"}]}<\/script>\n<!-- \/ Yoast SEO Premium plugin. -->","yoast_head_json":{"title":"Nouvelle fusillade \u00e0 Paris au lendemain de l'attaque contre Charlie Hebdo : Une polici\u00e8re d\u00e9c\u00e9d\u00e9e","description":"Nouvelle fusillade \u00e0 Paris au lendemain de l'attaque contre Charlie Hebdo : Une polici\u00e8re d\u00e9c\u00e9d\u00e9e","canonical":"https:\/\/www.webdo.tn\/fr\/actualite\/international\/nouvelle-fusillade-paris-au-lendemain-lattentat-contre-charlie-hebdo\/184261\/","og_locale":"fr_FR","og_type":"article","og_title":"Nouvelle fusillade \u00e0 Paris au lendemain de l'attaque contre Charlie Hebdo : Une polici\u00e8re d\u00e9c\u00e9d\u00e9e","og_description":"Nouvelle fusillade \u00e0 Paris au lendemain de l'attaque contre Charlie Hebdo : Une polici\u00e8re d\u00e9c\u00e9d\u00e9e","og_url":"https:\/\/www.webdo.tn\/fr\/actualite\/international\/nouvelle-fusillade-paris-au-lendemain-lattentat-contre-charlie-hebdo\/184261\/","og_site_name":"webdo","article_publisher":"https:\/\/www.facebook.com\/webdotn","article_published_time":"2015-01-08T09:44:00+00:00","article_modified_time":"2025-05-19T10:25:17+00:00","og_image":[{"width":450,"height":201,"url":"https:\/\/www.webdo.tn\/fr\/wp-content\/uploads\/2015\/01\/Fusillade-a-Paris-08-01-2015-imprim-Le-Figaro.jpg","type":"image\/jpeg"}],"author":"webdo.tn","twitter_card":"summary_large_image","twitter_creator":"@webdo_tn","twitter_site":"@webdo_tn","twitter_misc":{"\u00c9crit par":"webdo.tn","Dur\u00e9e de lecture estim\u00e9e":"1 minute"},"schema":{"@context":"https:\/\/schema.org","@graph":[{"@type":"NewsArticle","@id":"https:\/\/www.webdo.tn\/fr\/actualite\/international\/nouvelle-fusillade-paris-au-lendemain-lattentat-contre-charlie-hebdo\/184261\/#article","isPartOf":{"@id":"https:\/\/www.webdo.tn\/fr\/actualite\/international\/nouvelle-fusillade-paris-au-lendemain-lattentat-contre-charlie-hebdo\/184261\/"},"author":{"name":"webdo.tn","@id":"https:\/\/www.webdo.tn\/fr\/#\/schema\/person\/9a9c6118d687c117df8ef3cc36a4d175"},"headline":"Nouvelle fusillade \u00e0 Paris au lendemain de l&rsquo;attaque contre Charlie Hebdo : Une polici\u00e8re d\u00e9c\u00e9d\u00e9e","datePublished":"2015-01-08T09:44:00+00:00","dateModified":"2025-05-19T10:25:17+00:00","mainEntityOfPage":{"@id":"https:\/\/www.webdo.tn\/fr\/actualite\/international\/nouvelle-fusillade-paris-au-lendemain-lattentat-contre-charlie-hebdo\/184261\/"},"wordCount":242,"commentCount":0,"publisher":{"@id":"https:\/\/www.webdo.tn\/fr\/#organization"},"image":{"@id":"https:\/\/www.webdo.tn\/fr\/actualite\/international\/nouvelle-fusillade-paris-au-lendemain-lattentat-contre-charlie-hebdo\/184261\/#primaryimage"},"thumbnailUrl":"https:\/\/www.webdo.tn\/fr\/wp-content\/uploads\/2015\/01\/Fusillade-a-Paris-08-01-2015-imprim-Le-Figaro.jpg","keywords":["guerre"],"articleSection":["International"],"inLanguage":"fr-FR"},{"@type":"WebPage","@id":"https:\/\/www.webdo.tn\/fr\/actualite\/international\/nouvelle-fusillade-paris-au-lendemain-lattentat-contre-charlie-hebdo\/184261\/","url":"https:\/\/www.webdo.tn\/fr\/actualite\/international\/nouvelle-fusillade-paris-au-lendemain-lattentat-contre-charlie-hebdo\/184261\/","name":"Nouvelle fusillade \u00e0 Paris au lendemain de l'attaque contre Charlie Hebdo : Une polici\u00e8re d\u00e9c\u00e9d\u00e9e","isPartOf":{"@id":"https:\/\/www.webdo.tn\/fr\/#website"},"primaryImageOfPage":{"@id":"https:\/\/www.webdo.tn\/fr\/actualite\/international\/nouvelle-fusillade-paris-au-lendemain-lattentat-contre-charlie-hebdo\/184261\/#primaryimage"},"image":{"@id":"https:\/\/www.webdo.tn\/fr\/actualite\/international\/nouvelle-fusillade-paris-au-lendemain-lattentat-contre-charlie-hebdo\/184261\/#primaryimage"},"thumbnailUrl":"https:\/\/www.webdo.tn\/fr\/wp-content\/uploads\/2015\/01\/Fusillade-a-Paris-08-01-2015-imprim-Le-Figaro.jpg","datePublished":"2015-01-08T09:44:00+00:00","dateModified":"2025-05-19T10:25:17+00:00","description":"Nouvelle fusillade \u00e0 Paris au lendemain de l'attaque contre Charlie Hebdo : Une polici\u00e8re d\u00e9c\u00e9d\u00e9e","breadcrumb":{"@id":"https:\/\/www.webdo.tn\/fr\/actualite\/international\/nouvelle-fusillade-paris-au-lendemain-lattentat-contre-charlie-hebdo\/184261\/#breadcrumb"},"inLanguage":"fr-FR","potentialAction":[{"@type":"ReadAction","target":["https:\/\/www.webdo.tn\/fr\/actualite\/international\/nouvelle-fusillade-paris-au-lendemain-lattentat-contre-charlie-hebdo\/184261\/"]}]},{"@type":"ImageObject","inLanguage":"fr-FR","@id":"https:\/\/www.webdo.tn\/fr\/actualite\/international\/nouvelle-fusillade-paris-au-lendemain-lattentat-contre-charlie-hebdo\/184261\/#primaryimage","url":"https:\/\/www.webdo.tn\/fr\/wp-content\/uploads\/2015\/01\/Fusillade-a-Paris-08-01-2015-imprim-Le-Figaro.jpg","contentUrl":"https:\/\/www.webdo.tn\/fr\/wp-content\/uploads\/2015\/01\/Fusillade-a-Paris-08-01-2015-imprim-Le-Figaro.jpg","width":450,"height":201,"caption":"Nouvelle fusillade \u00e0 Paris au lendemain de l'attaque contre Charlie Hebdo : Une polici\u00e8re d\u00e9c\u00e9d\u00e9e"},{"@type":"BreadcrumbList","@id":"https:\/\/www.webdo.tn\/fr\/actualite\/international\/nouvelle-fusillade-paris-au-lendemain-lattentat-contre-charlie-hebdo\/184261\/#breadcrumb","itemListElement":[{"@type":"ListItem","position":1,"name":"Accueil","item":"https:\/\/www.webdo.tn\/fr\/"},{"@type":"ListItem","position":2,"name":"Nouvelle fusillade \u00e0 Paris au lendemain de l&rsquo;attaque contre Charlie Hebdo : Une polici\u00e8re d\u00e9c\u00e9d\u00e9e"}]},{"@type":"WebSite","@id":"https:\/\/www.webdo.tn\/fr\/#website","url":"https:\/\/www.webdo.tn\/fr\/","name":"webdo","description":"Tunisie - News en Tunisie et \u00e0 l&#039;international sur Webdo.tn","publisher":{"@id":"https:\/\/www.webdo.tn\/fr\/#organization"},"potentialAction":[{"@type":"SearchAction","target":{"@type":"EntryPoint","urlTemplate":"https:\/\/www.webdo.tn\/fr\/?s={search_term_string}"},"query-input":{"@type":"PropertyValueSpecification","valueRequired":true,"valueName":"search_term_string"}}],"inLanguage":"fr-FR"},{"@type":"Organization","@id":"https:\/\/www.webdo.tn\/fr\/#organization","name":"Webdo","alternateName":"Webdo.tn","url":"https:\/\/www.webdo.tn\/fr\/","logo":{"@type":"ImageObject","inLanguage":"fr-FR","@id":"https:\/\/www.webdo.tn\/fr\/#\/schema\/logo\/image\/","url":"https:\/\/www.webdo.tn\/fr\/wp-content\/uploads\/2025\/06\/Webdo-Tunisie_168377.jpg","contentUrl":"https:\/\/www.webdo.tn\/fr\/wp-content\/uploads\/2025\/06\/Webdo-Tunisie_168377.jpg","width":301,"height":301,"caption":"Webdo"},"image":{"@id":"https:\/\/www.webdo.tn\/fr\/#\/schema\/logo\/image\/"},"sameAs":["https:\/\/www.facebook.com\/webdotn","https:\/\/x.com\/webdo_tn"],"description":"Webdo est un m\u00e9dia num\u00e9rique tunisien fond\u00e9 en 2010, sp\u00e9cialis\u00e9 dans l\u2019actualit\u00e9 nationale et internationale, l\u2019\u00e9conomie, la soci\u00e9t\u00e9 et les analyses politiques. Le site s\u2019adresse \u00e0 un large public francophone et couvre l\u2019information tunisienne en temps r\u00e9el.","email":"redac@webdo.tn","legalName":"YNJ SARL","foundingDate":"2010-09-06","numberOfEmployees":{"@type":"QuantitativeValue","minValue":"11","maxValue":"50"}},{"@type":"Person","@id":"https:\/\/www.webdo.tn\/fr\/#\/schema\/person\/9a9c6118d687c117df8ef3cc36a4d175","name":"webdo.tn","image":{"@type":"ImageObject","inLanguage":"fr-FR","@id":"https:\/\/secure.gravatar.com\/avatar\/7ce1f28c0c3bbac99ff550b85ef8e44a6950c6ee24514fb6a5489e51d06f0298?s=96&d=mm&r=g","url":"https:\/\/secure.gravatar.com\/avatar\/7ce1f28c0c3bbac99ff550b85ef8e44a6950c6ee24514fb6a5489e51d06f0298?s=96&d=mm&r=g","contentUrl":"https:\/\/secure.gravatar.com\/avatar\/7ce1f28c0c3bbac99ff550b85ef8e44a6950c6ee24514fb6a5489e51d06f0298?s=96&d=mm&r=g","caption":"webdo.tn"},"url":"https:\/\/www.webdo.tn\/fr\/actualite\/author\/webdotn\/"}]}},"_links":{"self":[{"href":"https:\/\/www.webdo.tn\/fr\/wp-json\/wp\/v2\/posts\/184261","targetHints":{"allow":["GET"]}}],"collection":[{"href":"https:\/\/www.webdo.tn\/fr\/wp-json\/wp\/v2\/posts"}],"about":[{"href":"https:\/\/www.webdo.tn\/fr\/wp-json\/wp\/v2\/types\/post"}],"author":[{"embeddable":true,"href":"https:\/\/www.webdo.tn\/fr\/wp-json\/wp\/v2\/users\/3222"}],"replies":[{"embeddable":true,"href":"https:\/\/www.webdo.tn\/fr\/wp-json\/wp\/v2\/comments?post=184261"}],"version-history":[{"count":0,"href":"https:\/\/www.webdo.tn\/fr\/wp-json\/wp\/v2\/posts\/184261\/revisions"}],"wp:featuredmedia":[{"embeddable":true,"href":"https:\/\/www.webdo.tn\/fr\/wp-json\/wp\/v2\/media\/319363"}],"wp:attachment":[{"href":"https:\/\/www.webdo.tn\/fr\/wp-json\/wp\/v2\/media?parent=184261"}],"wp:term":[{"taxonomy":"category","embeddable":true,"href":"https:\/\/www.webdo.tn\/fr\/wp-json\/wp\/v2\/categories?post=184261"},{"taxonomy":"post_tag","embeddable":true,"href":"https:\/\/www.webdo.tn\/fr\/wp-json\/wp\/v2\/tags?post=184261"}],"curies":[{"name":"wp","href":"https:\/\/api.w.org\/{rel}","templated":true}]}}