{"id":184259,"date":"2015-01-08T10:56:00","date_gmt":"2015-01-08T10:56:00","guid":{"rendered":"https:\/\/www.webdo.tn\/fr\/blog\/attaque-contre-charlie-hebdo-freres-activement-recherches-sept-personnes-en-garde-vue\/184259\/"},"modified":"2025-05-19T10:25:18","modified_gmt":"2025-05-19T10:25:18","slug":"attaque-contre-charlie-hebdo-freres-activement-recherches-sept-personnes-en-garde-vue","status":"publish","type":"post","link":"https:\/\/www.webdo.tn\/fr\/actualite\/international\/attaque-contre-charlie-hebdo-freres-activement-recherches-sept-personnes-en-garde-vue\/184259\/","title":{"rendered":"Attaque contre Charlie Hebdo : Deux fr\u00e8res activement recherch\u00e9s, sept personnes en garde \u00e0 vue"},"content":{"rendered":"<p>Sept personnes, interpell\u00e9es dans la soir\u00e9e du mercredi 7 janvier, ont \u00e9t\u00e9 plac\u00e9es en garde \u00e0 vue, ce jeudi 8 janvier, dans le cadre de l&rsquo;enqu\u00eate sur l&rsquo;attaque contre l&rsquo;hebdomadaire satirique Charlie Hebdo \u00e0 Paris, qui a fait 12 morts et 11 bless\u00e9s, a confirm\u00e9 le ministre fran\u00e7ais de l&rsquo;Int\u00e9rieur Bernard Cazeneuve.<\/p>\n<p>Ces personnes, hommes et femmes, appartiennent \u00e0 l&rsquo;entourage de deux fr\u00e8res identifi\u00e9s comme les auteurs pr\u00e9sum\u00e9s de l&rsquo;attaque et toujours en fuite et dont la police fran\u00e7aise a publi\u00e9 les photos.<\/p>\n<p>Ils sont soup\u00e7onn\u00e9s d&rsquo;\u00eatre les auteurs de l&rsquo;attaque et font l&rsquo;objet de mandats de recherche. Il s\u2019agit de Ch\u00e9rif et Said Kouachi, 32 et 34 ans. Leur complice pr\u00e9sum\u00e9, Hamyd Mourad, 18 ans, s&rsquo;est rendu \u00e0 la police \u00e0 Charleville-M\u00e9zi\u00e8res, dans le nord-est de la France, apr\u00e8s avoir vu que son nom circulait sur les r\u00e9seaux sociaux, rapporte l\u2019AFP.<\/p>\n<p>Ch\u00e9rif Kouachi est un jihadiste bien connu des services antiterroristes fran\u00e7ais, condamn\u00e9 une premi\u00e8re fois en 2008 pour avoir particip\u00e9 \u00e0 une fili\u00e8re d&rsquo;envoi de combattants en Irak.<\/p>\n<p>N\u00e9 en novembre 1982 dans le Xe arrondissement de Paris, de nationalit\u00e9 fran\u00e7aise, surnomm\u00e9 Abou Issen, il a fait partie de ce qui a \u00e9t\u00e9 appel\u00e9 \u00ab\u00a0la fili\u00e8re des Buttes-Chaumont\u00a0\u00bb, qui visait, sous l&rsquo;autorit\u00e9 de \u00ab\u00a0l&rsquo;\u00e9mir\u00a0\u00bb Farid Benyettou, \u00e0 envoyer des jihadistes rejoindre en Irak les rangs de la branche irakienne d&rsquo;Al-Qa\u00efda, dirig\u00e9e \u00e0 l&rsquo;\u00e9poque par Abou Moussab al Zarkaoui.<\/p>\n<p>Interpell\u00e9 juste avant de s&rsquo;envoler \u00e0 destination de la Syrie, puis de l&rsquo;Irak, il a \u00e9t\u00e9 jug\u00e9 en 2008 et condamn\u00e9 \u00e0 trois ans de prison, dont 18 mois avec sursis.<\/p>\n<p>Deux ans plus tard, son nom a \u00e9t\u00e9 cit\u00e9 dans le projet de tentative de faire \u00e9vader de prison l&rsquo;islamiste Sma\u00efn A\u00eft Ali Belkacem, ancien membre du Groupe islamique arm\u00e9 alg\u00e9rien (GIA), condamn\u00e9 en 2002 \u00e0 la r\u00e9clusion criminelle \u00e0 perp\u00e9tuit\u00e9 pour avoir commis l&rsquo;attentat \u00e0 la station RER Mus\u00e9e d&rsquo;Orsay en octobre 1995 \u00e0 Paris (30 bless\u00e9s).<\/p>\n<p>Mourad Hamyd, 18 ans est est le beau-fr\u00e8re de Ch\u00e9rif Kouachi. Il \u00e9tait soup\u00e7onn\u00e9 d&rsquo;avoir aid\u00e9 les tireurs. Un t\u00e9moin avait fait \u00e9tat de la pr\u00e9sence d&rsquo;un troisi\u00e8me complice dans la voiture au moment de la fuite.<\/p>\n<p>Pourtant, des internautes se pr\u00e9sentant comme ses camarades de classe avaient auparavant affirm\u00e9 sur Twitter que Mourad Hamyd \u00e9tait en cours avec eux au lyc\u00e9e au moment de l&rsquo;attaque, utilisant le mot-cl\u00e9 #MouradHamydInnocent.<\/p>\n<p>\u00ab\u00a0Mourad est rest\u00e9 hier au lyc\u00e9e toute la matin\u00e9e. Il y a plein de t\u00e9moins. Je ne comprends pas pourquoi il est en garde \u00e0 vue\u00a0\u00bb, a d\u00e9clar\u00e9 \u00e0 l&rsquo;AFP Anis, 17 ans. Il est \u00e9l\u00e8ve de terminale ES au lyc\u00e9e Monge de Charleville comme le jeune Hamyd.<\/p>\n","protected":false},"excerpt":{"rendered":"<p>Attaque contre Charlie Hebdo : Deux fr\u00e8res activement recherch\u00e9s, sept personnes en garde \u00e0 vue<\/p>\n","protected":false},"author":3222,"featured_media":319368,"comment_status":"open","ping_status":"closed","sticky":false,"template":"","format":"standard","meta":{"footnotes":""},"categories":[2598],"tags":[2600],"class_list":["post-184259","post","type-post","status-publish","format-standard","has-post-thumbnail","hentry","category-international","tag-guerre"],"yoast_head":"<!-- This site is optimized with the Yoast SEO Premium plugin v27.5 (Yoast SEO v27.5) - https:\/\/yoast.com\/product\/yoast-seo-premium-wordpress\/ -->\n<title>Attaque contre Charlie Hebdo : Deux fr\u00e8res activement recherch\u00e9s, sept personnes en garde \u00e0 vue<\/title>\n<meta name=\"description\" content=\"Attaque contre Charlie Hebdo : Deux fr\u00e8res activement recherch\u00e9s, sept personnes en garde \u00e0 vue\" \/>\n<link rel=\"canonical\" href=\"https:\/\/www.webdo.tn\/fr\/actualite\/international\/attaque-contre-charlie-hebdo-freres-activement-recherches-sept-personnes-en-garde-vue\/184259\/\" \/>\n<meta property=\"og:locale\" content=\"fr_FR\" \/>\n<meta property=\"og:type\" content=\"article\" \/>\n<meta property=\"og:title\" content=\"Attaque contre Charlie Hebdo : Deux fr\u00e8res activement recherch\u00e9s, sept personnes en garde \u00e0 vue\" \/>\n<meta property=\"og:description\" content=\"Attaque contre Charlie Hebdo : Deux fr\u00e8res activement recherch\u00e9s, sept personnes en garde \u00e0 vue\" \/>\n<meta property=\"og:url\" content=\"https:\/\/www.webdo.tn\/fr\/actualite\/international\/attaque-contre-charlie-hebdo-freres-activement-recherches-sept-personnes-en-garde-vue\/184259\/\" \/>\n<meta property=\"og:site_name\" content=\"webdo\" \/>\n<meta property=\"article:publisher\" content=\"https:\/\/www.facebook.com\/webdotn\" \/>\n<meta property=\"article:published_time\" content=\"2015-01-08T10:56:00+00:00\" \/>\n<meta property=\"article:modified_time\" content=\"2025-05-19T10:25:18+00:00\" \/>\n<meta property=\"og:image\" content=\"https:\/\/www.webdo.tn\/fr\/wp-content\/uploads\/2015\/01\/Cherid-et-Said-Kouachi.jpg\" \/>\n\t<meta property=\"og:image:width\" content=\"500\" \/>\n\t<meta property=\"og:image:height\" content=\"318\" \/>\n\t<meta property=\"og:image:type\" content=\"image\/jpeg\" \/>\n<meta name=\"author\" content=\"webdo.tn\" \/>\n<meta name=\"twitter:card\" content=\"summary_large_image\" \/>\n<meta name=\"twitter:creator\" content=\"@webdo_tn\" \/>\n<meta name=\"twitter:site\" content=\"@webdo_tn\" \/>\n<meta name=\"twitter:label1\" content=\"\u00c9crit par\" \/>\n\t<meta name=\"twitter:data1\" content=\"webdo.tn\" \/>\n\t<meta name=\"twitter:label2\" content=\"Dur\u00e9e de lecture estim\u00e9e\" \/>\n\t<meta name=\"twitter:data2\" content=\"2 minutes\" \/>\n<script type=\"application\/ld+json\" class=\"yoast-schema-graph\">{\"@context\":\"https:\\\/\\\/schema.org\",\"@graph\":[{\"@type\":\"NewsArticle\",\"@id\":\"https:\\\/\\\/www.webdo.tn\\\/fr\\\/actualite\\\/international\\\/attaque-contre-charlie-hebdo-freres-activement-recherches-sept-personnes-en-garde-vue\\\/184259\\\/#article\",\"isPartOf\":{\"@id\":\"https:\\\/\\\/www.webdo.tn\\\/fr\\\/actualite\\\/international\\\/attaque-contre-charlie-hebdo-freres-activement-recherches-sept-personnes-en-garde-vue\\\/184259\\\/\"},\"author\":{\"name\":\"webdo.tn\",\"@id\":\"https:\\\/\\\/www.webdo.tn\\\/fr\\\/#\\\/schema\\\/person\\\/9a9c6118d687c117df8ef3cc36a4d175\"},\"headline\":\"Attaque contre Charlie Hebdo : Deux fr\u00e8res activement recherch\u00e9s, sept personnes en garde \u00e0 vue\",\"datePublished\":\"2015-01-08T10:56:00+00:00\",\"dateModified\":\"2025-05-19T10:25:18+00:00\",\"mainEntityOfPage\":{\"@id\":\"https:\\\/\\\/www.webdo.tn\\\/fr\\\/actualite\\\/international\\\/attaque-contre-charlie-hebdo-freres-activement-recherches-sept-personnes-en-garde-vue\\\/184259\\\/\"},\"wordCount\":495,\"commentCount\":0,\"publisher\":{\"@id\":\"https:\\\/\\\/www.webdo.tn\\\/fr\\\/#organization\"},\"image\":{\"@id\":\"https:\\\/\\\/www.webdo.tn\\\/fr\\\/actualite\\\/international\\\/attaque-contre-charlie-hebdo-freres-activement-recherches-sept-personnes-en-garde-vue\\\/184259\\\/#primaryimage\"},\"thumbnailUrl\":\"https:\\\/\\\/www.webdo.tn\\\/fr\\\/wp-content\\\/uploads\\\/2015\\\/01\\\/Cherid-et-Said-Kouachi.jpg\",\"keywords\":[\"guerre\"],\"articleSection\":[\"International\"],\"inLanguage\":\"fr-FR\"},{\"@type\":\"WebPage\",\"@id\":\"https:\\\/\\\/www.webdo.tn\\\/fr\\\/actualite\\\/international\\\/attaque-contre-charlie-hebdo-freres-activement-recherches-sept-personnes-en-garde-vue\\\/184259\\\/\",\"url\":\"https:\\\/\\\/www.webdo.tn\\\/fr\\\/actualite\\\/international\\\/attaque-contre-charlie-hebdo-freres-activement-recherches-sept-personnes-en-garde-vue\\\/184259\\\/\",\"name\":\"Attaque contre Charlie Hebdo : Deux fr\u00e8res activement recherch\u00e9s, sept personnes en garde \u00e0 vue\",\"isPartOf\":{\"@id\":\"https:\\\/\\\/www.webdo.tn\\\/fr\\\/#website\"},\"primaryImageOfPage\":{\"@id\":\"https:\\\/\\\/www.webdo.tn\\\/fr\\\/actualite\\\/international\\\/attaque-contre-charlie-hebdo-freres-activement-recherches-sept-personnes-en-garde-vue\\\/184259\\\/#primaryimage\"},\"image\":{\"@id\":\"https:\\\/\\\/www.webdo.tn\\\/fr\\\/actualite\\\/international\\\/attaque-contre-charlie-hebdo-freres-activement-recherches-sept-personnes-en-garde-vue\\\/184259\\\/#primaryimage\"},\"thumbnailUrl\":\"https:\\\/\\\/www.webdo.tn\\\/fr\\\/wp-content\\\/uploads\\\/2015\\\/01\\\/Cherid-et-Said-Kouachi.jpg\",\"datePublished\":\"2015-01-08T10:56:00+00:00\",\"dateModified\":\"2025-05-19T10:25:18+00:00\",\"description\":\"Attaque contre Charlie Hebdo : Deux fr\u00e8res activement recherch\u00e9s, sept personnes en garde \u00e0 vue\",\"breadcrumb\":{\"@id\":\"https:\\\/\\\/www.webdo.tn\\\/fr\\\/actualite\\\/international\\\/attaque-contre-charlie-hebdo-freres-activement-recherches-sept-personnes-en-garde-vue\\\/184259\\\/#breadcrumb\"},\"inLanguage\":\"fr-FR\",\"potentialAction\":[{\"@type\":\"ReadAction\",\"target\":[\"https:\\\/\\\/www.webdo.tn\\\/fr\\\/actualite\\\/international\\\/attaque-contre-charlie-hebdo-freres-activement-recherches-sept-personnes-en-garde-vue\\\/184259\\\/\"]}]},{\"@type\":\"ImageObject\",\"inLanguage\":\"fr-FR\",\"@id\":\"https:\\\/\\\/www.webdo.tn\\\/fr\\\/actualite\\\/international\\\/attaque-contre-charlie-hebdo-freres-activement-recherches-sept-personnes-en-garde-vue\\\/184259\\\/#primaryimage\",\"url\":\"https:\\\/\\\/www.webdo.tn\\\/fr\\\/wp-content\\\/uploads\\\/2015\\\/01\\\/Cherid-et-Said-Kouachi.jpg\",\"contentUrl\":\"https:\\\/\\\/www.webdo.tn\\\/fr\\\/wp-content\\\/uploads\\\/2015\\\/01\\\/Cherid-et-Said-Kouachi.jpg\",\"width\":500,\"height\":318,\"caption\":\"Attaque contre Charlie Hebdo : Deux fr\u00e8res activement recherch\u00e9s, sept personnes en garde \u00e0 vue\"},{\"@type\":\"BreadcrumbList\",\"@id\":\"https:\\\/\\\/www.webdo.tn\\\/fr\\\/actualite\\\/international\\\/attaque-contre-charlie-hebdo-freres-activement-recherches-sept-personnes-en-garde-vue\\\/184259\\\/#breadcrumb\",\"itemListElement\":[{\"@type\":\"ListItem\",\"position\":1,\"name\":\"Accueil\",\"item\":\"https:\\\/\\\/www.webdo.tn\\\/fr\\\/\"},{\"@type\":\"ListItem\",\"position\":2,\"name\":\"Attaque contre Charlie Hebdo : Deux fr\u00e8res activement recherch\u00e9s, sept personnes en garde \u00e0 vue\"}]},{\"@type\":\"WebSite\",\"@id\":\"https:\\\/\\\/www.webdo.tn\\\/fr\\\/#website\",\"url\":\"https:\\\/\\\/www.webdo.tn\\\/fr\\\/\",\"name\":\"webdo\",\"description\":\"Tunisie - News en Tunisie et \u00e0 l&#039;international sur Webdo.tn\",\"publisher\":{\"@id\":\"https:\\\/\\\/www.webdo.tn\\\/fr\\\/#organization\"},\"potentialAction\":[{\"@type\":\"SearchAction\",\"target\":{\"@type\":\"EntryPoint\",\"urlTemplate\":\"https:\\\/\\\/www.webdo.tn\\\/fr\\\/?s={search_term_string}\"},\"query-input\":{\"@type\":\"PropertyValueSpecification\",\"valueRequired\":true,\"valueName\":\"search_term_string\"}}],\"inLanguage\":\"fr-FR\"},{\"@type\":\"Organization\",\"@id\":\"https:\\\/\\\/www.webdo.tn\\\/fr\\\/#organization\",\"name\":\"Webdo\",\"alternateName\":\"Webdo.tn\",\"url\":\"https:\\\/\\\/www.webdo.tn\\\/fr\\\/\",\"logo\":{\"@type\":\"ImageObject\",\"inLanguage\":\"fr-FR\",\"@id\":\"https:\\\/\\\/www.webdo.tn\\\/fr\\\/#\\\/schema\\\/logo\\\/image\\\/\",\"url\":\"https:\\\/\\\/www.webdo.tn\\\/fr\\\/wp-content\\\/uploads\\\/2025\\\/06\\\/Webdo-Tunisie_168377.jpg\",\"contentUrl\":\"https:\\\/\\\/www.webdo.tn\\\/fr\\\/wp-content\\\/uploads\\\/2025\\\/06\\\/Webdo-Tunisie_168377.jpg\",\"width\":301,\"height\":301,\"caption\":\"Webdo\"},\"image\":{\"@id\":\"https:\\\/\\\/www.webdo.tn\\\/fr\\\/#\\\/schema\\\/logo\\\/image\\\/\"},\"sameAs\":[\"https:\\\/\\\/www.facebook.com\\\/webdotn\",\"https:\\\/\\\/x.com\\\/webdo_tn\"],\"description\":\"Webdo est un m\u00e9dia num\u00e9rique tunisien fond\u00e9 en 2010, sp\u00e9cialis\u00e9 dans l\u2019actualit\u00e9 nationale et internationale, l\u2019\u00e9conomie, la soci\u00e9t\u00e9 et les analyses politiques. Le site s\u2019adresse \u00e0 un large public francophone et couvre l\u2019information tunisienne en temps r\u00e9el.\",\"email\":\"redac@webdo.tn\",\"legalName\":\"YNJ SARL\",\"foundingDate\":\"2010-09-06\",\"numberOfEmployees\":{\"@type\":\"QuantitativeValue\",\"minValue\":\"11\",\"maxValue\":\"50\"}},{\"@type\":\"Person\",\"@id\":\"https:\\\/\\\/www.webdo.tn\\\/fr\\\/#\\\/schema\\\/person\\\/9a9c6118d687c117df8ef3cc36a4d175\",\"name\":\"webdo.tn\",\"image\":{\"@type\":\"ImageObject\",\"inLanguage\":\"fr-FR\",\"@id\":\"https:\\\/\\\/secure.gravatar.com\\\/avatar\\\/7ce1f28c0c3bbac99ff550b85ef8e44a6950c6ee24514fb6a5489e51d06f0298?s=96&d=mm&r=g\",\"url\":\"https:\\\/\\\/secure.gravatar.com\\\/avatar\\\/7ce1f28c0c3bbac99ff550b85ef8e44a6950c6ee24514fb6a5489e51d06f0298?s=96&d=mm&r=g\",\"contentUrl\":\"https:\\\/\\\/secure.gravatar.com\\\/avatar\\\/7ce1f28c0c3bbac99ff550b85ef8e44a6950c6ee24514fb6a5489e51d06f0298?s=96&d=mm&r=g\",\"caption\":\"webdo.tn\"},\"url\":\"https:\\\/\\\/www.webdo.tn\\\/fr\\\/actualite\\\/author\\\/webdotn\\\/\"}]}<\/script>\n<!-- \/ Yoast SEO Premium plugin. -->","yoast_head_json":{"title":"Attaque contre Charlie Hebdo : Deux fr\u00e8res activement recherch\u00e9s, sept personnes en garde \u00e0 vue","description":"Attaque contre Charlie Hebdo : Deux fr\u00e8res activement recherch\u00e9s, sept personnes en garde \u00e0 vue","canonical":"https:\/\/www.webdo.tn\/fr\/actualite\/international\/attaque-contre-charlie-hebdo-freres-activement-recherches-sept-personnes-en-garde-vue\/184259\/","og_locale":"fr_FR","og_type":"article","og_title":"Attaque contre Charlie Hebdo : Deux fr\u00e8res activement recherch\u00e9s, sept personnes en garde \u00e0 vue","og_description":"Attaque contre Charlie Hebdo : Deux fr\u00e8res activement recherch\u00e9s, sept personnes en garde \u00e0 vue","og_url":"https:\/\/www.webdo.tn\/fr\/actualite\/international\/attaque-contre-charlie-hebdo-freres-activement-recherches-sept-personnes-en-garde-vue\/184259\/","og_site_name":"webdo","article_publisher":"https:\/\/www.facebook.com\/webdotn","article_published_time":"2015-01-08T10:56:00+00:00","article_modified_time":"2025-05-19T10:25:18+00:00","og_image":[{"width":500,"height":318,"url":"https:\/\/www.webdo.tn\/fr\/wp-content\/uploads\/2015\/01\/Cherid-et-Said-Kouachi.jpg","type":"image\/jpeg"}],"author":"webdo.tn","twitter_card":"summary_large_image","twitter_creator":"@webdo_tn","twitter_site":"@webdo_tn","twitter_misc":{"\u00c9crit par":"webdo.tn","Dur\u00e9e de lecture estim\u00e9e":"2 minutes"},"schema":{"@context":"https:\/\/schema.org","@graph":[{"@type":"NewsArticle","@id":"https:\/\/www.webdo.tn\/fr\/actualite\/international\/attaque-contre-charlie-hebdo-freres-activement-recherches-sept-personnes-en-garde-vue\/184259\/#article","isPartOf":{"@id":"https:\/\/www.webdo.tn\/fr\/actualite\/international\/attaque-contre-charlie-hebdo-freres-activement-recherches-sept-personnes-en-garde-vue\/184259\/"},"author":{"name":"webdo.tn","@id":"https:\/\/www.webdo.tn\/fr\/#\/schema\/person\/9a9c6118d687c117df8ef3cc36a4d175"},"headline":"Attaque contre Charlie Hebdo : Deux fr\u00e8res activement recherch\u00e9s, sept personnes en garde \u00e0 vue","datePublished":"2015-01-08T10:56:00+00:00","dateModified":"2025-05-19T10:25:18+00:00","mainEntityOfPage":{"@id":"https:\/\/www.webdo.tn\/fr\/actualite\/international\/attaque-contre-charlie-hebdo-freres-activement-recherches-sept-personnes-en-garde-vue\/184259\/"},"wordCount":495,"commentCount":0,"publisher":{"@id":"https:\/\/www.webdo.tn\/fr\/#organization"},"image":{"@id":"https:\/\/www.webdo.tn\/fr\/actualite\/international\/attaque-contre-charlie-hebdo-freres-activement-recherches-sept-personnes-en-garde-vue\/184259\/#primaryimage"},"thumbnailUrl":"https:\/\/www.webdo.tn\/fr\/wp-content\/uploads\/2015\/01\/Cherid-et-Said-Kouachi.jpg","keywords":["guerre"],"articleSection":["International"],"inLanguage":"fr-FR"},{"@type":"WebPage","@id":"https:\/\/www.webdo.tn\/fr\/actualite\/international\/attaque-contre-charlie-hebdo-freres-activement-recherches-sept-personnes-en-garde-vue\/184259\/","url":"https:\/\/www.webdo.tn\/fr\/actualite\/international\/attaque-contre-charlie-hebdo-freres-activement-recherches-sept-personnes-en-garde-vue\/184259\/","name":"Attaque contre Charlie Hebdo : Deux fr\u00e8res activement recherch\u00e9s, sept personnes en garde \u00e0 vue","isPartOf":{"@id":"https:\/\/www.webdo.tn\/fr\/#website"},"primaryImageOfPage":{"@id":"https:\/\/www.webdo.tn\/fr\/actualite\/international\/attaque-contre-charlie-hebdo-freres-activement-recherches-sept-personnes-en-garde-vue\/184259\/#primaryimage"},"image":{"@id":"https:\/\/www.webdo.tn\/fr\/actualite\/international\/attaque-contre-charlie-hebdo-freres-activement-recherches-sept-personnes-en-garde-vue\/184259\/#primaryimage"},"thumbnailUrl":"https:\/\/www.webdo.tn\/fr\/wp-content\/uploads\/2015\/01\/Cherid-et-Said-Kouachi.jpg","datePublished":"2015-01-08T10:56:00+00:00","dateModified":"2025-05-19T10:25:18+00:00","description":"Attaque contre Charlie Hebdo : Deux fr\u00e8res activement recherch\u00e9s, sept personnes en garde \u00e0 vue","breadcrumb":{"@id":"https:\/\/www.webdo.tn\/fr\/actualite\/international\/attaque-contre-charlie-hebdo-freres-activement-recherches-sept-personnes-en-garde-vue\/184259\/#breadcrumb"},"inLanguage":"fr-FR","potentialAction":[{"@type":"ReadAction","target":["https:\/\/www.webdo.tn\/fr\/actualite\/international\/attaque-contre-charlie-hebdo-freres-activement-recherches-sept-personnes-en-garde-vue\/184259\/"]}]},{"@type":"ImageObject","inLanguage":"fr-FR","@id":"https:\/\/www.webdo.tn\/fr\/actualite\/international\/attaque-contre-charlie-hebdo-freres-activement-recherches-sept-personnes-en-garde-vue\/184259\/#primaryimage","url":"https:\/\/www.webdo.tn\/fr\/wp-content\/uploads\/2015\/01\/Cherid-et-Said-Kouachi.jpg","contentUrl":"https:\/\/www.webdo.tn\/fr\/wp-content\/uploads\/2015\/01\/Cherid-et-Said-Kouachi.jpg","width":500,"height":318,"caption":"Attaque contre Charlie Hebdo : Deux fr\u00e8res activement recherch\u00e9s, sept personnes en garde \u00e0 vue"},{"@type":"BreadcrumbList","@id":"https:\/\/www.webdo.tn\/fr\/actualite\/international\/attaque-contre-charlie-hebdo-freres-activement-recherches-sept-personnes-en-garde-vue\/184259\/#breadcrumb","itemListElement":[{"@type":"ListItem","position":1,"name":"Accueil","item":"https:\/\/www.webdo.tn\/fr\/"},{"@type":"ListItem","position":2,"name":"Attaque contre Charlie Hebdo : Deux fr\u00e8res activement recherch\u00e9s, sept personnes en garde \u00e0 vue"}]},{"@type":"WebSite","@id":"https:\/\/www.webdo.tn\/fr\/#website","url":"https:\/\/www.webdo.tn\/fr\/","name":"webdo","description":"Tunisie - News en Tunisie et \u00e0 l&#039;international sur Webdo.tn","publisher":{"@id":"https:\/\/www.webdo.tn\/fr\/#organization"},"potentialAction":[{"@type":"SearchAction","target":{"@type":"EntryPoint","urlTemplate":"https:\/\/www.webdo.tn\/fr\/?s={search_term_string}"},"query-input":{"@type":"PropertyValueSpecification","valueRequired":true,"valueName":"search_term_string"}}],"inLanguage":"fr-FR"},{"@type":"Organization","@id":"https:\/\/www.webdo.tn\/fr\/#organization","name":"Webdo","alternateName":"Webdo.tn","url":"https:\/\/www.webdo.tn\/fr\/","logo":{"@type":"ImageObject","inLanguage":"fr-FR","@id":"https:\/\/www.webdo.tn\/fr\/#\/schema\/logo\/image\/","url":"https:\/\/www.webdo.tn\/fr\/wp-content\/uploads\/2025\/06\/Webdo-Tunisie_168377.jpg","contentUrl":"https:\/\/www.webdo.tn\/fr\/wp-content\/uploads\/2025\/06\/Webdo-Tunisie_168377.jpg","width":301,"height":301,"caption":"Webdo"},"image":{"@id":"https:\/\/www.webdo.tn\/fr\/#\/schema\/logo\/image\/"},"sameAs":["https:\/\/www.facebook.com\/webdotn","https:\/\/x.com\/webdo_tn"],"description":"Webdo est un m\u00e9dia num\u00e9rique tunisien fond\u00e9 en 2010, sp\u00e9cialis\u00e9 dans l\u2019actualit\u00e9 nationale et internationale, l\u2019\u00e9conomie, la soci\u00e9t\u00e9 et les analyses politiques. Le site s\u2019adresse \u00e0 un large public francophone et couvre l\u2019information tunisienne en temps r\u00e9el.","email":"redac@webdo.tn","legalName":"YNJ SARL","foundingDate":"2010-09-06","numberOfEmployees":{"@type":"QuantitativeValue","minValue":"11","maxValue":"50"}},{"@type":"Person","@id":"https:\/\/www.webdo.tn\/fr\/#\/schema\/person\/9a9c6118d687c117df8ef3cc36a4d175","name":"webdo.tn","image":{"@type":"ImageObject","inLanguage":"fr-FR","@id":"https:\/\/secure.gravatar.com\/avatar\/7ce1f28c0c3bbac99ff550b85ef8e44a6950c6ee24514fb6a5489e51d06f0298?s=96&d=mm&r=g","url":"https:\/\/secure.gravatar.com\/avatar\/7ce1f28c0c3bbac99ff550b85ef8e44a6950c6ee24514fb6a5489e51d06f0298?s=96&d=mm&r=g","contentUrl":"https:\/\/secure.gravatar.com\/avatar\/7ce1f28c0c3bbac99ff550b85ef8e44a6950c6ee24514fb6a5489e51d06f0298?s=96&d=mm&r=g","caption":"webdo.tn"},"url":"https:\/\/www.webdo.tn\/fr\/actualite\/author\/webdotn\/"}]}},"_links":{"self":[{"href":"https:\/\/www.webdo.tn\/fr\/wp-json\/wp\/v2\/posts\/184259","targetHints":{"allow":["GET"]}}],"collection":[{"href":"https:\/\/www.webdo.tn\/fr\/wp-json\/wp\/v2\/posts"}],"about":[{"href":"https:\/\/www.webdo.tn\/fr\/wp-json\/wp\/v2\/types\/post"}],"author":[{"embeddable":true,"href":"https:\/\/www.webdo.tn\/fr\/wp-json\/wp\/v2\/users\/3222"}],"replies":[{"embeddable":true,"href":"https:\/\/www.webdo.tn\/fr\/wp-json\/wp\/v2\/comments?post=184259"}],"version-history":[{"count":0,"href":"https:\/\/www.webdo.tn\/fr\/wp-json\/wp\/v2\/posts\/184259\/revisions"}],"wp:featuredmedia":[{"embeddable":true,"href":"https:\/\/www.webdo.tn\/fr\/wp-json\/wp\/v2\/media\/319368"}],"wp:attachment":[{"href":"https:\/\/www.webdo.tn\/fr\/wp-json\/wp\/v2\/media?parent=184259"}],"wp:term":[{"taxonomy":"category","embeddable":true,"href":"https:\/\/www.webdo.tn\/fr\/wp-json\/wp\/v2\/categories?post=184259"},{"taxonomy":"post_tag","embeddable":true,"href":"https:\/\/www.webdo.tn\/fr\/wp-json\/wp\/v2\/tags?post=184259"}],"curies":[{"name":"wp","href":"https:\/\/api.w.org\/{rel}","templated":true}]}}