{"id":184255,"date":"2015-01-09T12:14:00","date_gmt":"2015-01-09T12:14:00","guid":{"rendered":"https:\/\/www.webdo.tn\/fr\/blog\/france-le-suspect-de-la-fusillade-au-sud-de-paris-aurait-un-lien-avec-les-freres-kouachi\/184255\/"},"modified":"2015-01-09T12:14:00","modified_gmt":"2015-01-09T12:14:00","slug":"france-le-suspect-de-la-fusillade-au-sud-de-paris-aurait-un-lien-avec-les-freres-kouachi","status":"publish","type":"post","link":"https:\/\/www.webdo.tn\/fr\/actualite\/international\/france-le-suspect-de-la-fusillade-au-sud-de-paris-aurait-un-lien-avec-les-freres-kouachi\/184255\/","title":{"rendered":"France : Le suspect de la fusillade au sud de Paris aurait un lien avec les fr\u00e8res Kouachi"},"content":{"rendered":"<p>Un homme suspect\u00e9 d&rsquo;\u00eatre l&rsquo;auteur de la fusillade dans laquelle une polici\u00e8re a trouv\u00e9 la mort et une autre personne gri\u00e8vement bless\u00e9e, ce jeudi 8 janvier au sud de Paris, a \u00e9t\u00e9 identifi\u00e9, et deux de ses proches ont \u00e9t\u00e9 interpell\u00e9s ce vendredi matin, rapporte l\u2019AFP.<\/p>\n<p>D\u2019apr\u00e8s les m\u00e9dias fran\u00e7ais, un lien entre le tireur et les fr\u00e8res Ch\u00e9rif et Said Kouachi a \u00e9t\u00e9 \u00e9tabli. Ils se connaissent et sont tous trois issus de la m\u00eame fili\u00e8re djihadiste des Buttes-Chaumont.<\/p>\n<p>L&rsquo;enqu\u00eate a \u00e9t\u00e9 confi\u00e9e aux magistrats antiterroristes sp\u00e9cialis\u00e9s du parquet de Paris, au vu du contexte actuel et de l&rsquo;armement lourd dont \u00e9tait \u00e9quip\u00e9 le tireur, moins de 24 heures apr\u00e8s l\u2019attaque contre Charlie Hebdo.<\/p>\n<p>Le tireur, porteur d&rsquo;un gilet pare-balles et \u00e9quip\u00e9 d&rsquo;une arme de poing et d&rsquo;un fusil mitrailleur, avait ouvert le feu sur une jeune polici\u00e8re municipale et un agent de voirie avant de prendre la fuite.<\/p>\n<p>La jeune femme, \u00e2g\u00e9e de 26 ans, est d\u00e9c\u00e9d\u00e9e peu apr\u00e8s. L&rsquo;agent de voirie a \u00e9t\u00e9 gri\u00e8vement bless\u00e9.<\/p>\n","protected":false},"excerpt":{"rendered":"<p>France : Le suspect de la fusillade au sud de Paris aurait un lien avec les fr\u00e8res Kouachi<\/p>\n","protected":false},"author":3222,"featured_media":330893,"comment_status":"open","ping_status":"closed","sticky":false,"template":"","format":"standard","meta":{"footnotes":""},"categories":[2598],"tags":[2600],"class_list":["post-184255","post","type-post","status-publish","format-standard","has-post-thumbnail","hentry","category-international","tag-guerre"],"yoast_head":"<!-- This site is optimized with the Yoast SEO Premium plugin v27.5 (Yoast SEO v27.5) - https:\/\/yoast.com\/product\/yoast-seo-premium-wordpress\/ -->\n<title>France : Le suspect de la fusillade au sud de Paris aurait un lien avec les fr\u00e8res Kouachi<\/title>\n<meta name=\"description\" content=\"France : Le suspect de la fusillade au sud de Paris aurait un lien avec les fr\u00e8res Kouachi\" \/>\n<link rel=\"canonical\" href=\"https:\/\/www.webdo.tn\/fr\/actualite\/international\/france-le-suspect-de-la-fusillade-au-sud-de-paris-aurait-un-lien-avec-les-freres-kouachi\/184255\/\" \/>\n<meta property=\"og:locale\" content=\"fr_FR\" \/>\n<meta property=\"og:type\" content=\"article\" \/>\n<meta property=\"og:title\" content=\"France : Le suspect de la fusillade au sud de Paris aurait un lien avec les fr\u00e8res Kouachi\" \/>\n<meta property=\"og:description\" content=\"France : Le suspect de la fusillade au sud de Paris aurait un lien avec les fr\u00e8res Kouachi\" \/>\n<meta property=\"og:url\" content=\"https:\/\/www.webdo.tn\/fr\/actualite\/international\/france-le-suspect-de-la-fusillade-au-sud-de-paris-aurait-un-lien-avec-les-freres-kouachi\/184255\/\" \/>\n<meta property=\"og:site_name\" content=\"webdo\" \/>\n<meta property=\"article:publisher\" content=\"https:\/\/www.facebook.com\/webdotn\" \/>\n<meta property=\"article:published_time\" content=\"2015-01-09T12:14:00+00:00\" \/>\n<meta property=\"og:image\" content=\"https:\/\/www.webdo.tn\/fr\/wp-content\/uploads\/2015\/01\/webdo_default-76.jpg\" \/>\n\t<meta property=\"og:image:width\" content=\"800\" \/>\n\t<meta property=\"og:image:height\" content=\"500\" \/>\n\t<meta property=\"og:image:type\" content=\"image\/jpeg\" \/>\n<meta name=\"author\" content=\"webdo.tn\" \/>\n<meta name=\"twitter:card\" content=\"summary_large_image\" \/>\n<meta name=\"twitter:creator\" content=\"@webdo_tn\" \/>\n<meta name=\"twitter:site\" content=\"@webdo_tn\" \/>\n<meta name=\"twitter:label1\" content=\"\u00c9crit par\" \/>\n\t<meta name=\"twitter:data1\" content=\"webdo.tn\" \/>\n\t<meta name=\"twitter:label2\" content=\"Dur\u00e9e de lecture estim\u00e9e\" \/>\n\t<meta name=\"twitter:data2\" content=\"1 minute\" \/>\n<script type=\"application\/ld+json\" class=\"yoast-schema-graph\">{\"@context\":\"https:\\\/\\\/schema.org\",\"@graph\":[{\"@type\":\"NewsArticle\",\"@id\":\"https:\\\/\\\/www.webdo.tn\\\/fr\\\/actualite\\\/international\\\/france-le-suspect-de-la-fusillade-au-sud-de-paris-aurait-un-lien-avec-les-freres-kouachi\\\/184255\\\/#article\",\"isPartOf\":{\"@id\":\"https:\\\/\\\/www.webdo.tn\\\/fr\\\/actualite\\\/international\\\/france-le-suspect-de-la-fusillade-au-sud-de-paris-aurait-un-lien-avec-les-freres-kouachi\\\/184255\\\/\"},\"author\":{\"name\":\"webdo.tn\",\"@id\":\"https:\\\/\\\/www.webdo.tn\\\/fr\\\/#\\\/schema\\\/person\\\/9a9c6118d687c117df8ef3cc36a4d175\"},\"headline\":\"France : Le suspect de la fusillade au sud de Paris aurait un lien avec les fr\u00e8res Kouachi\",\"datePublished\":\"2015-01-09T12:14:00+00:00\",\"mainEntityOfPage\":{\"@id\":\"https:\\\/\\\/www.webdo.tn\\\/fr\\\/actualite\\\/international\\\/france-le-suspect-de-la-fusillade-au-sud-de-paris-aurait-un-lien-avec-les-freres-kouachi\\\/184255\\\/\"},\"wordCount\":217,\"commentCount\":0,\"publisher\":{\"@id\":\"https:\\\/\\\/www.webdo.tn\\\/fr\\\/#organization\"},\"image\":{\"@id\":\"https:\\\/\\\/www.webdo.tn\\\/fr\\\/actualite\\\/international\\\/france-le-suspect-de-la-fusillade-au-sud-de-paris-aurait-un-lien-avec-les-freres-kouachi\\\/184255\\\/#primaryimage\"},\"thumbnailUrl\":\"https:\\\/\\\/www.webdo.tn\\\/fr\\\/wp-content\\\/uploads\\\/2015\\\/01\\\/webdo_default-76.jpg\",\"keywords\":[\"guerre\"],\"articleSection\":[\"International\"],\"inLanguage\":\"fr-FR\"},{\"@type\":\"WebPage\",\"@id\":\"https:\\\/\\\/www.webdo.tn\\\/fr\\\/actualite\\\/international\\\/france-le-suspect-de-la-fusillade-au-sud-de-paris-aurait-un-lien-avec-les-freres-kouachi\\\/184255\\\/\",\"url\":\"https:\\\/\\\/www.webdo.tn\\\/fr\\\/actualite\\\/international\\\/france-le-suspect-de-la-fusillade-au-sud-de-paris-aurait-un-lien-avec-les-freres-kouachi\\\/184255\\\/\",\"name\":\"France : Le suspect de la fusillade au sud de Paris aurait un lien avec les fr\u00e8res Kouachi\",\"isPartOf\":{\"@id\":\"https:\\\/\\\/www.webdo.tn\\\/fr\\\/#website\"},\"primaryImageOfPage\":{\"@id\":\"https:\\\/\\\/www.webdo.tn\\\/fr\\\/actualite\\\/international\\\/france-le-suspect-de-la-fusillade-au-sud-de-paris-aurait-un-lien-avec-les-freres-kouachi\\\/184255\\\/#primaryimage\"},\"image\":{\"@id\":\"https:\\\/\\\/www.webdo.tn\\\/fr\\\/actualite\\\/international\\\/france-le-suspect-de-la-fusillade-au-sud-de-paris-aurait-un-lien-avec-les-freres-kouachi\\\/184255\\\/#primaryimage\"},\"thumbnailUrl\":\"https:\\\/\\\/www.webdo.tn\\\/fr\\\/wp-content\\\/uploads\\\/2015\\\/01\\\/webdo_default-76.jpg\",\"datePublished\":\"2015-01-09T12:14:00+00:00\",\"description\":\"France : Le suspect de la fusillade au sud de Paris aurait un lien avec les fr\u00e8res Kouachi\",\"breadcrumb\":{\"@id\":\"https:\\\/\\\/www.webdo.tn\\\/fr\\\/actualite\\\/international\\\/france-le-suspect-de-la-fusillade-au-sud-de-paris-aurait-un-lien-avec-les-freres-kouachi\\\/184255\\\/#breadcrumb\"},\"inLanguage\":\"fr-FR\",\"potentialAction\":[{\"@type\":\"ReadAction\",\"target\":[\"https:\\\/\\\/www.webdo.tn\\\/fr\\\/actualite\\\/international\\\/france-le-suspect-de-la-fusillade-au-sud-de-paris-aurait-un-lien-avec-les-freres-kouachi\\\/184255\\\/\"]}]},{\"@type\":\"ImageObject\",\"inLanguage\":\"fr-FR\",\"@id\":\"https:\\\/\\\/www.webdo.tn\\\/fr\\\/actualite\\\/international\\\/france-le-suspect-de-la-fusillade-au-sud-de-paris-aurait-un-lien-avec-les-freres-kouachi\\\/184255\\\/#primaryimage\",\"url\":\"https:\\\/\\\/www.webdo.tn\\\/fr\\\/wp-content\\\/uploads\\\/2015\\\/01\\\/webdo_default-76.jpg\",\"contentUrl\":\"https:\\\/\\\/www.webdo.tn\\\/fr\\\/wp-content\\\/uploads\\\/2015\\\/01\\\/webdo_default-76.jpg\",\"width\":800,\"height\":500,\"caption\":\"France : Le suspect de la fusillade au sud de Paris aurait un lien avec les fr\u00e8res Kouachi\"},{\"@type\":\"BreadcrumbList\",\"@id\":\"https:\\\/\\\/www.webdo.tn\\\/fr\\\/actualite\\\/international\\\/france-le-suspect-de-la-fusillade-au-sud-de-paris-aurait-un-lien-avec-les-freres-kouachi\\\/184255\\\/#breadcrumb\",\"itemListElement\":[{\"@type\":\"ListItem\",\"position\":1,\"name\":\"Accueil\",\"item\":\"https:\\\/\\\/www.webdo.tn\\\/fr\\\/\"},{\"@type\":\"ListItem\",\"position\":2,\"name\":\"France : Le suspect de la fusillade au sud de Paris aurait un lien avec les fr\u00e8res Kouachi\"}]},{\"@type\":\"WebSite\",\"@id\":\"https:\\\/\\\/www.webdo.tn\\\/fr\\\/#website\",\"url\":\"https:\\\/\\\/www.webdo.tn\\\/fr\\\/\",\"name\":\"webdo\",\"description\":\"Tunisie - News en Tunisie et \u00e0 l&#039;international sur Webdo.tn\",\"publisher\":{\"@id\":\"https:\\\/\\\/www.webdo.tn\\\/fr\\\/#organization\"},\"potentialAction\":[{\"@type\":\"SearchAction\",\"target\":{\"@type\":\"EntryPoint\",\"urlTemplate\":\"https:\\\/\\\/www.webdo.tn\\\/fr\\\/?s={search_term_string}\"},\"query-input\":{\"@type\":\"PropertyValueSpecification\",\"valueRequired\":true,\"valueName\":\"search_term_string\"}}],\"inLanguage\":\"fr-FR\"},{\"@type\":\"Organization\",\"@id\":\"https:\\\/\\\/www.webdo.tn\\\/fr\\\/#organization\",\"name\":\"Webdo\",\"alternateName\":\"Webdo.tn\",\"url\":\"https:\\\/\\\/www.webdo.tn\\\/fr\\\/\",\"logo\":{\"@type\":\"ImageObject\",\"inLanguage\":\"fr-FR\",\"@id\":\"https:\\\/\\\/www.webdo.tn\\\/fr\\\/#\\\/schema\\\/logo\\\/image\\\/\",\"url\":\"https:\\\/\\\/www.webdo.tn\\\/fr\\\/wp-content\\\/uploads\\\/2025\\\/06\\\/Webdo-Tunisie_168377.jpg\",\"contentUrl\":\"https:\\\/\\\/www.webdo.tn\\\/fr\\\/wp-content\\\/uploads\\\/2025\\\/06\\\/Webdo-Tunisie_168377.jpg\",\"width\":301,\"height\":301,\"caption\":\"Webdo\"},\"image\":{\"@id\":\"https:\\\/\\\/www.webdo.tn\\\/fr\\\/#\\\/schema\\\/logo\\\/image\\\/\"},\"sameAs\":[\"https:\\\/\\\/www.facebook.com\\\/webdotn\",\"https:\\\/\\\/x.com\\\/webdo_tn\"],\"description\":\"Webdo est un m\u00e9dia num\u00e9rique tunisien fond\u00e9 en 2010, sp\u00e9cialis\u00e9 dans l\u2019actualit\u00e9 nationale et internationale, l\u2019\u00e9conomie, la soci\u00e9t\u00e9 et les analyses politiques. Le site s\u2019adresse \u00e0 un large public francophone et couvre l\u2019information tunisienne en temps r\u00e9el.\",\"email\":\"redac@webdo.tn\",\"legalName\":\"YNJ SARL\",\"foundingDate\":\"2010-09-06\",\"numberOfEmployees\":{\"@type\":\"QuantitativeValue\",\"minValue\":\"11\",\"maxValue\":\"50\"}},{\"@type\":\"Person\",\"@id\":\"https:\\\/\\\/www.webdo.tn\\\/fr\\\/#\\\/schema\\\/person\\\/9a9c6118d687c117df8ef3cc36a4d175\",\"name\":\"webdo.tn\",\"image\":{\"@type\":\"ImageObject\",\"inLanguage\":\"fr-FR\",\"@id\":\"https:\\\/\\\/secure.gravatar.com\\\/avatar\\\/7ce1f28c0c3bbac99ff550b85ef8e44a6950c6ee24514fb6a5489e51d06f0298?s=96&d=mm&r=g\",\"url\":\"https:\\\/\\\/secure.gravatar.com\\\/avatar\\\/7ce1f28c0c3bbac99ff550b85ef8e44a6950c6ee24514fb6a5489e51d06f0298?s=96&d=mm&r=g\",\"contentUrl\":\"https:\\\/\\\/secure.gravatar.com\\\/avatar\\\/7ce1f28c0c3bbac99ff550b85ef8e44a6950c6ee24514fb6a5489e51d06f0298?s=96&d=mm&r=g\",\"caption\":\"webdo.tn\"},\"url\":\"https:\\\/\\\/www.webdo.tn\\\/fr\\\/actualite\\\/author\\\/webdotn\\\/\"}]}<\/script>\n<!-- \/ Yoast SEO Premium plugin. -->","yoast_head_json":{"title":"France : Le suspect de la fusillade au sud de Paris aurait un lien avec les fr\u00e8res Kouachi","description":"France : Le suspect de la fusillade au sud de Paris aurait un lien avec les fr\u00e8res Kouachi","canonical":"https:\/\/www.webdo.tn\/fr\/actualite\/international\/france-le-suspect-de-la-fusillade-au-sud-de-paris-aurait-un-lien-avec-les-freres-kouachi\/184255\/","og_locale":"fr_FR","og_type":"article","og_title":"France : Le suspect de la fusillade au sud de Paris aurait un lien avec les fr\u00e8res Kouachi","og_description":"France : Le suspect de la fusillade au sud de Paris aurait un lien avec les fr\u00e8res Kouachi","og_url":"https:\/\/www.webdo.tn\/fr\/actualite\/international\/france-le-suspect-de-la-fusillade-au-sud-de-paris-aurait-un-lien-avec-les-freres-kouachi\/184255\/","og_site_name":"webdo","article_publisher":"https:\/\/www.facebook.com\/webdotn","article_published_time":"2015-01-09T12:14:00+00:00","og_image":[{"width":800,"height":500,"url":"https:\/\/www.webdo.tn\/fr\/wp-content\/uploads\/2015\/01\/webdo_default-76.jpg","type":"image\/jpeg"}],"author":"webdo.tn","twitter_card":"summary_large_image","twitter_creator":"@webdo_tn","twitter_site":"@webdo_tn","twitter_misc":{"\u00c9crit par":"webdo.tn","Dur\u00e9e de lecture estim\u00e9e":"1 minute"},"schema":{"@context":"https:\/\/schema.org","@graph":[{"@type":"NewsArticle","@id":"https:\/\/www.webdo.tn\/fr\/actualite\/international\/france-le-suspect-de-la-fusillade-au-sud-de-paris-aurait-un-lien-avec-les-freres-kouachi\/184255\/#article","isPartOf":{"@id":"https:\/\/www.webdo.tn\/fr\/actualite\/international\/france-le-suspect-de-la-fusillade-au-sud-de-paris-aurait-un-lien-avec-les-freres-kouachi\/184255\/"},"author":{"name":"webdo.tn","@id":"https:\/\/www.webdo.tn\/fr\/#\/schema\/person\/9a9c6118d687c117df8ef3cc36a4d175"},"headline":"France : Le suspect de la fusillade au sud de Paris aurait un lien avec les fr\u00e8res Kouachi","datePublished":"2015-01-09T12:14:00+00:00","mainEntityOfPage":{"@id":"https:\/\/www.webdo.tn\/fr\/actualite\/international\/france-le-suspect-de-la-fusillade-au-sud-de-paris-aurait-un-lien-avec-les-freres-kouachi\/184255\/"},"wordCount":217,"commentCount":0,"publisher":{"@id":"https:\/\/www.webdo.tn\/fr\/#organization"},"image":{"@id":"https:\/\/www.webdo.tn\/fr\/actualite\/international\/france-le-suspect-de-la-fusillade-au-sud-de-paris-aurait-un-lien-avec-les-freres-kouachi\/184255\/#primaryimage"},"thumbnailUrl":"https:\/\/www.webdo.tn\/fr\/wp-content\/uploads\/2015\/01\/webdo_default-76.jpg","keywords":["guerre"],"articleSection":["International"],"inLanguage":"fr-FR"},{"@type":"WebPage","@id":"https:\/\/www.webdo.tn\/fr\/actualite\/international\/france-le-suspect-de-la-fusillade-au-sud-de-paris-aurait-un-lien-avec-les-freres-kouachi\/184255\/","url":"https:\/\/www.webdo.tn\/fr\/actualite\/international\/france-le-suspect-de-la-fusillade-au-sud-de-paris-aurait-un-lien-avec-les-freres-kouachi\/184255\/","name":"France : Le suspect de la fusillade au sud de Paris aurait un lien avec les fr\u00e8res Kouachi","isPartOf":{"@id":"https:\/\/www.webdo.tn\/fr\/#website"},"primaryImageOfPage":{"@id":"https:\/\/www.webdo.tn\/fr\/actualite\/international\/france-le-suspect-de-la-fusillade-au-sud-de-paris-aurait-un-lien-avec-les-freres-kouachi\/184255\/#primaryimage"},"image":{"@id":"https:\/\/www.webdo.tn\/fr\/actualite\/international\/france-le-suspect-de-la-fusillade-au-sud-de-paris-aurait-un-lien-avec-les-freres-kouachi\/184255\/#primaryimage"},"thumbnailUrl":"https:\/\/www.webdo.tn\/fr\/wp-content\/uploads\/2015\/01\/webdo_default-76.jpg","datePublished":"2015-01-09T12:14:00+00:00","description":"France : Le suspect de la fusillade au sud de Paris aurait un lien avec les fr\u00e8res Kouachi","breadcrumb":{"@id":"https:\/\/www.webdo.tn\/fr\/actualite\/international\/france-le-suspect-de-la-fusillade-au-sud-de-paris-aurait-un-lien-avec-les-freres-kouachi\/184255\/#breadcrumb"},"inLanguage":"fr-FR","potentialAction":[{"@type":"ReadAction","target":["https:\/\/www.webdo.tn\/fr\/actualite\/international\/france-le-suspect-de-la-fusillade-au-sud-de-paris-aurait-un-lien-avec-les-freres-kouachi\/184255\/"]}]},{"@type":"ImageObject","inLanguage":"fr-FR","@id":"https:\/\/www.webdo.tn\/fr\/actualite\/international\/france-le-suspect-de-la-fusillade-au-sud-de-paris-aurait-un-lien-avec-les-freres-kouachi\/184255\/#primaryimage","url":"https:\/\/www.webdo.tn\/fr\/wp-content\/uploads\/2015\/01\/webdo_default-76.jpg","contentUrl":"https:\/\/www.webdo.tn\/fr\/wp-content\/uploads\/2015\/01\/webdo_default-76.jpg","width":800,"height":500,"caption":"France : Le suspect de la fusillade au sud de Paris aurait un lien avec les fr\u00e8res Kouachi"},{"@type":"BreadcrumbList","@id":"https:\/\/www.webdo.tn\/fr\/actualite\/international\/france-le-suspect-de-la-fusillade-au-sud-de-paris-aurait-un-lien-avec-les-freres-kouachi\/184255\/#breadcrumb","itemListElement":[{"@type":"ListItem","position":1,"name":"Accueil","item":"https:\/\/www.webdo.tn\/fr\/"},{"@type":"ListItem","position":2,"name":"France : Le suspect de la fusillade au sud de Paris aurait un lien avec les fr\u00e8res Kouachi"}]},{"@type":"WebSite","@id":"https:\/\/www.webdo.tn\/fr\/#website","url":"https:\/\/www.webdo.tn\/fr\/","name":"webdo","description":"Tunisie - News en Tunisie et \u00e0 l&#039;international sur Webdo.tn","publisher":{"@id":"https:\/\/www.webdo.tn\/fr\/#organization"},"potentialAction":[{"@type":"SearchAction","target":{"@type":"EntryPoint","urlTemplate":"https:\/\/www.webdo.tn\/fr\/?s={search_term_string}"},"query-input":{"@type":"PropertyValueSpecification","valueRequired":true,"valueName":"search_term_string"}}],"inLanguage":"fr-FR"},{"@type":"Organization","@id":"https:\/\/www.webdo.tn\/fr\/#organization","name":"Webdo","alternateName":"Webdo.tn","url":"https:\/\/www.webdo.tn\/fr\/","logo":{"@type":"ImageObject","inLanguage":"fr-FR","@id":"https:\/\/www.webdo.tn\/fr\/#\/schema\/logo\/image\/","url":"https:\/\/www.webdo.tn\/fr\/wp-content\/uploads\/2025\/06\/Webdo-Tunisie_168377.jpg","contentUrl":"https:\/\/www.webdo.tn\/fr\/wp-content\/uploads\/2025\/06\/Webdo-Tunisie_168377.jpg","width":301,"height":301,"caption":"Webdo"},"image":{"@id":"https:\/\/www.webdo.tn\/fr\/#\/schema\/logo\/image\/"},"sameAs":["https:\/\/www.facebook.com\/webdotn","https:\/\/x.com\/webdo_tn"],"description":"Webdo est un m\u00e9dia num\u00e9rique tunisien fond\u00e9 en 2010, sp\u00e9cialis\u00e9 dans l\u2019actualit\u00e9 nationale et internationale, l\u2019\u00e9conomie, la soci\u00e9t\u00e9 et les analyses politiques. Le site s\u2019adresse \u00e0 un large public francophone et couvre l\u2019information tunisienne en temps r\u00e9el.","email":"redac@webdo.tn","legalName":"YNJ SARL","foundingDate":"2010-09-06","numberOfEmployees":{"@type":"QuantitativeValue","minValue":"11","maxValue":"50"}},{"@type":"Person","@id":"https:\/\/www.webdo.tn\/fr\/#\/schema\/person\/9a9c6118d687c117df8ef3cc36a4d175","name":"webdo.tn","image":{"@type":"ImageObject","inLanguage":"fr-FR","@id":"https:\/\/secure.gravatar.com\/avatar\/7ce1f28c0c3bbac99ff550b85ef8e44a6950c6ee24514fb6a5489e51d06f0298?s=96&d=mm&r=g","url":"https:\/\/secure.gravatar.com\/avatar\/7ce1f28c0c3bbac99ff550b85ef8e44a6950c6ee24514fb6a5489e51d06f0298?s=96&d=mm&r=g","contentUrl":"https:\/\/secure.gravatar.com\/avatar\/7ce1f28c0c3bbac99ff550b85ef8e44a6950c6ee24514fb6a5489e51d06f0298?s=96&d=mm&r=g","caption":"webdo.tn"},"url":"https:\/\/www.webdo.tn\/fr\/actualite\/author\/webdotn\/"}]}},"_links":{"self":[{"href":"https:\/\/www.webdo.tn\/fr\/wp-json\/wp\/v2\/posts\/184255","targetHints":{"allow":["GET"]}}],"collection":[{"href":"https:\/\/www.webdo.tn\/fr\/wp-json\/wp\/v2\/posts"}],"about":[{"href":"https:\/\/www.webdo.tn\/fr\/wp-json\/wp\/v2\/types\/post"}],"author":[{"embeddable":true,"href":"https:\/\/www.webdo.tn\/fr\/wp-json\/wp\/v2\/users\/3222"}],"replies":[{"embeddable":true,"href":"https:\/\/www.webdo.tn\/fr\/wp-json\/wp\/v2\/comments?post=184255"}],"version-history":[{"count":0,"href":"https:\/\/www.webdo.tn\/fr\/wp-json\/wp\/v2\/posts\/184255\/revisions"}],"wp:featuredmedia":[{"embeddable":true,"href":"https:\/\/www.webdo.tn\/fr\/wp-json\/wp\/v2\/media\/330893"}],"wp:attachment":[{"href":"https:\/\/www.webdo.tn\/fr\/wp-json\/wp\/v2\/media?parent=184255"}],"wp:term":[{"taxonomy":"category","embeddable":true,"href":"https:\/\/www.webdo.tn\/fr\/wp-json\/wp\/v2\/categories?post=184255"},{"taxonomy":"post_tag","embeddable":true,"href":"https:\/\/www.webdo.tn\/fr\/wp-json\/wp\/v2\/tags?post=184255"}],"curies":[{"name":"wp","href":"https:\/\/api.w.org\/{rel}","templated":true}]}}